{"id":56648,"date":"2022-01-07T05:00:20","date_gmt":"2022-01-07T04:00:20","guid":{"rendered":"https:\/\/vosgesinfo.fr\/gerardmerinfo\/2022\/01\/asg-volley-2-matchs-y-voir-plus-clair-se-remettre-ordre-de-bataille\/"},"modified":"2022-01-07T05:00:20","modified_gmt":"2022-01-07T04:00:20","slug":"asg-volley-2-matchs-y-voir-plus-clair-se-remettre-ordre-de-bataille","status":"publish","type":"post","link":"https:\/\/vosgesinfo.fr\/gerardmerinfo\/2022\/01\/asg-volley-2-matchs-y-voir-plus-clair-se-remettre-ordre-de-bataille\/","title":{"rendered":"ASG Volley : 2 matchs pour y voir plus clair et se remettre en ordre de bataille"},"content":{"rendered":"<p><a href=\"\/2021\/10\/ASG-Volley-N2-vs-Charenton-2021-2022-3.jpg\"><img decoding=\"async\" class=\"aligncenter size-medium wp-image-180895\" src=\"\/2021\/10\/ASG-Volley-N2-vs-Charenton-2021-2022-3-340x255.jpg\" alt=\"ASG Volley N2 vs Charenton 2021 2022 (3)\" width=\"340\" height=\"255\" \/><\/a><\/p>\n<p>Apr\u00e8s avoir encha\u00een\u00e9 6 d\u00e9faites de rang \u00e0 la surprise g\u00e9n\u00e9rale et surtout au grand dam de ses fans, l&rsquo;\u00e9quipe fanion de l&rsquo;AS G\u00e9rardmer Volley sera de retour sur les parquets les 16 et 23 janvier prochains avec un effectif enfin au complet pour cl\u00f4turer la phase aller de ce championnat de N2.<\/p>\n<p>C&rsquo;\u00e9tait un peu la soupe \u00e0 la grimace en cette fin d&rsquo;ann\u00e9e 2021 pour les volleyeurs g\u00e9r\u00f4mois dont on attendait forc\u00e9ment mieux, eux qui avaient pris go\u00fbt \u00e0 la victoire ces derni\u00e8res ann\u00e9es et qui avaient l&rsquo;habitude de r\u00e9galer son public \u00e0 la maison&#8230; Mais voil\u00e0, les hommes de J\u00e9r\u00f4me Jan se sont un peu pris les pieds dans le tapis dans cette premi\u00e8re partie de saison qui n&rsquo;est d&rsquo;ailleurs pas tout \u00e0 fait finie puisqu&rsquo;il reste deux rencontres \u00ab\u00a0<em>pour y voir plus clair<\/em>\u00a0\u00bb pour reprendre les mots du coach J\u00e9r\u00f4me Jan. Le dimanche 16 janvier \u00e0 16 h 00, direction Strasbourg pour y affronter le SUC, \u00e9quipe que l&rsquo;ASG avait vaincu en phase de pr\u00e9paration. Mais les Vosgiens et les Alsaciens ne sont plus dans la m\u00eame dynamique ni dans le m\u00eame \u00e9tat d&rsquo;esprit actuellement, c&rsquo;est donc une petite mission commando qui s&rsquo;annonce pour les visiteurs&#8230; Une semaine plus tard, les G\u00e9r\u00f4mois accueilleront Maizi\u00e8res, une \u00e9quipe sans doute plus forte sur le papier mais \u00e0 qui les locaux esp\u00e8rent prendre en embuscade avec l&rsquo;aide de son public. Ce sera le dimanche 23 janvier \u00e0 15 h 00.<\/p>\n<p>Normalement, l&rsquo;ASG devrait enfin pouvoir s&rsquo;appuyer sur un effectif au complet avec le retour de blessure de Mathieu Dieudonn\u00e9 et celui de son pointu Simon Deiber qui s&rsquo;est montr\u00e9 bien en jambes \u00e0 l&rsquo;entra\u00eenement. \u00ab\u00a0<em>En gros, on a grill\u00e9 tous nos jokers. On voulait assurer les victoires contre les \u00e9quipes suppos\u00e9es plus faibles que nous et tenter l&rsquo;exploit contre les plus fortes, finalement on a fait tout le contraire, on s&rsquo;est compl\u00e8tement d\u00e9sunis contre les \u00e9quipes plus faibles sur le papier. En plus on a rarement jou\u00e9 au complet, ce qui fait que nous n&rsquo;avions pas beaucoup de solutions de rechange. \u00c7a a cass\u00e9 notre dynamique, et on s&rsquo;est peut-\u00eatre un peu cach\u00e9 derri\u00e8re les blessures&#8230; Mais au moins on sait ce qu&rsquo;on a mal fait \u00e0 l&rsquo;aller (&#8230;), et on ne joue pas sur notre valeur intrins\u00e8que, m\u00eame si quand \u00e7a commence \u00e0 durer, on se pose forc\u00e9ment des questions<\/em>\u00ab\u00a0, analyse J\u00e9r\u00f4me Jan pour qui son \u00e9quipe est d\u00e9sormais dans le dur psychologiquement plus que physiquement. Il va donc falloir faire \u00e0 nouveau preuve de beaucoup d&rsquo;investissement, d&rsquo;abn\u00e9gation et de combativit\u00e9 pour sortir la t\u00eate de l&rsquo;eau et bien figurer lors de la derni\u00e8re ligne droite de cette phase aller. Apr\u00e8s un break de 15 jours suite \u00e0 la d\u00e9faite du 4 d\u00e9cembre dernier, puis des entra\u00eenements all\u00e9g\u00e9s pendant les vacances de No\u00ebl, les G\u00e9r\u00f4mois vont se remettre s\u00e9rieusement au travail pour esp\u00e9rer se relancer en championnat&#8230; C&rsquo;est tout ce qu&rsquo;on leur souhaite pour cette ann\u00e9e 2022 !<\/p>\n","protected":false},"excerpt":{"rendered":"<p>Apr\u00e8s avoir encha\u00een\u00e9 6 d\u00e9faites de rang \u00e0 la surprise g\u00e9n\u00e9rale et surtout au grand dam de ses fans, l&rsquo;\u00e9quipe [&hellip;]<\/p>\n","protected":false},"author":42,"featured_media":2952,"comment_status":"open","ping_status":"open","sticky":false,"template":"","format":"standard","meta":{"footnotes":""},"categories":[20,25,14],"tags":[],"class_list":["post-56648","post","type-post","status-publish","format-standard","has-post-thumbnail","hentry","category-a-la-une","category-gerardmer","category-sport"],"acf":[],"yoast_head":"<!-- This site is optimized with the Yoast SEO plugin v22.5 - https:\/\/yoast.com\/wordpress\/plugins\/seo\/ -->\n<title>ASG Volley : 2 matchs pour y voir plus clair et se remettre en ordre de bataille - Gerardmer Info<\/title>\n<meta name=\"robots\" content=\"index, follow, max-snippet:-1, max-image-preview:large, max-video-preview:-1\" \/>\n<link rel=\"canonical\" href=\"https:\/\/vosgesinfo.fr\/gerardmerinfo\/2022\/01\/asg-volley-2-matchs-y-voir-plus-clair-se-remettre-ordre-de-bataille\/\" \/>\n<meta name=\"twitter:card\" content=\"summary_large_image\" \/>\n<meta name=\"twitter:title\" content=\"ASG Volley : 2 matchs pour y voir plus clair et se remettre en ordre de bataille - Gerardmer Info\" \/>\n<meta name=\"twitter:description\" content=\"Apr\u00e8s avoir encha\u00een\u00e9 6 d\u00e9faites de rang \u00e0 la surprise g\u00e9n\u00e9rale et surtout au grand dam de ses fans, l&rsquo;\u00e9quipe [&hellip;]\" \/>\n<meta name=\"twitter:image\" content=\"https:\/\/vosgesinfo.fr\/app\/uploads\/sites\/6\/2021\/10\/asg-volley-n2-vs-charenton-2021-2022-3.jpg\" \/>\n<meta name=\"twitter:creator\" content=\"@VosgesInfo88\" \/>\n<meta name=\"twitter:site\" content=\"@VosgesInfo88\" \/>\n<meta name=\"twitter:label1\" content=\"\u00c9crit par\" \/>\n\t<meta name=\"twitter:data1\" content=\"QG\" \/>\n\t<meta name=\"twitter:label2\" content=\"Dur\u00e9e de lecture estim\u00e9e\" \/>\n\t<meta name=\"twitter:data2\" content=\"3 minutes\" \/>\n<script type=\"application\/ld+json\" class=\"yoast-schema-graph\">{\"@context\":\"https:\/\/schema.org\",\"@graph\":[{\"@type\":\"Article\",\"@id\":\"https:\/\/vosgesinfo.fr\/gerardmerinfo\/2022\/01\/asg-volley-2-matchs-y-voir-plus-clair-se-remettre-ordre-de-bataille\/#article\",\"isPartOf\":{\"@id\":\"https:\/\/vosgesinfo.fr\/gerardmerinfo\/2022\/01\/asg-volley-2-matchs-y-voir-plus-clair-se-remettre-ordre-de-bataille\/\"},\"author\":{\"name\":\"QG\",\"@id\":\"https:\/\/vosgesinfo.fr\/gerardmerinfo\/#\/schema\/person\/db5605779a843dad16b5368f3e7613a5\"},\"headline\":\"ASG Volley : 2 matchs pour y voir plus clair et se remettre en ordre de bataille\",\"datePublished\":\"2022-01-07T04:00:20+00:00\",\"dateModified\":\"2022-01-07T04:00:20+00:00\",\"mainEntityOfPage\":{\"@id\":\"https:\/\/vosgesinfo.fr\/gerardmerinfo\/2022\/01\/asg-volley-2-matchs-y-voir-plus-clair-se-remettre-ordre-de-bataille\/\"},\"wordCount\":559,\"commentCount\":0,\"publisher\":{\"@id\":\"https:\/\/vosgesinfo.fr\/gerardmerinfo\/#organization\"},\"image\":{\"@id\":\"https:\/\/vosgesinfo.fr\/gerardmerinfo\/2022\/01\/asg-volley-2-matchs-y-voir-plus-clair-se-remettre-ordre-de-bataille\/#primaryimage\"},\"thumbnailUrl\":\"https:\/\/vosgesinfo.fr\/app\/uploads\/sites\/6\/2021\/10\/asg-volley-n2-vs-charenton-2021-2022-3.jpg\",\"articleSection\":[\"A la une\",\"G\u00e9rardmer\",\"Sport\"],\"inLanguage\":\"fr-FR\",\"potentialAction\":[{\"@type\":\"CommentAction\",\"name\":\"Comment\",\"target\":[\"https:\/\/vosgesinfo.fr\/gerardmerinfo\/2022\/01\/asg-volley-2-matchs-y-voir-plus-clair-se-remettre-ordre-de-bataille\/#respond\"]}]},{\"@type\":\"WebPage\",\"@id\":\"https:\/\/vosgesinfo.fr\/gerardmerinfo\/2022\/01\/asg-volley-2-matchs-y-voir-plus-clair-se-remettre-ordre-de-bataille\/\",\"url\":\"https:\/\/vosgesinfo.fr\/gerardmerinfo\/2022\/01\/asg-volley-2-matchs-y-voir-plus-clair-se-remettre-ordre-de-bataille\/\",\"name\":\"ASG Volley : 2 matchs pour y voir plus clair et se remettre en ordre de bataille - Gerardmer Info\",\"isPartOf\":{\"@id\":\"https:\/\/vosgesinfo.fr\/gerardmerinfo\/#website\"},\"primaryImageOfPage\":{\"@id\":\"https:\/\/vosgesinfo.fr\/gerardmerinfo\/2022\/01\/asg-volley-2-matchs-y-voir-plus-clair-se-remettre-ordre-de-bataille\/#primaryimage\"},\"image\":{\"@id\":\"https:\/\/vosgesinfo.fr\/gerardmerinfo\/2022\/01\/asg-volley-2-matchs-y-voir-plus-clair-se-remettre-ordre-de-bataille\/#primaryimage\"},\"thumbnailUrl\":\"https:\/\/vosgesinfo.fr\/app\/uploads\/sites\/6\/2021\/10\/asg-volley-n2-vs-charenton-2021-2022-3.jpg\",\"datePublished\":\"2022-01-07T04:00:20+00:00\",\"dateModified\":\"2022-01-07T04:00:20+00:00\",\"breadcrumb\":{\"@id\":\"https:\/\/vosgesinfo.fr\/gerardmerinfo\/2022\/01\/asg-volley-2-matchs-y-voir-plus-clair-se-remettre-ordre-de-bataille\/#breadcrumb\"},\"inLanguage\":\"fr-FR\",\"potentialAction\":[{\"@type\":\"ReadAction\",\"target\":[\"https:\/\/vosgesinfo.fr\/gerardmerinfo\/2022\/01\/asg-volley-2-matchs-y-voir-plus-clair-se-remettre-ordre-de-bataille\/\"]}]},{\"@type\":\"ImageObject\",\"inLanguage\":\"fr-FR\",\"@id\":\"https:\/\/vosgesinfo.fr\/gerardmerinfo\/2022\/01\/asg-volley-2-matchs-y-voir-plus-clair-se-remettre-ordre-de-bataille\/#primaryimage\",\"url\":\"https:\/\/vosgesinfo.fr\/app\/uploads\/sites\/6\/2021\/10\/asg-volley-n2-vs-charenton-2021-2022-3.jpg\",\"contentUrl\":\"https:\/\/vosgesinfo.fr\/app\/uploads\/sites\/6\/2021\/10\/asg-volley-n2-vs-charenton-2021-2022-3.jpg\"},{\"@type\":\"BreadcrumbList\",\"@id\":\"https:\/\/vosgesinfo.fr\/gerardmerinfo\/2022\/01\/asg-volley-2-matchs-y-voir-plus-clair-se-remettre-ordre-de-bataille\/#breadcrumb\",\"itemListElement\":[{\"@type\":\"ListItem\",\"position\":1,\"name\":\"Home\",\"item\":\"https:\/\/vosgesinfo.fr\/gerardmerinfo\/\"},{\"@type\":\"ListItem\",\"position\":2,\"name\":\"ASG Volley : 2 matchs pour y voir plus clair et se remettre en ordre de bataille\"}]},{\"@type\":\"WebSite\",\"@id\":\"https:\/\/vosgesinfo.fr\/gerardmerinfo\/#website\",\"url\":\"https:\/\/vosgesinfo.fr\/gerardmerinfo\/\",\"name\":\"Gerardmer Info\",\"description\":\"Toute l&#039;actualit\u00e9 de G\u00e9rardmer\",\"publisher\":{\"@id\":\"https:\/\/vosgesinfo.fr\/gerardmerinfo\/#organization\"},\"alternateName\":\"Toute l'actualit\u00e9 de G\u00e9rardmer\",\"potentialAction\":[{\"@type\":\"SearchAction\",\"target\":{\"@type\":\"EntryPoint\",\"urlTemplate\":\"https:\/\/vosgesinfo.fr\/gerardmerinfo\/?s={search_term_string}\"},\"query-input\":\"required name=search_term_string\"}],\"inLanguage\":\"fr-FR\"},{\"@type\":\"Organization\",\"@id\":\"https:\/\/vosgesinfo.fr\/gerardmerinfo\/#organization\",\"name\":\"Gerardmer Info\",\"url\":\"https:\/\/vosgesinfo.fr\/gerardmerinfo\/\",\"logo\":{\"@type\":\"ImageObject\",\"inLanguage\":\"fr-FR\",\"@id\":\"https:\/\/vosgesinfo.fr\/gerardmerinfo\/#\/schema\/logo\/image\/\",\"url\":\"https:\/\/vosgesinfo.fr\/app\/uploads\/sites\/6\/2023\/08\/favicon-gerardmerinfo.png\",\"contentUrl\":\"https:\/\/vosgesinfo.fr\/app\/uploads\/sites\/6\/2023\/08\/favicon-gerardmerinfo.png\",\"width\":512,\"height\":512,\"caption\":\"Gerardmer Info\"},\"image\":{\"@id\":\"https:\/\/vosgesinfo.fr\/gerardmerinfo\/#\/schema\/logo\/image\/\"},\"sameAs\":[\"https:\/\/www.facebook.com\/profile.php?id=100049475262660\",\"https:\/\/x.com\/VosgesInfo88\",\"https:\/\/www.youtube.com\/@vosgesinfo\"]},{\"@type\":\"Person\",\"@id\":\"https:\/\/vosgesinfo.fr\/gerardmerinfo\/#\/schema\/person\/db5605779a843dad16b5368f3e7613a5\",\"name\":\"QG\",\"image\":{\"@type\":\"ImageObject\",\"inLanguage\":\"fr-FR\",\"@id\":\"https:\/\/vosgesinfo.fr\/gerardmerinfo\/#\/schema\/person\/image\/\",\"url\":\"https:\/\/secure.gravatar.com\/avatar\/ea80c42c204b534408512832fde52504ecabb9706bcb6151cf6175e5b64e6793?s=96&d=mm&r=g\",\"contentUrl\":\"https:\/\/secure.gravatar.com\/avatar\/ea80c42c204b534408512832fde52504ecabb9706bcb6151cf6175e5b64e6793?s=96&d=mm&r=g\",\"caption\":\"QG\"},\"url\":\"https:\/\/vosgesinfo.fr\/gerardmerinfo\/author\/quentin88\/\"}]}<\/script>\n<!-- \/ Yoast SEO plugin. -->","yoast_head_json":{"title":"ASG Volley : 2 matchs pour y voir plus clair et se remettre en ordre de bataille - Gerardmer Info","robots":{"index":"index","follow":"follow","max-snippet":"max-snippet:-1","max-image-preview":"max-image-preview:large","max-video-preview":"max-video-preview:-1"},"canonical":"https:\/\/vosgesinfo.fr\/gerardmerinfo\/2022\/01\/asg-volley-2-matchs-y-voir-plus-clair-se-remettre-ordre-de-bataille\/","twitter_card":"summary_large_image","twitter_title":"ASG Volley : 2 matchs pour y voir plus clair et se remettre en ordre de bataille - Gerardmer Info","twitter_description":"Apr\u00e8s avoir encha\u00een\u00e9 6 d\u00e9faites de rang \u00e0 la surprise g\u00e9n\u00e9rale et surtout au grand dam de ses fans, l&rsquo;\u00e9quipe [&hellip;]","twitter_image":"https:\/\/vosgesinfo.fr\/app\/uploads\/sites\/6\/2021\/10\/asg-volley-n2-vs-charenton-2021-2022-3.jpg","twitter_creator":"@VosgesInfo88","twitter_site":"@VosgesInfo88","twitter_misc":{"\u00c9crit par":"QG","Dur\u00e9e de lecture estim\u00e9e":"3 minutes"},"schema":{"@context":"https:\/\/schema.org","@graph":[{"@type":"Article","@id":"https:\/\/vosgesinfo.fr\/gerardmerinfo\/2022\/01\/asg-volley-2-matchs-y-voir-plus-clair-se-remettre-ordre-de-bataille\/#article","isPartOf":{"@id":"https:\/\/vosgesinfo.fr\/gerardmerinfo\/2022\/01\/asg-volley-2-matchs-y-voir-plus-clair-se-remettre-ordre-de-bataille\/"},"author":{"name":"QG","@id":"https:\/\/vosgesinfo.fr\/gerardmerinfo\/#\/schema\/person\/db5605779a843dad16b5368f3e7613a5"},"headline":"ASG Volley : 2 matchs pour y voir plus clair et se remettre en ordre de bataille","datePublished":"2022-01-07T04:00:20+00:00","dateModified":"2022-01-07T04:00:20+00:00","mainEntityOfPage":{"@id":"https:\/\/vosgesinfo.fr\/gerardmerinfo\/2022\/01\/asg-volley-2-matchs-y-voir-plus-clair-se-remettre-ordre-de-bataille\/"},"wordCount":559,"commentCount":0,"publisher":{"@id":"https:\/\/vosgesinfo.fr\/gerardmerinfo\/#organization"},"image":{"@id":"https:\/\/vosgesinfo.fr\/gerardmerinfo\/2022\/01\/asg-volley-2-matchs-y-voir-plus-clair-se-remettre-ordre-de-bataille\/#primaryimage"},"thumbnailUrl":"https:\/\/vosgesinfo.fr\/app\/uploads\/sites\/6\/2021\/10\/asg-volley-n2-vs-charenton-2021-2022-3.jpg","articleSection":["A la une","G\u00e9rardmer","Sport"],"inLanguage":"fr-FR","potentialAction":[{"@type":"CommentAction","name":"Comment","target":["https:\/\/vosgesinfo.fr\/gerardmerinfo\/2022\/01\/asg-volley-2-matchs-y-voir-plus-clair-se-remettre-ordre-de-bataille\/#respond"]}]},{"@type":"WebPage","@id":"https:\/\/vosgesinfo.fr\/gerardmerinfo\/2022\/01\/asg-volley-2-matchs-y-voir-plus-clair-se-remettre-ordre-de-bataille\/","url":"https:\/\/vosgesinfo.fr\/gerardmerinfo\/2022\/01\/asg-volley-2-matchs-y-voir-plus-clair-se-remettre-ordre-de-bataille\/","name":"ASG Volley : 2 matchs pour y voir plus clair et se remettre en ordre de bataille - Gerardmer Info","isPartOf":{"@id":"https:\/\/vosgesinfo.fr\/gerardmerinfo\/#website"},"primaryImageOfPage":{"@id":"https:\/\/vosgesinfo.fr\/gerardmerinfo\/2022\/01\/asg-volley-2-matchs-y-voir-plus-clair-se-remettre-ordre-de-bataille\/#primaryimage"},"image":{"@id":"https:\/\/vosgesinfo.fr\/gerardmerinfo\/2022\/01\/asg-volley-2-matchs-y-voir-plus-clair-se-remettre-ordre-de-bataille\/#primaryimage"},"thumbnailUrl":"https:\/\/vosgesinfo.fr\/app\/uploads\/sites\/6\/2021\/10\/asg-volley-n2-vs-charenton-2021-2022-3.jpg","datePublished":"2022-01-07T04:00:20+00:00","dateModified":"2022-01-07T04:00:20+00:00","breadcrumb":{"@id":"https:\/\/vosgesinfo.fr\/gerardmerinfo\/2022\/01\/asg-volley-2-matchs-y-voir-plus-clair-se-remettre-ordre-de-bataille\/#breadcrumb"},"inLanguage":"fr-FR","potentialAction":[{"@type":"ReadAction","target":["https:\/\/vosgesinfo.fr\/gerardmerinfo\/2022\/01\/asg-volley-2-matchs-y-voir-plus-clair-se-remettre-ordre-de-bataille\/"]}]},{"@type":"ImageObject","inLanguage":"fr-FR","@id":"https:\/\/vosgesinfo.fr\/gerardmerinfo\/2022\/01\/asg-volley-2-matchs-y-voir-plus-clair-se-remettre-ordre-de-bataille\/#primaryimage","url":"https:\/\/vosgesinfo.fr\/app\/uploads\/sites\/6\/2021\/10\/asg-volley-n2-vs-charenton-2021-2022-3.jpg","contentUrl":"https:\/\/vosgesinfo.fr\/app\/uploads\/sites\/6\/2021\/10\/asg-volley-n2-vs-charenton-2021-2022-3.jpg"},{"@type":"BreadcrumbList","@id":"https:\/\/vosgesinfo.fr\/gerardmerinfo\/2022\/01\/asg-volley-2-matchs-y-voir-plus-clair-se-remettre-ordre-de-bataille\/#breadcrumb","itemListElement":[{"@type":"ListItem","position":1,"name":"Home","item":"https:\/\/vosgesinfo.fr\/gerardmerinfo\/"},{"@type":"ListItem","position":2,"name":"ASG Volley : 2 matchs pour y voir plus clair et se remettre en ordre de bataille"}]},{"@type":"WebSite","@id":"https:\/\/vosgesinfo.fr\/gerardmerinfo\/#website","url":"https:\/\/vosgesinfo.fr\/gerardmerinfo\/","name":"Gerardmer Info","description":"Toute l&#039;actualit\u00e9 de G\u00e9rardmer","publisher":{"@id":"https:\/\/vosgesinfo.fr\/gerardmerinfo\/#organization"},"alternateName":"Toute l'actualit\u00e9 de G\u00e9rardmer","potentialAction":[{"@type":"SearchAction","target":{"@type":"EntryPoint","urlTemplate":"https:\/\/vosgesinfo.fr\/gerardmerinfo\/?s={search_term_string}"},"query-input":"required name=search_term_string"}],"inLanguage":"fr-FR"},{"@type":"Organization","@id":"https:\/\/vosgesinfo.fr\/gerardmerinfo\/#organization","name":"Gerardmer Info","url":"https:\/\/vosgesinfo.fr\/gerardmerinfo\/","logo":{"@type":"ImageObject","inLanguage":"fr-FR","@id":"https:\/\/vosgesinfo.fr\/gerardmerinfo\/#\/schema\/logo\/image\/","url":"https:\/\/vosgesinfo.fr\/app\/uploads\/sites\/6\/2023\/08\/favicon-gerardmerinfo.png","contentUrl":"https:\/\/vosgesinfo.fr\/app\/uploads\/sites\/6\/2023\/08\/favicon-gerardmerinfo.png","width":512,"height":512,"caption":"Gerardmer Info"},"image":{"@id":"https:\/\/vosgesinfo.fr\/gerardmerinfo\/#\/schema\/logo\/image\/"},"sameAs":["https:\/\/www.facebook.com\/profile.php?id=100049475262660","https:\/\/x.com\/VosgesInfo88","https:\/\/www.youtube.com\/@vosgesinfo"]},{"@type":"Person","@id":"https:\/\/vosgesinfo.fr\/gerardmerinfo\/#\/schema\/person\/db5605779a843dad16b5368f3e7613a5","name":"QG","image":{"@type":"ImageObject","inLanguage":"fr-FR","@id":"https:\/\/vosgesinfo.fr\/gerardmerinfo\/#\/schema\/person\/image\/","url":"https:\/\/secure.gravatar.com\/avatar\/ea80c42c204b534408512832fde52504ecabb9706bcb6151cf6175e5b64e6793?s=96&d=mm&r=g","contentUrl":"https:\/\/secure.gravatar.com\/avatar\/ea80c42c204b534408512832fde52504ecabb9706bcb6151cf6175e5b64e6793?s=96&d=mm&r=g","caption":"QG"},"url":"https:\/\/vosgesinfo.fr\/gerardmerinfo\/author\/quentin88\/"}]}},"_links":{"self":[{"href":"https:\/\/vosgesinfo.fr\/gerardmerinfo\/wp-json\/wp\/v2\/posts\/56648","targetHints":{"allow":["GET"]}}],"collection":[{"href":"https:\/\/vosgesinfo.fr\/gerardmerinfo\/wp-json\/wp\/v2\/posts"}],"about":[{"href":"https:\/\/vosgesinfo.fr\/gerardmerinfo\/wp-json\/wp\/v2\/types\/post"}],"author":[{"embeddable":true,"href":"https:\/\/vosgesinfo.fr\/gerardmerinfo\/wp-json\/wp\/v2\/users\/42"}],"replies":[{"embeddable":true,"href":"https:\/\/vosgesinfo.fr\/gerardmerinfo\/wp-json\/wp\/v2\/comments?post=56648"}],"version-history":[{"count":0,"href":"https:\/\/vosgesinfo.fr\/gerardmerinfo\/wp-json\/wp\/v2\/posts\/56648\/revisions"}],"wp:featuredmedia":[{"embeddable":true,"href":"https:\/\/vosgesinfo.fr\/gerardmerinfo\/wp-json\/wp\/v2\/media\/2952"}],"wp:attachment":[{"href":"https:\/\/vosgesinfo.fr\/gerardmerinfo\/wp-json\/wp\/v2\/media?parent=56648"}],"wp:term":[{"taxonomy":"category","embeddable":true,"href":"https:\/\/vosgesinfo.fr\/gerardmerinfo\/wp-json\/wp\/v2\/categories?post=56648"},{"taxonomy":"post_tag","embeddable":true,"href":"https:\/\/vosgesinfo.fr\/gerardmerinfo\/wp-json\/wp\/v2\/tags?post=56648"}],"curies":[{"name":"wp","href":"https:\/\/api.w.org\/{rel}","templated":true}]}}