{"id":56672,"date":"2022-01-06T05:00:48","date_gmt":"2022-01-06T04:00:48","guid":{"rendered":"https:\/\/vosgesinfo.fr\/gerardmerinfo\/2022\/01\/fragments-folk-cine-concert-a-mcl-de-gerardmer\/"},"modified":"2022-01-06T05:00:48","modified_gmt":"2022-01-06T04:00:48","slug":"fragments-folk-cine-concert-a-mcl-de-gerardmer","status":"publish","type":"post","link":"https:\/\/vosgesinfo.fr\/gerardmerinfo\/2022\/01\/fragments-folk-cine-concert-a-mcl-de-gerardmer\/","title":{"rendered":"\u00abFRAGMENTS FOLK\u00bb : cin\u00e9 &#038; concert \u00e0 la MCL de G\u00e9rardmer"},"content":{"rendered":"<h3><span style=\"color: #000000;\"><span style=\"font-size: 12pt;\">La premi\u00e8re date de l&rsquo;ann\u00e9e aura lieu le<\/span><span style=\"font-size: 12pt;\"><b> d<\/b><b>imanche 16 janvier<\/b><b> d\u00e8s 1<\/b><b>5<\/b><b>h<\/b><b>0<\/b><b>0 <\/b><\/span><span style=\"font-size: 12pt;\">en salle cin\u00e9ma de la MCL avec la projection du d<\/span><span style=\"font-size: 12pt;\"><b>ocumentaire \u00abFRAGMENT<\/b><b>S<\/b><b> FOLK<\/b><b>\u00bb en <\/b><\/span><span style=\"font-size: 12pt;\"><b>pr\u00e9sence de Thomas Lincker. Projection qui sera<\/b><\/span><span style=\"font-size: 12pt;\"><b> <\/b><b>suivie d\u2019un concert avec deux groupes de circonstance&#8230;<\/b><b><br \/>\n<\/b><\/span><\/span><\/h3>\n<p><span style=\"color: #000000; font-size: 12pt;\"><b><br \/>\n<a href=\"\/2022\/01\/JANVIER2.jpg\"><img decoding=\"async\" class=\"alignright size-medium wp-image-184375\" src=\"\/2022\/01\/JANVIER2-180x255.jpg\" alt=\"fragments folk mcl JANVIER2\" width=\"180\" height=\"255\" \/><\/a>Le programme :<br \/>\n<\/b><\/span><\/p>\n<p><span style=\"color: #000000; font-size: 12pt;\"><b>15h00 Fragments folk, un film de Thomas Lincker<\/b><\/span><\/p>\n<p><span style=\"color: #000000; font-size: 12pt;\">Un voyage en territoire folk \u00e0 travers la France et les \u00c9tats-Unis, ce film va \u00e0 la rencontre d\u2019une dizaine de musiciens, de \u00ab\u00a0songwriters\u00a0\u00bb, en France et aux \u00c9tats-Unis. Ces artistes, \u00e0 contre-courant des mod\u00e8les \u00e9conomiques dominants, nous font prendre conscience de notre propre rapport au monde aujourd\u2019hui et nous interpellent par la simplicit\u00e9 et l\u2019authenticit\u00e9 de leur d\u00e9marche&#8230;<b><\/b><\/span><\/p>\n<p><b>Suivi d&rsquo;un concert <\/b><b>en salle cin\u00e9<span style=\"color: #000000;\">ma<\/span><\/b><span style=\"color: #ce181e;\"><b><span style=\"color: #000000;\"> avec :<\/span><br \/>\n<\/b><\/span><b>O<\/b><span lang=\"fr-FR\"><i><b>h well \u2022 <\/b><\/i><\/span><span lang=\"fr-FR\"><i><b>B<\/b><\/i><\/span><span lang=\"fr-FR\"><i><b>lues <\/b><\/i><\/span><span lang=\"fr-FR\"><i><b>F<\/b><\/i><\/span><span lang=\"fr-FR\"><i><b>olk<\/b><\/i><\/span><\/p>\n<p align=\"left\"><span style=\"color: #000000; font-size: 12pt;\"><i>Le parcours de Oh Well, guitariste et chanteur, est une s\u00e9rie de voyages dans l&rsquo;univers des Musiques Traditionnelles Am\u00e9ricaines : du bluesman Robert Johnson \u00e0 Jeff Tweedy en passant par Bob Dylan&#8230; Une musique touchante et sinc\u00e8re, qui s&rsquo;inscrit dans la plus pure tradition folk.<br \/>\n<\/i><\/span><\/p>\n<p align=\"left\"><span style=\"color: #000000; font-size: 12pt;\"><i><b>Me &amp; the Molku Queen\u2022 Folk<\/b><\/i><\/span><\/p>\n<p align=\"left\"><span style=\"color: #000000; font-size: 12pt;\"><span style=\"color: #000000;\"><span lang=\"fr-FR\"><i>Une promenade dans un univers folk intimiste, m\u00e9lancolique, doux et amer, na\u00eff et introspectif. Une histoire de chansons, d&rsquo;amour et d&rsquo;\u00e9tats d&rsquo;\u00e2me&#8230;La d\u00e9sinvolture d\u2019Eef Barzelay alli\u00e9e \u00e0 la m\u00e9taphysique de Jeff Tweedy. \u00c0 d\u00e9guster&#8230;<\/i><\/span><\/span><span style=\"color: #ce181e;\"><b><br \/>\n<\/b><\/span><span style=\"color: #26282a;\"><span lang=\"fr-FR\"><b><br \/>\n<\/b><\/span><\/span><\/span><\/p>\n<p align=\"left\"><span style=\"font-size: 12pt;\"><b><span style=\"color: #000000;\"><i>Tarif Plein 8\u20ac \/ 6\u20ac Adh\u00e9rents MCL et moins de 26 ans \/ 3\u20ac moins de 12 ans<br \/>\nAchat des places en pr\u00e9-vente sur mclgerardmer.fr disponible d\u00e8s maintenant !<\/i><\/span><\/b><\/span><\/p>\n<p align=\"left\"><span style=\"font-size: 12pt;\"><b><span style=\"color: #000000;\"><i><a class=\"x_moz-txt-link-freetext\" href=\"https:\/\/www.facebook.com\/CONCERTMCL\" target=\"_blank\" rel=\"noopener noreferrer\" data-auth=\"NotApplicable\" data-linkindex=\"0\">https:\/\/www.facebook.com\/CONCERTMCL<\/a><\/i><\/span><\/b><\/span><\/p>\n<p align=\"left\"><span style=\"font-size: 12pt;\"><b><span style=\"color: #000000;\"><i><a class=\"x_moz-txt-link-freetext\" href=\"http:\/\/mclgerardmer.fr\/\" target=\"_blank\" rel=\"noopener noreferrer\" data-auth=\"NotApplicable\" data-linkindex=\"1\">http:\/\/mclgerardmer.fr\/<\/a><\/i><\/span><\/b><\/span><\/p>\n<p align=\"left\"><span style=\"font-size: 12pt;\"><b><span style=\"color: #000000;\"><i>Liens vers la Billetterie:<\/i><\/span><\/b><\/span><\/p>\n<p align=\"left\"><span style=\"color: #000000; font-size: 12pt;\"><i><a class=\"x_moz-txt-link-freetext\" href=\"https:\/\/www.ticketingcine.fr\/index.php?lang=fr&amp;nc=0707&amp;ids=6076\" target=\"_blank\" rel=\"noopener noreferrer\" data-auth=\"NotApplicable\" data-linkindex=\"2\">https:\/\/www.ticketingcine.fr\/index.php?lang=fr&amp;nc=0707&amp;ids=6076<\/a><\/i><\/span><\/p>\n","protected":false},"excerpt":{"rendered":"<p>La premi\u00e8re date de l&rsquo;ann\u00e9e aura lieu le dimanche 16 janvier d\u00e8s 15h00 en salle cin\u00e9ma de la MCL avec [&hellip;]<\/p>\n","protected":false},"author":1,"featured_media":56673,"comment_status":"open","ping_status":"open","sticky":false,"template":"","format":"standard","meta":{"footnotes":""},"categories":[20,34,4,25],"tags":[4818,103,4819],"class_list":["post-56672","post","type-post","status-publish","format-standard","has-post-thumbnail","hentry","category-a-la-une","category-concert","category-culture","category-gerardmer","tag-fragments-folk","tag-mcl-gerardmer","tag-thomas-lincker"],"acf":[],"yoast_head":"<!-- This site is optimized with the Yoast SEO plugin v22.5 - https:\/\/yoast.com\/wordpress\/plugins\/seo\/ -->\n<title>\u00abFRAGMENTS FOLK\u00bb : cin\u00e9 &amp; concert \u00e0 la MCL de G\u00e9rardmer - Gerardmer Info<\/title>\n<meta name=\"robots\" content=\"index, follow, max-snippet:-1, max-image-preview:large, max-video-preview:-1\" \/>\n<link rel=\"canonical\" href=\"https:\/\/vosgesinfo.fr\/gerardmerinfo\/2022\/01\/fragments-folk-cine-concert-a-mcl-de-gerardmer\/\" \/>\n<meta name=\"twitter:card\" content=\"summary_large_image\" \/>\n<meta name=\"twitter:title\" content=\"\u00abFRAGMENTS FOLK\u00bb : cin\u00e9 &amp; concert \u00e0 la MCL de G\u00e9rardmer - Gerardmer Info\" \/>\n<meta name=\"twitter:description\" content=\"La premi\u00e8re date de l&rsquo;ann\u00e9e aura lieu le dimanche 16 janvier d\u00e8s 15h00 en salle cin\u00e9ma de la MCL avec [&hellip;]\" \/>\n<meta name=\"twitter:image\" content=\"https:\/\/vosgesinfo.fr\/app\/uploads\/sites\/6\/2024\/07\/202201janvier2.jpg\" \/>\n<meta name=\"twitter:creator\" content=\"@VosgesInfo88\" \/>\n<meta name=\"twitter:site\" content=\"@VosgesInfo88\" \/>\n<meta name=\"twitter:label1\" content=\"\u00c9crit par\" \/>\n\t<meta name=\"twitter:data1\" content=\"qs_admin\" \/>\n\t<meta name=\"twitter:label2\" content=\"Dur\u00e9e de lecture estim\u00e9e\" \/>\n\t<meta name=\"twitter:data2\" content=\"1 minute\" \/>\n<script type=\"application\/ld+json\" class=\"yoast-schema-graph\">{\"@context\":\"https:\/\/schema.org\",\"@graph\":[{\"@type\":\"Article\",\"@id\":\"https:\/\/vosgesinfo.fr\/gerardmerinfo\/2022\/01\/fragments-folk-cine-concert-a-mcl-de-gerardmer\/#article\",\"isPartOf\":{\"@id\":\"https:\/\/vosgesinfo.fr\/gerardmerinfo\/2022\/01\/fragments-folk-cine-concert-a-mcl-de-gerardmer\/\"},\"author\":{\"name\":\"qs_admin\",\"@id\":\"https:\/\/vosgesinfo.fr\/gerardmerinfo\/#\/schema\/person\/bc5d02d71e6932e81b6dadb7386667b1\"},\"headline\":\"\u00abFRAGMENTS FOLK\u00bb : cin\u00e9 &#038; concert \u00e0 la MCL de G\u00e9rardmer\",\"datePublished\":\"2022-01-06T04:00:48+00:00\",\"dateModified\":\"2022-01-06T04:00:48+00:00\",\"mainEntityOfPage\":{\"@id\":\"https:\/\/vosgesinfo.fr\/gerardmerinfo\/2022\/01\/fragments-folk-cine-concert-a-mcl-de-gerardmer\/\"},\"wordCount\":293,\"commentCount\":0,\"publisher\":{\"@id\":\"https:\/\/vosgesinfo.fr\/gerardmerinfo\/#organization\"},\"image\":{\"@id\":\"https:\/\/vosgesinfo.fr\/gerardmerinfo\/2022\/01\/fragments-folk-cine-concert-a-mcl-de-gerardmer\/#primaryimage\"},\"thumbnailUrl\":\"https:\/\/vosgesinfo.fr\/app\/uploads\/sites\/6\/2024\/07\/202201janvier2.jpg\",\"keywords\":[\"Fragments Folk\",\"MCL G\u00e9rardmer\",\"Thomas Lincker\"],\"articleSection\":[\"A la une\",\"Concert\",\"Culture\",\"G\u00e9rardmer\"],\"inLanguage\":\"fr-FR\",\"potentialAction\":[{\"@type\":\"CommentAction\",\"name\":\"Comment\",\"target\":[\"https:\/\/vosgesinfo.fr\/gerardmerinfo\/2022\/01\/fragments-folk-cine-concert-a-mcl-de-gerardmer\/#respond\"]}]},{\"@type\":\"WebPage\",\"@id\":\"https:\/\/vosgesinfo.fr\/gerardmerinfo\/2022\/01\/fragments-folk-cine-concert-a-mcl-de-gerardmer\/\",\"url\":\"https:\/\/vosgesinfo.fr\/gerardmerinfo\/2022\/01\/fragments-folk-cine-concert-a-mcl-de-gerardmer\/\",\"name\":\"\u00abFRAGMENTS FOLK\u00bb : cin\u00e9 & concert \u00e0 la MCL de G\u00e9rardmer - Gerardmer Info\",\"isPartOf\":{\"@id\":\"https:\/\/vosgesinfo.fr\/gerardmerinfo\/#website\"},\"primaryImageOfPage\":{\"@id\":\"https:\/\/vosgesinfo.fr\/gerardmerinfo\/2022\/01\/fragments-folk-cine-concert-a-mcl-de-gerardmer\/#primaryimage\"},\"image\":{\"@id\":\"https:\/\/vosgesinfo.fr\/gerardmerinfo\/2022\/01\/fragments-folk-cine-concert-a-mcl-de-gerardmer\/#primaryimage\"},\"thumbnailUrl\":\"https:\/\/vosgesinfo.fr\/app\/uploads\/sites\/6\/2024\/07\/202201janvier2.jpg\",\"datePublished\":\"2022-01-06T04:00:48+00:00\",\"dateModified\":\"2022-01-06T04:00:48+00:00\",\"breadcrumb\":{\"@id\":\"https:\/\/vosgesinfo.fr\/gerardmerinfo\/2022\/01\/fragments-folk-cine-concert-a-mcl-de-gerardmer\/#breadcrumb\"},\"inLanguage\":\"fr-FR\",\"potentialAction\":[{\"@type\":\"ReadAction\",\"target\":[\"https:\/\/vosgesinfo.fr\/gerardmerinfo\/2022\/01\/fragments-folk-cine-concert-a-mcl-de-gerardmer\/\"]}]},{\"@type\":\"ImageObject\",\"inLanguage\":\"fr-FR\",\"@id\":\"https:\/\/vosgesinfo.fr\/gerardmerinfo\/2022\/01\/fragments-folk-cine-concert-a-mcl-de-gerardmer\/#primaryimage\",\"url\":\"https:\/\/vosgesinfo.fr\/app\/uploads\/sites\/6\/2024\/07\/202201janvier2.jpg\",\"contentUrl\":\"https:\/\/vosgesinfo.fr\/app\/uploads\/sites\/6\/2024\/07\/202201janvier2.jpg\",\"width\":1240,\"height\":1754},{\"@type\":\"BreadcrumbList\",\"@id\":\"https:\/\/vosgesinfo.fr\/gerardmerinfo\/2022\/01\/fragments-folk-cine-concert-a-mcl-de-gerardmer\/#breadcrumb\",\"itemListElement\":[{\"@type\":\"ListItem\",\"position\":1,\"name\":\"Home\",\"item\":\"https:\/\/vosgesinfo.fr\/gerardmerinfo\/\"},{\"@type\":\"ListItem\",\"position\":2,\"name\":\"\u00abFRAGMENTS FOLK\u00bb : cin\u00e9 &#038; concert \u00e0 la MCL de G\u00e9rardmer\"}]},{\"@type\":\"WebSite\",\"@id\":\"https:\/\/vosgesinfo.fr\/gerardmerinfo\/#website\",\"url\":\"https:\/\/vosgesinfo.fr\/gerardmerinfo\/\",\"name\":\"Gerardmer Info\",\"description\":\"Toute l&#039;actualit\u00e9 de G\u00e9rardmer\",\"publisher\":{\"@id\":\"https:\/\/vosgesinfo.fr\/gerardmerinfo\/#organization\"},\"alternateName\":\"Toute l'actualit\u00e9 de G\u00e9rardmer\",\"potentialAction\":[{\"@type\":\"SearchAction\",\"target\":{\"@type\":\"EntryPoint\",\"urlTemplate\":\"https:\/\/vosgesinfo.fr\/gerardmerinfo\/?s={search_term_string}\"},\"query-input\":\"required name=search_term_string\"}],\"inLanguage\":\"fr-FR\"},{\"@type\":\"Organization\",\"@id\":\"https:\/\/vosgesinfo.fr\/gerardmerinfo\/#organization\",\"name\":\"Gerardmer Info\",\"url\":\"https:\/\/vosgesinfo.fr\/gerardmerinfo\/\",\"logo\":{\"@type\":\"ImageObject\",\"inLanguage\":\"fr-FR\",\"@id\":\"https:\/\/vosgesinfo.fr\/gerardmerinfo\/#\/schema\/logo\/image\/\",\"url\":\"https:\/\/vosgesinfo.fr\/app\/uploads\/sites\/6\/2023\/08\/favicon-gerardmerinfo.png\",\"contentUrl\":\"https:\/\/vosgesinfo.fr\/app\/uploads\/sites\/6\/2023\/08\/favicon-gerardmerinfo.png\",\"width\":512,\"height\":512,\"caption\":\"Gerardmer Info\"},\"image\":{\"@id\":\"https:\/\/vosgesinfo.fr\/gerardmerinfo\/#\/schema\/logo\/image\/\"},\"sameAs\":[\"https:\/\/www.facebook.com\/profile.php?id=100049475262660\",\"https:\/\/x.com\/VosgesInfo88\",\"https:\/\/www.youtube.com\/@vosgesinfo\"]},{\"@type\":\"Person\",\"@id\":\"https:\/\/vosgesinfo.fr\/gerardmerinfo\/#\/schema\/person\/bc5d02d71e6932e81b6dadb7386667b1\",\"name\":\"qs_admin\",\"image\":{\"@type\":\"ImageObject\",\"inLanguage\":\"fr-FR\",\"@id\":\"https:\/\/vosgesinfo.fr\/gerardmerinfo\/#\/schema\/person\/image\/\",\"url\":\"https:\/\/secure.gravatar.com\/avatar\/94b18ee0ed79e4a42ea2f2931277b6841a8999fc6fde214600c78057cf1fe1de?s=96&d=mm&r=g\",\"contentUrl\":\"https:\/\/secure.gravatar.com\/avatar\/94b18ee0ed79e4a42ea2f2931277b6841a8999fc6fde214600c78057cf1fe1de?s=96&d=mm&r=g\",\"caption\":\"qs_admin\"},\"sameAs\":[\"https:\/\/vosgesinfo.fr\/wp\"],\"url\":\"https:\/\/vosgesinfo.fr\/gerardmerinfo\/author\/qs_admin\/\"}]}<\/script>\n<!-- \/ Yoast SEO plugin. -->","yoast_head_json":{"title":"\u00abFRAGMENTS FOLK\u00bb : cin\u00e9 & concert \u00e0 la MCL de G\u00e9rardmer - Gerardmer Info","robots":{"index":"index","follow":"follow","max-snippet":"max-snippet:-1","max-image-preview":"max-image-preview:large","max-video-preview":"max-video-preview:-1"},"canonical":"https:\/\/vosgesinfo.fr\/gerardmerinfo\/2022\/01\/fragments-folk-cine-concert-a-mcl-de-gerardmer\/","twitter_card":"summary_large_image","twitter_title":"\u00abFRAGMENTS FOLK\u00bb : cin\u00e9 & concert \u00e0 la MCL de G\u00e9rardmer - Gerardmer Info","twitter_description":"La premi\u00e8re date de l&rsquo;ann\u00e9e aura lieu le dimanche 16 janvier d\u00e8s 15h00 en salle cin\u00e9ma de la MCL avec [&hellip;]","twitter_image":"https:\/\/vosgesinfo.fr\/app\/uploads\/sites\/6\/2024\/07\/202201janvier2.jpg","twitter_creator":"@VosgesInfo88","twitter_site":"@VosgesInfo88","twitter_misc":{"\u00c9crit par":"qs_admin","Dur\u00e9e de lecture estim\u00e9e":"1 minute"},"schema":{"@context":"https:\/\/schema.org","@graph":[{"@type":"Article","@id":"https:\/\/vosgesinfo.fr\/gerardmerinfo\/2022\/01\/fragments-folk-cine-concert-a-mcl-de-gerardmer\/#article","isPartOf":{"@id":"https:\/\/vosgesinfo.fr\/gerardmerinfo\/2022\/01\/fragments-folk-cine-concert-a-mcl-de-gerardmer\/"},"author":{"name":"qs_admin","@id":"https:\/\/vosgesinfo.fr\/gerardmerinfo\/#\/schema\/person\/bc5d02d71e6932e81b6dadb7386667b1"},"headline":"\u00abFRAGMENTS FOLK\u00bb : cin\u00e9 &#038; concert \u00e0 la MCL de G\u00e9rardmer","datePublished":"2022-01-06T04:00:48+00:00","dateModified":"2022-01-06T04:00:48+00:00","mainEntityOfPage":{"@id":"https:\/\/vosgesinfo.fr\/gerardmerinfo\/2022\/01\/fragments-folk-cine-concert-a-mcl-de-gerardmer\/"},"wordCount":293,"commentCount":0,"publisher":{"@id":"https:\/\/vosgesinfo.fr\/gerardmerinfo\/#organization"},"image":{"@id":"https:\/\/vosgesinfo.fr\/gerardmerinfo\/2022\/01\/fragments-folk-cine-concert-a-mcl-de-gerardmer\/#primaryimage"},"thumbnailUrl":"https:\/\/vosgesinfo.fr\/app\/uploads\/sites\/6\/2024\/07\/202201janvier2.jpg","keywords":["Fragments Folk","MCL G\u00e9rardmer","Thomas Lincker"],"articleSection":["A la une","Concert","Culture","G\u00e9rardmer"],"inLanguage":"fr-FR","potentialAction":[{"@type":"CommentAction","name":"Comment","target":["https:\/\/vosgesinfo.fr\/gerardmerinfo\/2022\/01\/fragments-folk-cine-concert-a-mcl-de-gerardmer\/#respond"]}]},{"@type":"WebPage","@id":"https:\/\/vosgesinfo.fr\/gerardmerinfo\/2022\/01\/fragments-folk-cine-concert-a-mcl-de-gerardmer\/","url":"https:\/\/vosgesinfo.fr\/gerardmerinfo\/2022\/01\/fragments-folk-cine-concert-a-mcl-de-gerardmer\/","name":"\u00abFRAGMENTS FOLK\u00bb : cin\u00e9 & concert \u00e0 la MCL de G\u00e9rardmer - Gerardmer Info","isPartOf":{"@id":"https:\/\/vosgesinfo.fr\/gerardmerinfo\/#website"},"primaryImageOfPage":{"@id":"https:\/\/vosgesinfo.fr\/gerardmerinfo\/2022\/01\/fragments-folk-cine-concert-a-mcl-de-gerardmer\/#primaryimage"},"image":{"@id":"https:\/\/vosgesinfo.fr\/gerardmerinfo\/2022\/01\/fragments-folk-cine-concert-a-mcl-de-gerardmer\/#primaryimage"},"thumbnailUrl":"https:\/\/vosgesinfo.fr\/app\/uploads\/sites\/6\/2024\/07\/202201janvier2.jpg","datePublished":"2022-01-06T04:00:48+00:00","dateModified":"2022-01-06T04:00:48+00:00","breadcrumb":{"@id":"https:\/\/vosgesinfo.fr\/gerardmerinfo\/2022\/01\/fragments-folk-cine-concert-a-mcl-de-gerardmer\/#breadcrumb"},"inLanguage":"fr-FR","potentialAction":[{"@type":"ReadAction","target":["https:\/\/vosgesinfo.fr\/gerardmerinfo\/2022\/01\/fragments-folk-cine-concert-a-mcl-de-gerardmer\/"]}]},{"@type":"ImageObject","inLanguage":"fr-FR","@id":"https:\/\/vosgesinfo.fr\/gerardmerinfo\/2022\/01\/fragments-folk-cine-concert-a-mcl-de-gerardmer\/#primaryimage","url":"https:\/\/vosgesinfo.fr\/app\/uploads\/sites\/6\/2024\/07\/202201janvier2.jpg","contentUrl":"https:\/\/vosgesinfo.fr\/app\/uploads\/sites\/6\/2024\/07\/202201janvier2.jpg","width":1240,"height":1754},{"@type":"BreadcrumbList","@id":"https:\/\/vosgesinfo.fr\/gerardmerinfo\/2022\/01\/fragments-folk-cine-concert-a-mcl-de-gerardmer\/#breadcrumb","itemListElement":[{"@type":"ListItem","position":1,"name":"Home","item":"https:\/\/vosgesinfo.fr\/gerardmerinfo\/"},{"@type":"ListItem","position":2,"name":"\u00abFRAGMENTS FOLK\u00bb : cin\u00e9 &#038; concert \u00e0 la MCL de G\u00e9rardmer"}]},{"@type":"WebSite","@id":"https:\/\/vosgesinfo.fr\/gerardmerinfo\/#website","url":"https:\/\/vosgesinfo.fr\/gerardmerinfo\/","name":"Gerardmer Info","description":"Toute l&#039;actualit\u00e9 de G\u00e9rardmer","publisher":{"@id":"https:\/\/vosgesinfo.fr\/gerardmerinfo\/#organization"},"alternateName":"Toute l'actualit\u00e9 de G\u00e9rardmer","potentialAction":[{"@type":"SearchAction","target":{"@type":"EntryPoint","urlTemplate":"https:\/\/vosgesinfo.fr\/gerardmerinfo\/?s={search_term_string}"},"query-input":"required name=search_term_string"}],"inLanguage":"fr-FR"},{"@type":"Organization","@id":"https:\/\/vosgesinfo.fr\/gerardmerinfo\/#organization","name":"Gerardmer Info","url":"https:\/\/vosgesinfo.fr\/gerardmerinfo\/","logo":{"@type":"ImageObject","inLanguage":"fr-FR","@id":"https:\/\/vosgesinfo.fr\/gerardmerinfo\/#\/schema\/logo\/image\/","url":"https:\/\/vosgesinfo.fr\/app\/uploads\/sites\/6\/2023\/08\/favicon-gerardmerinfo.png","contentUrl":"https:\/\/vosgesinfo.fr\/app\/uploads\/sites\/6\/2023\/08\/favicon-gerardmerinfo.png","width":512,"height":512,"caption":"Gerardmer Info"},"image":{"@id":"https:\/\/vosgesinfo.fr\/gerardmerinfo\/#\/schema\/logo\/image\/"},"sameAs":["https:\/\/www.facebook.com\/profile.php?id=100049475262660","https:\/\/x.com\/VosgesInfo88","https:\/\/www.youtube.com\/@vosgesinfo"]},{"@type":"Person","@id":"https:\/\/vosgesinfo.fr\/gerardmerinfo\/#\/schema\/person\/bc5d02d71e6932e81b6dadb7386667b1","name":"qs_admin","image":{"@type":"ImageObject","inLanguage":"fr-FR","@id":"https:\/\/vosgesinfo.fr\/gerardmerinfo\/#\/schema\/person\/image\/","url":"https:\/\/secure.gravatar.com\/avatar\/94b18ee0ed79e4a42ea2f2931277b6841a8999fc6fde214600c78057cf1fe1de?s=96&d=mm&r=g","contentUrl":"https:\/\/secure.gravatar.com\/avatar\/94b18ee0ed79e4a42ea2f2931277b6841a8999fc6fde214600c78057cf1fe1de?s=96&d=mm&r=g","caption":"qs_admin"},"sameAs":["https:\/\/vosgesinfo.fr\/wp"],"url":"https:\/\/vosgesinfo.fr\/gerardmerinfo\/author\/qs_admin\/"}]}},"_links":{"self":[{"href":"https:\/\/vosgesinfo.fr\/gerardmerinfo\/wp-json\/wp\/v2\/posts\/56672","targetHints":{"allow":["GET"]}}],"collection":[{"href":"https:\/\/vosgesinfo.fr\/gerardmerinfo\/wp-json\/wp\/v2\/posts"}],"about":[{"href":"https:\/\/vosgesinfo.fr\/gerardmerinfo\/wp-json\/wp\/v2\/types\/post"}],"author":[{"embeddable":true,"href":"https:\/\/vosgesinfo.fr\/gerardmerinfo\/wp-json\/wp\/v2\/users\/1"}],"replies":[{"embeddable":true,"href":"https:\/\/vosgesinfo.fr\/gerardmerinfo\/wp-json\/wp\/v2\/comments?post=56672"}],"version-history":[{"count":0,"href":"https:\/\/vosgesinfo.fr\/gerardmerinfo\/wp-json\/wp\/v2\/posts\/56672\/revisions"}],"wp:featuredmedia":[{"embeddable":true,"href":"https:\/\/vosgesinfo.fr\/gerardmerinfo\/wp-json\/wp\/v2\/media\/56673"}],"wp:attachment":[{"href":"https:\/\/vosgesinfo.fr\/gerardmerinfo\/wp-json\/wp\/v2\/media?parent=56672"}],"wp:term":[{"taxonomy":"category","embeddable":true,"href":"https:\/\/vosgesinfo.fr\/gerardmerinfo\/wp-json\/wp\/v2\/categories?post=56672"},{"taxonomy":"post_tag","embeddable":true,"href":"https:\/\/vosgesinfo.fr\/gerardmerinfo\/wp-json\/wp\/v2\/tags?post=56672"}],"curies":[{"name":"wp","href":"https:\/\/api.w.org\/{rel}","templated":true}]}}