{"id":56706,"date":"2022-01-08T05:01:15","date_gmt":"2022-01-08T04:01:15","guid":{"rendered":"https:\/\/vosgesinfo.fr\/gerardmerinfo\/2022\/01\/latelier-carrelet-plus-dun-tour-sac\/"},"modified":"2022-01-08T05:01:15","modified_gmt":"2022-01-08T04:01:15","slug":"latelier-carrelet-plus-dun-tour-sac","status":"publish","type":"post","link":"https:\/\/vosgesinfo.fr\/gerardmerinfo\/2022\/01\/latelier-carrelet-plus-dun-tour-sac\/","title":{"rendered":"L&rsquo;Atelier du Carrelet : plus d\u2019un tour dans son sac"},"content":{"rendered":"<div id=\"attachment_184436\" style=\"width: 970px\" class=\"wp-caption aligncenter\"><a href=\"\/2022\/01\/Thomas-Pr\u00e9vost-.jpg\"><img decoding=\"async\" aria-describedby=\"caption-attachment-184436\" class=\"wp-image-184436 size-large\" src=\"\/2022\/01\/Thomas-Pr\u00e9vost--1024x768.jpg\" alt=\"Thomas Pr\u00e9vost\" width=\"960\" height=\"720\" \/><\/a><p id=\"caption-attachment-184436\" class=\"wp-caption-text\">Thomas Pr\u00e9vost<\/p><\/div>\n\n<p class=\"western\" align=\"left\"><b>Du Valtin \u00e0 Ban-sur-Meurthe en partant de Xonrupt-Longemer ou Plainfaing, le secteur regorge de petites perles, d\u2019artisans authentiques qui ne manqueront pas de vous surprendre par l\u2019originalit\u00e9 et la qualit\u00e9 de leurs cr\u00e9ations. Petite pause \u00e0 l\u2019Atelier du Carrelet situ\u00e9 au Valtin, sur l\u2019ancien site de la brasserie locale, avec un petit d\u00e9tour aux Ateliers de Sachemont. <\/b><\/p>\n<p class=\"western\" align=\"left\">En \u00ab\u00a0jach\u00e8re\u00a0\u00bb depuis quelques ann\u00e9es, le site de la brasserie a trouv\u00e9 un nouvel occupant et reprend vie sous l\u2019impulsion de Thomas Pr\u00e9vost et de son atelier de tournage sur bois. Originaire de Plainfaing, \u00e9lectricien et cordiste de m\u00e9tier, ce dernier a \u00ab\u00a0d\u00e9riv\u00e9 progressivement vers la charpente\u00a0\u00bb pour reprendre ses mots, puis la petite menuiserie avant de se tourner vers cette nouvelle activit\u00e9 de tourneur sur bois. \u00ab\u00a0On a finalement pas besoin de grand-chose pour travailler, c\u2019est pratique. (\u2026) \u00c7a m\u2019est tomb\u00e9 dessus un peu par hasard, la mati\u00e8re me pla\u00eet, c\u2019est tr\u00e8s int\u00e9ressant et j\u2019appr\u00e9cie le fait de travailler dans un atelier\u00a0\u00bb ajoute Thomas.<\/p>\n<p class=\"western\" align=\"left\">Apr\u00e8s un stage de formation \u00e0 la Bresse chez Gilles Galmiche et bient\u00f4t 4 ans \u00e0 se perfectionner, l\u2019artisan d\u00e9sormais bas\u00e9 au Valtin fait \u00e9galement profiter de ses comp\u00e9tences en accueillant r\u00e9guli\u00e8rement des stagiaires quand il ne travaille pas sur ses propres cr\u00e9ations\u00a0: \u00ab\u00a0Je fais de l\u2019utilitaire comme des assiettes, plats, mortiers, pilons, plateau etc. et beaucoup de luminaires en r\u00e9alisant des abat-jour en bois tr\u00e8s fin\u00a0\u00bb. Thomas travaille aussi avec une artisane qui fait du feutre, une vanni\u00e8re, ainsi qu\u2019une c\u00e9ramiste qui apportent parfois leur pierre \u00e0 l\u2019\u00e9difice sur certaines r\u00e9alisations. Le tourneur sur bois met ensuite ses talents d\u2019\u00e9lectricien \u00e0 profit pour monter des lampes originales \u00e0 la lumi\u00e8re douce et chaleureuse.<\/p>\n<div id=\"attachment_184438\" style=\"width: 350px\" class=\"wp-caption alignright\"><a href=\"\/2022\/01\/Yannick-Pr\u00e9vost-dans-la-boutique-des-Ateliers-de-Sachemont.jpg\"><img decoding=\"async\" aria-describedby=\"caption-attachment-184438\" class=\"size-medium wp-image-184438\" src=\"\/2022\/01\/Yannick-Pr\u00e9vost-dans-la-boutique-des-Ateliers-de-Sachemont-340x255.jpg\" alt=\"Yannick Pr\u00e9vost dans la boutique des Ateliers de Sachemont\" width=\"340\" height=\"255\" \/><\/a><p id=\"caption-attachment-184438\" class=\"wp-caption-text\">Yannick Pr\u00e9vost dans la boutique des Ateliers de Sachemont<\/p><\/div>\n<p class=\"western\" align=\"left\">Parfois, il s\u2019associe \u00e9galement avec son p\u00e8re Yannick, avec qui il a d\u2019ailleurs effectu\u00e9 son stage de tournage \u00e0 la Bresse, et qui a plus d\u2019une corde \u00e0 son arc. Ce dernier a \u00e9lu domicile dans les Ateliers de Sachemont \u00e0 Ban-Sur-Meurthe avec Antoine, fr\u00e8re de Thomas, qui lui est coutelier. Et bien s\u00fbr, les cr\u00e9ations du trio vous attendant dans la boutique des ateliers o\u00f9 vous aurez de quoi r\u00e9galer vos yeux et votre \u00e2me. L\u00e0 aussi, c\u2019est une nouvelle vie qui a \u00e9t\u00e9 offerte \u00e0 un b\u00e2timent qui accueillait autrefois les \u00e9coliers du secteur et qui ronronne d\u00e9sormais au son des fours, tours et autres outils ou machines&#8230;<\/p>\n<p class=\"western\" align=\"left\">L\u2019atelier du Carrelet<\/p>\n<p class=\"western\" align=\"left\">Atelier de tournage sur bois + Boutique<\/p>\n<p class=\"western\" align=\"left\">Cr\u00e9ation luminaire, formation, d\u00e9coration, utilitaire.<\/p>\n<p class=\"western\" align=\"left\">31, Le Village<\/p>\n<p class=\"western\" align=\"left\">88230 Le Valtin<\/p>\n<p class=\"western\" align=\"left\"><span style=\"color: #000080;\"><span lang=\"zxx\"><u><a href=\"mailto:atelierducarrelet@gmail.com\">atelierducarrelet@gmail.com<\/a><\/u><\/span><\/span><\/p>\n<p class=\"western\" align=\"left\">Thomas Pr\u00e9vost<\/p>\n<p class=\"western\" align=\"left\">T\u00e9l. 07 86 88 62 47<\/p>\n<p class=\"western\" align=\"left\"><a href=\"\/2022\/01\/Les-Ateliers-de-Sachemont-1.jpg\"><img decoding=\"async\" class=\"alignright size-medium wp-image-184434\" src=\"\/2022\/01\/Les-Ateliers-de-Sachemont-1-340x255.jpg\" alt=\"Les Ateliers de Sachemont (1)\" width=\"340\" height=\"255\" \/><\/a>Les Ateliers de Sachemont \u2013 boutique + atelier<\/p>\n<p class=\"western\" align=\"left\">1329 Sachemont \u2013 L\u2019ancienne \u00e9cole<\/p>\n<p class=\"western\" align=\"left\">88230 Ban-Sur-Meurthe-Clefcy<\/p>\n<p class=\"western\" align=\"left\">T\u00e9l. 06 87 20 31 46<\/p>\n","protected":false},"excerpt":{"rendered":"<p>Du Valtin \u00e0 Ban-sur-Meurthe en partant de Xonrupt-Longemer ou Plainfaing, le secteur regorge de petites perles, d\u2019artisans authentiques qui ne [&hellip;]<\/p>\n","protected":false},"author":42,"featured_media":56707,"comment_status":"open","ping_status":"open","sticky":false,"template":"","format":"standard","meta":{"footnotes":""},"categories":[20,4,5,18],"tags":[4820],"class_list":["post-56706","post","type-post","status-publish","format-standard","has-post-thumbnail","hentry","category-a-la-une","category-culture","category-economie","category-vosges","tag-atelier-du-carrelet"],"acf":[],"yoast_head":"<!-- This site is optimized with the Yoast SEO plugin v22.5 - https:\/\/yoast.com\/wordpress\/plugins\/seo\/ -->\n<title>L&#039;Atelier du Carrelet : plus d\u2019un tour dans son sac - Gerardmer Info<\/title>\n<meta name=\"robots\" content=\"index, follow, max-snippet:-1, max-image-preview:large, max-video-preview:-1\" \/>\n<link rel=\"canonical\" href=\"https:\/\/vosgesinfo.fr\/gerardmerinfo\/2022\/01\/latelier-carrelet-plus-dun-tour-sac\/\" \/>\n<meta name=\"twitter:card\" content=\"summary_large_image\" \/>\n<meta name=\"twitter:title\" content=\"L&#039;Atelier du Carrelet : plus d\u2019un tour dans son sac - Gerardmer Info\" \/>\n<meta name=\"twitter:description\" content=\"Du Valtin \u00e0 Ban-sur-Meurthe en partant de Xonrupt-Longemer ou Plainfaing, le secteur regorge de petites perles, d\u2019artisans authentiques qui ne [&hellip;]\" \/>\n<meta name=\"twitter:image\" content=\"https:\/\/vosgesinfo.fr\/app\/uploads\/sites\/6\/2024\/07\/202201thomas-prevost-.jpg\" \/>\n<meta name=\"twitter:creator\" content=\"@VosgesInfo88\" \/>\n<meta name=\"twitter:site\" content=\"@VosgesInfo88\" \/>\n<meta name=\"twitter:label1\" content=\"\u00c9crit par\" \/>\n\t<meta name=\"twitter:data1\" content=\"QG\" \/>\n\t<meta name=\"twitter:label2\" content=\"Dur\u00e9e de lecture estim\u00e9e\" \/>\n\t<meta name=\"twitter:data2\" content=\"3 minutes\" \/>\n<script type=\"application\/ld+json\" class=\"yoast-schema-graph\">{\"@context\":\"https:\/\/schema.org\",\"@graph\":[{\"@type\":\"Article\",\"@id\":\"https:\/\/vosgesinfo.fr\/gerardmerinfo\/2022\/01\/latelier-carrelet-plus-dun-tour-sac\/#article\",\"isPartOf\":{\"@id\":\"https:\/\/vosgesinfo.fr\/gerardmerinfo\/2022\/01\/latelier-carrelet-plus-dun-tour-sac\/\"},\"author\":{\"name\":\"QG\",\"@id\":\"https:\/\/vosgesinfo.fr\/gerardmerinfo\/#\/schema\/person\/db5605779a843dad16b5368f3e7613a5\"},\"headline\":\"L&rsquo;Atelier du Carrelet : plus d\u2019un tour dans son sac\",\"datePublished\":\"2022-01-08T04:01:15+00:00\",\"dateModified\":\"2022-01-08T04:01:15+00:00\",\"mainEntityOfPage\":{\"@id\":\"https:\/\/vosgesinfo.fr\/gerardmerinfo\/2022\/01\/latelier-carrelet-plus-dun-tour-sac\/\"},\"wordCount\":512,\"commentCount\":0,\"publisher\":{\"@id\":\"https:\/\/vosgesinfo.fr\/gerardmerinfo\/#organization\"},\"image\":{\"@id\":\"https:\/\/vosgesinfo.fr\/gerardmerinfo\/2022\/01\/latelier-carrelet-plus-dun-tour-sac\/#primaryimage\"},\"thumbnailUrl\":\"https:\/\/vosgesinfo.fr\/app\/uploads\/sites\/6\/2024\/07\/202201thomas-prevost-.jpg\",\"keywords\":[\"atelier du carrelet\"],\"articleSection\":[\"A la une\",\"Culture\",\"\u00c9conomie\",\"Vosges\"],\"inLanguage\":\"fr-FR\",\"potentialAction\":[{\"@type\":\"CommentAction\",\"name\":\"Comment\",\"target\":[\"https:\/\/vosgesinfo.fr\/gerardmerinfo\/2022\/01\/latelier-carrelet-plus-dun-tour-sac\/#respond\"]}]},{\"@type\":\"WebPage\",\"@id\":\"https:\/\/vosgesinfo.fr\/gerardmerinfo\/2022\/01\/latelier-carrelet-plus-dun-tour-sac\/\",\"url\":\"https:\/\/vosgesinfo.fr\/gerardmerinfo\/2022\/01\/latelier-carrelet-plus-dun-tour-sac\/\",\"name\":\"L'Atelier du Carrelet : plus d\u2019un tour dans son sac - Gerardmer Info\",\"isPartOf\":{\"@id\":\"https:\/\/vosgesinfo.fr\/gerardmerinfo\/#website\"},\"primaryImageOfPage\":{\"@id\":\"https:\/\/vosgesinfo.fr\/gerardmerinfo\/2022\/01\/latelier-carrelet-plus-dun-tour-sac\/#primaryimage\"},\"image\":{\"@id\":\"https:\/\/vosgesinfo.fr\/gerardmerinfo\/2022\/01\/latelier-carrelet-plus-dun-tour-sac\/#primaryimage\"},\"thumbnailUrl\":\"https:\/\/vosgesinfo.fr\/app\/uploads\/sites\/6\/2024\/07\/202201thomas-prevost-.jpg\",\"datePublished\":\"2022-01-08T04:01:15+00:00\",\"dateModified\":\"2022-01-08T04:01:15+00:00\",\"breadcrumb\":{\"@id\":\"https:\/\/vosgesinfo.fr\/gerardmerinfo\/2022\/01\/latelier-carrelet-plus-dun-tour-sac\/#breadcrumb\"},\"inLanguage\":\"fr-FR\",\"potentialAction\":[{\"@type\":\"ReadAction\",\"target\":[\"https:\/\/vosgesinfo.fr\/gerardmerinfo\/2022\/01\/latelier-carrelet-plus-dun-tour-sac\/\"]}]},{\"@type\":\"ImageObject\",\"inLanguage\":\"fr-FR\",\"@id\":\"https:\/\/vosgesinfo.fr\/gerardmerinfo\/2022\/01\/latelier-carrelet-plus-dun-tour-sac\/#primaryimage\",\"url\":\"https:\/\/vosgesinfo.fr\/app\/uploads\/sites\/6\/2024\/07\/202201thomas-prevost-.jpg\",\"contentUrl\":\"https:\/\/vosgesinfo.fr\/app\/uploads\/sites\/6\/2024\/07\/202201thomas-prevost-.jpg\",\"width\":1600,\"height\":1200},{\"@type\":\"BreadcrumbList\",\"@id\":\"https:\/\/vosgesinfo.fr\/gerardmerinfo\/2022\/01\/latelier-carrelet-plus-dun-tour-sac\/#breadcrumb\",\"itemListElement\":[{\"@type\":\"ListItem\",\"position\":1,\"name\":\"Home\",\"item\":\"https:\/\/vosgesinfo.fr\/gerardmerinfo\/\"},{\"@type\":\"ListItem\",\"position\":2,\"name\":\"L&rsquo;Atelier du Carrelet : plus d\u2019un tour dans son sac\"}]},{\"@type\":\"WebSite\",\"@id\":\"https:\/\/vosgesinfo.fr\/gerardmerinfo\/#website\",\"url\":\"https:\/\/vosgesinfo.fr\/gerardmerinfo\/\",\"name\":\"Gerardmer Info\",\"description\":\"Toute l&#039;actualit\u00e9 de G\u00e9rardmer\",\"publisher\":{\"@id\":\"https:\/\/vosgesinfo.fr\/gerardmerinfo\/#organization\"},\"alternateName\":\"Toute l'actualit\u00e9 de G\u00e9rardmer\",\"potentialAction\":[{\"@type\":\"SearchAction\",\"target\":{\"@type\":\"EntryPoint\",\"urlTemplate\":\"https:\/\/vosgesinfo.fr\/gerardmerinfo\/?s={search_term_string}\"},\"query-input\":\"required name=search_term_string\"}],\"inLanguage\":\"fr-FR\"},{\"@type\":\"Organization\",\"@id\":\"https:\/\/vosgesinfo.fr\/gerardmerinfo\/#organization\",\"name\":\"Gerardmer Info\",\"url\":\"https:\/\/vosgesinfo.fr\/gerardmerinfo\/\",\"logo\":{\"@type\":\"ImageObject\",\"inLanguage\":\"fr-FR\",\"@id\":\"https:\/\/vosgesinfo.fr\/gerardmerinfo\/#\/schema\/logo\/image\/\",\"url\":\"https:\/\/vosgesinfo.fr\/app\/uploads\/sites\/6\/2023\/08\/favicon-gerardmerinfo.png\",\"contentUrl\":\"https:\/\/vosgesinfo.fr\/app\/uploads\/sites\/6\/2023\/08\/favicon-gerardmerinfo.png\",\"width\":512,\"height\":512,\"caption\":\"Gerardmer Info\"},\"image\":{\"@id\":\"https:\/\/vosgesinfo.fr\/gerardmerinfo\/#\/schema\/logo\/image\/\"},\"sameAs\":[\"https:\/\/www.facebook.com\/profile.php?id=100049475262660\",\"https:\/\/x.com\/VosgesInfo88\",\"https:\/\/www.youtube.com\/@vosgesinfo\"]},{\"@type\":\"Person\",\"@id\":\"https:\/\/vosgesinfo.fr\/gerardmerinfo\/#\/schema\/person\/db5605779a843dad16b5368f3e7613a5\",\"name\":\"QG\",\"image\":{\"@type\":\"ImageObject\",\"inLanguage\":\"fr-FR\",\"@id\":\"https:\/\/vosgesinfo.fr\/gerardmerinfo\/#\/schema\/person\/image\/\",\"url\":\"https:\/\/secure.gravatar.com\/avatar\/ea80c42c204b534408512832fde52504ecabb9706bcb6151cf6175e5b64e6793?s=96&d=mm&r=g\",\"contentUrl\":\"https:\/\/secure.gravatar.com\/avatar\/ea80c42c204b534408512832fde52504ecabb9706bcb6151cf6175e5b64e6793?s=96&d=mm&r=g\",\"caption\":\"QG\"},\"url\":\"https:\/\/vosgesinfo.fr\/gerardmerinfo\/author\/quentin88\/\"}]}<\/script>\n<!-- \/ Yoast SEO plugin. -->","yoast_head_json":{"title":"L'Atelier du Carrelet : plus d\u2019un tour dans son sac - Gerardmer Info","robots":{"index":"index","follow":"follow","max-snippet":"max-snippet:-1","max-image-preview":"max-image-preview:large","max-video-preview":"max-video-preview:-1"},"canonical":"https:\/\/vosgesinfo.fr\/gerardmerinfo\/2022\/01\/latelier-carrelet-plus-dun-tour-sac\/","twitter_card":"summary_large_image","twitter_title":"L'Atelier du Carrelet : plus d\u2019un tour dans son sac - Gerardmer Info","twitter_description":"Du Valtin \u00e0 Ban-sur-Meurthe en partant de Xonrupt-Longemer ou Plainfaing, le secteur regorge de petites perles, d\u2019artisans authentiques qui ne [&hellip;]","twitter_image":"https:\/\/vosgesinfo.fr\/app\/uploads\/sites\/6\/2024\/07\/202201thomas-prevost-.jpg","twitter_creator":"@VosgesInfo88","twitter_site":"@VosgesInfo88","twitter_misc":{"\u00c9crit par":"QG","Dur\u00e9e de lecture estim\u00e9e":"3 minutes"},"schema":{"@context":"https:\/\/schema.org","@graph":[{"@type":"Article","@id":"https:\/\/vosgesinfo.fr\/gerardmerinfo\/2022\/01\/latelier-carrelet-plus-dun-tour-sac\/#article","isPartOf":{"@id":"https:\/\/vosgesinfo.fr\/gerardmerinfo\/2022\/01\/latelier-carrelet-plus-dun-tour-sac\/"},"author":{"name":"QG","@id":"https:\/\/vosgesinfo.fr\/gerardmerinfo\/#\/schema\/person\/db5605779a843dad16b5368f3e7613a5"},"headline":"L&rsquo;Atelier du Carrelet : plus d\u2019un tour dans son sac","datePublished":"2022-01-08T04:01:15+00:00","dateModified":"2022-01-08T04:01:15+00:00","mainEntityOfPage":{"@id":"https:\/\/vosgesinfo.fr\/gerardmerinfo\/2022\/01\/latelier-carrelet-plus-dun-tour-sac\/"},"wordCount":512,"commentCount":0,"publisher":{"@id":"https:\/\/vosgesinfo.fr\/gerardmerinfo\/#organization"},"image":{"@id":"https:\/\/vosgesinfo.fr\/gerardmerinfo\/2022\/01\/latelier-carrelet-plus-dun-tour-sac\/#primaryimage"},"thumbnailUrl":"https:\/\/vosgesinfo.fr\/app\/uploads\/sites\/6\/2024\/07\/202201thomas-prevost-.jpg","keywords":["atelier du carrelet"],"articleSection":["A la une","Culture","\u00c9conomie","Vosges"],"inLanguage":"fr-FR","potentialAction":[{"@type":"CommentAction","name":"Comment","target":["https:\/\/vosgesinfo.fr\/gerardmerinfo\/2022\/01\/latelier-carrelet-plus-dun-tour-sac\/#respond"]}]},{"@type":"WebPage","@id":"https:\/\/vosgesinfo.fr\/gerardmerinfo\/2022\/01\/latelier-carrelet-plus-dun-tour-sac\/","url":"https:\/\/vosgesinfo.fr\/gerardmerinfo\/2022\/01\/latelier-carrelet-plus-dun-tour-sac\/","name":"L'Atelier du Carrelet : plus d\u2019un tour dans son sac - Gerardmer Info","isPartOf":{"@id":"https:\/\/vosgesinfo.fr\/gerardmerinfo\/#website"},"primaryImageOfPage":{"@id":"https:\/\/vosgesinfo.fr\/gerardmerinfo\/2022\/01\/latelier-carrelet-plus-dun-tour-sac\/#primaryimage"},"image":{"@id":"https:\/\/vosgesinfo.fr\/gerardmerinfo\/2022\/01\/latelier-carrelet-plus-dun-tour-sac\/#primaryimage"},"thumbnailUrl":"https:\/\/vosgesinfo.fr\/app\/uploads\/sites\/6\/2024\/07\/202201thomas-prevost-.jpg","datePublished":"2022-01-08T04:01:15+00:00","dateModified":"2022-01-08T04:01:15+00:00","breadcrumb":{"@id":"https:\/\/vosgesinfo.fr\/gerardmerinfo\/2022\/01\/latelier-carrelet-plus-dun-tour-sac\/#breadcrumb"},"inLanguage":"fr-FR","potentialAction":[{"@type":"ReadAction","target":["https:\/\/vosgesinfo.fr\/gerardmerinfo\/2022\/01\/latelier-carrelet-plus-dun-tour-sac\/"]}]},{"@type":"ImageObject","inLanguage":"fr-FR","@id":"https:\/\/vosgesinfo.fr\/gerardmerinfo\/2022\/01\/latelier-carrelet-plus-dun-tour-sac\/#primaryimage","url":"https:\/\/vosgesinfo.fr\/app\/uploads\/sites\/6\/2024\/07\/202201thomas-prevost-.jpg","contentUrl":"https:\/\/vosgesinfo.fr\/app\/uploads\/sites\/6\/2024\/07\/202201thomas-prevost-.jpg","width":1600,"height":1200},{"@type":"BreadcrumbList","@id":"https:\/\/vosgesinfo.fr\/gerardmerinfo\/2022\/01\/latelier-carrelet-plus-dun-tour-sac\/#breadcrumb","itemListElement":[{"@type":"ListItem","position":1,"name":"Home","item":"https:\/\/vosgesinfo.fr\/gerardmerinfo\/"},{"@type":"ListItem","position":2,"name":"L&rsquo;Atelier du Carrelet : plus d\u2019un tour dans son sac"}]},{"@type":"WebSite","@id":"https:\/\/vosgesinfo.fr\/gerardmerinfo\/#website","url":"https:\/\/vosgesinfo.fr\/gerardmerinfo\/","name":"Gerardmer Info","description":"Toute l&#039;actualit\u00e9 de G\u00e9rardmer","publisher":{"@id":"https:\/\/vosgesinfo.fr\/gerardmerinfo\/#organization"},"alternateName":"Toute l'actualit\u00e9 de G\u00e9rardmer","potentialAction":[{"@type":"SearchAction","target":{"@type":"EntryPoint","urlTemplate":"https:\/\/vosgesinfo.fr\/gerardmerinfo\/?s={search_term_string}"},"query-input":"required name=search_term_string"}],"inLanguage":"fr-FR"},{"@type":"Organization","@id":"https:\/\/vosgesinfo.fr\/gerardmerinfo\/#organization","name":"Gerardmer Info","url":"https:\/\/vosgesinfo.fr\/gerardmerinfo\/","logo":{"@type":"ImageObject","inLanguage":"fr-FR","@id":"https:\/\/vosgesinfo.fr\/gerardmerinfo\/#\/schema\/logo\/image\/","url":"https:\/\/vosgesinfo.fr\/app\/uploads\/sites\/6\/2023\/08\/favicon-gerardmerinfo.png","contentUrl":"https:\/\/vosgesinfo.fr\/app\/uploads\/sites\/6\/2023\/08\/favicon-gerardmerinfo.png","width":512,"height":512,"caption":"Gerardmer Info"},"image":{"@id":"https:\/\/vosgesinfo.fr\/gerardmerinfo\/#\/schema\/logo\/image\/"},"sameAs":["https:\/\/www.facebook.com\/profile.php?id=100049475262660","https:\/\/x.com\/VosgesInfo88","https:\/\/www.youtube.com\/@vosgesinfo"]},{"@type":"Person","@id":"https:\/\/vosgesinfo.fr\/gerardmerinfo\/#\/schema\/person\/db5605779a843dad16b5368f3e7613a5","name":"QG","image":{"@type":"ImageObject","inLanguage":"fr-FR","@id":"https:\/\/vosgesinfo.fr\/gerardmerinfo\/#\/schema\/person\/image\/","url":"https:\/\/secure.gravatar.com\/avatar\/ea80c42c204b534408512832fde52504ecabb9706bcb6151cf6175e5b64e6793?s=96&d=mm&r=g","contentUrl":"https:\/\/secure.gravatar.com\/avatar\/ea80c42c204b534408512832fde52504ecabb9706bcb6151cf6175e5b64e6793?s=96&d=mm&r=g","caption":"QG"},"url":"https:\/\/vosgesinfo.fr\/gerardmerinfo\/author\/quentin88\/"}]}},"_links":{"self":[{"href":"https:\/\/vosgesinfo.fr\/gerardmerinfo\/wp-json\/wp\/v2\/posts\/56706","targetHints":{"allow":["GET"]}}],"collection":[{"href":"https:\/\/vosgesinfo.fr\/gerardmerinfo\/wp-json\/wp\/v2\/posts"}],"about":[{"href":"https:\/\/vosgesinfo.fr\/gerardmerinfo\/wp-json\/wp\/v2\/types\/post"}],"author":[{"embeddable":true,"href":"https:\/\/vosgesinfo.fr\/gerardmerinfo\/wp-json\/wp\/v2\/users\/42"}],"replies":[{"embeddable":true,"href":"https:\/\/vosgesinfo.fr\/gerardmerinfo\/wp-json\/wp\/v2\/comments?post=56706"}],"version-history":[{"count":0,"href":"https:\/\/vosgesinfo.fr\/gerardmerinfo\/wp-json\/wp\/v2\/posts\/56706\/revisions"}],"wp:featuredmedia":[{"embeddable":true,"href":"https:\/\/vosgesinfo.fr\/gerardmerinfo\/wp-json\/wp\/v2\/media\/56707"}],"wp:attachment":[{"href":"https:\/\/vosgesinfo.fr\/gerardmerinfo\/wp-json\/wp\/v2\/media?parent=56706"}],"wp:term":[{"taxonomy":"category","embeddable":true,"href":"https:\/\/vosgesinfo.fr\/gerardmerinfo\/wp-json\/wp\/v2\/categories?post=56706"},{"taxonomy":"post_tag","embeddable":true,"href":"https:\/\/vosgesinfo.fr\/gerardmerinfo\/wp-json\/wp\/v2\/tags?post=56706"}],"curies":[{"name":"wp","href":"https:\/\/api.w.org\/{rel}","templated":true}]}}