{"id":56740,"date":"2022-01-12T05:02:16","date_gmt":"2022-01-12T04:02:16","guid":{"rendered":"https:\/\/vosgesinfo.fr\/gerardmerinfo\/2022\/01\/fin-de-partition-grattoir\/"},"modified":"2022-01-12T05:02:16","modified_gmt":"2022-01-12T04:02:16","slug":"fin-de-partition-grattoir","status":"publish","type":"post","link":"https:\/\/vosgesinfo.fr\/gerardmerinfo\/2022\/01\/fin-de-partition-grattoir\/","title":{"rendered":"Fin de partition pour Le Grattoir"},"content":{"rendered":"<h3><a href=\"\/2018\/02\/le-grattoir.jpeg\"><img decoding=\"async\" class=\"aligncenter size-full wp-image-121871\" src=\"\/2018\/02\/le-grattoir.jpeg\" alt=\"le grattoir\" width=\"800\" height=\"643\" \/><\/a><\/h3>\n<h3><span style=\"font-size: 12pt;\">Apr\u00e8s 15 ann\u00e9es \u00e9maill\u00e9es d&rsquo;un peu plus de 800 concerts, le bar Le Grattoir vient d&rsquo;arriver \u00e0 la fin de sa partition avec le d\u00e9part du dernier de ses deux patrons embl\u00e9matiques qui laisse d\u00e9sormais la place \u00e0 un nouveau projet associatif.<\/span><\/h3>\n<p>Avec le d\u00e9part en d\u00e9but de semaine de Pascal Muller, membre fondateur du Grattoir avec Jo Nicholaus, c&rsquo;est un peu la fin d&rsquo;une \u00e9poque, celle d&rsquo;un lieu culturel embl\u00e9matique du G\u00e9rardmer et des Vosges qui rayonnait d&rsquo;ailleurs bien au-del\u00e0 des fronti\u00e8res du d\u00e9partement. Si les derni\u00e8res ann\u00e9es ont \u00e9t\u00e9 difficiles et la fin chaotique, c&rsquo;est sans doute la belle \u00e9poque qui restera dans les m\u00e9moires de ceux qui ont fr\u00e9quent\u00e9 l&rsquo;\u00e9tablissement, que ce soit assidument ou \u00e9pisodiquement, qu&rsquo;ils soient artistes ou clients.<\/p>\n<div id=\"attachment_121872\" style=\"width: 182px\" class=\"wp-caption alignright\"><a href=\"\/2018\/02\/pascal-mumul.jpeg\"><img decoding=\"async\" aria-describedby=\"caption-attachment-121872\" class=\"size-medium wp-image-121872\" src=\"\/2018\/02\/pascal-mumul-172x255.jpeg\" alt=\"Pascal Muller\" width=\"172\" height=\"255\" \/><\/a><p id=\"caption-attachment-121872\" class=\"wp-caption-text\">Pascal Muller<\/p><\/div>\n<p>D\u00e8s son ouverture en Mai 2006, Le Grattoir avait rapidement trouv\u00e9 sa client\u00e8le, dont une partie \u00e9tait orpheline du Square et de son patron Nico. Sous l&rsquo;impulsion de Jo et Pascal, amateurs de musique et musiciens amateurs, les concerts de qualit\u00e9 se multiplient les week-ends et lors de soir\u00e9es sp\u00e9ciales m\u00e9morables, notamment lors de la Saint Patrick. Ravis de l&rsquo;accueil que le public et les deux patrons leur r\u00e9servent, les artistes contribuent \u00e0 la renomm\u00e9e grandissante des lieux. Certaines associations commencent \u00e9galement \u00e0 contacter le Grattoir pour organiser des dates en collaboration\/coproduction et le rythme de croisi\u00e8re est rapidement atteint.<\/p>\n<p>Mais le plus stup\u00e9fiant en mati\u00e8re de musique, au-del\u00e0 du nombre de concerts et de leur qualit\u00e9, c&rsquo;est sans doute l&rsquo;\u00e9clectisme et la provenance des musiciens : certains d\u00e9barquent de toute la France et d&rsquo;Europe alors que d&rsquo;autres arrivent des \u00c9tats Unis, du Canada, de Nouvelle Z\u00e9lande, d&rsquo;Australie et d&rsquo;Afrique du Sud ! Eh oui, m\u00eame \u00e0 Cape Town on connaissait Le Grattoir qui sert d&rsquo;ailleurs parfois de tremplin \u00e0 certains artistes dont certains, parfois, n&rsquo;h\u00e9sitent pas \u00e0 rester une journ\u00e9e de plus \u00e0 G\u00e9rardmer, histoire de d\u00e9couvrir la r\u00e9gion. Autant lier l&rsquo;utile \u00e0 l&rsquo;agr\u00e9able, d&rsquo;autant plus que la cuisine et la gastronomie locales \u00e9taient tr\u00e8s souvent appr\u00e9ci\u00e9es elles aussi, tout comme la convivialit\u00e9 de certains locaux qui servaient de guide aux voyageurs du son&#8230;<\/p>\n<div id=\"attachment_184513\" style=\"width: 350px\" class=\"wp-caption alignright\"><a href=\"\/2022\/01\/Polaroid3-2.jpg\"><img decoding=\"async\" aria-describedby=\"caption-attachment-184513\" class=\"wp-image-184513 size-medium\" src=\"\/2022\/01\/Polaroid3-2-340x255.jpg\" alt=\"Polaroid3 (2)\" width=\"340\" height=\"255\" \/><\/a><p id=\"caption-attachment-184513\" class=\"wp-caption-text\"><em>Polaroid 3<\/em> en concert<\/p><\/div>\n<p>Ajoutons \u00e9galement que le Grattoir, ce n&rsquo;\u00e9tait pas que de la musique : la sc\u00e8ne locale a \u00e9galement accueilli des expositions, des march\u00e9s de No\u00ebl, des d\u00e9fil\u00e9s de mode, des spectacles divers et vari\u00e9s tel que du th\u00e9\u00e2tre, de l&rsquo;impro, de la magie, de la lecture, des one man shows, il a servi de lieu pour filmer des sc\u00e8nes de films ou de s\u00e9ries, enregistrer des clips ou des \u00e9missions de radio, le tout sans oublier des \u00e9v\u00e9nements \u00ab\u00a0maison\u00a0\u00bb comme les l\u00e9gendaires soir\u00e9es de No\u00ebl ou la \u00ab\u00a0Soupe Pop\u00a0\u00bb o\u00f9 chacun(e) venait partager une soupe qu&rsquo;il ou elle avait cuisin\u00e9, le tout en \u00e9coutant de la musique pop&#8230; \u00c7a r\u00e9chauffait autant le gosier que les c\u0153urs lors des longues soir\u00e9es d&rsquo;hiver !! Bref, le bar du boulevard Kelsch \u00e9tait un lieu culturel, un lieu de rencontre et d&rsquo;\u00e9change qui aura fait le bonheur des jeunes et des moins jeunes pendant tout ce temps, et beaucoup aurait voulu que \u00e7a ne s&rsquo;arr\u00eate jamais.<\/p>\n<p>Mais voil\u00e0, toutes les bonnes choses ont une fin et des cendres de ce Grattoir, esp\u00e9rons que le nouveau projet associatif tout aussi palpitant \u00e9mergera et grandira, G\u00e9rardmer le m\u00e9rite sans aucun doute. En attendant, vous pouvez toujours aller faire un petit tour sur Youtube et vous refaire quelques vid\u00e9os de concerts, en souvenir du bon vieux temps&#8230; Merci Jo &amp; Pascal, p\u00e8res fondateurs du Grattoir, ainsi qu&rsquo;aux associ\u00e9s qui ont un temps contribuer \u00e0 cette belle histoire.<\/p>\n<div><\/div>\n<p><a href=\"https:\/\/www.youtube.com\/results?search_query=Le+grattoir+concert\" target=\"_blank\" rel=\"noopener\">https:\/\/www.youtube.com\/results?search_query=Le+grattoir+concert<\/a><\/p>\n<p><a href=\"https:\/\/www.youtube.com\/user\/PascalLeGrattoir\">https:\/\/www.youtube.com\/user\/PascalLeGrattoir<\/a><\/p>\n","protected":false},"excerpt":{"rendered":"<p>Apr\u00e8s 15 ann\u00e9es \u00e9maill\u00e9es d&rsquo;un peu plus de 800 concerts, le bar Le Grattoir vient d&rsquo;arriver \u00e0 la fin de [&hellip;]<\/p>\n","protected":false},"author":42,"featured_media":56741,"comment_status":"open","ping_status":"open","sticky":false,"template":"","format":"standard","meta":{"footnotes":""},"categories":[20,4,25],"tags":[35],"class_list":["post-56740","post","type-post","status-publish","format-standard","has-post-thumbnail","hentry","category-a-la-une","category-culture","category-gerardmer","tag-bar-le-grattoir"],"acf":[],"yoast_head":"<!-- This site is optimized with the Yoast SEO plugin v22.5 - https:\/\/yoast.com\/wordpress\/plugins\/seo\/ -->\n<title>Fin de partition pour Le Grattoir - Gerardmer Info<\/title>\n<meta name=\"robots\" content=\"index, follow, max-snippet:-1, max-image-preview:large, max-video-preview:-1\" \/>\n<link rel=\"canonical\" href=\"https:\/\/vosgesinfo.fr\/gerardmerinfo\/2022\/01\/fin-de-partition-grattoir\/\" \/>\n<meta name=\"twitter:card\" content=\"summary_large_image\" \/>\n<meta name=\"twitter:title\" content=\"Fin de partition pour Le Grattoir - Gerardmer Info\" \/>\n<meta name=\"twitter:description\" content=\"Apr\u00e8s 15 ann\u00e9es \u00e9maill\u00e9es d&rsquo;un peu plus de 800 concerts, le bar Le Grattoir vient d&rsquo;arriver \u00e0 la fin de [&hellip;]\" \/>\n<meta name=\"twitter:image\" content=\"https:\/\/vosgesinfo.fr\/app\/uploads\/sites\/6\/2024\/07\/201802le-grattoir-1.jpeg\" \/>\n<meta name=\"twitter:creator\" content=\"@VosgesInfo88\" \/>\n<meta name=\"twitter:site\" content=\"@VosgesInfo88\" \/>\n<meta name=\"twitter:label1\" content=\"\u00c9crit par\" \/>\n\t<meta name=\"twitter:data1\" content=\"QG\" \/>\n\t<meta name=\"twitter:label2\" content=\"Dur\u00e9e de lecture estim\u00e9e\" \/>\n\t<meta name=\"twitter:data2\" content=\"3 minutes\" \/>\n<script type=\"application\/ld+json\" class=\"yoast-schema-graph\">{\"@context\":\"https:\/\/schema.org\",\"@graph\":[{\"@type\":\"Article\",\"@id\":\"https:\/\/vosgesinfo.fr\/gerardmerinfo\/2022\/01\/fin-de-partition-grattoir\/#article\",\"isPartOf\":{\"@id\":\"https:\/\/vosgesinfo.fr\/gerardmerinfo\/2022\/01\/fin-de-partition-grattoir\/\"},\"author\":{\"name\":\"QG\",\"@id\":\"https:\/\/vosgesinfo.fr\/gerardmerinfo\/#\/schema\/person\/db5605779a843dad16b5368f3e7613a5\"},\"headline\":\"Fin de partition pour Le Grattoir\",\"datePublished\":\"2022-01-12T04:02:16+00:00\",\"dateModified\":\"2022-01-12T04:02:16+00:00\",\"mainEntityOfPage\":{\"@id\":\"https:\/\/vosgesinfo.fr\/gerardmerinfo\/2022\/01\/fin-de-partition-grattoir\/\"},\"wordCount\":705,\"commentCount\":0,\"publisher\":{\"@id\":\"https:\/\/vosgesinfo.fr\/gerardmerinfo\/#organization\"},\"image\":{\"@id\":\"https:\/\/vosgesinfo.fr\/gerardmerinfo\/2022\/01\/fin-de-partition-grattoir\/#primaryimage\"},\"thumbnailUrl\":\"https:\/\/vosgesinfo.fr\/app\/uploads\/sites\/6\/2024\/07\/201802le-grattoir-1.jpeg\",\"keywords\":[\"bar le grattoir\"],\"articleSection\":[\"A la une\",\"Culture\",\"G\u00e9rardmer\"],\"inLanguage\":\"fr-FR\",\"potentialAction\":[{\"@type\":\"CommentAction\",\"name\":\"Comment\",\"target\":[\"https:\/\/vosgesinfo.fr\/gerardmerinfo\/2022\/01\/fin-de-partition-grattoir\/#respond\"]}]},{\"@type\":\"WebPage\",\"@id\":\"https:\/\/vosgesinfo.fr\/gerardmerinfo\/2022\/01\/fin-de-partition-grattoir\/\",\"url\":\"https:\/\/vosgesinfo.fr\/gerardmerinfo\/2022\/01\/fin-de-partition-grattoir\/\",\"name\":\"Fin de partition pour Le Grattoir - Gerardmer Info\",\"isPartOf\":{\"@id\":\"https:\/\/vosgesinfo.fr\/gerardmerinfo\/#website\"},\"primaryImageOfPage\":{\"@id\":\"https:\/\/vosgesinfo.fr\/gerardmerinfo\/2022\/01\/fin-de-partition-grattoir\/#primaryimage\"},\"image\":{\"@id\":\"https:\/\/vosgesinfo.fr\/gerardmerinfo\/2022\/01\/fin-de-partition-grattoir\/#primaryimage\"},\"thumbnailUrl\":\"https:\/\/vosgesinfo.fr\/app\/uploads\/sites\/6\/2024\/07\/201802le-grattoir-1.jpeg\",\"datePublished\":\"2022-01-12T04:02:16+00:00\",\"dateModified\":\"2022-01-12T04:02:16+00:00\",\"breadcrumb\":{\"@id\":\"https:\/\/vosgesinfo.fr\/gerardmerinfo\/2022\/01\/fin-de-partition-grattoir\/#breadcrumb\"},\"inLanguage\":\"fr-FR\",\"potentialAction\":[{\"@type\":\"ReadAction\",\"target\":[\"https:\/\/vosgesinfo.fr\/gerardmerinfo\/2022\/01\/fin-de-partition-grattoir\/\"]}]},{\"@type\":\"ImageObject\",\"inLanguage\":\"fr-FR\",\"@id\":\"https:\/\/vosgesinfo.fr\/gerardmerinfo\/2022\/01\/fin-de-partition-grattoir\/#primaryimage\",\"url\":\"https:\/\/vosgesinfo.fr\/app\/uploads\/sites\/6\/2024\/07\/201802le-grattoir-1.jpeg\",\"contentUrl\":\"https:\/\/vosgesinfo.fr\/app\/uploads\/sites\/6\/2024\/07\/201802le-grattoir-1.jpeg\",\"width\":800,\"height\":643},{\"@type\":\"BreadcrumbList\",\"@id\":\"https:\/\/vosgesinfo.fr\/gerardmerinfo\/2022\/01\/fin-de-partition-grattoir\/#breadcrumb\",\"itemListElement\":[{\"@type\":\"ListItem\",\"position\":1,\"name\":\"Home\",\"item\":\"https:\/\/vosgesinfo.fr\/gerardmerinfo\/\"},{\"@type\":\"ListItem\",\"position\":2,\"name\":\"Fin de partition pour Le Grattoir\"}]},{\"@type\":\"WebSite\",\"@id\":\"https:\/\/vosgesinfo.fr\/gerardmerinfo\/#website\",\"url\":\"https:\/\/vosgesinfo.fr\/gerardmerinfo\/\",\"name\":\"Gerardmer Info\",\"description\":\"Toute l&#039;actualit\u00e9 de G\u00e9rardmer\",\"publisher\":{\"@id\":\"https:\/\/vosgesinfo.fr\/gerardmerinfo\/#organization\"},\"alternateName\":\"Toute l'actualit\u00e9 de G\u00e9rardmer\",\"potentialAction\":[{\"@type\":\"SearchAction\",\"target\":{\"@type\":\"EntryPoint\",\"urlTemplate\":\"https:\/\/vosgesinfo.fr\/gerardmerinfo\/?s={search_term_string}\"},\"query-input\":\"required name=search_term_string\"}],\"inLanguage\":\"fr-FR\"},{\"@type\":\"Organization\",\"@id\":\"https:\/\/vosgesinfo.fr\/gerardmerinfo\/#organization\",\"name\":\"Gerardmer Info\",\"url\":\"https:\/\/vosgesinfo.fr\/gerardmerinfo\/\",\"logo\":{\"@type\":\"ImageObject\",\"inLanguage\":\"fr-FR\",\"@id\":\"https:\/\/vosgesinfo.fr\/gerardmerinfo\/#\/schema\/logo\/image\/\",\"url\":\"https:\/\/vosgesinfo.fr\/app\/uploads\/sites\/6\/2023\/08\/favicon-gerardmerinfo.png\",\"contentUrl\":\"https:\/\/vosgesinfo.fr\/app\/uploads\/sites\/6\/2023\/08\/favicon-gerardmerinfo.png\",\"width\":512,\"height\":512,\"caption\":\"Gerardmer Info\"},\"image\":{\"@id\":\"https:\/\/vosgesinfo.fr\/gerardmerinfo\/#\/schema\/logo\/image\/\"},\"sameAs\":[\"https:\/\/www.facebook.com\/profile.php?id=100049475262660\",\"https:\/\/x.com\/VosgesInfo88\",\"https:\/\/www.youtube.com\/@vosgesinfo\"]},{\"@type\":\"Person\",\"@id\":\"https:\/\/vosgesinfo.fr\/gerardmerinfo\/#\/schema\/person\/db5605779a843dad16b5368f3e7613a5\",\"name\":\"QG\",\"image\":{\"@type\":\"ImageObject\",\"inLanguage\":\"fr-FR\",\"@id\":\"https:\/\/vosgesinfo.fr\/gerardmerinfo\/#\/schema\/person\/image\/\",\"url\":\"https:\/\/secure.gravatar.com\/avatar\/ea80c42c204b534408512832fde52504ecabb9706bcb6151cf6175e5b64e6793?s=96&d=mm&r=g\",\"contentUrl\":\"https:\/\/secure.gravatar.com\/avatar\/ea80c42c204b534408512832fde52504ecabb9706bcb6151cf6175e5b64e6793?s=96&d=mm&r=g\",\"caption\":\"QG\"},\"url\":\"https:\/\/vosgesinfo.fr\/gerardmerinfo\/author\/quentin88\/\"}]}<\/script>\n<!-- \/ Yoast SEO plugin. -->","yoast_head_json":{"title":"Fin de partition pour Le Grattoir - Gerardmer Info","robots":{"index":"index","follow":"follow","max-snippet":"max-snippet:-1","max-image-preview":"max-image-preview:large","max-video-preview":"max-video-preview:-1"},"canonical":"https:\/\/vosgesinfo.fr\/gerardmerinfo\/2022\/01\/fin-de-partition-grattoir\/","twitter_card":"summary_large_image","twitter_title":"Fin de partition pour Le Grattoir - Gerardmer Info","twitter_description":"Apr\u00e8s 15 ann\u00e9es \u00e9maill\u00e9es d&rsquo;un peu plus de 800 concerts, le bar Le Grattoir vient d&rsquo;arriver \u00e0 la fin de [&hellip;]","twitter_image":"https:\/\/vosgesinfo.fr\/app\/uploads\/sites\/6\/2024\/07\/201802le-grattoir-1.jpeg","twitter_creator":"@VosgesInfo88","twitter_site":"@VosgesInfo88","twitter_misc":{"\u00c9crit par":"QG","Dur\u00e9e de lecture estim\u00e9e":"3 minutes"},"schema":{"@context":"https:\/\/schema.org","@graph":[{"@type":"Article","@id":"https:\/\/vosgesinfo.fr\/gerardmerinfo\/2022\/01\/fin-de-partition-grattoir\/#article","isPartOf":{"@id":"https:\/\/vosgesinfo.fr\/gerardmerinfo\/2022\/01\/fin-de-partition-grattoir\/"},"author":{"name":"QG","@id":"https:\/\/vosgesinfo.fr\/gerardmerinfo\/#\/schema\/person\/db5605779a843dad16b5368f3e7613a5"},"headline":"Fin de partition pour Le Grattoir","datePublished":"2022-01-12T04:02:16+00:00","dateModified":"2022-01-12T04:02:16+00:00","mainEntityOfPage":{"@id":"https:\/\/vosgesinfo.fr\/gerardmerinfo\/2022\/01\/fin-de-partition-grattoir\/"},"wordCount":705,"commentCount":0,"publisher":{"@id":"https:\/\/vosgesinfo.fr\/gerardmerinfo\/#organization"},"image":{"@id":"https:\/\/vosgesinfo.fr\/gerardmerinfo\/2022\/01\/fin-de-partition-grattoir\/#primaryimage"},"thumbnailUrl":"https:\/\/vosgesinfo.fr\/app\/uploads\/sites\/6\/2024\/07\/201802le-grattoir-1.jpeg","keywords":["bar le grattoir"],"articleSection":["A la une","Culture","G\u00e9rardmer"],"inLanguage":"fr-FR","potentialAction":[{"@type":"CommentAction","name":"Comment","target":["https:\/\/vosgesinfo.fr\/gerardmerinfo\/2022\/01\/fin-de-partition-grattoir\/#respond"]}]},{"@type":"WebPage","@id":"https:\/\/vosgesinfo.fr\/gerardmerinfo\/2022\/01\/fin-de-partition-grattoir\/","url":"https:\/\/vosgesinfo.fr\/gerardmerinfo\/2022\/01\/fin-de-partition-grattoir\/","name":"Fin de partition pour Le Grattoir - Gerardmer Info","isPartOf":{"@id":"https:\/\/vosgesinfo.fr\/gerardmerinfo\/#website"},"primaryImageOfPage":{"@id":"https:\/\/vosgesinfo.fr\/gerardmerinfo\/2022\/01\/fin-de-partition-grattoir\/#primaryimage"},"image":{"@id":"https:\/\/vosgesinfo.fr\/gerardmerinfo\/2022\/01\/fin-de-partition-grattoir\/#primaryimage"},"thumbnailUrl":"https:\/\/vosgesinfo.fr\/app\/uploads\/sites\/6\/2024\/07\/201802le-grattoir-1.jpeg","datePublished":"2022-01-12T04:02:16+00:00","dateModified":"2022-01-12T04:02:16+00:00","breadcrumb":{"@id":"https:\/\/vosgesinfo.fr\/gerardmerinfo\/2022\/01\/fin-de-partition-grattoir\/#breadcrumb"},"inLanguage":"fr-FR","potentialAction":[{"@type":"ReadAction","target":["https:\/\/vosgesinfo.fr\/gerardmerinfo\/2022\/01\/fin-de-partition-grattoir\/"]}]},{"@type":"ImageObject","inLanguage":"fr-FR","@id":"https:\/\/vosgesinfo.fr\/gerardmerinfo\/2022\/01\/fin-de-partition-grattoir\/#primaryimage","url":"https:\/\/vosgesinfo.fr\/app\/uploads\/sites\/6\/2024\/07\/201802le-grattoir-1.jpeg","contentUrl":"https:\/\/vosgesinfo.fr\/app\/uploads\/sites\/6\/2024\/07\/201802le-grattoir-1.jpeg","width":800,"height":643},{"@type":"BreadcrumbList","@id":"https:\/\/vosgesinfo.fr\/gerardmerinfo\/2022\/01\/fin-de-partition-grattoir\/#breadcrumb","itemListElement":[{"@type":"ListItem","position":1,"name":"Home","item":"https:\/\/vosgesinfo.fr\/gerardmerinfo\/"},{"@type":"ListItem","position":2,"name":"Fin de partition pour Le Grattoir"}]},{"@type":"WebSite","@id":"https:\/\/vosgesinfo.fr\/gerardmerinfo\/#website","url":"https:\/\/vosgesinfo.fr\/gerardmerinfo\/","name":"Gerardmer Info","description":"Toute l&#039;actualit\u00e9 de G\u00e9rardmer","publisher":{"@id":"https:\/\/vosgesinfo.fr\/gerardmerinfo\/#organization"},"alternateName":"Toute l'actualit\u00e9 de G\u00e9rardmer","potentialAction":[{"@type":"SearchAction","target":{"@type":"EntryPoint","urlTemplate":"https:\/\/vosgesinfo.fr\/gerardmerinfo\/?s={search_term_string}"},"query-input":"required name=search_term_string"}],"inLanguage":"fr-FR"},{"@type":"Organization","@id":"https:\/\/vosgesinfo.fr\/gerardmerinfo\/#organization","name":"Gerardmer Info","url":"https:\/\/vosgesinfo.fr\/gerardmerinfo\/","logo":{"@type":"ImageObject","inLanguage":"fr-FR","@id":"https:\/\/vosgesinfo.fr\/gerardmerinfo\/#\/schema\/logo\/image\/","url":"https:\/\/vosgesinfo.fr\/app\/uploads\/sites\/6\/2023\/08\/favicon-gerardmerinfo.png","contentUrl":"https:\/\/vosgesinfo.fr\/app\/uploads\/sites\/6\/2023\/08\/favicon-gerardmerinfo.png","width":512,"height":512,"caption":"Gerardmer Info"},"image":{"@id":"https:\/\/vosgesinfo.fr\/gerardmerinfo\/#\/schema\/logo\/image\/"},"sameAs":["https:\/\/www.facebook.com\/profile.php?id=100049475262660","https:\/\/x.com\/VosgesInfo88","https:\/\/www.youtube.com\/@vosgesinfo"]},{"@type":"Person","@id":"https:\/\/vosgesinfo.fr\/gerardmerinfo\/#\/schema\/person\/db5605779a843dad16b5368f3e7613a5","name":"QG","image":{"@type":"ImageObject","inLanguage":"fr-FR","@id":"https:\/\/vosgesinfo.fr\/gerardmerinfo\/#\/schema\/person\/image\/","url":"https:\/\/secure.gravatar.com\/avatar\/ea80c42c204b534408512832fde52504ecabb9706bcb6151cf6175e5b64e6793?s=96&d=mm&r=g","contentUrl":"https:\/\/secure.gravatar.com\/avatar\/ea80c42c204b534408512832fde52504ecabb9706bcb6151cf6175e5b64e6793?s=96&d=mm&r=g","caption":"QG"},"url":"https:\/\/vosgesinfo.fr\/gerardmerinfo\/author\/quentin88\/"}]}},"_links":{"self":[{"href":"https:\/\/vosgesinfo.fr\/gerardmerinfo\/wp-json\/wp\/v2\/posts\/56740","targetHints":{"allow":["GET"]}}],"collection":[{"href":"https:\/\/vosgesinfo.fr\/gerardmerinfo\/wp-json\/wp\/v2\/posts"}],"about":[{"href":"https:\/\/vosgesinfo.fr\/gerardmerinfo\/wp-json\/wp\/v2\/types\/post"}],"author":[{"embeddable":true,"href":"https:\/\/vosgesinfo.fr\/gerardmerinfo\/wp-json\/wp\/v2\/users\/42"}],"replies":[{"embeddable":true,"href":"https:\/\/vosgesinfo.fr\/gerardmerinfo\/wp-json\/wp\/v2\/comments?post=56740"}],"version-history":[{"count":0,"href":"https:\/\/vosgesinfo.fr\/gerardmerinfo\/wp-json\/wp\/v2\/posts\/56740\/revisions"}],"wp:featuredmedia":[{"embeddable":true,"href":"https:\/\/vosgesinfo.fr\/gerardmerinfo\/wp-json\/wp\/v2\/media\/56741"}],"wp:attachment":[{"href":"https:\/\/vosgesinfo.fr\/gerardmerinfo\/wp-json\/wp\/v2\/media?parent=56740"}],"wp:term":[{"taxonomy":"category","embeddable":true,"href":"https:\/\/vosgesinfo.fr\/gerardmerinfo\/wp-json\/wp\/v2\/categories?post=56740"},{"taxonomy":"post_tag","embeddable":true,"href":"https:\/\/vosgesinfo.fr\/gerardmerinfo\/wp-json\/wp\/v2\/tags?post=56740"}],"curies":[{"name":"wp","href":"https:\/\/api.w.org\/{rel}","templated":true}]}}