{"id":56753,"date":"2022-01-12T04:58:15","date_gmt":"2022-01-12T03:58:15","guid":{"rendered":"https:\/\/vosgesinfo.fr\/gerardmerinfo\/2022\/01\/esf-gerardmer-premier-bilan-de-saison-de-ski\/"},"modified":"2022-01-12T04:58:15","modified_gmt":"2022-01-12T03:58:15","slug":"esf-gerardmer-premier-bilan-de-saison-de-ski","status":"publish","type":"post","link":"https:\/\/vosgesinfo.fr\/gerardmerinfo\/2022\/01\/esf-gerardmer-premier-bilan-de-saison-de-ski\/","title":{"rendered":"ESF G\u00e9rardmer \u2013 premier bilan de la saison de ski"},"content":{"rendered":"\n<p><strong>Thierry Bastien a \u00e9t\u00e9 \u00e9lu directeur de l\u2019\u00e9cole de ski de G\u00e9rardmer en juin 2021, il est \u00e0 la t\u00eate d\u2019une \u00e9quipe de 72 moniteurs qui n\u2019ont pas chaum\u00e9 pendant les vacances de No\u00ebl : apr\u00e8s deux saisons compliqu\u00e9es, les vacanciers ont r\u00e9pondu pr\u00e9sent et c\u2019est l\u2019occasion de dresser un premier bilan de la saison.<\/strong><\/p>\n<p>Thierry Bastien est enthousiaste: \u00ab\u00a0<em>On a fait un tr\u00e8s bon d\u00e9but de saison, le public avait une \u00e9norme envie de refaire du ski apr\u00e8s un hiver sans neige puis un hiver Covid<\/em>\u00a0\u00bb. Pendant la premi\u00e8re semaine de No\u00ebl, les conditions \u00e9taient optimales et les vacanciers ont pu profiter de la neige et de la m\u00e9t\u00e9o ensoleill\u00e9e. Il faut dire qu\u2019apr\u00e8s deux ans d\u2019abstinence, l\u2019envie de glisse \u00e9tait \u00e9norme et les skieurs \u00e9taient nombreux \u00e0 d\u00e9valer les pistes de la station g\u00e9r\u00f4moise.<\/p>\n<p>En revanche la deuxi\u00e8me semaine de No\u00ebl fut un peu plus compliqu\u00e9e \u00e0 cause du redoux qui s\u2019est install\u00e9 et qui a occasionn\u00e9 la fermeture des pistes de la Mauselaine pendant trois jours. Qu\u2019\u00e0 cela ne tienne, les moniteurs ont surmont\u00e9 ce probl\u00e8me en d\u00e9pla\u00e7ant les cours vers les pistes de la Bresse. Les skieurs \u00e9taient forcement moins enthousiastes dans ces conditions mais les plus motiv\u00e9s ont pu quand m\u00eame s\u2019adonner \u00e0 la glisse. A noter la forte fr\u00e9quentation des vacanciers belges pendant la premi\u00e8re semaine de janvier. Ils ont ainsi profit\u00e9 du retour de la neige et du soleil sur cette p\u00e9riode qui est habituellement tr\u00e8s calme.<\/p>\n<p>Thierry Bastien rappelle que le domaine de G\u00e9rardmer offre un large panel d\u2019activit\u00e9s de sports d\u2019hiver. Gr\u00e2ce aux moniteurs de l\u2019ESF, il est possible de s\u2019initier au ski nordique, au t\u00e9l\u00e9mark, au biathlon, au ski de randonn\u00e9e ou \u00e0 la raquette, les plus givr\u00e9s peuvent m\u00eame s\u2019essayer au saut \u00e0 ski. Les personnes \u00e0 mobilit\u00e9 r\u00e9duite ne sont pas oubli\u00e9es, il est possible de pratiquer le ski en fauteuil avec des moniteurs qui ont b\u00e9n\u00e9fici\u00e9 d\u2019une formation sp\u00e9cifique pour manipuler le traineau.<\/p>\n","protected":false},"excerpt":{"rendered":"<p>Thierry Bastien a \u00e9t\u00e9 \u00e9lu directeur de l\u2019\u00e9cole de ski de G\u00e9rardmer en juin 2021, il est \u00e0 la t\u00eate [&hellip;]<\/p>\n","protected":false},"author":1,"featured_media":56754,"comment_status":"open","ping_status":"open","sticky":false,"template":"","format":"standard","meta":{"footnotes":""},"categories":[20,25,44,14,15],"tags":[2783,3141,124],"class_list":["post-56753","post","type-post","status-publish","format-standard","has-post-thumbnail","hentry","category-a-la-une","category-gerardmer","category-loisirs","category-sport","category-tourisme","tag-domaine-skiable-alpin-gerardmer","tag-esf-gerardmer","tag-la-mauselaine"],"acf":[],"yoast_head":"<!-- This site is optimized with the Yoast SEO plugin v22.5 - https:\/\/yoast.com\/wordpress\/plugins\/seo\/ -->\n<title>ESF G\u00e9rardmer \u2013 premier bilan de la saison de ski - Gerardmer Info<\/title>\n<meta name=\"robots\" content=\"index, follow, max-snippet:-1, max-image-preview:large, max-video-preview:-1\" \/>\n<link rel=\"canonical\" href=\"https:\/\/vosgesinfo.fr\/gerardmerinfo\/2022\/01\/esf-gerardmer-premier-bilan-de-saison-de-ski\/\" \/>\n<meta name=\"twitter:card\" content=\"summary_large_image\" \/>\n<meta name=\"twitter:title\" content=\"ESF G\u00e9rardmer \u2013 premier bilan de la saison de ski - Gerardmer Info\" \/>\n<meta name=\"twitter:description\" content=\"Thierry Bastien a \u00e9t\u00e9 \u00e9lu directeur de l\u2019\u00e9cole de ski de G\u00e9rardmer en juin 2021, il est \u00e0 la t\u00eate [&hellip;]\" \/>\n<meta name=\"twitter:image\" content=\"https:\/\/vosgesinfo.fr\/app\/uploads\/sites\/6\/2024\/07\/202201vi20211208-mauselaine-029.jpg\" \/>\n<meta name=\"twitter:creator\" content=\"@VosgesInfo88\" \/>\n<meta name=\"twitter:site\" content=\"@VosgesInfo88\" \/>\n<meta name=\"twitter:label1\" content=\"\u00c9crit par\" \/>\n\t<meta name=\"twitter:data1\" content=\"qs_admin\" \/>\n\t<meta name=\"twitter:label2\" content=\"Dur\u00e9e de lecture estim\u00e9e\" \/>\n\t<meta name=\"twitter:data2\" content=\"2 minutes\" \/>\n<script type=\"application\/ld+json\" class=\"yoast-schema-graph\">{\"@context\":\"https:\/\/schema.org\",\"@graph\":[{\"@type\":\"Article\",\"@id\":\"https:\/\/vosgesinfo.fr\/gerardmerinfo\/2022\/01\/esf-gerardmer-premier-bilan-de-saison-de-ski\/#article\",\"isPartOf\":{\"@id\":\"https:\/\/vosgesinfo.fr\/gerardmerinfo\/2022\/01\/esf-gerardmer-premier-bilan-de-saison-de-ski\/\"},\"author\":{\"name\":\"qs_admin\",\"@id\":\"https:\/\/vosgesinfo.fr\/gerardmerinfo\/#\/schema\/person\/bc5d02d71e6932e81b6dadb7386667b1\"},\"headline\":\"ESF G\u00e9rardmer \u2013 premier bilan de la saison de ski\",\"datePublished\":\"2022-01-12T03:58:15+00:00\",\"dateModified\":\"2022-01-12T03:58:15+00:00\",\"mainEntityOfPage\":{\"@id\":\"https:\/\/vosgesinfo.fr\/gerardmerinfo\/2022\/01\/esf-gerardmer-premier-bilan-de-saison-de-ski\/\"},\"wordCount\":395,\"commentCount\":0,\"publisher\":{\"@id\":\"https:\/\/vosgesinfo.fr\/gerardmerinfo\/#organization\"},\"image\":{\"@id\":\"https:\/\/vosgesinfo.fr\/gerardmerinfo\/2022\/01\/esf-gerardmer-premier-bilan-de-saison-de-ski\/#primaryimage\"},\"thumbnailUrl\":\"https:\/\/vosgesinfo.fr\/app\/uploads\/sites\/6\/2024\/07\/202201vi20211208-mauselaine-029.jpg\",\"keywords\":[\"domaine skiable alpin gerardmer\",\"ESF G\u00e9rardmer\",\"la mauselaine\"],\"articleSection\":[\"A la une\",\"G\u00e9rardmer\",\"Loisirs\",\"Sport\",\"Tourisme\"],\"inLanguage\":\"fr-FR\",\"potentialAction\":[{\"@type\":\"CommentAction\",\"name\":\"Comment\",\"target\":[\"https:\/\/vosgesinfo.fr\/gerardmerinfo\/2022\/01\/esf-gerardmer-premier-bilan-de-saison-de-ski\/#respond\"]}]},{\"@type\":\"WebPage\",\"@id\":\"https:\/\/vosgesinfo.fr\/gerardmerinfo\/2022\/01\/esf-gerardmer-premier-bilan-de-saison-de-ski\/\",\"url\":\"https:\/\/vosgesinfo.fr\/gerardmerinfo\/2022\/01\/esf-gerardmer-premier-bilan-de-saison-de-ski\/\",\"name\":\"ESF G\u00e9rardmer \u2013 premier bilan de la saison de ski - Gerardmer Info\",\"isPartOf\":{\"@id\":\"https:\/\/vosgesinfo.fr\/gerardmerinfo\/#website\"},\"primaryImageOfPage\":{\"@id\":\"https:\/\/vosgesinfo.fr\/gerardmerinfo\/2022\/01\/esf-gerardmer-premier-bilan-de-saison-de-ski\/#primaryimage\"},\"image\":{\"@id\":\"https:\/\/vosgesinfo.fr\/gerardmerinfo\/2022\/01\/esf-gerardmer-premier-bilan-de-saison-de-ski\/#primaryimage\"},\"thumbnailUrl\":\"https:\/\/vosgesinfo.fr\/app\/uploads\/sites\/6\/2024\/07\/202201vi20211208-mauselaine-029.jpg\",\"datePublished\":\"2022-01-12T03:58:15+00:00\",\"dateModified\":\"2022-01-12T03:58:15+00:00\",\"breadcrumb\":{\"@id\":\"https:\/\/vosgesinfo.fr\/gerardmerinfo\/2022\/01\/esf-gerardmer-premier-bilan-de-saison-de-ski\/#breadcrumb\"},\"inLanguage\":\"fr-FR\",\"potentialAction\":[{\"@type\":\"ReadAction\",\"target\":[\"https:\/\/vosgesinfo.fr\/gerardmerinfo\/2022\/01\/esf-gerardmer-premier-bilan-de-saison-de-ski\/\"]}]},{\"@type\":\"ImageObject\",\"inLanguage\":\"fr-FR\",\"@id\":\"https:\/\/vosgesinfo.fr\/gerardmerinfo\/2022\/01\/esf-gerardmer-premier-bilan-de-saison-de-ski\/#primaryimage\",\"url\":\"https:\/\/vosgesinfo.fr\/app\/uploads\/sites\/6\/2024\/07\/202201vi20211208-mauselaine-029.jpg\",\"contentUrl\":\"https:\/\/vosgesinfo.fr\/app\/uploads\/sites\/6\/2024\/07\/202201vi20211208-mauselaine-029.jpg\",\"width\":1200,\"height\":800},{\"@type\":\"BreadcrumbList\",\"@id\":\"https:\/\/vosgesinfo.fr\/gerardmerinfo\/2022\/01\/esf-gerardmer-premier-bilan-de-saison-de-ski\/#breadcrumb\",\"itemListElement\":[{\"@type\":\"ListItem\",\"position\":1,\"name\":\"Home\",\"item\":\"https:\/\/vosgesinfo.fr\/gerardmerinfo\/\"},{\"@type\":\"ListItem\",\"position\":2,\"name\":\"ESF G\u00e9rardmer \u2013 premier bilan de la saison de ski\"}]},{\"@type\":\"WebSite\",\"@id\":\"https:\/\/vosgesinfo.fr\/gerardmerinfo\/#website\",\"url\":\"https:\/\/vosgesinfo.fr\/gerardmerinfo\/\",\"name\":\"Gerardmer Info\",\"description\":\"Toute l&#039;actualit\u00e9 de G\u00e9rardmer\",\"publisher\":{\"@id\":\"https:\/\/vosgesinfo.fr\/gerardmerinfo\/#organization\"},\"alternateName\":\"Toute l'actualit\u00e9 de G\u00e9rardmer\",\"potentialAction\":[{\"@type\":\"SearchAction\",\"target\":{\"@type\":\"EntryPoint\",\"urlTemplate\":\"https:\/\/vosgesinfo.fr\/gerardmerinfo\/?s={search_term_string}\"},\"query-input\":\"required name=search_term_string\"}],\"inLanguage\":\"fr-FR\"},{\"@type\":\"Organization\",\"@id\":\"https:\/\/vosgesinfo.fr\/gerardmerinfo\/#organization\",\"name\":\"Gerardmer Info\",\"url\":\"https:\/\/vosgesinfo.fr\/gerardmerinfo\/\",\"logo\":{\"@type\":\"ImageObject\",\"inLanguage\":\"fr-FR\",\"@id\":\"https:\/\/vosgesinfo.fr\/gerardmerinfo\/#\/schema\/logo\/image\/\",\"url\":\"https:\/\/vosgesinfo.fr\/app\/uploads\/sites\/6\/2023\/08\/favicon-gerardmerinfo.png\",\"contentUrl\":\"https:\/\/vosgesinfo.fr\/app\/uploads\/sites\/6\/2023\/08\/favicon-gerardmerinfo.png\",\"width\":512,\"height\":512,\"caption\":\"Gerardmer Info\"},\"image\":{\"@id\":\"https:\/\/vosgesinfo.fr\/gerardmerinfo\/#\/schema\/logo\/image\/\"},\"sameAs\":[\"https:\/\/www.facebook.com\/profile.php?id=100049475262660\",\"https:\/\/x.com\/VosgesInfo88\",\"https:\/\/www.youtube.com\/@vosgesinfo\"]},{\"@type\":\"Person\",\"@id\":\"https:\/\/vosgesinfo.fr\/gerardmerinfo\/#\/schema\/person\/bc5d02d71e6932e81b6dadb7386667b1\",\"name\":\"qs_admin\",\"image\":{\"@type\":\"ImageObject\",\"inLanguage\":\"fr-FR\",\"@id\":\"https:\/\/vosgesinfo.fr\/gerardmerinfo\/#\/schema\/person\/image\/\",\"url\":\"https:\/\/secure.gravatar.com\/avatar\/94b18ee0ed79e4a42ea2f2931277b6841a8999fc6fde214600c78057cf1fe1de?s=96&d=mm&r=g\",\"contentUrl\":\"https:\/\/secure.gravatar.com\/avatar\/94b18ee0ed79e4a42ea2f2931277b6841a8999fc6fde214600c78057cf1fe1de?s=96&d=mm&r=g\",\"caption\":\"qs_admin\"},\"sameAs\":[\"https:\/\/vosgesinfo.fr\/wp\"],\"url\":\"https:\/\/vosgesinfo.fr\/gerardmerinfo\/author\/qs_admin\/\"}]}<\/script>\n<!-- \/ Yoast SEO plugin. -->","yoast_head_json":{"title":"ESF G\u00e9rardmer \u2013 premier bilan de la saison de ski - Gerardmer Info","robots":{"index":"index","follow":"follow","max-snippet":"max-snippet:-1","max-image-preview":"max-image-preview:large","max-video-preview":"max-video-preview:-1"},"canonical":"https:\/\/vosgesinfo.fr\/gerardmerinfo\/2022\/01\/esf-gerardmer-premier-bilan-de-saison-de-ski\/","twitter_card":"summary_large_image","twitter_title":"ESF G\u00e9rardmer \u2013 premier bilan de la saison de ski - Gerardmer Info","twitter_description":"Thierry Bastien a \u00e9t\u00e9 \u00e9lu directeur de l\u2019\u00e9cole de ski de G\u00e9rardmer en juin 2021, il est \u00e0 la t\u00eate [&hellip;]","twitter_image":"https:\/\/vosgesinfo.fr\/app\/uploads\/sites\/6\/2024\/07\/202201vi20211208-mauselaine-029.jpg","twitter_creator":"@VosgesInfo88","twitter_site":"@VosgesInfo88","twitter_misc":{"\u00c9crit par":"qs_admin","Dur\u00e9e de lecture estim\u00e9e":"2 minutes"},"schema":{"@context":"https:\/\/schema.org","@graph":[{"@type":"Article","@id":"https:\/\/vosgesinfo.fr\/gerardmerinfo\/2022\/01\/esf-gerardmer-premier-bilan-de-saison-de-ski\/#article","isPartOf":{"@id":"https:\/\/vosgesinfo.fr\/gerardmerinfo\/2022\/01\/esf-gerardmer-premier-bilan-de-saison-de-ski\/"},"author":{"name":"qs_admin","@id":"https:\/\/vosgesinfo.fr\/gerardmerinfo\/#\/schema\/person\/bc5d02d71e6932e81b6dadb7386667b1"},"headline":"ESF G\u00e9rardmer \u2013 premier bilan de la saison de ski","datePublished":"2022-01-12T03:58:15+00:00","dateModified":"2022-01-12T03:58:15+00:00","mainEntityOfPage":{"@id":"https:\/\/vosgesinfo.fr\/gerardmerinfo\/2022\/01\/esf-gerardmer-premier-bilan-de-saison-de-ski\/"},"wordCount":395,"commentCount":0,"publisher":{"@id":"https:\/\/vosgesinfo.fr\/gerardmerinfo\/#organization"},"image":{"@id":"https:\/\/vosgesinfo.fr\/gerardmerinfo\/2022\/01\/esf-gerardmer-premier-bilan-de-saison-de-ski\/#primaryimage"},"thumbnailUrl":"https:\/\/vosgesinfo.fr\/app\/uploads\/sites\/6\/2024\/07\/202201vi20211208-mauselaine-029.jpg","keywords":["domaine skiable alpin gerardmer","ESF G\u00e9rardmer","la mauselaine"],"articleSection":["A la une","G\u00e9rardmer","Loisirs","Sport","Tourisme"],"inLanguage":"fr-FR","potentialAction":[{"@type":"CommentAction","name":"Comment","target":["https:\/\/vosgesinfo.fr\/gerardmerinfo\/2022\/01\/esf-gerardmer-premier-bilan-de-saison-de-ski\/#respond"]}]},{"@type":"WebPage","@id":"https:\/\/vosgesinfo.fr\/gerardmerinfo\/2022\/01\/esf-gerardmer-premier-bilan-de-saison-de-ski\/","url":"https:\/\/vosgesinfo.fr\/gerardmerinfo\/2022\/01\/esf-gerardmer-premier-bilan-de-saison-de-ski\/","name":"ESF G\u00e9rardmer \u2013 premier bilan de la saison de ski - Gerardmer Info","isPartOf":{"@id":"https:\/\/vosgesinfo.fr\/gerardmerinfo\/#website"},"primaryImageOfPage":{"@id":"https:\/\/vosgesinfo.fr\/gerardmerinfo\/2022\/01\/esf-gerardmer-premier-bilan-de-saison-de-ski\/#primaryimage"},"image":{"@id":"https:\/\/vosgesinfo.fr\/gerardmerinfo\/2022\/01\/esf-gerardmer-premier-bilan-de-saison-de-ski\/#primaryimage"},"thumbnailUrl":"https:\/\/vosgesinfo.fr\/app\/uploads\/sites\/6\/2024\/07\/202201vi20211208-mauselaine-029.jpg","datePublished":"2022-01-12T03:58:15+00:00","dateModified":"2022-01-12T03:58:15+00:00","breadcrumb":{"@id":"https:\/\/vosgesinfo.fr\/gerardmerinfo\/2022\/01\/esf-gerardmer-premier-bilan-de-saison-de-ski\/#breadcrumb"},"inLanguage":"fr-FR","potentialAction":[{"@type":"ReadAction","target":["https:\/\/vosgesinfo.fr\/gerardmerinfo\/2022\/01\/esf-gerardmer-premier-bilan-de-saison-de-ski\/"]}]},{"@type":"ImageObject","inLanguage":"fr-FR","@id":"https:\/\/vosgesinfo.fr\/gerardmerinfo\/2022\/01\/esf-gerardmer-premier-bilan-de-saison-de-ski\/#primaryimage","url":"https:\/\/vosgesinfo.fr\/app\/uploads\/sites\/6\/2024\/07\/202201vi20211208-mauselaine-029.jpg","contentUrl":"https:\/\/vosgesinfo.fr\/app\/uploads\/sites\/6\/2024\/07\/202201vi20211208-mauselaine-029.jpg","width":1200,"height":800},{"@type":"BreadcrumbList","@id":"https:\/\/vosgesinfo.fr\/gerardmerinfo\/2022\/01\/esf-gerardmer-premier-bilan-de-saison-de-ski\/#breadcrumb","itemListElement":[{"@type":"ListItem","position":1,"name":"Home","item":"https:\/\/vosgesinfo.fr\/gerardmerinfo\/"},{"@type":"ListItem","position":2,"name":"ESF G\u00e9rardmer \u2013 premier bilan de la saison de ski"}]},{"@type":"WebSite","@id":"https:\/\/vosgesinfo.fr\/gerardmerinfo\/#website","url":"https:\/\/vosgesinfo.fr\/gerardmerinfo\/","name":"Gerardmer Info","description":"Toute l&#039;actualit\u00e9 de G\u00e9rardmer","publisher":{"@id":"https:\/\/vosgesinfo.fr\/gerardmerinfo\/#organization"},"alternateName":"Toute l'actualit\u00e9 de G\u00e9rardmer","potentialAction":[{"@type":"SearchAction","target":{"@type":"EntryPoint","urlTemplate":"https:\/\/vosgesinfo.fr\/gerardmerinfo\/?s={search_term_string}"},"query-input":"required name=search_term_string"}],"inLanguage":"fr-FR"},{"@type":"Organization","@id":"https:\/\/vosgesinfo.fr\/gerardmerinfo\/#organization","name":"Gerardmer Info","url":"https:\/\/vosgesinfo.fr\/gerardmerinfo\/","logo":{"@type":"ImageObject","inLanguage":"fr-FR","@id":"https:\/\/vosgesinfo.fr\/gerardmerinfo\/#\/schema\/logo\/image\/","url":"https:\/\/vosgesinfo.fr\/app\/uploads\/sites\/6\/2023\/08\/favicon-gerardmerinfo.png","contentUrl":"https:\/\/vosgesinfo.fr\/app\/uploads\/sites\/6\/2023\/08\/favicon-gerardmerinfo.png","width":512,"height":512,"caption":"Gerardmer Info"},"image":{"@id":"https:\/\/vosgesinfo.fr\/gerardmerinfo\/#\/schema\/logo\/image\/"},"sameAs":["https:\/\/www.facebook.com\/profile.php?id=100049475262660","https:\/\/x.com\/VosgesInfo88","https:\/\/www.youtube.com\/@vosgesinfo"]},{"@type":"Person","@id":"https:\/\/vosgesinfo.fr\/gerardmerinfo\/#\/schema\/person\/bc5d02d71e6932e81b6dadb7386667b1","name":"qs_admin","image":{"@type":"ImageObject","inLanguage":"fr-FR","@id":"https:\/\/vosgesinfo.fr\/gerardmerinfo\/#\/schema\/person\/image\/","url":"https:\/\/secure.gravatar.com\/avatar\/94b18ee0ed79e4a42ea2f2931277b6841a8999fc6fde214600c78057cf1fe1de?s=96&d=mm&r=g","contentUrl":"https:\/\/secure.gravatar.com\/avatar\/94b18ee0ed79e4a42ea2f2931277b6841a8999fc6fde214600c78057cf1fe1de?s=96&d=mm&r=g","caption":"qs_admin"},"sameAs":["https:\/\/vosgesinfo.fr\/wp"],"url":"https:\/\/vosgesinfo.fr\/gerardmerinfo\/author\/qs_admin\/"}]}},"_links":{"self":[{"href":"https:\/\/vosgesinfo.fr\/gerardmerinfo\/wp-json\/wp\/v2\/posts\/56753","targetHints":{"allow":["GET"]}}],"collection":[{"href":"https:\/\/vosgesinfo.fr\/gerardmerinfo\/wp-json\/wp\/v2\/posts"}],"about":[{"href":"https:\/\/vosgesinfo.fr\/gerardmerinfo\/wp-json\/wp\/v2\/types\/post"}],"author":[{"embeddable":true,"href":"https:\/\/vosgesinfo.fr\/gerardmerinfo\/wp-json\/wp\/v2\/users\/1"}],"replies":[{"embeddable":true,"href":"https:\/\/vosgesinfo.fr\/gerardmerinfo\/wp-json\/wp\/v2\/comments?post=56753"}],"version-history":[{"count":0,"href":"https:\/\/vosgesinfo.fr\/gerardmerinfo\/wp-json\/wp\/v2\/posts\/56753\/revisions"}],"wp:featuredmedia":[{"embeddable":true,"href":"https:\/\/vosgesinfo.fr\/gerardmerinfo\/wp-json\/wp\/v2\/media\/56754"}],"wp:attachment":[{"href":"https:\/\/vosgesinfo.fr\/gerardmerinfo\/wp-json\/wp\/v2\/media?parent=56753"}],"wp:term":[{"taxonomy":"category","embeddable":true,"href":"https:\/\/vosgesinfo.fr\/gerardmerinfo\/wp-json\/wp\/v2\/categories?post=56753"},{"taxonomy":"post_tag","embeddable":true,"href":"https:\/\/vosgesinfo.fr\/gerardmerinfo\/wp-json\/wp\/v2\/tags?post=56753"}],"curies":[{"name":"wp","href":"https:\/\/api.w.org\/{rel}","templated":true}]}}