{"id":56777,"date":"2022-01-11T17:34:37","date_gmt":"2022-01-11T16:34:37","guid":{"rendered":"https:\/\/vosgesinfo.fr\/gerardmerinfo\/2022\/01\/abonnements-centre-aquatique-de-bien-etre-ouverture-de-lachat\/"},"modified":"2022-01-11T17:34:37","modified_gmt":"2022-01-11T16:34:37","slug":"abonnements-centre-aquatique-de-bien-etre-ouverture-de-lachat","status":"publish","type":"post","link":"https:\/\/vosgesinfo.fr\/gerardmerinfo\/2022\/01\/abonnements-centre-aquatique-de-bien-etre-ouverture-de-lachat\/","title":{"rendered":"Abonnements au Centre Aquatique et de Bien-\u00catre : ouverture de l\u2019achat !"},"content":{"rendered":"<h3>Apr\u00e8s des travaux de r\u00e9habilitation et d\u2019extension, le Centre Aquatique et de Bien-\u00catre va prochainement rouvrir ses portes aux publics !<\/h3>\n<p><a href=\"\/2022\/01\/Affiche-CABE-achat-abonnement_Plan-de-travail-1.jpg\"><img decoding=\"async\" class=\"alignright size-medium wp-image-184560\" src=\"\/2022\/01\/Affiche-CABE-achat-abonnement_Plan-de-travail-1-256x255.jpg\" alt=\"Affiche CABE achat abonnement_Plan de travail 1\" width=\"256\" height=\"255\" \/><\/a>D\u00e9couvrez la nouvelle pataugeoire ludique, le double bassin d\u2019apprentissage et l\u2019espace bien-\u00eatre avec un hammam et un sauna. Amusez-vous sur la patinoire synth\u00e9tique de 800m\u00b2 ou sur le mur d\u2019escalade d\u2019une hauteur de 7,50 m\u00e8tres ! Enfin, le bowling vous attend pour des moments festifs en famille ! De nombreuses activit\u00e9s seront propos\u00e9es dans l\u2019espace aquatique comme l\u2019aqua bike, l\u2019aqua jogging, le jardin aquatique ou l\u2019aqua seniors. Retrouvez d\u00e8s \u00e0 pr\u00e9sent sur le site internet de la ville le programme des activit\u00e9s aquatiques.<\/p>\n<p>&nbsp;<\/p>\n<p>D\u00e8s demain mercredi 12 janvier, achetez votre abonnement pour toutes ces activit\u00e9s !<\/p>\n<p>Abonnements : Piscine + Patinoire + Escalade \/ Sauna \/ Activit\u00e9 Aquatique : en 12 s\u00e9ances, 24 s\u00e9ances ou annuel.<\/p>\n<p>&nbsp;<\/p>\n<p>Pour l\u2019achat d\u2019abonnement, rendez-vous \u00e0 l\u2019accueil du Centre aquatique et de Bien-\u00catre :<\/p>\n<ul>\n<li>Mercredi 12 et jeudi 13 janvier de 8h \u00e0 12h et de 13h30 \u00e0 18h30<\/li>\n<li>Vendredi 14 janvier de 8h \u00e0 12h et de 13h30 \u00e0 17h30<\/li>\n<li>Samedi 15 janvier de 9h \u00e0 12h et de 13h30 \u00e0 18h30<\/li>\n<li>Lundi 17 janvier de 8h \u00e0 12h et de 13h30 \u00e0 17h30<\/li>\n<\/ul>\n<p>&nbsp;<\/p>\n<p>Info flash : Un sac de sport est offert* pour tout achat d\u2019un abonnement annuel \u00e0 la Piscine\/Patinoire\/Escalade, un bonnet de bain est offert* pour tout abonnement 24 s\u00e9ances ou annuel aux activit\u00e9s aquatiques et un sac + un bonnet sont offerts* pour tout abonnement annuel illimit\u00e9 au CABE avec activit\u00e9s aquatiques ! (*dans la limite des stocks disponibles)<\/p>\n<p>&nbsp;<\/p>\n<p>Retrouvez l\u2019ensemble des informations du CABE en vous rendant sur le site internet : <a href=\"https:\/\/www.mairie-gerardmer.fr\/centre-aquatique-et-de-bien-etre\" data-saferedirecturl=\"https:\/\/www.google.com\/url?q=https:\/\/www.mairie-gerardmer.fr\/centre-aquatique-et-de-bien-etre&amp;source=gmail&amp;ust=1642006992614000&amp;usg=AOvVaw2-3lNdpVqVg30RStn2IiEf\">https:\/\/www.mairie-gerardmer.fr\/centre-aquatique-et-de-bien-etre<\/a><\/p>\n<p>Le lien d\u2019inscription aux activit\u00e9s aquatiques y sera communiqu\u00e9 ult\u00e9rieurement.<\/p>\n<p>Renseignements au 03 29 63 22 42 \/ Carte magn\u00e9tique : 2,50\u20ac<\/p>\n<p>&gt; Pass sanitaire obligatoire &lt;<\/p>\n<p>&nbsp;<\/p>\n","protected":false},"excerpt":{"rendered":"<p>Apr\u00e8s des travaux de r\u00e9habilitation et d\u2019extension, le Centre Aquatique et de Bien-\u00catre va prochainement rouvrir ses portes aux publics [&hellip;]<\/p>\n","protected":false},"author":1,"featured_media":56778,"comment_status":"open","ping_status":"open","sticky":false,"template":"","format":"standard","meta":{"footnotes":""},"categories":[20,25,14,18],"tags":[],"class_list":["post-56777","post","type-post","status-publish","format-standard","has-post-thumbnail","hentry","category-a-la-une","category-gerardmer","category-sport","category-vosges"],"acf":[],"yoast_head":"<!-- This site is optimized with the Yoast SEO plugin v22.5 - https:\/\/yoast.com\/wordpress\/plugins\/seo\/ -->\n<title>Abonnements au Centre Aquatique et de Bien-\u00catre : ouverture de l\u2019achat ! - Gerardmer Info<\/title>\n<meta name=\"robots\" content=\"index, follow, max-snippet:-1, max-image-preview:large, max-video-preview:-1\" \/>\n<link rel=\"canonical\" href=\"https:\/\/vosgesinfo.fr\/gerardmerinfo\/2022\/01\/abonnements-centre-aquatique-de-bien-etre-ouverture-de-lachat\/\" \/>\n<meta name=\"twitter:card\" content=\"summary_large_image\" \/>\n<meta name=\"twitter:title\" content=\"Abonnements au Centre Aquatique et de Bien-\u00catre : ouverture de l\u2019achat ! - Gerardmer Info\" \/>\n<meta name=\"twitter:description\" content=\"Apr\u00e8s des travaux de r\u00e9habilitation et d\u2019extension, le Centre Aquatique et de Bien-\u00catre va prochainement rouvrir ses portes aux publics [&hellip;]\" \/>\n<meta name=\"twitter:image\" content=\"https:\/\/vosgesinfo.fr\/app\/uploads\/sites\/6\/2024\/07\/202201affiche-cabe-achat-abonnement-plan-de-travail-1.jpg\" \/>\n<meta name=\"twitter:creator\" content=\"@VosgesInfo88\" \/>\n<meta name=\"twitter:site\" content=\"@VosgesInfo88\" \/>\n<meta name=\"twitter:label1\" content=\"\u00c9crit par\" \/>\n\t<meta name=\"twitter:data1\" content=\"qs_admin\" \/>\n\t<meta name=\"twitter:label2\" content=\"Dur\u00e9e de lecture estim\u00e9e\" \/>\n\t<meta name=\"twitter:data2\" content=\"2 minutes\" \/>\n<script type=\"application\/ld+json\" class=\"yoast-schema-graph\">{\"@context\":\"https:\/\/schema.org\",\"@graph\":[{\"@type\":\"Article\",\"@id\":\"https:\/\/vosgesinfo.fr\/gerardmerinfo\/2022\/01\/abonnements-centre-aquatique-de-bien-etre-ouverture-de-lachat\/#article\",\"isPartOf\":{\"@id\":\"https:\/\/vosgesinfo.fr\/gerardmerinfo\/2022\/01\/abonnements-centre-aquatique-de-bien-etre-ouverture-de-lachat\/\"},\"author\":{\"name\":\"qs_admin\",\"@id\":\"https:\/\/vosgesinfo.fr\/gerardmerinfo\/#\/schema\/person\/bc5d02d71e6932e81b6dadb7386667b1\"},\"headline\":\"Abonnements au Centre Aquatique et de Bien-\u00catre : ouverture de l\u2019achat !\",\"datePublished\":\"2022-01-11T16:34:37+00:00\",\"dateModified\":\"2022-01-11T16:34:37+00:00\",\"mainEntityOfPage\":{\"@id\":\"https:\/\/vosgesinfo.fr\/gerardmerinfo\/2022\/01\/abonnements-centre-aquatique-de-bien-etre-ouverture-de-lachat\/\"},\"wordCount\":319,\"commentCount\":0,\"publisher\":{\"@id\":\"https:\/\/vosgesinfo.fr\/gerardmerinfo\/#organization\"},\"image\":{\"@id\":\"https:\/\/vosgesinfo.fr\/gerardmerinfo\/2022\/01\/abonnements-centre-aquatique-de-bien-etre-ouverture-de-lachat\/#primaryimage\"},\"thumbnailUrl\":\"https:\/\/vosgesinfo.fr\/app\/uploads\/sites\/6\/2024\/07\/202201affiche-cabe-achat-abonnement-plan-de-travail-1.jpg\",\"articleSection\":[\"A la une\",\"G\u00e9rardmer\",\"Sport\",\"Vosges\"],\"inLanguage\":\"fr-FR\",\"potentialAction\":[{\"@type\":\"CommentAction\",\"name\":\"Comment\",\"target\":[\"https:\/\/vosgesinfo.fr\/gerardmerinfo\/2022\/01\/abonnements-centre-aquatique-de-bien-etre-ouverture-de-lachat\/#respond\"]}]},{\"@type\":\"WebPage\",\"@id\":\"https:\/\/vosgesinfo.fr\/gerardmerinfo\/2022\/01\/abonnements-centre-aquatique-de-bien-etre-ouverture-de-lachat\/\",\"url\":\"https:\/\/vosgesinfo.fr\/gerardmerinfo\/2022\/01\/abonnements-centre-aquatique-de-bien-etre-ouverture-de-lachat\/\",\"name\":\"Abonnements au Centre Aquatique et de Bien-\u00catre : ouverture de l\u2019achat ! - Gerardmer Info\",\"isPartOf\":{\"@id\":\"https:\/\/vosgesinfo.fr\/gerardmerinfo\/#website\"},\"primaryImageOfPage\":{\"@id\":\"https:\/\/vosgesinfo.fr\/gerardmerinfo\/2022\/01\/abonnements-centre-aquatique-de-bien-etre-ouverture-de-lachat\/#primaryimage\"},\"image\":{\"@id\":\"https:\/\/vosgesinfo.fr\/gerardmerinfo\/2022\/01\/abonnements-centre-aquatique-de-bien-etre-ouverture-de-lachat\/#primaryimage\"},\"thumbnailUrl\":\"https:\/\/vosgesinfo.fr\/app\/uploads\/sites\/6\/2024\/07\/202201affiche-cabe-achat-abonnement-plan-de-travail-1.jpg\",\"datePublished\":\"2022-01-11T16:34:37+00:00\",\"dateModified\":\"2022-01-11T16:34:37+00:00\",\"breadcrumb\":{\"@id\":\"https:\/\/vosgesinfo.fr\/gerardmerinfo\/2022\/01\/abonnements-centre-aquatique-de-bien-etre-ouverture-de-lachat\/#breadcrumb\"},\"inLanguage\":\"fr-FR\",\"potentialAction\":[{\"@type\":\"ReadAction\",\"target\":[\"https:\/\/vosgesinfo.fr\/gerardmerinfo\/2022\/01\/abonnements-centre-aquatique-de-bien-etre-ouverture-de-lachat\/\"]}]},{\"@type\":\"ImageObject\",\"inLanguage\":\"fr-FR\",\"@id\":\"https:\/\/vosgesinfo.fr\/gerardmerinfo\/2022\/01\/abonnements-centre-aquatique-de-bien-etre-ouverture-de-lachat\/#primaryimage\",\"url\":\"https:\/\/vosgesinfo.fr\/app\/uploads\/sites\/6\/2024\/07\/202201affiche-cabe-achat-abonnement-plan-de-travail-1.jpg\",\"contentUrl\":\"https:\/\/vosgesinfo.fr\/app\/uploads\/sites\/6\/2024\/07\/202201affiche-cabe-achat-abonnement-plan-de-travail-1.jpg\",\"width\":1600,\"height\":1594},{\"@type\":\"BreadcrumbList\",\"@id\":\"https:\/\/vosgesinfo.fr\/gerardmerinfo\/2022\/01\/abonnements-centre-aquatique-de-bien-etre-ouverture-de-lachat\/#breadcrumb\",\"itemListElement\":[{\"@type\":\"ListItem\",\"position\":1,\"name\":\"Home\",\"item\":\"https:\/\/vosgesinfo.fr\/gerardmerinfo\/\"},{\"@type\":\"ListItem\",\"position\":2,\"name\":\"Abonnements au Centre Aquatique et de Bien-\u00catre : ouverture de l\u2019achat !\"}]},{\"@type\":\"WebSite\",\"@id\":\"https:\/\/vosgesinfo.fr\/gerardmerinfo\/#website\",\"url\":\"https:\/\/vosgesinfo.fr\/gerardmerinfo\/\",\"name\":\"Gerardmer Info\",\"description\":\"Toute l&#039;actualit\u00e9 de G\u00e9rardmer\",\"publisher\":{\"@id\":\"https:\/\/vosgesinfo.fr\/gerardmerinfo\/#organization\"},\"alternateName\":\"Toute l'actualit\u00e9 de G\u00e9rardmer\",\"potentialAction\":[{\"@type\":\"SearchAction\",\"target\":{\"@type\":\"EntryPoint\",\"urlTemplate\":\"https:\/\/vosgesinfo.fr\/gerardmerinfo\/?s={search_term_string}\"},\"query-input\":\"required name=search_term_string\"}],\"inLanguage\":\"fr-FR\"},{\"@type\":\"Organization\",\"@id\":\"https:\/\/vosgesinfo.fr\/gerardmerinfo\/#organization\",\"name\":\"Gerardmer Info\",\"url\":\"https:\/\/vosgesinfo.fr\/gerardmerinfo\/\",\"logo\":{\"@type\":\"ImageObject\",\"inLanguage\":\"fr-FR\",\"@id\":\"https:\/\/vosgesinfo.fr\/gerardmerinfo\/#\/schema\/logo\/image\/\",\"url\":\"https:\/\/vosgesinfo.fr\/app\/uploads\/sites\/6\/2023\/08\/favicon-gerardmerinfo.png\",\"contentUrl\":\"https:\/\/vosgesinfo.fr\/app\/uploads\/sites\/6\/2023\/08\/favicon-gerardmerinfo.png\",\"width\":512,\"height\":512,\"caption\":\"Gerardmer Info\"},\"image\":{\"@id\":\"https:\/\/vosgesinfo.fr\/gerardmerinfo\/#\/schema\/logo\/image\/\"},\"sameAs\":[\"https:\/\/www.facebook.com\/profile.php?id=100049475262660\",\"https:\/\/x.com\/VosgesInfo88\",\"https:\/\/www.youtube.com\/@vosgesinfo\"]},{\"@type\":\"Person\",\"@id\":\"https:\/\/vosgesinfo.fr\/gerardmerinfo\/#\/schema\/person\/bc5d02d71e6932e81b6dadb7386667b1\",\"name\":\"qs_admin\",\"image\":{\"@type\":\"ImageObject\",\"inLanguage\":\"fr-FR\",\"@id\":\"https:\/\/vosgesinfo.fr\/gerardmerinfo\/#\/schema\/person\/image\/\",\"url\":\"https:\/\/secure.gravatar.com\/avatar\/94b18ee0ed79e4a42ea2f2931277b6841a8999fc6fde214600c78057cf1fe1de?s=96&d=mm&r=g\",\"contentUrl\":\"https:\/\/secure.gravatar.com\/avatar\/94b18ee0ed79e4a42ea2f2931277b6841a8999fc6fde214600c78057cf1fe1de?s=96&d=mm&r=g\",\"caption\":\"qs_admin\"},\"sameAs\":[\"https:\/\/vosgesinfo.fr\/wp\"],\"url\":\"https:\/\/vosgesinfo.fr\/gerardmerinfo\/author\/qs_admin\/\"}]}<\/script>\n<!-- \/ Yoast SEO plugin. -->","yoast_head_json":{"title":"Abonnements au Centre Aquatique et de Bien-\u00catre : ouverture de l\u2019achat ! - Gerardmer Info","robots":{"index":"index","follow":"follow","max-snippet":"max-snippet:-1","max-image-preview":"max-image-preview:large","max-video-preview":"max-video-preview:-1"},"canonical":"https:\/\/vosgesinfo.fr\/gerardmerinfo\/2022\/01\/abonnements-centre-aquatique-de-bien-etre-ouverture-de-lachat\/","twitter_card":"summary_large_image","twitter_title":"Abonnements au Centre Aquatique et de Bien-\u00catre : ouverture de l\u2019achat ! - Gerardmer Info","twitter_description":"Apr\u00e8s des travaux de r\u00e9habilitation et d\u2019extension, le Centre Aquatique et de Bien-\u00catre va prochainement rouvrir ses portes aux publics [&hellip;]","twitter_image":"https:\/\/vosgesinfo.fr\/app\/uploads\/sites\/6\/2024\/07\/202201affiche-cabe-achat-abonnement-plan-de-travail-1.jpg","twitter_creator":"@VosgesInfo88","twitter_site":"@VosgesInfo88","twitter_misc":{"\u00c9crit par":"qs_admin","Dur\u00e9e de lecture estim\u00e9e":"2 minutes"},"schema":{"@context":"https:\/\/schema.org","@graph":[{"@type":"Article","@id":"https:\/\/vosgesinfo.fr\/gerardmerinfo\/2022\/01\/abonnements-centre-aquatique-de-bien-etre-ouverture-de-lachat\/#article","isPartOf":{"@id":"https:\/\/vosgesinfo.fr\/gerardmerinfo\/2022\/01\/abonnements-centre-aquatique-de-bien-etre-ouverture-de-lachat\/"},"author":{"name":"qs_admin","@id":"https:\/\/vosgesinfo.fr\/gerardmerinfo\/#\/schema\/person\/bc5d02d71e6932e81b6dadb7386667b1"},"headline":"Abonnements au Centre Aquatique et de Bien-\u00catre : ouverture de l\u2019achat !","datePublished":"2022-01-11T16:34:37+00:00","dateModified":"2022-01-11T16:34:37+00:00","mainEntityOfPage":{"@id":"https:\/\/vosgesinfo.fr\/gerardmerinfo\/2022\/01\/abonnements-centre-aquatique-de-bien-etre-ouverture-de-lachat\/"},"wordCount":319,"commentCount":0,"publisher":{"@id":"https:\/\/vosgesinfo.fr\/gerardmerinfo\/#organization"},"image":{"@id":"https:\/\/vosgesinfo.fr\/gerardmerinfo\/2022\/01\/abonnements-centre-aquatique-de-bien-etre-ouverture-de-lachat\/#primaryimage"},"thumbnailUrl":"https:\/\/vosgesinfo.fr\/app\/uploads\/sites\/6\/2024\/07\/202201affiche-cabe-achat-abonnement-plan-de-travail-1.jpg","articleSection":["A la une","G\u00e9rardmer","Sport","Vosges"],"inLanguage":"fr-FR","potentialAction":[{"@type":"CommentAction","name":"Comment","target":["https:\/\/vosgesinfo.fr\/gerardmerinfo\/2022\/01\/abonnements-centre-aquatique-de-bien-etre-ouverture-de-lachat\/#respond"]}]},{"@type":"WebPage","@id":"https:\/\/vosgesinfo.fr\/gerardmerinfo\/2022\/01\/abonnements-centre-aquatique-de-bien-etre-ouverture-de-lachat\/","url":"https:\/\/vosgesinfo.fr\/gerardmerinfo\/2022\/01\/abonnements-centre-aquatique-de-bien-etre-ouverture-de-lachat\/","name":"Abonnements au Centre Aquatique et de Bien-\u00catre : ouverture de l\u2019achat ! - Gerardmer Info","isPartOf":{"@id":"https:\/\/vosgesinfo.fr\/gerardmerinfo\/#website"},"primaryImageOfPage":{"@id":"https:\/\/vosgesinfo.fr\/gerardmerinfo\/2022\/01\/abonnements-centre-aquatique-de-bien-etre-ouverture-de-lachat\/#primaryimage"},"image":{"@id":"https:\/\/vosgesinfo.fr\/gerardmerinfo\/2022\/01\/abonnements-centre-aquatique-de-bien-etre-ouverture-de-lachat\/#primaryimage"},"thumbnailUrl":"https:\/\/vosgesinfo.fr\/app\/uploads\/sites\/6\/2024\/07\/202201affiche-cabe-achat-abonnement-plan-de-travail-1.jpg","datePublished":"2022-01-11T16:34:37+00:00","dateModified":"2022-01-11T16:34:37+00:00","breadcrumb":{"@id":"https:\/\/vosgesinfo.fr\/gerardmerinfo\/2022\/01\/abonnements-centre-aquatique-de-bien-etre-ouverture-de-lachat\/#breadcrumb"},"inLanguage":"fr-FR","potentialAction":[{"@type":"ReadAction","target":["https:\/\/vosgesinfo.fr\/gerardmerinfo\/2022\/01\/abonnements-centre-aquatique-de-bien-etre-ouverture-de-lachat\/"]}]},{"@type":"ImageObject","inLanguage":"fr-FR","@id":"https:\/\/vosgesinfo.fr\/gerardmerinfo\/2022\/01\/abonnements-centre-aquatique-de-bien-etre-ouverture-de-lachat\/#primaryimage","url":"https:\/\/vosgesinfo.fr\/app\/uploads\/sites\/6\/2024\/07\/202201affiche-cabe-achat-abonnement-plan-de-travail-1.jpg","contentUrl":"https:\/\/vosgesinfo.fr\/app\/uploads\/sites\/6\/2024\/07\/202201affiche-cabe-achat-abonnement-plan-de-travail-1.jpg","width":1600,"height":1594},{"@type":"BreadcrumbList","@id":"https:\/\/vosgesinfo.fr\/gerardmerinfo\/2022\/01\/abonnements-centre-aquatique-de-bien-etre-ouverture-de-lachat\/#breadcrumb","itemListElement":[{"@type":"ListItem","position":1,"name":"Home","item":"https:\/\/vosgesinfo.fr\/gerardmerinfo\/"},{"@type":"ListItem","position":2,"name":"Abonnements au Centre Aquatique et de Bien-\u00catre : ouverture de l\u2019achat !"}]},{"@type":"WebSite","@id":"https:\/\/vosgesinfo.fr\/gerardmerinfo\/#website","url":"https:\/\/vosgesinfo.fr\/gerardmerinfo\/","name":"Gerardmer Info","description":"Toute l&#039;actualit\u00e9 de G\u00e9rardmer","publisher":{"@id":"https:\/\/vosgesinfo.fr\/gerardmerinfo\/#organization"},"alternateName":"Toute l'actualit\u00e9 de G\u00e9rardmer","potentialAction":[{"@type":"SearchAction","target":{"@type":"EntryPoint","urlTemplate":"https:\/\/vosgesinfo.fr\/gerardmerinfo\/?s={search_term_string}"},"query-input":"required name=search_term_string"}],"inLanguage":"fr-FR"},{"@type":"Organization","@id":"https:\/\/vosgesinfo.fr\/gerardmerinfo\/#organization","name":"Gerardmer Info","url":"https:\/\/vosgesinfo.fr\/gerardmerinfo\/","logo":{"@type":"ImageObject","inLanguage":"fr-FR","@id":"https:\/\/vosgesinfo.fr\/gerardmerinfo\/#\/schema\/logo\/image\/","url":"https:\/\/vosgesinfo.fr\/app\/uploads\/sites\/6\/2023\/08\/favicon-gerardmerinfo.png","contentUrl":"https:\/\/vosgesinfo.fr\/app\/uploads\/sites\/6\/2023\/08\/favicon-gerardmerinfo.png","width":512,"height":512,"caption":"Gerardmer Info"},"image":{"@id":"https:\/\/vosgesinfo.fr\/gerardmerinfo\/#\/schema\/logo\/image\/"},"sameAs":["https:\/\/www.facebook.com\/profile.php?id=100049475262660","https:\/\/x.com\/VosgesInfo88","https:\/\/www.youtube.com\/@vosgesinfo"]},{"@type":"Person","@id":"https:\/\/vosgesinfo.fr\/gerardmerinfo\/#\/schema\/person\/bc5d02d71e6932e81b6dadb7386667b1","name":"qs_admin","image":{"@type":"ImageObject","inLanguage":"fr-FR","@id":"https:\/\/vosgesinfo.fr\/gerardmerinfo\/#\/schema\/person\/image\/","url":"https:\/\/secure.gravatar.com\/avatar\/94b18ee0ed79e4a42ea2f2931277b6841a8999fc6fde214600c78057cf1fe1de?s=96&d=mm&r=g","contentUrl":"https:\/\/secure.gravatar.com\/avatar\/94b18ee0ed79e4a42ea2f2931277b6841a8999fc6fde214600c78057cf1fe1de?s=96&d=mm&r=g","caption":"qs_admin"},"sameAs":["https:\/\/vosgesinfo.fr\/wp"],"url":"https:\/\/vosgesinfo.fr\/gerardmerinfo\/author\/qs_admin\/"}]}},"_links":{"self":[{"href":"https:\/\/vosgesinfo.fr\/gerardmerinfo\/wp-json\/wp\/v2\/posts\/56777","targetHints":{"allow":["GET"]}}],"collection":[{"href":"https:\/\/vosgesinfo.fr\/gerardmerinfo\/wp-json\/wp\/v2\/posts"}],"about":[{"href":"https:\/\/vosgesinfo.fr\/gerardmerinfo\/wp-json\/wp\/v2\/types\/post"}],"author":[{"embeddable":true,"href":"https:\/\/vosgesinfo.fr\/gerardmerinfo\/wp-json\/wp\/v2\/users\/1"}],"replies":[{"embeddable":true,"href":"https:\/\/vosgesinfo.fr\/gerardmerinfo\/wp-json\/wp\/v2\/comments?post=56777"}],"version-history":[{"count":0,"href":"https:\/\/vosgesinfo.fr\/gerardmerinfo\/wp-json\/wp\/v2\/posts\/56777\/revisions"}],"wp:featuredmedia":[{"embeddable":true,"href":"https:\/\/vosgesinfo.fr\/gerardmerinfo\/wp-json\/wp\/v2\/media\/56778"}],"wp:attachment":[{"href":"https:\/\/vosgesinfo.fr\/gerardmerinfo\/wp-json\/wp\/v2\/media?parent=56777"}],"wp:term":[{"taxonomy":"category","embeddable":true,"href":"https:\/\/vosgesinfo.fr\/gerardmerinfo\/wp-json\/wp\/v2\/categories?post=56777"},{"taxonomy":"post_tag","embeddable":true,"href":"https:\/\/vosgesinfo.fr\/gerardmerinfo\/wp-json\/wp\/v2\/tags?post=56777"}],"curies":[{"name":"wp","href":"https:\/\/api.w.org\/{rel}","templated":true}]}}