{"id":56847,"date":"2022-01-17T05:00:33","date_gmt":"2022-01-17T04:00:33","guid":{"rendered":"https:\/\/vosgesinfo.fr\/gerardmerinfo\/2022\/01\/cine-debat-a-mcl-diable-nexiste-vost-participation-damnesty-international-remiremont\/"},"modified":"2022-01-17T05:00:33","modified_gmt":"2022-01-17T04:00:33","slug":"cine-debat-a-mcl-diable-nexiste-vost-participation-damnesty-international-remiremont","status":"publish","type":"post","link":"https:\/\/vosgesinfo.fr\/gerardmerinfo\/2022\/01\/cine-debat-a-mcl-diable-nexiste-vost-participation-damnesty-international-remiremont\/","title":{"rendered":"Cin\u00e9 d\u00e9bat \u00e0 la MCL : \u00ab\u00a0Le diable n\u2019existe pas\u00a0\u00bb en VOST avec la participation d\u2019Amnesty International Remiremont"},"content":{"rendered":"<div class=\"tribe-events-schedule tribe-clearfix\">\n<h3>Le diable n\u2019existe pas est un film iranien remarquable qui a eu l\u2019ours d\u2019or en 2020 au festival de Berlin. A l\u2019issue de la s\u00e9ance un d\u00e9bat sera anim\u00e9 par des membres d\u2019Amnesty International Remiremont.<\/h3>\n<p>&nbsp;<\/p>\n<p><strong><a href=\"\/2022\/01\/CD_diableexistepas_2301.jpg\"><img decoding=\"async\" class=\"alignright size-medium wp-image-184761\" src=\"\/2022\/01\/CD_diableexistepas_2301-180x255.jpg\" alt=\"CD_diableexistepas_2301\" width=\"180\" height=\"255\" \/><\/a>Synopsis :<\/strong><\/p>\n<p>Iran, de nos jours. Heshmat est un mari et un p\u00e8re exemplaire mais nul ne sait o\u00f9 il va tous les matins. Pouya, jeune conscrit, ne peut se r\u00e9soudre \u00e0 tuer un homme comme on lui ordonne de le faire. Javad, venu demander sa bien-aim\u00e9e en mariage, est soudain prisonnier d\u2019un dilemme corn\u00e9lien.\u00a0Bharam, m\u00e9decin interdit d\u2019exercer, a\u00a0enfin d\u00e9cid\u00e9 de r\u00e9v\u00e9ler\u00a0\u00e0 sa ni\u00e8ce le secret de toute une vie. Ces quatre r\u00e9cits sont inexorablement li\u00e9s. Dans un r\u00e9gime despotique o\u00f9 la peine de mort existe encore, des hommes et des femmes se battent pour affirmer leur libert\u00e9.<\/p>\n<p>&nbsp;<\/p>\n<p>S\u00e9ance le dimanche 23 janvier <span class=\"tribe-event-date-start\">\u00e0 15 h 00\u00e0 la MCL de G\u00e9rardmer.<br \/>\n<\/span><\/p>\n<p><span lang=\"fr-FR\"><i><b>Tarif Plein \u2013 6.5\u20ac \/ Adh. MCL 5.70\u20ac \/ Moins de 16 ans : 4\u20ac<\/b><\/i><\/span><span lang=\"fr-FR\"><i><br \/>\n<\/i><\/span><span lang=\"fr-FR\"><i>Achat des places en pr\u00e9-vente \u00e0 la MCL <\/i><\/span><span lang=\"fr-FR\"><i>et <a href=\"https:\/\/www.ticketingcine.fr\/index.php?lang=fr&amp;nc=0707&amp;ids=6075\">ici<\/a> <\/i><\/span><i><\/i><span lang=\"fr-FR\"><i>disponible d\u00e8s maintenant !<\/i><\/span><\/p>\n<\/div>\n","protected":false},"excerpt":{"rendered":"<p>Le diable n\u2019existe pas est un film iranien remarquable qui a eu l\u2019ours d\u2019or en 2020 au festival de Berlin. [&hellip;]<\/p>\n","protected":false},"author":42,"featured_media":56848,"comment_status":"open","ping_status":"open","sticky":false,"template":"","format":"standard","meta":{"footnotes":""},"categories":[20,4],"tags":[],"class_list":["post-56847","post","type-post","status-publish","format-standard","has-post-thumbnail","hentry","category-a-la-une","category-culture"],"acf":[],"yoast_head":"<!-- This site is optimized with the Yoast SEO plugin v22.5 - https:\/\/yoast.com\/wordpress\/plugins\/seo\/ -->\n<title>Cin\u00e9 d\u00e9bat \u00e0 la MCL : &quot;Le diable n\u2019existe pas&quot; en VOST avec la participation d\u2019Amnesty International Remiremont - Gerardmer Info<\/title>\n<meta name=\"robots\" content=\"index, follow, max-snippet:-1, max-image-preview:large, max-video-preview:-1\" \/>\n<link rel=\"canonical\" href=\"https:\/\/vosgesinfo.fr\/gerardmerinfo\/2022\/01\/cine-debat-a-mcl-diable-nexiste-vost-participation-damnesty-international-remiremont\/\" \/>\n<meta name=\"twitter:card\" content=\"summary_large_image\" \/>\n<meta name=\"twitter:title\" content=\"Cin\u00e9 d\u00e9bat \u00e0 la MCL : &quot;Le diable n\u2019existe pas&quot; en VOST avec la participation d\u2019Amnesty International Remiremont - Gerardmer Info\" \/>\n<meta name=\"twitter:description\" content=\"Le diable n\u2019existe pas est un film iranien remarquable qui a eu l\u2019ours d\u2019or en 2020 au festival de Berlin. [&hellip;]\" \/>\n<meta name=\"twitter:image\" content=\"https:\/\/vosgesinfo.fr\/app\/uploads\/sites\/6\/2024\/07\/202201cd-diableexistepas-2301.jpg\" \/>\n<meta name=\"twitter:creator\" content=\"@VosgesInfo88\" \/>\n<meta name=\"twitter:site\" content=\"@VosgesInfo88\" \/>\n<meta name=\"twitter:label1\" content=\"\u00c9crit par\" \/>\n\t<meta name=\"twitter:data1\" content=\"QG\" \/>\n\t<meta name=\"twitter:label2\" content=\"Dur\u00e9e de lecture estim\u00e9e\" \/>\n\t<meta name=\"twitter:data2\" content=\"1 minute\" \/>\n<script type=\"application\/ld+json\" class=\"yoast-schema-graph\">{\"@context\":\"https:\/\/schema.org\",\"@graph\":[{\"@type\":\"Article\",\"@id\":\"https:\/\/vosgesinfo.fr\/gerardmerinfo\/2022\/01\/cine-debat-a-mcl-diable-nexiste-vost-participation-damnesty-international-remiremont\/#article\",\"isPartOf\":{\"@id\":\"https:\/\/vosgesinfo.fr\/gerardmerinfo\/2022\/01\/cine-debat-a-mcl-diable-nexiste-vost-participation-damnesty-international-remiremont\/\"},\"author\":{\"name\":\"QG\",\"@id\":\"https:\/\/vosgesinfo.fr\/gerardmerinfo\/#\/schema\/person\/db5605779a843dad16b5368f3e7613a5\"},\"headline\":\"Cin\u00e9 d\u00e9bat \u00e0 la MCL : \u00ab\u00a0Le diable n\u2019existe pas\u00a0\u00bb en VOST avec la participation d\u2019Amnesty International Remiremont\",\"datePublished\":\"2022-01-17T04:00:33+00:00\",\"dateModified\":\"2022-01-17T04:00:33+00:00\",\"mainEntityOfPage\":{\"@id\":\"https:\/\/vosgesinfo.fr\/gerardmerinfo\/2022\/01\/cine-debat-a-mcl-diable-nexiste-vost-participation-damnesty-international-remiremont\/\"},\"wordCount\":206,\"commentCount\":0,\"publisher\":{\"@id\":\"https:\/\/vosgesinfo.fr\/gerardmerinfo\/#organization\"},\"image\":{\"@id\":\"https:\/\/vosgesinfo.fr\/gerardmerinfo\/2022\/01\/cine-debat-a-mcl-diable-nexiste-vost-participation-damnesty-international-remiremont\/#primaryimage\"},\"thumbnailUrl\":\"https:\/\/vosgesinfo.fr\/app\/uploads\/sites\/6\/2024\/07\/202201cd-diableexistepas-2301.jpg\",\"articleSection\":[\"A la une\",\"Culture\"],\"inLanguage\":\"fr-FR\",\"potentialAction\":[{\"@type\":\"CommentAction\",\"name\":\"Comment\",\"target\":[\"https:\/\/vosgesinfo.fr\/gerardmerinfo\/2022\/01\/cine-debat-a-mcl-diable-nexiste-vost-participation-damnesty-international-remiremont\/#respond\"]}]},{\"@type\":\"WebPage\",\"@id\":\"https:\/\/vosgesinfo.fr\/gerardmerinfo\/2022\/01\/cine-debat-a-mcl-diable-nexiste-vost-participation-damnesty-international-remiremont\/\",\"url\":\"https:\/\/vosgesinfo.fr\/gerardmerinfo\/2022\/01\/cine-debat-a-mcl-diable-nexiste-vost-participation-damnesty-international-remiremont\/\",\"name\":\"Cin\u00e9 d\u00e9bat \u00e0 la MCL : \\\"Le diable n\u2019existe pas\\\" en VOST avec la participation d\u2019Amnesty International Remiremont - Gerardmer Info\",\"isPartOf\":{\"@id\":\"https:\/\/vosgesinfo.fr\/gerardmerinfo\/#website\"},\"primaryImageOfPage\":{\"@id\":\"https:\/\/vosgesinfo.fr\/gerardmerinfo\/2022\/01\/cine-debat-a-mcl-diable-nexiste-vost-participation-damnesty-international-remiremont\/#primaryimage\"},\"image\":{\"@id\":\"https:\/\/vosgesinfo.fr\/gerardmerinfo\/2022\/01\/cine-debat-a-mcl-diable-nexiste-vost-participation-damnesty-international-remiremont\/#primaryimage\"},\"thumbnailUrl\":\"https:\/\/vosgesinfo.fr\/app\/uploads\/sites\/6\/2024\/07\/202201cd-diableexistepas-2301.jpg\",\"datePublished\":\"2022-01-17T04:00:33+00:00\",\"dateModified\":\"2022-01-17T04:00:33+00:00\",\"breadcrumb\":{\"@id\":\"https:\/\/vosgesinfo.fr\/gerardmerinfo\/2022\/01\/cine-debat-a-mcl-diable-nexiste-vost-participation-damnesty-international-remiremont\/#breadcrumb\"},\"inLanguage\":\"fr-FR\",\"potentialAction\":[{\"@type\":\"ReadAction\",\"target\":[\"https:\/\/vosgesinfo.fr\/gerardmerinfo\/2022\/01\/cine-debat-a-mcl-diable-nexiste-vost-participation-damnesty-international-remiremont\/\"]}]},{\"@type\":\"ImageObject\",\"inLanguage\":\"fr-FR\",\"@id\":\"https:\/\/vosgesinfo.fr\/gerardmerinfo\/2022\/01\/cine-debat-a-mcl-diable-nexiste-vost-participation-damnesty-international-remiremont\/#primaryimage\",\"url\":\"https:\/\/vosgesinfo.fr\/app\/uploads\/sites\/6\/2024\/07\/202201cd-diableexistepas-2301.jpg\",\"contentUrl\":\"https:\/\/vosgesinfo.fr\/app\/uploads\/sites\/6\/2024\/07\/202201cd-diableexistepas-2301.jpg\",\"width\":1240,\"height\":1754},{\"@type\":\"BreadcrumbList\",\"@id\":\"https:\/\/vosgesinfo.fr\/gerardmerinfo\/2022\/01\/cine-debat-a-mcl-diable-nexiste-vost-participation-damnesty-international-remiremont\/#breadcrumb\",\"itemListElement\":[{\"@type\":\"ListItem\",\"position\":1,\"name\":\"Home\",\"item\":\"https:\/\/vosgesinfo.fr\/gerardmerinfo\/\"},{\"@type\":\"ListItem\",\"position\":2,\"name\":\"Cin\u00e9 d\u00e9bat \u00e0 la MCL : \u00ab\u00a0Le diable n\u2019existe pas\u00a0\u00bb en VOST avec la participation d\u2019Amnesty International Remiremont\"}]},{\"@type\":\"WebSite\",\"@id\":\"https:\/\/vosgesinfo.fr\/gerardmerinfo\/#website\",\"url\":\"https:\/\/vosgesinfo.fr\/gerardmerinfo\/\",\"name\":\"Gerardmer Info\",\"description\":\"Toute l&#039;actualit\u00e9 de G\u00e9rardmer\",\"publisher\":{\"@id\":\"https:\/\/vosgesinfo.fr\/gerardmerinfo\/#organization\"},\"alternateName\":\"Toute l'actualit\u00e9 de G\u00e9rardmer\",\"potentialAction\":[{\"@type\":\"SearchAction\",\"target\":{\"@type\":\"EntryPoint\",\"urlTemplate\":\"https:\/\/vosgesinfo.fr\/gerardmerinfo\/?s={search_term_string}\"},\"query-input\":\"required name=search_term_string\"}],\"inLanguage\":\"fr-FR\"},{\"@type\":\"Organization\",\"@id\":\"https:\/\/vosgesinfo.fr\/gerardmerinfo\/#organization\",\"name\":\"Gerardmer Info\",\"url\":\"https:\/\/vosgesinfo.fr\/gerardmerinfo\/\",\"logo\":{\"@type\":\"ImageObject\",\"inLanguage\":\"fr-FR\",\"@id\":\"https:\/\/vosgesinfo.fr\/gerardmerinfo\/#\/schema\/logo\/image\/\",\"url\":\"https:\/\/vosgesinfo.fr\/app\/uploads\/sites\/6\/2023\/08\/favicon-gerardmerinfo.png\",\"contentUrl\":\"https:\/\/vosgesinfo.fr\/app\/uploads\/sites\/6\/2023\/08\/favicon-gerardmerinfo.png\",\"width\":512,\"height\":512,\"caption\":\"Gerardmer Info\"},\"image\":{\"@id\":\"https:\/\/vosgesinfo.fr\/gerardmerinfo\/#\/schema\/logo\/image\/\"},\"sameAs\":[\"https:\/\/www.facebook.com\/profile.php?id=100049475262660\",\"https:\/\/x.com\/VosgesInfo88\",\"https:\/\/www.youtube.com\/@vosgesinfo\"]},{\"@type\":\"Person\",\"@id\":\"https:\/\/vosgesinfo.fr\/gerardmerinfo\/#\/schema\/person\/db5605779a843dad16b5368f3e7613a5\",\"name\":\"QG\",\"image\":{\"@type\":\"ImageObject\",\"inLanguage\":\"fr-FR\",\"@id\":\"https:\/\/vosgesinfo.fr\/gerardmerinfo\/#\/schema\/person\/image\/\",\"url\":\"https:\/\/secure.gravatar.com\/avatar\/ea80c42c204b534408512832fde52504ecabb9706bcb6151cf6175e5b64e6793?s=96&d=mm&r=g\",\"contentUrl\":\"https:\/\/secure.gravatar.com\/avatar\/ea80c42c204b534408512832fde52504ecabb9706bcb6151cf6175e5b64e6793?s=96&d=mm&r=g\",\"caption\":\"QG\"},\"url\":\"https:\/\/vosgesinfo.fr\/gerardmerinfo\/author\/quentin88\/\"}]}<\/script>\n<!-- \/ Yoast SEO plugin. -->","yoast_head_json":{"title":"Cin\u00e9 d\u00e9bat \u00e0 la MCL : \"Le diable n\u2019existe pas\" en VOST avec la participation d\u2019Amnesty International Remiremont - Gerardmer Info","robots":{"index":"index","follow":"follow","max-snippet":"max-snippet:-1","max-image-preview":"max-image-preview:large","max-video-preview":"max-video-preview:-1"},"canonical":"https:\/\/vosgesinfo.fr\/gerardmerinfo\/2022\/01\/cine-debat-a-mcl-diable-nexiste-vost-participation-damnesty-international-remiremont\/","twitter_card":"summary_large_image","twitter_title":"Cin\u00e9 d\u00e9bat \u00e0 la MCL : \"Le diable n\u2019existe pas\" en VOST avec la participation d\u2019Amnesty International Remiremont - Gerardmer Info","twitter_description":"Le diable n\u2019existe pas est un film iranien remarquable qui a eu l\u2019ours d\u2019or en 2020 au festival de Berlin. [&hellip;]","twitter_image":"https:\/\/vosgesinfo.fr\/app\/uploads\/sites\/6\/2024\/07\/202201cd-diableexistepas-2301.jpg","twitter_creator":"@VosgesInfo88","twitter_site":"@VosgesInfo88","twitter_misc":{"\u00c9crit par":"QG","Dur\u00e9e de lecture estim\u00e9e":"1 minute"},"schema":{"@context":"https:\/\/schema.org","@graph":[{"@type":"Article","@id":"https:\/\/vosgesinfo.fr\/gerardmerinfo\/2022\/01\/cine-debat-a-mcl-diable-nexiste-vost-participation-damnesty-international-remiremont\/#article","isPartOf":{"@id":"https:\/\/vosgesinfo.fr\/gerardmerinfo\/2022\/01\/cine-debat-a-mcl-diable-nexiste-vost-participation-damnesty-international-remiremont\/"},"author":{"name":"QG","@id":"https:\/\/vosgesinfo.fr\/gerardmerinfo\/#\/schema\/person\/db5605779a843dad16b5368f3e7613a5"},"headline":"Cin\u00e9 d\u00e9bat \u00e0 la MCL : \u00ab\u00a0Le diable n\u2019existe pas\u00a0\u00bb en VOST avec la participation d\u2019Amnesty International Remiremont","datePublished":"2022-01-17T04:00:33+00:00","dateModified":"2022-01-17T04:00:33+00:00","mainEntityOfPage":{"@id":"https:\/\/vosgesinfo.fr\/gerardmerinfo\/2022\/01\/cine-debat-a-mcl-diable-nexiste-vost-participation-damnesty-international-remiremont\/"},"wordCount":206,"commentCount":0,"publisher":{"@id":"https:\/\/vosgesinfo.fr\/gerardmerinfo\/#organization"},"image":{"@id":"https:\/\/vosgesinfo.fr\/gerardmerinfo\/2022\/01\/cine-debat-a-mcl-diable-nexiste-vost-participation-damnesty-international-remiremont\/#primaryimage"},"thumbnailUrl":"https:\/\/vosgesinfo.fr\/app\/uploads\/sites\/6\/2024\/07\/202201cd-diableexistepas-2301.jpg","articleSection":["A la une","Culture"],"inLanguage":"fr-FR","potentialAction":[{"@type":"CommentAction","name":"Comment","target":["https:\/\/vosgesinfo.fr\/gerardmerinfo\/2022\/01\/cine-debat-a-mcl-diable-nexiste-vost-participation-damnesty-international-remiremont\/#respond"]}]},{"@type":"WebPage","@id":"https:\/\/vosgesinfo.fr\/gerardmerinfo\/2022\/01\/cine-debat-a-mcl-diable-nexiste-vost-participation-damnesty-international-remiremont\/","url":"https:\/\/vosgesinfo.fr\/gerardmerinfo\/2022\/01\/cine-debat-a-mcl-diable-nexiste-vost-participation-damnesty-international-remiremont\/","name":"Cin\u00e9 d\u00e9bat \u00e0 la MCL : \"Le diable n\u2019existe pas\" en VOST avec la participation d\u2019Amnesty International Remiremont - Gerardmer Info","isPartOf":{"@id":"https:\/\/vosgesinfo.fr\/gerardmerinfo\/#website"},"primaryImageOfPage":{"@id":"https:\/\/vosgesinfo.fr\/gerardmerinfo\/2022\/01\/cine-debat-a-mcl-diable-nexiste-vost-participation-damnesty-international-remiremont\/#primaryimage"},"image":{"@id":"https:\/\/vosgesinfo.fr\/gerardmerinfo\/2022\/01\/cine-debat-a-mcl-diable-nexiste-vost-participation-damnesty-international-remiremont\/#primaryimage"},"thumbnailUrl":"https:\/\/vosgesinfo.fr\/app\/uploads\/sites\/6\/2024\/07\/202201cd-diableexistepas-2301.jpg","datePublished":"2022-01-17T04:00:33+00:00","dateModified":"2022-01-17T04:00:33+00:00","breadcrumb":{"@id":"https:\/\/vosgesinfo.fr\/gerardmerinfo\/2022\/01\/cine-debat-a-mcl-diable-nexiste-vost-participation-damnesty-international-remiremont\/#breadcrumb"},"inLanguage":"fr-FR","potentialAction":[{"@type":"ReadAction","target":["https:\/\/vosgesinfo.fr\/gerardmerinfo\/2022\/01\/cine-debat-a-mcl-diable-nexiste-vost-participation-damnesty-international-remiremont\/"]}]},{"@type":"ImageObject","inLanguage":"fr-FR","@id":"https:\/\/vosgesinfo.fr\/gerardmerinfo\/2022\/01\/cine-debat-a-mcl-diable-nexiste-vost-participation-damnesty-international-remiremont\/#primaryimage","url":"https:\/\/vosgesinfo.fr\/app\/uploads\/sites\/6\/2024\/07\/202201cd-diableexistepas-2301.jpg","contentUrl":"https:\/\/vosgesinfo.fr\/app\/uploads\/sites\/6\/2024\/07\/202201cd-diableexistepas-2301.jpg","width":1240,"height":1754},{"@type":"BreadcrumbList","@id":"https:\/\/vosgesinfo.fr\/gerardmerinfo\/2022\/01\/cine-debat-a-mcl-diable-nexiste-vost-participation-damnesty-international-remiremont\/#breadcrumb","itemListElement":[{"@type":"ListItem","position":1,"name":"Home","item":"https:\/\/vosgesinfo.fr\/gerardmerinfo\/"},{"@type":"ListItem","position":2,"name":"Cin\u00e9 d\u00e9bat \u00e0 la MCL : \u00ab\u00a0Le diable n\u2019existe pas\u00a0\u00bb en VOST avec la participation d\u2019Amnesty International Remiremont"}]},{"@type":"WebSite","@id":"https:\/\/vosgesinfo.fr\/gerardmerinfo\/#website","url":"https:\/\/vosgesinfo.fr\/gerardmerinfo\/","name":"Gerardmer Info","description":"Toute l&#039;actualit\u00e9 de G\u00e9rardmer","publisher":{"@id":"https:\/\/vosgesinfo.fr\/gerardmerinfo\/#organization"},"alternateName":"Toute l'actualit\u00e9 de G\u00e9rardmer","potentialAction":[{"@type":"SearchAction","target":{"@type":"EntryPoint","urlTemplate":"https:\/\/vosgesinfo.fr\/gerardmerinfo\/?s={search_term_string}"},"query-input":"required name=search_term_string"}],"inLanguage":"fr-FR"},{"@type":"Organization","@id":"https:\/\/vosgesinfo.fr\/gerardmerinfo\/#organization","name":"Gerardmer Info","url":"https:\/\/vosgesinfo.fr\/gerardmerinfo\/","logo":{"@type":"ImageObject","inLanguage":"fr-FR","@id":"https:\/\/vosgesinfo.fr\/gerardmerinfo\/#\/schema\/logo\/image\/","url":"https:\/\/vosgesinfo.fr\/app\/uploads\/sites\/6\/2023\/08\/favicon-gerardmerinfo.png","contentUrl":"https:\/\/vosgesinfo.fr\/app\/uploads\/sites\/6\/2023\/08\/favicon-gerardmerinfo.png","width":512,"height":512,"caption":"Gerardmer Info"},"image":{"@id":"https:\/\/vosgesinfo.fr\/gerardmerinfo\/#\/schema\/logo\/image\/"},"sameAs":["https:\/\/www.facebook.com\/profile.php?id=100049475262660","https:\/\/x.com\/VosgesInfo88","https:\/\/www.youtube.com\/@vosgesinfo"]},{"@type":"Person","@id":"https:\/\/vosgesinfo.fr\/gerardmerinfo\/#\/schema\/person\/db5605779a843dad16b5368f3e7613a5","name":"QG","image":{"@type":"ImageObject","inLanguage":"fr-FR","@id":"https:\/\/vosgesinfo.fr\/gerardmerinfo\/#\/schema\/person\/image\/","url":"https:\/\/secure.gravatar.com\/avatar\/ea80c42c204b534408512832fde52504ecabb9706bcb6151cf6175e5b64e6793?s=96&d=mm&r=g","contentUrl":"https:\/\/secure.gravatar.com\/avatar\/ea80c42c204b534408512832fde52504ecabb9706bcb6151cf6175e5b64e6793?s=96&d=mm&r=g","caption":"QG"},"url":"https:\/\/vosgesinfo.fr\/gerardmerinfo\/author\/quentin88\/"}]}},"_links":{"self":[{"href":"https:\/\/vosgesinfo.fr\/gerardmerinfo\/wp-json\/wp\/v2\/posts\/56847","targetHints":{"allow":["GET"]}}],"collection":[{"href":"https:\/\/vosgesinfo.fr\/gerardmerinfo\/wp-json\/wp\/v2\/posts"}],"about":[{"href":"https:\/\/vosgesinfo.fr\/gerardmerinfo\/wp-json\/wp\/v2\/types\/post"}],"author":[{"embeddable":true,"href":"https:\/\/vosgesinfo.fr\/gerardmerinfo\/wp-json\/wp\/v2\/users\/42"}],"replies":[{"embeddable":true,"href":"https:\/\/vosgesinfo.fr\/gerardmerinfo\/wp-json\/wp\/v2\/comments?post=56847"}],"version-history":[{"count":0,"href":"https:\/\/vosgesinfo.fr\/gerardmerinfo\/wp-json\/wp\/v2\/posts\/56847\/revisions"}],"wp:featuredmedia":[{"embeddable":true,"href":"https:\/\/vosgesinfo.fr\/gerardmerinfo\/wp-json\/wp\/v2\/media\/56848"}],"wp:attachment":[{"href":"https:\/\/vosgesinfo.fr\/gerardmerinfo\/wp-json\/wp\/v2\/media?parent=56847"}],"wp:term":[{"taxonomy":"category","embeddable":true,"href":"https:\/\/vosgesinfo.fr\/gerardmerinfo\/wp-json\/wp\/v2\/categories?post=56847"},{"taxonomy":"post_tag","embeddable":true,"href":"https:\/\/vosgesinfo.fr\/gerardmerinfo\/wp-json\/wp\/v2\/tags?post=56847"}],"curies":[{"name":"wp","href":"https:\/\/api.w.org\/{rel}","templated":true}]}}