{"id":56849,"date":"2022-01-17T05:01:52","date_gmt":"2022-01-17T04:01:52","guid":{"rendered":"https:\/\/vosgesinfo.fr\/gerardmerinfo\/2022\/01\/ski-alpin-week-end-de-competitions-azimuts\/"},"modified":"2022-01-17T05:01:52","modified_gmt":"2022-01-17T04:01:52","slug":"ski-alpin-week-end-de-competitions-azimuts","status":"publish","type":"post","link":"https:\/\/vosgesinfo.fr\/gerardmerinfo\/2022\/01\/ski-alpin-week-end-de-competitions-azimuts\/","title":{"rendered":"Ski alpin : un week-end de comp\u00e9titions tous azimuts !"},"content":{"rendered":"<p><span style=\"font-family: Arial, serif;\"><span style=\"font-size: medium;\">\u00a0<\/span><\/span><\/p>\n\n<p>&nbsp;<\/p>\n<h3><span style=\"font-family: Arial, serif;\"><span style=\"font-size: medium;\">Il y en avait pour toutes les cat\u00e9gories d\u2019\u00e2ge, des courses ce week-end sur le Massif. Si le soleil \u00e9tait au rendez-vous, la neige creusait sur les trac\u00e9s, rendant les conditions plus difficiles.<\/span><\/span><\/h3>\n<h3><span style=\"font-family: Arial, serif;\"><span style=\"font-size: medium;\">Samedi, ce sont 2 grands prix en slalom (rassemblant les comp\u00e9titeurs vosgiens et alsaciens), qui se sont d\u00e9roul\u00e9s sur les pistes du Schnepfenried\u00a0: <\/span><\/span><\/h3>\n<p><span style=\"font-family: Arial, serif;\"><span style=\"font-size: medium;\"><a href=\"\/2022\/01\/ski-alpin-course-ASG-2.jpg\"><img decoding=\"async\" class=\"alignright size-medium wp-image-184765\" src=\"\/2022\/01\/ski-alpin-course-ASG-2-193x255.jpg\" alt=\"ski alpin course ASG (2)\" width=\"193\" height=\"255\" \/><\/a>La coupe d\u2019argent U14, sur laquelle Valentine BILLY a brill\u00e9 sur la premi\u00e8re manche qu\u2019elle a remport\u00e9e, avant de sortir sur la 2<\/span><\/span><sup><span style=\"font-family: Arial, serif;\"><span style=\"font-size: medium;\">\u00e8me<\/span><\/span><\/sup><span style=\"font-family: Arial, serif;\"><span style=\"font-size: medium;\">. C\u00f4t\u00e9 gar\u00e7ons, Janis ANTOINE a perform\u00e9 en remportant \u00e9galement la premi\u00e8re manche et en se classant second sur la 2<\/span><\/span><sup><span style=\"font-family: Arial, serif;\"><span style=\"font-size: medium;\">\u00e8me<\/span><\/span><\/sup><span style=\"font-family: Arial, serif;\"><span style=\"font-size: medium;\">. Maxime LIMAUX s\u2019est maintenu \u00e0 la 7<\/span><\/span><sup><span style=\"font-family: Arial, serif;\"><span style=\"font-size: medium;\">\u00e8me<\/span><\/span><\/sup><span style=\"font-family: Arial, serif;\"><span style=\"font-size: medium;\"> place sur les 2 manches. F\u00e9lix SUIRE et Louis MAGNIN se sont respectivement class\u00e9s 12<\/span><\/span><sup><span style=\"font-family: Arial, serif;\"><span style=\"font-size: medium;\">\u00e8me<\/span><\/span><\/sup><span style=\"font-family: Arial, serif;\"><span style=\"font-size: medium;\"> et 13<\/span><\/span><sup><span style=\"font-family: Arial, serif;\"><span style=\"font-size: medium;\">\u00e8me<\/span><\/span><\/sup><span style=\"font-family: Arial, serif;\"><span style=\"font-size: medium;\"> avant de sortir tous 2 en 2<\/span><\/span><sup><span style=\"font-family: Arial, serif;\"><span style=\"font-size: medium;\">\u00e8me<\/span><\/span><\/sup><span style=\"font-family: Arial, serif;\"><span style=\"font-size: medium;\"> manche. Eliot LEMAIRE a remport\u00e9 la 17<\/span><\/span><sup><span style=\"font-family: Arial, serif;\"><span style=\"font-size: medium;\">\u00e8me<\/span><\/span><\/sup><span style=\"font-family: Arial, serif;\"><span style=\"font-size: medium;\"> place sur la 1<\/span><\/span><sup><span style=\"font-family: Arial, serif;\"><span style=\"font-size: medium;\">\u00e8re<\/span><\/span><\/sup><span style=\"font-family: Arial, serif;\"><span style=\"font-size: medium;\"> manche et est remont\u00e9 \u00e0 la 12<\/span><\/span><sup><span style=\"font-family: Arial, serif;\"><span style=\"font-size: medium;\">\u00e8me<\/span><\/span><\/sup><span style=\"font-family: Arial, serif;\"><span style=\"font-size: medium;\"> sur la 2<\/span><\/span><sup><span style=\"font-family: Arial, serif;\"><span style=\"font-size: medium;\">\u00e8me<\/span><\/span><\/sup><span style=\"font-family: Arial, serif;\"><span style=\"font-size: medium;\">. Enfin Basile VALLON s\u2019est class\u00e9 10<\/span><\/span><sup><span style=\"font-family: Arial, serif;\"><span style=\"font-size: medium;\">\u00e8me<\/span><\/span><\/sup><span style=\"font-family: Arial, serif;\"><span style=\"font-size: medium;\"> sur la 2<\/span><\/span><sup><span style=\"font-family: Arial, serif;\"><span style=\"font-size: medium;\">\u00e8me<\/span><\/span><\/sup><span style=\"font-family: Arial, serif;\"><span style=\"font-size: medium;\"> manche.<\/span><\/span><\/p>\n<p><span style=\"font-family: Arial, serif;\"><span style=\"font-size: medium;\">Sur la coupe d\u2019argent U16, les 4 g\u00e9r\u00f4moises en lice se sont suivies en se classant 7<\/span><\/span><sup><span style=\"font-family: Arial, serif;\"><span style=\"font-size: medium;\">\u00e8me<\/span><\/span><\/sup><span style=\"font-family: Arial, serif;\"><span style=\"font-size: medium;\">, 8<\/span><\/span><sup><span style=\"font-family: Arial, serif;\"><span style=\"font-size: medium;\">\u00e8me<\/span><\/span><\/sup><span style=\"font-family: Arial, serif;\"><span style=\"font-size: medium;\">, 9<\/span><\/span><sup><span style=\"font-family: Arial, serif;\"><span style=\"font-size: medium;\">\u00e8me<\/span><\/span><\/sup><span style=\"font-family: Arial, serif;\"><span style=\"font-size: medium;\"> et 10<\/span><\/span><sup><span style=\"font-family: Arial, serif;\"><span style=\"font-size: medium;\">\u00e8me<\/span><\/span><\/sup><span style=\"font-family: Arial, serif;\"><span style=\"font-size: medium;\">, respectivement Mathilde FRASCHINI (sortie en 2<\/span><\/span><sup><span style=\"font-family: Arial, serif;\"><span style=\"font-size: medium;\">\u00e8me<\/span><\/span><\/sup><span style=\"font-family: Arial, serif;\"><span style=\"font-size: medium;\"> manche), Romane DOUISSARD (10<\/span><\/span><sup><span style=\"font-family: Arial, serif;\"><span style=\"font-size: medium;\">\u00e8me<\/span><\/span><\/sup><span style=\"font-family: Arial, serif;\"><span style=\"font-size: medium;\"> en manche 2), Louise GUERY (12<\/span><\/span><sup><span style=\"font-family: Arial, serif;\"><span style=\"font-size: medium;\">\u00e8me<\/span><\/span><\/sup><span style=\"font-family: Arial, serif;\"><span style=\"font-size: medium;\"> en manche 2) et Lalie DUVIC (11<\/span><\/span><sup><span style=\"font-family: Arial, serif;\"><span style=\"font-size: medium;\">\u00e8me<\/span><\/span><\/sup><span style=\"font-family: Arial, serif;\"><span style=\"font-size: medium;\"> en manche 2). Chez les gar\u00e7ons, Valentin GROSSIER termine \u00e0 la 14<\/span><\/span><sup><span style=\"font-family: Arial, serif;\"><span style=\"font-size: medium;\">\u00e8me<\/span><\/span><\/sup><span style=\"font-family: Arial, serif;\"><span style=\"font-size: medium;\"> place en manche 1, 13<\/span><\/span><sup><span style=\"font-family: Arial, serif;\"><span style=\"font-size: medium;\">\u00e8me<\/span><\/span><\/sup><span style=\"font-family: Arial, serif;\"><span style=\"font-size: medium;\"> en manche 2, Lorenzo COMINOTTI 16<\/span><\/span><sup><span style=\"font-family: Arial, serif;\"><span style=\"font-size: medium;\">\u00e8me<\/span><\/span><\/sup><span style=\"font-family: Arial, serif;\"><span style=\"font-size: medium;\"> en manche 1, 18<\/span><\/span><sup><span style=\"font-family: Arial, serif;\"><span style=\"font-size: medium;\">\u00e8me<\/span><\/span><\/sup><span style=\"font-family: Arial, serif;\"><span style=\"font-size: medium;\"> en manche 2, Corentin BILLY 19<\/span><\/span><sup><span style=\"font-family: Arial, serif;\"><span style=\"font-size: medium;\">\u00e8me<\/span><\/span><\/sup><span style=\"font-family: Arial, serif;\"><span style=\"font-size: medium;\"> en manche 1, 21<\/span><\/span><sup><span style=\"font-family: Arial, serif;\"><span style=\"font-size: medium;\">\u00e8me<\/span><\/span><\/sup><span style=\"font-family: Arial, serif;\"><span style=\"font-size: medium;\"> en manche 2.<\/span><\/span><\/p>\n<p><span style=\"font-family: Arial, serif;\"><span style=\"font-size: medium;\">Le dimanche, ces 2 cat\u00e9gories ont de nouveau concouru sur un grand prix, toujours en slalom. <\/span><\/span><\/p>\n<p><span style=\"font-family: Arial, serif;\"><span style=\"font-size: medium;\">Les U14 se sont disput\u00e9s sur un trac\u00e9 au Markstein. Valentine BILLY est sortie en 1<\/span><\/span><sup><span style=\"font-family: Arial, serif;\"><span style=\"font-size: medium;\">\u00e8re<\/span><\/span><\/sup><span style=\"font-family: Arial, serif;\"><span style=\"font-size: medium;\"> manche mais s\u2019est class\u00e9e 3<\/span><\/span><sup><span style=\"font-family: Arial, serif;\"><span style=\"font-size: medium;\">\u00e8me<\/span><\/span><\/sup><span style=\"font-family: Arial, serif;\"><span style=\"font-size: medium;\"> sur la seconde. Chez les gar\u00e7ons, Janis ANTOINE est mont\u00e9 sur la 2<\/span><\/span><sup><span style=\"font-family: Arial, serif;\"><span style=\"font-size: medium;\">\u00e8me<\/span><\/span><\/sup><span style=\"font-family: Arial, serif;\"><span style=\"font-size: medium;\"> marche du podium sur les 2 manches. Maxime LIMAUX est arriv\u00e9 6<\/span><\/span><sup><span style=\"font-family: Arial, serif;\"><span style=\"font-size: medium;\">\u00e8me<\/span><\/span><\/sup><span style=\"font-family: Arial, serif;\"><span style=\"font-size: medium;\"> en manche 1, 8<\/span><\/span><sup><span style=\"font-family: Arial, serif;\"><span style=\"font-size: medium;\">\u00e8me<\/span><\/span><\/sup><span style=\"font-family: Arial, serif;\"><span style=\"font-size: medium;\"> en manche 2. Achille GUERY s\u2019est maintenu \u00e0 la 9<\/span><\/span><sup><span style=\"font-family: Arial, serif;\"><span style=\"font-size: medium;\">\u00e8me<\/span><\/span><\/sup><span style=\"font-family: Arial, serif;\"><span style=\"font-size: medium;\"> place, Louis MAGNIN s\u2019est class\u00e9 11<\/span><\/span><sup><span style=\"font-family: Arial, serif;\"><span style=\"font-size: medium;\">\u00e8me<\/span><\/span><\/sup><span style=\"font-family: Arial, serif;\"><span style=\"font-size: medium;\"> sur la manche 1 avant de sortir sur la 2<\/span><\/span><sup><span style=\"font-family: Arial, serif;\"><span style=\"font-size: medium;\">\u00e8me<\/span><\/span><\/sup><span style=\"font-family: Arial, serif;\"><span style=\"font-size: medium;\">. Enfin Eliot LEMAIRE s\u2019est class\u00e9 23<\/span><\/span><sup><span style=\"font-family: Arial, serif;\"><span style=\"font-size: medium;\">\u00e8me<\/span><\/span><\/sup><span style=\"font-family: Arial, serif;\"><span style=\"font-size: medium;\"> sur la 2<\/span><\/span><sup><span style=\"font-family: Arial, serif;\"><span style=\"font-size: medium;\">\u00e8me<\/span><\/span><\/sup><span style=\"font-family: Arial, serif;\"><span style=\"font-size: medium;\"> manche.<\/span><\/span><\/p>\n<p><a name=\"_GoBack\"><\/a> <span style=\"font-family: Arial, serif;\"><span style=\"font-size: medium;\">Les U16, quant \u00e0 eux, couraient de nouveau sur le domaine du Shnepfenried, toujours en slalom. Si sur la premi\u00e8re manche, \u00bc des coureurs sont sortis du trac\u00e9, ce sont 1\/3 des comp\u00e9titeurs qui ne parvenaient pas \u00e0 boucler leur slalom sur la deuxi\u00e8me, les conditions devenant de plus en plus difficiles. Chez les filles, Mathilde FRASCHINI s\u2019est class\u00e9e 9<\/span><\/span><sup><span style=\"font-family: Arial, serif;\"><span style=\"font-size: medium;\">\u00e8me<\/span><\/span><\/sup><span style=\"font-family: Arial, serif;\"><span style=\"font-size: medium;\"> mais est sortie sur la 2<\/span><\/span><sup><span style=\"font-family: Arial, serif;\"><span style=\"font-size: medium;\">\u00e8me<\/span><\/span><\/sup><span style=\"font-family: Arial, serif;\"><span style=\"font-size: medium;\"> manche, Louise GUERY a maintenu sa 10<\/span><\/span><sup><span style=\"font-family: Arial, serif;\"><span style=\"font-size: medium;\">\u00e8me<\/span><\/span><\/sup><span style=\"font-family: Arial, serif;\"><span style=\"font-size: medium;\"> place. Du c\u00f4t\u00e9 des gar\u00e7ons, Valentin GROSSIER, bien parti est sorti sur les 2 manches, Lorenzo COMINOTTI a termin\u00e9 16<\/span><\/span><sup><span style=\"font-family: Arial, serif;\"><span style=\"font-size: medium;\">\u00e8me<\/span><\/span><\/sup><span style=\"font-family: Arial, serif;\"><span style=\"font-size: medium;\"> et 17<\/span><\/span><sup><span style=\"font-family: Arial, serif;\"><span style=\"font-size: medium;\">\u00e8me<\/span><\/span><\/sup><span style=\"font-family: Arial, serif;\"><span style=\"font-size: medium;\">, Corentin BILLY 21<\/span><\/span><sup><span style=\"font-family: Arial, serif;\"><span style=\"font-size: medium;\">\u00e8me<\/span><\/span><\/sup><span style=\"font-family: Arial, serif;\"><span style=\"font-size: medium;\"> et 18<\/span><\/span><sup><span style=\"font-family: Arial, serif;\"><span style=\"font-size: medium;\">\u00e8me<\/span><\/span><\/sup><span style=\"font-family: Arial, serif;\"><span style=\"font-size: medium;\">.<\/span><\/span><\/p>\n<p>&nbsp;<\/p>\n<p><span style=\"font-family: Arial, serif;\"><span style=\"font-size: medium;\">Les U18 et + couraient eux aussi en grand prix, slalom, au Schnepfenried. Au total des 2 manches, Anna COMINOTTI s\u2019est class\u00e9e 6<\/span><\/span><sup><span style=\"font-family: Arial, serif;\"><span style=\"font-size: medium;\">\u00e8me <\/span><\/span><\/sup><span style=\"font-family: Arial, serif;\"><span style=\"font-size: medium;\">U18, Margot HOCQUAUX 2<\/span><\/span><sup><span style=\"font-family: Arial, serif;\"><span style=\"font-size: medium;\">\u00e8me<\/span><\/span><\/sup><span style=\"font-family: Arial, serif;\"><span style=\"font-size: medium;\"> U21. Charly ANTOINE 5<\/span><\/span><sup><span style=\"font-family: Arial, serif;\"><span style=\"font-size: medium;\">\u00e8me<\/span><\/span><\/sup><span style=\"font-family: Arial, serif;\"><span style=\"font-size: medium;\"> U18, Basile DUVIC 8<\/span><\/span><sup><span style=\"font-family: Arial, serif;\"><span style=\"font-size: medium;\">\u00e8me<\/span><\/span><\/sup><span style=\"font-family: Arial, serif;\"><span style=\"font-size: medium;\"> U18 et Tom REMY est mont\u00e9 sur la 2<\/span><\/span><sup><span style=\"font-family: Arial, serif;\"><span style=\"font-size: medium;\">\u00e8me<\/span><\/span><\/sup><span style=\"font-family: Arial, serif;\"><span style=\"font-size: medium;\"> marche du podium chez les U21.<\/span><\/span><\/p>\n<p><span style=\"font-family: Arial, serif;\"><span style=\"font-size: medium;\">Les U12 ont \u00e9galement eu leur grand prix, sur la station du Ballon d\u2019Alsace, en slalom g\u00e9ant. Les g\u00e9r\u00f4mois ont r\u00e9colt\u00e9 de beaux r\u00e9sultats\u00a0! Chez les filles, Zo\u00e9 LECOMTE a termin\u00e9 2<\/span><\/span><sup><span style=\"font-family: Arial, serif;\"><span style=\"font-size: medium;\">\u00e8me<\/span><\/span><\/sup><span style=\"font-family: Arial, serif;\"><span style=\"font-size: medium;\"> sur la manche 1, 9<\/span><\/span><sup><span style=\"font-family: Arial, serif;\"><span style=\"font-size: medium;\">\u00e8me<\/span><\/span><\/sup><span style=\"font-family: Arial, serif;\"><span style=\"font-size: medium;\"> sur la manche 2. C\u00e9cile FRASCHINI 4<\/span><\/span><sup><span style=\"font-family: Arial, serif;\"><span style=\"font-size: medium;\">\u00e8me<\/span><\/span><\/sup><span style=\"font-family: Arial, serif;\"><span style=\"font-size: medium;\"> puis 3<\/span><\/span><sup><span style=\"font-family: Arial, serif;\"><span style=\"font-size: medium;\">\u00e8me<\/span><\/span><\/sup><span style=\"font-family: Arial, serif;\"><span style=\"font-size: medium;\">. Chez les gar\u00e7ons, bravo \u00e0 Martin CORNIL qui a termin\u00e9 la premi\u00e8re manche en 2<\/span><\/span><sup><span style=\"font-family: Arial, serif;\"><span style=\"font-size: medium;\">\u00e8me<\/span><\/span><\/sup><span style=\"font-family: Arial, serif;\"><span style=\"font-size: medium;\"> place avant de remporter la premi\u00e8re place du podium sur la deuxi\u00e8me\u00a0! Ugo WISSEMBERG a maintenu sa 7<\/span><\/span><sup><span style=\"font-family: Arial, serif;\"><span style=\"font-size: medium;\">\u00e8me<\/span><\/span><\/sup><span style=\"font-family: Arial, serif;\"><span style=\"font-size: medium;\"> place, Lubin HUBSCHI 9<\/span><\/span><sup><span style=\"font-family: Arial, serif;\"><span style=\"font-size: medium;\">\u00e8me<\/span><\/span><\/sup><span style=\"font-family: Arial, serif;\"><span style=\"font-size: medium;\"> sur la manche 1, est remont\u00e9 \u00e0 la 4<\/span><\/span><sup><span style=\"font-family: Arial, serif;\"><span style=\"font-size: medium;\">\u00e8me<\/span><\/span><\/sup><span style=\"font-family: Arial, serif;\"><span style=\"font-size: medium;\"> place sur la manche 2, Louis JASSOGNE s\u2019est class\u00e9 19<\/span><\/span><sup><span style=\"font-family: Arial, serif;\"><span style=\"font-size: medium;\">\u00e8me<\/span><\/span><\/sup><span style=\"font-family: Arial, serif;\"><span style=\"font-size: medium;\"> puis 20<\/span><\/span><sup><span style=\"font-family: Arial, serif;\"><span style=\"font-size: medium;\">\u00e8me<\/span><\/span><\/sup><span style=\"font-family: Arial, serif;\"><span style=\"font-size: medium;\">. S\u2019ils sont sortis sur la premi\u00e8re manche, Liova GAMERRE s\u2019est class\u00e9 5<\/span><\/span><sup><span style=\"font-family: Arial, serif;\"><span style=\"font-size: medium;\">\u00e8me<\/span><\/span><\/sup><span style=\"font-family: Arial, serif;\"><span style=\"font-size: medium;\"> sur la deuxi\u00e8me et Eliot PHILIPPE 13<\/span><\/span><sup><span style=\"font-family: Arial, serif;\"><span style=\"font-size: medium;\">\u00e8me<\/span><\/span><\/sup><span style=\"font-family: Arial, serif;\"><span style=\"font-size: medium;\">.<\/span><\/span><\/p>\n<p><span style=\"font-family: Arial, serif;\"><span style=\"font-size: medium;\">Enfin, le club de Ventron a organis\u00e9 une course promo sur la station de G\u00e9rardmer, pour les cat\u00e9gories U8 \u00e0 U14. Chez les U8 gar\u00e7ons, Jules LAMBERT a termin\u00e9 \u00e0 une belle 2<\/span><\/span><sup><span style=\"font-family: Arial, serif;\"><span style=\"font-size: medium;\">\u00e8me<\/span><\/span><\/sup><span style=\"font-family: Arial, serif;\"><span style=\"font-size: medium;\"> place, Tom MASSON se classe 11<\/span><\/span><sup><span style=\"font-family: Arial, serif;\"><span style=\"font-size: medium;\">\u00e8me<\/span><\/span><\/sup><span style=\"font-family: Arial, serif;\"><span style=\"font-size: medium;\">. Chez les U10 garons, Louis BEAUSIRE est mont\u00e9 sur la 3<\/span><\/span><sup><span style=\"font-family: Arial, serif;\"><span style=\"font-size: medium;\">\u00e8me<\/span><\/span><\/sup><span style=\"font-family: Arial, serif;\"><span style=\"font-size: medium;\"> marche du podium, Gaston HUBSCHI s\u2019est class\u00e9 5<\/span><\/span><sup><span style=\"font-family: Arial, serif;\"><span style=\"font-size: medium;\">\u00e8me<\/span><\/span><\/sup><span style=\"font-family: Arial, serif;\"><span style=\"font-size: medium;\">. Chez les U12 filles, 2<\/span><\/span><sup><span style=\"font-family: Arial, serif;\"><span style=\"font-size: medium;\">\u00e8me<\/span><\/span><\/sup><span style=\"font-family: Arial, serif;\"><span style=\"font-size: medium;\"> place pour la g\u00e9r\u00f4moise Emmy EHRET et la 4<\/span><\/span><sup><span style=\"font-family: Arial, serif;\"><span style=\"font-size: medium;\">\u00e8me<\/span><\/span><\/sup><span style=\"font-family: Arial, serif;\"><span style=\"font-size: medium;\"> pour Anna BEUDEZ. Enfin chez les U14 gar\u00e7ons, Simon MARCHAL a termin\u00e9 2<\/span><\/span><sup><span style=\"font-family: Arial, serif;\"><span style=\"font-size: medium;\">\u00e8me<\/span><\/span><\/sup><span style=\"font-family: Arial, serif;\"><span style=\"font-size: medium;\">, Gustave SIMON 5<\/span><\/span><sup><span style=\"font-family: Arial, serif;\"><span style=\"font-size: medium;\">\u00e8me<\/span><\/span><\/sup><span style=\"font-family: Arial, serif;\"><span style=\"font-size: medium;\">.<\/span><\/span><br \/>\n<span style=\"font-family: Arial, serif;\"><span style=\"font-size: medium;\">Prochain rendez-vous pr\u00e9vu \u00e0 G\u00e9rardmer pour les cat\u00e9gories U16 \u00e0 Masters sur un grand prix samedi 22 janvier.<\/span><\/span><\/p>\n<p>&nbsp;<\/p>\n<p><span style=\"font-family: Arial, serif;\">Caroline Cominotti pour l\u2019AS G\u00e9rardmer Ski Alpin<\/span><\/p>\n","protected":false},"excerpt":{"rendered":"<p>\u00a0 &nbsp; Il y en avait pour toutes les cat\u00e9gories d\u2019\u00e2ge, des courses ce week-end sur le Massif. Si le [&hellip;]<\/p>\n","protected":false},"author":1,"featured_media":56850,"comment_status":"open","ping_status":"open","sticky":false,"template":"","format":"standard","meta":{"footnotes":""},"categories":[20,25,14],"tags":[158,4838],"class_list":["post-56849","post","type-post","status-publish","format-standard","has-post-thumbnail","hentry","category-a-la-une","category-gerardmer","category-sport","tag-asg-ski-alpin","tag-schnepfenried"],"acf":[],"yoast_head":"<!-- This site is optimized with the Yoast SEO plugin v22.5 - https:\/\/yoast.com\/wordpress\/plugins\/seo\/ -->\n<title>Ski alpin : un week-end de comp\u00e9titions tous azimuts ! - Gerardmer Info<\/title>\n<meta name=\"robots\" content=\"index, follow, max-snippet:-1, max-image-preview:large, max-video-preview:-1\" \/>\n<link rel=\"canonical\" href=\"https:\/\/vosgesinfo.fr\/gerardmerinfo\/2022\/01\/ski-alpin-week-end-de-competitions-azimuts\/\" \/>\n<meta name=\"twitter:card\" content=\"summary_large_image\" \/>\n<meta name=\"twitter:title\" content=\"Ski alpin : un week-end de comp\u00e9titions tous azimuts ! - Gerardmer Info\" \/>\n<meta name=\"twitter:description\" content=\"\u00a0 &nbsp; Il y en avait pour toutes les cat\u00e9gories d\u2019\u00e2ge, des courses ce week-end sur le Massif. Si le [&hellip;]\" \/>\n<meta name=\"twitter:image\" content=\"https:\/\/vosgesinfo.fr\/app\/uploads\/sites\/6\/2024\/07\/202201ski-alpin-course-asg-1.jpg\" \/>\n<meta name=\"twitter:creator\" content=\"@VosgesInfo88\" \/>\n<meta name=\"twitter:site\" content=\"@VosgesInfo88\" \/>\n<meta name=\"twitter:label1\" content=\"\u00c9crit par\" \/>\n\t<meta name=\"twitter:data1\" content=\"qs_admin\" \/>\n\t<meta name=\"twitter:label2\" content=\"Dur\u00e9e de lecture estim\u00e9e\" \/>\n\t<meta name=\"twitter:data2\" content=\"4 minutes\" \/>\n<script type=\"application\/ld+json\" class=\"yoast-schema-graph\">{\"@context\":\"https:\/\/schema.org\",\"@graph\":[{\"@type\":\"Article\",\"@id\":\"https:\/\/vosgesinfo.fr\/gerardmerinfo\/2022\/01\/ski-alpin-week-end-de-competitions-azimuts\/#article\",\"isPartOf\":{\"@id\":\"https:\/\/vosgesinfo.fr\/gerardmerinfo\/2022\/01\/ski-alpin-week-end-de-competitions-azimuts\/\"},\"author\":{\"name\":\"qs_admin\",\"@id\":\"https:\/\/vosgesinfo.fr\/gerardmerinfo\/#\/schema\/person\/bc5d02d71e6932e81b6dadb7386667b1\"},\"headline\":\"Ski alpin : un week-end de comp\u00e9titions tous azimuts !\",\"datePublished\":\"2022-01-17T04:01:52+00:00\",\"dateModified\":\"2022-01-17T04:01:52+00:00\",\"mainEntityOfPage\":{\"@id\":\"https:\/\/vosgesinfo.fr\/gerardmerinfo\/2022\/01\/ski-alpin-week-end-de-competitions-azimuts\/\"},\"wordCount\":780,\"commentCount\":0,\"publisher\":{\"@id\":\"https:\/\/vosgesinfo.fr\/gerardmerinfo\/#organization\"},\"image\":{\"@id\":\"https:\/\/vosgesinfo.fr\/gerardmerinfo\/2022\/01\/ski-alpin-week-end-de-competitions-azimuts\/#primaryimage\"},\"thumbnailUrl\":\"https:\/\/vosgesinfo.fr\/app\/uploads\/sites\/6\/2024\/07\/202201ski-alpin-course-asg-1.jpg\",\"keywords\":[\"asg ski alpin\",\"schnepfenried\"],\"articleSection\":[\"A la une\",\"G\u00e9rardmer\",\"Sport\"],\"inLanguage\":\"fr-FR\",\"potentialAction\":[{\"@type\":\"CommentAction\",\"name\":\"Comment\",\"target\":[\"https:\/\/vosgesinfo.fr\/gerardmerinfo\/2022\/01\/ski-alpin-week-end-de-competitions-azimuts\/#respond\"]}]},{\"@type\":\"WebPage\",\"@id\":\"https:\/\/vosgesinfo.fr\/gerardmerinfo\/2022\/01\/ski-alpin-week-end-de-competitions-azimuts\/\",\"url\":\"https:\/\/vosgesinfo.fr\/gerardmerinfo\/2022\/01\/ski-alpin-week-end-de-competitions-azimuts\/\",\"name\":\"Ski alpin : un week-end de comp\u00e9titions tous azimuts ! - Gerardmer Info\",\"isPartOf\":{\"@id\":\"https:\/\/vosgesinfo.fr\/gerardmerinfo\/#website\"},\"primaryImageOfPage\":{\"@id\":\"https:\/\/vosgesinfo.fr\/gerardmerinfo\/2022\/01\/ski-alpin-week-end-de-competitions-azimuts\/#primaryimage\"},\"image\":{\"@id\":\"https:\/\/vosgesinfo.fr\/gerardmerinfo\/2022\/01\/ski-alpin-week-end-de-competitions-azimuts\/#primaryimage\"},\"thumbnailUrl\":\"https:\/\/vosgesinfo.fr\/app\/uploads\/sites\/6\/2024\/07\/202201ski-alpin-course-asg-1.jpg\",\"datePublished\":\"2022-01-17T04:01:52+00:00\",\"dateModified\":\"2022-01-17T04:01:52+00:00\",\"breadcrumb\":{\"@id\":\"https:\/\/vosgesinfo.fr\/gerardmerinfo\/2022\/01\/ski-alpin-week-end-de-competitions-azimuts\/#breadcrumb\"},\"inLanguage\":\"fr-FR\",\"potentialAction\":[{\"@type\":\"ReadAction\",\"target\":[\"https:\/\/vosgesinfo.fr\/gerardmerinfo\/2022\/01\/ski-alpin-week-end-de-competitions-azimuts\/\"]}]},{\"@type\":\"ImageObject\",\"inLanguage\":\"fr-FR\",\"@id\":\"https:\/\/vosgesinfo.fr\/gerardmerinfo\/2022\/01\/ski-alpin-week-end-de-competitions-azimuts\/#primaryimage\",\"url\":\"https:\/\/vosgesinfo.fr\/app\/uploads\/sites\/6\/2024\/07\/202201ski-alpin-course-asg-1.jpg\",\"contentUrl\":\"https:\/\/vosgesinfo.fr\/app\/uploads\/sites\/6\/2024\/07\/202201ski-alpin-course-asg-1.jpg\",\"width\":794,\"height\":1081},{\"@type\":\"BreadcrumbList\",\"@id\":\"https:\/\/vosgesinfo.fr\/gerardmerinfo\/2022\/01\/ski-alpin-week-end-de-competitions-azimuts\/#breadcrumb\",\"itemListElement\":[{\"@type\":\"ListItem\",\"position\":1,\"name\":\"Home\",\"item\":\"https:\/\/vosgesinfo.fr\/gerardmerinfo\/\"},{\"@type\":\"ListItem\",\"position\":2,\"name\":\"Ski alpin : un week-end de comp\u00e9titions tous azimuts !\"}]},{\"@type\":\"WebSite\",\"@id\":\"https:\/\/vosgesinfo.fr\/gerardmerinfo\/#website\",\"url\":\"https:\/\/vosgesinfo.fr\/gerardmerinfo\/\",\"name\":\"Gerardmer Info\",\"description\":\"Toute l&#039;actualit\u00e9 de G\u00e9rardmer\",\"publisher\":{\"@id\":\"https:\/\/vosgesinfo.fr\/gerardmerinfo\/#organization\"},\"alternateName\":\"Toute l'actualit\u00e9 de G\u00e9rardmer\",\"potentialAction\":[{\"@type\":\"SearchAction\",\"target\":{\"@type\":\"EntryPoint\",\"urlTemplate\":\"https:\/\/vosgesinfo.fr\/gerardmerinfo\/?s={search_term_string}\"},\"query-input\":\"required name=search_term_string\"}],\"inLanguage\":\"fr-FR\"},{\"@type\":\"Organization\",\"@id\":\"https:\/\/vosgesinfo.fr\/gerardmerinfo\/#organization\",\"name\":\"Gerardmer Info\",\"url\":\"https:\/\/vosgesinfo.fr\/gerardmerinfo\/\",\"logo\":{\"@type\":\"ImageObject\",\"inLanguage\":\"fr-FR\",\"@id\":\"https:\/\/vosgesinfo.fr\/gerardmerinfo\/#\/schema\/logo\/image\/\",\"url\":\"https:\/\/vosgesinfo.fr\/app\/uploads\/sites\/6\/2023\/08\/favicon-gerardmerinfo.png\",\"contentUrl\":\"https:\/\/vosgesinfo.fr\/app\/uploads\/sites\/6\/2023\/08\/favicon-gerardmerinfo.png\",\"width\":512,\"height\":512,\"caption\":\"Gerardmer Info\"},\"image\":{\"@id\":\"https:\/\/vosgesinfo.fr\/gerardmerinfo\/#\/schema\/logo\/image\/\"},\"sameAs\":[\"https:\/\/www.facebook.com\/profile.php?id=100049475262660\",\"https:\/\/x.com\/VosgesInfo88\",\"https:\/\/www.youtube.com\/@vosgesinfo\"]},{\"@type\":\"Person\",\"@id\":\"https:\/\/vosgesinfo.fr\/gerardmerinfo\/#\/schema\/person\/bc5d02d71e6932e81b6dadb7386667b1\",\"name\":\"qs_admin\",\"image\":{\"@type\":\"ImageObject\",\"inLanguage\":\"fr-FR\",\"@id\":\"https:\/\/vosgesinfo.fr\/gerardmerinfo\/#\/schema\/person\/image\/\",\"url\":\"https:\/\/secure.gravatar.com\/avatar\/94b18ee0ed79e4a42ea2f2931277b6841a8999fc6fde214600c78057cf1fe1de?s=96&d=mm&r=g\",\"contentUrl\":\"https:\/\/secure.gravatar.com\/avatar\/94b18ee0ed79e4a42ea2f2931277b6841a8999fc6fde214600c78057cf1fe1de?s=96&d=mm&r=g\",\"caption\":\"qs_admin\"},\"sameAs\":[\"https:\/\/vosgesinfo.fr\/wp\"],\"url\":\"https:\/\/vosgesinfo.fr\/gerardmerinfo\/author\/qs_admin\/\"}]}<\/script>\n<!-- \/ Yoast SEO plugin. -->","yoast_head_json":{"title":"Ski alpin : un week-end de comp\u00e9titions tous azimuts ! - Gerardmer Info","robots":{"index":"index","follow":"follow","max-snippet":"max-snippet:-1","max-image-preview":"max-image-preview:large","max-video-preview":"max-video-preview:-1"},"canonical":"https:\/\/vosgesinfo.fr\/gerardmerinfo\/2022\/01\/ski-alpin-week-end-de-competitions-azimuts\/","twitter_card":"summary_large_image","twitter_title":"Ski alpin : un week-end de comp\u00e9titions tous azimuts ! - Gerardmer Info","twitter_description":"\u00a0 &nbsp; Il y en avait pour toutes les cat\u00e9gories d\u2019\u00e2ge, des courses ce week-end sur le Massif. Si le [&hellip;]","twitter_image":"https:\/\/vosgesinfo.fr\/app\/uploads\/sites\/6\/2024\/07\/202201ski-alpin-course-asg-1.jpg","twitter_creator":"@VosgesInfo88","twitter_site":"@VosgesInfo88","twitter_misc":{"\u00c9crit par":"qs_admin","Dur\u00e9e de lecture estim\u00e9e":"4 minutes"},"schema":{"@context":"https:\/\/schema.org","@graph":[{"@type":"Article","@id":"https:\/\/vosgesinfo.fr\/gerardmerinfo\/2022\/01\/ski-alpin-week-end-de-competitions-azimuts\/#article","isPartOf":{"@id":"https:\/\/vosgesinfo.fr\/gerardmerinfo\/2022\/01\/ski-alpin-week-end-de-competitions-azimuts\/"},"author":{"name":"qs_admin","@id":"https:\/\/vosgesinfo.fr\/gerardmerinfo\/#\/schema\/person\/bc5d02d71e6932e81b6dadb7386667b1"},"headline":"Ski alpin : un week-end de comp\u00e9titions tous azimuts !","datePublished":"2022-01-17T04:01:52+00:00","dateModified":"2022-01-17T04:01:52+00:00","mainEntityOfPage":{"@id":"https:\/\/vosgesinfo.fr\/gerardmerinfo\/2022\/01\/ski-alpin-week-end-de-competitions-azimuts\/"},"wordCount":780,"commentCount":0,"publisher":{"@id":"https:\/\/vosgesinfo.fr\/gerardmerinfo\/#organization"},"image":{"@id":"https:\/\/vosgesinfo.fr\/gerardmerinfo\/2022\/01\/ski-alpin-week-end-de-competitions-azimuts\/#primaryimage"},"thumbnailUrl":"https:\/\/vosgesinfo.fr\/app\/uploads\/sites\/6\/2024\/07\/202201ski-alpin-course-asg-1.jpg","keywords":["asg ski alpin","schnepfenried"],"articleSection":["A la une","G\u00e9rardmer","Sport"],"inLanguage":"fr-FR","potentialAction":[{"@type":"CommentAction","name":"Comment","target":["https:\/\/vosgesinfo.fr\/gerardmerinfo\/2022\/01\/ski-alpin-week-end-de-competitions-azimuts\/#respond"]}]},{"@type":"WebPage","@id":"https:\/\/vosgesinfo.fr\/gerardmerinfo\/2022\/01\/ski-alpin-week-end-de-competitions-azimuts\/","url":"https:\/\/vosgesinfo.fr\/gerardmerinfo\/2022\/01\/ski-alpin-week-end-de-competitions-azimuts\/","name":"Ski alpin : un week-end de comp\u00e9titions tous azimuts ! - Gerardmer Info","isPartOf":{"@id":"https:\/\/vosgesinfo.fr\/gerardmerinfo\/#website"},"primaryImageOfPage":{"@id":"https:\/\/vosgesinfo.fr\/gerardmerinfo\/2022\/01\/ski-alpin-week-end-de-competitions-azimuts\/#primaryimage"},"image":{"@id":"https:\/\/vosgesinfo.fr\/gerardmerinfo\/2022\/01\/ski-alpin-week-end-de-competitions-azimuts\/#primaryimage"},"thumbnailUrl":"https:\/\/vosgesinfo.fr\/app\/uploads\/sites\/6\/2024\/07\/202201ski-alpin-course-asg-1.jpg","datePublished":"2022-01-17T04:01:52+00:00","dateModified":"2022-01-17T04:01:52+00:00","breadcrumb":{"@id":"https:\/\/vosgesinfo.fr\/gerardmerinfo\/2022\/01\/ski-alpin-week-end-de-competitions-azimuts\/#breadcrumb"},"inLanguage":"fr-FR","potentialAction":[{"@type":"ReadAction","target":["https:\/\/vosgesinfo.fr\/gerardmerinfo\/2022\/01\/ski-alpin-week-end-de-competitions-azimuts\/"]}]},{"@type":"ImageObject","inLanguage":"fr-FR","@id":"https:\/\/vosgesinfo.fr\/gerardmerinfo\/2022\/01\/ski-alpin-week-end-de-competitions-azimuts\/#primaryimage","url":"https:\/\/vosgesinfo.fr\/app\/uploads\/sites\/6\/2024\/07\/202201ski-alpin-course-asg-1.jpg","contentUrl":"https:\/\/vosgesinfo.fr\/app\/uploads\/sites\/6\/2024\/07\/202201ski-alpin-course-asg-1.jpg","width":794,"height":1081},{"@type":"BreadcrumbList","@id":"https:\/\/vosgesinfo.fr\/gerardmerinfo\/2022\/01\/ski-alpin-week-end-de-competitions-azimuts\/#breadcrumb","itemListElement":[{"@type":"ListItem","position":1,"name":"Home","item":"https:\/\/vosgesinfo.fr\/gerardmerinfo\/"},{"@type":"ListItem","position":2,"name":"Ski alpin : un week-end de comp\u00e9titions tous azimuts !"}]},{"@type":"WebSite","@id":"https:\/\/vosgesinfo.fr\/gerardmerinfo\/#website","url":"https:\/\/vosgesinfo.fr\/gerardmerinfo\/","name":"Gerardmer Info","description":"Toute l&#039;actualit\u00e9 de G\u00e9rardmer","publisher":{"@id":"https:\/\/vosgesinfo.fr\/gerardmerinfo\/#organization"},"alternateName":"Toute l'actualit\u00e9 de G\u00e9rardmer","potentialAction":[{"@type":"SearchAction","target":{"@type":"EntryPoint","urlTemplate":"https:\/\/vosgesinfo.fr\/gerardmerinfo\/?s={search_term_string}"},"query-input":"required name=search_term_string"}],"inLanguage":"fr-FR"},{"@type":"Organization","@id":"https:\/\/vosgesinfo.fr\/gerardmerinfo\/#organization","name":"Gerardmer Info","url":"https:\/\/vosgesinfo.fr\/gerardmerinfo\/","logo":{"@type":"ImageObject","inLanguage":"fr-FR","@id":"https:\/\/vosgesinfo.fr\/gerardmerinfo\/#\/schema\/logo\/image\/","url":"https:\/\/vosgesinfo.fr\/app\/uploads\/sites\/6\/2023\/08\/favicon-gerardmerinfo.png","contentUrl":"https:\/\/vosgesinfo.fr\/app\/uploads\/sites\/6\/2023\/08\/favicon-gerardmerinfo.png","width":512,"height":512,"caption":"Gerardmer Info"},"image":{"@id":"https:\/\/vosgesinfo.fr\/gerardmerinfo\/#\/schema\/logo\/image\/"},"sameAs":["https:\/\/www.facebook.com\/profile.php?id=100049475262660","https:\/\/x.com\/VosgesInfo88","https:\/\/www.youtube.com\/@vosgesinfo"]},{"@type":"Person","@id":"https:\/\/vosgesinfo.fr\/gerardmerinfo\/#\/schema\/person\/bc5d02d71e6932e81b6dadb7386667b1","name":"qs_admin","image":{"@type":"ImageObject","inLanguage":"fr-FR","@id":"https:\/\/vosgesinfo.fr\/gerardmerinfo\/#\/schema\/person\/image\/","url":"https:\/\/secure.gravatar.com\/avatar\/94b18ee0ed79e4a42ea2f2931277b6841a8999fc6fde214600c78057cf1fe1de?s=96&d=mm&r=g","contentUrl":"https:\/\/secure.gravatar.com\/avatar\/94b18ee0ed79e4a42ea2f2931277b6841a8999fc6fde214600c78057cf1fe1de?s=96&d=mm&r=g","caption":"qs_admin"},"sameAs":["https:\/\/vosgesinfo.fr\/wp"],"url":"https:\/\/vosgesinfo.fr\/gerardmerinfo\/author\/qs_admin\/"}]}},"_links":{"self":[{"href":"https:\/\/vosgesinfo.fr\/gerardmerinfo\/wp-json\/wp\/v2\/posts\/56849","targetHints":{"allow":["GET"]}}],"collection":[{"href":"https:\/\/vosgesinfo.fr\/gerardmerinfo\/wp-json\/wp\/v2\/posts"}],"about":[{"href":"https:\/\/vosgesinfo.fr\/gerardmerinfo\/wp-json\/wp\/v2\/types\/post"}],"author":[{"embeddable":true,"href":"https:\/\/vosgesinfo.fr\/gerardmerinfo\/wp-json\/wp\/v2\/users\/1"}],"replies":[{"embeddable":true,"href":"https:\/\/vosgesinfo.fr\/gerardmerinfo\/wp-json\/wp\/v2\/comments?post=56849"}],"version-history":[{"count":0,"href":"https:\/\/vosgesinfo.fr\/gerardmerinfo\/wp-json\/wp\/v2\/posts\/56849\/revisions"}],"wp:featuredmedia":[{"embeddable":true,"href":"https:\/\/vosgesinfo.fr\/gerardmerinfo\/wp-json\/wp\/v2\/media\/56850"}],"wp:attachment":[{"href":"https:\/\/vosgesinfo.fr\/gerardmerinfo\/wp-json\/wp\/v2\/media?parent=56849"}],"wp:term":[{"taxonomy":"category","embeddable":true,"href":"https:\/\/vosgesinfo.fr\/gerardmerinfo\/wp-json\/wp\/v2\/categories?post=56849"},{"taxonomy":"post_tag","embeddable":true,"href":"https:\/\/vosgesinfo.fr\/gerardmerinfo\/wp-json\/wp\/v2\/tags?post=56849"}],"curies":[{"name":"wp","href":"https:\/\/api.w.org\/{rel}","templated":true}]}}