{"id":56862,"date":"2022-01-18T04:58:29","date_gmt":"2022-01-18T03:58:29","guid":{"rendered":"https:\/\/vosgesinfo.fr\/gerardmerinfo\/2022\/01\/nouvel-evenement-18-fevrier-bas-rupts-clair-de-lune\/"},"modified":"2022-01-18T04:58:29","modified_gmt":"2022-01-18T03:58:29","slug":"nouvel-evenement-18-fevrier-bas-rupts-clair-de-lune","status":"publish","type":"post","link":"https:\/\/vosgesinfo.fr\/gerardmerinfo\/2022\/01\/nouvel-evenement-18-fevrier-bas-rupts-clair-de-lune\/","title":{"rendered":"Nouvel \u00e9v\u00e9nement le 18 F\u00e9vrier : les Bas-Rupts au Clair de Lune"},"content":{"rendered":"<p><a href=\"\/2021\/05\/Logo-comite\u0301.png\"><img decoding=\"async\" class=\"aligncenter size-medium wp-image-176263\" src=\"\/2021\/05\/Logo-comite\u0301-287x255.png\" alt=\"Logo comite\u0301 promenades\" width=\"287\" height=\"255\" \/><\/a><br \/>\nLe prochain \u00e9v\u00e8nement de l&rsquo;association Comit\u00e9 des Promenades de la Vall\u00e9e des Lacs aura lieu le 18 F\u00e9vrier prochain sur le secteur des Bas-Rupts \u00e0 G\u00e9rardmer. Sur le m\u00eame principe que notre premier \u00e9v\u00e8nement, \u00ab\u00a0la F\u00eate de la Chaume\u00a0\u00bb, celui-ci prend la forme d&rsquo;une balade gourmande et musicale, en nocturne. Cette balade de 3,2 kilom\u00e8tres sera accessible \u00e0 tous et \u00e0 toutes, et encadr\u00e9e par des accompagnateurs de montagne.<br \/>\n<a href=\"\/2022\/01\/Affiche-comit\u00e9-des-promenades.jpg\"><img decoding=\"async\" class=\"alignright size-medium wp-image-184798\" src=\"\/2022\/01\/Affiche-comit\u00e9-des-promenades-180x255.jpg\" alt=\"Affiche-comit\u00e9 des promenades\" width=\"180\" height=\"255\" \/><\/a>Elle pourra se pratiquer \u00e9ventuellement \u00e0 l&rsquo;aide de raquettes si la neige est pr\u00e9sente (lou\u00e9es au pr\u00e9alable chez nos partenaires). Le d\u00e9part s&rsquo;effectuera \u00e0 partir de 18h, plusieurs d\u00e9parts de navettes seront pr\u00e9vus du parking de la Drosera jusqu&rsquo;au point de d\u00e9part de la balade. Les participants d\u00e9couvriront des endroits insolites \u00e0 travers les diff\u00e9rents points musicaux et gourmands. la balade se cl\u00f4tura par une soir\u00e9e munstiflette et un grand concert final, en int\u00e9rieur.<br \/>\nLe prix de la place est de 29 euros, comprenant la marche encadr\u00e9e par des professionnels, les animations musicales, les points gourmands et le repas du soir. Les inscriptions pour la marche sont<br \/>\nlimit\u00e9es \u00e0 150 participants et ouvriront \u00e0 partir du 21 Janvier.<br \/>\nPour les informations et inscriptions, une seule adresse : comitedespromenades@gmail.com<\/p>\n","protected":false},"excerpt":{"rendered":"<p>Le prochain \u00e9v\u00e8nement de l&rsquo;association Comit\u00e9 des Promenades de la Vall\u00e9e des Lacs aura lieu le 18 F\u00e9vrier prochain sur [&hellip;]<\/p>\n","protected":false},"author":1,"featured_media":56863,"comment_status":"open","ping_status":"open","sticky":false,"template":"","format":"standard","meta":{"footnotes":""},"categories":[20,24,25,15],"tags":[299,585,809],"class_list":["post-56862","post","type-post","status-publish","format-standard","has-post-thumbnail","hentry","category-a-la-une","category-evenements","category-gerardmer","category-tourisme","tag-comite-des-promenades","tag-domaine-skiable-des-bas-rupts","tag-drosera"],"acf":[],"yoast_head":"<!-- This site is optimized with the Yoast SEO plugin v22.5 - https:\/\/yoast.com\/wordpress\/plugins\/seo\/ -->\n<title>Nouvel \u00e9v\u00e9nement le 18 F\u00e9vrier : les Bas-Rupts au Clair de Lune - Gerardmer Info<\/title>\n<meta name=\"robots\" content=\"index, follow, max-snippet:-1, max-image-preview:large, max-video-preview:-1\" \/>\n<link rel=\"canonical\" href=\"https:\/\/vosgesinfo.fr\/gerardmerinfo\/2022\/01\/nouvel-evenement-18-fevrier-bas-rupts-clair-de-lune\/\" \/>\n<meta name=\"twitter:card\" content=\"summary_large_image\" \/>\n<meta name=\"twitter:title\" content=\"Nouvel \u00e9v\u00e9nement le 18 F\u00e9vrier : les Bas-Rupts au Clair de Lune - Gerardmer Info\" \/>\n<meta name=\"twitter:description\" content=\"Le prochain \u00e9v\u00e8nement de l&rsquo;association Comit\u00e9 des Promenades de la Vall\u00e9e des Lacs aura lieu le 18 F\u00e9vrier prochain sur [&hellip;]\" \/>\n<meta name=\"twitter:image\" content=\"https:\/\/vosgesinfo.fr\/app\/uploads\/sites\/6\/2024\/07\/202201affiche-comite-des-promenades.jpg\" \/>\n<meta name=\"twitter:creator\" content=\"@VosgesInfo88\" \/>\n<meta name=\"twitter:site\" content=\"@VosgesInfo88\" \/>\n<meta name=\"twitter:label1\" content=\"\u00c9crit par\" \/>\n\t<meta name=\"twitter:data1\" content=\"qs_admin\" \/>\n\t<meta name=\"twitter:label2\" content=\"Dur\u00e9e de lecture estim\u00e9e\" \/>\n\t<meta name=\"twitter:data2\" content=\"1 minute\" \/>\n<script type=\"application\/ld+json\" class=\"yoast-schema-graph\">{\"@context\":\"https:\/\/schema.org\",\"@graph\":[{\"@type\":\"Article\",\"@id\":\"https:\/\/vosgesinfo.fr\/gerardmerinfo\/2022\/01\/nouvel-evenement-18-fevrier-bas-rupts-clair-de-lune\/#article\",\"isPartOf\":{\"@id\":\"https:\/\/vosgesinfo.fr\/gerardmerinfo\/2022\/01\/nouvel-evenement-18-fevrier-bas-rupts-clair-de-lune\/\"},\"author\":{\"name\":\"qs_admin\",\"@id\":\"https:\/\/vosgesinfo.fr\/gerardmerinfo\/#\/schema\/person\/bc5d02d71e6932e81b6dadb7386667b1\"},\"headline\":\"Nouvel \u00e9v\u00e9nement le 18 F\u00e9vrier : les Bas-Rupts au Clair de Lune\",\"datePublished\":\"2022-01-18T03:58:29+00:00\",\"dateModified\":\"2022-01-18T03:58:29+00:00\",\"mainEntityOfPage\":{\"@id\":\"https:\/\/vosgesinfo.fr\/gerardmerinfo\/2022\/01\/nouvel-evenement-18-fevrier-bas-rupts-clair-de-lune\/\"},\"wordCount\":225,\"commentCount\":0,\"publisher\":{\"@id\":\"https:\/\/vosgesinfo.fr\/gerardmerinfo\/#organization\"},\"image\":{\"@id\":\"https:\/\/vosgesinfo.fr\/gerardmerinfo\/2022\/01\/nouvel-evenement-18-fevrier-bas-rupts-clair-de-lune\/#primaryimage\"},\"thumbnailUrl\":\"https:\/\/vosgesinfo.fr\/app\/uploads\/sites\/6\/2024\/07\/202201affiche-comite-des-promenades.jpg\",\"keywords\":[\"comit\u00e9 des promenades\",\"domaine skiable des bas rupts\",\"Drosera\"],\"articleSection\":[\"A la une\",\"Ev\u00e8nements\",\"G\u00e9rardmer\",\"Tourisme\"],\"inLanguage\":\"fr-FR\",\"potentialAction\":[{\"@type\":\"CommentAction\",\"name\":\"Comment\",\"target\":[\"https:\/\/vosgesinfo.fr\/gerardmerinfo\/2022\/01\/nouvel-evenement-18-fevrier-bas-rupts-clair-de-lune\/#respond\"]}]},{\"@type\":\"WebPage\",\"@id\":\"https:\/\/vosgesinfo.fr\/gerardmerinfo\/2022\/01\/nouvel-evenement-18-fevrier-bas-rupts-clair-de-lune\/\",\"url\":\"https:\/\/vosgesinfo.fr\/gerardmerinfo\/2022\/01\/nouvel-evenement-18-fevrier-bas-rupts-clair-de-lune\/\",\"name\":\"Nouvel \u00e9v\u00e9nement le 18 F\u00e9vrier : les Bas-Rupts au Clair de Lune - Gerardmer Info\",\"isPartOf\":{\"@id\":\"https:\/\/vosgesinfo.fr\/gerardmerinfo\/#website\"},\"primaryImageOfPage\":{\"@id\":\"https:\/\/vosgesinfo.fr\/gerardmerinfo\/2022\/01\/nouvel-evenement-18-fevrier-bas-rupts-clair-de-lune\/#primaryimage\"},\"image\":{\"@id\":\"https:\/\/vosgesinfo.fr\/gerardmerinfo\/2022\/01\/nouvel-evenement-18-fevrier-bas-rupts-clair-de-lune\/#primaryimage\"},\"thumbnailUrl\":\"https:\/\/vosgesinfo.fr\/app\/uploads\/sites\/6\/2024\/07\/202201affiche-comite-des-promenades.jpg\",\"datePublished\":\"2022-01-18T03:58:29+00:00\",\"dateModified\":\"2022-01-18T03:58:29+00:00\",\"breadcrumb\":{\"@id\":\"https:\/\/vosgesinfo.fr\/gerardmerinfo\/2022\/01\/nouvel-evenement-18-fevrier-bas-rupts-clair-de-lune\/#breadcrumb\"},\"inLanguage\":\"fr-FR\",\"potentialAction\":[{\"@type\":\"ReadAction\",\"target\":[\"https:\/\/vosgesinfo.fr\/gerardmerinfo\/2022\/01\/nouvel-evenement-18-fevrier-bas-rupts-clair-de-lune\/\"]}]},{\"@type\":\"ImageObject\",\"inLanguage\":\"fr-FR\",\"@id\":\"https:\/\/vosgesinfo.fr\/gerardmerinfo\/2022\/01\/nouvel-evenement-18-fevrier-bas-rupts-clair-de-lune\/#primaryimage\",\"url\":\"https:\/\/vosgesinfo.fr\/app\/uploads\/sites\/6\/2024\/07\/202201affiche-comite-des-promenades.jpg\",\"contentUrl\":\"https:\/\/vosgesinfo.fr\/app\/uploads\/sites\/6\/2024\/07\/202201affiche-comite-des-promenades.jpg\",\"width\":1018,\"height\":1440},{\"@type\":\"BreadcrumbList\",\"@id\":\"https:\/\/vosgesinfo.fr\/gerardmerinfo\/2022\/01\/nouvel-evenement-18-fevrier-bas-rupts-clair-de-lune\/#breadcrumb\",\"itemListElement\":[{\"@type\":\"ListItem\",\"position\":1,\"name\":\"Home\",\"item\":\"https:\/\/vosgesinfo.fr\/gerardmerinfo\/\"},{\"@type\":\"ListItem\",\"position\":2,\"name\":\"Nouvel \u00e9v\u00e9nement le 18 F\u00e9vrier : les Bas-Rupts au Clair de Lune\"}]},{\"@type\":\"WebSite\",\"@id\":\"https:\/\/vosgesinfo.fr\/gerardmerinfo\/#website\",\"url\":\"https:\/\/vosgesinfo.fr\/gerardmerinfo\/\",\"name\":\"Gerardmer Info\",\"description\":\"Toute l&#039;actualit\u00e9 de G\u00e9rardmer\",\"publisher\":{\"@id\":\"https:\/\/vosgesinfo.fr\/gerardmerinfo\/#organization\"},\"alternateName\":\"Toute l'actualit\u00e9 de G\u00e9rardmer\",\"potentialAction\":[{\"@type\":\"SearchAction\",\"target\":{\"@type\":\"EntryPoint\",\"urlTemplate\":\"https:\/\/vosgesinfo.fr\/gerardmerinfo\/?s={search_term_string}\"},\"query-input\":\"required name=search_term_string\"}],\"inLanguage\":\"fr-FR\"},{\"@type\":\"Organization\",\"@id\":\"https:\/\/vosgesinfo.fr\/gerardmerinfo\/#organization\",\"name\":\"Gerardmer Info\",\"url\":\"https:\/\/vosgesinfo.fr\/gerardmerinfo\/\",\"logo\":{\"@type\":\"ImageObject\",\"inLanguage\":\"fr-FR\",\"@id\":\"https:\/\/vosgesinfo.fr\/gerardmerinfo\/#\/schema\/logo\/image\/\",\"url\":\"https:\/\/vosgesinfo.fr\/app\/uploads\/sites\/6\/2023\/08\/favicon-gerardmerinfo.png\",\"contentUrl\":\"https:\/\/vosgesinfo.fr\/app\/uploads\/sites\/6\/2023\/08\/favicon-gerardmerinfo.png\",\"width\":512,\"height\":512,\"caption\":\"Gerardmer Info\"},\"image\":{\"@id\":\"https:\/\/vosgesinfo.fr\/gerardmerinfo\/#\/schema\/logo\/image\/\"},\"sameAs\":[\"https:\/\/www.facebook.com\/profile.php?id=100049475262660\",\"https:\/\/x.com\/VosgesInfo88\",\"https:\/\/www.youtube.com\/@vosgesinfo\"]},{\"@type\":\"Person\",\"@id\":\"https:\/\/vosgesinfo.fr\/gerardmerinfo\/#\/schema\/person\/bc5d02d71e6932e81b6dadb7386667b1\",\"name\":\"qs_admin\",\"image\":{\"@type\":\"ImageObject\",\"inLanguage\":\"fr-FR\",\"@id\":\"https:\/\/vosgesinfo.fr\/gerardmerinfo\/#\/schema\/person\/image\/\",\"url\":\"https:\/\/secure.gravatar.com\/avatar\/94b18ee0ed79e4a42ea2f2931277b6841a8999fc6fde214600c78057cf1fe1de?s=96&d=mm&r=g\",\"contentUrl\":\"https:\/\/secure.gravatar.com\/avatar\/94b18ee0ed79e4a42ea2f2931277b6841a8999fc6fde214600c78057cf1fe1de?s=96&d=mm&r=g\",\"caption\":\"qs_admin\"},\"sameAs\":[\"https:\/\/vosgesinfo.fr\/wp\"],\"url\":\"https:\/\/vosgesinfo.fr\/gerardmerinfo\/author\/qs_admin\/\"}]}<\/script>\n<!-- \/ Yoast SEO plugin. -->","yoast_head_json":{"title":"Nouvel \u00e9v\u00e9nement le 18 F\u00e9vrier : les Bas-Rupts au Clair de Lune - Gerardmer Info","robots":{"index":"index","follow":"follow","max-snippet":"max-snippet:-1","max-image-preview":"max-image-preview:large","max-video-preview":"max-video-preview:-1"},"canonical":"https:\/\/vosgesinfo.fr\/gerardmerinfo\/2022\/01\/nouvel-evenement-18-fevrier-bas-rupts-clair-de-lune\/","twitter_card":"summary_large_image","twitter_title":"Nouvel \u00e9v\u00e9nement le 18 F\u00e9vrier : les Bas-Rupts au Clair de Lune - Gerardmer Info","twitter_description":"Le prochain \u00e9v\u00e8nement de l&rsquo;association Comit\u00e9 des Promenades de la Vall\u00e9e des Lacs aura lieu le 18 F\u00e9vrier prochain sur [&hellip;]","twitter_image":"https:\/\/vosgesinfo.fr\/app\/uploads\/sites\/6\/2024\/07\/202201affiche-comite-des-promenades.jpg","twitter_creator":"@VosgesInfo88","twitter_site":"@VosgesInfo88","twitter_misc":{"\u00c9crit par":"qs_admin","Dur\u00e9e de lecture estim\u00e9e":"1 minute"},"schema":{"@context":"https:\/\/schema.org","@graph":[{"@type":"Article","@id":"https:\/\/vosgesinfo.fr\/gerardmerinfo\/2022\/01\/nouvel-evenement-18-fevrier-bas-rupts-clair-de-lune\/#article","isPartOf":{"@id":"https:\/\/vosgesinfo.fr\/gerardmerinfo\/2022\/01\/nouvel-evenement-18-fevrier-bas-rupts-clair-de-lune\/"},"author":{"name":"qs_admin","@id":"https:\/\/vosgesinfo.fr\/gerardmerinfo\/#\/schema\/person\/bc5d02d71e6932e81b6dadb7386667b1"},"headline":"Nouvel \u00e9v\u00e9nement le 18 F\u00e9vrier : les Bas-Rupts au Clair de Lune","datePublished":"2022-01-18T03:58:29+00:00","dateModified":"2022-01-18T03:58:29+00:00","mainEntityOfPage":{"@id":"https:\/\/vosgesinfo.fr\/gerardmerinfo\/2022\/01\/nouvel-evenement-18-fevrier-bas-rupts-clair-de-lune\/"},"wordCount":225,"commentCount":0,"publisher":{"@id":"https:\/\/vosgesinfo.fr\/gerardmerinfo\/#organization"},"image":{"@id":"https:\/\/vosgesinfo.fr\/gerardmerinfo\/2022\/01\/nouvel-evenement-18-fevrier-bas-rupts-clair-de-lune\/#primaryimage"},"thumbnailUrl":"https:\/\/vosgesinfo.fr\/app\/uploads\/sites\/6\/2024\/07\/202201affiche-comite-des-promenades.jpg","keywords":["comit\u00e9 des promenades","domaine skiable des bas rupts","Drosera"],"articleSection":["A la une","Ev\u00e8nements","G\u00e9rardmer","Tourisme"],"inLanguage":"fr-FR","potentialAction":[{"@type":"CommentAction","name":"Comment","target":["https:\/\/vosgesinfo.fr\/gerardmerinfo\/2022\/01\/nouvel-evenement-18-fevrier-bas-rupts-clair-de-lune\/#respond"]}]},{"@type":"WebPage","@id":"https:\/\/vosgesinfo.fr\/gerardmerinfo\/2022\/01\/nouvel-evenement-18-fevrier-bas-rupts-clair-de-lune\/","url":"https:\/\/vosgesinfo.fr\/gerardmerinfo\/2022\/01\/nouvel-evenement-18-fevrier-bas-rupts-clair-de-lune\/","name":"Nouvel \u00e9v\u00e9nement le 18 F\u00e9vrier : les Bas-Rupts au Clair de Lune - Gerardmer Info","isPartOf":{"@id":"https:\/\/vosgesinfo.fr\/gerardmerinfo\/#website"},"primaryImageOfPage":{"@id":"https:\/\/vosgesinfo.fr\/gerardmerinfo\/2022\/01\/nouvel-evenement-18-fevrier-bas-rupts-clair-de-lune\/#primaryimage"},"image":{"@id":"https:\/\/vosgesinfo.fr\/gerardmerinfo\/2022\/01\/nouvel-evenement-18-fevrier-bas-rupts-clair-de-lune\/#primaryimage"},"thumbnailUrl":"https:\/\/vosgesinfo.fr\/app\/uploads\/sites\/6\/2024\/07\/202201affiche-comite-des-promenades.jpg","datePublished":"2022-01-18T03:58:29+00:00","dateModified":"2022-01-18T03:58:29+00:00","breadcrumb":{"@id":"https:\/\/vosgesinfo.fr\/gerardmerinfo\/2022\/01\/nouvel-evenement-18-fevrier-bas-rupts-clair-de-lune\/#breadcrumb"},"inLanguage":"fr-FR","potentialAction":[{"@type":"ReadAction","target":["https:\/\/vosgesinfo.fr\/gerardmerinfo\/2022\/01\/nouvel-evenement-18-fevrier-bas-rupts-clair-de-lune\/"]}]},{"@type":"ImageObject","inLanguage":"fr-FR","@id":"https:\/\/vosgesinfo.fr\/gerardmerinfo\/2022\/01\/nouvel-evenement-18-fevrier-bas-rupts-clair-de-lune\/#primaryimage","url":"https:\/\/vosgesinfo.fr\/app\/uploads\/sites\/6\/2024\/07\/202201affiche-comite-des-promenades.jpg","contentUrl":"https:\/\/vosgesinfo.fr\/app\/uploads\/sites\/6\/2024\/07\/202201affiche-comite-des-promenades.jpg","width":1018,"height":1440},{"@type":"BreadcrumbList","@id":"https:\/\/vosgesinfo.fr\/gerardmerinfo\/2022\/01\/nouvel-evenement-18-fevrier-bas-rupts-clair-de-lune\/#breadcrumb","itemListElement":[{"@type":"ListItem","position":1,"name":"Home","item":"https:\/\/vosgesinfo.fr\/gerardmerinfo\/"},{"@type":"ListItem","position":2,"name":"Nouvel \u00e9v\u00e9nement le 18 F\u00e9vrier : les Bas-Rupts au Clair de Lune"}]},{"@type":"WebSite","@id":"https:\/\/vosgesinfo.fr\/gerardmerinfo\/#website","url":"https:\/\/vosgesinfo.fr\/gerardmerinfo\/","name":"Gerardmer Info","description":"Toute l&#039;actualit\u00e9 de G\u00e9rardmer","publisher":{"@id":"https:\/\/vosgesinfo.fr\/gerardmerinfo\/#organization"},"alternateName":"Toute l'actualit\u00e9 de G\u00e9rardmer","potentialAction":[{"@type":"SearchAction","target":{"@type":"EntryPoint","urlTemplate":"https:\/\/vosgesinfo.fr\/gerardmerinfo\/?s={search_term_string}"},"query-input":"required name=search_term_string"}],"inLanguage":"fr-FR"},{"@type":"Organization","@id":"https:\/\/vosgesinfo.fr\/gerardmerinfo\/#organization","name":"Gerardmer Info","url":"https:\/\/vosgesinfo.fr\/gerardmerinfo\/","logo":{"@type":"ImageObject","inLanguage":"fr-FR","@id":"https:\/\/vosgesinfo.fr\/gerardmerinfo\/#\/schema\/logo\/image\/","url":"https:\/\/vosgesinfo.fr\/app\/uploads\/sites\/6\/2023\/08\/favicon-gerardmerinfo.png","contentUrl":"https:\/\/vosgesinfo.fr\/app\/uploads\/sites\/6\/2023\/08\/favicon-gerardmerinfo.png","width":512,"height":512,"caption":"Gerardmer Info"},"image":{"@id":"https:\/\/vosgesinfo.fr\/gerardmerinfo\/#\/schema\/logo\/image\/"},"sameAs":["https:\/\/www.facebook.com\/profile.php?id=100049475262660","https:\/\/x.com\/VosgesInfo88","https:\/\/www.youtube.com\/@vosgesinfo"]},{"@type":"Person","@id":"https:\/\/vosgesinfo.fr\/gerardmerinfo\/#\/schema\/person\/bc5d02d71e6932e81b6dadb7386667b1","name":"qs_admin","image":{"@type":"ImageObject","inLanguage":"fr-FR","@id":"https:\/\/vosgesinfo.fr\/gerardmerinfo\/#\/schema\/person\/image\/","url":"https:\/\/secure.gravatar.com\/avatar\/94b18ee0ed79e4a42ea2f2931277b6841a8999fc6fde214600c78057cf1fe1de?s=96&d=mm&r=g","contentUrl":"https:\/\/secure.gravatar.com\/avatar\/94b18ee0ed79e4a42ea2f2931277b6841a8999fc6fde214600c78057cf1fe1de?s=96&d=mm&r=g","caption":"qs_admin"},"sameAs":["https:\/\/vosgesinfo.fr\/wp"],"url":"https:\/\/vosgesinfo.fr\/gerardmerinfo\/author\/qs_admin\/"}]}},"_links":{"self":[{"href":"https:\/\/vosgesinfo.fr\/gerardmerinfo\/wp-json\/wp\/v2\/posts\/56862","targetHints":{"allow":["GET"]}}],"collection":[{"href":"https:\/\/vosgesinfo.fr\/gerardmerinfo\/wp-json\/wp\/v2\/posts"}],"about":[{"href":"https:\/\/vosgesinfo.fr\/gerardmerinfo\/wp-json\/wp\/v2\/types\/post"}],"author":[{"embeddable":true,"href":"https:\/\/vosgesinfo.fr\/gerardmerinfo\/wp-json\/wp\/v2\/users\/1"}],"replies":[{"embeddable":true,"href":"https:\/\/vosgesinfo.fr\/gerardmerinfo\/wp-json\/wp\/v2\/comments?post=56862"}],"version-history":[{"count":0,"href":"https:\/\/vosgesinfo.fr\/gerardmerinfo\/wp-json\/wp\/v2\/posts\/56862\/revisions"}],"wp:featuredmedia":[{"embeddable":true,"href":"https:\/\/vosgesinfo.fr\/gerardmerinfo\/wp-json\/wp\/v2\/media\/56863"}],"wp:attachment":[{"href":"https:\/\/vosgesinfo.fr\/gerardmerinfo\/wp-json\/wp\/v2\/media?parent=56862"}],"wp:term":[{"taxonomy":"category","embeddable":true,"href":"https:\/\/vosgesinfo.fr\/gerardmerinfo\/wp-json\/wp\/v2\/categories?post=56862"},{"taxonomy":"post_tag","embeddable":true,"href":"https:\/\/vosgesinfo.fr\/gerardmerinfo\/wp-json\/wp\/v2\/tags?post=56862"}],"curies":[{"name":"wp","href":"https:\/\/api.w.org\/{rel}","templated":true}]}}