{"id":57179,"date":"2022-02-04T04:58:16","date_gmt":"2022-02-04T03:58:16","guid":{"rendered":"https:\/\/vosgesinfo.fr\/gerardmerinfo\/2022\/02\/horaires-douverture-centre-aquatique-de-bien-etre-lors-vacances-scolaires\/"},"modified":"2022-02-04T04:58:16","modified_gmt":"2022-02-04T03:58:16","slug":"horaires-douverture-centre-aquatique-de-bien-etre-lors-vacances-scolaires","status":"publish","type":"post","link":"https:\/\/vosgesinfo.fr\/gerardmerinfo\/2022\/02\/horaires-douverture-centre-aquatique-de-bien-etre-lors-vacances-scolaires\/","title":{"rendered":"Horaires d&rsquo;ouverture du centre aquatique de bien-\u00eatre lors des vacances scolaires"},"content":{"rendered":"<p><a href=\"\/2022\/01\/centre-aquatique-de-G\u00e9rardmer-12.jpg\"><img decoding=\"async\" class=\"aligncenter size-medium wp-image-184594\" src=\"\/2022\/01\/centre-aquatique-de-G\u00e9rardmer-12-340x255.jpg\" alt=\"centre aquatique de G\u00e9rardmer (12)\" width=\"340\" height=\"255\" \/><\/a><\/p>\n<p>&nbsp;<\/p>\n<p><strong>Pendant les vacances d\u2019hiver, le Centre Aquatique et de Bien-\u00catre change d\u2019Horaires.<\/strong><\/p>\n<p>&nbsp;<\/p>\n<p>Pendant toute la dur\u00e9e des vacances et ce pour toutes les zones, les horaires sont adapt\u00e9s.<\/p>\n<p>&nbsp;<\/p>\n<p>Les achats de cartes d\u2019abonnements pour les activit\u00e9s aquatiques ne pourront s\u2019effectuer qu\u2019\u00e0 partir de 18H00.<\/p>\n<p>&nbsp;<\/p>\n<p>Pour rappel, le maillot et le bonnet de bain sont obligatoires.<\/p>\n<p>&nbsp;<\/p>\n<h3 style=\"text-align: center;\">Horaires de vacances\u00a0:<\/h3>\n<p>&nbsp;<\/p>\n<p><strong>Espace Aquatique :<\/strong> <strong>Lundi\u00a0:<\/strong> 14H30 \/ 19H00 <strong>Mardi\u00a0:<\/strong> 10H00 \/ 13H00 \u2013 14H30 \/ 20H00 <strong>Mercredi\u00a0:<\/strong> 10H00 \/ 13H00 \u2013 14H30 \/ 20H00 <strong>Jeudi\u00a0:<\/strong> 10H00 \/ 13H00 \u2013 14H30 \/ 20H00 <strong>Vendredi\u00a0: <\/strong>10H00 \/ 13H00 \u2013 15H00 \/ 20H00 <strong>Samedi\u00a0:<\/strong> 10H00 \/ 13H00 \u2013 15H00 \/ 20H00 <strong>Dimanche\u00a0:<\/strong> 10H00 \/ 13H00 \u2013 15H00 \/ 19H00<\/p>\n<p><strong>\u00a0<\/strong><\/p>\n<p><strong>Espace Bien-\u00catre\u00a0:<\/strong> <strong>Lundi\u00a0:<\/strong> 15H00 \/ 19H00 <strong>Mardi\u00a0:<\/strong> 15H00 \/ 20H00 <strong>Mercredi\u00a0:<\/strong> 15H00 \/ 20H00 <strong>Jeudi\u00a0:<\/strong> 15H00 \/ 20H00 <strong>Vendredi\u00a0:<\/strong> 15H00 \/ 21H00 <strong>Samedi\u00a0:<\/strong> 15H00 \/ 20H00 <strong>Dimanche\u00a0:<\/strong> 15H00 \/ 19H00<\/p>\n<p>&nbsp;<\/p>\n<p><strong>Bowling\u00a0: Lundi\u00a0:<\/strong> 14H30 \/ 01H00 <strong>Mardi\u00a0<\/strong>: 14H30 \/ 01H00 <strong>Mercredi\u00a0:<\/strong> 14H30 \/ 01H00 <strong>Jeudi\u00a0:<\/strong> 14H30 \/ 01H00 <strong>Vendredi\u00a0:<\/strong> 14H30 \/ 01H00 <strong>Samedi\u00a0:<\/strong> 14H30 \/ 01H00 <strong>Dimanche\u00a0:<\/strong> 14H30 \/ 01H00<\/p>\n<p>&nbsp;<\/p>\n<p><strong>Escalade\u00a0: Lundi\u00a0:<\/strong> 14H30 \/ 19H00 <strong>Mardi\u00a0:<\/strong> 14H30 \/ 19H00 <strong>Mercredi\u00a0:<\/strong> 14H30 \/ 19H00 <strong>Jeudi\u00a0:<\/strong> 14H30 \/ 19H00 <strong>Vendredi\u00a0<\/strong>: 15H00 \/ 19H00 <strong>Samedi\u00a0:<\/strong> 15H00 \/ 19H00 <strong>Dimanche\u00a0:<\/strong> 15H00 \/ 19H00<\/p>\n<p>&nbsp;<\/p>\n<p><strong>Patinoire\u00a0:<\/strong> <strong>Lundi\u00a0:<\/strong> 14H30 \/ 19H00 <strong>Mardi\u00a0:<\/strong> 14H30 \/ 19H00 <strong>Mercredi\u00a0:<\/strong> 14H30 \/ 19H00 <strong>Jeudi\u00a0:<\/strong> 14H30 \/ 19H00 <strong>Vendredi\u00a0:<\/strong> 15H00 \/ 19H00 <strong>Samedi\u00a0:<\/strong> 15H00 \/ 19H00 <strong>Dimanche\u00a0:<\/strong> 15H00 \/ 19H00<\/p>\n","protected":false},"excerpt":{"rendered":"<p>&nbsp; Pendant les vacances d\u2019hiver, le Centre Aquatique et de Bien-\u00catre change d\u2019Horaires. &nbsp; Pendant toute la dur\u00e9e des vacances [&hellip;]<\/p>\n","protected":false},"author":1,"featured_media":57180,"comment_status":"open","ping_status":"open","sticky":false,"template":"","format":"standard","meta":{"footnotes":""},"categories":[20,25,12,14],"tags":[594],"class_list":["post-57179","post","type-post","status-publish","format-standard","has-post-thumbnail","hentry","category-a-la-une","category-gerardmer","category-sante","category-sport","tag-centre-aquatique"],"acf":[],"yoast_head":"<!-- This site is optimized with the Yoast SEO plugin v22.5 - https:\/\/yoast.com\/wordpress\/plugins\/seo\/ -->\n<title>Horaires d&#039;ouverture du centre aquatique de bien-\u00eatre lors des vacances scolaires - Gerardmer Info<\/title>\n<meta name=\"robots\" content=\"index, follow, max-snippet:-1, max-image-preview:large, max-video-preview:-1\" \/>\n<link rel=\"canonical\" href=\"https:\/\/vosgesinfo.fr\/gerardmerinfo\/2022\/02\/horaires-douverture-centre-aquatique-de-bien-etre-lors-vacances-scolaires\/\" \/>\n<meta name=\"twitter:card\" content=\"summary_large_image\" \/>\n<meta name=\"twitter:title\" content=\"Horaires d&#039;ouverture du centre aquatique de bien-\u00eatre lors des vacances scolaires - Gerardmer Info\" \/>\n<meta name=\"twitter:description\" content=\"&nbsp; Pendant les vacances d\u2019hiver, le Centre Aquatique et de Bien-\u00catre change d\u2019Horaires. &nbsp; Pendant toute la dur\u00e9e des vacances [&hellip;]\" \/>\n<meta name=\"twitter:image\" content=\"https:\/\/vosgesinfo.fr\/app\/uploads\/sites\/6\/2024\/07\/202201centre-aquatique-de-gerardmer-12-3.jpg\" \/>\n<meta name=\"twitter:creator\" content=\"@VosgesInfo88\" \/>\n<meta name=\"twitter:site\" content=\"@VosgesInfo88\" \/>\n<meta name=\"twitter:label1\" content=\"\u00c9crit par\" \/>\n\t<meta name=\"twitter:data1\" content=\"qs_admin\" \/>\n\t<meta name=\"twitter:label2\" content=\"Dur\u00e9e de lecture estim\u00e9e\" \/>\n\t<meta name=\"twitter:data2\" content=\"1 minute\" \/>\n<script type=\"application\/ld+json\" class=\"yoast-schema-graph\">{\"@context\":\"https:\/\/schema.org\",\"@graph\":[{\"@type\":\"Article\",\"@id\":\"https:\/\/vosgesinfo.fr\/gerardmerinfo\/2022\/02\/horaires-douverture-centre-aquatique-de-bien-etre-lors-vacances-scolaires\/#article\",\"isPartOf\":{\"@id\":\"https:\/\/vosgesinfo.fr\/gerardmerinfo\/2022\/02\/horaires-douverture-centre-aquatique-de-bien-etre-lors-vacances-scolaires\/\"},\"author\":{\"name\":\"qs_admin\",\"@id\":\"https:\/\/vosgesinfo.fr\/gerardmerinfo\/#\/schema\/person\/bc5d02d71e6932e81b6dadb7386667b1\"},\"headline\":\"Horaires d&rsquo;ouverture du centre aquatique de bien-\u00eatre lors des vacances scolaires\",\"datePublished\":\"2022-02-04T03:58:16+00:00\",\"dateModified\":\"2022-02-04T03:58:16+00:00\",\"mainEntityOfPage\":{\"@id\":\"https:\/\/vosgesinfo.fr\/gerardmerinfo\/2022\/02\/horaires-douverture-centre-aquatique-de-bien-etre-lors-vacances-scolaires\/\"},\"wordCount\":213,\"commentCount\":0,\"publisher\":{\"@id\":\"https:\/\/vosgesinfo.fr\/gerardmerinfo\/#organization\"},\"image\":{\"@id\":\"https:\/\/vosgesinfo.fr\/gerardmerinfo\/2022\/02\/horaires-douverture-centre-aquatique-de-bien-etre-lors-vacances-scolaires\/#primaryimage\"},\"thumbnailUrl\":\"https:\/\/vosgesinfo.fr\/app\/uploads\/sites\/6\/2024\/07\/202201centre-aquatique-de-gerardmer-12-3.jpg\",\"keywords\":[\"centre aquatique\"],\"articleSection\":[\"A la une\",\"G\u00e9rardmer\",\"Sant\u00e9\",\"Sport\"],\"inLanguage\":\"fr-FR\",\"potentialAction\":[{\"@type\":\"CommentAction\",\"name\":\"Comment\",\"target\":[\"https:\/\/vosgesinfo.fr\/gerardmerinfo\/2022\/02\/horaires-douverture-centre-aquatique-de-bien-etre-lors-vacances-scolaires\/#respond\"]}]},{\"@type\":\"WebPage\",\"@id\":\"https:\/\/vosgesinfo.fr\/gerardmerinfo\/2022\/02\/horaires-douverture-centre-aquatique-de-bien-etre-lors-vacances-scolaires\/\",\"url\":\"https:\/\/vosgesinfo.fr\/gerardmerinfo\/2022\/02\/horaires-douverture-centre-aquatique-de-bien-etre-lors-vacances-scolaires\/\",\"name\":\"Horaires d'ouverture du centre aquatique de bien-\u00eatre lors des vacances scolaires - Gerardmer Info\",\"isPartOf\":{\"@id\":\"https:\/\/vosgesinfo.fr\/gerardmerinfo\/#website\"},\"primaryImageOfPage\":{\"@id\":\"https:\/\/vosgesinfo.fr\/gerardmerinfo\/2022\/02\/horaires-douverture-centre-aquatique-de-bien-etre-lors-vacances-scolaires\/#primaryimage\"},\"image\":{\"@id\":\"https:\/\/vosgesinfo.fr\/gerardmerinfo\/2022\/02\/horaires-douverture-centre-aquatique-de-bien-etre-lors-vacances-scolaires\/#primaryimage\"},\"thumbnailUrl\":\"https:\/\/vosgesinfo.fr\/app\/uploads\/sites\/6\/2024\/07\/202201centre-aquatique-de-gerardmer-12-3.jpg\",\"datePublished\":\"2022-02-04T03:58:16+00:00\",\"dateModified\":\"2022-02-04T03:58:16+00:00\",\"breadcrumb\":{\"@id\":\"https:\/\/vosgesinfo.fr\/gerardmerinfo\/2022\/02\/horaires-douverture-centre-aquatique-de-bien-etre-lors-vacances-scolaires\/#breadcrumb\"},\"inLanguage\":\"fr-FR\",\"potentialAction\":[{\"@type\":\"ReadAction\",\"target\":[\"https:\/\/vosgesinfo.fr\/gerardmerinfo\/2022\/02\/horaires-douverture-centre-aquatique-de-bien-etre-lors-vacances-scolaires\/\"]}]},{\"@type\":\"ImageObject\",\"inLanguage\":\"fr-FR\",\"@id\":\"https:\/\/vosgesinfo.fr\/gerardmerinfo\/2022\/02\/horaires-douverture-centre-aquatique-de-bien-etre-lors-vacances-scolaires\/#primaryimage\",\"url\":\"https:\/\/vosgesinfo.fr\/app\/uploads\/sites\/6\/2024\/07\/202201centre-aquatique-de-gerardmer-12-3.jpg\",\"contentUrl\":\"https:\/\/vosgesinfo.fr\/app\/uploads\/sites\/6\/2024\/07\/202201centre-aquatique-de-gerardmer-12-3.jpg\",\"width\":1600,\"height\":1200},{\"@type\":\"BreadcrumbList\",\"@id\":\"https:\/\/vosgesinfo.fr\/gerardmerinfo\/2022\/02\/horaires-douverture-centre-aquatique-de-bien-etre-lors-vacances-scolaires\/#breadcrumb\",\"itemListElement\":[{\"@type\":\"ListItem\",\"position\":1,\"name\":\"Home\",\"item\":\"https:\/\/vosgesinfo.fr\/gerardmerinfo\/\"},{\"@type\":\"ListItem\",\"position\":2,\"name\":\"Horaires d&rsquo;ouverture du centre aquatique de bien-\u00eatre lors des vacances scolaires\"}]},{\"@type\":\"WebSite\",\"@id\":\"https:\/\/vosgesinfo.fr\/gerardmerinfo\/#website\",\"url\":\"https:\/\/vosgesinfo.fr\/gerardmerinfo\/\",\"name\":\"Gerardmer Info\",\"description\":\"Toute l&#039;actualit\u00e9 de G\u00e9rardmer\",\"publisher\":{\"@id\":\"https:\/\/vosgesinfo.fr\/gerardmerinfo\/#organization\"},\"alternateName\":\"Toute l'actualit\u00e9 de G\u00e9rardmer\",\"potentialAction\":[{\"@type\":\"SearchAction\",\"target\":{\"@type\":\"EntryPoint\",\"urlTemplate\":\"https:\/\/vosgesinfo.fr\/gerardmerinfo\/?s={search_term_string}\"},\"query-input\":\"required name=search_term_string\"}],\"inLanguage\":\"fr-FR\"},{\"@type\":\"Organization\",\"@id\":\"https:\/\/vosgesinfo.fr\/gerardmerinfo\/#organization\",\"name\":\"Gerardmer Info\",\"url\":\"https:\/\/vosgesinfo.fr\/gerardmerinfo\/\",\"logo\":{\"@type\":\"ImageObject\",\"inLanguage\":\"fr-FR\",\"@id\":\"https:\/\/vosgesinfo.fr\/gerardmerinfo\/#\/schema\/logo\/image\/\",\"url\":\"https:\/\/vosgesinfo.fr\/app\/uploads\/sites\/6\/2023\/08\/favicon-gerardmerinfo.png\",\"contentUrl\":\"https:\/\/vosgesinfo.fr\/app\/uploads\/sites\/6\/2023\/08\/favicon-gerardmerinfo.png\",\"width\":512,\"height\":512,\"caption\":\"Gerardmer Info\"},\"image\":{\"@id\":\"https:\/\/vosgesinfo.fr\/gerardmerinfo\/#\/schema\/logo\/image\/\"},\"sameAs\":[\"https:\/\/www.facebook.com\/profile.php?id=100049475262660\",\"https:\/\/x.com\/VosgesInfo88\",\"https:\/\/www.youtube.com\/@vosgesinfo\"]},{\"@type\":\"Person\",\"@id\":\"https:\/\/vosgesinfo.fr\/gerardmerinfo\/#\/schema\/person\/bc5d02d71e6932e81b6dadb7386667b1\",\"name\":\"qs_admin\",\"image\":{\"@type\":\"ImageObject\",\"inLanguage\":\"fr-FR\",\"@id\":\"https:\/\/vosgesinfo.fr\/gerardmerinfo\/#\/schema\/person\/image\/\",\"url\":\"https:\/\/secure.gravatar.com\/avatar\/94b18ee0ed79e4a42ea2f2931277b6841a8999fc6fde214600c78057cf1fe1de?s=96&d=mm&r=g\",\"contentUrl\":\"https:\/\/secure.gravatar.com\/avatar\/94b18ee0ed79e4a42ea2f2931277b6841a8999fc6fde214600c78057cf1fe1de?s=96&d=mm&r=g\",\"caption\":\"qs_admin\"},\"sameAs\":[\"https:\/\/vosgesinfo.fr\/wp\"],\"url\":\"https:\/\/vosgesinfo.fr\/gerardmerinfo\/author\/qs_admin\/\"}]}<\/script>\n<!-- \/ Yoast SEO plugin. -->","yoast_head_json":{"title":"Horaires d'ouverture du centre aquatique de bien-\u00eatre lors des vacances scolaires - Gerardmer Info","robots":{"index":"index","follow":"follow","max-snippet":"max-snippet:-1","max-image-preview":"max-image-preview:large","max-video-preview":"max-video-preview:-1"},"canonical":"https:\/\/vosgesinfo.fr\/gerardmerinfo\/2022\/02\/horaires-douverture-centre-aquatique-de-bien-etre-lors-vacances-scolaires\/","twitter_card":"summary_large_image","twitter_title":"Horaires d'ouverture du centre aquatique de bien-\u00eatre lors des vacances scolaires - Gerardmer Info","twitter_description":"&nbsp; Pendant les vacances d\u2019hiver, le Centre Aquatique et de Bien-\u00catre change d\u2019Horaires. &nbsp; Pendant toute la dur\u00e9e des vacances [&hellip;]","twitter_image":"https:\/\/vosgesinfo.fr\/app\/uploads\/sites\/6\/2024\/07\/202201centre-aquatique-de-gerardmer-12-3.jpg","twitter_creator":"@VosgesInfo88","twitter_site":"@VosgesInfo88","twitter_misc":{"\u00c9crit par":"qs_admin","Dur\u00e9e de lecture estim\u00e9e":"1 minute"},"schema":{"@context":"https:\/\/schema.org","@graph":[{"@type":"Article","@id":"https:\/\/vosgesinfo.fr\/gerardmerinfo\/2022\/02\/horaires-douverture-centre-aquatique-de-bien-etre-lors-vacances-scolaires\/#article","isPartOf":{"@id":"https:\/\/vosgesinfo.fr\/gerardmerinfo\/2022\/02\/horaires-douverture-centre-aquatique-de-bien-etre-lors-vacances-scolaires\/"},"author":{"name":"qs_admin","@id":"https:\/\/vosgesinfo.fr\/gerardmerinfo\/#\/schema\/person\/bc5d02d71e6932e81b6dadb7386667b1"},"headline":"Horaires d&rsquo;ouverture du centre aquatique de bien-\u00eatre lors des vacances scolaires","datePublished":"2022-02-04T03:58:16+00:00","dateModified":"2022-02-04T03:58:16+00:00","mainEntityOfPage":{"@id":"https:\/\/vosgesinfo.fr\/gerardmerinfo\/2022\/02\/horaires-douverture-centre-aquatique-de-bien-etre-lors-vacances-scolaires\/"},"wordCount":213,"commentCount":0,"publisher":{"@id":"https:\/\/vosgesinfo.fr\/gerardmerinfo\/#organization"},"image":{"@id":"https:\/\/vosgesinfo.fr\/gerardmerinfo\/2022\/02\/horaires-douverture-centre-aquatique-de-bien-etre-lors-vacances-scolaires\/#primaryimage"},"thumbnailUrl":"https:\/\/vosgesinfo.fr\/app\/uploads\/sites\/6\/2024\/07\/202201centre-aquatique-de-gerardmer-12-3.jpg","keywords":["centre aquatique"],"articleSection":["A la une","G\u00e9rardmer","Sant\u00e9","Sport"],"inLanguage":"fr-FR","potentialAction":[{"@type":"CommentAction","name":"Comment","target":["https:\/\/vosgesinfo.fr\/gerardmerinfo\/2022\/02\/horaires-douverture-centre-aquatique-de-bien-etre-lors-vacances-scolaires\/#respond"]}]},{"@type":"WebPage","@id":"https:\/\/vosgesinfo.fr\/gerardmerinfo\/2022\/02\/horaires-douverture-centre-aquatique-de-bien-etre-lors-vacances-scolaires\/","url":"https:\/\/vosgesinfo.fr\/gerardmerinfo\/2022\/02\/horaires-douverture-centre-aquatique-de-bien-etre-lors-vacances-scolaires\/","name":"Horaires d'ouverture du centre aquatique de bien-\u00eatre lors des vacances scolaires - Gerardmer Info","isPartOf":{"@id":"https:\/\/vosgesinfo.fr\/gerardmerinfo\/#website"},"primaryImageOfPage":{"@id":"https:\/\/vosgesinfo.fr\/gerardmerinfo\/2022\/02\/horaires-douverture-centre-aquatique-de-bien-etre-lors-vacances-scolaires\/#primaryimage"},"image":{"@id":"https:\/\/vosgesinfo.fr\/gerardmerinfo\/2022\/02\/horaires-douverture-centre-aquatique-de-bien-etre-lors-vacances-scolaires\/#primaryimage"},"thumbnailUrl":"https:\/\/vosgesinfo.fr\/app\/uploads\/sites\/6\/2024\/07\/202201centre-aquatique-de-gerardmer-12-3.jpg","datePublished":"2022-02-04T03:58:16+00:00","dateModified":"2022-02-04T03:58:16+00:00","breadcrumb":{"@id":"https:\/\/vosgesinfo.fr\/gerardmerinfo\/2022\/02\/horaires-douverture-centre-aquatique-de-bien-etre-lors-vacances-scolaires\/#breadcrumb"},"inLanguage":"fr-FR","potentialAction":[{"@type":"ReadAction","target":["https:\/\/vosgesinfo.fr\/gerardmerinfo\/2022\/02\/horaires-douverture-centre-aquatique-de-bien-etre-lors-vacances-scolaires\/"]}]},{"@type":"ImageObject","inLanguage":"fr-FR","@id":"https:\/\/vosgesinfo.fr\/gerardmerinfo\/2022\/02\/horaires-douverture-centre-aquatique-de-bien-etre-lors-vacances-scolaires\/#primaryimage","url":"https:\/\/vosgesinfo.fr\/app\/uploads\/sites\/6\/2024\/07\/202201centre-aquatique-de-gerardmer-12-3.jpg","contentUrl":"https:\/\/vosgesinfo.fr\/app\/uploads\/sites\/6\/2024\/07\/202201centre-aquatique-de-gerardmer-12-3.jpg","width":1600,"height":1200},{"@type":"BreadcrumbList","@id":"https:\/\/vosgesinfo.fr\/gerardmerinfo\/2022\/02\/horaires-douverture-centre-aquatique-de-bien-etre-lors-vacances-scolaires\/#breadcrumb","itemListElement":[{"@type":"ListItem","position":1,"name":"Home","item":"https:\/\/vosgesinfo.fr\/gerardmerinfo\/"},{"@type":"ListItem","position":2,"name":"Horaires d&rsquo;ouverture du centre aquatique de bien-\u00eatre lors des vacances scolaires"}]},{"@type":"WebSite","@id":"https:\/\/vosgesinfo.fr\/gerardmerinfo\/#website","url":"https:\/\/vosgesinfo.fr\/gerardmerinfo\/","name":"Gerardmer Info","description":"Toute l&#039;actualit\u00e9 de G\u00e9rardmer","publisher":{"@id":"https:\/\/vosgesinfo.fr\/gerardmerinfo\/#organization"},"alternateName":"Toute l'actualit\u00e9 de G\u00e9rardmer","potentialAction":[{"@type":"SearchAction","target":{"@type":"EntryPoint","urlTemplate":"https:\/\/vosgesinfo.fr\/gerardmerinfo\/?s={search_term_string}"},"query-input":"required name=search_term_string"}],"inLanguage":"fr-FR"},{"@type":"Organization","@id":"https:\/\/vosgesinfo.fr\/gerardmerinfo\/#organization","name":"Gerardmer Info","url":"https:\/\/vosgesinfo.fr\/gerardmerinfo\/","logo":{"@type":"ImageObject","inLanguage":"fr-FR","@id":"https:\/\/vosgesinfo.fr\/gerardmerinfo\/#\/schema\/logo\/image\/","url":"https:\/\/vosgesinfo.fr\/app\/uploads\/sites\/6\/2023\/08\/favicon-gerardmerinfo.png","contentUrl":"https:\/\/vosgesinfo.fr\/app\/uploads\/sites\/6\/2023\/08\/favicon-gerardmerinfo.png","width":512,"height":512,"caption":"Gerardmer Info"},"image":{"@id":"https:\/\/vosgesinfo.fr\/gerardmerinfo\/#\/schema\/logo\/image\/"},"sameAs":["https:\/\/www.facebook.com\/profile.php?id=100049475262660","https:\/\/x.com\/VosgesInfo88","https:\/\/www.youtube.com\/@vosgesinfo"]},{"@type":"Person","@id":"https:\/\/vosgesinfo.fr\/gerardmerinfo\/#\/schema\/person\/bc5d02d71e6932e81b6dadb7386667b1","name":"qs_admin","image":{"@type":"ImageObject","inLanguage":"fr-FR","@id":"https:\/\/vosgesinfo.fr\/gerardmerinfo\/#\/schema\/person\/image\/","url":"https:\/\/secure.gravatar.com\/avatar\/94b18ee0ed79e4a42ea2f2931277b6841a8999fc6fde214600c78057cf1fe1de?s=96&d=mm&r=g","contentUrl":"https:\/\/secure.gravatar.com\/avatar\/94b18ee0ed79e4a42ea2f2931277b6841a8999fc6fde214600c78057cf1fe1de?s=96&d=mm&r=g","caption":"qs_admin"},"sameAs":["https:\/\/vosgesinfo.fr\/wp"],"url":"https:\/\/vosgesinfo.fr\/gerardmerinfo\/author\/qs_admin\/"}]}},"_links":{"self":[{"href":"https:\/\/vosgesinfo.fr\/gerardmerinfo\/wp-json\/wp\/v2\/posts\/57179","targetHints":{"allow":["GET"]}}],"collection":[{"href":"https:\/\/vosgesinfo.fr\/gerardmerinfo\/wp-json\/wp\/v2\/posts"}],"about":[{"href":"https:\/\/vosgesinfo.fr\/gerardmerinfo\/wp-json\/wp\/v2\/types\/post"}],"author":[{"embeddable":true,"href":"https:\/\/vosgesinfo.fr\/gerardmerinfo\/wp-json\/wp\/v2\/users\/1"}],"replies":[{"embeddable":true,"href":"https:\/\/vosgesinfo.fr\/gerardmerinfo\/wp-json\/wp\/v2\/comments?post=57179"}],"version-history":[{"count":0,"href":"https:\/\/vosgesinfo.fr\/gerardmerinfo\/wp-json\/wp\/v2\/posts\/57179\/revisions"}],"wp:featuredmedia":[{"embeddable":true,"href":"https:\/\/vosgesinfo.fr\/gerardmerinfo\/wp-json\/wp\/v2\/media\/57180"}],"wp:attachment":[{"href":"https:\/\/vosgesinfo.fr\/gerardmerinfo\/wp-json\/wp\/v2\/media?parent=57179"}],"wp:term":[{"taxonomy":"category","embeddable":true,"href":"https:\/\/vosgesinfo.fr\/gerardmerinfo\/wp-json\/wp\/v2\/categories?post=57179"},{"taxonomy":"post_tag","embeddable":true,"href":"https:\/\/vosgesinfo.fr\/gerardmerinfo\/wp-json\/wp\/v2\/tags?post=57179"}],"curies":[{"name":"wp","href":"https:\/\/api.w.org\/{rel}","templated":true}]}}