{"id":57188,"date":"2022-02-03T15:45:13","date_gmt":"2022-02-03T14:45:13","guid":{"rendered":"https:\/\/vosgesinfo.fr\/gerardmerinfo\/2022\/02\/kyllian-beguinot-apprenti-boulangerie-de-saint-die-vosges-apprentissage-a-confirme-orientation\/"},"modified":"2022-02-03T15:45:13","modified_gmt":"2022-02-03T14:45:13","slug":"kyllian-beguinot-apprenti-boulangerie-de-saint-die-vosges-apprentissage-a-confirme-orientation","status":"publish","type":"post","link":"https:\/\/vosgesinfo.fr\/gerardmerinfo\/2022\/02\/kyllian-beguinot-apprenti-boulangerie-de-saint-die-vosges-apprentissage-a-confirme-orientation\/","title":{"rendered":"Kyllian Beguinot, apprenti dans une boulangerie de Saint-Di\u00e9-des-Vosges : \u00ab mon apprentissage a confirm\u00e9 mon orientation \u00bb"},"content":{"rendered":"<h2><strong>La Semaine de l\u2019apprentissage dans l\u2019artisanat est organis\u00e9e du 28 janvier au 4 f\u00e9vrier par la Chambre des M\u00e9tiers et de l\u2019Artisanat \u2013 CMA \u2013 du Grand Est. Son objectif est de faire d\u00e9couvrir, \u00e0 travers diff\u00e9rents temps forts, les m\u00e9tiers de l\u2019artisanat ainsi que les nombreuses formations en apprentissage via le r\u00e9seau des CMA.<\/strong><\/h2>\n","protected":false},"excerpt":{"rendered":"<p>La Semaine de l\u2019apprentissage dans l\u2019artisanat est organis\u00e9e du 28 janvier au 4 f\u00e9vrier par la Chambre des M\u00e9tiers et [&hellip;]<\/p>\n","protected":false},"author":1,"featured_media":57189,"comment_status":"open","ping_status":"open","sticky":false,"template":"","format":"standard","meta":{"footnotes":""},"categories":[20,6,18],"tags":[],"class_list":["post-57188","post","type-post","status-publish","format-standard","has-post-thumbnail","hentry","category-a-la-une","category-education","category-vosges"],"acf":[],"yoast_head":"<!-- This site is optimized with the Yoast SEO plugin v22.5 - https:\/\/yoast.com\/wordpress\/plugins\/seo\/ -->\n<title>Kyllian Beguinot, apprenti dans une boulangerie de Saint-Di\u00e9-des-Vosges : \u00ab mon apprentissage a confirm\u00e9 mon orientation \u00bb - Gerardmer Info<\/title>\n<meta name=\"robots\" content=\"index, follow, max-snippet:-1, max-image-preview:large, max-video-preview:-1\" \/>\n<link rel=\"canonical\" href=\"https:\/\/vosgesinfo.fr\/gerardmerinfo\/2022\/02\/kyllian-beguinot-apprenti-boulangerie-de-saint-die-vosges-apprentissage-a-confirme-orientation\/\" \/>\n<meta name=\"twitter:card\" content=\"summary_large_image\" \/>\n<meta name=\"twitter:title\" content=\"Kyllian Beguinot, apprenti dans une boulangerie de Saint-Di\u00e9-des-Vosges : \u00ab mon apprentissage a confirm\u00e9 mon orientation \u00bb - Gerardmer Info\" \/>\n<meta name=\"twitter:description\" content=\"La Semaine de l\u2019apprentissage dans l\u2019artisanat est organis\u00e9e du 28 janvier au 4 f\u00e9vrier par la Chambre des M\u00e9tiers et [&hellip;]\" \/>\n<meta name=\"twitter:image\" content=\"https:\/\/vosgesinfo.fr\/app\/uploads\/sites\/6\/2024\/07\/202202semaine-apprentissage-fournil-du-marche-2.jpg\" \/>\n<meta name=\"twitter:creator\" content=\"@VosgesInfo88\" \/>\n<meta name=\"twitter:site\" content=\"@VosgesInfo88\" \/>\n<meta name=\"twitter:label1\" content=\"\u00c9crit par\" \/>\n\t<meta name=\"twitter:data1\" content=\"qs_admin\" \/>\n<script type=\"application\/ld+json\" class=\"yoast-schema-graph\">{\"@context\":\"https:\/\/schema.org\",\"@graph\":[{\"@type\":\"Article\",\"@id\":\"https:\/\/vosgesinfo.fr\/gerardmerinfo\/2022\/02\/kyllian-beguinot-apprenti-boulangerie-de-saint-die-vosges-apprentissage-a-confirme-orientation\/#article\",\"isPartOf\":{\"@id\":\"https:\/\/vosgesinfo.fr\/gerardmerinfo\/2022\/02\/kyllian-beguinot-apprenti-boulangerie-de-saint-die-vosges-apprentissage-a-confirme-orientation\/\"},\"author\":{\"name\":\"qs_admin\",\"@id\":\"https:\/\/vosgesinfo.fr\/gerardmerinfo\/#\/schema\/person\/bc5d02d71e6932e81b6dadb7386667b1\"},\"headline\":\"Kyllian Beguinot, apprenti dans une boulangerie de Saint-Di\u00e9-des-Vosges : \u00ab mon apprentissage a confirm\u00e9 mon orientation \u00bb\",\"datePublished\":\"2022-02-03T14:45:13+00:00\",\"dateModified\":\"2022-02-03T14:45:13+00:00\",\"mainEntityOfPage\":{\"@id\":\"https:\/\/vosgesinfo.fr\/gerardmerinfo\/2022\/02\/kyllian-beguinot-apprenti-boulangerie-de-saint-die-vosges-apprentissage-a-confirme-orientation\/\"},\"wordCount\":76,\"commentCount\":0,\"publisher\":{\"@id\":\"https:\/\/vosgesinfo.fr\/gerardmerinfo\/#organization\"},\"image\":{\"@id\":\"https:\/\/vosgesinfo.fr\/gerardmerinfo\/2022\/02\/kyllian-beguinot-apprenti-boulangerie-de-saint-die-vosges-apprentissage-a-confirme-orientation\/#primaryimage\"},\"thumbnailUrl\":\"https:\/\/vosgesinfo.fr\/app\/uploads\/sites\/6\/2024\/07\/202202semaine-apprentissage-fournil-du-marche-2.jpg\",\"articleSection\":[\"A la une\",\"\u00c9ducation\",\"Vosges\"],\"inLanguage\":\"fr-FR\",\"potentialAction\":[{\"@type\":\"CommentAction\",\"name\":\"Comment\",\"target\":[\"https:\/\/vosgesinfo.fr\/gerardmerinfo\/2022\/02\/kyllian-beguinot-apprenti-boulangerie-de-saint-die-vosges-apprentissage-a-confirme-orientation\/#respond\"]}]},{\"@type\":\"WebPage\",\"@id\":\"https:\/\/vosgesinfo.fr\/gerardmerinfo\/2022\/02\/kyllian-beguinot-apprenti-boulangerie-de-saint-die-vosges-apprentissage-a-confirme-orientation\/\",\"url\":\"https:\/\/vosgesinfo.fr\/gerardmerinfo\/2022\/02\/kyllian-beguinot-apprenti-boulangerie-de-saint-die-vosges-apprentissage-a-confirme-orientation\/\",\"name\":\"Kyllian Beguinot, apprenti dans une boulangerie de Saint-Di\u00e9-des-Vosges : \u00ab mon apprentissage a confirm\u00e9 mon orientation \u00bb - Gerardmer Info\",\"isPartOf\":{\"@id\":\"https:\/\/vosgesinfo.fr\/gerardmerinfo\/#website\"},\"primaryImageOfPage\":{\"@id\":\"https:\/\/vosgesinfo.fr\/gerardmerinfo\/2022\/02\/kyllian-beguinot-apprenti-boulangerie-de-saint-die-vosges-apprentissage-a-confirme-orientation\/#primaryimage\"},\"image\":{\"@id\":\"https:\/\/vosgesinfo.fr\/gerardmerinfo\/2022\/02\/kyllian-beguinot-apprenti-boulangerie-de-saint-die-vosges-apprentissage-a-confirme-orientation\/#primaryimage\"},\"thumbnailUrl\":\"https:\/\/vosgesinfo.fr\/app\/uploads\/sites\/6\/2024\/07\/202202semaine-apprentissage-fournil-du-marche-2.jpg\",\"datePublished\":\"2022-02-03T14:45:13+00:00\",\"dateModified\":\"2022-02-03T14:45:13+00:00\",\"breadcrumb\":{\"@id\":\"https:\/\/vosgesinfo.fr\/gerardmerinfo\/2022\/02\/kyllian-beguinot-apprenti-boulangerie-de-saint-die-vosges-apprentissage-a-confirme-orientation\/#breadcrumb\"},\"inLanguage\":\"fr-FR\",\"potentialAction\":[{\"@type\":\"ReadAction\",\"target\":[\"https:\/\/vosgesinfo.fr\/gerardmerinfo\/2022\/02\/kyllian-beguinot-apprenti-boulangerie-de-saint-die-vosges-apprentissage-a-confirme-orientation\/\"]}]},{\"@type\":\"ImageObject\",\"inLanguage\":\"fr-FR\",\"@id\":\"https:\/\/vosgesinfo.fr\/gerardmerinfo\/2022\/02\/kyllian-beguinot-apprenti-boulangerie-de-saint-die-vosges-apprentissage-a-confirme-orientation\/#primaryimage\",\"url\":\"https:\/\/vosgesinfo.fr\/app\/uploads\/sites\/6\/2024\/07\/202202semaine-apprentissage-fournil-du-marche-2.jpg\",\"contentUrl\":\"https:\/\/vosgesinfo.fr\/app\/uploads\/sites\/6\/2024\/07\/202202semaine-apprentissage-fournil-du-marche-2.jpg\",\"width\":1600,\"height\":1205},{\"@type\":\"BreadcrumbList\",\"@id\":\"https:\/\/vosgesinfo.fr\/gerardmerinfo\/2022\/02\/kyllian-beguinot-apprenti-boulangerie-de-saint-die-vosges-apprentissage-a-confirme-orientation\/#breadcrumb\",\"itemListElement\":[{\"@type\":\"ListItem\",\"position\":1,\"name\":\"Home\",\"item\":\"https:\/\/vosgesinfo.fr\/gerardmerinfo\/\"},{\"@type\":\"ListItem\",\"position\":2,\"name\":\"Kyllian Beguinot, apprenti dans une boulangerie de Saint-Di\u00e9-des-Vosges : \u00ab mon apprentissage a confirm\u00e9 mon orientation \u00bb\"}]},{\"@type\":\"WebSite\",\"@id\":\"https:\/\/vosgesinfo.fr\/gerardmerinfo\/#website\",\"url\":\"https:\/\/vosgesinfo.fr\/gerardmerinfo\/\",\"name\":\"Gerardmer Info\",\"description\":\"Toute l&#039;actualit\u00e9 de G\u00e9rardmer\",\"publisher\":{\"@id\":\"https:\/\/vosgesinfo.fr\/gerardmerinfo\/#organization\"},\"alternateName\":\"Toute l'actualit\u00e9 de G\u00e9rardmer\",\"potentialAction\":[{\"@type\":\"SearchAction\",\"target\":{\"@type\":\"EntryPoint\",\"urlTemplate\":\"https:\/\/vosgesinfo.fr\/gerardmerinfo\/?s={search_term_string}\"},\"query-input\":\"required name=search_term_string\"}],\"inLanguage\":\"fr-FR\"},{\"@type\":\"Organization\",\"@id\":\"https:\/\/vosgesinfo.fr\/gerardmerinfo\/#organization\",\"name\":\"Gerardmer Info\",\"url\":\"https:\/\/vosgesinfo.fr\/gerardmerinfo\/\",\"logo\":{\"@type\":\"ImageObject\",\"inLanguage\":\"fr-FR\",\"@id\":\"https:\/\/vosgesinfo.fr\/gerardmerinfo\/#\/schema\/logo\/image\/\",\"url\":\"https:\/\/vosgesinfo.fr\/app\/uploads\/sites\/6\/2023\/08\/favicon-gerardmerinfo.png\",\"contentUrl\":\"https:\/\/vosgesinfo.fr\/app\/uploads\/sites\/6\/2023\/08\/favicon-gerardmerinfo.png\",\"width\":512,\"height\":512,\"caption\":\"Gerardmer Info\"},\"image\":{\"@id\":\"https:\/\/vosgesinfo.fr\/gerardmerinfo\/#\/schema\/logo\/image\/\"},\"sameAs\":[\"https:\/\/www.facebook.com\/profile.php?id=100049475262660\",\"https:\/\/x.com\/VosgesInfo88\",\"https:\/\/www.youtube.com\/@vosgesinfo\"]},{\"@type\":\"Person\",\"@id\":\"https:\/\/vosgesinfo.fr\/gerardmerinfo\/#\/schema\/person\/bc5d02d71e6932e81b6dadb7386667b1\",\"name\":\"qs_admin\",\"image\":{\"@type\":\"ImageObject\",\"inLanguage\":\"fr-FR\",\"@id\":\"https:\/\/vosgesinfo.fr\/gerardmerinfo\/#\/schema\/person\/image\/\",\"url\":\"https:\/\/secure.gravatar.com\/avatar\/94b18ee0ed79e4a42ea2f2931277b6841a8999fc6fde214600c78057cf1fe1de?s=96&d=mm&r=g\",\"contentUrl\":\"https:\/\/secure.gravatar.com\/avatar\/94b18ee0ed79e4a42ea2f2931277b6841a8999fc6fde214600c78057cf1fe1de?s=96&d=mm&r=g\",\"caption\":\"qs_admin\"},\"sameAs\":[\"https:\/\/vosgesinfo.fr\/wp\"],\"url\":\"https:\/\/vosgesinfo.fr\/gerardmerinfo\/author\/qs_admin\/\"}]}<\/script>\n<!-- \/ Yoast SEO plugin. -->","yoast_head_json":{"title":"Kyllian Beguinot, apprenti dans une boulangerie de Saint-Di\u00e9-des-Vosges : \u00ab mon apprentissage a confirm\u00e9 mon orientation \u00bb - Gerardmer Info","robots":{"index":"index","follow":"follow","max-snippet":"max-snippet:-1","max-image-preview":"max-image-preview:large","max-video-preview":"max-video-preview:-1"},"canonical":"https:\/\/vosgesinfo.fr\/gerardmerinfo\/2022\/02\/kyllian-beguinot-apprenti-boulangerie-de-saint-die-vosges-apprentissage-a-confirme-orientation\/","twitter_card":"summary_large_image","twitter_title":"Kyllian Beguinot, apprenti dans une boulangerie de Saint-Di\u00e9-des-Vosges : \u00ab mon apprentissage a confirm\u00e9 mon orientation \u00bb - Gerardmer Info","twitter_description":"La Semaine de l\u2019apprentissage dans l\u2019artisanat est organis\u00e9e du 28 janvier au 4 f\u00e9vrier par la Chambre des M\u00e9tiers et [&hellip;]","twitter_image":"https:\/\/vosgesinfo.fr\/app\/uploads\/sites\/6\/2024\/07\/202202semaine-apprentissage-fournil-du-marche-2.jpg","twitter_creator":"@VosgesInfo88","twitter_site":"@VosgesInfo88","twitter_misc":{"\u00c9crit par":"qs_admin"},"schema":{"@context":"https:\/\/schema.org","@graph":[{"@type":"Article","@id":"https:\/\/vosgesinfo.fr\/gerardmerinfo\/2022\/02\/kyllian-beguinot-apprenti-boulangerie-de-saint-die-vosges-apprentissage-a-confirme-orientation\/#article","isPartOf":{"@id":"https:\/\/vosgesinfo.fr\/gerardmerinfo\/2022\/02\/kyllian-beguinot-apprenti-boulangerie-de-saint-die-vosges-apprentissage-a-confirme-orientation\/"},"author":{"name":"qs_admin","@id":"https:\/\/vosgesinfo.fr\/gerardmerinfo\/#\/schema\/person\/bc5d02d71e6932e81b6dadb7386667b1"},"headline":"Kyllian Beguinot, apprenti dans une boulangerie de Saint-Di\u00e9-des-Vosges : \u00ab mon apprentissage a confirm\u00e9 mon orientation \u00bb","datePublished":"2022-02-03T14:45:13+00:00","dateModified":"2022-02-03T14:45:13+00:00","mainEntityOfPage":{"@id":"https:\/\/vosgesinfo.fr\/gerardmerinfo\/2022\/02\/kyllian-beguinot-apprenti-boulangerie-de-saint-die-vosges-apprentissage-a-confirme-orientation\/"},"wordCount":76,"commentCount":0,"publisher":{"@id":"https:\/\/vosgesinfo.fr\/gerardmerinfo\/#organization"},"image":{"@id":"https:\/\/vosgesinfo.fr\/gerardmerinfo\/2022\/02\/kyllian-beguinot-apprenti-boulangerie-de-saint-die-vosges-apprentissage-a-confirme-orientation\/#primaryimage"},"thumbnailUrl":"https:\/\/vosgesinfo.fr\/app\/uploads\/sites\/6\/2024\/07\/202202semaine-apprentissage-fournil-du-marche-2.jpg","articleSection":["A la une","\u00c9ducation","Vosges"],"inLanguage":"fr-FR","potentialAction":[{"@type":"CommentAction","name":"Comment","target":["https:\/\/vosgesinfo.fr\/gerardmerinfo\/2022\/02\/kyllian-beguinot-apprenti-boulangerie-de-saint-die-vosges-apprentissage-a-confirme-orientation\/#respond"]}]},{"@type":"WebPage","@id":"https:\/\/vosgesinfo.fr\/gerardmerinfo\/2022\/02\/kyllian-beguinot-apprenti-boulangerie-de-saint-die-vosges-apprentissage-a-confirme-orientation\/","url":"https:\/\/vosgesinfo.fr\/gerardmerinfo\/2022\/02\/kyllian-beguinot-apprenti-boulangerie-de-saint-die-vosges-apprentissage-a-confirme-orientation\/","name":"Kyllian Beguinot, apprenti dans une boulangerie de Saint-Di\u00e9-des-Vosges : \u00ab mon apprentissage a confirm\u00e9 mon orientation \u00bb - Gerardmer Info","isPartOf":{"@id":"https:\/\/vosgesinfo.fr\/gerardmerinfo\/#website"},"primaryImageOfPage":{"@id":"https:\/\/vosgesinfo.fr\/gerardmerinfo\/2022\/02\/kyllian-beguinot-apprenti-boulangerie-de-saint-die-vosges-apprentissage-a-confirme-orientation\/#primaryimage"},"image":{"@id":"https:\/\/vosgesinfo.fr\/gerardmerinfo\/2022\/02\/kyllian-beguinot-apprenti-boulangerie-de-saint-die-vosges-apprentissage-a-confirme-orientation\/#primaryimage"},"thumbnailUrl":"https:\/\/vosgesinfo.fr\/app\/uploads\/sites\/6\/2024\/07\/202202semaine-apprentissage-fournil-du-marche-2.jpg","datePublished":"2022-02-03T14:45:13+00:00","dateModified":"2022-02-03T14:45:13+00:00","breadcrumb":{"@id":"https:\/\/vosgesinfo.fr\/gerardmerinfo\/2022\/02\/kyllian-beguinot-apprenti-boulangerie-de-saint-die-vosges-apprentissage-a-confirme-orientation\/#breadcrumb"},"inLanguage":"fr-FR","potentialAction":[{"@type":"ReadAction","target":["https:\/\/vosgesinfo.fr\/gerardmerinfo\/2022\/02\/kyllian-beguinot-apprenti-boulangerie-de-saint-die-vosges-apprentissage-a-confirme-orientation\/"]}]},{"@type":"ImageObject","inLanguage":"fr-FR","@id":"https:\/\/vosgesinfo.fr\/gerardmerinfo\/2022\/02\/kyllian-beguinot-apprenti-boulangerie-de-saint-die-vosges-apprentissage-a-confirme-orientation\/#primaryimage","url":"https:\/\/vosgesinfo.fr\/app\/uploads\/sites\/6\/2024\/07\/202202semaine-apprentissage-fournil-du-marche-2.jpg","contentUrl":"https:\/\/vosgesinfo.fr\/app\/uploads\/sites\/6\/2024\/07\/202202semaine-apprentissage-fournil-du-marche-2.jpg","width":1600,"height":1205},{"@type":"BreadcrumbList","@id":"https:\/\/vosgesinfo.fr\/gerardmerinfo\/2022\/02\/kyllian-beguinot-apprenti-boulangerie-de-saint-die-vosges-apprentissage-a-confirme-orientation\/#breadcrumb","itemListElement":[{"@type":"ListItem","position":1,"name":"Home","item":"https:\/\/vosgesinfo.fr\/gerardmerinfo\/"},{"@type":"ListItem","position":2,"name":"Kyllian Beguinot, apprenti dans une boulangerie de Saint-Di\u00e9-des-Vosges : \u00ab mon apprentissage a confirm\u00e9 mon orientation \u00bb"}]},{"@type":"WebSite","@id":"https:\/\/vosgesinfo.fr\/gerardmerinfo\/#website","url":"https:\/\/vosgesinfo.fr\/gerardmerinfo\/","name":"Gerardmer Info","description":"Toute l&#039;actualit\u00e9 de G\u00e9rardmer","publisher":{"@id":"https:\/\/vosgesinfo.fr\/gerardmerinfo\/#organization"},"alternateName":"Toute l'actualit\u00e9 de G\u00e9rardmer","potentialAction":[{"@type":"SearchAction","target":{"@type":"EntryPoint","urlTemplate":"https:\/\/vosgesinfo.fr\/gerardmerinfo\/?s={search_term_string}"},"query-input":"required name=search_term_string"}],"inLanguage":"fr-FR"},{"@type":"Organization","@id":"https:\/\/vosgesinfo.fr\/gerardmerinfo\/#organization","name":"Gerardmer Info","url":"https:\/\/vosgesinfo.fr\/gerardmerinfo\/","logo":{"@type":"ImageObject","inLanguage":"fr-FR","@id":"https:\/\/vosgesinfo.fr\/gerardmerinfo\/#\/schema\/logo\/image\/","url":"https:\/\/vosgesinfo.fr\/app\/uploads\/sites\/6\/2023\/08\/favicon-gerardmerinfo.png","contentUrl":"https:\/\/vosgesinfo.fr\/app\/uploads\/sites\/6\/2023\/08\/favicon-gerardmerinfo.png","width":512,"height":512,"caption":"Gerardmer Info"},"image":{"@id":"https:\/\/vosgesinfo.fr\/gerardmerinfo\/#\/schema\/logo\/image\/"},"sameAs":["https:\/\/www.facebook.com\/profile.php?id=100049475262660","https:\/\/x.com\/VosgesInfo88","https:\/\/www.youtube.com\/@vosgesinfo"]},{"@type":"Person","@id":"https:\/\/vosgesinfo.fr\/gerardmerinfo\/#\/schema\/person\/bc5d02d71e6932e81b6dadb7386667b1","name":"qs_admin","image":{"@type":"ImageObject","inLanguage":"fr-FR","@id":"https:\/\/vosgesinfo.fr\/gerardmerinfo\/#\/schema\/person\/image\/","url":"https:\/\/secure.gravatar.com\/avatar\/94b18ee0ed79e4a42ea2f2931277b6841a8999fc6fde214600c78057cf1fe1de?s=96&d=mm&r=g","contentUrl":"https:\/\/secure.gravatar.com\/avatar\/94b18ee0ed79e4a42ea2f2931277b6841a8999fc6fde214600c78057cf1fe1de?s=96&d=mm&r=g","caption":"qs_admin"},"sameAs":["https:\/\/vosgesinfo.fr\/wp"],"url":"https:\/\/vosgesinfo.fr\/gerardmerinfo\/author\/qs_admin\/"}]}},"_links":{"self":[{"href":"https:\/\/vosgesinfo.fr\/gerardmerinfo\/wp-json\/wp\/v2\/posts\/57188","targetHints":{"allow":["GET"]}}],"collection":[{"href":"https:\/\/vosgesinfo.fr\/gerardmerinfo\/wp-json\/wp\/v2\/posts"}],"about":[{"href":"https:\/\/vosgesinfo.fr\/gerardmerinfo\/wp-json\/wp\/v2\/types\/post"}],"author":[{"embeddable":true,"href":"https:\/\/vosgesinfo.fr\/gerardmerinfo\/wp-json\/wp\/v2\/users\/1"}],"replies":[{"embeddable":true,"href":"https:\/\/vosgesinfo.fr\/gerardmerinfo\/wp-json\/wp\/v2\/comments?post=57188"}],"version-history":[{"count":0,"href":"https:\/\/vosgesinfo.fr\/gerardmerinfo\/wp-json\/wp\/v2\/posts\/57188\/revisions"}],"wp:featuredmedia":[{"embeddable":true,"href":"https:\/\/vosgesinfo.fr\/gerardmerinfo\/wp-json\/wp\/v2\/media\/57189"}],"wp:attachment":[{"href":"https:\/\/vosgesinfo.fr\/gerardmerinfo\/wp-json\/wp\/v2\/media?parent=57188"}],"wp:term":[{"taxonomy":"category","embeddable":true,"href":"https:\/\/vosgesinfo.fr\/gerardmerinfo\/wp-json\/wp\/v2\/categories?post=57188"},{"taxonomy":"post_tag","embeddable":true,"href":"https:\/\/vosgesinfo.fr\/gerardmerinfo\/wp-json\/wp\/v2\/tags?post=57188"}],"curies":[{"name":"wp","href":"https:\/\/api.w.org\/{rel}","templated":true}]}}