{"id":57485,"date":"2022-02-28T05:00:51","date_gmt":"2022-02-28T04:00:51","guid":{"rendered":"https:\/\/vosgesinfo.fr\/gerardmerinfo\/2022\/02\/inscrivez-casting-casting-belles-dafrique-2022\/"},"modified":"2022-02-28T05:00:51","modified_gmt":"2022-02-28T04:00:51","slug":"inscrivez-casting-casting-belles-dafrique-2022","status":"publish","type":"post","link":"https:\/\/vosgesinfo.fr\/gerardmerinfo\/2022\/02\/inscrivez-casting-casting-belles-dafrique-2022\/","title":{"rendered":"Inscrivez-vous au casting casting \u00ab\u00a0Belles d&rsquo;Afrique 2022\u00a0\u00bb"},"content":{"rendered":"<h3 class=\"western\" style=\"text-align: left;\" align=\"center\"><span style=\"font-family: garamond, times, serif; font-size: 14pt;\">\u00a0<\/span><\/h3>\n<h3 class=\"western\"><span style=\"font-family: garamond, times, serif; font-size: 14pt;\">Le Comit\u00e9 Belles d&rsquo;Afrique Lorraine organise son casting r\u00e9gional, jusqu&rsquo;au 15 avril 2022.<\/span><\/h3>\n<p class=\"western\"><span style=\"font-family: garamond, times, serif; font-size: 14pt;\"><a href=\"\/2022\/02\/belle-dAfrique-flyer-lorraine.jpg\"><img decoding=\"async\" class=\"alignright size-medium wp-image-186271\" src=\"\/2022\/02\/belle-dAfrique-flyer-lorraine-170x255.jpg\" alt=\"belle d'Afrique flyer lorraine\" width=\"170\" height=\"255\" \/><\/a>Ce casting s&rsquo;adresse \u00e0 toute femme afro-descendante \u00e2g\u00e9e de plus de 18 ans et dont l&rsquo;un des parents, minimum, est n\u00e9 en Afrique ou a conserv\u00e9 son lien avec sa culture et ses traditions n\u00e9gro-africaines.<\/span><\/p>\n<p class=\"western\"><span style=\"font-family: garamond, times, serif; font-size: 14pt;\">Ce casting est la premi\u00e8re \u00e9tape vers l&rsquo;\u00e9lection Belles d&rsquo;Afrique qui se tiendra dans les Vosges d\u00e9but de l&rsquo;automne 2022, avec pour objectif de Valoriser le regard de la femme africaine sur ses traditions, sa culture et son ancestralit\u00e9.<\/span><\/p>\n<p class=\"western\"><span style=\"font-family: garamond, times, serif; font-size: 14pt;\">Ce concours de beaut\u00e9 se pr\u00e9sente \u00e0 la fois comme in\u00e9dit dans son objectif, mais aussi dans sa conceptualisation. En effet, \u00e9tant un concours culturel, il fait le pont entre le continent Europ\u00e9en et le continent N\u00e9gro-africain, de part sa dimension internationale. C&rsquo;est dans cette d\u00e9marche de retour aux sources, que l&rsquo;\u00e9lection Belles d&rsquo;Afrique sera l&rsquo;un des points d&rsquo;orgue de la C\u00e9r\u00e9monie des Awards des peuples Nd\u00e9, Ngum et Diba qui se tiendra au Cameroun fin de l&rsquo;ann\u00e9e 2022.<\/span><\/p>\n<p class=\"western\"><span style=\"font-family: garamond, times, serif; font-size: 14pt;\">Pour candidater, les crit\u00e8res sont\u00a0: \u00eatre \u00e2g\u00e9e de 18 ans minimum, et avoir un de ses parents, minimum, n\u00e9 en Afrique ou ayant conserv\u00e9 son lien avec sa culture et ses traditions n\u00e9gro-africaines.<\/span><\/p>\n<p class=\"western\"><span style=\"font-family: garamond, times, serif; font-size: 14pt;\">Les demandes de dossier d&rsquo;inscription\u00a0peuvent se faire par voie de mail\u00a0:<\/span><\/p>\n<ul>\n<li>\n<p class=\"western\"><span style=\"font-size: 14pt;\"><span style=\"color: #000000;\"><span style=\"font-family: garamond, times, serif;\">Soit aupr\u00e8s de Mme Stella Wandji Ndaga, D\u00e9l\u00e9gu\u00e9e de la r\u00e9gion Lorraine\u00a0: <\/span><\/span><span style=\"color: #000080;\"><span lang=\"zxx\"><u><a href=\"mailto:lalasbeautyhome@laposte.net\"><span style=\"color: #000000;\"><span style=\"font-family: garamond, times, serif;\">lalasbeautyhome@laposte.net<\/span><\/span><\/a><\/u><\/span><\/span><\/span><\/p>\n<\/li>\n<li>\n<p class=\"western\"><span style=\"font-size: 14pt;\"><span style=\"color: #000000;\"><span style=\"font-family: garamond, times, serif;\">-Soit aupr\u00e8s de Mme Nad\u00e8ge Martin Ngongu\u00e9, Princesse de la chefferie sup\u00e9rieure de Bangant\u00e9 et Fondatrice des Comit\u00e9s Belles d&rsquo;Afrique\u00a0: <\/span><\/span><span style=\"color: #000080;\"><span lang=\"zxx\"><u><a href=\"mailto:ausentierdesanges@yahoo.com\"><span style=\"color: #000000;\"><span style=\"font-family: garamond, times, serif;\">ausentierdesanges@yahoo.com<\/span><\/span><\/a><\/u><\/span><\/span><\/span><\/p>\n<\/li>\n<\/ul>\n<p>&nbsp;<\/p>\n","protected":false},"excerpt":{"rendered":"<p>\u00a0 Le Comit\u00e9 Belles d&rsquo;Afrique Lorraine organise son casting r\u00e9gional, jusqu&rsquo;au 15 avril 2022. Ce casting s&rsquo;adresse \u00e0 toute femme [&hellip;]<\/p>\n","protected":false},"author":1,"featured_media":57486,"comment_status":"open","ping_status":"open","sticky":false,"template":"","format":"standard","meta":{"footnotes":""},"categories":[20,24,18],"tags":[373],"class_list":["post-57485","post","type-post","status-publish","format-standard","has-post-thumbnail","hentry","category-a-la-une","category-evenements","category-vosges","tag-belles-dafrique"],"acf":[],"yoast_head":"<!-- This site is optimized with the Yoast SEO plugin v22.5 - https:\/\/yoast.com\/wordpress\/plugins\/seo\/ -->\n<title>Inscrivez-vous au casting casting &quot;Belles d&#039;Afrique 2022&quot; - Gerardmer Info<\/title>\n<meta name=\"robots\" content=\"index, follow, max-snippet:-1, max-image-preview:large, max-video-preview:-1\" \/>\n<link rel=\"canonical\" href=\"https:\/\/vosgesinfo.fr\/gerardmerinfo\/2022\/02\/inscrivez-casting-casting-belles-dafrique-2022\/\" \/>\n<meta name=\"twitter:card\" content=\"summary_large_image\" \/>\n<meta name=\"twitter:title\" content=\"Inscrivez-vous au casting casting &quot;Belles d&#039;Afrique 2022&quot; - Gerardmer Info\" \/>\n<meta name=\"twitter:description\" content=\"\u00a0 Le Comit\u00e9 Belles d&rsquo;Afrique Lorraine organise son casting r\u00e9gional, jusqu&rsquo;au 15 avril 2022. Ce casting s&rsquo;adresse \u00e0 toute femme [&hellip;]\" \/>\n<meta name=\"twitter:image\" content=\"https:\/\/vosgesinfo.fr\/app\/uploads\/sites\/6\/2024\/07\/202202belle-dafrique-flyer-lorraine.jpg\" \/>\n<meta name=\"twitter:creator\" content=\"@VosgesInfo88\" \/>\n<meta name=\"twitter:site\" content=\"@VosgesInfo88\" \/>\n<meta name=\"twitter:label1\" content=\"\u00c9crit par\" \/>\n\t<meta name=\"twitter:data1\" content=\"qs_admin\" \/>\n\t<meta name=\"twitter:label2\" content=\"Dur\u00e9e de lecture estim\u00e9e\" \/>\n\t<meta name=\"twitter:data2\" content=\"1 minute\" \/>\n<script type=\"application\/ld+json\" class=\"yoast-schema-graph\">{\"@context\":\"https:\/\/schema.org\",\"@graph\":[{\"@type\":\"Article\",\"@id\":\"https:\/\/vosgesinfo.fr\/gerardmerinfo\/2022\/02\/inscrivez-casting-casting-belles-dafrique-2022\/#article\",\"isPartOf\":{\"@id\":\"https:\/\/vosgesinfo.fr\/gerardmerinfo\/2022\/02\/inscrivez-casting-casting-belles-dafrique-2022\/\"},\"author\":{\"name\":\"qs_admin\",\"@id\":\"https:\/\/vosgesinfo.fr\/gerardmerinfo\/#\/schema\/person\/bc5d02d71e6932e81b6dadb7386667b1\"},\"headline\":\"Inscrivez-vous au casting casting \u00ab\u00a0Belles d&rsquo;Afrique 2022\u00a0\u00bb\",\"datePublished\":\"2022-02-28T04:00:51+00:00\",\"dateModified\":\"2022-02-28T04:00:51+00:00\",\"mainEntityOfPage\":{\"@id\":\"https:\/\/vosgesinfo.fr\/gerardmerinfo\/2022\/02\/inscrivez-casting-casting-belles-dafrique-2022\/\"},\"wordCount\":289,\"commentCount\":0,\"publisher\":{\"@id\":\"https:\/\/vosgesinfo.fr\/gerardmerinfo\/#organization\"},\"image\":{\"@id\":\"https:\/\/vosgesinfo.fr\/gerardmerinfo\/2022\/02\/inscrivez-casting-casting-belles-dafrique-2022\/#primaryimage\"},\"thumbnailUrl\":\"https:\/\/vosgesinfo.fr\/app\/uploads\/sites\/6\/2024\/07\/202202belle-dafrique-flyer-lorraine.jpg\",\"keywords\":[\"Belles d'Afrique\"],\"articleSection\":[\"A la une\",\"Ev\u00e8nements\",\"Vosges\"],\"inLanguage\":\"fr-FR\",\"potentialAction\":[{\"@type\":\"CommentAction\",\"name\":\"Comment\",\"target\":[\"https:\/\/vosgesinfo.fr\/gerardmerinfo\/2022\/02\/inscrivez-casting-casting-belles-dafrique-2022\/#respond\"]}]},{\"@type\":\"WebPage\",\"@id\":\"https:\/\/vosgesinfo.fr\/gerardmerinfo\/2022\/02\/inscrivez-casting-casting-belles-dafrique-2022\/\",\"url\":\"https:\/\/vosgesinfo.fr\/gerardmerinfo\/2022\/02\/inscrivez-casting-casting-belles-dafrique-2022\/\",\"name\":\"Inscrivez-vous au casting casting \\\"Belles d'Afrique 2022\\\" - Gerardmer Info\",\"isPartOf\":{\"@id\":\"https:\/\/vosgesinfo.fr\/gerardmerinfo\/#website\"},\"primaryImageOfPage\":{\"@id\":\"https:\/\/vosgesinfo.fr\/gerardmerinfo\/2022\/02\/inscrivez-casting-casting-belles-dafrique-2022\/#primaryimage\"},\"image\":{\"@id\":\"https:\/\/vosgesinfo.fr\/gerardmerinfo\/2022\/02\/inscrivez-casting-casting-belles-dafrique-2022\/#primaryimage\"},\"thumbnailUrl\":\"https:\/\/vosgesinfo.fr\/app\/uploads\/sites\/6\/2024\/07\/202202belle-dafrique-flyer-lorraine.jpg\",\"datePublished\":\"2022-02-28T04:00:51+00:00\",\"dateModified\":\"2022-02-28T04:00:51+00:00\",\"breadcrumb\":{\"@id\":\"https:\/\/vosgesinfo.fr\/gerardmerinfo\/2022\/02\/inscrivez-casting-casting-belles-dafrique-2022\/#breadcrumb\"},\"inLanguage\":\"fr-FR\",\"potentialAction\":[{\"@type\":\"ReadAction\",\"target\":[\"https:\/\/vosgesinfo.fr\/gerardmerinfo\/2022\/02\/inscrivez-casting-casting-belles-dafrique-2022\/\"]}]},{\"@type\":\"ImageObject\",\"inLanguage\":\"fr-FR\",\"@id\":\"https:\/\/vosgesinfo.fr\/gerardmerinfo\/2022\/02\/inscrivez-casting-casting-belles-dafrique-2022\/#primaryimage\",\"url\":\"https:\/\/vosgesinfo.fr\/app\/uploads\/sites\/6\/2024\/07\/202202belle-dafrique-flyer-lorraine.jpg\",\"contentUrl\":\"https:\/\/vosgesinfo.fr\/app\/uploads\/sites\/6\/2024\/07\/202202belle-dafrique-flyer-lorraine.jpg\",\"width\":1067,\"height\":1600},{\"@type\":\"BreadcrumbList\",\"@id\":\"https:\/\/vosgesinfo.fr\/gerardmerinfo\/2022\/02\/inscrivez-casting-casting-belles-dafrique-2022\/#breadcrumb\",\"itemListElement\":[{\"@type\":\"ListItem\",\"position\":1,\"name\":\"Home\",\"item\":\"https:\/\/vosgesinfo.fr\/gerardmerinfo\/\"},{\"@type\":\"ListItem\",\"position\":2,\"name\":\"Inscrivez-vous au casting casting \u00ab\u00a0Belles d&rsquo;Afrique 2022\u00a0\u00bb\"}]},{\"@type\":\"WebSite\",\"@id\":\"https:\/\/vosgesinfo.fr\/gerardmerinfo\/#website\",\"url\":\"https:\/\/vosgesinfo.fr\/gerardmerinfo\/\",\"name\":\"Gerardmer Info\",\"description\":\"Toute l&#039;actualit\u00e9 de G\u00e9rardmer\",\"publisher\":{\"@id\":\"https:\/\/vosgesinfo.fr\/gerardmerinfo\/#organization\"},\"alternateName\":\"Toute l'actualit\u00e9 de G\u00e9rardmer\",\"potentialAction\":[{\"@type\":\"SearchAction\",\"target\":{\"@type\":\"EntryPoint\",\"urlTemplate\":\"https:\/\/vosgesinfo.fr\/gerardmerinfo\/?s={search_term_string}\"},\"query-input\":\"required name=search_term_string\"}],\"inLanguage\":\"fr-FR\"},{\"@type\":\"Organization\",\"@id\":\"https:\/\/vosgesinfo.fr\/gerardmerinfo\/#organization\",\"name\":\"Gerardmer Info\",\"url\":\"https:\/\/vosgesinfo.fr\/gerardmerinfo\/\",\"logo\":{\"@type\":\"ImageObject\",\"inLanguage\":\"fr-FR\",\"@id\":\"https:\/\/vosgesinfo.fr\/gerardmerinfo\/#\/schema\/logo\/image\/\",\"url\":\"https:\/\/vosgesinfo.fr\/app\/uploads\/sites\/6\/2023\/08\/favicon-gerardmerinfo.png\",\"contentUrl\":\"https:\/\/vosgesinfo.fr\/app\/uploads\/sites\/6\/2023\/08\/favicon-gerardmerinfo.png\",\"width\":512,\"height\":512,\"caption\":\"Gerardmer Info\"},\"image\":{\"@id\":\"https:\/\/vosgesinfo.fr\/gerardmerinfo\/#\/schema\/logo\/image\/\"},\"sameAs\":[\"https:\/\/www.facebook.com\/profile.php?id=100049475262660\",\"https:\/\/x.com\/VosgesInfo88\",\"https:\/\/www.youtube.com\/@vosgesinfo\"]},{\"@type\":\"Person\",\"@id\":\"https:\/\/vosgesinfo.fr\/gerardmerinfo\/#\/schema\/person\/bc5d02d71e6932e81b6dadb7386667b1\",\"name\":\"qs_admin\",\"image\":{\"@type\":\"ImageObject\",\"inLanguage\":\"fr-FR\",\"@id\":\"https:\/\/vosgesinfo.fr\/gerardmerinfo\/#\/schema\/person\/image\/\",\"url\":\"https:\/\/secure.gravatar.com\/avatar\/94b18ee0ed79e4a42ea2f2931277b6841a8999fc6fde214600c78057cf1fe1de?s=96&d=mm&r=g\",\"contentUrl\":\"https:\/\/secure.gravatar.com\/avatar\/94b18ee0ed79e4a42ea2f2931277b6841a8999fc6fde214600c78057cf1fe1de?s=96&d=mm&r=g\",\"caption\":\"qs_admin\"},\"sameAs\":[\"https:\/\/vosgesinfo.fr\/wp\"],\"url\":\"https:\/\/vosgesinfo.fr\/gerardmerinfo\/author\/qs_admin\/\"}]}<\/script>\n<!-- \/ Yoast SEO plugin. -->","yoast_head_json":{"title":"Inscrivez-vous au casting casting \"Belles d'Afrique 2022\" - Gerardmer Info","robots":{"index":"index","follow":"follow","max-snippet":"max-snippet:-1","max-image-preview":"max-image-preview:large","max-video-preview":"max-video-preview:-1"},"canonical":"https:\/\/vosgesinfo.fr\/gerardmerinfo\/2022\/02\/inscrivez-casting-casting-belles-dafrique-2022\/","twitter_card":"summary_large_image","twitter_title":"Inscrivez-vous au casting casting \"Belles d'Afrique 2022\" - Gerardmer Info","twitter_description":"\u00a0 Le Comit\u00e9 Belles d&rsquo;Afrique Lorraine organise son casting r\u00e9gional, jusqu&rsquo;au 15 avril 2022. Ce casting s&rsquo;adresse \u00e0 toute femme [&hellip;]","twitter_image":"https:\/\/vosgesinfo.fr\/app\/uploads\/sites\/6\/2024\/07\/202202belle-dafrique-flyer-lorraine.jpg","twitter_creator":"@VosgesInfo88","twitter_site":"@VosgesInfo88","twitter_misc":{"\u00c9crit par":"qs_admin","Dur\u00e9e de lecture estim\u00e9e":"1 minute"},"schema":{"@context":"https:\/\/schema.org","@graph":[{"@type":"Article","@id":"https:\/\/vosgesinfo.fr\/gerardmerinfo\/2022\/02\/inscrivez-casting-casting-belles-dafrique-2022\/#article","isPartOf":{"@id":"https:\/\/vosgesinfo.fr\/gerardmerinfo\/2022\/02\/inscrivez-casting-casting-belles-dafrique-2022\/"},"author":{"name":"qs_admin","@id":"https:\/\/vosgesinfo.fr\/gerardmerinfo\/#\/schema\/person\/bc5d02d71e6932e81b6dadb7386667b1"},"headline":"Inscrivez-vous au casting casting \u00ab\u00a0Belles d&rsquo;Afrique 2022\u00a0\u00bb","datePublished":"2022-02-28T04:00:51+00:00","dateModified":"2022-02-28T04:00:51+00:00","mainEntityOfPage":{"@id":"https:\/\/vosgesinfo.fr\/gerardmerinfo\/2022\/02\/inscrivez-casting-casting-belles-dafrique-2022\/"},"wordCount":289,"commentCount":0,"publisher":{"@id":"https:\/\/vosgesinfo.fr\/gerardmerinfo\/#organization"},"image":{"@id":"https:\/\/vosgesinfo.fr\/gerardmerinfo\/2022\/02\/inscrivez-casting-casting-belles-dafrique-2022\/#primaryimage"},"thumbnailUrl":"https:\/\/vosgesinfo.fr\/app\/uploads\/sites\/6\/2024\/07\/202202belle-dafrique-flyer-lorraine.jpg","keywords":["Belles d'Afrique"],"articleSection":["A la une","Ev\u00e8nements","Vosges"],"inLanguage":"fr-FR","potentialAction":[{"@type":"CommentAction","name":"Comment","target":["https:\/\/vosgesinfo.fr\/gerardmerinfo\/2022\/02\/inscrivez-casting-casting-belles-dafrique-2022\/#respond"]}]},{"@type":"WebPage","@id":"https:\/\/vosgesinfo.fr\/gerardmerinfo\/2022\/02\/inscrivez-casting-casting-belles-dafrique-2022\/","url":"https:\/\/vosgesinfo.fr\/gerardmerinfo\/2022\/02\/inscrivez-casting-casting-belles-dafrique-2022\/","name":"Inscrivez-vous au casting casting \"Belles d'Afrique 2022\" - Gerardmer Info","isPartOf":{"@id":"https:\/\/vosgesinfo.fr\/gerardmerinfo\/#website"},"primaryImageOfPage":{"@id":"https:\/\/vosgesinfo.fr\/gerardmerinfo\/2022\/02\/inscrivez-casting-casting-belles-dafrique-2022\/#primaryimage"},"image":{"@id":"https:\/\/vosgesinfo.fr\/gerardmerinfo\/2022\/02\/inscrivez-casting-casting-belles-dafrique-2022\/#primaryimage"},"thumbnailUrl":"https:\/\/vosgesinfo.fr\/app\/uploads\/sites\/6\/2024\/07\/202202belle-dafrique-flyer-lorraine.jpg","datePublished":"2022-02-28T04:00:51+00:00","dateModified":"2022-02-28T04:00:51+00:00","breadcrumb":{"@id":"https:\/\/vosgesinfo.fr\/gerardmerinfo\/2022\/02\/inscrivez-casting-casting-belles-dafrique-2022\/#breadcrumb"},"inLanguage":"fr-FR","potentialAction":[{"@type":"ReadAction","target":["https:\/\/vosgesinfo.fr\/gerardmerinfo\/2022\/02\/inscrivez-casting-casting-belles-dafrique-2022\/"]}]},{"@type":"ImageObject","inLanguage":"fr-FR","@id":"https:\/\/vosgesinfo.fr\/gerardmerinfo\/2022\/02\/inscrivez-casting-casting-belles-dafrique-2022\/#primaryimage","url":"https:\/\/vosgesinfo.fr\/app\/uploads\/sites\/6\/2024\/07\/202202belle-dafrique-flyer-lorraine.jpg","contentUrl":"https:\/\/vosgesinfo.fr\/app\/uploads\/sites\/6\/2024\/07\/202202belle-dafrique-flyer-lorraine.jpg","width":1067,"height":1600},{"@type":"BreadcrumbList","@id":"https:\/\/vosgesinfo.fr\/gerardmerinfo\/2022\/02\/inscrivez-casting-casting-belles-dafrique-2022\/#breadcrumb","itemListElement":[{"@type":"ListItem","position":1,"name":"Home","item":"https:\/\/vosgesinfo.fr\/gerardmerinfo\/"},{"@type":"ListItem","position":2,"name":"Inscrivez-vous au casting casting \u00ab\u00a0Belles d&rsquo;Afrique 2022\u00a0\u00bb"}]},{"@type":"WebSite","@id":"https:\/\/vosgesinfo.fr\/gerardmerinfo\/#website","url":"https:\/\/vosgesinfo.fr\/gerardmerinfo\/","name":"Gerardmer Info","description":"Toute l&#039;actualit\u00e9 de G\u00e9rardmer","publisher":{"@id":"https:\/\/vosgesinfo.fr\/gerardmerinfo\/#organization"},"alternateName":"Toute l'actualit\u00e9 de G\u00e9rardmer","potentialAction":[{"@type":"SearchAction","target":{"@type":"EntryPoint","urlTemplate":"https:\/\/vosgesinfo.fr\/gerardmerinfo\/?s={search_term_string}"},"query-input":"required name=search_term_string"}],"inLanguage":"fr-FR"},{"@type":"Organization","@id":"https:\/\/vosgesinfo.fr\/gerardmerinfo\/#organization","name":"Gerardmer Info","url":"https:\/\/vosgesinfo.fr\/gerardmerinfo\/","logo":{"@type":"ImageObject","inLanguage":"fr-FR","@id":"https:\/\/vosgesinfo.fr\/gerardmerinfo\/#\/schema\/logo\/image\/","url":"https:\/\/vosgesinfo.fr\/app\/uploads\/sites\/6\/2023\/08\/favicon-gerardmerinfo.png","contentUrl":"https:\/\/vosgesinfo.fr\/app\/uploads\/sites\/6\/2023\/08\/favicon-gerardmerinfo.png","width":512,"height":512,"caption":"Gerardmer Info"},"image":{"@id":"https:\/\/vosgesinfo.fr\/gerardmerinfo\/#\/schema\/logo\/image\/"},"sameAs":["https:\/\/www.facebook.com\/profile.php?id=100049475262660","https:\/\/x.com\/VosgesInfo88","https:\/\/www.youtube.com\/@vosgesinfo"]},{"@type":"Person","@id":"https:\/\/vosgesinfo.fr\/gerardmerinfo\/#\/schema\/person\/bc5d02d71e6932e81b6dadb7386667b1","name":"qs_admin","image":{"@type":"ImageObject","inLanguage":"fr-FR","@id":"https:\/\/vosgesinfo.fr\/gerardmerinfo\/#\/schema\/person\/image\/","url":"https:\/\/secure.gravatar.com\/avatar\/94b18ee0ed79e4a42ea2f2931277b6841a8999fc6fde214600c78057cf1fe1de?s=96&d=mm&r=g","contentUrl":"https:\/\/secure.gravatar.com\/avatar\/94b18ee0ed79e4a42ea2f2931277b6841a8999fc6fde214600c78057cf1fe1de?s=96&d=mm&r=g","caption":"qs_admin"},"sameAs":["https:\/\/vosgesinfo.fr\/wp"],"url":"https:\/\/vosgesinfo.fr\/gerardmerinfo\/author\/qs_admin\/"}]}},"_links":{"self":[{"href":"https:\/\/vosgesinfo.fr\/gerardmerinfo\/wp-json\/wp\/v2\/posts\/57485","targetHints":{"allow":["GET"]}}],"collection":[{"href":"https:\/\/vosgesinfo.fr\/gerardmerinfo\/wp-json\/wp\/v2\/posts"}],"about":[{"href":"https:\/\/vosgesinfo.fr\/gerardmerinfo\/wp-json\/wp\/v2\/types\/post"}],"author":[{"embeddable":true,"href":"https:\/\/vosgesinfo.fr\/gerardmerinfo\/wp-json\/wp\/v2\/users\/1"}],"replies":[{"embeddable":true,"href":"https:\/\/vosgesinfo.fr\/gerardmerinfo\/wp-json\/wp\/v2\/comments?post=57485"}],"version-history":[{"count":0,"href":"https:\/\/vosgesinfo.fr\/gerardmerinfo\/wp-json\/wp\/v2\/posts\/57485\/revisions"}],"wp:featuredmedia":[{"embeddable":true,"href":"https:\/\/vosgesinfo.fr\/gerardmerinfo\/wp-json\/wp\/v2\/media\/57486"}],"wp:attachment":[{"href":"https:\/\/vosgesinfo.fr\/gerardmerinfo\/wp-json\/wp\/v2\/media?parent=57485"}],"wp:term":[{"taxonomy":"category","embeddable":true,"href":"https:\/\/vosgesinfo.fr\/gerardmerinfo\/wp-json\/wp\/v2\/categories?post=57485"},{"taxonomy":"post_tag","embeddable":true,"href":"https:\/\/vosgesinfo.fr\/gerardmerinfo\/wp-json\/wp\/v2\/tags?post=57485"}],"curies":[{"name":"wp","href":"https:\/\/api.w.org\/{rel}","templated":true}]}}