{"id":57529,"date":"2022-02-27T11:41:46","date_gmt":"2022-02-27T10:41:46","guid":{"rendered":"https:\/\/vosgesinfo.fr\/gerardmerinfo\/2022\/02\/collecte-radiographies-continue\/"},"modified":"2022-02-27T11:41:46","modified_gmt":"2022-02-27T10:41:46","slug":"collecte-radiographies-continue","status":"publish","type":"post","link":"https:\/\/vosgesinfo.fr\/gerardmerinfo\/2022\/02\/collecte-radiographies-continue\/","title":{"rendered":"La collecte des radiographies continue"},"content":{"rendered":"<h3 align=\"left\"><span style=\"color: #000000;\"> <a href=\"\/2022\/02\/Videz-vos-tiroirs.jpg\"><img decoding=\"async\" class=\"aligncenter size-full wp-image-186361\" src=\"\/2022\/02\/Videz-vos-tiroirs.jpg\" alt=\"Videz vos tiroirs\" width=\"680\" height=\"491\" \/><\/a><span style=\"font-family: Times New Roman, serif;\"><span style=\"font-size: medium;\"><br \/>\n<\/span><\/span><\/span><\/h3>\n<h3 align=\"left\"><span style=\"color: #000000; font-size: 14pt;\"><span style=\"font-family: Times New Roman, serif;\">Le pr\u00e9sident du Lions Club , Eric PETITGENET, ne cache pas sa satisfaction devant ce premier conteneur de 5 \u00e0 600Kg qui partait le 27 f\u00e9vrier vers la soci\u00e9t\u00e9 de recyclage. <\/span><\/span><\/h3>\n<div id=\"attachment_186360\" style=\"width: 258px\" class=\"wp-caption alignright\"><a href=\"\/2022\/02\/conteneur-plein.jpg\"><img decoding=\"async\" aria-describedby=\"caption-attachment-186360\" class=\"wp-image-186360\" src=\"\/2022\/02\/conteneur-plein-498x1024.jpg\" alt=\"Eric Petitgenet\" width=\"248\" height=\"510\" \/><\/a><p id=\"caption-attachment-186360\" class=\"wp-caption-text\">Eric Petitgenet<\/p><\/div>\n<p align=\"left\"><span style=\"color: #000000; font-size: 14pt;\"><span style=\"font-family: Times New Roman, serif;\">\u00ab <i>C\u2019est le fruit d\u2019une collecte initi\u00e9e par notre club service, une op\u00e9ration mise en place il y a 3 mois gr\u00e2ce \u00e0 la collaboration d\u2019une douzaine de pharmacies partenaires qui servent de points relais. J\u2019\u2019adresse un grand merci \u00e0 toutes les personnes qui se sont mobilis\u00e9es et en particulier \u00e0 toutes celles qui ont fait ce geste \u00bb <\/i><\/span><\/span><\/p>\n<p align=\"left\"><span style=\"color: #000000; font-size: 14pt;\"><span style=\"font-family: Times New Roman, serif;\">C\u2019est en effet un premier pas, faisons en sorte de d\u2019autres conteneurs puisent se remplir et partir au recyclage. La collecte se poursuit toujours, les efforts ne doivent pas faiblir. Faisons le savoir autour de nous, il y a encore trop de personnes qui ignorent cette d\u00e9marche. <\/span><\/span><\/p>\n<p align=\"left\"><span style=\"color: #000000; font-size: 14pt;\"><span style=\"font-family: Times New Roman, serif;\">Les fonds ainsi collect\u00e9s sont destin\u00e9s \u00e0 l\u2019association \u00ab Enfants Cancers Sant\u00e9 \u00bbGrand Est. C\u2019est une belle occasion de faire un geste \u00e9co citoyen tout en faisant un don \u00e0 une belle oeuvre sans mettre la main \u00e0 la poche. <\/span><\/span><\/p>\n<p align=\"left\"><span style=\"color: #000000; font-size: 14pt;\"><span style=\"font-family: Times New Roman, serif;\">Rappel : <\/span><\/span><\/p>\n<p align=\"left\"><span style=\"color: #000000; font-size: 14pt;\"><span style=\"font-family: Times New Roman, serif;\"><b>Les 13 pharmacies partenaires : <\/b><\/span><\/span><\/p>\n<p><span style=\"font-family: Times New Roman, serif; font-size: 14pt;\"><b>BRUYERES <\/b>: Chabrier et Alexandre &#8211; <b>CORCIEUX <\/b>: Le Paige &#8211; <b>GERARDMER<\/b>: H\u00f4tel de ville, la Croisette, Baldacini et Lalev\u00e9e-Mougel &#8211; <b>GRANGES s\/VOLOGNE : <\/b>Colin &#8211; <b>LE THOLY : <\/b>Le Berre &#8211; RAMBERVILLERS : Molnard et Sainte Libaire &#8211; <b>REMIREMONT : <\/b>B\u00e9champ &#8211; <b>XONRUPT : <\/b>Des Lacs. <\/span><\/p>\n<p><a href=\"\/2022\/02\/Pharmacies-r\u00e9cup-Radios.jpg\"><img decoding=\"async\" class=\"aligncenter size-full wp-image-186362\" src=\"\/2022\/02\/Pharmacies-r\u00e9cup-Radios.jpg\" alt=\"Pharmacies r\u00e9cup Radios\" width=\"793\" height=\"465\" \/><\/a><\/p>\n","protected":false},"excerpt":{"rendered":"<p>Le pr\u00e9sident du Lions Club , Eric PETITGENET, ne cache pas sa satisfaction devant ce premier conteneur de 5 \u00e0 [&hellip;]<\/p>\n","protected":false},"author":1,"featured_media":57530,"comment_status":"open","ping_status":"open","sticky":false,"template":"","format":"standard","meta":{"footnotes":""},"categories":[20,12,17,18],"tags":[4891,446],"class_list":["post-57529","post","type-post","status-publish","format-standard","has-post-thumbnail","hentry","category-a-la-une","category-sante","category-vie-associative","category-vosges","tag-eric-petitgenet","tag-lions-club"],"acf":[],"yoast_head":"<!-- This site is optimized with the Yoast SEO plugin v22.5 - https:\/\/yoast.com\/wordpress\/plugins\/seo\/ -->\n<title>La collecte des radiographies continue - Gerardmer Info<\/title>\n<meta name=\"robots\" content=\"index, follow, max-snippet:-1, max-image-preview:large, max-video-preview:-1\" \/>\n<link rel=\"canonical\" href=\"https:\/\/vosgesinfo.fr\/gerardmerinfo\/2022\/02\/collecte-radiographies-continue\/\" \/>\n<meta name=\"twitter:card\" content=\"summary_large_image\" \/>\n<meta name=\"twitter:title\" content=\"La collecte des radiographies continue - Gerardmer Info\" \/>\n<meta name=\"twitter:description\" content=\"Le pr\u00e9sident du Lions Club , Eric PETITGENET, ne cache pas sa satisfaction devant ce premier conteneur de 5 \u00e0 [&hellip;]\" \/>\n<meta name=\"twitter:image\" content=\"https:\/\/vosgesinfo.fr\/app\/uploads\/sites\/6\/2024\/07\/202202videz-vos-tiroirs.jpg\" \/>\n<meta name=\"twitter:creator\" content=\"@VosgesInfo88\" \/>\n<meta name=\"twitter:site\" content=\"@VosgesInfo88\" \/>\n<meta name=\"twitter:label1\" content=\"\u00c9crit par\" \/>\n\t<meta name=\"twitter:data1\" content=\"qs_admin\" \/>\n\t<meta name=\"twitter:label2\" content=\"Dur\u00e9e de lecture estim\u00e9e\" \/>\n\t<meta name=\"twitter:data2\" content=\"1 minute\" \/>\n<script type=\"application\/ld+json\" class=\"yoast-schema-graph\">{\"@context\":\"https:\/\/schema.org\",\"@graph\":[{\"@type\":\"Article\",\"@id\":\"https:\/\/vosgesinfo.fr\/gerardmerinfo\/2022\/02\/collecte-radiographies-continue\/#article\",\"isPartOf\":{\"@id\":\"https:\/\/vosgesinfo.fr\/gerardmerinfo\/2022\/02\/collecte-radiographies-continue\/\"},\"author\":{\"name\":\"qs_admin\",\"@id\":\"https:\/\/vosgesinfo.fr\/gerardmerinfo\/#\/schema\/person\/bc5d02d71e6932e81b6dadb7386667b1\"},\"headline\":\"La collecte des radiographies continue\",\"datePublished\":\"2022-02-27T10:41:46+00:00\",\"dateModified\":\"2022-02-27T10:41:46+00:00\",\"mainEntityOfPage\":{\"@id\":\"https:\/\/vosgesinfo.fr\/gerardmerinfo\/2022\/02\/collecte-radiographies-continue\/\"},\"wordCount\":243,\"commentCount\":0,\"publisher\":{\"@id\":\"https:\/\/vosgesinfo.fr\/gerardmerinfo\/#organization\"},\"image\":{\"@id\":\"https:\/\/vosgesinfo.fr\/gerardmerinfo\/2022\/02\/collecte-radiographies-continue\/#primaryimage\"},\"thumbnailUrl\":\"https:\/\/vosgesinfo.fr\/app\/uploads\/sites\/6\/2024\/07\/202202videz-vos-tiroirs.jpg\",\"keywords\":[\"Eric Petitgenet\",\"Lions club\"],\"articleSection\":[\"A la une\",\"Sant\u00e9\",\"Vie Associative\",\"Vosges\"],\"inLanguage\":\"fr-FR\",\"potentialAction\":[{\"@type\":\"CommentAction\",\"name\":\"Comment\",\"target\":[\"https:\/\/vosgesinfo.fr\/gerardmerinfo\/2022\/02\/collecte-radiographies-continue\/#respond\"]}]},{\"@type\":\"WebPage\",\"@id\":\"https:\/\/vosgesinfo.fr\/gerardmerinfo\/2022\/02\/collecte-radiographies-continue\/\",\"url\":\"https:\/\/vosgesinfo.fr\/gerardmerinfo\/2022\/02\/collecte-radiographies-continue\/\",\"name\":\"La collecte des radiographies continue - Gerardmer Info\",\"isPartOf\":{\"@id\":\"https:\/\/vosgesinfo.fr\/gerardmerinfo\/#website\"},\"primaryImageOfPage\":{\"@id\":\"https:\/\/vosgesinfo.fr\/gerardmerinfo\/2022\/02\/collecte-radiographies-continue\/#primaryimage\"},\"image\":{\"@id\":\"https:\/\/vosgesinfo.fr\/gerardmerinfo\/2022\/02\/collecte-radiographies-continue\/#primaryimage\"},\"thumbnailUrl\":\"https:\/\/vosgesinfo.fr\/app\/uploads\/sites\/6\/2024\/07\/202202videz-vos-tiroirs.jpg\",\"datePublished\":\"2022-02-27T10:41:46+00:00\",\"dateModified\":\"2022-02-27T10:41:46+00:00\",\"breadcrumb\":{\"@id\":\"https:\/\/vosgesinfo.fr\/gerardmerinfo\/2022\/02\/collecte-radiographies-continue\/#breadcrumb\"},\"inLanguage\":\"fr-FR\",\"potentialAction\":[{\"@type\":\"ReadAction\",\"target\":[\"https:\/\/vosgesinfo.fr\/gerardmerinfo\/2022\/02\/collecte-radiographies-continue\/\"]}]},{\"@type\":\"ImageObject\",\"inLanguage\":\"fr-FR\",\"@id\":\"https:\/\/vosgesinfo.fr\/gerardmerinfo\/2022\/02\/collecte-radiographies-continue\/#primaryimage\",\"url\":\"https:\/\/vosgesinfo.fr\/app\/uploads\/sites\/6\/2024\/07\/202202videz-vos-tiroirs.jpg\",\"contentUrl\":\"https:\/\/vosgesinfo.fr\/app\/uploads\/sites\/6\/2024\/07\/202202videz-vos-tiroirs.jpg\",\"width\":680,\"height\":491},{\"@type\":\"BreadcrumbList\",\"@id\":\"https:\/\/vosgesinfo.fr\/gerardmerinfo\/2022\/02\/collecte-radiographies-continue\/#breadcrumb\",\"itemListElement\":[{\"@type\":\"ListItem\",\"position\":1,\"name\":\"Home\",\"item\":\"https:\/\/vosgesinfo.fr\/gerardmerinfo\/\"},{\"@type\":\"ListItem\",\"position\":2,\"name\":\"La collecte des radiographies continue\"}]},{\"@type\":\"WebSite\",\"@id\":\"https:\/\/vosgesinfo.fr\/gerardmerinfo\/#website\",\"url\":\"https:\/\/vosgesinfo.fr\/gerardmerinfo\/\",\"name\":\"Gerardmer Info\",\"description\":\"Toute l&#039;actualit\u00e9 de G\u00e9rardmer\",\"publisher\":{\"@id\":\"https:\/\/vosgesinfo.fr\/gerardmerinfo\/#organization\"},\"alternateName\":\"Toute l'actualit\u00e9 de G\u00e9rardmer\",\"potentialAction\":[{\"@type\":\"SearchAction\",\"target\":{\"@type\":\"EntryPoint\",\"urlTemplate\":\"https:\/\/vosgesinfo.fr\/gerardmerinfo\/?s={search_term_string}\"},\"query-input\":\"required name=search_term_string\"}],\"inLanguage\":\"fr-FR\"},{\"@type\":\"Organization\",\"@id\":\"https:\/\/vosgesinfo.fr\/gerardmerinfo\/#organization\",\"name\":\"Gerardmer Info\",\"url\":\"https:\/\/vosgesinfo.fr\/gerardmerinfo\/\",\"logo\":{\"@type\":\"ImageObject\",\"inLanguage\":\"fr-FR\",\"@id\":\"https:\/\/vosgesinfo.fr\/gerardmerinfo\/#\/schema\/logo\/image\/\",\"url\":\"https:\/\/vosgesinfo.fr\/app\/uploads\/sites\/6\/2023\/08\/favicon-gerardmerinfo.png\",\"contentUrl\":\"https:\/\/vosgesinfo.fr\/app\/uploads\/sites\/6\/2023\/08\/favicon-gerardmerinfo.png\",\"width\":512,\"height\":512,\"caption\":\"Gerardmer Info\"},\"image\":{\"@id\":\"https:\/\/vosgesinfo.fr\/gerardmerinfo\/#\/schema\/logo\/image\/\"},\"sameAs\":[\"https:\/\/www.facebook.com\/profile.php?id=100049475262660\",\"https:\/\/x.com\/VosgesInfo88\",\"https:\/\/www.youtube.com\/@vosgesinfo\"]},{\"@type\":\"Person\",\"@id\":\"https:\/\/vosgesinfo.fr\/gerardmerinfo\/#\/schema\/person\/bc5d02d71e6932e81b6dadb7386667b1\",\"name\":\"qs_admin\",\"image\":{\"@type\":\"ImageObject\",\"inLanguage\":\"fr-FR\",\"@id\":\"https:\/\/vosgesinfo.fr\/gerardmerinfo\/#\/schema\/person\/image\/\",\"url\":\"https:\/\/secure.gravatar.com\/avatar\/94b18ee0ed79e4a42ea2f2931277b6841a8999fc6fde214600c78057cf1fe1de?s=96&d=mm&r=g\",\"contentUrl\":\"https:\/\/secure.gravatar.com\/avatar\/94b18ee0ed79e4a42ea2f2931277b6841a8999fc6fde214600c78057cf1fe1de?s=96&d=mm&r=g\",\"caption\":\"qs_admin\"},\"sameAs\":[\"https:\/\/vosgesinfo.fr\/wp\"],\"url\":\"https:\/\/vosgesinfo.fr\/gerardmerinfo\/author\/qs_admin\/\"}]}<\/script>\n<!-- \/ Yoast SEO plugin. -->","yoast_head_json":{"title":"La collecte des radiographies continue - Gerardmer Info","robots":{"index":"index","follow":"follow","max-snippet":"max-snippet:-1","max-image-preview":"max-image-preview:large","max-video-preview":"max-video-preview:-1"},"canonical":"https:\/\/vosgesinfo.fr\/gerardmerinfo\/2022\/02\/collecte-radiographies-continue\/","twitter_card":"summary_large_image","twitter_title":"La collecte des radiographies continue - Gerardmer Info","twitter_description":"Le pr\u00e9sident du Lions Club , Eric PETITGENET, ne cache pas sa satisfaction devant ce premier conteneur de 5 \u00e0 [&hellip;]","twitter_image":"https:\/\/vosgesinfo.fr\/app\/uploads\/sites\/6\/2024\/07\/202202videz-vos-tiroirs.jpg","twitter_creator":"@VosgesInfo88","twitter_site":"@VosgesInfo88","twitter_misc":{"\u00c9crit par":"qs_admin","Dur\u00e9e de lecture estim\u00e9e":"1 minute"},"schema":{"@context":"https:\/\/schema.org","@graph":[{"@type":"Article","@id":"https:\/\/vosgesinfo.fr\/gerardmerinfo\/2022\/02\/collecte-radiographies-continue\/#article","isPartOf":{"@id":"https:\/\/vosgesinfo.fr\/gerardmerinfo\/2022\/02\/collecte-radiographies-continue\/"},"author":{"name":"qs_admin","@id":"https:\/\/vosgesinfo.fr\/gerardmerinfo\/#\/schema\/person\/bc5d02d71e6932e81b6dadb7386667b1"},"headline":"La collecte des radiographies continue","datePublished":"2022-02-27T10:41:46+00:00","dateModified":"2022-02-27T10:41:46+00:00","mainEntityOfPage":{"@id":"https:\/\/vosgesinfo.fr\/gerardmerinfo\/2022\/02\/collecte-radiographies-continue\/"},"wordCount":243,"commentCount":0,"publisher":{"@id":"https:\/\/vosgesinfo.fr\/gerardmerinfo\/#organization"},"image":{"@id":"https:\/\/vosgesinfo.fr\/gerardmerinfo\/2022\/02\/collecte-radiographies-continue\/#primaryimage"},"thumbnailUrl":"https:\/\/vosgesinfo.fr\/app\/uploads\/sites\/6\/2024\/07\/202202videz-vos-tiroirs.jpg","keywords":["Eric Petitgenet","Lions club"],"articleSection":["A la une","Sant\u00e9","Vie Associative","Vosges"],"inLanguage":"fr-FR","potentialAction":[{"@type":"CommentAction","name":"Comment","target":["https:\/\/vosgesinfo.fr\/gerardmerinfo\/2022\/02\/collecte-radiographies-continue\/#respond"]}]},{"@type":"WebPage","@id":"https:\/\/vosgesinfo.fr\/gerardmerinfo\/2022\/02\/collecte-radiographies-continue\/","url":"https:\/\/vosgesinfo.fr\/gerardmerinfo\/2022\/02\/collecte-radiographies-continue\/","name":"La collecte des radiographies continue - Gerardmer Info","isPartOf":{"@id":"https:\/\/vosgesinfo.fr\/gerardmerinfo\/#website"},"primaryImageOfPage":{"@id":"https:\/\/vosgesinfo.fr\/gerardmerinfo\/2022\/02\/collecte-radiographies-continue\/#primaryimage"},"image":{"@id":"https:\/\/vosgesinfo.fr\/gerardmerinfo\/2022\/02\/collecte-radiographies-continue\/#primaryimage"},"thumbnailUrl":"https:\/\/vosgesinfo.fr\/app\/uploads\/sites\/6\/2024\/07\/202202videz-vos-tiroirs.jpg","datePublished":"2022-02-27T10:41:46+00:00","dateModified":"2022-02-27T10:41:46+00:00","breadcrumb":{"@id":"https:\/\/vosgesinfo.fr\/gerardmerinfo\/2022\/02\/collecte-radiographies-continue\/#breadcrumb"},"inLanguage":"fr-FR","potentialAction":[{"@type":"ReadAction","target":["https:\/\/vosgesinfo.fr\/gerardmerinfo\/2022\/02\/collecte-radiographies-continue\/"]}]},{"@type":"ImageObject","inLanguage":"fr-FR","@id":"https:\/\/vosgesinfo.fr\/gerardmerinfo\/2022\/02\/collecte-radiographies-continue\/#primaryimage","url":"https:\/\/vosgesinfo.fr\/app\/uploads\/sites\/6\/2024\/07\/202202videz-vos-tiroirs.jpg","contentUrl":"https:\/\/vosgesinfo.fr\/app\/uploads\/sites\/6\/2024\/07\/202202videz-vos-tiroirs.jpg","width":680,"height":491},{"@type":"BreadcrumbList","@id":"https:\/\/vosgesinfo.fr\/gerardmerinfo\/2022\/02\/collecte-radiographies-continue\/#breadcrumb","itemListElement":[{"@type":"ListItem","position":1,"name":"Home","item":"https:\/\/vosgesinfo.fr\/gerardmerinfo\/"},{"@type":"ListItem","position":2,"name":"La collecte des radiographies continue"}]},{"@type":"WebSite","@id":"https:\/\/vosgesinfo.fr\/gerardmerinfo\/#website","url":"https:\/\/vosgesinfo.fr\/gerardmerinfo\/","name":"Gerardmer Info","description":"Toute l&#039;actualit\u00e9 de G\u00e9rardmer","publisher":{"@id":"https:\/\/vosgesinfo.fr\/gerardmerinfo\/#organization"},"alternateName":"Toute l'actualit\u00e9 de G\u00e9rardmer","potentialAction":[{"@type":"SearchAction","target":{"@type":"EntryPoint","urlTemplate":"https:\/\/vosgesinfo.fr\/gerardmerinfo\/?s={search_term_string}"},"query-input":"required name=search_term_string"}],"inLanguage":"fr-FR"},{"@type":"Organization","@id":"https:\/\/vosgesinfo.fr\/gerardmerinfo\/#organization","name":"Gerardmer Info","url":"https:\/\/vosgesinfo.fr\/gerardmerinfo\/","logo":{"@type":"ImageObject","inLanguage":"fr-FR","@id":"https:\/\/vosgesinfo.fr\/gerardmerinfo\/#\/schema\/logo\/image\/","url":"https:\/\/vosgesinfo.fr\/app\/uploads\/sites\/6\/2023\/08\/favicon-gerardmerinfo.png","contentUrl":"https:\/\/vosgesinfo.fr\/app\/uploads\/sites\/6\/2023\/08\/favicon-gerardmerinfo.png","width":512,"height":512,"caption":"Gerardmer Info"},"image":{"@id":"https:\/\/vosgesinfo.fr\/gerardmerinfo\/#\/schema\/logo\/image\/"},"sameAs":["https:\/\/www.facebook.com\/profile.php?id=100049475262660","https:\/\/x.com\/VosgesInfo88","https:\/\/www.youtube.com\/@vosgesinfo"]},{"@type":"Person","@id":"https:\/\/vosgesinfo.fr\/gerardmerinfo\/#\/schema\/person\/bc5d02d71e6932e81b6dadb7386667b1","name":"qs_admin","image":{"@type":"ImageObject","inLanguage":"fr-FR","@id":"https:\/\/vosgesinfo.fr\/gerardmerinfo\/#\/schema\/person\/image\/","url":"https:\/\/secure.gravatar.com\/avatar\/94b18ee0ed79e4a42ea2f2931277b6841a8999fc6fde214600c78057cf1fe1de?s=96&d=mm&r=g","contentUrl":"https:\/\/secure.gravatar.com\/avatar\/94b18ee0ed79e4a42ea2f2931277b6841a8999fc6fde214600c78057cf1fe1de?s=96&d=mm&r=g","caption":"qs_admin"},"sameAs":["https:\/\/vosgesinfo.fr\/wp"],"url":"https:\/\/vosgesinfo.fr\/gerardmerinfo\/author\/qs_admin\/"}]}},"_links":{"self":[{"href":"https:\/\/vosgesinfo.fr\/gerardmerinfo\/wp-json\/wp\/v2\/posts\/57529","targetHints":{"allow":["GET"]}}],"collection":[{"href":"https:\/\/vosgesinfo.fr\/gerardmerinfo\/wp-json\/wp\/v2\/posts"}],"about":[{"href":"https:\/\/vosgesinfo.fr\/gerardmerinfo\/wp-json\/wp\/v2\/types\/post"}],"author":[{"embeddable":true,"href":"https:\/\/vosgesinfo.fr\/gerardmerinfo\/wp-json\/wp\/v2\/users\/1"}],"replies":[{"embeddable":true,"href":"https:\/\/vosgesinfo.fr\/gerardmerinfo\/wp-json\/wp\/v2\/comments?post=57529"}],"version-history":[{"count":0,"href":"https:\/\/vosgesinfo.fr\/gerardmerinfo\/wp-json\/wp\/v2\/posts\/57529\/revisions"}],"wp:featuredmedia":[{"embeddable":true,"href":"https:\/\/vosgesinfo.fr\/gerardmerinfo\/wp-json\/wp\/v2\/media\/57530"}],"wp:attachment":[{"href":"https:\/\/vosgesinfo.fr\/gerardmerinfo\/wp-json\/wp\/v2\/media?parent=57529"}],"wp:term":[{"taxonomy":"category","embeddable":true,"href":"https:\/\/vosgesinfo.fr\/gerardmerinfo\/wp-json\/wp\/v2\/categories?post=57529"},{"taxonomy":"post_tag","embeddable":true,"href":"https:\/\/vosgesinfo.fr\/gerardmerinfo\/wp-json\/wp\/v2\/tags?post=57529"}],"curies":[{"name":"wp","href":"https:\/\/api.w.org\/{rel}","templated":true}]}}