{"id":57544,"date":"2022-02-28T04:59:27","date_gmt":"2022-02-28T03:59:27","guid":{"rendered":"https:\/\/vosgesinfo.fr\/gerardmerinfo\/2022\/02\/ski-alpin-avalanche-de-courses-stade-de-slalom-geromois\/"},"modified":"2022-02-28T04:59:27","modified_gmt":"2022-02-28T03:59:27","slug":"ski-alpin-avalanche-de-courses-stade-de-slalom-geromois","status":"publish","type":"post","link":"https:\/\/vosgesinfo.fr\/gerardmerinfo\/2022\/02\/ski-alpin-avalanche-de-courses-stade-de-slalom-geromois\/","title":{"rendered":"Ski Alpin : avalanche de courses sur le stade de slalom g\u00e9r\u00f4mois"},"content":{"rendered":"\n<p><span style=\"font-family: Arial, serif;\"><span style=\"font-size: medium;\">\u00a0<\/span><\/span><\/p>\n<p>&nbsp;<\/p>\n<h3><span style=\"font-family: Arial, serif;\"><span style=\"font-size: medium;\">Faute d\u2019enneigement suffisant sur la station du Lac Blanc, plusieurs \u00e9preuves initialement pr\u00e9vues sur cette derni\u00e8re ce week-end,ont \u00e9t\u00e9 d\u00e9plac\u00e9es g\u00e9ographiquement. <\/span><\/span><\/h3>\n<p><span style=\"font-family: Arial, serif;\"><span style=\"font-size: medium;\">Samedi, ce sont 3 Coupes Jeunes Massif sous forme de slalom g\u00e9ant (celle de la cat\u00e9gorie U12, celle de la cat\u00e9gorie U14 et celle de la cat\u00e9gorie U16) qui ont \u00e9t\u00e9 d\u00e9plac\u00e9es sur un stade de slalom pr\u00eat \u00e0 les accueillir\u00a0dans des conditions optimales\u00a0(soit sous un franc soleil et un peu de neige fra\u00eeche\u00a0!)<\/span><\/span><\/p>\n<p><span style=\"font-family: Arial, serif;\"><span style=\"font-size: medium;\">Sur la course U12, les g\u00e9r\u00f4moises ont bien couru \u00e0 domicile, un grand bravo \u00e0 C\u00e9cile FRASCHINI qui s\u2019est class\u00e9e 2<\/span><\/span><sup><span style=\"font-family: Arial, serif;\"><span style=\"font-size: medium;\">\u00e8me<\/span><\/span><\/sup><span style=\"font-family: Arial, serif;\"><span style=\"font-size: medium;\"> en manche 1 et 1<\/span><\/span><sup><span style=\"font-family: Arial, serif;\"><span style=\"font-size: medium;\">\u00e8re<\/span><\/span><\/sup><span style=\"font-family: Arial, serif;\"><span style=\"font-size: medium;\"> en manche 2, bravo \u00e9galement \u00e0 Zo\u00e9 LECOMTE, qui est mont\u00e9e sur la 3<\/span><\/span><sup><span style=\"font-family: Arial, serif;\"><span style=\"font-size: medium;\">\u00e8me<\/span><\/span><\/sup><span style=\"font-family: Arial, serif;\"><span style=\"font-size: medium;\"> marche du podium sur les 2 manches. L\u00e9ane RELANGE a remport\u00e9 la 6<\/span><\/span><sup><span style=\"font-family: Arial, serif;\"><span style=\"font-size: medium;\">\u00e8me<\/span><\/span><\/sup><span style=\"font-family: Arial, serif;\"><span style=\"font-size: medium;\"> place en manche 1, la 9<\/span><\/span><sup><span style=\"font-family: Arial, serif;\"><span style=\"font-size: medium;\">\u00e8me<\/span><\/span><\/sup><span style=\"font-family: Arial, serif;\"><span style=\"font-size: medium;\"> en manche 2. Chez les gar\u00e7ons, f\u00e9licitations \u00e0 Lubin HUBSCHI 3<\/span><\/span><sup><span style=\"font-family: Arial, serif;\"><span style=\"font-size: medium;\">\u00e8me<\/span><\/span><\/sup><span style=\"font-family: Arial, serif;\"><span style=\"font-size: medium;\"> sur les 2 manches\u00a0! Ugo WISSEMBERG s\u2019est class\u00e9 5<\/span><\/span><sup><span style=\"font-family: Arial, serif;\"><span style=\"font-size: medium;\">\u00e8me<\/span><\/span><\/sup><span style=\"font-family: Arial, serif;\"><span style=\"font-size: medium;\"> en manche 1, 7<\/span><\/span><sup><span style=\"font-family: Arial, serif;\"><span style=\"font-size: medium;\">\u00e8me<\/span><\/span><\/sup><span style=\"font-family: Arial, serif;\"><span style=\"font-size: medium;\"> en manche 2, Martin CORNIL 6<\/span><\/span><sup><span style=\"font-family: Arial, serif;\"><span style=\"font-size: medium;\">\u00e8me<\/span><\/span><\/sup><span style=\"font-family: Arial, serif;\"><span style=\"font-size: medium;\"> en manche 1, 5<\/span><\/span><sup><span style=\"font-family: Arial, serif;\"><span style=\"font-size: medium;\">\u00e8me<\/span><\/span><\/sup><span style=\"font-family: Arial, serif;\"><span style=\"font-size: medium;\"> en manche 2, Louis JASSOGNE (13<\/span><\/span><sup><span style=\"font-family: Arial, serif;\"><span style=\"font-size: medium;\">\u00e8me<\/span><\/span><\/sup><span style=\"font-family: Arial, serif;\"><span style=\"font-size: medium;\"> M1\/10<\/span><\/span><sup><span style=\"font-family: Arial, serif;\"><span style=\"font-size: medium;\">\u00e8me<\/span><\/span><\/sup><span style=\"font-family: Arial, serif;\"><span style=\"font-size: medium;\"> M2), Liova GAMERRE (18<\/span><\/span><sup><span style=\"font-family: Arial, serif;\"><span style=\"font-size: medium;\">\u00e8me<\/span><\/span><\/sup><span style=\"font-family: Arial, serif;\"><span style=\"font-size: medium;\"> M1\/15<\/span><\/span><sup><span style=\"font-family: Arial, serif;\"><span style=\"font-size: medium;\">\u00e8me<\/span><\/span><\/sup><span style=\"font-family: Arial, serif;\"><span style=\"font-size: medium;\"> M2), Eliot PHILIPPE (19<\/span><\/span><sup><span style=\"font-family: Arial, serif;\"><span style=\"font-size: medium;\">\u00e8me<\/span><\/span><\/sup><span style=\"font-family: Arial, serif;\"><span style=\"font-size: medium;\"> M1\/28<\/span><\/span><sup><span style=\"font-family: Arial, serif;\"><span style=\"font-size: medium;\">\u00e8me<\/span><\/span><\/sup><span style=\"font-family: Arial, serif;\"><span style=\"font-size: medium;\"> M2), Tristan VARVENNE (21<\/span><\/span><sup><span style=\"font-family: Arial, serif;\"><span style=\"font-size: medium;\">\u00e8me<\/span><\/span><\/sup><span style=\"font-family: Arial, serif;\"><span style=\"font-size: medium;\"> M1, 27<\/span><\/span><sup><span style=\"font-family: Arial, serif;\"><span style=\"font-size: medium;\">\u00e8me<\/span><\/span><\/sup><span style=\"font-family: Arial, serif;\"><span style=\"font-size: medium;\"> M2), enfin C\u00f4me ROTH class\u00e9 27<\/span><\/span><sup><span style=\"font-family: Arial, serif;\"><span style=\"font-size: medium;\">\u00e8me<\/span><\/span><\/sup><span style=\"font-family: Arial, serif;\"><span style=\"font-size: medium;\"> en M1 est remont\u00e9 \u00e0 la 9<\/span><\/span><sup><span style=\"font-family: Arial, serif;\"><span style=\"font-size: medium;\">\u00e8me<\/span><\/span><\/sup><span style=\"font-family: Arial, serif;\"><span style=\"font-size: medium;\"> place en M2.<\/span><\/span><\/p>\n<p><span style=\"font-family: Arial, serif;\"><span style=\"font-size: medium;\">Sur la course U14, Charlie PANELLA HUART s\u2019est class\u00e9e 6<\/span><\/span><sup><span style=\"font-family: Arial, serif;\"><span style=\"font-size: medium;\">\u00e8me<\/span><\/span><\/sup><span style=\"font-family: Arial, serif;\"><span style=\"font-size: medium;\"> des filles en M1, 8<\/span><\/span><sup><span style=\"font-family: Arial, serif;\"><span style=\"font-size: medium;\">\u00e8me<\/span><\/span><\/sup><span style=\"font-family: Arial, serif;\"><span style=\"font-size: medium;\"> en M2, Tara ENGELMANN, 7<\/span><\/span><sup><span style=\"font-family: Arial, serif;\"><span style=\"font-size: medium;\">\u00e8me<\/span><\/span><\/sup><span style=\"font-family: Arial, serif;\"><span style=\"font-size: medium;\"> sur les 2 manches. Chez les gar\u00e7ons, Janis ANTOINE a d\u00e9croch\u00e9 la 4<\/span><\/span><sup><span style=\"font-family: Arial, serif;\"><span style=\"font-size: medium;\">\u00e8me<\/span><\/span><\/sup><span style=\"font-family: Arial, serif;\"><span style=\"font-size: medium;\"> place en M1, la 6<\/span><\/span><sup><span style=\"font-family: Arial, serif;\"><span style=\"font-size: medium;\">\u00e8me<\/span><\/span><\/sup><span style=\"font-family: Arial, serif;\"><span style=\"font-size: medium;\"> en M2, Maxime LIMAUX, 5<\/span><\/span><sup><span style=\"font-family: Arial, serif;\"><span style=\"font-size: medium;\">\u00e8me<\/span><\/span><\/sup><span style=\"font-family: Arial, serif;\"><span style=\"font-size: medium;\"> en 1<\/span><\/span><sup><span style=\"font-family: Arial, serif;\"><span style=\"font-size: medium;\">\u00e8re<\/span><\/span><\/sup><span style=\"font-family: Arial, serif;\"><span style=\"font-size: medium;\"> manche est remont\u00e9 \u00e0 la 2<\/span><\/span><sup><span style=\"font-family: Arial, serif;\"><span style=\"font-size: medium;\">\u00e8me<\/span><\/span><\/sup><span style=\"font-family: Arial, serif;\"><span style=\"font-size: medium;\"> place en manche 2\u00a0! Louis MAGNIN (12<\/span><\/span><sup><span style=\"font-family: Arial, serif;\"><span style=\"font-size: medium;\">\u00e8me <\/span><\/span><\/sup><span style=\"font-family: Arial, serif;\"><span style=\"font-size: medium;\">M1, 19<\/span><\/span><sup><span style=\"font-family: Arial, serif;\"><span style=\"font-size: medium;\">\u00e8me<\/span><\/span><\/sup><span style=\"font-family: Arial, serif;\"><span style=\"font-size: medium;\"> M2), Marin ROUSSAT (14<\/span><\/span><sup><span style=\"font-family: Arial, serif;\"><span style=\"font-size: medium;\">\u00e8me<\/span><\/span><\/sup><span style=\"font-family: Arial, serif;\"><span style=\"font-size: medium;\"> M1\/15<\/span><\/span><sup><span style=\"font-family: Arial, serif;\"><span style=\"font-size: medium;\">\u00e8me<\/span><\/span><\/sup><span style=\"font-family: Arial, serif;\"><span style=\"font-size: medium;\"> M2), Basile VALLON (23<\/span><\/span><sup><span style=\"font-family: Arial, serif;\"><span style=\"font-size: medium;\">\u00e8me<\/span><\/span><\/sup><span style=\"font-family: Arial, serif;\"><span style=\"font-size: medium;\"> M1\/26<\/span><\/span><sup><span style=\"font-family: Arial, serif;\"><span style=\"font-size: medium;\">\u00e8me<\/span><\/span><\/sup><span style=\"font-family: Arial, serif;\"><span style=\"font-size: medium;\"> M2), F\u00e9lix SUIRE (25<\/span><\/span><sup><span style=\"font-family: Arial, serif;\"><span style=\"font-size: medium;\">\u00e8me<\/span><\/span><\/sup><span style=\"font-family: Arial, serif;\"><span style=\"font-size: medium;\"> M1\/30<\/span><\/span><sup><span style=\"font-family: Arial, serif;\"><span style=\"font-size: medium;\">\u00e8me<\/span><\/span><\/sup><span style=\"font-family: Arial, serif;\"><span style=\"font-size: medium;\"> M2), Simon MARCHAL (25<\/span><\/span><sup><span style=\"font-family: Arial, serif;\"><span style=\"font-size: medium;\">\u00e8me<\/span><\/span><\/sup><span style=\"font-family: Arial, serif;\"><span style=\"font-size: medium;\"> ex-aequo M1\/31<\/span><\/span><sup><span style=\"font-family: Arial, serif;\"><span style=\"font-size: medium;\">\u00e8me<\/span><\/span><\/sup><span style=\"font-family: Arial, serif;\"><span style=\"font-size: medium;\"> M2).<\/span><\/span><\/p>\n<p><span style=\"font-family: Arial, serif;\"><span style=\"font-size: medium;\">Enfin sur la course U16, chez les filles, Mathilde FRASCHINI s\u2019est maintenue \u00e0 la 9<\/span><\/span><sup><span style=\"font-family: Arial, serif;\"><span style=\"font-size: medium;\">\u00e8me<\/span><\/span><\/sup><span style=\"font-family: Arial, serif;\"><span style=\"font-size: medium;\"> place sur les 2 manches, Louise GUERY (14<\/span><\/span><sup><span style=\"font-family: Arial, serif;\"><span style=\"font-size: medium;\">\u00e8me<\/span><\/span><\/sup><span style=\"font-family: Arial, serif;\"><span style=\"font-size: medium;\"> M1, 16<\/span><\/span><sup><span style=\"font-family: Arial, serif;\"><span style=\"font-size: medium;\">\u00e8me<\/span><\/span><\/sup><span style=\"font-family: Arial, serif;\"><span style=\"font-size: medium;\"> M2), Paula OUDOT (15<\/span><\/span><sup><span style=\"font-family: Arial, serif;\"><span style=\"font-size: medium;\">\u00e8me<\/span><\/span><\/sup><span style=\"font-family: Arial, serif;\"><span style=\"font-size: medium;\"> M1\/8<\/span><\/span><sup><span style=\"font-family: Arial, serif;\"><span style=\"font-size: medium;\">\u00e8me<\/span><\/span><\/sup><span style=\"font-family: Arial, serif;\"><span style=\"font-size: medium;\"> M2). Du c\u00f4t\u00e9 des gar\u00e7ons, Valentin GROSSIER a d\u00e9roch\u00e9 la 17<\/span><\/span><sup><span style=\"font-family: Arial, serif;\"><span style=\"font-size: medium;\">\u00e8me<\/span><\/span><\/sup><span style=\"font-family: Arial, serif;\"><span style=\"font-size: medium;\"> place sur les 2 manches, Lorenzo COMINOTTI (19<\/span><\/span><sup><span style=\"font-family: Arial, serif;\"><span style=\"font-size: medium;\">\u00e8me<\/span><\/span><\/sup><span style=\"font-family: Arial, serif;\"><span style=\"font-size: medium;\"> M1\/18<\/span><\/span><sup><span style=\"font-family: Arial, serif;\"><span style=\"font-size: medium;\">\u00e8me<\/span><\/span><\/sup><span style=\"font-family: Arial, serif;\"><span style=\"font-size: medium;\"> M2), Jan Gabin PISCHEK (30<\/span><\/span><sup><span style=\"font-family: Arial, serif;\"><span style=\"font-size: medium;\">\u00e8me<\/span><\/span><\/sup><span style=\"font-family: Arial, serif;\"><span style=\"font-size: medium;\"> M1\/28<\/span><\/span><sup><span style=\"font-family: Arial, serif;\"><span style=\"font-size: medium;\">\u00e8me<\/span><\/span><\/sup><span style=\"font-family: Arial, serif;\"><span style=\"font-size: medium;\"> M2), Kieran ENGELMANN (32<\/span><\/span><sup><span style=\"font-family: Arial, serif;\"><span style=\"font-size: medium;\">\u00e8me<\/span><\/span><\/sup><span style=\"font-family: Arial, serif;\"><span style=\"font-size: medium;\"> M1\/29<\/span><\/span><sup><span style=\"font-family: Arial, serif;\"><span style=\"font-size: medium;\">\u00e8me<\/span><\/span><\/sup><span style=\"font-family: Arial, serif;\"><span style=\"font-size: medium;\"> M2).<\/span><\/span><\/p>\n<p>&nbsp;<\/p>\n<p><span style=\"font-family: Arial, serif;\"><span style=\"font-size: medium;\">Les U12 avaient de nouveau une Coupe Jeunes Massif organis\u00e9e sur le stade de G\u00e9rardmer ce dimanche, les U14 qui devaient pour leur part concourir au Lac Blanc, ont couru de nouveau sur la station de G\u00e9rardmer. Ces 2 \u00e9preuves sous forme de slalom g\u00e9ant, sur un terrain qui ne cillait pas, la neige \u00e9tant bien dure.<\/span><\/span><\/p>\n<p><span style=\"font-family: Arial, serif;\"><span style=\"font-size: medium;\">Chez les filles U12, tout comme la veille, se sont retrouv\u00e9es sur les podiums les g\u00e9r\u00f4moises C\u00e9cile FRASCHINI (1<\/span><\/span><sup><span style=\"font-family: Arial, serif;\"><span style=\"font-size: medium;\">\u00e8re<\/span><\/span><\/sup><span style=\"font-family: Arial, serif;\"><span style=\"font-size: medium;\"> M1\/2<\/span><\/span><sup><span style=\"font-family: Arial, serif;\"><span style=\"font-size: medium;\">\u00e8me<\/span><\/span><\/sup><span style=\"font-family: Arial, serif;\"><span style=\"font-size: medium;\"> M2) et Zo\u00e9 LECOMTE (2<\/span><\/span><sup><span style=\"font-family: Arial, serif;\"><span style=\"font-size: medium;\">\u00e8me<\/span><\/span><\/sup><span style=\"font-family: Arial, serif;\"><span style=\"font-size: medium;\"> M1\/3<\/span><\/span><sup><span style=\"font-family: Arial, serif;\"><span style=\"font-size: medium;\">\u00e8me<\/span><\/span><\/sup><span style=\"font-family: Arial, serif;\"><span style=\"font-size: medium;\"> M2), bravo \u00e0 toutes les 2\u00a0! L\u00e9ane RELANGE a termin\u00e9 7<\/span><\/span><sup><span style=\"font-family: Arial, serif;\"><span style=\"font-size: medium;\">\u00e8me<\/span><\/span><\/sup><span style=\"font-family: Arial, serif;\"><span style=\"font-size: medium;\"> en M1, 8<\/span><\/span><sup><span style=\"font-family: Arial, serif;\"><span style=\"font-size: medium;\">\u00e8me<\/span><\/span><\/sup><span style=\"font-family: Arial, serif;\"><span style=\"font-size: medium;\"> en M2, Apolline ROUSSAT 11<\/span><\/span><sup><span style=\"font-family: Arial, serif;\"><span style=\"font-size: medium;\">\u00e8me<\/span><\/span><\/sup><span style=\"font-family: Arial, serif;\"><span style=\"font-size: medium;\"> en M1, 12<\/span><\/span><sup><span style=\"font-family: Arial, serif;\"><span style=\"font-size: medium;\">\u00e8me<\/span><\/span><\/sup><span style=\"font-family: Arial, serif;\"><span style=\"font-size: medium;\"> en M2. Chez les gar\u00e7ons, f\u00e9licitations \u00e0 Martin CORNIL, 3<\/span><\/span><sup><span style=\"font-family: Arial, serif;\"><span style=\"font-size: medium;\">\u00e8me<\/span><\/span><\/sup><span style=\"font-family: Arial, serif;\"><span style=\"font-size: medium;\"> en manche 1, 4<\/span><\/span><sup><span style=\"font-family: Arial, serif;\"><span style=\"font-size: medium;\">\u00e8me<\/span><\/span><\/sup><span style=\"font-family: Arial, serif;\"><span style=\"font-size: medium;\"> en manche 2, Ugo WISSEMBERG (7<\/span><\/span><sup><span style=\"font-family: Arial, serif;\"><span style=\"font-size: medium;\">\u00e8me<\/span><\/span><\/sup><span style=\"font-family: Arial, serif;\"><span style=\"font-size: medium;\"> M1\/8<\/span><\/span><sup><span style=\"font-family: Arial, serif;\"><span style=\"font-size: medium;\">\u00e8me<\/span><\/span><\/sup><span style=\"font-family: Arial, serif;\"><span style=\"font-size: medium;\"> M2), Lubin HUBSCHI (8<\/span><\/span><sup><span style=\"font-family: Arial, serif;\"><span style=\"font-size: medium;\">\u00e8me<\/span><\/span><\/sup><span style=\"font-family: Arial, serif;\"><span style=\"font-size: medium;\"> M1\/5<\/span><\/span><sup><span style=\"font-family: Arial, serif;\"><span style=\"font-size: medium;\">\u00e8me<\/span><\/span><\/sup><span style=\"font-family: Arial, serif;\"><span style=\"font-size: medium;\"> M2), Liova GAMERRE (9<\/span><\/span><sup><span style=\"font-family: Arial, serif;\"><span style=\"font-size: medium;\">\u00e8me<\/span><\/span><\/sup><span style=\"font-family: Arial, serif;\"><span style=\"font-size: medium;\"> M1\/22<\/span><\/span><sup><span style=\"font-family: Arial, serif;\"><span style=\"font-size: medium;\">\u00e8me<\/span><\/span><\/sup><span style=\"font-family: Arial, serif;\"><span style=\"font-size: medium;\"> M2), Louis JASSOGNE (14<\/span><\/span><sup><span style=\"font-family: Arial, serif;\"><span style=\"font-size: medium;\">\u00e8me<\/span><\/span><\/sup><span style=\"font-family: Arial, serif;\"><span style=\"font-size: medium;\"> M1\/16<\/span><\/span><sup><span style=\"font-family: Arial, serif;\"><span style=\"font-size: medium;\">\u00e8me<\/span><\/span><\/sup><span style=\"font-family: Arial, serif;\"><span style=\"font-size: medium;\"> M2), Eliot PHILIPPE (17<\/span><\/span><sup><span style=\"font-family: Arial, serif;\"><span style=\"font-size: medium;\">\u00e8me<\/span><\/span><\/sup><span style=\"font-family: Arial, serif;\"><span style=\"font-size: medium;\"> M1\/25<\/span><\/span><sup><span style=\"font-family: Arial, serif;\"><span style=\"font-size: medium;\">\u00e8me<\/span><\/span><\/sup><span style=\"font-family: Arial, serif;\"><span style=\"font-size: medium;\"> M2), Tristan VARVENNE (20<\/span><\/span><sup><span style=\"font-family: Arial, serif;\"><span style=\"font-size: medium;\">\u00e8me<\/span><\/span><\/sup><span style=\"font-family: Arial, serif;\"><span style=\"font-size: medium;\"> M1\/17<\/span><\/span><sup><span style=\"font-family: Arial, serif;\"><span style=\"font-size: medium;\">\u00e8me<\/span><\/span><\/sup><span style=\"font-family: Arial, serif;\"><span style=\"font-size: medium;\"> M2), Louis BAIL (23<\/span><\/span><sup><span style=\"font-family: Arial, serif;\"><span style=\"font-size: medium;\">\u00e8me<\/span><\/span><\/sup><span style=\"font-family: Arial, serif;\"><span style=\"font-size: medium;\"> M1\/21<\/span><\/span><sup><span style=\"font-family: Arial, serif;\"><span style=\"font-size: medium;\">\u00e8me<\/span><\/span><\/sup><span style=\"font-family: Arial, serif;\"><span style=\"font-size: medium;\"> M2).<\/span><\/span><\/p>\n<p><span style=\"font-family: Arial, serif;\"><span style=\"font-size: medium;\">Chez les U14 filles, Tara ENGELMANN 10<\/span><\/span><sup><span style=\"font-family: Arial, serif;\"><span style=\"font-size: medium;\">\u00e8me<\/span><\/span><\/sup><span style=\"font-family: Arial, serif;\"><span style=\"font-size: medium;\"> en manche 1 est remont\u00e9e \u00e0 la 5<\/span><\/span><sup><span style=\"font-family: Arial, serif;\"><span style=\"font-size: medium;\">\u00e8me<\/span><\/span><\/sup><span style=\"font-family: Arial, serif;\"><span style=\"font-size: medium;\"> place en manche 2. Charlie PANELLA HUART, de la 12<\/span><\/span><sup><span style=\"font-family: Arial, serif;\"><span style=\"font-size: medium;\">\u00e8me<\/span><\/span><\/sup><span style=\"font-family: Arial, serif;\"><span style=\"font-size: medium;\"> \u00e0 la 9<\/span><\/span><sup><span style=\"font-family: Arial, serif;\"><span style=\"font-size: medium;\">\u00e8me<\/span><\/span><\/sup><span style=\"font-family: Arial, serif;\"><span style=\"font-size: medium;\"> place. Chez les gar\u00e7ons, voici les r\u00e9sultats\u00a0: Maxime LIMAUX (5<\/span><\/span><sup><span style=\"font-family: Arial, serif;\"><span style=\"font-size: medium;\">\u00e8me<\/span><\/span><\/sup><span style=\"font-family: Arial, serif;\"><span style=\"font-size: medium;\"> M1\/ 10<\/span><\/span><sup><span style=\"font-family: Arial, serif;\"><span style=\"font-size: medium;\">\u00e8me<\/span><\/span><\/sup><span style=\"font-family: Arial, serif;\"><span style=\"font-size: medium;\"> M2), Janis ANTOINE (6<\/span><\/span><sup><span style=\"font-family: Arial, serif;\"><span style=\"font-size: medium;\">\u00e8me<\/span><\/span><\/sup><span style=\"font-family: Arial, serif;\"><span style=\"font-size: medium;\"> M1, 4<\/span><\/span><sup><span style=\"font-family: Arial, serif;\"><span style=\"font-size: medium;\">\u00e8me<\/span><\/span><\/sup><span style=\"font-family: Arial, serif;\"><span style=\"font-size: medium;\"> M2), Achille GUERY (10<\/span><\/span><sup><span style=\"font-family: Arial, serif;\"><span style=\"font-size: medium;\">\u00e8me<\/span><\/span><\/sup><span style=\"font-family: Arial, serif;\"><span style=\"font-size: medium;\"> M1\/8<\/span><\/span><sup><span style=\"font-family: Arial, serif;\"><span style=\"font-size: medium;\">\u00e8me<\/span><\/span><\/sup><span style=\"font-family: Arial, serif;\"><span style=\"font-size: medium;\"> M2), Louis MAGNIN (18<\/span><\/span><sup><span style=\"font-family: Arial, serif;\"><span style=\"font-size: medium;\">\u00e8me<\/span><\/span><\/sup><span style=\"font-family: Arial, serif;\"><span style=\"font-size: medium;\"> M1 et M2), Marin ROUSSAT (20<\/span><\/span><sup><span style=\"font-family: Arial, serif;\"><span style=\"font-size: medium;\">\u00e8me<\/span><\/span><\/sup><span style=\"font-family: Arial, serif;\"><span style=\"font-size: medium;\"> M1\/19<\/span><\/span><sup><span style=\"font-family: Arial, serif;\"><span style=\"font-size: medium;\">\u00e8me<\/span><\/span><\/sup><span style=\"font-family: Arial, serif;\"><span style=\"font-size: medium;\"> M2).<\/span><\/span><\/p>\n<p><span style=\"font-family: Arial, serif;\"><span style=\"font-size: medium;\">La Coupe Jeunes Massif de la cat\u00e9gorie U16, initialement pr\u00e9vue au Lac Blanc, s\u2019est export\u00e9e sur la station du Markstein. Sur cette derni\u00e8re avait \u00e9galement lieu un Grand Prix Adultes pour les cat\u00e9gories U18 \u00e0 Masters. Ces 2 \u00e9preuves, sous forme de slalom, sur une neige particuli\u00e8rement dure avec des trac\u00e9s pi\u00e9geux, ont \u00e9t\u00e9 particuli\u00e8rement s\u00e9lectives, puisque seulement un coureur sur 2 se trouvait qualifi\u00e9 \u00e0 l\u2019issue des 2 manches. <\/span><\/span><\/p>\n<p><span style=\"font-family: Arial, serif;\"><span style=\"font-size: medium;\">Chez les U16 filles, Marine VASSEUR, seule g\u00e9r\u00f4moise \u00e0 avoir r\u00e9ussi \u00e0 tirer son \u00e9pingle du jeu, s\u2019est class\u00e9e 5<\/span><\/span><sup><span style=\"font-family: Arial, serif;\"><span style=\"font-size: medium;\">\u00e8me<\/span><\/span><\/sup><span style=\"font-family: Arial, serif;\"><span style=\"font-size: medium;\"> en 1<\/span><\/span><sup><span style=\"font-family: Arial, serif;\"><span style=\"font-size: medium;\">\u00e8re<\/span><\/span><\/sup><span style=\"font-family: Arial, serif;\"><span style=\"font-size: medium;\"> manche, puis 4<\/span><\/span><sup><span style=\"font-family: Arial, serif;\"><span style=\"font-size: medium;\">\u00e8me<\/span><\/span><\/sup><span style=\"font-family: Arial, serif;\"><span style=\"font-size: medium;\"> sur la 2<\/span><\/span><sup><span style=\"font-family: Arial, serif;\"><span style=\"font-size: medium;\">\u00e8me<\/span><\/span><\/sup><span style=\"font-family: Arial, serif;\"><span style=\"font-size: medium;\">. Chez les gar\u00e7ons, bravo \u00e0 Samuel LIMAUX qui est mont\u00e9e sur la 3<\/span><\/span><sup><span style=\"font-family: Arial, serif;\"><span style=\"font-size: medium;\">\u00e8me<\/span><\/span><\/sup><span style=\"font-family: Arial, serif;\"><span style=\"font-size: medium;\"> marche du podium en manche 1 avant de gagner une place sur la 2<\/span><\/span><sup><span style=\"font-family: Arial, serif;\"><span style=\"font-size: medium;\">\u00e8me<\/span><\/span><\/sup><span style=\"font-family: Arial, serif;\"><span style=\"font-size: medium;\">\u00a0! Jan Gabin PISCHEK a d\u00e9croch\u00e9 la 17<\/span><\/span><sup><span style=\"font-family: Arial, serif;\"><span style=\"font-size: medium;\">\u00e8me<\/span><\/span><\/sup><span style=\"font-family: Arial, serif;\"><span style=\"font-size: medium;\"> place en manche 1, la 18<\/span><\/span><sup><span style=\"font-family: Arial, serif;\"><span style=\"font-size: medium;\">\u00e8me<\/span><\/span><\/sup><span style=\"font-family: Arial, serif;\"><span style=\"font-size: medium;\"> en manche 2.<\/span><\/span><\/p>\n<p><span style=\"font-family: Arial, serif;\"><span style=\"font-size: medium;\">Enfin sur le Grand Prix Adultes, f\u00e9licitations \u00e0 Tom REMY, le seul licenci\u00e9 de G\u00e9rardmer \u00e0 s\u2019\u00eatre class\u00e9, qui plus est de belle mani\u00e8re puisqu\u2019il remporte la 1<\/span><\/span><sup><span style=\"font-family: Arial, serif;\"><span style=\"font-size: medium;\">\u00e8re<\/span><\/span><\/sup><span style=\"font-family: Arial, serif;\"><span style=\"font-size: medium;\"> place des U21 et du scratch\u00a0! <\/span><\/span><br \/>\n<span style=\"font-family: Arial, serif;\"><span style=\"font-size: medium;\">Du c\u00f4t\u00e9 du Champ du Feu, se d\u00e9roulait une micro-coupe pour les U8\/U10, sur laquelle Eliot CORNIL s\u2019est class\u00e9 4<\/span><\/span><sup><span style=\"font-family: Arial, serif;\"><span style=\"font-size: medium;\">\u00e8me<\/span><\/span><\/sup><span style=\"font-family: Arial, serif;\"><span style=\"font-size: medium;\"> U8 et Baptiste DOUISSARD 5<\/span><\/span><sup><span style=\"font-family: Arial, serif;\"><span style=\"font-size: medium;\">\u00e8me<\/span><\/span><\/sup><span style=\"font-family: Arial, serif;\"><span style=\"font-size: medium;\"> U10.<\/span><\/span><\/p>\n<p><span style=\"font-family: Arial, serif;\"><span style=\"font-size: medium;\">Au Ballon d\u2019Alsace, sur un Grand Prix Esprit Racing, Jean-Fran\u00e7ois ETIENNE a d\u00e9croch\u00e9 la 2<\/span><\/span><sup><span style=\"font-family: Arial, serif;\"><span style=\"font-size: medium;\">\u00e8me<\/span><\/span><\/sup><span style=\"font-family: Arial, serif;\"><span style=\"font-size: medium;\"> place au scratch, Estelle GERMAIN la 5<\/span><\/span><sup><span style=\"font-family: Arial, serif;\"><span style=\"font-size: medium;\">\u00e8me<\/span><\/span><\/sup><span style=\"font-family: Arial, serif;\"><span style=\"font-size: medium;\"> et Thierry GERMAIN la 8<\/span><\/span><sup><span style=\"font-family: Arial, serif;\"><span style=\"font-size: medium;\">\u00e8me<\/span><\/span><\/sup><span style=\"font-family: Arial, serif;\"><span style=\"font-size: medium;\">.<\/span><\/span><br \/>\n<span style=\"font-family: Arial, serif;\"><span style=\"font-size: medium;\">Prochaine course au programme sur le stade de slalom\u00a0: la Micro-Coupe de la Confiserie G\u00e9r\u00f4moise, pour les cat\u00e9gories U8 et U10, dimanche 6 mars.<\/span><\/span><\/p>\n<p>&nbsp;<\/p>\n<p><a name=\"_GoBack\"><\/a> <span style=\"font-family: Arial, serif;\">Caroline Cominotti pour l\u2019AS G\u00e9rardmer Ski Alpin<\/span><\/p>\n","protected":false},"excerpt":{"rendered":"<p>\u00a0 &nbsp; Faute d\u2019enneigement suffisant sur la station du Lac Blanc, plusieurs \u00e9preuves initialement pr\u00e9vues sur cette derni\u00e8re ce week-end,ont [&hellip;]<\/p>\n","protected":false},"author":1,"featured_media":57545,"comment_status":"open","ping_status":"open","sticky":false,"template":"","format":"standard","meta":{"footnotes":""},"categories":[20,25,14,18],"tags":[158],"class_list":["post-57544","post","type-post","status-publish","format-standard","has-post-thumbnail","hentry","category-a-la-une","category-gerardmer","category-sport","category-vosges","tag-asg-ski-alpin"],"acf":[],"yoast_head":"<!-- This site is optimized with the Yoast SEO plugin v22.5 - https:\/\/yoast.com\/wordpress\/plugins\/seo\/ -->\n<title>Ski Alpin : avalanche de courses sur le stade de slalom g\u00e9r\u00f4mois - Gerardmer Info<\/title>\n<meta name=\"robots\" content=\"index, follow, max-snippet:-1, max-image-preview:large, max-video-preview:-1\" \/>\n<link rel=\"canonical\" href=\"https:\/\/vosgesinfo.fr\/gerardmerinfo\/2022\/02\/ski-alpin-avalanche-de-courses-stade-de-slalom-geromois\/\" \/>\n<meta name=\"twitter:card\" content=\"summary_large_image\" \/>\n<meta name=\"twitter:title\" content=\"Ski Alpin : avalanche de courses sur le stade de slalom g\u00e9r\u00f4mois - Gerardmer Info\" \/>\n<meta name=\"twitter:description\" content=\"\u00a0 &nbsp; Faute d\u2019enneigement suffisant sur la station du Lac Blanc, plusieurs \u00e9preuves initialement pr\u00e9vues sur cette derni\u00e8re ce week-end,ont [&hellip;]\" \/>\n<meta name=\"twitter:image\" content=\"https:\/\/vosgesinfo.fr\/app\/uploads\/sites\/6\/2024\/07\/202202img-20220227-wa0007.jpg\" \/>\n<meta name=\"twitter:creator\" content=\"@VosgesInfo88\" \/>\n<meta name=\"twitter:site\" content=\"@VosgesInfo88\" \/>\n<meta name=\"twitter:label1\" content=\"\u00c9crit par\" \/>\n\t<meta name=\"twitter:data1\" content=\"qs_admin\" \/>\n\t<meta name=\"twitter:label2\" content=\"Dur\u00e9e de lecture estim\u00e9e\" \/>\n\t<meta name=\"twitter:data2\" content=\"5 minutes\" \/>\n<script type=\"application\/ld+json\" class=\"yoast-schema-graph\">{\"@context\":\"https:\/\/schema.org\",\"@graph\":[{\"@type\":\"Article\",\"@id\":\"https:\/\/vosgesinfo.fr\/gerardmerinfo\/2022\/02\/ski-alpin-avalanche-de-courses-stade-de-slalom-geromois\/#article\",\"isPartOf\":{\"@id\":\"https:\/\/vosgesinfo.fr\/gerardmerinfo\/2022\/02\/ski-alpin-avalanche-de-courses-stade-de-slalom-geromois\/\"},\"author\":{\"name\":\"qs_admin\",\"@id\":\"https:\/\/vosgesinfo.fr\/gerardmerinfo\/#\/schema\/person\/bc5d02d71e6932e81b6dadb7386667b1\"},\"headline\":\"Ski Alpin : avalanche de courses sur le stade de slalom g\u00e9r\u00f4mois\",\"datePublished\":\"2022-02-28T03:59:27+00:00\",\"dateModified\":\"2022-02-28T03:59:27+00:00\",\"mainEntityOfPage\":{\"@id\":\"https:\/\/vosgesinfo.fr\/gerardmerinfo\/2022\/02\/ski-alpin-avalanche-de-courses-stade-de-slalom-geromois\/\"},\"wordCount\":918,\"commentCount\":0,\"publisher\":{\"@id\":\"https:\/\/vosgesinfo.fr\/gerardmerinfo\/#organization\"},\"image\":{\"@id\":\"https:\/\/vosgesinfo.fr\/gerardmerinfo\/2022\/02\/ski-alpin-avalanche-de-courses-stade-de-slalom-geromois\/#primaryimage\"},\"thumbnailUrl\":\"https:\/\/vosgesinfo.fr\/app\/uploads\/sites\/6\/2024\/07\/202202img-20220227-wa0007.jpg\",\"keywords\":[\"asg ski alpin\"],\"articleSection\":[\"A la une\",\"G\u00e9rardmer\",\"Sport\",\"Vosges\"],\"inLanguage\":\"fr-FR\",\"potentialAction\":[{\"@type\":\"CommentAction\",\"name\":\"Comment\",\"target\":[\"https:\/\/vosgesinfo.fr\/gerardmerinfo\/2022\/02\/ski-alpin-avalanche-de-courses-stade-de-slalom-geromois\/#respond\"]}]},{\"@type\":\"WebPage\",\"@id\":\"https:\/\/vosgesinfo.fr\/gerardmerinfo\/2022\/02\/ski-alpin-avalanche-de-courses-stade-de-slalom-geromois\/\",\"url\":\"https:\/\/vosgesinfo.fr\/gerardmerinfo\/2022\/02\/ski-alpin-avalanche-de-courses-stade-de-slalom-geromois\/\",\"name\":\"Ski Alpin : avalanche de courses sur le stade de slalom g\u00e9r\u00f4mois - Gerardmer Info\",\"isPartOf\":{\"@id\":\"https:\/\/vosgesinfo.fr\/gerardmerinfo\/#website\"},\"primaryImageOfPage\":{\"@id\":\"https:\/\/vosgesinfo.fr\/gerardmerinfo\/2022\/02\/ski-alpin-avalanche-de-courses-stade-de-slalom-geromois\/#primaryimage\"},\"image\":{\"@id\":\"https:\/\/vosgesinfo.fr\/gerardmerinfo\/2022\/02\/ski-alpin-avalanche-de-courses-stade-de-slalom-geromois\/#primaryimage\"},\"thumbnailUrl\":\"https:\/\/vosgesinfo.fr\/app\/uploads\/sites\/6\/2024\/07\/202202img-20220227-wa0007.jpg\",\"datePublished\":\"2022-02-28T03:59:27+00:00\",\"dateModified\":\"2022-02-28T03:59:27+00:00\",\"breadcrumb\":{\"@id\":\"https:\/\/vosgesinfo.fr\/gerardmerinfo\/2022\/02\/ski-alpin-avalanche-de-courses-stade-de-slalom-geromois\/#breadcrumb\"},\"inLanguage\":\"fr-FR\",\"potentialAction\":[{\"@type\":\"ReadAction\",\"target\":[\"https:\/\/vosgesinfo.fr\/gerardmerinfo\/2022\/02\/ski-alpin-avalanche-de-courses-stade-de-slalom-geromois\/\"]}]},{\"@type\":\"ImageObject\",\"inLanguage\":\"fr-FR\",\"@id\":\"https:\/\/vosgesinfo.fr\/gerardmerinfo\/2022\/02\/ski-alpin-avalanche-de-courses-stade-de-slalom-geromois\/#primaryimage\",\"url\":\"https:\/\/vosgesinfo.fr\/app\/uploads\/sites\/6\/2024\/07\/202202img-20220227-wa0007.jpg\",\"contentUrl\":\"https:\/\/vosgesinfo.fr\/app\/uploads\/sites\/6\/2024\/07\/202202img-20220227-wa0007.jpg\",\"width\":1600,\"height\":900},{\"@type\":\"BreadcrumbList\",\"@id\":\"https:\/\/vosgesinfo.fr\/gerardmerinfo\/2022\/02\/ski-alpin-avalanche-de-courses-stade-de-slalom-geromois\/#breadcrumb\",\"itemListElement\":[{\"@type\":\"ListItem\",\"position\":1,\"name\":\"Home\",\"item\":\"https:\/\/vosgesinfo.fr\/gerardmerinfo\/\"},{\"@type\":\"ListItem\",\"position\":2,\"name\":\"Ski Alpin : avalanche de courses sur le stade de slalom g\u00e9r\u00f4mois\"}]},{\"@type\":\"WebSite\",\"@id\":\"https:\/\/vosgesinfo.fr\/gerardmerinfo\/#website\",\"url\":\"https:\/\/vosgesinfo.fr\/gerardmerinfo\/\",\"name\":\"Gerardmer Info\",\"description\":\"Toute l&#039;actualit\u00e9 de G\u00e9rardmer\",\"publisher\":{\"@id\":\"https:\/\/vosgesinfo.fr\/gerardmerinfo\/#organization\"},\"alternateName\":\"Toute l'actualit\u00e9 de G\u00e9rardmer\",\"potentialAction\":[{\"@type\":\"SearchAction\",\"target\":{\"@type\":\"EntryPoint\",\"urlTemplate\":\"https:\/\/vosgesinfo.fr\/gerardmerinfo\/?s={search_term_string}\"},\"query-input\":\"required name=search_term_string\"}],\"inLanguage\":\"fr-FR\"},{\"@type\":\"Organization\",\"@id\":\"https:\/\/vosgesinfo.fr\/gerardmerinfo\/#organization\",\"name\":\"Gerardmer Info\",\"url\":\"https:\/\/vosgesinfo.fr\/gerardmerinfo\/\",\"logo\":{\"@type\":\"ImageObject\",\"inLanguage\":\"fr-FR\",\"@id\":\"https:\/\/vosgesinfo.fr\/gerardmerinfo\/#\/schema\/logo\/image\/\",\"url\":\"https:\/\/vosgesinfo.fr\/app\/uploads\/sites\/6\/2023\/08\/favicon-gerardmerinfo.png\",\"contentUrl\":\"https:\/\/vosgesinfo.fr\/app\/uploads\/sites\/6\/2023\/08\/favicon-gerardmerinfo.png\",\"width\":512,\"height\":512,\"caption\":\"Gerardmer Info\"},\"image\":{\"@id\":\"https:\/\/vosgesinfo.fr\/gerardmerinfo\/#\/schema\/logo\/image\/\"},\"sameAs\":[\"https:\/\/www.facebook.com\/profile.php?id=100049475262660\",\"https:\/\/x.com\/VosgesInfo88\",\"https:\/\/www.youtube.com\/@vosgesinfo\"]},{\"@type\":\"Person\",\"@id\":\"https:\/\/vosgesinfo.fr\/gerardmerinfo\/#\/schema\/person\/bc5d02d71e6932e81b6dadb7386667b1\",\"name\":\"qs_admin\",\"image\":{\"@type\":\"ImageObject\",\"inLanguage\":\"fr-FR\",\"@id\":\"https:\/\/vosgesinfo.fr\/gerardmerinfo\/#\/schema\/person\/image\/\",\"url\":\"https:\/\/secure.gravatar.com\/avatar\/94b18ee0ed79e4a42ea2f2931277b6841a8999fc6fde214600c78057cf1fe1de?s=96&d=mm&r=g\",\"contentUrl\":\"https:\/\/secure.gravatar.com\/avatar\/94b18ee0ed79e4a42ea2f2931277b6841a8999fc6fde214600c78057cf1fe1de?s=96&d=mm&r=g\",\"caption\":\"qs_admin\"},\"sameAs\":[\"https:\/\/vosgesinfo.fr\/wp\"],\"url\":\"https:\/\/vosgesinfo.fr\/gerardmerinfo\/author\/qs_admin\/\"}]}<\/script>\n<!-- \/ Yoast SEO plugin. -->","yoast_head_json":{"title":"Ski Alpin : avalanche de courses sur le stade de slalom g\u00e9r\u00f4mois - Gerardmer Info","robots":{"index":"index","follow":"follow","max-snippet":"max-snippet:-1","max-image-preview":"max-image-preview:large","max-video-preview":"max-video-preview:-1"},"canonical":"https:\/\/vosgesinfo.fr\/gerardmerinfo\/2022\/02\/ski-alpin-avalanche-de-courses-stade-de-slalom-geromois\/","twitter_card":"summary_large_image","twitter_title":"Ski Alpin : avalanche de courses sur le stade de slalom g\u00e9r\u00f4mois - Gerardmer Info","twitter_description":"\u00a0 &nbsp; Faute d\u2019enneigement suffisant sur la station du Lac Blanc, plusieurs \u00e9preuves initialement pr\u00e9vues sur cette derni\u00e8re ce week-end,ont [&hellip;]","twitter_image":"https:\/\/vosgesinfo.fr\/app\/uploads\/sites\/6\/2024\/07\/202202img-20220227-wa0007.jpg","twitter_creator":"@VosgesInfo88","twitter_site":"@VosgesInfo88","twitter_misc":{"\u00c9crit par":"qs_admin","Dur\u00e9e de lecture estim\u00e9e":"5 minutes"},"schema":{"@context":"https:\/\/schema.org","@graph":[{"@type":"Article","@id":"https:\/\/vosgesinfo.fr\/gerardmerinfo\/2022\/02\/ski-alpin-avalanche-de-courses-stade-de-slalom-geromois\/#article","isPartOf":{"@id":"https:\/\/vosgesinfo.fr\/gerardmerinfo\/2022\/02\/ski-alpin-avalanche-de-courses-stade-de-slalom-geromois\/"},"author":{"name":"qs_admin","@id":"https:\/\/vosgesinfo.fr\/gerardmerinfo\/#\/schema\/person\/bc5d02d71e6932e81b6dadb7386667b1"},"headline":"Ski Alpin : avalanche de courses sur le stade de slalom g\u00e9r\u00f4mois","datePublished":"2022-02-28T03:59:27+00:00","dateModified":"2022-02-28T03:59:27+00:00","mainEntityOfPage":{"@id":"https:\/\/vosgesinfo.fr\/gerardmerinfo\/2022\/02\/ski-alpin-avalanche-de-courses-stade-de-slalom-geromois\/"},"wordCount":918,"commentCount":0,"publisher":{"@id":"https:\/\/vosgesinfo.fr\/gerardmerinfo\/#organization"},"image":{"@id":"https:\/\/vosgesinfo.fr\/gerardmerinfo\/2022\/02\/ski-alpin-avalanche-de-courses-stade-de-slalom-geromois\/#primaryimage"},"thumbnailUrl":"https:\/\/vosgesinfo.fr\/app\/uploads\/sites\/6\/2024\/07\/202202img-20220227-wa0007.jpg","keywords":["asg ski alpin"],"articleSection":["A la une","G\u00e9rardmer","Sport","Vosges"],"inLanguage":"fr-FR","potentialAction":[{"@type":"CommentAction","name":"Comment","target":["https:\/\/vosgesinfo.fr\/gerardmerinfo\/2022\/02\/ski-alpin-avalanche-de-courses-stade-de-slalom-geromois\/#respond"]}]},{"@type":"WebPage","@id":"https:\/\/vosgesinfo.fr\/gerardmerinfo\/2022\/02\/ski-alpin-avalanche-de-courses-stade-de-slalom-geromois\/","url":"https:\/\/vosgesinfo.fr\/gerardmerinfo\/2022\/02\/ski-alpin-avalanche-de-courses-stade-de-slalom-geromois\/","name":"Ski Alpin : avalanche de courses sur le stade de slalom g\u00e9r\u00f4mois - Gerardmer Info","isPartOf":{"@id":"https:\/\/vosgesinfo.fr\/gerardmerinfo\/#website"},"primaryImageOfPage":{"@id":"https:\/\/vosgesinfo.fr\/gerardmerinfo\/2022\/02\/ski-alpin-avalanche-de-courses-stade-de-slalom-geromois\/#primaryimage"},"image":{"@id":"https:\/\/vosgesinfo.fr\/gerardmerinfo\/2022\/02\/ski-alpin-avalanche-de-courses-stade-de-slalom-geromois\/#primaryimage"},"thumbnailUrl":"https:\/\/vosgesinfo.fr\/app\/uploads\/sites\/6\/2024\/07\/202202img-20220227-wa0007.jpg","datePublished":"2022-02-28T03:59:27+00:00","dateModified":"2022-02-28T03:59:27+00:00","breadcrumb":{"@id":"https:\/\/vosgesinfo.fr\/gerardmerinfo\/2022\/02\/ski-alpin-avalanche-de-courses-stade-de-slalom-geromois\/#breadcrumb"},"inLanguage":"fr-FR","potentialAction":[{"@type":"ReadAction","target":["https:\/\/vosgesinfo.fr\/gerardmerinfo\/2022\/02\/ski-alpin-avalanche-de-courses-stade-de-slalom-geromois\/"]}]},{"@type":"ImageObject","inLanguage":"fr-FR","@id":"https:\/\/vosgesinfo.fr\/gerardmerinfo\/2022\/02\/ski-alpin-avalanche-de-courses-stade-de-slalom-geromois\/#primaryimage","url":"https:\/\/vosgesinfo.fr\/app\/uploads\/sites\/6\/2024\/07\/202202img-20220227-wa0007.jpg","contentUrl":"https:\/\/vosgesinfo.fr\/app\/uploads\/sites\/6\/2024\/07\/202202img-20220227-wa0007.jpg","width":1600,"height":900},{"@type":"BreadcrumbList","@id":"https:\/\/vosgesinfo.fr\/gerardmerinfo\/2022\/02\/ski-alpin-avalanche-de-courses-stade-de-slalom-geromois\/#breadcrumb","itemListElement":[{"@type":"ListItem","position":1,"name":"Home","item":"https:\/\/vosgesinfo.fr\/gerardmerinfo\/"},{"@type":"ListItem","position":2,"name":"Ski Alpin : avalanche de courses sur le stade de slalom g\u00e9r\u00f4mois"}]},{"@type":"WebSite","@id":"https:\/\/vosgesinfo.fr\/gerardmerinfo\/#website","url":"https:\/\/vosgesinfo.fr\/gerardmerinfo\/","name":"Gerardmer Info","description":"Toute l&#039;actualit\u00e9 de G\u00e9rardmer","publisher":{"@id":"https:\/\/vosgesinfo.fr\/gerardmerinfo\/#organization"},"alternateName":"Toute l'actualit\u00e9 de G\u00e9rardmer","potentialAction":[{"@type":"SearchAction","target":{"@type":"EntryPoint","urlTemplate":"https:\/\/vosgesinfo.fr\/gerardmerinfo\/?s={search_term_string}"},"query-input":"required name=search_term_string"}],"inLanguage":"fr-FR"},{"@type":"Organization","@id":"https:\/\/vosgesinfo.fr\/gerardmerinfo\/#organization","name":"Gerardmer Info","url":"https:\/\/vosgesinfo.fr\/gerardmerinfo\/","logo":{"@type":"ImageObject","inLanguage":"fr-FR","@id":"https:\/\/vosgesinfo.fr\/gerardmerinfo\/#\/schema\/logo\/image\/","url":"https:\/\/vosgesinfo.fr\/app\/uploads\/sites\/6\/2023\/08\/favicon-gerardmerinfo.png","contentUrl":"https:\/\/vosgesinfo.fr\/app\/uploads\/sites\/6\/2023\/08\/favicon-gerardmerinfo.png","width":512,"height":512,"caption":"Gerardmer Info"},"image":{"@id":"https:\/\/vosgesinfo.fr\/gerardmerinfo\/#\/schema\/logo\/image\/"},"sameAs":["https:\/\/www.facebook.com\/profile.php?id=100049475262660","https:\/\/x.com\/VosgesInfo88","https:\/\/www.youtube.com\/@vosgesinfo"]},{"@type":"Person","@id":"https:\/\/vosgesinfo.fr\/gerardmerinfo\/#\/schema\/person\/bc5d02d71e6932e81b6dadb7386667b1","name":"qs_admin","image":{"@type":"ImageObject","inLanguage":"fr-FR","@id":"https:\/\/vosgesinfo.fr\/gerardmerinfo\/#\/schema\/person\/image\/","url":"https:\/\/secure.gravatar.com\/avatar\/94b18ee0ed79e4a42ea2f2931277b6841a8999fc6fde214600c78057cf1fe1de?s=96&d=mm&r=g","contentUrl":"https:\/\/secure.gravatar.com\/avatar\/94b18ee0ed79e4a42ea2f2931277b6841a8999fc6fde214600c78057cf1fe1de?s=96&d=mm&r=g","caption":"qs_admin"},"sameAs":["https:\/\/vosgesinfo.fr\/wp"],"url":"https:\/\/vosgesinfo.fr\/gerardmerinfo\/author\/qs_admin\/"}]}},"_links":{"self":[{"href":"https:\/\/vosgesinfo.fr\/gerardmerinfo\/wp-json\/wp\/v2\/posts\/57544","targetHints":{"allow":["GET"]}}],"collection":[{"href":"https:\/\/vosgesinfo.fr\/gerardmerinfo\/wp-json\/wp\/v2\/posts"}],"about":[{"href":"https:\/\/vosgesinfo.fr\/gerardmerinfo\/wp-json\/wp\/v2\/types\/post"}],"author":[{"embeddable":true,"href":"https:\/\/vosgesinfo.fr\/gerardmerinfo\/wp-json\/wp\/v2\/users\/1"}],"replies":[{"embeddable":true,"href":"https:\/\/vosgesinfo.fr\/gerardmerinfo\/wp-json\/wp\/v2\/comments?post=57544"}],"version-history":[{"count":0,"href":"https:\/\/vosgesinfo.fr\/gerardmerinfo\/wp-json\/wp\/v2\/posts\/57544\/revisions"}],"wp:featuredmedia":[{"embeddable":true,"href":"https:\/\/vosgesinfo.fr\/gerardmerinfo\/wp-json\/wp\/v2\/media\/57545"}],"wp:attachment":[{"href":"https:\/\/vosgesinfo.fr\/gerardmerinfo\/wp-json\/wp\/v2\/media?parent=57544"}],"wp:term":[{"taxonomy":"category","embeddable":true,"href":"https:\/\/vosgesinfo.fr\/gerardmerinfo\/wp-json\/wp\/v2\/categories?post=57544"},{"taxonomy":"post_tag","embeddable":true,"href":"https:\/\/vosgesinfo.fr\/gerardmerinfo\/wp-json\/wp\/v2\/tags?post=57544"}],"curies":[{"name":"wp","href":"https:\/\/api.w.org\/{rel}","templated":true}]}}