{"id":57553,"date":"2022-02-28T09:29:37","date_gmt":"2022-02-28T08:29:37","guid":{"rendered":"https:\/\/vosgesinfo.fr\/gerardmerinfo\/2022\/02\/onze-elus-vosgiens-se-reunissent-parrainer-candidats-a-lelection-presidentielle-2022\/"},"modified":"2022-02-28T09:29:37","modified_gmt":"2022-02-28T08:29:37","slug":"onze-elus-vosgiens-se-reunissent-parrainer-candidats-a-lelection-presidentielle-2022","status":"publish","type":"post","link":"https:\/\/vosgesinfo.fr\/gerardmerinfo\/2022\/02\/onze-elus-vosgiens-se-reunissent-parrainer-candidats-a-lelection-presidentielle-2022\/","title":{"rendered":"Onze \u00e9lus vosgiens se r\u00e9unissent pour parrainer des candidats \u00e0 l\u2019\u00e9lection pr\u00e9sidentielle 2022"},"content":{"rendered":"<h2><strong>L\u2019\u00e9lection pr\u00e9sidentielle approche et les candidats n\u2019ont plus que quelques jours pour r\u00e9colter les fameuses 500 signatures d\u2019\u00e9lus pour pouvoir participer au scrutin. La crainte de voir certains \u00ab\u00a0grands\u00a0\u00bb candidats exclus par ce syst\u00e8me se fait sentir. En effet, des candidats qui selon les sondages repr\u00e9senteraient 1 \u00e0 2\u00a0% d\u2019\u00e9lecteurs au premier tour ont plus de parrainages que n\u00e9cessaire, quand des candidats qui repr\u00e9senteraient plus 15\u00a0% en manquent. Pour rem\u00e9dier \u00e0 cette situation, des \u00ab\u00a0banques de parrainages\u00a0\u00bb ont notamment \u00e9t\u00e9 organis\u00e9es.<\/strong><\/h2>\n","protected":false},"excerpt":{"rendered":"<p>L\u2019\u00e9lection pr\u00e9sidentielle approche et les candidats n\u2019ont plus que quelques jours pour r\u00e9colter les fameuses 500 signatures d\u2019\u00e9lus pour pouvoir [&hellip;]<\/p>\n","protected":false},"author":1,"featured_media":57554,"comment_status":"open","ping_status":"open","sticky":false,"template":"","format":"standard","meta":{"footnotes":""},"categories":[20,10,18],"tags":[4893],"class_list":["post-57553","post","type-post","status-publish","format-standard","has-post-thumbnail","hentry","category-a-la-une","category-politique","category-vosges","tag-parrainages"],"acf":[],"yoast_head":"<!-- This site is optimized with the Yoast SEO plugin v22.5 - https:\/\/yoast.com\/wordpress\/plugins\/seo\/ -->\n<title>Onze \u00e9lus vosgiens se r\u00e9unissent pour parrainer des candidats \u00e0 l\u2019\u00e9lection pr\u00e9sidentielle 2022 - Gerardmer Info<\/title>\n<meta name=\"robots\" content=\"index, follow, max-snippet:-1, max-image-preview:large, max-video-preview:-1\" \/>\n<link rel=\"canonical\" href=\"https:\/\/vosgesinfo.fr\/gerardmerinfo\/2022\/02\/onze-elus-vosgiens-se-reunissent-parrainer-candidats-a-lelection-presidentielle-2022\/\" \/>\n<meta name=\"twitter:card\" content=\"summary_large_image\" \/>\n<meta name=\"twitter:title\" content=\"Onze \u00e9lus vosgiens se r\u00e9unissent pour parrainer des candidats \u00e0 l\u2019\u00e9lection pr\u00e9sidentielle 2022 - Gerardmer Info\" \/>\n<meta name=\"twitter:description\" content=\"L\u2019\u00e9lection pr\u00e9sidentielle approche et les candidats n\u2019ont plus que quelques jours pour r\u00e9colter les fameuses 500 signatures d\u2019\u00e9lus pour pouvoir [&hellip;]\" \/>\n<meta name=\"twitter:image\" content=\"https:\/\/vosgesinfo.fr\/app\/uploads\/sites\/6\/2024\/07\/201704vote-5.jpg\" \/>\n<meta name=\"twitter:creator\" content=\"@VosgesInfo88\" \/>\n<meta name=\"twitter:site\" content=\"@VosgesInfo88\" \/>\n<meta name=\"twitter:label1\" content=\"\u00c9crit par\" \/>\n\t<meta name=\"twitter:data1\" content=\"qs_admin\" \/>\n<script type=\"application\/ld+json\" class=\"yoast-schema-graph\">{\"@context\":\"https:\/\/schema.org\",\"@graph\":[{\"@type\":\"Article\",\"@id\":\"https:\/\/vosgesinfo.fr\/gerardmerinfo\/2022\/02\/onze-elus-vosgiens-se-reunissent-parrainer-candidats-a-lelection-presidentielle-2022\/#article\",\"isPartOf\":{\"@id\":\"https:\/\/vosgesinfo.fr\/gerardmerinfo\/2022\/02\/onze-elus-vosgiens-se-reunissent-parrainer-candidats-a-lelection-presidentielle-2022\/\"},\"author\":{\"name\":\"qs_admin\",\"@id\":\"https:\/\/vosgesinfo.fr\/gerardmerinfo\/#\/schema\/person\/bc5d02d71e6932e81b6dadb7386667b1\"},\"headline\":\"Onze \u00e9lus vosgiens se r\u00e9unissent pour parrainer des candidats \u00e0 l\u2019\u00e9lection pr\u00e9sidentielle 2022\",\"datePublished\":\"2022-02-28T08:29:37+00:00\",\"dateModified\":\"2022-02-28T08:29:37+00:00\",\"mainEntityOfPage\":{\"@id\":\"https:\/\/vosgesinfo.fr\/gerardmerinfo\/2022\/02\/onze-elus-vosgiens-se-reunissent-parrainer-candidats-a-lelection-presidentielle-2022\/\"},\"wordCount\":101,\"commentCount\":0,\"publisher\":{\"@id\":\"https:\/\/vosgesinfo.fr\/gerardmerinfo\/#organization\"},\"image\":{\"@id\":\"https:\/\/vosgesinfo.fr\/gerardmerinfo\/2022\/02\/onze-elus-vosgiens-se-reunissent-parrainer-candidats-a-lelection-presidentielle-2022\/#primaryimage\"},\"thumbnailUrl\":\"https:\/\/vosgesinfo.fr\/app\/uploads\/sites\/6\/2024\/07\/201704vote-5.jpg\",\"keywords\":[\"parrainages\"],\"articleSection\":[\"A la une\",\"Politique\",\"Vosges\"],\"inLanguage\":\"fr-FR\",\"potentialAction\":[{\"@type\":\"CommentAction\",\"name\":\"Comment\",\"target\":[\"https:\/\/vosgesinfo.fr\/gerardmerinfo\/2022\/02\/onze-elus-vosgiens-se-reunissent-parrainer-candidats-a-lelection-presidentielle-2022\/#respond\"]}]},{\"@type\":\"WebPage\",\"@id\":\"https:\/\/vosgesinfo.fr\/gerardmerinfo\/2022\/02\/onze-elus-vosgiens-se-reunissent-parrainer-candidats-a-lelection-presidentielle-2022\/\",\"url\":\"https:\/\/vosgesinfo.fr\/gerardmerinfo\/2022\/02\/onze-elus-vosgiens-se-reunissent-parrainer-candidats-a-lelection-presidentielle-2022\/\",\"name\":\"Onze \u00e9lus vosgiens se r\u00e9unissent pour parrainer des candidats \u00e0 l\u2019\u00e9lection pr\u00e9sidentielle 2022 - Gerardmer Info\",\"isPartOf\":{\"@id\":\"https:\/\/vosgesinfo.fr\/gerardmerinfo\/#website\"},\"primaryImageOfPage\":{\"@id\":\"https:\/\/vosgesinfo.fr\/gerardmerinfo\/2022\/02\/onze-elus-vosgiens-se-reunissent-parrainer-candidats-a-lelection-presidentielle-2022\/#primaryimage\"},\"image\":{\"@id\":\"https:\/\/vosgesinfo.fr\/gerardmerinfo\/2022\/02\/onze-elus-vosgiens-se-reunissent-parrainer-candidats-a-lelection-presidentielle-2022\/#primaryimage\"},\"thumbnailUrl\":\"https:\/\/vosgesinfo.fr\/app\/uploads\/sites\/6\/2024\/07\/201704vote-5.jpg\",\"datePublished\":\"2022-02-28T08:29:37+00:00\",\"dateModified\":\"2022-02-28T08:29:37+00:00\",\"breadcrumb\":{\"@id\":\"https:\/\/vosgesinfo.fr\/gerardmerinfo\/2022\/02\/onze-elus-vosgiens-se-reunissent-parrainer-candidats-a-lelection-presidentielle-2022\/#breadcrumb\"},\"inLanguage\":\"fr-FR\",\"potentialAction\":[{\"@type\":\"ReadAction\",\"target\":[\"https:\/\/vosgesinfo.fr\/gerardmerinfo\/2022\/02\/onze-elus-vosgiens-se-reunissent-parrainer-candidats-a-lelection-presidentielle-2022\/\"]}]},{\"@type\":\"ImageObject\",\"inLanguage\":\"fr-FR\",\"@id\":\"https:\/\/vosgesinfo.fr\/gerardmerinfo\/2022\/02\/onze-elus-vosgiens-se-reunissent-parrainer-candidats-a-lelection-presidentielle-2022\/#primaryimage\",\"url\":\"https:\/\/vosgesinfo.fr\/app\/uploads\/sites\/6\/2024\/07\/201704vote-5.jpg\",\"contentUrl\":\"https:\/\/vosgesinfo.fr\/app\/uploads\/sites\/6\/2024\/07\/201704vote-5.jpg\",\"width\":640,\"height\":360},{\"@type\":\"BreadcrumbList\",\"@id\":\"https:\/\/vosgesinfo.fr\/gerardmerinfo\/2022\/02\/onze-elus-vosgiens-se-reunissent-parrainer-candidats-a-lelection-presidentielle-2022\/#breadcrumb\",\"itemListElement\":[{\"@type\":\"ListItem\",\"position\":1,\"name\":\"Home\",\"item\":\"https:\/\/vosgesinfo.fr\/gerardmerinfo\/\"},{\"@type\":\"ListItem\",\"position\":2,\"name\":\"Onze \u00e9lus vosgiens se r\u00e9unissent pour parrainer des candidats \u00e0 l\u2019\u00e9lection pr\u00e9sidentielle 2022\"}]},{\"@type\":\"WebSite\",\"@id\":\"https:\/\/vosgesinfo.fr\/gerardmerinfo\/#website\",\"url\":\"https:\/\/vosgesinfo.fr\/gerardmerinfo\/\",\"name\":\"Gerardmer Info\",\"description\":\"Toute l&#039;actualit\u00e9 de G\u00e9rardmer\",\"publisher\":{\"@id\":\"https:\/\/vosgesinfo.fr\/gerardmerinfo\/#organization\"},\"alternateName\":\"Toute l'actualit\u00e9 de G\u00e9rardmer\",\"potentialAction\":[{\"@type\":\"SearchAction\",\"target\":{\"@type\":\"EntryPoint\",\"urlTemplate\":\"https:\/\/vosgesinfo.fr\/gerardmerinfo\/?s={search_term_string}\"},\"query-input\":\"required name=search_term_string\"}],\"inLanguage\":\"fr-FR\"},{\"@type\":\"Organization\",\"@id\":\"https:\/\/vosgesinfo.fr\/gerardmerinfo\/#organization\",\"name\":\"Gerardmer Info\",\"url\":\"https:\/\/vosgesinfo.fr\/gerardmerinfo\/\",\"logo\":{\"@type\":\"ImageObject\",\"inLanguage\":\"fr-FR\",\"@id\":\"https:\/\/vosgesinfo.fr\/gerardmerinfo\/#\/schema\/logo\/image\/\",\"url\":\"https:\/\/vosgesinfo.fr\/app\/uploads\/sites\/6\/2023\/08\/favicon-gerardmerinfo.png\",\"contentUrl\":\"https:\/\/vosgesinfo.fr\/app\/uploads\/sites\/6\/2023\/08\/favicon-gerardmerinfo.png\",\"width\":512,\"height\":512,\"caption\":\"Gerardmer Info\"},\"image\":{\"@id\":\"https:\/\/vosgesinfo.fr\/gerardmerinfo\/#\/schema\/logo\/image\/\"},\"sameAs\":[\"https:\/\/www.facebook.com\/profile.php?id=100049475262660\",\"https:\/\/x.com\/VosgesInfo88\",\"https:\/\/www.youtube.com\/@vosgesinfo\"]},{\"@type\":\"Person\",\"@id\":\"https:\/\/vosgesinfo.fr\/gerardmerinfo\/#\/schema\/person\/bc5d02d71e6932e81b6dadb7386667b1\",\"name\":\"qs_admin\",\"image\":{\"@type\":\"ImageObject\",\"inLanguage\":\"fr-FR\",\"@id\":\"https:\/\/vosgesinfo.fr\/gerardmerinfo\/#\/schema\/person\/image\/\",\"url\":\"https:\/\/secure.gravatar.com\/avatar\/94b18ee0ed79e4a42ea2f2931277b6841a8999fc6fde214600c78057cf1fe1de?s=96&d=mm&r=g\",\"contentUrl\":\"https:\/\/secure.gravatar.com\/avatar\/94b18ee0ed79e4a42ea2f2931277b6841a8999fc6fde214600c78057cf1fe1de?s=96&d=mm&r=g\",\"caption\":\"qs_admin\"},\"sameAs\":[\"https:\/\/vosgesinfo.fr\/wp\"],\"url\":\"https:\/\/vosgesinfo.fr\/gerardmerinfo\/author\/qs_admin\/\"}]}<\/script>\n<!-- \/ Yoast SEO plugin. -->","yoast_head_json":{"title":"Onze \u00e9lus vosgiens se r\u00e9unissent pour parrainer des candidats \u00e0 l\u2019\u00e9lection pr\u00e9sidentielle 2022 - Gerardmer Info","robots":{"index":"index","follow":"follow","max-snippet":"max-snippet:-1","max-image-preview":"max-image-preview:large","max-video-preview":"max-video-preview:-1"},"canonical":"https:\/\/vosgesinfo.fr\/gerardmerinfo\/2022\/02\/onze-elus-vosgiens-se-reunissent-parrainer-candidats-a-lelection-presidentielle-2022\/","twitter_card":"summary_large_image","twitter_title":"Onze \u00e9lus vosgiens se r\u00e9unissent pour parrainer des candidats \u00e0 l\u2019\u00e9lection pr\u00e9sidentielle 2022 - Gerardmer Info","twitter_description":"L\u2019\u00e9lection pr\u00e9sidentielle approche et les candidats n\u2019ont plus que quelques jours pour r\u00e9colter les fameuses 500 signatures d\u2019\u00e9lus pour pouvoir [&hellip;]","twitter_image":"https:\/\/vosgesinfo.fr\/app\/uploads\/sites\/6\/2024\/07\/201704vote-5.jpg","twitter_creator":"@VosgesInfo88","twitter_site":"@VosgesInfo88","twitter_misc":{"\u00c9crit par":"qs_admin"},"schema":{"@context":"https:\/\/schema.org","@graph":[{"@type":"Article","@id":"https:\/\/vosgesinfo.fr\/gerardmerinfo\/2022\/02\/onze-elus-vosgiens-se-reunissent-parrainer-candidats-a-lelection-presidentielle-2022\/#article","isPartOf":{"@id":"https:\/\/vosgesinfo.fr\/gerardmerinfo\/2022\/02\/onze-elus-vosgiens-se-reunissent-parrainer-candidats-a-lelection-presidentielle-2022\/"},"author":{"name":"qs_admin","@id":"https:\/\/vosgesinfo.fr\/gerardmerinfo\/#\/schema\/person\/bc5d02d71e6932e81b6dadb7386667b1"},"headline":"Onze \u00e9lus vosgiens se r\u00e9unissent pour parrainer des candidats \u00e0 l\u2019\u00e9lection pr\u00e9sidentielle 2022","datePublished":"2022-02-28T08:29:37+00:00","dateModified":"2022-02-28T08:29:37+00:00","mainEntityOfPage":{"@id":"https:\/\/vosgesinfo.fr\/gerardmerinfo\/2022\/02\/onze-elus-vosgiens-se-reunissent-parrainer-candidats-a-lelection-presidentielle-2022\/"},"wordCount":101,"commentCount":0,"publisher":{"@id":"https:\/\/vosgesinfo.fr\/gerardmerinfo\/#organization"},"image":{"@id":"https:\/\/vosgesinfo.fr\/gerardmerinfo\/2022\/02\/onze-elus-vosgiens-se-reunissent-parrainer-candidats-a-lelection-presidentielle-2022\/#primaryimage"},"thumbnailUrl":"https:\/\/vosgesinfo.fr\/app\/uploads\/sites\/6\/2024\/07\/201704vote-5.jpg","keywords":["parrainages"],"articleSection":["A la une","Politique","Vosges"],"inLanguage":"fr-FR","potentialAction":[{"@type":"CommentAction","name":"Comment","target":["https:\/\/vosgesinfo.fr\/gerardmerinfo\/2022\/02\/onze-elus-vosgiens-se-reunissent-parrainer-candidats-a-lelection-presidentielle-2022\/#respond"]}]},{"@type":"WebPage","@id":"https:\/\/vosgesinfo.fr\/gerardmerinfo\/2022\/02\/onze-elus-vosgiens-se-reunissent-parrainer-candidats-a-lelection-presidentielle-2022\/","url":"https:\/\/vosgesinfo.fr\/gerardmerinfo\/2022\/02\/onze-elus-vosgiens-se-reunissent-parrainer-candidats-a-lelection-presidentielle-2022\/","name":"Onze \u00e9lus vosgiens se r\u00e9unissent pour parrainer des candidats \u00e0 l\u2019\u00e9lection pr\u00e9sidentielle 2022 - Gerardmer Info","isPartOf":{"@id":"https:\/\/vosgesinfo.fr\/gerardmerinfo\/#website"},"primaryImageOfPage":{"@id":"https:\/\/vosgesinfo.fr\/gerardmerinfo\/2022\/02\/onze-elus-vosgiens-se-reunissent-parrainer-candidats-a-lelection-presidentielle-2022\/#primaryimage"},"image":{"@id":"https:\/\/vosgesinfo.fr\/gerardmerinfo\/2022\/02\/onze-elus-vosgiens-se-reunissent-parrainer-candidats-a-lelection-presidentielle-2022\/#primaryimage"},"thumbnailUrl":"https:\/\/vosgesinfo.fr\/app\/uploads\/sites\/6\/2024\/07\/201704vote-5.jpg","datePublished":"2022-02-28T08:29:37+00:00","dateModified":"2022-02-28T08:29:37+00:00","breadcrumb":{"@id":"https:\/\/vosgesinfo.fr\/gerardmerinfo\/2022\/02\/onze-elus-vosgiens-se-reunissent-parrainer-candidats-a-lelection-presidentielle-2022\/#breadcrumb"},"inLanguage":"fr-FR","potentialAction":[{"@type":"ReadAction","target":["https:\/\/vosgesinfo.fr\/gerardmerinfo\/2022\/02\/onze-elus-vosgiens-se-reunissent-parrainer-candidats-a-lelection-presidentielle-2022\/"]}]},{"@type":"ImageObject","inLanguage":"fr-FR","@id":"https:\/\/vosgesinfo.fr\/gerardmerinfo\/2022\/02\/onze-elus-vosgiens-se-reunissent-parrainer-candidats-a-lelection-presidentielle-2022\/#primaryimage","url":"https:\/\/vosgesinfo.fr\/app\/uploads\/sites\/6\/2024\/07\/201704vote-5.jpg","contentUrl":"https:\/\/vosgesinfo.fr\/app\/uploads\/sites\/6\/2024\/07\/201704vote-5.jpg","width":640,"height":360},{"@type":"BreadcrumbList","@id":"https:\/\/vosgesinfo.fr\/gerardmerinfo\/2022\/02\/onze-elus-vosgiens-se-reunissent-parrainer-candidats-a-lelection-presidentielle-2022\/#breadcrumb","itemListElement":[{"@type":"ListItem","position":1,"name":"Home","item":"https:\/\/vosgesinfo.fr\/gerardmerinfo\/"},{"@type":"ListItem","position":2,"name":"Onze \u00e9lus vosgiens se r\u00e9unissent pour parrainer des candidats \u00e0 l\u2019\u00e9lection pr\u00e9sidentielle 2022"}]},{"@type":"WebSite","@id":"https:\/\/vosgesinfo.fr\/gerardmerinfo\/#website","url":"https:\/\/vosgesinfo.fr\/gerardmerinfo\/","name":"Gerardmer Info","description":"Toute l&#039;actualit\u00e9 de G\u00e9rardmer","publisher":{"@id":"https:\/\/vosgesinfo.fr\/gerardmerinfo\/#organization"},"alternateName":"Toute l'actualit\u00e9 de G\u00e9rardmer","potentialAction":[{"@type":"SearchAction","target":{"@type":"EntryPoint","urlTemplate":"https:\/\/vosgesinfo.fr\/gerardmerinfo\/?s={search_term_string}"},"query-input":"required name=search_term_string"}],"inLanguage":"fr-FR"},{"@type":"Organization","@id":"https:\/\/vosgesinfo.fr\/gerardmerinfo\/#organization","name":"Gerardmer Info","url":"https:\/\/vosgesinfo.fr\/gerardmerinfo\/","logo":{"@type":"ImageObject","inLanguage":"fr-FR","@id":"https:\/\/vosgesinfo.fr\/gerardmerinfo\/#\/schema\/logo\/image\/","url":"https:\/\/vosgesinfo.fr\/app\/uploads\/sites\/6\/2023\/08\/favicon-gerardmerinfo.png","contentUrl":"https:\/\/vosgesinfo.fr\/app\/uploads\/sites\/6\/2023\/08\/favicon-gerardmerinfo.png","width":512,"height":512,"caption":"Gerardmer Info"},"image":{"@id":"https:\/\/vosgesinfo.fr\/gerardmerinfo\/#\/schema\/logo\/image\/"},"sameAs":["https:\/\/www.facebook.com\/profile.php?id=100049475262660","https:\/\/x.com\/VosgesInfo88","https:\/\/www.youtube.com\/@vosgesinfo"]},{"@type":"Person","@id":"https:\/\/vosgesinfo.fr\/gerardmerinfo\/#\/schema\/person\/bc5d02d71e6932e81b6dadb7386667b1","name":"qs_admin","image":{"@type":"ImageObject","inLanguage":"fr-FR","@id":"https:\/\/vosgesinfo.fr\/gerardmerinfo\/#\/schema\/person\/image\/","url":"https:\/\/secure.gravatar.com\/avatar\/94b18ee0ed79e4a42ea2f2931277b6841a8999fc6fde214600c78057cf1fe1de?s=96&d=mm&r=g","contentUrl":"https:\/\/secure.gravatar.com\/avatar\/94b18ee0ed79e4a42ea2f2931277b6841a8999fc6fde214600c78057cf1fe1de?s=96&d=mm&r=g","caption":"qs_admin"},"sameAs":["https:\/\/vosgesinfo.fr\/wp"],"url":"https:\/\/vosgesinfo.fr\/gerardmerinfo\/author\/qs_admin\/"}]}},"_links":{"self":[{"href":"https:\/\/vosgesinfo.fr\/gerardmerinfo\/wp-json\/wp\/v2\/posts\/57553","targetHints":{"allow":["GET"]}}],"collection":[{"href":"https:\/\/vosgesinfo.fr\/gerardmerinfo\/wp-json\/wp\/v2\/posts"}],"about":[{"href":"https:\/\/vosgesinfo.fr\/gerardmerinfo\/wp-json\/wp\/v2\/types\/post"}],"author":[{"embeddable":true,"href":"https:\/\/vosgesinfo.fr\/gerardmerinfo\/wp-json\/wp\/v2\/users\/1"}],"replies":[{"embeddable":true,"href":"https:\/\/vosgesinfo.fr\/gerardmerinfo\/wp-json\/wp\/v2\/comments?post=57553"}],"version-history":[{"count":0,"href":"https:\/\/vosgesinfo.fr\/gerardmerinfo\/wp-json\/wp\/v2\/posts\/57553\/revisions"}],"wp:featuredmedia":[{"embeddable":true,"href":"https:\/\/vosgesinfo.fr\/gerardmerinfo\/wp-json\/wp\/v2\/media\/57554"}],"wp:attachment":[{"href":"https:\/\/vosgesinfo.fr\/gerardmerinfo\/wp-json\/wp\/v2\/media?parent=57553"}],"wp:term":[{"taxonomy":"category","embeddable":true,"href":"https:\/\/vosgesinfo.fr\/gerardmerinfo\/wp-json\/wp\/v2\/categories?post=57553"},{"taxonomy":"post_tag","embeddable":true,"href":"https:\/\/vosgesinfo.fr\/gerardmerinfo\/wp-json\/wp\/v2\/tags?post=57553"}],"curies":[{"name":"wp","href":"https:\/\/api.w.org\/{rel}","templated":true}]}}