{"id":58083,"date":"2022-03-27T03:58:33","date_gmt":"2022-03-27T01:58:33","guid":{"rendered":"https:\/\/vosgesinfo.fr\/gerardmerinfo\/2022\/03\/paques-vinot-enfants-viennent-preter-main-forte-aux-residents\/"},"modified":"2022-03-27T03:58:33","modified_gmt":"2022-03-27T01:58:33","slug":"paques-vinot-enfants-viennent-preter-main-forte-aux-residents","status":"publish","type":"post","link":"https:\/\/vosgesinfo.fr\/gerardmerinfo\/2022\/03\/paques-vinot-enfants-viennent-preter-main-forte-aux-residents\/","title":{"rendered":"P\u00e2ques au Vinot : les enfants viennent pr\u00eater main forte aux r\u00e9sidents"},"content":{"rendered":"<h3><a href=\"\/2022\/03\/paques-au-vinot-jardin-d\u00e9coration-G\u00e9rardmer-1.jpg\"><img decoding=\"async\" class=\"aligncenter size-large wp-image-187453\" src=\"\/2022\/03\/paques-au-vinot-jardin-d\u00e9coration-G\u00e9rardmer-1-1024x768.jpg\" alt=\"paques au vinot jardin d\u00e9coration G\u00e9rardmer (1)\" width=\"960\" height=\"720\" \/><\/a><a href=\"\/2022\/03\/paques-au-vinot-jardin-d\u00e9coration-G\u00e9rardmer-2.jpg\"><img decoding=\"async\" class=\"aligncenter size-large wp-image-187451\" src=\"\/2022\/03\/paques-au-vinot-jardin-d\u00e9coration-G\u00e9rardmer-2-1024x768.jpg\" alt=\"paques au vinot jardin d\u00e9coration G\u00e9rardmer (2)\" width=\"960\" height=\"720\" \/><\/a><\/h3>\n<h3><span style=\"font-size: 12pt;\">Le printemps apportant avec lui les beaux jours, ce jeudi 24 mars, les enfants de la halte-garderie sont venus pr\u00eater main forte aux r\u00e9sidents du Vinot pour la plantation et la d\u00e9coration de leur jardin.<\/span><\/h3>\n<p><a href=\"\/2022\/03\/paques-au-vinot-jardin-d\u00e9coration-G\u00e9rardmer-3.jpg\"><img decoding=\"async\" class=\"alignright size-medium wp-image-187452\" src=\"\/2022\/03\/paques-au-vinot-jardin-d\u00e9coration-G\u00e9rardmer-3-191x255.jpg\" alt=\"paques au vinot jardin d\u00e9coration G\u00e9rardmer (3)\" width=\"191\" height=\"255\" \/><\/a>Aid\u00e9es du service des parcs et jardins de la ville, ce sont plusieurs g\u00e9n\u00e9rations qui se sont r\u00e9unies dans un but commun, \u00e9gayer le jardin ! Pens\u00e9es et girofl\u00e9es sont donc venues colorer les parterres pour le plus grand plaisir des habitants. Pour l\u2019occasion, les branches torsad\u00e9es ont rev\u00eatu \u0153ufs de p\u00e2ques et autres d\u00e9corations printani\u00e8res.<\/p>\n<p>Enfin, comme tout effort m\u00e9rite r\u00e9compense, petits et grands ont partag\u00e9 ensemble un go\u00fbter festif sous un beau soleil de saison. Un moment interg\u00e9n\u00e9rationnel admirable que le CCAS, fi\u00e8re d\u2019organiser ce dernier, souhaite remettre en place lors de prochains \u00e9v\u00e9nements.\u00a0 Cette animation s\u2019inscrivait dans le cadre de la semaine Nationale de la Petite Enfance avec comme th\u00e8me \u00ab Retrouvailles \u00bb.<\/p>\n","protected":false},"excerpt":{"rendered":"<p>Le printemps apportant avec lui les beaux jours, ce jeudi 24 mars, les enfants de la halte-garderie sont venus pr\u00eater [&hellip;]<\/p>\n","protected":false},"author":1,"featured_media":58084,"comment_status":"open","ping_status":"open","sticky":false,"template":"","format":"standard","meta":{"footnotes":""},"categories":[20,25,13],"tags":[96],"class_list":["post-58083","post","type-post","status-publish","format-standard","has-post-thumbnail","hentry","category-a-la-une","category-gerardmer","category-societe","tag-le-vinot"],"acf":[],"yoast_head":"<!-- This site is optimized with the Yoast SEO plugin v22.5 - https:\/\/yoast.com\/wordpress\/plugins\/seo\/ -->\n<title>P\u00e2ques au Vinot : les enfants viennent pr\u00eater main forte aux r\u00e9sidents - Gerardmer Info<\/title>\n<meta name=\"robots\" content=\"index, follow, max-snippet:-1, max-image-preview:large, max-video-preview:-1\" \/>\n<link rel=\"canonical\" href=\"https:\/\/vosgesinfo.fr\/gerardmerinfo\/2022\/03\/paques-vinot-enfants-viennent-preter-main-forte-aux-residents\/\" \/>\n<meta name=\"twitter:card\" content=\"summary_large_image\" \/>\n<meta name=\"twitter:title\" content=\"P\u00e2ques au Vinot : les enfants viennent pr\u00eater main forte aux r\u00e9sidents - Gerardmer Info\" \/>\n<meta name=\"twitter:description\" content=\"Le printemps apportant avec lui les beaux jours, ce jeudi 24 mars, les enfants de la halte-garderie sont venus pr\u00eater [&hellip;]\" \/>\n<meta name=\"twitter:image\" content=\"https:\/\/vosgesinfo.fr\/app\/uploads\/sites\/6\/2024\/07\/202203paques-au-vinot-jardin-decoration-gerardmer-1.jpg\" \/>\n<meta name=\"twitter:creator\" content=\"@VosgesInfo88\" \/>\n<meta name=\"twitter:site\" content=\"@VosgesInfo88\" \/>\n<meta name=\"twitter:label1\" content=\"\u00c9crit par\" \/>\n\t<meta name=\"twitter:data1\" content=\"qs_admin\" \/>\n\t<meta name=\"twitter:label2\" content=\"Dur\u00e9e de lecture estim\u00e9e\" \/>\n\t<meta name=\"twitter:data2\" content=\"1 minute\" \/>\n<script type=\"application\/ld+json\" class=\"yoast-schema-graph\">{\"@context\":\"https:\/\/schema.org\",\"@graph\":[{\"@type\":\"Article\",\"@id\":\"https:\/\/vosgesinfo.fr\/gerardmerinfo\/2022\/03\/paques-vinot-enfants-viennent-preter-main-forte-aux-residents\/#article\",\"isPartOf\":{\"@id\":\"https:\/\/vosgesinfo.fr\/gerardmerinfo\/2022\/03\/paques-vinot-enfants-viennent-preter-main-forte-aux-residents\/\"},\"author\":{\"name\":\"qs_admin\",\"@id\":\"https:\/\/vosgesinfo.fr\/gerardmerinfo\/#\/schema\/person\/bc5d02d71e6932e81b6dadb7386667b1\"},\"headline\":\"P\u00e2ques au Vinot : les enfants viennent pr\u00eater main forte aux r\u00e9sidents\",\"datePublished\":\"2022-03-27T01:58:33+00:00\",\"dateModified\":\"2022-03-27T01:58:33+00:00\",\"mainEntityOfPage\":{\"@id\":\"https:\/\/vosgesinfo.fr\/gerardmerinfo\/2022\/03\/paques-vinot-enfants-viennent-preter-main-forte-aux-residents\/\"},\"wordCount\":186,\"commentCount\":0,\"publisher\":{\"@id\":\"https:\/\/vosgesinfo.fr\/gerardmerinfo\/#organization\"},\"image\":{\"@id\":\"https:\/\/vosgesinfo.fr\/gerardmerinfo\/2022\/03\/paques-vinot-enfants-viennent-preter-main-forte-aux-residents\/#primaryimage\"},\"thumbnailUrl\":\"https:\/\/vosgesinfo.fr\/app\/uploads\/sites\/6\/2024\/07\/202203paques-au-vinot-jardin-decoration-gerardmer-1.jpg\",\"keywords\":[\"Le Vinot\"],\"articleSection\":[\"A la une\",\"G\u00e9rardmer\",\"Soci\u00e9t\u00e9\"],\"inLanguage\":\"fr-FR\",\"potentialAction\":[{\"@type\":\"CommentAction\",\"name\":\"Comment\",\"target\":[\"https:\/\/vosgesinfo.fr\/gerardmerinfo\/2022\/03\/paques-vinot-enfants-viennent-preter-main-forte-aux-residents\/#respond\"]}]},{\"@type\":\"WebPage\",\"@id\":\"https:\/\/vosgesinfo.fr\/gerardmerinfo\/2022\/03\/paques-vinot-enfants-viennent-preter-main-forte-aux-residents\/\",\"url\":\"https:\/\/vosgesinfo.fr\/gerardmerinfo\/2022\/03\/paques-vinot-enfants-viennent-preter-main-forte-aux-residents\/\",\"name\":\"P\u00e2ques au Vinot : les enfants viennent pr\u00eater main forte aux r\u00e9sidents - Gerardmer Info\",\"isPartOf\":{\"@id\":\"https:\/\/vosgesinfo.fr\/gerardmerinfo\/#website\"},\"primaryImageOfPage\":{\"@id\":\"https:\/\/vosgesinfo.fr\/gerardmerinfo\/2022\/03\/paques-vinot-enfants-viennent-preter-main-forte-aux-residents\/#primaryimage\"},\"image\":{\"@id\":\"https:\/\/vosgesinfo.fr\/gerardmerinfo\/2022\/03\/paques-vinot-enfants-viennent-preter-main-forte-aux-residents\/#primaryimage\"},\"thumbnailUrl\":\"https:\/\/vosgesinfo.fr\/app\/uploads\/sites\/6\/2024\/07\/202203paques-au-vinot-jardin-decoration-gerardmer-1.jpg\",\"datePublished\":\"2022-03-27T01:58:33+00:00\",\"dateModified\":\"2022-03-27T01:58:33+00:00\",\"breadcrumb\":{\"@id\":\"https:\/\/vosgesinfo.fr\/gerardmerinfo\/2022\/03\/paques-vinot-enfants-viennent-preter-main-forte-aux-residents\/#breadcrumb\"},\"inLanguage\":\"fr-FR\",\"potentialAction\":[{\"@type\":\"ReadAction\",\"target\":[\"https:\/\/vosgesinfo.fr\/gerardmerinfo\/2022\/03\/paques-vinot-enfants-viennent-preter-main-forte-aux-residents\/\"]}]},{\"@type\":\"ImageObject\",\"inLanguage\":\"fr-FR\",\"@id\":\"https:\/\/vosgesinfo.fr\/gerardmerinfo\/2022\/03\/paques-vinot-enfants-viennent-preter-main-forte-aux-residents\/#primaryimage\",\"url\":\"https:\/\/vosgesinfo.fr\/app\/uploads\/sites\/6\/2024\/07\/202203paques-au-vinot-jardin-decoration-gerardmer-1.jpg\",\"contentUrl\":\"https:\/\/vosgesinfo.fr\/app\/uploads\/sites\/6\/2024\/07\/202203paques-au-vinot-jardin-decoration-gerardmer-1.jpg\",\"width\":1600,\"height\":1200},{\"@type\":\"BreadcrumbList\",\"@id\":\"https:\/\/vosgesinfo.fr\/gerardmerinfo\/2022\/03\/paques-vinot-enfants-viennent-preter-main-forte-aux-residents\/#breadcrumb\",\"itemListElement\":[{\"@type\":\"ListItem\",\"position\":1,\"name\":\"Home\",\"item\":\"https:\/\/vosgesinfo.fr\/gerardmerinfo\/\"},{\"@type\":\"ListItem\",\"position\":2,\"name\":\"P\u00e2ques au Vinot : les enfants viennent pr\u00eater main forte aux r\u00e9sidents\"}]},{\"@type\":\"WebSite\",\"@id\":\"https:\/\/vosgesinfo.fr\/gerardmerinfo\/#website\",\"url\":\"https:\/\/vosgesinfo.fr\/gerardmerinfo\/\",\"name\":\"Gerardmer Info\",\"description\":\"Toute l&#039;actualit\u00e9 de G\u00e9rardmer\",\"publisher\":{\"@id\":\"https:\/\/vosgesinfo.fr\/gerardmerinfo\/#organization\"},\"alternateName\":\"Toute l'actualit\u00e9 de G\u00e9rardmer\",\"potentialAction\":[{\"@type\":\"SearchAction\",\"target\":{\"@type\":\"EntryPoint\",\"urlTemplate\":\"https:\/\/vosgesinfo.fr\/gerardmerinfo\/?s={search_term_string}\"},\"query-input\":\"required name=search_term_string\"}],\"inLanguage\":\"fr-FR\"},{\"@type\":\"Organization\",\"@id\":\"https:\/\/vosgesinfo.fr\/gerardmerinfo\/#organization\",\"name\":\"Gerardmer Info\",\"url\":\"https:\/\/vosgesinfo.fr\/gerardmerinfo\/\",\"logo\":{\"@type\":\"ImageObject\",\"inLanguage\":\"fr-FR\",\"@id\":\"https:\/\/vosgesinfo.fr\/gerardmerinfo\/#\/schema\/logo\/image\/\",\"url\":\"https:\/\/vosgesinfo.fr\/app\/uploads\/sites\/6\/2023\/08\/favicon-gerardmerinfo.png\",\"contentUrl\":\"https:\/\/vosgesinfo.fr\/app\/uploads\/sites\/6\/2023\/08\/favicon-gerardmerinfo.png\",\"width\":512,\"height\":512,\"caption\":\"Gerardmer Info\"},\"image\":{\"@id\":\"https:\/\/vosgesinfo.fr\/gerardmerinfo\/#\/schema\/logo\/image\/\"},\"sameAs\":[\"https:\/\/www.facebook.com\/profile.php?id=100049475262660\",\"https:\/\/x.com\/VosgesInfo88\",\"https:\/\/www.youtube.com\/@vosgesinfo\"]},{\"@type\":\"Person\",\"@id\":\"https:\/\/vosgesinfo.fr\/gerardmerinfo\/#\/schema\/person\/bc5d02d71e6932e81b6dadb7386667b1\",\"name\":\"qs_admin\",\"image\":{\"@type\":\"ImageObject\",\"inLanguage\":\"fr-FR\",\"@id\":\"https:\/\/vosgesinfo.fr\/gerardmerinfo\/#\/schema\/person\/image\/\",\"url\":\"https:\/\/secure.gravatar.com\/avatar\/94b18ee0ed79e4a42ea2f2931277b6841a8999fc6fde214600c78057cf1fe1de?s=96&d=mm&r=g\",\"contentUrl\":\"https:\/\/secure.gravatar.com\/avatar\/94b18ee0ed79e4a42ea2f2931277b6841a8999fc6fde214600c78057cf1fe1de?s=96&d=mm&r=g\",\"caption\":\"qs_admin\"},\"sameAs\":[\"https:\/\/vosgesinfo.fr\/wp\"],\"url\":\"https:\/\/vosgesinfo.fr\/gerardmerinfo\/author\/qs_admin\/\"}]}<\/script>\n<!-- \/ Yoast SEO plugin. -->","yoast_head_json":{"title":"P\u00e2ques au Vinot : les enfants viennent pr\u00eater main forte aux r\u00e9sidents - Gerardmer Info","robots":{"index":"index","follow":"follow","max-snippet":"max-snippet:-1","max-image-preview":"max-image-preview:large","max-video-preview":"max-video-preview:-1"},"canonical":"https:\/\/vosgesinfo.fr\/gerardmerinfo\/2022\/03\/paques-vinot-enfants-viennent-preter-main-forte-aux-residents\/","twitter_card":"summary_large_image","twitter_title":"P\u00e2ques au Vinot : les enfants viennent pr\u00eater main forte aux r\u00e9sidents - Gerardmer Info","twitter_description":"Le printemps apportant avec lui les beaux jours, ce jeudi 24 mars, les enfants de la halte-garderie sont venus pr\u00eater [&hellip;]","twitter_image":"https:\/\/vosgesinfo.fr\/app\/uploads\/sites\/6\/2024\/07\/202203paques-au-vinot-jardin-decoration-gerardmer-1.jpg","twitter_creator":"@VosgesInfo88","twitter_site":"@VosgesInfo88","twitter_misc":{"\u00c9crit par":"qs_admin","Dur\u00e9e de lecture estim\u00e9e":"1 minute"},"schema":{"@context":"https:\/\/schema.org","@graph":[{"@type":"Article","@id":"https:\/\/vosgesinfo.fr\/gerardmerinfo\/2022\/03\/paques-vinot-enfants-viennent-preter-main-forte-aux-residents\/#article","isPartOf":{"@id":"https:\/\/vosgesinfo.fr\/gerardmerinfo\/2022\/03\/paques-vinot-enfants-viennent-preter-main-forte-aux-residents\/"},"author":{"name":"qs_admin","@id":"https:\/\/vosgesinfo.fr\/gerardmerinfo\/#\/schema\/person\/bc5d02d71e6932e81b6dadb7386667b1"},"headline":"P\u00e2ques au Vinot : les enfants viennent pr\u00eater main forte aux r\u00e9sidents","datePublished":"2022-03-27T01:58:33+00:00","dateModified":"2022-03-27T01:58:33+00:00","mainEntityOfPage":{"@id":"https:\/\/vosgesinfo.fr\/gerardmerinfo\/2022\/03\/paques-vinot-enfants-viennent-preter-main-forte-aux-residents\/"},"wordCount":186,"commentCount":0,"publisher":{"@id":"https:\/\/vosgesinfo.fr\/gerardmerinfo\/#organization"},"image":{"@id":"https:\/\/vosgesinfo.fr\/gerardmerinfo\/2022\/03\/paques-vinot-enfants-viennent-preter-main-forte-aux-residents\/#primaryimage"},"thumbnailUrl":"https:\/\/vosgesinfo.fr\/app\/uploads\/sites\/6\/2024\/07\/202203paques-au-vinot-jardin-decoration-gerardmer-1.jpg","keywords":["Le Vinot"],"articleSection":["A la une","G\u00e9rardmer","Soci\u00e9t\u00e9"],"inLanguage":"fr-FR","potentialAction":[{"@type":"CommentAction","name":"Comment","target":["https:\/\/vosgesinfo.fr\/gerardmerinfo\/2022\/03\/paques-vinot-enfants-viennent-preter-main-forte-aux-residents\/#respond"]}]},{"@type":"WebPage","@id":"https:\/\/vosgesinfo.fr\/gerardmerinfo\/2022\/03\/paques-vinot-enfants-viennent-preter-main-forte-aux-residents\/","url":"https:\/\/vosgesinfo.fr\/gerardmerinfo\/2022\/03\/paques-vinot-enfants-viennent-preter-main-forte-aux-residents\/","name":"P\u00e2ques au Vinot : les enfants viennent pr\u00eater main forte aux r\u00e9sidents - Gerardmer Info","isPartOf":{"@id":"https:\/\/vosgesinfo.fr\/gerardmerinfo\/#website"},"primaryImageOfPage":{"@id":"https:\/\/vosgesinfo.fr\/gerardmerinfo\/2022\/03\/paques-vinot-enfants-viennent-preter-main-forte-aux-residents\/#primaryimage"},"image":{"@id":"https:\/\/vosgesinfo.fr\/gerardmerinfo\/2022\/03\/paques-vinot-enfants-viennent-preter-main-forte-aux-residents\/#primaryimage"},"thumbnailUrl":"https:\/\/vosgesinfo.fr\/app\/uploads\/sites\/6\/2024\/07\/202203paques-au-vinot-jardin-decoration-gerardmer-1.jpg","datePublished":"2022-03-27T01:58:33+00:00","dateModified":"2022-03-27T01:58:33+00:00","breadcrumb":{"@id":"https:\/\/vosgesinfo.fr\/gerardmerinfo\/2022\/03\/paques-vinot-enfants-viennent-preter-main-forte-aux-residents\/#breadcrumb"},"inLanguage":"fr-FR","potentialAction":[{"@type":"ReadAction","target":["https:\/\/vosgesinfo.fr\/gerardmerinfo\/2022\/03\/paques-vinot-enfants-viennent-preter-main-forte-aux-residents\/"]}]},{"@type":"ImageObject","inLanguage":"fr-FR","@id":"https:\/\/vosgesinfo.fr\/gerardmerinfo\/2022\/03\/paques-vinot-enfants-viennent-preter-main-forte-aux-residents\/#primaryimage","url":"https:\/\/vosgesinfo.fr\/app\/uploads\/sites\/6\/2024\/07\/202203paques-au-vinot-jardin-decoration-gerardmer-1.jpg","contentUrl":"https:\/\/vosgesinfo.fr\/app\/uploads\/sites\/6\/2024\/07\/202203paques-au-vinot-jardin-decoration-gerardmer-1.jpg","width":1600,"height":1200},{"@type":"BreadcrumbList","@id":"https:\/\/vosgesinfo.fr\/gerardmerinfo\/2022\/03\/paques-vinot-enfants-viennent-preter-main-forte-aux-residents\/#breadcrumb","itemListElement":[{"@type":"ListItem","position":1,"name":"Home","item":"https:\/\/vosgesinfo.fr\/gerardmerinfo\/"},{"@type":"ListItem","position":2,"name":"P\u00e2ques au Vinot : les enfants viennent pr\u00eater main forte aux r\u00e9sidents"}]},{"@type":"WebSite","@id":"https:\/\/vosgesinfo.fr\/gerardmerinfo\/#website","url":"https:\/\/vosgesinfo.fr\/gerardmerinfo\/","name":"Gerardmer Info","description":"Toute l&#039;actualit\u00e9 de G\u00e9rardmer","publisher":{"@id":"https:\/\/vosgesinfo.fr\/gerardmerinfo\/#organization"},"alternateName":"Toute l'actualit\u00e9 de G\u00e9rardmer","potentialAction":[{"@type":"SearchAction","target":{"@type":"EntryPoint","urlTemplate":"https:\/\/vosgesinfo.fr\/gerardmerinfo\/?s={search_term_string}"},"query-input":"required name=search_term_string"}],"inLanguage":"fr-FR"},{"@type":"Organization","@id":"https:\/\/vosgesinfo.fr\/gerardmerinfo\/#organization","name":"Gerardmer Info","url":"https:\/\/vosgesinfo.fr\/gerardmerinfo\/","logo":{"@type":"ImageObject","inLanguage":"fr-FR","@id":"https:\/\/vosgesinfo.fr\/gerardmerinfo\/#\/schema\/logo\/image\/","url":"https:\/\/vosgesinfo.fr\/app\/uploads\/sites\/6\/2023\/08\/favicon-gerardmerinfo.png","contentUrl":"https:\/\/vosgesinfo.fr\/app\/uploads\/sites\/6\/2023\/08\/favicon-gerardmerinfo.png","width":512,"height":512,"caption":"Gerardmer Info"},"image":{"@id":"https:\/\/vosgesinfo.fr\/gerardmerinfo\/#\/schema\/logo\/image\/"},"sameAs":["https:\/\/www.facebook.com\/profile.php?id=100049475262660","https:\/\/x.com\/VosgesInfo88","https:\/\/www.youtube.com\/@vosgesinfo"]},{"@type":"Person","@id":"https:\/\/vosgesinfo.fr\/gerardmerinfo\/#\/schema\/person\/bc5d02d71e6932e81b6dadb7386667b1","name":"qs_admin","image":{"@type":"ImageObject","inLanguage":"fr-FR","@id":"https:\/\/vosgesinfo.fr\/gerardmerinfo\/#\/schema\/person\/image\/","url":"https:\/\/secure.gravatar.com\/avatar\/94b18ee0ed79e4a42ea2f2931277b6841a8999fc6fde214600c78057cf1fe1de?s=96&d=mm&r=g","contentUrl":"https:\/\/secure.gravatar.com\/avatar\/94b18ee0ed79e4a42ea2f2931277b6841a8999fc6fde214600c78057cf1fe1de?s=96&d=mm&r=g","caption":"qs_admin"},"sameAs":["https:\/\/vosgesinfo.fr\/wp"],"url":"https:\/\/vosgesinfo.fr\/gerardmerinfo\/author\/qs_admin\/"}]}},"_links":{"self":[{"href":"https:\/\/vosgesinfo.fr\/gerardmerinfo\/wp-json\/wp\/v2\/posts\/58083","targetHints":{"allow":["GET"]}}],"collection":[{"href":"https:\/\/vosgesinfo.fr\/gerardmerinfo\/wp-json\/wp\/v2\/posts"}],"about":[{"href":"https:\/\/vosgesinfo.fr\/gerardmerinfo\/wp-json\/wp\/v2\/types\/post"}],"author":[{"embeddable":true,"href":"https:\/\/vosgesinfo.fr\/gerardmerinfo\/wp-json\/wp\/v2\/users\/1"}],"replies":[{"embeddable":true,"href":"https:\/\/vosgesinfo.fr\/gerardmerinfo\/wp-json\/wp\/v2\/comments?post=58083"}],"version-history":[{"count":0,"href":"https:\/\/vosgesinfo.fr\/gerardmerinfo\/wp-json\/wp\/v2\/posts\/58083\/revisions"}],"wp:featuredmedia":[{"embeddable":true,"href":"https:\/\/vosgesinfo.fr\/gerardmerinfo\/wp-json\/wp\/v2\/media\/58084"}],"wp:attachment":[{"href":"https:\/\/vosgesinfo.fr\/gerardmerinfo\/wp-json\/wp\/v2\/media?parent=58083"}],"wp:term":[{"taxonomy":"category","embeddable":true,"href":"https:\/\/vosgesinfo.fr\/gerardmerinfo\/wp-json\/wp\/v2\/categories?post=58083"},{"taxonomy":"post_tag","embeddable":true,"href":"https:\/\/vosgesinfo.fr\/gerardmerinfo\/wp-json\/wp\/v2\/tags?post=58083"}],"curies":[{"name":"wp","href":"https:\/\/api.w.org\/{rel}","templated":true}]}}