{"id":58094,"date":"2022-03-26T05:00:55","date_gmt":"2022-03-26T04:00:55","guid":{"rendered":"https:\/\/vosgesinfo.fr\/gerardmerinfo\/2022\/03\/gerardmer-aux-premices-de-fete-jonquilles\/"},"modified":"2022-03-26T05:00:55","modified_gmt":"2022-03-26T04:00:55","slug":"gerardmer-aux-premices-de-fete-jonquilles","status":"publish","type":"post","link":"https:\/\/vosgesinfo.fr\/gerardmerinfo\/2022\/03\/gerardmer-aux-premices-de-fete-jonquilles\/","title":{"rendered":"G\u00e9rardmer &#8211; aux pr\u00e9mices de la f\u00eate des jonquilles"},"content":{"rendered":"<p><strong><a href=\"\/2022\/03\/Jonquilles-en-fete-5969.jpg\"><img decoding=\"async\" class=\"aligncenter wp-image-187472 size-large\" src=\"\/2022\/03\/Jonquilles-en-fete-5969-1024x683.jpg\" alt=\"Jonquilles-en-fete-5969\" width=\"960\" height=\"640\" \/><\/a><\/strong><\/p>\n<p>&nbsp;<\/p>\n<p><strong>Une r\u00e9union pr\u00e9paratoire avait lieu ce vendredi soir au si\u00e8ge de la soci\u00e9t\u00e9 des f\u00eates de G\u00e9rardmer afin de r\u00e9gler les derniers d\u00e9tails avant le rendez-vous du weekend de P\u00e2ques 2022, pour un avant go\u00fbt d\u2019or et de jonquilles de la 50e \u00e9dition qui se d\u00e9roulera en avril 2023.<\/strong><\/p>\n<p>C\u2019\u00e9tait le branle-bas de combat ce vendredi soir au si\u00e8ge de la soci\u00e9t\u00e9 des f\u00eates de G\u00e9rardmer, la pr\u00e9sidente Nicole Curtit avait r\u00e9uni ses troupes et les constructeurs de chars afin de peaufiner les ultimes d\u00e9tails et donner les derni\u00e8res consignes avant le grand rendez vous de <em>Jonquilles en f\u00eate<\/em> qui se d\u00e9roulera du samedi 16 au lundi 18 avril prochain place du Vieux G\u00e9rardmer.<\/p>\n<p><a href=\"\/2022\/01\/TEASING-JONQUILLES-EN-F\u00caTE-G\u00e9rardmer-info-A3_page-0001.jpg\"><img decoding=\"async\" class=\"alignright wp-image-184352 size-medium\" src=\"\/2022\/01\/TEASING-JONQUILLES-EN-F\u00caTE-G\u00e9rardmer-info-A3_page-0001-180x255.jpg\" alt=\"TEASING JONQUILLES EN F\u00caTE - G\u00e9rardmer info A3_page-0001\" width=\"180\" height=\"255\" \/><\/a>Cet \u00e9v\u00e9nement qui est aux pr\u00e9mices de la f\u00eate des jonquilles, histoire de nous faire patienter en attendant 2023, r\u00e9unira une douzaine de fantastiques sujets d\u00e9cor\u00e9s de jonquilles de plusieurs m\u00e8tres de haut qui seront expos\u00e9s durant 3 jours. \u00ab\u00a0<em>Histoire de dire que l\u2019on n\u2019a pas eu de f\u00eate depuis 2019, c\u2019\u00e9tait trop long d\u2019attendre jusqu\u2019en 2023, donc on a voulu relancer et refaire un \u00e9v\u00e9nement pour nous remettre un peu dans l\u2019esprit des jonquilles<\/em>\u00a0\u00bb s&rsquo;enthousiasmait ainsi Nicole Curtit.<\/p>\n<p>Un \u00e9v\u00e9nement qui n\u00e9cessite une grande organisation et qui n\u2019aurait pas vu le jour sans l\u2019aide des constructeurs de chars, ou plut\u00f4t des bandes de copains qui ont mobilis\u00e9 toute leur \u00e9nergie et leur cr\u00e9ativit\u00e9 pour construire de superbes sujets. De son cot\u00e9, la soci\u00e9t\u00e9 des f\u00eates fourni les m\u00e9taux et ferrailles n\u00e9cessaires \u00e0 la construction, ainsi que le grillage et les agrafes, sans oublier les jonquilles. Il est important de pr\u00e9ciser que les sujets, ou les chars, seront transport\u00e9s sur place gr\u00e2ce au soutien logistique de la mairie de G\u00e9rardmer qui met \u00e0 disposition un \u00e9l\u00e9vateur et un camion grue.<\/p>\n<p>Une occasion pour la pr\u00e9sidente de d\u00e9voiler le programme des festivit\u00e9s, avec un car podium qui proposera des animations musicales, des buvettes et de la restauration rapide sur place pour satisfaire les assoiff\u00e9s et affam\u00e9s. Trois votes seront organis\u00e9s pour r\u00e9compenser les plus beaux sujets avec le prix G\u00e9rardmer animation, le coup de c\u0153ur des enfants et le coup de c\u0153ur du public. Et cerise sur le g\u00e2teau\u2026 une chasse aux \u0153ufs sera organis\u00e9e le dimanche de p\u00e2ques dans le parc Garnier.<\/p>\n<p>&nbsp;<\/p>\n\n","protected":false},"excerpt":{"rendered":"<p>&nbsp; Une r\u00e9union pr\u00e9paratoire avait lieu ce vendredi soir au si\u00e8ge de la soci\u00e9t\u00e9 des f\u00eates de G\u00e9rardmer afin de [&hellip;]<\/p>\n","protected":false},"author":1,"featured_media":58095,"comment_status":"open","ping_status":"open","sticky":false,"template":"","format":"standard","meta":{"footnotes":""},"categories":[20,24,25],"tags":[1281,1039,1280],"class_list":["post-58094","post","type-post","status-publish","format-standard","has-post-thumbnail","hentry","category-a-la-une","category-evenements","category-gerardmer","tag-fete-des-jonquilles","tag-gerardmer","tag-societe-des-fetes"],"acf":[],"yoast_head":"<!-- This site is optimized with the Yoast SEO plugin v22.5 - https:\/\/yoast.com\/wordpress\/plugins\/seo\/ -->\n<title>G\u00e9rardmer - aux pr\u00e9mices de la f\u00eate des jonquilles - Gerardmer Info<\/title>\n<meta name=\"robots\" content=\"index, follow, max-snippet:-1, max-image-preview:large, max-video-preview:-1\" \/>\n<link rel=\"canonical\" href=\"https:\/\/vosgesinfo.fr\/gerardmerinfo\/2022\/03\/gerardmer-aux-premices-de-fete-jonquilles\/\" \/>\n<meta name=\"twitter:card\" content=\"summary_large_image\" \/>\n<meta name=\"twitter:title\" content=\"G\u00e9rardmer - aux pr\u00e9mices de la f\u00eate des jonquilles - Gerardmer Info\" \/>\n<meta name=\"twitter:description\" content=\"&nbsp; Une r\u00e9union pr\u00e9paratoire avait lieu ce vendredi soir au si\u00e8ge de la soci\u00e9t\u00e9 des f\u00eates de G\u00e9rardmer afin de [&hellip;]\" \/>\n<meta name=\"twitter:image\" content=\"https:\/\/vosgesinfo.fr\/app\/uploads\/sites\/6\/2024\/07\/202203jonquilles-en-fete-5969.jpg\" \/>\n<meta name=\"twitter:creator\" content=\"@VosgesInfo88\" \/>\n<meta name=\"twitter:site\" content=\"@VosgesInfo88\" \/>\n<meta name=\"twitter:label1\" content=\"\u00c9crit par\" \/>\n\t<meta name=\"twitter:data1\" content=\"qs_admin\" \/>\n\t<meta name=\"twitter:label2\" content=\"Dur\u00e9e de lecture estim\u00e9e\" \/>\n\t<meta name=\"twitter:data2\" content=\"2 minutes\" \/>\n<script type=\"application\/ld+json\" class=\"yoast-schema-graph\">{\"@context\":\"https:\/\/schema.org\",\"@graph\":[{\"@type\":\"Article\",\"@id\":\"https:\/\/vosgesinfo.fr\/gerardmerinfo\/2022\/03\/gerardmer-aux-premices-de-fete-jonquilles\/#article\",\"isPartOf\":{\"@id\":\"https:\/\/vosgesinfo.fr\/gerardmerinfo\/2022\/03\/gerardmer-aux-premices-de-fete-jonquilles\/\"},\"author\":{\"name\":\"qs_admin\",\"@id\":\"https:\/\/vosgesinfo.fr\/gerardmerinfo\/#\/schema\/person\/bc5d02d71e6932e81b6dadb7386667b1\"},\"headline\":\"G\u00e9rardmer &#8211; aux pr\u00e9mices de la f\u00eate des jonquilles\",\"datePublished\":\"2022-03-26T04:00:55+00:00\",\"dateModified\":\"2022-03-26T04:00:55+00:00\",\"mainEntityOfPage\":{\"@id\":\"https:\/\/vosgesinfo.fr\/gerardmerinfo\/2022\/03\/gerardmer-aux-premices-de-fete-jonquilles\/\"},\"wordCount\":457,\"commentCount\":0,\"publisher\":{\"@id\":\"https:\/\/vosgesinfo.fr\/gerardmerinfo\/#organization\"},\"image\":{\"@id\":\"https:\/\/vosgesinfo.fr\/gerardmerinfo\/2022\/03\/gerardmer-aux-premices-de-fete-jonquilles\/#primaryimage\"},\"thumbnailUrl\":\"https:\/\/vosgesinfo.fr\/app\/uploads\/sites\/6\/2024\/07\/202203jonquilles-en-fete-5969.jpg\",\"keywords\":[\"f\u00eate des jonquilles\",\"G\u00e9rardmer\",\"Soci\u00e9t\u00e9 des F\u00eates\"],\"articleSection\":[\"A la une\",\"Ev\u00e8nements\",\"G\u00e9rardmer\"],\"inLanguage\":\"fr-FR\",\"potentialAction\":[{\"@type\":\"CommentAction\",\"name\":\"Comment\",\"target\":[\"https:\/\/vosgesinfo.fr\/gerardmerinfo\/2022\/03\/gerardmer-aux-premices-de-fete-jonquilles\/#respond\"]}]},{\"@type\":\"WebPage\",\"@id\":\"https:\/\/vosgesinfo.fr\/gerardmerinfo\/2022\/03\/gerardmer-aux-premices-de-fete-jonquilles\/\",\"url\":\"https:\/\/vosgesinfo.fr\/gerardmerinfo\/2022\/03\/gerardmer-aux-premices-de-fete-jonquilles\/\",\"name\":\"G\u00e9rardmer - aux pr\u00e9mices de la f\u00eate des jonquilles - Gerardmer Info\",\"isPartOf\":{\"@id\":\"https:\/\/vosgesinfo.fr\/gerardmerinfo\/#website\"},\"primaryImageOfPage\":{\"@id\":\"https:\/\/vosgesinfo.fr\/gerardmerinfo\/2022\/03\/gerardmer-aux-premices-de-fete-jonquilles\/#primaryimage\"},\"image\":{\"@id\":\"https:\/\/vosgesinfo.fr\/gerardmerinfo\/2022\/03\/gerardmer-aux-premices-de-fete-jonquilles\/#primaryimage\"},\"thumbnailUrl\":\"https:\/\/vosgesinfo.fr\/app\/uploads\/sites\/6\/2024\/07\/202203jonquilles-en-fete-5969.jpg\",\"datePublished\":\"2022-03-26T04:00:55+00:00\",\"dateModified\":\"2022-03-26T04:00:55+00:00\",\"breadcrumb\":{\"@id\":\"https:\/\/vosgesinfo.fr\/gerardmerinfo\/2022\/03\/gerardmer-aux-premices-de-fete-jonquilles\/#breadcrumb\"},\"inLanguage\":\"fr-FR\",\"potentialAction\":[{\"@type\":\"ReadAction\",\"target\":[\"https:\/\/vosgesinfo.fr\/gerardmerinfo\/2022\/03\/gerardmer-aux-premices-de-fete-jonquilles\/\"]}]},{\"@type\":\"ImageObject\",\"inLanguage\":\"fr-FR\",\"@id\":\"https:\/\/vosgesinfo.fr\/gerardmerinfo\/2022\/03\/gerardmer-aux-premices-de-fete-jonquilles\/#primaryimage\",\"url\":\"https:\/\/vosgesinfo.fr\/app\/uploads\/sites\/6\/2024\/07\/202203jonquilles-en-fete-5969.jpg\",\"contentUrl\":\"https:\/\/vosgesinfo.fr\/app\/uploads\/sites\/6\/2024\/07\/202203jonquilles-en-fete-5969.jpg\",\"width\":1200,\"height\":800},{\"@type\":\"BreadcrumbList\",\"@id\":\"https:\/\/vosgesinfo.fr\/gerardmerinfo\/2022\/03\/gerardmer-aux-premices-de-fete-jonquilles\/#breadcrumb\",\"itemListElement\":[{\"@type\":\"ListItem\",\"position\":1,\"name\":\"Home\",\"item\":\"https:\/\/vosgesinfo.fr\/gerardmerinfo\/\"},{\"@type\":\"ListItem\",\"position\":2,\"name\":\"G\u00e9rardmer &#8211; aux pr\u00e9mices de la f\u00eate des jonquilles\"}]},{\"@type\":\"WebSite\",\"@id\":\"https:\/\/vosgesinfo.fr\/gerardmerinfo\/#website\",\"url\":\"https:\/\/vosgesinfo.fr\/gerardmerinfo\/\",\"name\":\"Gerardmer Info\",\"description\":\"Toute l&#039;actualit\u00e9 de G\u00e9rardmer\",\"publisher\":{\"@id\":\"https:\/\/vosgesinfo.fr\/gerardmerinfo\/#organization\"},\"alternateName\":\"Toute l'actualit\u00e9 de G\u00e9rardmer\",\"potentialAction\":[{\"@type\":\"SearchAction\",\"target\":{\"@type\":\"EntryPoint\",\"urlTemplate\":\"https:\/\/vosgesinfo.fr\/gerardmerinfo\/?s={search_term_string}\"},\"query-input\":\"required name=search_term_string\"}],\"inLanguage\":\"fr-FR\"},{\"@type\":\"Organization\",\"@id\":\"https:\/\/vosgesinfo.fr\/gerardmerinfo\/#organization\",\"name\":\"Gerardmer Info\",\"url\":\"https:\/\/vosgesinfo.fr\/gerardmerinfo\/\",\"logo\":{\"@type\":\"ImageObject\",\"inLanguage\":\"fr-FR\",\"@id\":\"https:\/\/vosgesinfo.fr\/gerardmerinfo\/#\/schema\/logo\/image\/\",\"url\":\"https:\/\/vosgesinfo.fr\/app\/uploads\/sites\/6\/2023\/08\/favicon-gerardmerinfo.png\",\"contentUrl\":\"https:\/\/vosgesinfo.fr\/app\/uploads\/sites\/6\/2023\/08\/favicon-gerardmerinfo.png\",\"width\":512,\"height\":512,\"caption\":\"Gerardmer Info\"},\"image\":{\"@id\":\"https:\/\/vosgesinfo.fr\/gerardmerinfo\/#\/schema\/logo\/image\/\"},\"sameAs\":[\"https:\/\/www.facebook.com\/profile.php?id=100049475262660\",\"https:\/\/x.com\/VosgesInfo88\",\"https:\/\/www.youtube.com\/@vosgesinfo\"]},{\"@type\":\"Person\",\"@id\":\"https:\/\/vosgesinfo.fr\/gerardmerinfo\/#\/schema\/person\/bc5d02d71e6932e81b6dadb7386667b1\",\"name\":\"qs_admin\",\"image\":{\"@type\":\"ImageObject\",\"inLanguage\":\"fr-FR\",\"@id\":\"https:\/\/vosgesinfo.fr\/gerardmerinfo\/#\/schema\/person\/image\/\",\"url\":\"https:\/\/secure.gravatar.com\/avatar\/94b18ee0ed79e4a42ea2f2931277b6841a8999fc6fde214600c78057cf1fe1de?s=96&d=mm&r=g\",\"contentUrl\":\"https:\/\/secure.gravatar.com\/avatar\/94b18ee0ed79e4a42ea2f2931277b6841a8999fc6fde214600c78057cf1fe1de?s=96&d=mm&r=g\",\"caption\":\"qs_admin\"},\"sameAs\":[\"https:\/\/vosgesinfo.fr\/wp\"],\"url\":\"https:\/\/vosgesinfo.fr\/gerardmerinfo\/author\/qs_admin\/\"}]}<\/script>\n<!-- \/ Yoast SEO plugin. -->","yoast_head_json":{"title":"G\u00e9rardmer - aux pr\u00e9mices de la f\u00eate des jonquilles - Gerardmer Info","robots":{"index":"index","follow":"follow","max-snippet":"max-snippet:-1","max-image-preview":"max-image-preview:large","max-video-preview":"max-video-preview:-1"},"canonical":"https:\/\/vosgesinfo.fr\/gerardmerinfo\/2022\/03\/gerardmer-aux-premices-de-fete-jonquilles\/","twitter_card":"summary_large_image","twitter_title":"G\u00e9rardmer - aux pr\u00e9mices de la f\u00eate des jonquilles - Gerardmer Info","twitter_description":"&nbsp; Une r\u00e9union pr\u00e9paratoire avait lieu ce vendredi soir au si\u00e8ge de la soci\u00e9t\u00e9 des f\u00eates de G\u00e9rardmer afin de [&hellip;]","twitter_image":"https:\/\/vosgesinfo.fr\/app\/uploads\/sites\/6\/2024\/07\/202203jonquilles-en-fete-5969.jpg","twitter_creator":"@VosgesInfo88","twitter_site":"@VosgesInfo88","twitter_misc":{"\u00c9crit par":"qs_admin","Dur\u00e9e de lecture estim\u00e9e":"2 minutes"},"schema":{"@context":"https:\/\/schema.org","@graph":[{"@type":"Article","@id":"https:\/\/vosgesinfo.fr\/gerardmerinfo\/2022\/03\/gerardmer-aux-premices-de-fete-jonquilles\/#article","isPartOf":{"@id":"https:\/\/vosgesinfo.fr\/gerardmerinfo\/2022\/03\/gerardmer-aux-premices-de-fete-jonquilles\/"},"author":{"name":"qs_admin","@id":"https:\/\/vosgesinfo.fr\/gerardmerinfo\/#\/schema\/person\/bc5d02d71e6932e81b6dadb7386667b1"},"headline":"G\u00e9rardmer &#8211; aux pr\u00e9mices de la f\u00eate des jonquilles","datePublished":"2022-03-26T04:00:55+00:00","dateModified":"2022-03-26T04:00:55+00:00","mainEntityOfPage":{"@id":"https:\/\/vosgesinfo.fr\/gerardmerinfo\/2022\/03\/gerardmer-aux-premices-de-fete-jonquilles\/"},"wordCount":457,"commentCount":0,"publisher":{"@id":"https:\/\/vosgesinfo.fr\/gerardmerinfo\/#organization"},"image":{"@id":"https:\/\/vosgesinfo.fr\/gerardmerinfo\/2022\/03\/gerardmer-aux-premices-de-fete-jonquilles\/#primaryimage"},"thumbnailUrl":"https:\/\/vosgesinfo.fr\/app\/uploads\/sites\/6\/2024\/07\/202203jonquilles-en-fete-5969.jpg","keywords":["f\u00eate des jonquilles","G\u00e9rardmer","Soci\u00e9t\u00e9 des F\u00eates"],"articleSection":["A la une","Ev\u00e8nements","G\u00e9rardmer"],"inLanguage":"fr-FR","potentialAction":[{"@type":"CommentAction","name":"Comment","target":["https:\/\/vosgesinfo.fr\/gerardmerinfo\/2022\/03\/gerardmer-aux-premices-de-fete-jonquilles\/#respond"]}]},{"@type":"WebPage","@id":"https:\/\/vosgesinfo.fr\/gerardmerinfo\/2022\/03\/gerardmer-aux-premices-de-fete-jonquilles\/","url":"https:\/\/vosgesinfo.fr\/gerardmerinfo\/2022\/03\/gerardmer-aux-premices-de-fete-jonquilles\/","name":"G\u00e9rardmer - aux pr\u00e9mices de la f\u00eate des jonquilles - Gerardmer Info","isPartOf":{"@id":"https:\/\/vosgesinfo.fr\/gerardmerinfo\/#website"},"primaryImageOfPage":{"@id":"https:\/\/vosgesinfo.fr\/gerardmerinfo\/2022\/03\/gerardmer-aux-premices-de-fete-jonquilles\/#primaryimage"},"image":{"@id":"https:\/\/vosgesinfo.fr\/gerardmerinfo\/2022\/03\/gerardmer-aux-premices-de-fete-jonquilles\/#primaryimage"},"thumbnailUrl":"https:\/\/vosgesinfo.fr\/app\/uploads\/sites\/6\/2024\/07\/202203jonquilles-en-fete-5969.jpg","datePublished":"2022-03-26T04:00:55+00:00","dateModified":"2022-03-26T04:00:55+00:00","breadcrumb":{"@id":"https:\/\/vosgesinfo.fr\/gerardmerinfo\/2022\/03\/gerardmer-aux-premices-de-fete-jonquilles\/#breadcrumb"},"inLanguage":"fr-FR","potentialAction":[{"@type":"ReadAction","target":["https:\/\/vosgesinfo.fr\/gerardmerinfo\/2022\/03\/gerardmer-aux-premices-de-fete-jonquilles\/"]}]},{"@type":"ImageObject","inLanguage":"fr-FR","@id":"https:\/\/vosgesinfo.fr\/gerardmerinfo\/2022\/03\/gerardmer-aux-premices-de-fete-jonquilles\/#primaryimage","url":"https:\/\/vosgesinfo.fr\/app\/uploads\/sites\/6\/2024\/07\/202203jonquilles-en-fete-5969.jpg","contentUrl":"https:\/\/vosgesinfo.fr\/app\/uploads\/sites\/6\/2024\/07\/202203jonquilles-en-fete-5969.jpg","width":1200,"height":800},{"@type":"BreadcrumbList","@id":"https:\/\/vosgesinfo.fr\/gerardmerinfo\/2022\/03\/gerardmer-aux-premices-de-fete-jonquilles\/#breadcrumb","itemListElement":[{"@type":"ListItem","position":1,"name":"Home","item":"https:\/\/vosgesinfo.fr\/gerardmerinfo\/"},{"@type":"ListItem","position":2,"name":"G\u00e9rardmer &#8211; aux pr\u00e9mices de la f\u00eate des jonquilles"}]},{"@type":"WebSite","@id":"https:\/\/vosgesinfo.fr\/gerardmerinfo\/#website","url":"https:\/\/vosgesinfo.fr\/gerardmerinfo\/","name":"Gerardmer Info","description":"Toute l&#039;actualit\u00e9 de G\u00e9rardmer","publisher":{"@id":"https:\/\/vosgesinfo.fr\/gerardmerinfo\/#organization"},"alternateName":"Toute l'actualit\u00e9 de G\u00e9rardmer","potentialAction":[{"@type":"SearchAction","target":{"@type":"EntryPoint","urlTemplate":"https:\/\/vosgesinfo.fr\/gerardmerinfo\/?s={search_term_string}"},"query-input":"required name=search_term_string"}],"inLanguage":"fr-FR"},{"@type":"Organization","@id":"https:\/\/vosgesinfo.fr\/gerardmerinfo\/#organization","name":"Gerardmer Info","url":"https:\/\/vosgesinfo.fr\/gerardmerinfo\/","logo":{"@type":"ImageObject","inLanguage":"fr-FR","@id":"https:\/\/vosgesinfo.fr\/gerardmerinfo\/#\/schema\/logo\/image\/","url":"https:\/\/vosgesinfo.fr\/app\/uploads\/sites\/6\/2023\/08\/favicon-gerardmerinfo.png","contentUrl":"https:\/\/vosgesinfo.fr\/app\/uploads\/sites\/6\/2023\/08\/favicon-gerardmerinfo.png","width":512,"height":512,"caption":"Gerardmer Info"},"image":{"@id":"https:\/\/vosgesinfo.fr\/gerardmerinfo\/#\/schema\/logo\/image\/"},"sameAs":["https:\/\/www.facebook.com\/profile.php?id=100049475262660","https:\/\/x.com\/VosgesInfo88","https:\/\/www.youtube.com\/@vosgesinfo"]},{"@type":"Person","@id":"https:\/\/vosgesinfo.fr\/gerardmerinfo\/#\/schema\/person\/bc5d02d71e6932e81b6dadb7386667b1","name":"qs_admin","image":{"@type":"ImageObject","inLanguage":"fr-FR","@id":"https:\/\/vosgesinfo.fr\/gerardmerinfo\/#\/schema\/person\/image\/","url":"https:\/\/secure.gravatar.com\/avatar\/94b18ee0ed79e4a42ea2f2931277b6841a8999fc6fde214600c78057cf1fe1de?s=96&d=mm&r=g","contentUrl":"https:\/\/secure.gravatar.com\/avatar\/94b18ee0ed79e4a42ea2f2931277b6841a8999fc6fde214600c78057cf1fe1de?s=96&d=mm&r=g","caption":"qs_admin"},"sameAs":["https:\/\/vosgesinfo.fr\/wp"],"url":"https:\/\/vosgesinfo.fr\/gerardmerinfo\/author\/qs_admin\/"}]}},"_links":{"self":[{"href":"https:\/\/vosgesinfo.fr\/gerardmerinfo\/wp-json\/wp\/v2\/posts\/58094","targetHints":{"allow":["GET"]}}],"collection":[{"href":"https:\/\/vosgesinfo.fr\/gerardmerinfo\/wp-json\/wp\/v2\/posts"}],"about":[{"href":"https:\/\/vosgesinfo.fr\/gerardmerinfo\/wp-json\/wp\/v2\/types\/post"}],"author":[{"embeddable":true,"href":"https:\/\/vosgesinfo.fr\/gerardmerinfo\/wp-json\/wp\/v2\/users\/1"}],"replies":[{"embeddable":true,"href":"https:\/\/vosgesinfo.fr\/gerardmerinfo\/wp-json\/wp\/v2\/comments?post=58094"}],"version-history":[{"count":0,"href":"https:\/\/vosgesinfo.fr\/gerardmerinfo\/wp-json\/wp\/v2\/posts\/58094\/revisions"}],"wp:featuredmedia":[{"embeddable":true,"href":"https:\/\/vosgesinfo.fr\/gerardmerinfo\/wp-json\/wp\/v2\/media\/58095"}],"wp:attachment":[{"href":"https:\/\/vosgesinfo.fr\/gerardmerinfo\/wp-json\/wp\/v2\/media?parent=58094"}],"wp:term":[{"taxonomy":"category","embeddable":true,"href":"https:\/\/vosgesinfo.fr\/gerardmerinfo\/wp-json\/wp\/v2\/categories?post=58094"},{"taxonomy":"post_tag","embeddable":true,"href":"https:\/\/vosgesinfo.fr\/gerardmerinfo\/wp-json\/wp\/v2\/tags?post=58094"}],"curies":[{"name":"wp","href":"https:\/\/api.w.org\/{rel}","templated":true}]}}