{"id":58100,"date":"2022-03-26T12:57:25","date_gmt":"2022-03-26T11:57:25","guid":{"rendered":"https:\/\/vosgesinfo.fr\/gerardmerinfo\/2022\/03\/jeunes-agriculteurs-vosges-deux-presidents-succedent-a-victorien-lambert\/"},"modified":"2022-03-26T12:57:25","modified_gmt":"2022-03-26T11:57:25","slug":"jeunes-agriculteurs-vosges-deux-presidents-succedent-a-victorien-lambert","status":"publish","type":"post","link":"https:\/\/vosgesinfo.fr\/gerardmerinfo\/2022\/03\/jeunes-agriculteurs-vosges-deux-presidents-succedent-a-victorien-lambert\/","title":{"rendered":"Jeunes Agriculteurs des Vosges : deux pr\u00e9sidents succ\u00e8dent \u00e0 Victorien Lambert"},"content":{"rendered":"<p>\u00ab\u00a0Jeunes Agriculteurs des Vosges\u00a0\u00bb a \u00e9lu hier apr\u00e8s-midi son nouveau bureau pour le mandat 2022-2024. Une particularit\u00e9 cette ann\u00e9e puisque ce n\u2019est pas un mais\u2026 deux pr\u00e9sidents qui succ\u00e8dent \u00e0 Victorien Lambert.\u00a0Germain Blaise et Nicolas Lallemand ont \u00e9t\u00e9 \u00e9lus co-presidents.<\/p>\n","protected":false},"excerpt":{"rendered":"<p>\u00ab\u00a0Jeunes Agriculteurs des Vosges\u00a0\u00bb a \u00e9lu hier apr\u00e8s-midi son nouveau bureau pour le mandat 2022-2024. Une particularit\u00e9 cette ann\u00e9e puisque [&hellip;]<\/p>\n","protected":false},"author":1,"featured_media":58101,"comment_status":"open","ping_status":"open","sticky":false,"template":"","format":"standard","meta":{"footnotes":""},"categories":[20,23,18],"tags":[],"class_list":["post-58100","post","type-post","status-publish","format-standard","has-post-thumbnail","hentry","category-a-la-une","category-agriculture","category-vosges"],"acf":[],"yoast_head":"<!-- This site is optimized with the Yoast SEO plugin v22.5 - https:\/\/yoast.com\/wordpress\/plugins\/seo\/ -->\n<title>Jeunes Agriculteurs des Vosges : deux pr\u00e9sidents succ\u00e8dent \u00e0 Victorien Lambert - Gerardmer Info<\/title>\n<meta name=\"robots\" content=\"index, follow, max-snippet:-1, max-image-preview:large, max-video-preview:-1\" \/>\n<link rel=\"canonical\" href=\"https:\/\/vosgesinfo.fr\/gerardmerinfo\/2022\/03\/jeunes-agriculteurs-vosges-deux-presidents-succedent-a-victorien-lambert\/\" \/>\n<meta name=\"twitter:card\" content=\"summary_large_image\" \/>\n<meta name=\"twitter:title\" content=\"Jeunes Agriculteurs des Vosges : deux pr\u00e9sidents succ\u00e8dent \u00e0 Victorien Lambert - Gerardmer Info\" \/>\n<meta name=\"twitter:description\" content=\"\u00ab\u00a0Jeunes Agriculteurs des Vosges\u00a0\u00bb a \u00e9lu hier apr\u00e8s-midi son nouveau bureau pour le mandat 2022-2024. Une particularit\u00e9 cette ann\u00e9e puisque [&hellip;]\" \/>\n<meta name=\"twitter:image\" content=\"https:\/\/vosgesinfo.fr\/app\/uploads\/sites\/6\/2024\/07\/202203election-bureau-jeunes-agriculteurs-vosges.jpg\" \/>\n<meta name=\"twitter:creator\" content=\"@VosgesInfo88\" \/>\n<meta name=\"twitter:site\" content=\"@VosgesInfo88\" \/>\n<meta name=\"twitter:label1\" content=\"\u00c9crit par\" \/>\n\t<meta name=\"twitter:data1\" content=\"qs_admin\" \/>\n<script type=\"application\/ld+json\" class=\"yoast-schema-graph\">{\"@context\":\"https:\/\/schema.org\",\"@graph\":[{\"@type\":\"Article\",\"@id\":\"https:\/\/vosgesinfo.fr\/gerardmerinfo\/2022\/03\/jeunes-agriculteurs-vosges-deux-presidents-succedent-a-victorien-lambert\/#article\",\"isPartOf\":{\"@id\":\"https:\/\/vosgesinfo.fr\/gerardmerinfo\/2022\/03\/jeunes-agriculteurs-vosges-deux-presidents-succedent-a-victorien-lambert\/\"},\"author\":{\"name\":\"qs_admin\",\"@id\":\"https:\/\/vosgesinfo.fr\/gerardmerinfo\/#\/schema\/person\/bc5d02d71e6932e81b6dadb7386667b1\"},\"headline\":\"Jeunes Agriculteurs des Vosges : deux pr\u00e9sidents succ\u00e8dent \u00e0 Victorien Lambert\",\"datePublished\":\"2022-03-26T11:57:25+00:00\",\"dateModified\":\"2022-03-26T11:57:25+00:00\",\"mainEntityOfPage\":{\"@id\":\"https:\/\/vosgesinfo.fr\/gerardmerinfo\/2022\/03\/jeunes-agriculteurs-vosges-deux-presidents-succedent-a-victorien-lambert\/\"},\"wordCount\":56,\"commentCount\":0,\"publisher\":{\"@id\":\"https:\/\/vosgesinfo.fr\/gerardmerinfo\/#organization\"},\"image\":{\"@id\":\"https:\/\/vosgesinfo.fr\/gerardmerinfo\/2022\/03\/jeunes-agriculteurs-vosges-deux-presidents-succedent-a-victorien-lambert\/#primaryimage\"},\"thumbnailUrl\":\"https:\/\/vosgesinfo.fr\/app\/uploads\/sites\/6\/2024\/07\/202203election-bureau-jeunes-agriculteurs-vosges.jpg\",\"articleSection\":[\"A la une\",\"agriculture\",\"Vosges\"],\"inLanguage\":\"fr-FR\",\"potentialAction\":[{\"@type\":\"CommentAction\",\"name\":\"Comment\",\"target\":[\"https:\/\/vosgesinfo.fr\/gerardmerinfo\/2022\/03\/jeunes-agriculteurs-vosges-deux-presidents-succedent-a-victorien-lambert\/#respond\"]}]},{\"@type\":\"WebPage\",\"@id\":\"https:\/\/vosgesinfo.fr\/gerardmerinfo\/2022\/03\/jeunes-agriculteurs-vosges-deux-presidents-succedent-a-victorien-lambert\/\",\"url\":\"https:\/\/vosgesinfo.fr\/gerardmerinfo\/2022\/03\/jeunes-agriculteurs-vosges-deux-presidents-succedent-a-victorien-lambert\/\",\"name\":\"Jeunes Agriculteurs des Vosges : deux pr\u00e9sidents succ\u00e8dent \u00e0 Victorien Lambert - Gerardmer Info\",\"isPartOf\":{\"@id\":\"https:\/\/vosgesinfo.fr\/gerardmerinfo\/#website\"},\"primaryImageOfPage\":{\"@id\":\"https:\/\/vosgesinfo.fr\/gerardmerinfo\/2022\/03\/jeunes-agriculteurs-vosges-deux-presidents-succedent-a-victorien-lambert\/#primaryimage\"},\"image\":{\"@id\":\"https:\/\/vosgesinfo.fr\/gerardmerinfo\/2022\/03\/jeunes-agriculteurs-vosges-deux-presidents-succedent-a-victorien-lambert\/#primaryimage\"},\"thumbnailUrl\":\"https:\/\/vosgesinfo.fr\/app\/uploads\/sites\/6\/2024\/07\/202203election-bureau-jeunes-agriculteurs-vosges.jpg\",\"datePublished\":\"2022-03-26T11:57:25+00:00\",\"dateModified\":\"2022-03-26T11:57:25+00:00\",\"breadcrumb\":{\"@id\":\"https:\/\/vosgesinfo.fr\/gerardmerinfo\/2022\/03\/jeunes-agriculteurs-vosges-deux-presidents-succedent-a-victorien-lambert\/#breadcrumb\"},\"inLanguage\":\"fr-FR\",\"potentialAction\":[{\"@type\":\"ReadAction\",\"target\":[\"https:\/\/vosgesinfo.fr\/gerardmerinfo\/2022\/03\/jeunes-agriculteurs-vosges-deux-presidents-succedent-a-victorien-lambert\/\"]}]},{\"@type\":\"ImageObject\",\"inLanguage\":\"fr-FR\",\"@id\":\"https:\/\/vosgesinfo.fr\/gerardmerinfo\/2022\/03\/jeunes-agriculteurs-vosges-deux-presidents-succedent-a-victorien-lambert\/#primaryimage\",\"url\":\"https:\/\/vosgesinfo.fr\/app\/uploads\/sites\/6\/2024\/07\/202203election-bureau-jeunes-agriculteurs-vosges.jpg\",\"contentUrl\":\"https:\/\/vosgesinfo.fr\/app\/uploads\/sites\/6\/2024\/07\/202203election-bureau-jeunes-agriculteurs-vosges.jpg\",\"width\":800,\"height\":600},{\"@type\":\"BreadcrumbList\",\"@id\":\"https:\/\/vosgesinfo.fr\/gerardmerinfo\/2022\/03\/jeunes-agriculteurs-vosges-deux-presidents-succedent-a-victorien-lambert\/#breadcrumb\",\"itemListElement\":[{\"@type\":\"ListItem\",\"position\":1,\"name\":\"Home\",\"item\":\"https:\/\/vosgesinfo.fr\/gerardmerinfo\/\"},{\"@type\":\"ListItem\",\"position\":2,\"name\":\"Jeunes Agriculteurs des Vosges : deux pr\u00e9sidents succ\u00e8dent \u00e0 Victorien Lambert\"}]},{\"@type\":\"WebSite\",\"@id\":\"https:\/\/vosgesinfo.fr\/gerardmerinfo\/#website\",\"url\":\"https:\/\/vosgesinfo.fr\/gerardmerinfo\/\",\"name\":\"Gerardmer Info\",\"description\":\"Toute l&#039;actualit\u00e9 de G\u00e9rardmer\",\"publisher\":{\"@id\":\"https:\/\/vosgesinfo.fr\/gerardmerinfo\/#organization\"},\"alternateName\":\"Toute l'actualit\u00e9 de G\u00e9rardmer\",\"potentialAction\":[{\"@type\":\"SearchAction\",\"target\":{\"@type\":\"EntryPoint\",\"urlTemplate\":\"https:\/\/vosgesinfo.fr\/gerardmerinfo\/?s={search_term_string}\"},\"query-input\":\"required name=search_term_string\"}],\"inLanguage\":\"fr-FR\"},{\"@type\":\"Organization\",\"@id\":\"https:\/\/vosgesinfo.fr\/gerardmerinfo\/#organization\",\"name\":\"Gerardmer Info\",\"url\":\"https:\/\/vosgesinfo.fr\/gerardmerinfo\/\",\"logo\":{\"@type\":\"ImageObject\",\"inLanguage\":\"fr-FR\",\"@id\":\"https:\/\/vosgesinfo.fr\/gerardmerinfo\/#\/schema\/logo\/image\/\",\"url\":\"https:\/\/vosgesinfo.fr\/app\/uploads\/sites\/6\/2023\/08\/favicon-gerardmerinfo.png\",\"contentUrl\":\"https:\/\/vosgesinfo.fr\/app\/uploads\/sites\/6\/2023\/08\/favicon-gerardmerinfo.png\",\"width\":512,\"height\":512,\"caption\":\"Gerardmer Info\"},\"image\":{\"@id\":\"https:\/\/vosgesinfo.fr\/gerardmerinfo\/#\/schema\/logo\/image\/\"},\"sameAs\":[\"https:\/\/www.facebook.com\/profile.php?id=100049475262660\",\"https:\/\/x.com\/VosgesInfo88\",\"https:\/\/www.youtube.com\/@vosgesinfo\"]},{\"@type\":\"Person\",\"@id\":\"https:\/\/vosgesinfo.fr\/gerardmerinfo\/#\/schema\/person\/bc5d02d71e6932e81b6dadb7386667b1\",\"name\":\"qs_admin\",\"image\":{\"@type\":\"ImageObject\",\"inLanguage\":\"fr-FR\",\"@id\":\"https:\/\/vosgesinfo.fr\/gerardmerinfo\/#\/schema\/person\/image\/\",\"url\":\"https:\/\/secure.gravatar.com\/avatar\/94b18ee0ed79e4a42ea2f2931277b6841a8999fc6fde214600c78057cf1fe1de?s=96&d=mm&r=g\",\"contentUrl\":\"https:\/\/secure.gravatar.com\/avatar\/94b18ee0ed79e4a42ea2f2931277b6841a8999fc6fde214600c78057cf1fe1de?s=96&d=mm&r=g\",\"caption\":\"qs_admin\"},\"sameAs\":[\"https:\/\/vosgesinfo.fr\/wp\"],\"url\":\"https:\/\/vosgesinfo.fr\/gerardmerinfo\/author\/qs_admin\/\"}]}<\/script>\n<!-- \/ Yoast SEO plugin. -->","yoast_head_json":{"title":"Jeunes Agriculteurs des Vosges : deux pr\u00e9sidents succ\u00e8dent \u00e0 Victorien Lambert - Gerardmer Info","robots":{"index":"index","follow":"follow","max-snippet":"max-snippet:-1","max-image-preview":"max-image-preview:large","max-video-preview":"max-video-preview:-1"},"canonical":"https:\/\/vosgesinfo.fr\/gerardmerinfo\/2022\/03\/jeunes-agriculteurs-vosges-deux-presidents-succedent-a-victorien-lambert\/","twitter_card":"summary_large_image","twitter_title":"Jeunes Agriculteurs des Vosges : deux pr\u00e9sidents succ\u00e8dent \u00e0 Victorien Lambert - Gerardmer Info","twitter_description":"\u00ab\u00a0Jeunes Agriculteurs des Vosges\u00a0\u00bb a \u00e9lu hier apr\u00e8s-midi son nouveau bureau pour le mandat 2022-2024. Une particularit\u00e9 cette ann\u00e9e puisque [&hellip;]","twitter_image":"https:\/\/vosgesinfo.fr\/app\/uploads\/sites\/6\/2024\/07\/202203election-bureau-jeunes-agriculteurs-vosges.jpg","twitter_creator":"@VosgesInfo88","twitter_site":"@VosgesInfo88","twitter_misc":{"\u00c9crit par":"qs_admin"},"schema":{"@context":"https:\/\/schema.org","@graph":[{"@type":"Article","@id":"https:\/\/vosgesinfo.fr\/gerardmerinfo\/2022\/03\/jeunes-agriculteurs-vosges-deux-presidents-succedent-a-victorien-lambert\/#article","isPartOf":{"@id":"https:\/\/vosgesinfo.fr\/gerardmerinfo\/2022\/03\/jeunes-agriculteurs-vosges-deux-presidents-succedent-a-victorien-lambert\/"},"author":{"name":"qs_admin","@id":"https:\/\/vosgesinfo.fr\/gerardmerinfo\/#\/schema\/person\/bc5d02d71e6932e81b6dadb7386667b1"},"headline":"Jeunes Agriculteurs des Vosges : deux pr\u00e9sidents succ\u00e8dent \u00e0 Victorien Lambert","datePublished":"2022-03-26T11:57:25+00:00","dateModified":"2022-03-26T11:57:25+00:00","mainEntityOfPage":{"@id":"https:\/\/vosgesinfo.fr\/gerardmerinfo\/2022\/03\/jeunes-agriculteurs-vosges-deux-presidents-succedent-a-victorien-lambert\/"},"wordCount":56,"commentCount":0,"publisher":{"@id":"https:\/\/vosgesinfo.fr\/gerardmerinfo\/#organization"},"image":{"@id":"https:\/\/vosgesinfo.fr\/gerardmerinfo\/2022\/03\/jeunes-agriculteurs-vosges-deux-presidents-succedent-a-victorien-lambert\/#primaryimage"},"thumbnailUrl":"https:\/\/vosgesinfo.fr\/app\/uploads\/sites\/6\/2024\/07\/202203election-bureau-jeunes-agriculteurs-vosges.jpg","articleSection":["A la une","agriculture","Vosges"],"inLanguage":"fr-FR","potentialAction":[{"@type":"CommentAction","name":"Comment","target":["https:\/\/vosgesinfo.fr\/gerardmerinfo\/2022\/03\/jeunes-agriculteurs-vosges-deux-presidents-succedent-a-victorien-lambert\/#respond"]}]},{"@type":"WebPage","@id":"https:\/\/vosgesinfo.fr\/gerardmerinfo\/2022\/03\/jeunes-agriculteurs-vosges-deux-presidents-succedent-a-victorien-lambert\/","url":"https:\/\/vosgesinfo.fr\/gerardmerinfo\/2022\/03\/jeunes-agriculteurs-vosges-deux-presidents-succedent-a-victorien-lambert\/","name":"Jeunes Agriculteurs des Vosges : deux pr\u00e9sidents succ\u00e8dent \u00e0 Victorien Lambert - Gerardmer Info","isPartOf":{"@id":"https:\/\/vosgesinfo.fr\/gerardmerinfo\/#website"},"primaryImageOfPage":{"@id":"https:\/\/vosgesinfo.fr\/gerardmerinfo\/2022\/03\/jeunes-agriculteurs-vosges-deux-presidents-succedent-a-victorien-lambert\/#primaryimage"},"image":{"@id":"https:\/\/vosgesinfo.fr\/gerardmerinfo\/2022\/03\/jeunes-agriculteurs-vosges-deux-presidents-succedent-a-victorien-lambert\/#primaryimage"},"thumbnailUrl":"https:\/\/vosgesinfo.fr\/app\/uploads\/sites\/6\/2024\/07\/202203election-bureau-jeunes-agriculteurs-vosges.jpg","datePublished":"2022-03-26T11:57:25+00:00","dateModified":"2022-03-26T11:57:25+00:00","breadcrumb":{"@id":"https:\/\/vosgesinfo.fr\/gerardmerinfo\/2022\/03\/jeunes-agriculteurs-vosges-deux-presidents-succedent-a-victorien-lambert\/#breadcrumb"},"inLanguage":"fr-FR","potentialAction":[{"@type":"ReadAction","target":["https:\/\/vosgesinfo.fr\/gerardmerinfo\/2022\/03\/jeunes-agriculteurs-vosges-deux-presidents-succedent-a-victorien-lambert\/"]}]},{"@type":"ImageObject","inLanguage":"fr-FR","@id":"https:\/\/vosgesinfo.fr\/gerardmerinfo\/2022\/03\/jeunes-agriculteurs-vosges-deux-presidents-succedent-a-victorien-lambert\/#primaryimage","url":"https:\/\/vosgesinfo.fr\/app\/uploads\/sites\/6\/2024\/07\/202203election-bureau-jeunes-agriculteurs-vosges.jpg","contentUrl":"https:\/\/vosgesinfo.fr\/app\/uploads\/sites\/6\/2024\/07\/202203election-bureau-jeunes-agriculteurs-vosges.jpg","width":800,"height":600},{"@type":"BreadcrumbList","@id":"https:\/\/vosgesinfo.fr\/gerardmerinfo\/2022\/03\/jeunes-agriculteurs-vosges-deux-presidents-succedent-a-victorien-lambert\/#breadcrumb","itemListElement":[{"@type":"ListItem","position":1,"name":"Home","item":"https:\/\/vosgesinfo.fr\/gerardmerinfo\/"},{"@type":"ListItem","position":2,"name":"Jeunes Agriculteurs des Vosges : deux pr\u00e9sidents succ\u00e8dent \u00e0 Victorien Lambert"}]},{"@type":"WebSite","@id":"https:\/\/vosgesinfo.fr\/gerardmerinfo\/#website","url":"https:\/\/vosgesinfo.fr\/gerardmerinfo\/","name":"Gerardmer Info","description":"Toute l&#039;actualit\u00e9 de G\u00e9rardmer","publisher":{"@id":"https:\/\/vosgesinfo.fr\/gerardmerinfo\/#organization"},"alternateName":"Toute l'actualit\u00e9 de G\u00e9rardmer","potentialAction":[{"@type":"SearchAction","target":{"@type":"EntryPoint","urlTemplate":"https:\/\/vosgesinfo.fr\/gerardmerinfo\/?s={search_term_string}"},"query-input":"required name=search_term_string"}],"inLanguage":"fr-FR"},{"@type":"Organization","@id":"https:\/\/vosgesinfo.fr\/gerardmerinfo\/#organization","name":"Gerardmer Info","url":"https:\/\/vosgesinfo.fr\/gerardmerinfo\/","logo":{"@type":"ImageObject","inLanguage":"fr-FR","@id":"https:\/\/vosgesinfo.fr\/gerardmerinfo\/#\/schema\/logo\/image\/","url":"https:\/\/vosgesinfo.fr\/app\/uploads\/sites\/6\/2023\/08\/favicon-gerardmerinfo.png","contentUrl":"https:\/\/vosgesinfo.fr\/app\/uploads\/sites\/6\/2023\/08\/favicon-gerardmerinfo.png","width":512,"height":512,"caption":"Gerardmer Info"},"image":{"@id":"https:\/\/vosgesinfo.fr\/gerardmerinfo\/#\/schema\/logo\/image\/"},"sameAs":["https:\/\/www.facebook.com\/profile.php?id=100049475262660","https:\/\/x.com\/VosgesInfo88","https:\/\/www.youtube.com\/@vosgesinfo"]},{"@type":"Person","@id":"https:\/\/vosgesinfo.fr\/gerardmerinfo\/#\/schema\/person\/bc5d02d71e6932e81b6dadb7386667b1","name":"qs_admin","image":{"@type":"ImageObject","inLanguage":"fr-FR","@id":"https:\/\/vosgesinfo.fr\/gerardmerinfo\/#\/schema\/person\/image\/","url":"https:\/\/secure.gravatar.com\/avatar\/94b18ee0ed79e4a42ea2f2931277b6841a8999fc6fde214600c78057cf1fe1de?s=96&d=mm&r=g","contentUrl":"https:\/\/secure.gravatar.com\/avatar\/94b18ee0ed79e4a42ea2f2931277b6841a8999fc6fde214600c78057cf1fe1de?s=96&d=mm&r=g","caption":"qs_admin"},"sameAs":["https:\/\/vosgesinfo.fr\/wp"],"url":"https:\/\/vosgesinfo.fr\/gerardmerinfo\/author\/qs_admin\/"}]}},"_links":{"self":[{"href":"https:\/\/vosgesinfo.fr\/gerardmerinfo\/wp-json\/wp\/v2\/posts\/58100","targetHints":{"allow":["GET"]}}],"collection":[{"href":"https:\/\/vosgesinfo.fr\/gerardmerinfo\/wp-json\/wp\/v2\/posts"}],"about":[{"href":"https:\/\/vosgesinfo.fr\/gerardmerinfo\/wp-json\/wp\/v2\/types\/post"}],"author":[{"embeddable":true,"href":"https:\/\/vosgesinfo.fr\/gerardmerinfo\/wp-json\/wp\/v2\/users\/1"}],"replies":[{"embeddable":true,"href":"https:\/\/vosgesinfo.fr\/gerardmerinfo\/wp-json\/wp\/v2\/comments?post=58100"}],"version-history":[{"count":0,"href":"https:\/\/vosgesinfo.fr\/gerardmerinfo\/wp-json\/wp\/v2\/posts\/58100\/revisions"}],"wp:featuredmedia":[{"embeddable":true,"href":"https:\/\/vosgesinfo.fr\/gerardmerinfo\/wp-json\/wp\/v2\/media\/58101"}],"wp:attachment":[{"href":"https:\/\/vosgesinfo.fr\/gerardmerinfo\/wp-json\/wp\/v2\/media?parent=58100"}],"wp:term":[{"taxonomy":"category","embeddable":true,"href":"https:\/\/vosgesinfo.fr\/gerardmerinfo\/wp-json\/wp\/v2\/categories?post=58100"},{"taxonomy":"post_tag","embeddable":true,"href":"https:\/\/vosgesinfo.fr\/gerardmerinfo\/wp-json\/wp\/v2\/tags?post=58100"}],"curies":[{"name":"wp","href":"https:\/\/api.w.org\/{rel}","templated":true}]}}