{"id":58633,"date":"2022-05-03T08:48:46","date_gmt":"2022-05-03T06:48:46","guid":{"rendered":"https:\/\/vosgesinfo.fr\/gerardmerinfo\/2022\/05\/haie-griselle-cest-monaco-bal-de-promo\/"},"modified":"2022-05-03T08:48:46","modified_gmt":"2022-05-03T06:48:46","slug":"haie-griselle-cest-monaco-bal-de-promo","status":"publish","type":"post","link":"https:\/\/vosgesinfo.fr\/gerardmerinfo\/2022\/05\/haie-griselle-cest-monaco-bal-de-promo\/","title":{"rendered":"La Haie Griselle : c&rsquo;est Monaco pour le bal de promo"},"content":{"rendered":"\n<h3>C&rsquo;est une grande premi\u00e8re pour les lyc\u00e9ens de la Haie Griselle qui ont eu le plaisir de participer au tout premier bal de promo de l&rsquo;histoire de la cit\u00e9 scolaire.<\/h3>\n<div id=\"attachment_188930\" style=\"width: 180px\" class=\"wp-caption alignright\"><a href=\"\/2022\/04\/Q1-credit-photo-Fanny-Forme.jpg\"><img decoding=\"async\" aria-describedby=\"caption-attachment-188930\" class=\"size-medium wp-image-188930\" src=\"\/2022\/04\/Q1-credit-photo-Fanny-Forme-170x255.jpg\" alt=\"Victor Boutot et reine Lily Ruaux - credit photo Fanny Forme\" width=\"170\" height=\"255\" \/><\/a><p id=\"caption-attachment-188930\" class=\"wp-caption-text\">Victor Boutot et reine Lily Ruaux &#8211; cr\u00e9dit photo Fanny Forme<\/p><\/div>\n<p>Vendredi soir, \u00e9l\u00e8ves de premi\u00e8re et de terminale se sont retrouv\u00e9s \u00e0 l&rsquo;Espace LAC pour y passer un bon moment et enfin se retrouver dans une atmosph\u00e8re d\u00e9tendue et bon enfant apr\u00e8s avoir v\u00e9cu deux ann\u00e9es marqu\u00e9es par la crise sanitaire : \u00e9loignement, masques, confinement, protocoles, couvre-feu et autres restrictions sont venus g\u00e2cher la f\u00eate mais tout cela semblait bien loin \u00e0 l&rsquo;occasion de ce bal de promo : \u00ab\u00a0C&rsquo;est vrai que l&rsquo;on a accept\u00e9 de jouer le jeu pour nos \u00e9l\u00e8ves de terminale et de premi\u00e8re qui n&rsquo;ont pas vraiment profit\u00e9 de leur scolarit\u00e9 en raison du COVID. En plus il n&rsquo;y a pas eu de p\u00e8re-cent et il n&rsquo;y en a pas cette ann\u00e9e non plus, \u00e7a fait partie des \u00e9v\u00e9nements qui marquent habituellement la fin de la scolarit\u00e9\u00a0\u00bb pr\u00e9cise Sarah Suchetet, CPE particuli\u00e8rement investie dans ce projet de bal de promo et qui \u00e9tait naturellement pr\u00e9sente \u00e0 la soir\u00e9e, tout comme certains enseignants. \u00ab\u00a0L&rsquo;id\u00e9e n&rsquo;est pas de surveiller les \u00e9l\u00e8ves mais de passer un bon moment avec eux dans contexte diff\u00e9rent\u00a0\u00bb conclue Sarah Suchetet.<\/p>\n<p>C\u00f4t\u00e9 organisation, ce sont notamment les membres du Conseil de Vie Lyc\u00e9enne qui ont pris les choses en main : DJ, d\u00e9co, th\u00e9matique, animations, on a mis les petits plats dans les grands. A ce propos, un buffet pr\u00e9par\u00e9 par l&rsquo;\u00e9quipe cuisine de la cit\u00e9 scolaire attendait \u00e9galement les \u00e9l\u00e8ves&#8230;Bref, il y avait tout ce qu&rsquo;il faut pour s&rsquo;amuser et il faut esp\u00e9rer que le concept sera p\u00e9rennis\u00e9 pour les ann\u00e9es \u00e0 venir.<\/p>\n","protected":false},"excerpt":{"rendered":"<p>C&rsquo;est une grande premi\u00e8re pour les lyc\u00e9ens de la Haie Griselle qui ont eu le plaisir de participer au tout [&hellip;]<\/p>\n","protected":false},"author":42,"featured_media":58634,"comment_status":"open","ping_status":"open","sticky":false,"template":"","format":"standard","meta":{"footnotes":""},"categories":[20,6,25],"tags":[],"class_list":["post-58633","post","type-post","status-publish","format-standard","has-post-thumbnail","hentry","category-a-la-une","category-education","category-gerardmer"],"acf":[],"yoast_head":"<!-- This site is optimized with the Yoast SEO plugin v22.5 - https:\/\/yoast.com\/wordpress\/plugins\/seo\/ -->\n<title>La Haie Griselle : c&#039;est Monaco pour le bal de promo - Gerardmer Info<\/title>\n<meta name=\"robots\" content=\"index, follow, max-snippet:-1, max-image-preview:large, max-video-preview:-1\" \/>\n<link rel=\"canonical\" href=\"https:\/\/vosgesinfo.fr\/gerardmerinfo\/2022\/05\/haie-griselle-cest-monaco-bal-de-promo\/\" \/>\n<meta name=\"twitter:card\" content=\"summary_large_image\" \/>\n<meta name=\"twitter:title\" content=\"La Haie Griselle : c&#039;est Monaco pour le bal de promo - Gerardmer Info\" \/>\n<meta name=\"twitter:description\" content=\"C&rsquo;est une grande premi\u00e8re pour les lyc\u00e9ens de la Haie Griselle qui ont eu le plaisir de participer au tout [&hellip;]\" \/>\n<meta name=\"twitter:image\" content=\"https:\/\/vosgesinfo.fr\/app\/uploads\/sites\/6\/2024\/07\/202204bal-de-promo-la-haie-griselle-2-scaled.jpg\" \/>\n<meta name=\"twitter:creator\" content=\"@VosgesInfo88\" \/>\n<meta name=\"twitter:site\" content=\"@VosgesInfo88\" \/>\n<meta name=\"twitter:label1\" content=\"\u00c9crit par\" \/>\n\t<meta name=\"twitter:data1\" content=\"QG\" \/>\n\t<meta name=\"twitter:label2\" content=\"Dur\u00e9e de lecture estim\u00e9e\" \/>\n\t<meta name=\"twitter:data2\" content=\"2 minutes\" \/>\n<script type=\"application\/ld+json\" class=\"yoast-schema-graph\">{\"@context\":\"https:\/\/schema.org\",\"@graph\":[{\"@type\":\"Article\",\"@id\":\"https:\/\/vosgesinfo.fr\/gerardmerinfo\/2022\/05\/haie-griselle-cest-monaco-bal-de-promo\/#article\",\"isPartOf\":{\"@id\":\"https:\/\/vosgesinfo.fr\/gerardmerinfo\/2022\/05\/haie-griselle-cest-monaco-bal-de-promo\/\"},\"author\":{\"name\":\"QG\",\"@id\":\"https:\/\/vosgesinfo.fr\/gerardmerinfo\/#\/schema\/person\/db5605779a843dad16b5368f3e7613a5\"},\"headline\":\"La Haie Griselle : c&rsquo;est Monaco pour le bal de promo\",\"datePublished\":\"2022-05-03T06:48:46+00:00\",\"dateModified\":\"2022-05-03T06:48:46+00:00\",\"mainEntityOfPage\":{\"@id\":\"https:\/\/vosgesinfo.fr\/gerardmerinfo\/2022\/05\/haie-griselle-cest-monaco-bal-de-promo\/\"},\"wordCount\":362,\"commentCount\":0,\"publisher\":{\"@id\":\"https:\/\/vosgesinfo.fr\/gerardmerinfo\/#organization\"},\"image\":{\"@id\":\"https:\/\/vosgesinfo.fr\/gerardmerinfo\/2022\/05\/haie-griselle-cest-monaco-bal-de-promo\/#primaryimage\"},\"thumbnailUrl\":\"https:\/\/vosgesinfo.fr\/app\/uploads\/sites\/6\/2024\/07\/202204bal-de-promo-la-haie-griselle-2-scaled.jpg\",\"articleSection\":[\"A la une\",\"\u00c9ducation\",\"G\u00e9rardmer\"],\"inLanguage\":\"fr-FR\",\"potentialAction\":[{\"@type\":\"CommentAction\",\"name\":\"Comment\",\"target\":[\"https:\/\/vosgesinfo.fr\/gerardmerinfo\/2022\/05\/haie-griselle-cest-monaco-bal-de-promo\/#respond\"]}]},{\"@type\":\"WebPage\",\"@id\":\"https:\/\/vosgesinfo.fr\/gerardmerinfo\/2022\/05\/haie-griselle-cest-monaco-bal-de-promo\/\",\"url\":\"https:\/\/vosgesinfo.fr\/gerardmerinfo\/2022\/05\/haie-griselle-cest-monaco-bal-de-promo\/\",\"name\":\"La Haie Griselle : c'est Monaco pour le bal de promo - Gerardmer Info\",\"isPartOf\":{\"@id\":\"https:\/\/vosgesinfo.fr\/gerardmerinfo\/#website\"},\"primaryImageOfPage\":{\"@id\":\"https:\/\/vosgesinfo.fr\/gerardmerinfo\/2022\/05\/haie-griselle-cest-monaco-bal-de-promo\/#primaryimage\"},\"image\":{\"@id\":\"https:\/\/vosgesinfo.fr\/gerardmerinfo\/2022\/05\/haie-griselle-cest-monaco-bal-de-promo\/#primaryimage\"},\"thumbnailUrl\":\"https:\/\/vosgesinfo.fr\/app\/uploads\/sites\/6\/2024\/07\/202204bal-de-promo-la-haie-griselle-2-scaled.jpg\",\"datePublished\":\"2022-05-03T06:48:46+00:00\",\"dateModified\":\"2022-05-03T06:48:46+00:00\",\"breadcrumb\":{\"@id\":\"https:\/\/vosgesinfo.fr\/gerardmerinfo\/2022\/05\/haie-griselle-cest-monaco-bal-de-promo\/#breadcrumb\"},\"inLanguage\":\"fr-FR\",\"potentialAction\":[{\"@type\":\"ReadAction\",\"target\":[\"https:\/\/vosgesinfo.fr\/gerardmerinfo\/2022\/05\/haie-griselle-cest-monaco-bal-de-promo\/\"]}]},{\"@type\":\"ImageObject\",\"inLanguage\":\"fr-FR\",\"@id\":\"https:\/\/vosgesinfo.fr\/gerardmerinfo\/2022\/05\/haie-griselle-cest-monaco-bal-de-promo\/#primaryimage\",\"url\":\"https:\/\/vosgesinfo.fr\/app\/uploads\/sites\/6\/2024\/07\/202204bal-de-promo-la-haie-griselle-2-scaled.jpg\",\"contentUrl\":\"https:\/\/vosgesinfo.fr\/app\/uploads\/sites\/6\/2024\/07\/202204bal-de-promo-la-haie-griselle-2-scaled.jpg\",\"width\":2560,\"height\":1707},{\"@type\":\"BreadcrumbList\",\"@id\":\"https:\/\/vosgesinfo.fr\/gerardmerinfo\/2022\/05\/haie-griselle-cest-monaco-bal-de-promo\/#breadcrumb\",\"itemListElement\":[{\"@type\":\"ListItem\",\"position\":1,\"name\":\"Home\",\"item\":\"https:\/\/vosgesinfo.fr\/gerardmerinfo\/\"},{\"@type\":\"ListItem\",\"position\":2,\"name\":\"La Haie Griselle : c&rsquo;est Monaco pour le bal de promo\"}]},{\"@type\":\"WebSite\",\"@id\":\"https:\/\/vosgesinfo.fr\/gerardmerinfo\/#website\",\"url\":\"https:\/\/vosgesinfo.fr\/gerardmerinfo\/\",\"name\":\"Gerardmer Info\",\"description\":\"Toute l&#039;actualit\u00e9 de G\u00e9rardmer\",\"publisher\":{\"@id\":\"https:\/\/vosgesinfo.fr\/gerardmerinfo\/#organization\"},\"alternateName\":\"Toute l'actualit\u00e9 de G\u00e9rardmer\",\"potentialAction\":[{\"@type\":\"SearchAction\",\"target\":{\"@type\":\"EntryPoint\",\"urlTemplate\":\"https:\/\/vosgesinfo.fr\/gerardmerinfo\/?s={search_term_string}\"},\"query-input\":\"required name=search_term_string\"}],\"inLanguage\":\"fr-FR\"},{\"@type\":\"Organization\",\"@id\":\"https:\/\/vosgesinfo.fr\/gerardmerinfo\/#organization\",\"name\":\"Gerardmer Info\",\"url\":\"https:\/\/vosgesinfo.fr\/gerardmerinfo\/\",\"logo\":{\"@type\":\"ImageObject\",\"inLanguage\":\"fr-FR\",\"@id\":\"https:\/\/vosgesinfo.fr\/gerardmerinfo\/#\/schema\/logo\/image\/\",\"url\":\"https:\/\/vosgesinfo.fr\/app\/uploads\/sites\/6\/2023\/08\/favicon-gerardmerinfo.png\",\"contentUrl\":\"https:\/\/vosgesinfo.fr\/app\/uploads\/sites\/6\/2023\/08\/favicon-gerardmerinfo.png\",\"width\":512,\"height\":512,\"caption\":\"Gerardmer Info\"},\"image\":{\"@id\":\"https:\/\/vosgesinfo.fr\/gerardmerinfo\/#\/schema\/logo\/image\/\"},\"sameAs\":[\"https:\/\/www.facebook.com\/profile.php?id=100049475262660\",\"https:\/\/x.com\/VosgesInfo88\",\"https:\/\/www.youtube.com\/@vosgesinfo\"]},{\"@type\":\"Person\",\"@id\":\"https:\/\/vosgesinfo.fr\/gerardmerinfo\/#\/schema\/person\/db5605779a843dad16b5368f3e7613a5\",\"name\":\"QG\",\"image\":{\"@type\":\"ImageObject\",\"inLanguage\":\"fr-FR\",\"@id\":\"https:\/\/vosgesinfo.fr\/gerardmerinfo\/#\/schema\/person\/image\/\",\"url\":\"https:\/\/secure.gravatar.com\/avatar\/ea80c42c204b534408512832fde52504ecabb9706bcb6151cf6175e5b64e6793?s=96&d=mm&r=g\",\"contentUrl\":\"https:\/\/secure.gravatar.com\/avatar\/ea80c42c204b534408512832fde52504ecabb9706bcb6151cf6175e5b64e6793?s=96&d=mm&r=g\",\"caption\":\"QG\"},\"url\":\"https:\/\/vosgesinfo.fr\/gerardmerinfo\/author\/quentin88\/\"}]}<\/script>\n<!-- \/ Yoast SEO plugin. -->","yoast_head_json":{"title":"La Haie Griselle : c'est Monaco pour le bal de promo - Gerardmer Info","robots":{"index":"index","follow":"follow","max-snippet":"max-snippet:-1","max-image-preview":"max-image-preview:large","max-video-preview":"max-video-preview:-1"},"canonical":"https:\/\/vosgesinfo.fr\/gerardmerinfo\/2022\/05\/haie-griselle-cest-monaco-bal-de-promo\/","twitter_card":"summary_large_image","twitter_title":"La Haie Griselle : c'est Monaco pour le bal de promo - Gerardmer Info","twitter_description":"C&rsquo;est une grande premi\u00e8re pour les lyc\u00e9ens de la Haie Griselle qui ont eu le plaisir de participer au tout [&hellip;]","twitter_image":"https:\/\/vosgesinfo.fr\/app\/uploads\/sites\/6\/2024\/07\/202204bal-de-promo-la-haie-griselle-2-scaled.jpg","twitter_creator":"@VosgesInfo88","twitter_site":"@VosgesInfo88","twitter_misc":{"\u00c9crit par":"QG","Dur\u00e9e de lecture estim\u00e9e":"2 minutes"},"schema":{"@context":"https:\/\/schema.org","@graph":[{"@type":"Article","@id":"https:\/\/vosgesinfo.fr\/gerardmerinfo\/2022\/05\/haie-griselle-cest-monaco-bal-de-promo\/#article","isPartOf":{"@id":"https:\/\/vosgesinfo.fr\/gerardmerinfo\/2022\/05\/haie-griselle-cest-monaco-bal-de-promo\/"},"author":{"name":"QG","@id":"https:\/\/vosgesinfo.fr\/gerardmerinfo\/#\/schema\/person\/db5605779a843dad16b5368f3e7613a5"},"headline":"La Haie Griselle : c&rsquo;est Monaco pour le bal de promo","datePublished":"2022-05-03T06:48:46+00:00","dateModified":"2022-05-03T06:48:46+00:00","mainEntityOfPage":{"@id":"https:\/\/vosgesinfo.fr\/gerardmerinfo\/2022\/05\/haie-griselle-cest-monaco-bal-de-promo\/"},"wordCount":362,"commentCount":0,"publisher":{"@id":"https:\/\/vosgesinfo.fr\/gerardmerinfo\/#organization"},"image":{"@id":"https:\/\/vosgesinfo.fr\/gerardmerinfo\/2022\/05\/haie-griselle-cest-monaco-bal-de-promo\/#primaryimage"},"thumbnailUrl":"https:\/\/vosgesinfo.fr\/app\/uploads\/sites\/6\/2024\/07\/202204bal-de-promo-la-haie-griselle-2-scaled.jpg","articleSection":["A la une","\u00c9ducation","G\u00e9rardmer"],"inLanguage":"fr-FR","potentialAction":[{"@type":"CommentAction","name":"Comment","target":["https:\/\/vosgesinfo.fr\/gerardmerinfo\/2022\/05\/haie-griselle-cest-monaco-bal-de-promo\/#respond"]}]},{"@type":"WebPage","@id":"https:\/\/vosgesinfo.fr\/gerardmerinfo\/2022\/05\/haie-griselle-cest-monaco-bal-de-promo\/","url":"https:\/\/vosgesinfo.fr\/gerardmerinfo\/2022\/05\/haie-griselle-cest-monaco-bal-de-promo\/","name":"La Haie Griselle : c'est Monaco pour le bal de promo - Gerardmer Info","isPartOf":{"@id":"https:\/\/vosgesinfo.fr\/gerardmerinfo\/#website"},"primaryImageOfPage":{"@id":"https:\/\/vosgesinfo.fr\/gerardmerinfo\/2022\/05\/haie-griselle-cest-monaco-bal-de-promo\/#primaryimage"},"image":{"@id":"https:\/\/vosgesinfo.fr\/gerardmerinfo\/2022\/05\/haie-griselle-cest-monaco-bal-de-promo\/#primaryimage"},"thumbnailUrl":"https:\/\/vosgesinfo.fr\/app\/uploads\/sites\/6\/2024\/07\/202204bal-de-promo-la-haie-griselle-2-scaled.jpg","datePublished":"2022-05-03T06:48:46+00:00","dateModified":"2022-05-03T06:48:46+00:00","breadcrumb":{"@id":"https:\/\/vosgesinfo.fr\/gerardmerinfo\/2022\/05\/haie-griselle-cest-monaco-bal-de-promo\/#breadcrumb"},"inLanguage":"fr-FR","potentialAction":[{"@type":"ReadAction","target":["https:\/\/vosgesinfo.fr\/gerardmerinfo\/2022\/05\/haie-griselle-cest-monaco-bal-de-promo\/"]}]},{"@type":"ImageObject","inLanguage":"fr-FR","@id":"https:\/\/vosgesinfo.fr\/gerardmerinfo\/2022\/05\/haie-griselle-cest-monaco-bal-de-promo\/#primaryimage","url":"https:\/\/vosgesinfo.fr\/app\/uploads\/sites\/6\/2024\/07\/202204bal-de-promo-la-haie-griselle-2-scaled.jpg","contentUrl":"https:\/\/vosgesinfo.fr\/app\/uploads\/sites\/6\/2024\/07\/202204bal-de-promo-la-haie-griselle-2-scaled.jpg","width":2560,"height":1707},{"@type":"BreadcrumbList","@id":"https:\/\/vosgesinfo.fr\/gerardmerinfo\/2022\/05\/haie-griselle-cest-monaco-bal-de-promo\/#breadcrumb","itemListElement":[{"@type":"ListItem","position":1,"name":"Home","item":"https:\/\/vosgesinfo.fr\/gerardmerinfo\/"},{"@type":"ListItem","position":2,"name":"La Haie Griselle : c&rsquo;est Monaco pour le bal de promo"}]},{"@type":"WebSite","@id":"https:\/\/vosgesinfo.fr\/gerardmerinfo\/#website","url":"https:\/\/vosgesinfo.fr\/gerardmerinfo\/","name":"Gerardmer Info","description":"Toute l&#039;actualit\u00e9 de G\u00e9rardmer","publisher":{"@id":"https:\/\/vosgesinfo.fr\/gerardmerinfo\/#organization"},"alternateName":"Toute l'actualit\u00e9 de G\u00e9rardmer","potentialAction":[{"@type":"SearchAction","target":{"@type":"EntryPoint","urlTemplate":"https:\/\/vosgesinfo.fr\/gerardmerinfo\/?s={search_term_string}"},"query-input":"required name=search_term_string"}],"inLanguage":"fr-FR"},{"@type":"Organization","@id":"https:\/\/vosgesinfo.fr\/gerardmerinfo\/#organization","name":"Gerardmer Info","url":"https:\/\/vosgesinfo.fr\/gerardmerinfo\/","logo":{"@type":"ImageObject","inLanguage":"fr-FR","@id":"https:\/\/vosgesinfo.fr\/gerardmerinfo\/#\/schema\/logo\/image\/","url":"https:\/\/vosgesinfo.fr\/app\/uploads\/sites\/6\/2023\/08\/favicon-gerardmerinfo.png","contentUrl":"https:\/\/vosgesinfo.fr\/app\/uploads\/sites\/6\/2023\/08\/favicon-gerardmerinfo.png","width":512,"height":512,"caption":"Gerardmer Info"},"image":{"@id":"https:\/\/vosgesinfo.fr\/gerardmerinfo\/#\/schema\/logo\/image\/"},"sameAs":["https:\/\/www.facebook.com\/profile.php?id=100049475262660","https:\/\/x.com\/VosgesInfo88","https:\/\/www.youtube.com\/@vosgesinfo"]},{"@type":"Person","@id":"https:\/\/vosgesinfo.fr\/gerardmerinfo\/#\/schema\/person\/db5605779a843dad16b5368f3e7613a5","name":"QG","image":{"@type":"ImageObject","inLanguage":"fr-FR","@id":"https:\/\/vosgesinfo.fr\/gerardmerinfo\/#\/schema\/person\/image\/","url":"https:\/\/secure.gravatar.com\/avatar\/ea80c42c204b534408512832fde52504ecabb9706bcb6151cf6175e5b64e6793?s=96&d=mm&r=g","contentUrl":"https:\/\/secure.gravatar.com\/avatar\/ea80c42c204b534408512832fde52504ecabb9706bcb6151cf6175e5b64e6793?s=96&d=mm&r=g","caption":"QG"},"url":"https:\/\/vosgesinfo.fr\/gerardmerinfo\/author\/quentin88\/"}]}},"_links":{"self":[{"href":"https:\/\/vosgesinfo.fr\/gerardmerinfo\/wp-json\/wp\/v2\/posts\/58633","targetHints":{"allow":["GET"]}}],"collection":[{"href":"https:\/\/vosgesinfo.fr\/gerardmerinfo\/wp-json\/wp\/v2\/posts"}],"about":[{"href":"https:\/\/vosgesinfo.fr\/gerardmerinfo\/wp-json\/wp\/v2\/types\/post"}],"author":[{"embeddable":true,"href":"https:\/\/vosgesinfo.fr\/gerardmerinfo\/wp-json\/wp\/v2\/users\/42"}],"replies":[{"embeddable":true,"href":"https:\/\/vosgesinfo.fr\/gerardmerinfo\/wp-json\/wp\/v2\/comments?post=58633"}],"version-history":[{"count":0,"href":"https:\/\/vosgesinfo.fr\/gerardmerinfo\/wp-json\/wp\/v2\/posts\/58633\/revisions"}],"wp:featuredmedia":[{"embeddable":true,"href":"https:\/\/vosgesinfo.fr\/gerardmerinfo\/wp-json\/wp\/v2\/media\/58634"}],"wp:attachment":[{"href":"https:\/\/vosgesinfo.fr\/gerardmerinfo\/wp-json\/wp\/v2\/media?parent=58633"}],"wp:term":[{"taxonomy":"category","embeddable":true,"href":"https:\/\/vosgesinfo.fr\/gerardmerinfo\/wp-json\/wp\/v2\/categories?post=58633"},{"taxonomy":"post_tag","embeddable":true,"href":"https:\/\/vosgesinfo.fr\/gerardmerinfo\/wp-json\/wp\/v2\/tags?post=58633"}],"curies":[{"name":"wp","href":"https:\/\/api.w.org\/{rel}","templated":true}]}}