{"id":58688,"date":"2022-05-01T04:14:17","date_gmt":"2022-05-01T02:14:17","guid":{"rendered":"https:\/\/vosgesinfo.fr\/gerardmerinfo\/2022\/05\/cultivons-nos-passions-monts-de-lutopie-evenement-ecoresponsable-pluridisciplinaire\/"},"modified":"2022-05-01T04:14:17","modified_gmt":"2022-05-01T02:14:17","slug":"cultivons-nos-passions-monts-de-lutopie-evenement-ecoresponsable-pluridisciplinaire","status":"publish","type":"post","link":"https:\/\/vosgesinfo.fr\/gerardmerinfo\/2022\/05\/cultivons-nos-passions-monts-de-lutopie-evenement-ecoresponsable-pluridisciplinaire\/","title":{"rendered":"Cultivons nos Passions\u00a0\u00bb avec les Monts de l&rsquo;Utopie : un \u00e9v\u00e9nement \u00e9coresponsable et pluridisciplinaire"},"content":{"rendered":"<div id=\"attachment_188779\" style=\"width: 515px\" class=\"wp-caption aligncenter\"><a href=\"\/2022\/04\/Cultivons-nos-passions-monts-de-lutopie-1.jpg\"><img decoding=\"async\" aria-describedby=\"caption-attachment-188779\" class=\" wp-image-188779\" src=\"\/2022\/04\/Cultivons-nos-passions-monts-de-lutopie-1-1024x768.jpg\" alt=\"Charlotte &amp; Florent nous ont pr\u00e9sent\u00e9s cette nouvelle \u00e9dition de &quot;Cultivons nos Passions&quot;\" width=\"505\" height=\"379\" \/><\/a><p id=\"caption-attachment-188779\" class=\"wp-caption-text\">Charlotte &amp; Florent nous ont pr\u00e9sent\u00e9s cette nouvelle \u00e9dition de \u00ab\u00a0Cultivons nos Passions\u00a0\u00bb<\/p><\/div>\n<h3><\/h3>\n<h3>\u00ab\u00a0Cultivons nos Passions\u00a0\u00bb est de retour cette ann\u00e9e avec une seconde \u00e9dition programm\u00e9e le 15 mai 2022 dans le village de Rochesson o\u00f9 est bas\u00e9e l&rsquo;association Les Monts de l&rsquo;Utopie.<\/h3>\n<p>Association qui, hors COVID, a toujours eu \u00e0 c\u0153ur de proposer une saison culturelle compos\u00e9e de 6 \u00e0 10 \u00e9v\u00e9nements par an organis\u00e9e principalement par une \u00e9quipe de 10 \u00e0 15 membres actifs et avec le soutien d&rsquo;une trentaine de b\u00e9n\u00e9voles. Au printemps, l&rsquo;\u00e9v\u00e9nement phare de cette saison culturelle sera r\u00e9solument \u00e9coresponsable, mais aussi pluridisciplinaire, pr\u00f4nant le respect de l&rsquo;humain et de la nature, autant de valeurs fortes qui sont et resteront essentielles au sein des Monts de l&rsquo;Utopie.<\/p>\n<p><a href=\"\/2022\/04\/Cultivons-nos-passions-monts-de-lutopie-2.jpg\"><img decoding=\"async\" class=\"alignright size-medium wp-image-188778\" src=\"\/2022\/04\/Cultivons-nos-passions-monts-de-lutopie-2-181x255.jpg\" alt=\"Cultivons nos passions monts de l'utopie (2)\" width=\"181\" height=\"255\" \/><\/a>Au programme de cette \u00e9dition dont les mortes ouvriront d\u00e8s 10 h 00, vous retrouverez des activit\u00e9s pour les petits et les grands avec notamment un march\u00e9 de producteurs et artisans, des ateliers DIY, un troc de plantes et graines ou encore une tombola. le midi vous sera propos\u00e9 un repas concoct\u00e9 par l&rsquo;\u00e9quipe cuisine de l&rsquo;association qui \u00e9tait r\u00e9cemment aux fourneaux pour la F\u00eate de la Solidarit\u00e9 \u00e0 G\u00e9rardmer. Bien entendu, la r\u00e9servation est fortement conseill\u00e9e si vous voulez \u00eatre s\u00fbr(e) d&rsquo;\u00eatre servie(e) et de vous r\u00e9galer !<\/p>\n<p>L&rsquo;apr\u00e8s-midi, un spectacle et un bal\/concert sur la place du village vous attendront. Et cela d\u00e9butera \u00e0 14 h 00 avec le spectacle intitul\u00e9 \u00ab\u00a0Nous la for\u00eat&#8230;. Ou comment se planter\u00a0\u00bb de la compagnie Kif Kif venue de Rennes : \u00ab\u00a0Au pied d\u2019un arbre, deux grands enfants accompagn\u00e9s par un musicien-jardinier cherchent leur place. Ils se comparent, se tournent autour, se percutent, se soutiennent et se renvoient la pomme. A travers le jonglage et les questionnements po\u00e9tico-m\u00e9taphysiques, ces explorateurs na\u00effs revendiquent le droit de plonger vers le haut, renversent le dessus et le dessous et avancent dans la vie. Ils d\u00e9ploient leurs branches et leur imaginaire avec humour et tendresse, au rythme de la batterie, des chutes et des suspensions.\u00a0\u00bb<\/p>\n<p>Enfin, \u00e0 16 h 30, place aux talentueux \u00ab\u00a0Bal o Gadjo\u00a0\u00bb avec leur \u00ab\u00a0Bal Concert Sans Fronti\u00e8res\u00a0\u00bb : \u00ab\u00a0depuis 2005, plus de 300 concerts un peu partout en Europe et 6 albums, <a class=\"oajrlxb2 g5ia77u1 qu0x051f esr5mh6w e9989ue4 r7d6kgcz rq0escxv nhd2j8a9 nc684nl6 p7hjln8o kvgmc6g5 cxmmr5t8 oygrvhab hcukyx3x jb3vyjys rz4wbd8a qt6c0cv9 a8nywdso i1ao9s8h esuyzwwr f1sip0of lzcic4wl gpro0wi8 q66pz984 b1v8xokw\" tabindex=\"0\" href=\"https:\/\/www.facebook.com\/balogadjo?__cft__[0]=AZVqF7OHytCM8TOPcNtyEB3SCTRhPlSy_uwbaXqTOdVT6pz9W2ANWHYD6wFNTH-AAWf5tsd0WP3eDMhjB4qSU0VOm5uu5TJGbZibWYEtlxxr4ae_88KQ13ozHZt2Rb2OMpxYB17Q56p3A_idbjkXLHaY&amp;__tn__=-]K-R\"><span class=\"nc684nl6\">Bal O&rsquo;Gadjo<\/span><\/a> poursuit son travail d&rsquo;ouverture et de rencontre entre les musiques traditionnelles europ\u00e9ennes et du monde. Un beau voyage qui alterne habilement chants, improvisations inspir\u00e9es, m\u00e9lodies \u00e0 plusieurs voix, arrangements cisel\u00e9s et rythmes aux saveurs orientales. Forts de leurs nombreuses exp\u00e9riences respectives, les 5 musiciens font converger leurs personnalit\u00e9s musicales dans un concert empreint de cultures balkanique, m\u00e9diterran\u00e9enne et tzigane, au service d&rsquo;un bal folk toujours vivant, cr\u00e9atif et dansant !\u00a0\u00bb<\/p>\n<p>Un programme all\u00e9chant pour cette belle f\u00eate qui s&rsquo;annonce sous les meilleurs auspices et qui est soutenue par le Conseil D\u00e9partemental ainsi que la Communaut\u00e9s de Communes des Hautes Vosges.<\/p>\n<p><span class=\"d2edcug0 hpfvmrgz qv66sw1b c1et5uql lr9zc1uh a8c37x1j fe6kdd0r mau55g9w c8b282yb keod5gw0 nxhoafnm aigsh9s9 d3f4x2em iv3no6db jq4qci2q a3bd9o3v b1v8xokw oo9gr5id hzawbc8m\" dir=\"auto\"><strong>\u00ab\u00a0Cultivons nos Passions\u00a0\u00bb :<\/strong> le dimanche 15 Mai 2022 de 10 h 00 \u00e0 19 h 00.<\/span><\/p>\n<p>Place Marcel Perrin \u00e0 Rochesson &#8211; 88120<\/p>\n<div class=\"cxmmr5t8 oygrvhab hcukyx3x c1et5uql o9v6fnle\">Sur place : buvette et petite restauration<\/div>\n<div class=\"cxmmr5t8 oygrvhab hcukyx3x c1et5uql o9v6fnle\">Entr\u00e9e libre (sauf repas)<br \/>\nTarifs : Non adh\u00e9rent\/ Adh\u00e9rent<br \/>\nRepas : 14\u20ac\/12\u20ac<\/div>\n<div class=\"cxmmr5t8 oygrvhab hcukyx3x c1et5uql o9v6fnle\">R\u00e9servations conseill\u00e9es pour le repas au 06\/73\/54\/05\/25 ou par mail : lesmontsdelutopie@gmail.com<\/div>\n<div class=\"cxmmr5t8 oygrvhab hcukyx3x c1et5uql o9v6fnle\">Facebook de l&rsquo;\u00e9v\u00e8nement : <a href=\"https:\/\/www.facebook.com\/events\/493371999010939\/\" target=\"_blank\" rel=\"noopener\">cliquez ici !<\/a><\/div>\n<div class=\"cxmmr5t8 oygrvhab hcukyx3x c1et5uql o9v6fnle\">Site des Monts de l&rsquo;Utopie : <a href=\"https:\/\/www.lesmontsdelutopie.fr\/\" target=\"_blank\" rel=\"noopener\">https:\/\/www.lesmontsdelutopie.fr\/<\/a><\/div>\n<p><span class=\"cxmmr5t8 oygrvhab hcukyx3x c1et5uql o9v6fnle\">Facebook de l&rsquo;association : <a href=\"https:\/\/www.facebook.com\/lesmontsdelutopie\" target=\"_blank\" rel=\"noopener\">https:\/\/www.facebook.com\/lesmontsdelutopie<\/a><\/span><\/p>\n<p>&nbsp;<\/p>\n","protected":false},"excerpt":{"rendered":"<p>\u00ab\u00a0Cultivons nos Passions\u00a0\u00bb est de retour cette ann\u00e9e avec une seconde \u00e9dition programm\u00e9e le 15 mai 2022 dans le village [&hellip;]<\/p>\n","protected":false},"author":42,"featured_media":58689,"comment_status":"open","ping_status":"open","sticky":false,"template":"","format":"standard","meta":{"footnotes":""},"categories":[20,23,4,25,17,18],"tags":[58],"class_list":["post-58688","post","type-post","status-publish","format-standard","has-post-thumbnail","hentry","category-a-la-une","category-agriculture","category-culture","category-gerardmer","category-vie-associative","category-vosges","tag-les-monts-de-lutopie"],"acf":[],"yoast_head":"<!-- This site is optimized with the Yoast SEO plugin v22.5 - https:\/\/yoast.com\/wordpress\/plugins\/seo\/ -->\n<title>Cultivons nos Passions&quot; avec les Monts de l&#039;Utopie : un \u00e9v\u00e9nement \u00e9coresponsable et pluridisciplinaire - Gerardmer Info<\/title>\n<meta name=\"robots\" content=\"index, follow, max-snippet:-1, max-image-preview:large, max-video-preview:-1\" \/>\n<link rel=\"canonical\" href=\"https:\/\/vosgesinfo.fr\/gerardmerinfo\/2022\/05\/cultivons-nos-passions-monts-de-lutopie-evenement-ecoresponsable-pluridisciplinaire\/\" \/>\n<meta name=\"twitter:card\" content=\"summary_large_image\" \/>\n<meta name=\"twitter:title\" content=\"Cultivons nos Passions&quot; avec les Monts de l&#039;Utopie : un \u00e9v\u00e9nement \u00e9coresponsable et pluridisciplinaire - Gerardmer Info\" \/>\n<meta name=\"twitter:description\" content=\"\u00ab\u00a0Cultivons nos Passions\u00a0\u00bb est de retour cette ann\u00e9e avec une seconde \u00e9dition programm\u00e9e le 15 mai 2022 dans le village [&hellip;]\" \/>\n<meta name=\"twitter:image\" content=\"https:\/\/vosgesinfo.fr\/app\/uploads\/sites\/6\/2024\/07\/202204cultivons-nos-passions-monts-de-lutopie-1.jpg\" \/>\n<meta name=\"twitter:creator\" content=\"@VosgesInfo88\" \/>\n<meta name=\"twitter:site\" content=\"@VosgesInfo88\" \/>\n<meta name=\"twitter:label1\" content=\"\u00c9crit par\" \/>\n\t<meta name=\"twitter:data1\" content=\"QG\" \/>\n\t<meta name=\"twitter:label2\" content=\"Dur\u00e9e de lecture estim\u00e9e\" \/>\n\t<meta name=\"twitter:data2\" content=\"3 minutes\" \/>\n<script type=\"application\/ld+json\" class=\"yoast-schema-graph\">{\"@context\":\"https:\/\/schema.org\",\"@graph\":[{\"@type\":\"Article\",\"@id\":\"https:\/\/vosgesinfo.fr\/gerardmerinfo\/2022\/05\/cultivons-nos-passions-monts-de-lutopie-evenement-ecoresponsable-pluridisciplinaire\/#article\",\"isPartOf\":{\"@id\":\"https:\/\/vosgesinfo.fr\/gerardmerinfo\/2022\/05\/cultivons-nos-passions-monts-de-lutopie-evenement-ecoresponsable-pluridisciplinaire\/\"},\"author\":{\"name\":\"QG\",\"@id\":\"https:\/\/vosgesinfo.fr\/gerardmerinfo\/#\/schema\/person\/db5605779a843dad16b5368f3e7613a5\"},\"headline\":\"Cultivons nos Passions\u00a0\u00bb avec les Monts de l&rsquo;Utopie : un \u00e9v\u00e9nement \u00e9coresponsable et pluridisciplinaire\",\"datePublished\":\"2022-05-01T02:14:17+00:00\",\"dateModified\":\"2022-05-01T02:14:17+00:00\",\"mainEntityOfPage\":{\"@id\":\"https:\/\/vosgesinfo.fr\/gerardmerinfo\/2022\/05\/cultivons-nos-passions-monts-de-lutopie-evenement-ecoresponsable-pluridisciplinaire\/\"},\"wordCount\":596,\"commentCount\":0,\"publisher\":{\"@id\":\"https:\/\/vosgesinfo.fr\/gerardmerinfo\/#organization\"},\"image\":{\"@id\":\"https:\/\/vosgesinfo.fr\/gerardmerinfo\/2022\/05\/cultivons-nos-passions-monts-de-lutopie-evenement-ecoresponsable-pluridisciplinaire\/#primaryimage\"},\"thumbnailUrl\":\"https:\/\/vosgesinfo.fr\/app\/uploads\/sites\/6\/2024\/07\/202204cultivons-nos-passions-monts-de-lutopie-1.jpg\",\"keywords\":[\"Les Monts de l'Utopie\"],\"articleSection\":[\"A la une\",\"agriculture\",\"Culture\",\"G\u00e9rardmer\",\"Vie Associative\",\"Vosges\"],\"inLanguage\":\"fr-FR\",\"potentialAction\":[{\"@type\":\"CommentAction\",\"name\":\"Comment\",\"target\":[\"https:\/\/vosgesinfo.fr\/gerardmerinfo\/2022\/05\/cultivons-nos-passions-monts-de-lutopie-evenement-ecoresponsable-pluridisciplinaire\/#respond\"]}]},{\"@type\":\"WebPage\",\"@id\":\"https:\/\/vosgesinfo.fr\/gerardmerinfo\/2022\/05\/cultivons-nos-passions-monts-de-lutopie-evenement-ecoresponsable-pluridisciplinaire\/\",\"url\":\"https:\/\/vosgesinfo.fr\/gerardmerinfo\/2022\/05\/cultivons-nos-passions-monts-de-lutopie-evenement-ecoresponsable-pluridisciplinaire\/\",\"name\":\"Cultivons nos Passions\\\" avec les Monts de l'Utopie : un \u00e9v\u00e9nement \u00e9coresponsable et pluridisciplinaire - Gerardmer Info\",\"isPartOf\":{\"@id\":\"https:\/\/vosgesinfo.fr\/gerardmerinfo\/#website\"},\"primaryImageOfPage\":{\"@id\":\"https:\/\/vosgesinfo.fr\/gerardmerinfo\/2022\/05\/cultivons-nos-passions-monts-de-lutopie-evenement-ecoresponsable-pluridisciplinaire\/#primaryimage\"},\"image\":{\"@id\":\"https:\/\/vosgesinfo.fr\/gerardmerinfo\/2022\/05\/cultivons-nos-passions-monts-de-lutopie-evenement-ecoresponsable-pluridisciplinaire\/#primaryimage\"},\"thumbnailUrl\":\"https:\/\/vosgesinfo.fr\/app\/uploads\/sites\/6\/2024\/07\/202204cultivons-nos-passions-monts-de-lutopie-1.jpg\",\"datePublished\":\"2022-05-01T02:14:17+00:00\",\"dateModified\":\"2022-05-01T02:14:17+00:00\",\"breadcrumb\":{\"@id\":\"https:\/\/vosgesinfo.fr\/gerardmerinfo\/2022\/05\/cultivons-nos-passions-monts-de-lutopie-evenement-ecoresponsable-pluridisciplinaire\/#breadcrumb\"},\"inLanguage\":\"fr-FR\",\"potentialAction\":[{\"@type\":\"ReadAction\",\"target\":[\"https:\/\/vosgesinfo.fr\/gerardmerinfo\/2022\/05\/cultivons-nos-passions-monts-de-lutopie-evenement-ecoresponsable-pluridisciplinaire\/\"]}]},{\"@type\":\"ImageObject\",\"inLanguage\":\"fr-FR\",\"@id\":\"https:\/\/vosgesinfo.fr\/gerardmerinfo\/2022\/05\/cultivons-nos-passions-monts-de-lutopie-evenement-ecoresponsable-pluridisciplinaire\/#primaryimage\",\"url\":\"https:\/\/vosgesinfo.fr\/app\/uploads\/sites\/6\/2024\/07\/202204cultivons-nos-passions-monts-de-lutopie-1.jpg\",\"contentUrl\":\"https:\/\/vosgesinfo.fr\/app\/uploads\/sites\/6\/2024\/07\/202204cultivons-nos-passions-monts-de-lutopie-1.jpg\",\"width\":1600,\"height\":1200},{\"@type\":\"BreadcrumbList\",\"@id\":\"https:\/\/vosgesinfo.fr\/gerardmerinfo\/2022\/05\/cultivons-nos-passions-monts-de-lutopie-evenement-ecoresponsable-pluridisciplinaire\/#breadcrumb\",\"itemListElement\":[{\"@type\":\"ListItem\",\"position\":1,\"name\":\"Home\",\"item\":\"https:\/\/vosgesinfo.fr\/gerardmerinfo\/\"},{\"@type\":\"ListItem\",\"position\":2,\"name\":\"Cultivons nos Passions\u00a0\u00bb avec les Monts de l&rsquo;Utopie : un \u00e9v\u00e9nement \u00e9coresponsable et pluridisciplinaire\"}]},{\"@type\":\"WebSite\",\"@id\":\"https:\/\/vosgesinfo.fr\/gerardmerinfo\/#website\",\"url\":\"https:\/\/vosgesinfo.fr\/gerardmerinfo\/\",\"name\":\"Gerardmer Info\",\"description\":\"Toute l&#039;actualit\u00e9 de G\u00e9rardmer\",\"publisher\":{\"@id\":\"https:\/\/vosgesinfo.fr\/gerardmerinfo\/#organization\"},\"alternateName\":\"Toute l'actualit\u00e9 de G\u00e9rardmer\",\"potentialAction\":[{\"@type\":\"SearchAction\",\"target\":{\"@type\":\"EntryPoint\",\"urlTemplate\":\"https:\/\/vosgesinfo.fr\/gerardmerinfo\/?s={search_term_string}\"},\"query-input\":\"required name=search_term_string\"}],\"inLanguage\":\"fr-FR\"},{\"@type\":\"Organization\",\"@id\":\"https:\/\/vosgesinfo.fr\/gerardmerinfo\/#organization\",\"name\":\"Gerardmer Info\",\"url\":\"https:\/\/vosgesinfo.fr\/gerardmerinfo\/\",\"logo\":{\"@type\":\"ImageObject\",\"inLanguage\":\"fr-FR\",\"@id\":\"https:\/\/vosgesinfo.fr\/gerardmerinfo\/#\/schema\/logo\/image\/\",\"url\":\"https:\/\/vosgesinfo.fr\/app\/uploads\/sites\/6\/2023\/08\/favicon-gerardmerinfo.png\",\"contentUrl\":\"https:\/\/vosgesinfo.fr\/app\/uploads\/sites\/6\/2023\/08\/favicon-gerardmerinfo.png\",\"width\":512,\"height\":512,\"caption\":\"Gerardmer Info\"},\"image\":{\"@id\":\"https:\/\/vosgesinfo.fr\/gerardmerinfo\/#\/schema\/logo\/image\/\"},\"sameAs\":[\"https:\/\/www.facebook.com\/profile.php?id=100049475262660\",\"https:\/\/x.com\/VosgesInfo88\",\"https:\/\/www.youtube.com\/@vosgesinfo\"]},{\"@type\":\"Person\",\"@id\":\"https:\/\/vosgesinfo.fr\/gerardmerinfo\/#\/schema\/person\/db5605779a843dad16b5368f3e7613a5\",\"name\":\"QG\",\"image\":{\"@type\":\"ImageObject\",\"inLanguage\":\"fr-FR\",\"@id\":\"https:\/\/vosgesinfo.fr\/gerardmerinfo\/#\/schema\/person\/image\/\",\"url\":\"https:\/\/secure.gravatar.com\/avatar\/ea80c42c204b534408512832fde52504ecabb9706bcb6151cf6175e5b64e6793?s=96&d=mm&r=g\",\"contentUrl\":\"https:\/\/secure.gravatar.com\/avatar\/ea80c42c204b534408512832fde52504ecabb9706bcb6151cf6175e5b64e6793?s=96&d=mm&r=g\",\"caption\":\"QG\"},\"url\":\"https:\/\/vosgesinfo.fr\/gerardmerinfo\/author\/quentin88\/\"}]}<\/script>\n<!-- \/ Yoast SEO plugin. -->","yoast_head_json":{"title":"Cultivons nos Passions\" avec les Monts de l'Utopie : un \u00e9v\u00e9nement \u00e9coresponsable et pluridisciplinaire - Gerardmer Info","robots":{"index":"index","follow":"follow","max-snippet":"max-snippet:-1","max-image-preview":"max-image-preview:large","max-video-preview":"max-video-preview:-1"},"canonical":"https:\/\/vosgesinfo.fr\/gerardmerinfo\/2022\/05\/cultivons-nos-passions-monts-de-lutopie-evenement-ecoresponsable-pluridisciplinaire\/","twitter_card":"summary_large_image","twitter_title":"Cultivons nos Passions\" avec les Monts de l'Utopie : un \u00e9v\u00e9nement \u00e9coresponsable et pluridisciplinaire - Gerardmer Info","twitter_description":"\u00ab\u00a0Cultivons nos Passions\u00a0\u00bb est de retour cette ann\u00e9e avec une seconde \u00e9dition programm\u00e9e le 15 mai 2022 dans le village [&hellip;]","twitter_image":"https:\/\/vosgesinfo.fr\/app\/uploads\/sites\/6\/2024\/07\/202204cultivons-nos-passions-monts-de-lutopie-1.jpg","twitter_creator":"@VosgesInfo88","twitter_site":"@VosgesInfo88","twitter_misc":{"\u00c9crit par":"QG","Dur\u00e9e de lecture estim\u00e9e":"3 minutes"},"schema":{"@context":"https:\/\/schema.org","@graph":[{"@type":"Article","@id":"https:\/\/vosgesinfo.fr\/gerardmerinfo\/2022\/05\/cultivons-nos-passions-monts-de-lutopie-evenement-ecoresponsable-pluridisciplinaire\/#article","isPartOf":{"@id":"https:\/\/vosgesinfo.fr\/gerardmerinfo\/2022\/05\/cultivons-nos-passions-monts-de-lutopie-evenement-ecoresponsable-pluridisciplinaire\/"},"author":{"name":"QG","@id":"https:\/\/vosgesinfo.fr\/gerardmerinfo\/#\/schema\/person\/db5605779a843dad16b5368f3e7613a5"},"headline":"Cultivons nos Passions\u00a0\u00bb avec les Monts de l&rsquo;Utopie : un \u00e9v\u00e9nement \u00e9coresponsable et pluridisciplinaire","datePublished":"2022-05-01T02:14:17+00:00","dateModified":"2022-05-01T02:14:17+00:00","mainEntityOfPage":{"@id":"https:\/\/vosgesinfo.fr\/gerardmerinfo\/2022\/05\/cultivons-nos-passions-monts-de-lutopie-evenement-ecoresponsable-pluridisciplinaire\/"},"wordCount":596,"commentCount":0,"publisher":{"@id":"https:\/\/vosgesinfo.fr\/gerardmerinfo\/#organization"},"image":{"@id":"https:\/\/vosgesinfo.fr\/gerardmerinfo\/2022\/05\/cultivons-nos-passions-monts-de-lutopie-evenement-ecoresponsable-pluridisciplinaire\/#primaryimage"},"thumbnailUrl":"https:\/\/vosgesinfo.fr\/app\/uploads\/sites\/6\/2024\/07\/202204cultivons-nos-passions-monts-de-lutopie-1.jpg","keywords":["Les Monts de l'Utopie"],"articleSection":["A la une","agriculture","Culture","G\u00e9rardmer","Vie Associative","Vosges"],"inLanguage":"fr-FR","potentialAction":[{"@type":"CommentAction","name":"Comment","target":["https:\/\/vosgesinfo.fr\/gerardmerinfo\/2022\/05\/cultivons-nos-passions-monts-de-lutopie-evenement-ecoresponsable-pluridisciplinaire\/#respond"]}]},{"@type":"WebPage","@id":"https:\/\/vosgesinfo.fr\/gerardmerinfo\/2022\/05\/cultivons-nos-passions-monts-de-lutopie-evenement-ecoresponsable-pluridisciplinaire\/","url":"https:\/\/vosgesinfo.fr\/gerardmerinfo\/2022\/05\/cultivons-nos-passions-monts-de-lutopie-evenement-ecoresponsable-pluridisciplinaire\/","name":"Cultivons nos Passions\" avec les Monts de l'Utopie : un \u00e9v\u00e9nement \u00e9coresponsable et pluridisciplinaire - Gerardmer Info","isPartOf":{"@id":"https:\/\/vosgesinfo.fr\/gerardmerinfo\/#website"},"primaryImageOfPage":{"@id":"https:\/\/vosgesinfo.fr\/gerardmerinfo\/2022\/05\/cultivons-nos-passions-monts-de-lutopie-evenement-ecoresponsable-pluridisciplinaire\/#primaryimage"},"image":{"@id":"https:\/\/vosgesinfo.fr\/gerardmerinfo\/2022\/05\/cultivons-nos-passions-monts-de-lutopie-evenement-ecoresponsable-pluridisciplinaire\/#primaryimage"},"thumbnailUrl":"https:\/\/vosgesinfo.fr\/app\/uploads\/sites\/6\/2024\/07\/202204cultivons-nos-passions-monts-de-lutopie-1.jpg","datePublished":"2022-05-01T02:14:17+00:00","dateModified":"2022-05-01T02:14:17+00:00","breadcrumb":{"@id":"https:\/\/vosgesinfo.fr\/gerardmerinfo\/2022\/05\/cultivons-nos-passions-monts-de-lutopie-evenement-ecoresponsable-pluridisciplinaire\/#breadcrumb"},"inLanguage":"fr-FR","potentialAction":[{"@type":"ReadAction","target":["https:\/\/vosgesinfo.fr\/gerardmerinfo\/2022\/05\/cultivons-nos-passions-monts-de-lutopie-evenement-ecoresponsable-pluridisciplinaire\/"]}]},{"@type":"ImageObject","inLanguage":"fr-FR","@id":"https:\/\/vosgesinfo.fr\/gerardmerinfo\/2022\/05\/cultivons-nos-passions-monts-de-lutopie-evenement-ecoresponsable-pluridisciplinaire\/#primaryimage","url":"https:\/\/vosgesinfo.fr\/app\/uploads\/sites\/6\/2024\/07\/202204cultivons-nos-passions-monts-de-lutopie-1.jpg","contentUrl":"https:\/\/vosgesinfo.fr\/app\/uploads\/sites\/6\/2024\/07\/202204cultivons-nos-passions-monts-de-lutopie-1.jpg","width":1600,"height":1200},{"@type":"BreadcrumbList","@id":"https:\/\/vosgesinfo.fr\/gerardmerinfo\/2022\/05\/cultivons-nos-passions-monts-de-lutopie-evenement-ecoresponsable-pluridisciplinaire\/#breadcrumb","itemListElement":[{"@type":"ListItem","position":1,"name":"Home","item":"https:\/\/vosgesinfo.fr\/gerardmerinfo\/"},{"@type":"ListItem","position":2,"name":"Cultivons nos Passions\u00a0\u00bb avec les Monts de l&rsquo;Utopie : un \u00e9v\u00e9nement \u00e9coresponsable et pluridisciplinaire"}]},{"@type":"WebSite","@id":"https:\/\/vosgesinfo.fr\/gerardmerinfo\/#website","url":"https:\/\/vosgesinfo.fr\/gerardmerinfo\/","name":"Gerardmer Info","description":"Toute l&#039;actualit\u00e9 de G\u00e9rardmer","publisher":{"@id":"https:\/\/vosgesinfo.fr\/gerardmerinfo\/#organization"},"alternateName":"Toute l'actualit\u00e9 de G\u00e9rardmer","potentialAction":[{"@type":"SearchAction","target":{"@type":"EntryPoint","urlTemplate":"https:\/\/vosgesinfo.fr\/gerardmerinfo\/?s={search_term_string}"},"query-input":"required name=search_term_string"}],"inLanguage":"fr-FR"},{"@type":"Organization","@id":"https:\/\/vosgesinfo.fr\/gerardmerinfo\/#organization","name":"Gerardmer Info","url":"https:\/\/vosgesinfo.fr\/gerardmerinfo\/","logo":{"@type":"ImageObject","inLanguage":"fr-FR","@id":"https:\/\/vosgesinfo.fr\/gerardmerinfo\/#\/schema\/logo\/image\/","url":"https:\/\/vosgesinfo.fr\/app\/uploads\/sites\/6\/2023\/08\/favicon-gerardmerinfo.png","contentUrl":"https:\/\/vosgesinfo.fr\/app\/uploads\/sites\/6\/2023\/08\/favicon-gerardmerinfo.png","width":512,"height":512,"caption":"Gerardmer Info"},"image":{"@id":"https:\/\/vosgesinfo.fr\/gerardmerinfo\/#\/schema\/logo\/image\/"},"sameAs":["https:\/\/www.facebook.com\/profile.php?id=100049475262660","https:\/\/x.com\/VosgesInfo88","https:\/\/www.youtube.com\/@vosgesinfo"]},{"@type":"Person","@id":"https:\/\/vosgesinfo.fr\/gerardmerinfo\/#\/schema\/person\/db5605779a843dad16b5368f3e7613a5","name":"QG","image":{"@type":"ImageObject","inLanguage":"fr-FR","@id":"https:\/\/vosgesinfo.fr\/gerardmerinfo\/#\/schema\/person\/image\/","url":"https:\/\/secure.gravatar.com\/avatar\/ea80c42c204b534408512832fde52504ecabb9706bcb6151cf6175e5b64e6793?s=96&d=mm&r=g","contentUrl":"https:\/\/secure.gravatar.com\/avatar\/ea80c42c204b534408512832fde52504ecabb9706bcb6151cf6175e5b64e6793?s=96&d=mm&r=g","caption":"QG"},"url":"https:\/\/vosgesinfo.fr\/gerardmerinfo\/author\/quentin88\/"}]}},"_links":{"self":[{"href":"https:\/\/vosgesinfo.fr\/gerardmerinfo\/wp-json\/wp\/v2\/posts\/58688","targetHints":{"allow":["GET"]}}],"collection":[{"href":"https:\/\/vosgesinfo.fr\/gerardmerinfo\/wp-json\/wp\/v2\/posts"}],"about":[{"href":"https:\/\/vosgesinfo.fr\/gerardmerinfo\/wp-json\/wp\/v2\/types\/post"}],"author":[{"embeddable":true,"href":"https:\/\/vosgesinfo.fr\/gerardmerinfo\/wp-json\/wp\/v2\/users\/42"}],"replies":[{"embeddable":true,"href":"https:\/\/vosgesinfo.fr\/gerardmerinfo\/wp-json\/wp\/v2\/comments?post=58688"}],"version-history":[{"count":0,"href":"https:\/\/vosgesinfo.fr\/gerardmerinfo\/wp-json\/wp\/v2\/posts\/58688\/revisions"}],"wp:featuredmedia":[{"embeddable":true,"href":"https:\/\/vosgesinfo.fr\/gerardmerinfo\/wp-json\/wp\/v2\/media\/58689"}],"wp:attachment":[{"href":"https:\/\/vosgesinfo.fr\/gerardmerinfo\/wp-json\/wp\/v2\/media?parent=58688"}],"wp:term":[{"taxonomy":"category","embeddable":true,"href":"https:\/\/vosgesinfo.fr\/gerardmerinfo\/wp-json\/wp\/v2\/categories?post=58688"},{"taxonomy":"post_tag","embeddable":true,"href":"https:\/\/vosgesinfo.fr\/gerardmerinfo\/wp-json\/wp\/v2\/tags?post=58688"}],"curies":[{"name":"wp","href":"https:\/\/api.w.org\/{rel}","templated":true}]}}