{"id":58710,"date":"2022-05-01T17:00:03","date_gmt":"2022-05-01T15:00:03","guid":{"rendered":"https:\/\/vosgesinfo.fr\/gerardmerinfo\/2022\/05\/gerardmer-patrimoine-nature-prend-nouveau-virage-environnemental-video\/"},"modified":"2022-05-01T17:00:03","modified_gmt":"2022-05-01T15:00:03","slug":"gerardmer-patrimoine-nature-prend-nouveau-virage-environnemental-video","status":"publish","type":"post","link":"https:\/\/vosgesinfo.fr\/gerardmerinfo\/2022\/05\/gerardmer-patrimoine-nature-prend-nouveau-virage-environnemental-video\/","title":{"rendered":"G\u00e9rardmer Patrimoine Nature prend un nouveau virage environnemental (vid\u00e9o)"},"content":{"rendered":"<p><iframe loading=\"lazy\" src=\"\/\/www.youtube.com\/embed\/_Qp0sWpJto4\" width=\"425\" height=\"350\" allowfullscreen=\"allowfullscreen\"><\/iframe><\/p>\n<p>L&rsquo;assembl\u00e9e g\u00e9n\u00e9rale de G\u00e9rardmer Patrimoine Nature (GPN) a eu lieu \u00e0 la salle des Armes ce vendredi 30 avril o\u00f9 deux annonces importantes on \u00e9t\u00e9 faites : dans un premier temps, Anne Huart a fait part de la d\u00e9cision de ne plus se concentrer uniquement sur l&rsquo;urbanisme mais d&rsquo;int\u00e9grer l&rsquo;environnement \u00e0 la r\u00e9flexion et \u00e0 l&rsquo;action de l&rsquo;association. Et pour conclure cette r\u00e9union, Jacques valentin a annonc\u00e9 qu&rsquo;il quitterait ses fonctions au sein de GPN \u00e0 la fin de l&rsquo;ann\u00e9e.<\/p>\n<p><a href=\"\/2022\/04\/AG-GPN-G\u00e9rardmer-patrimoine-nature-1.jpg\"><img decoding=\"async\" class=\"alignright size-medium wp-image-188788\" src=\"\/2022\/04\/AG-GPN-G\u00e9rardmer-patrimoine-nature-1-340x255.jpg\" alt=\"AG GPN G\u00e9rardmer patrimoine nature (1)\" width=\"340\" height=\"255\" \/><\/a>Si la marche n&rsquo;a peut-\u00eatre jamais sembl\u00e9 aussi haute pour GPN apr\u00e8s un peu plus de deux ans d&rsquo;existence, l&rsquo;association et ses chevilles ouvri\u00e8res entendent bien poursuivre leur d\u00e9marche d\u00e9di\u00e9e \u00e0 \u00ab\u00a0<em>proposer des solutions pour freiner la politique d&rsquo;hyper-urbanisation favoris\u00e9e par des lois nationales et locales inadapt\u00e9es<\/em>.\u00a0\u00bb \u00ab\u00a0Notre objectif est vraiment de rassembler pour proposer, d\u00e9battre et r\u00e9fl\u00e9chir ensemble\u00a0\u00bb a ajout\u00e9 l&rsquo;actuelle pr\u00e9sidente Anne Huart. Et Jacques Valentin de rappeler que \u00ab\u00a0<em>c&rsquo;est bien gr\u00e2ce \u00e0 l&rsquo;action de GPN que les proc\u00e9dures de modification\/r\u00e9vision du PLU ont pu \u00eatre envisag\u00e9es par la municipalit\u00e9, notamment suite \u00e0 une r\u00e9union \u00e0 l&rsquo;initiative de Mme la Sous-Pr\u00e9f\u00e8te.<\/em>\u00a0\u00bb<\/p>\n<p>L&rsquo;aventure va donc se poursuivre en 2022 avec entre autres une prochaine publication de 8 pages qui sera distribu\u00e9e en bo\u00eetes aux lettres, mais aussi et surtout un nouveau virage qui va \u00eatre pris assez rapidement. En effet, GPN souhaite \u00e9galement \u00e9largir son action et l&rsquo;orienter vers la cause environnementale. Cela prendra forme assez rapidement : le 28 juin aura lieu une grande soir\u00e9e ouverte \u00e0 toutes et \u00e0 tous sur le th\u00e8me de l&rsquo;eau et de la gestion de l&rsquo;eau. \u00ab\u00a0Cela nous semblait tout \u00e0 fait logique, je dirais m\u00eame que c&rsquo;\u00e9tait une \u00e9vidence. (&#8230;) <em>Nous avons fait appel \u00e0 des personnalit\u00e9s scientifiques pour intervenir et \u00e0 un journaliste pour animer cette soir\u00e9e dont le fil rouge sera un peu \u00ab\u00a0G\u00e9rardmer demain\u00a0\u00bb car nous sommes convaincus qu&rsquo;il faut une vision d&rsquo;avenir pour notre ville. (&#8230;) C&rsquo;est dans cet esprit que nous avons fait faire ce clip vid\u00e9o, finalement assez romantique je dirai<\/em> \u00a0\u00bb pr\u00e9cise Anne Huart.<\/p>\n<p><strong>\u00ab\u00a0Une vision d&rsquo;avenir &amp; une volont\u00e9 politique\u00a0\u00bb<\/strong><\/p>\n<p><a href=\"\/2022\/04\/AG-GPN-G\u00e9rardmer-patrimoine-nature-2.jpg\"><img decoding=\"async\" class=\"alignleft size-medium wp-image-188789\" src=\"\/2022\/04\/AG-GPN-G\u00e9rardmer-patrimoine-nature-2-340x255.jpg\" alt=\"AG GPN G\u00e9rardmer patrimoine nature (2)\" width=\"340\" height=\"255\" \/><\/a>Une vision d&rsquo;avenir et \u00ab\u00a0une volont\u00e9 politique\u00a0\u00bb ajoutera Jacques Valentin qui, pour cl\u00f4turer cette assembl\u00e9e g\u00e9n\u00e9rale, a souhait\u00e9 faire une d\u00e9claration pour annoncer qu&rsquo;il quitterait ses fonctions au sein du bureau de GPN \u00e0 la fin de l&rsquo;ann\u00e9e 2022, en substance pour les raisons suivantes : \u00ab\u00a0<em>Apr\u00e8s 2 ans de recherches, de d\u00e9couvertes, de connaissance de la l\u00e9gislation, de d\u00e9marches multiples, je suis \u00e9c\u0153ur\u00e9 par l&rsquo;immobilisme des autorit\u00e9s, des administrations, de la justice et surtout de la fermeture opini\u00e2tre du maire \u00e0 notre \u00e9gard. Il nous a consid\u00e9r\u00e9s d\u00e8s les premiers jours comme des opposants, il a refus\u00e9 tout dialogue. Pire, il a us\u00e9 de mensonges r\u00e9currents pour justifier les d\u00e9cisions et les positions de l&rsquo;urbanism<\/em>e\u00a0\u00bb ; Jacques Valentin \u00e9voquant notamment le dossier dit \u00ab\u00a0de la droite du lac\u00a0\u00bb o\u00f9 \u00ab\u00a0<em>le SDIS n&rsquo;avait pas \u00e9t\u00e9 sollicit\u00e9 et n&rsquo;avait pas donn\u00e9 d&rsquo;avis, cela nous a \u00e9t\u00e9 confirm\u00e9 par \u00e9crit<\/em>.\u00a0\u00bb<\/p>\n<p>Et d&rsquo;ajouter avec d\u00e9pit : \u00ab\u00a0<em>Bref, comme je l&rsquo;ai dit souvent lors de r\u00e9unions, nous nous battons contre des moulins \u00e0 vent. (&#8230;) La Pr\u00e9fecture et la sous-pr\u00e9fecture ne bougent pas, le discours est toujours le m\u00eame : la politique de l&rsquo;urbanisme est du ressort du maire. Les services de l\u2019\u00c9tat suivent cette directive<\/em>.\u00a0\u00bb Las, jacques Valentin raccrochera donc en fin d&rsquo;ann\u00e9e \u00ab\u00a0<em>avec l&rsquo;espoir que nous aurons avanc\u00e9.<\/em>\u00a0\u00bb Une avanc\u00e9e que GPN entrevoit par exemple au niveau du PLU dont la proc\u00e9dure ainsi que le vote du PADD pourrait permettre \u00e0 la municipalit\u00e9 de voter un \u00e9ventuel sursis \u00e0 statuer demand\u00e9 par les deux listes d&rsquo;opposition. 2022 pourrait donc constituer une ann\u00e9e charni\u00e8re en mati\u00e8re d&rsquo;urbanisme \u00e0 G\u00e9rardmer&#8230;<\/p>\n<p>&nbsp;<\/p>\n","protected":false},"excerpt":{"rendered":"<p>L&rsquo;assembl\u00e9e g\u00e9n\u00e9rale de G\u00e9rardmer Patrimoine Nature (GPN) a eu lieu \u00e0 la salle des Armes ce vendredi 30 avril o\u00f9 [&hellip;]<\/p>\n","protected":false},"author":42,"featured_media":58711,"comment_status":"open","ping_status":"open","sticky":false,"template":"","format":"standard","meta":{"footnotes":""},"categories":[20,7,25,17],"tags":[],"class_list":["post-58710","post","type-post","status-publish","format-standard","has-post-thumbnail","hentry","category-a-la-une","category-environnement","category-gerardmer","category-vie-associative"],"acf":[],"yoast_head":"<!-- This site is optimized with the Yoast SEO plugin v22.5 - https:\/\/yoast.com\/wordpress\/plugins\/seo\/ -->\n<title>G\u00e9rardmer Patrimoine Nature prend un nouveau virage environnemental (vid\u00e9o) - Gerardmer Info<\/title>\n<meta name=\"robots\" content=\"index, follow, max-snippet:-1, max-image-preview:large, max-video-preview:-1\" \/>\n<link rel=\"canonical\" href=\"https:\/\/vosgesinfo.fr\/gerardmerinfo\/2022\/05\/gerardmer-patrimoine-nature-prend-nouveau-virage-environnemental-video\/\" \/>\n<meta name=\"twitter:card\" content=\"summary_large_image\" \/>\n<meta name=\"twitter:title\" content=\"G\u00e9rardmer Patrimoine Nature prend un nouveau virage environnemental (vid\u00e9o) - Gerardmer Info\" \/>\n<meta name=\"twitter:description\" content=\"L&rsquo;assembl\u00e9e g\u00e9n\u00e9rale de G\u00e9rardmer Patrimoine Nature (GPN) a eu lieu \u00e0 la salle des Armes ce vendredi 30 avril o\u00f9 [&hellip;]\" \/>\n<meta name=\"twitter:image\" content=\"https:\/\/vosgesinfo.fr\/app\/uploads\/sites\/6\/2024\/07\/202204ag-gpn-gerardmer-patrimoine-nature-1-1.jpg\" \/>\n<meta name=\"twitter:creator\" content=\"@VosgesInfo88\" \/>\n<meta name=\"twitter:site\" content=\"@VosgesInfo88\" \/>\n<meta name=\"twitter:label1\" content=\"\u00c9crit par\" \/>\n\t<meta name=\"twitter:data1\" content=\"QG\" \/>\n\t<meta name=\"twitter:label2\" content=\"Dur\u00e9e de lecture estim\u00e9e\" \/>\n\t<meta name=\"twitter:data2\" content=\"3 minutes\" \/>\n<script type=\"application\/ld+json\" class=\"yoast-schema-graph\">{\"@context\":\"https:\/\/schema.org\",\"@graph\":[{\"@type\":\"Article\",\"@id\":\"https:\/\/vosgesinfo.fr\/gerardmerinfo\/2022\/05\/gerardmer-patrimoine-nature-prend-nouveau-virage-environnemental-video\/#article\",\"isPartOf\":{\"@id\":\"https:\/\/vosgesinfo.fr\/gerardmerinfo\/2022\/05\/gerardmer-patrimoine-nature-prend-nouveau-virage-environnemental-video\/\"},\"author\":{\"name\":\"QG\",\"@id\":\"https:\/\/vosgesinfo.fr\/gerardmerinfo\/#\/schema\/person\/db5605779a843dad16b5368f3e7613a5\"},\"headline\":\"G\u00e9rardmer Patrimoine Nature prend un nouveau virage environnemental (vid\u00e9o)\",\"datePublished\":\"2022-05-01T15:00:03+00:00\",\"dateModified\":\"2022-05-01T15:00:03+00:00\",\"mainEntityOfPage\":{\"@id\":\"https:\/\/vosgesinfo.fr\/gerardmerinfo\/2022\/05\/gerardmer-patrimoine-nature-prend-nouveau-virage-environnemental-video\/\"},\"wordCount\":699,\"commentCount\":0,\"publisher\":{\"@id\":\"https:\/\/vosgesinfo.fr\/gerardmerinfo\/#organization\"},\"image\":{\"@id\":\"https:\/\/vosgesinfo.fr\/gerardmerinfo\/2022\/05\/gerardmer-patrimoine-nature-prend-nouveau-virage-environnemental-video\/#primaryimage\"},\"thumbnailUrl\":\"https:\/\/vosgesinfo.fr\/app\/uploads\/sites\/6\/2024\/07\/202204ag-gpn-gerardmer-patrimoine-nature-1-1.jpg\",\"articleSection\":[\"A la une\",\"Environnement\",\"G\u00e9rardmer\",\"Vie Associative\"],\"inLanguage\":\"fr-FR\",\"potentialAction\":[{\"@type\":\"CommentAction\",\"name\":\"Comment\",\"target\":[\"https:\/\/vosgesinfo.fr\/gerardmerinfo\/2022\/05\/gerardmer-patrimoine-nature-prend-nouveau-virage-environnemental-video\/#respond\"]}]},{\"@type\":\"WebPage\",\"@id\":\"https:\/\/vosgesinfo.fr\/gerardmerinfo\/2022\/05\/gerardmer-patrimoine-nature-prend-nouveau-virage-environnemental-video\/\",\"url\":\"https:\/\/vosgesinfo.fr\/gerardmerinfo\/2022\/05\/gerardmer-patrimoine-nature-prend-nouveau-virage-environnemental-video\/\",\"name\":\"G\u00e9rardmer Patrimoine Nature prend un nouveau virage environnemental (vid\u00e9o) - Gerardmer Info\",\"isPartOf\":{\"@id\":\"https:\/\/vosgesinfo.fr\/gerardmerinfo\/#website\"},\"primaryImageOfPage\":{\"@id\":\"https:\/\/vosgesinfo.fr\/gerardmerinfo\/2022\/05\/gerardmer-patrimoine-nature-prend-nouveau-virage-environnemental-video\/#primaryimage\"},\"image\":{\"@id\":\"https:\/\/vosgesinfo.fr\/gerardmerinfo\/2022\/05\/gerardmer-patrimoine-nature-prend-nouveau-virage-environnemental-video\/#primaryimage\"},\"thumbnailUrl\":\"https:\/\/vosgesinfo.fr\/app\/uploads\/sites\/6\/2024\/07\/202204ag-gpn-gerardmer-patrimoine-nature-1-1.jpg\",\"datePublished\":\"2022-05-01T15:00:03+00:00\",\"dateModified\":\"2022-05-01T15:00:03+00:00\",\"breadcrumb\":{\"@id\":\"https:\/\/vosgesinfo.fr\/gerardmerinfo\/2022\/05\/gerardmer-patrimoine-nature-prend-nouveau-virage-environnemental-video\/#breadcrumb\"},\"inLanguage\":\"fr-FR\",\"potentialAction\":[{\"@type\":\"ReadAction\",\"target\":[\"https:\/\/vosgesinfo.fr\/gerardmerinfo\/2022\/05\/gerardmer-patrimoine-nature-prend-nouveau-virage-environnemental-video\/\"]}]},{\"@type\":\"ImageObject\",\"inLanguage\":\"fr-FR\",\"@id\":\"https:\/\/vosgesinfo.fr\/gerardmerinfo\/2022\/05\/gerardmer-patrimoine-nature-prend-nouveau-virage-environnemental-video\/#primaryimage\",\"url\":\"https:\/\/vosgesinfo.fr\/app\/uploads\/sites\/6\/2024\/07\/202204ag-gpn-gerardmer-patrimoine-nature-1-1.jpg\",\"contentUrl\":\"https:\/\/vosgesinfo.fr\/app\/uploads\/sites\/6\/2024\/07\/202204ag-gpn-gerardmer-patrimoine-nature-1-1.jpg\",\"width\":1600,\"height\":1200},{\"@type\":\"BreadcrumbList\",\"@id\":\"https:\/\/vosgesinfo.fr\/gerardmerinfo\/2022\/05\/gerardmer-patrimoine-nature-prend-nouveau-virage-environnemental-video\/#breadcrumb\",\"itemListElement\":[{\"@type\":\"ListItem\",\"position\":1,\"name\":\"Home\",\"item\":\"https:\/\/vosgesinfo.fr\/gerardmerinfo\/\"},{\"@type\":\"ListItem\",\"position\":2,\"name\":\"G\u00e9rardmer Patrimoine Nature prend un nouveau virage environnemental (vid\u00e9o)\"}]},{\"@type\":\"WebSite\",\"@id\":\"https:\/\/vosgesinfo.fr\/gerardmerinfo\/#website\",\"url\":\"https:\/\/vosgesinfo.fr\/gerardmerinfo\/\",\"name\":\"Gerardmer Info\",\"description\":\"Toute l&#039;actualit\u00e9 de G\u00e9rardmer\",\"publisher\":{\"@id\":\"https:\/\/vosgesinfo.fr\/gerardmerinfo\/#organization\"},\"alternateName\":\"Toute l'actualit\u00e9 de G\u00e9rardmer\",\"potentialAction\":[{\"@type\":\"SearchAction\",\"target\":{\"@type\":\"EntryPoint\",\"urlTemplate\":\"https:\/\/vosgesinfo.fr\/gerardmerinfo\/?s={search_term_string}\"},\"query-input\":\"required name=search_term_string\"}],\"inLanguage\":\"fr-FR\"},{\"@type\":\"Organization\",\"@id\":\"https:\/\/vosgesinfo.fr\/gerardmerinfo\/#organization\",\"name\":\"Gerardmer Info\",\"url\":\"https:\/\/vosgesinfo.fr\/gerardmerinfo\/\",\"logo\":{\"@type\":\"ImageObject\",\"inLanguage\":\"fr-FR\",\"@id\":\"https:\/\/vosgesinfo.fr\/gerardmerinfo\/#\/schema\/logo\/image\/\",\"url\":\"https:\/\/vosgesinfo.fr\/app\/uploads\/sites\/6\/2023\/08\/favicon-gerardmerinfo.png\",\"contentUrl\":\"https:\/\/vosgesinfo.fr\/app\/uploads\/sites\/6\/2023\/08\/favicon-gerardmerinfo.png\",\"width\":512,\"height\":512,\"caption\":\"Gerardmer Info\"},\"image\":{\"@id\":\"https:\/\/vosgesinfo.fr\/gerardmerinfo\/#\/schema\/logo\/image\/\"},\"sameAs\":[\"https:\/\/www.facebook.com\/profile.php?id=100049475262660\",\"https:\/\/x.com\/VosgesInfo88\",\"https:\/\/www.youtube.com\/@vosgesinfo\"]},{\"@type\":\"Person\",\"@id\":\"https:\/\/vosgesinfo.fr\/gerardmerinfo\/#\/schema\/person\/db5605779a843dad16b5368f3e7613a5\",\"name\":\"QG\",\"image\":{\"@type\":\"ImageObject\",\"inLanguage\":\"fr-FR\",\"@id\":\"https:\/\/vosgesinfo.fr\/gerardmerinfo\/#\/schema\/person\/image\/\",\"url\":\"https:\/\/secure.gravatar.com\/avatar\/ea80c42c204b534408512832fde52504ecabb9706bcb6151cf6175e5b64e6793?s=96&d=mm&r=g\",\"contentUrl\":\"https:\/\/secure.gravatar.com\/avatar\/ea80c42c204b534408512832fde52504ecabb9706bcb6151cf6175e5b64e6793?s=96&d=mm&r=g\",\"caption\":\"QG\"},\"url\":\"https:\/\/vosgesinfo.fr\/gerardmerinfo\/author\/quentin88\/\"}]}<\/script>\n<!-- \/ Yoast SEO plugin. -->","yoast_head_json":{"title":"G\u00e9rardmer Patrimoine Nature prend un nouveau virage environnemental (vid\u00e9o) - Gerardmer Info","robots":{"index":"index","follow":"follow","max-snippet":"max-snippet:-1","max-image-preview":"max-image-preview:large","max-video-preview":"max-video-preview:-1"},"canonical":"https:\/\/vosgesinfo.fr\/gerardmerinfo\/2022\/05\/gerardmer-patrimoine-nature-prend-nouveau-virage-environnemental-video\/","twitter_card":"summary_large_image","twitter_title":"G\u00e9rardmer Patrimoine Nature prend un nouveau virage environnemental (vid\u00e9o) - Gerardmer Info","twitter_description":"L&rsquo;assembl\u00e9e g\u00e9n\u00e9rale de G\u00e9rardmer Patrimoine Nature (GPN) a eu lieu \u00e0 la salle des Armes ce vendredi 30 avril o\u00f9 [&hellip;]","twitter_image":"https:\/\/vosgesinfo.fr\/app\/uploads\/sites\/6\/2024\/07\/202204ag-gpn-gerardmer-patrimoine-nature-1-1.jpg","twitter_creator":"@VosgesInfo88","twitter_site":"@VosgesInfo88","twitter_misc":{"\u00c9crit par":"QG","Dur\u00e9e de lecture estim\u00e9e":"3 minutes"},"schema":{"@context":"https:\/\/schema.org","@graph":[{"@type":"Article","@id":"https:\/\/vosgesinfo.fr\/gerardmerinfo\/2022\/05\/gerardmer-patrimoine-nature-prend-nouveau-virage-environnemental-video\/#article","isPartOf":{"@id":"https:\/\/vosgesinfo.fr\/gerardmerinfo\/2022\/05\/gerardmer-patrimoine-nature-prend-nouveau-virage-environnemental-video\/"},"author":{"name":"QG","@id":"https:\/\/vosgesinfo.fr\/gerardmerinfo\/#\/schema\/person\/db5605779a843dad16b5368f3e7613a5"},"headline":"G\u00e9rardmer Patrimoine Nature prend un nouveau virage environnemental (vid\u00e9o)","datePublished":"2022-05-01T15:00:03+00:00","dateModified":"2022-05-01T15:00:03+00:00","mainEntityOfPage":{"@id":"https:\/\/vosgesinfo.fr\/gerardmerinfo\/2022\/05\/gerardmer-patrimoine-nature-prend-nouveau-virage-environnemental-video\/"},"wordCount":699,"commentCount":0,"publisher":{"@id":"https:\/\/vosgesinfo.fr\/gerardmerinfo\/#organization"},"image":{"@id":"https:\/\/vosgesinfo.fr\/gerardmerinfo\/2022\/05\/gerardmer-patrimoine-nature-prend-nouveau-virage-environnemental-video\/#primaryimage"},"thumbnailUrl":"https:\/\/vosgesinfo.fr\/app\/uploads\/sites\/6\/2024\/07\/202204ag-gpn-gerardmer-patrimoine-nature-1-1.jpg","articleSection":["A la une","Environnement","G\u00e9rardmer","Vie Associative"],"inLanguage":"fr-FR","potentialAction":[{"@type":"CommentAction","name":"Comment","target":["https:\/\/vosgesinfo.fr\/gerardmerinfo\/2022\/05\/gerardmer-patrimoine-nature-prend-nouveau-virage-environnemental-video\/#respond"]}]},{"@type":"WebPage","@id":"https:\/\/vosgesinfo.fr\/gerardmerinfo\/2022\/05\/gerardmer-patrimoine-nature-prend-nouveau-virage-environnemental-video\/","url":"https:\/\/vosgesinfo.fr\/gerardmerinfo\/2022\/05\/gerardmer-patrimoine-nature-prend-nouveau-virage-environnemental-video\/","name":"G\u00e9rardmer Patrimoine Nature prend un nouveau virage environnemental (vid\u00e9o) - Gerardmer Info","isPartOf":{"@id":"https:\/\/vosgesinfo.fr\/gerardmerinfo\/#website"},"primaryImageOfPage":{"@id":"https:\/\/vosgesinfo.fr\/gerardmerinfo\/2022\/05\/gerardmer-patrimoine-nature-prend-nouveau-virage-environnemental-video\/#primaryimage"},"image":{"@id":"https:\/\/vosgesinfo.fr\/gerardmerinfo\/2022\/05\/gerardmer-patrimoine-nature-prend-nouveau-virage-environnemental-video\/#primaryimage"},"thumbnailUrl":"https:\/\/vosgesinfo.fr\/app\/uploads\/sites\/6\/2024\/07\/202204ag-gpn-gerardmer-patrimoine-nature-1-1.jpg","datePublished":"2022-05-01T15:00:03+00:00","dateModified":"2022-05-01T15:00:03+00:00","breadcrumb":{"@id":"https:\/\/vosgesinfo.fr\/gerardmerinfo\/2022\/05\/gerardmer-patrimoine-nature-prend-nouveau-virage-environnemental-video\/#breadcrumb"},"inLanguage":"fr-FR","potentialAction":[{"@type":"ReadAction","target":["https:\/\/vosgesinfo.fr\/gerardmerinfo\/2022\/05\/gerardmer-patrimoine-nature-prend-nouveau-virage-environnemental-video\/"]}]},{"@type":"ImageObject","inLanguage":"fr-FR","@id":"https:\/\/vosgesinfo.fr\/gerardmerinfo\/2022\/05\/gerardmer-patrimoine-nature-prend-nouveau-virage-environnemental-video\/#primaryimage","url":"https:\/\/vosgesinfo.fr\/app\/uploads\/sites\/6\/2024\/07\/202204ag-gpn-gerardmer-patrimoine-nature-1-1.jpg","contentUrl":"https:\/\/vosgesinfo.fr\/app\/uploads\/sites\/6\/2024\/07\/202204ag-gpn-gerardmer-patrimoine-nature-1-1.jpg","width":1600,"height":1200},{"@type":"BreadcrumbList","@id":"https:\/\/vosgesinfo.fr\/gerardmerinfo\/2022\/05\/gerardmer-patrimoine-nature-prend-nouveau-virage-environnemental-video\/#breadcrumb","itemListElement":[{"@type":"ListItem","position":1,"name":"Home","item":"https:\/\/vosgesinfo.fr\/gerardmerinfo\/"},{"@type":"ListItem","position":2,"name":"G\u00e9rardmer Patrimoine Nature prend un nouveau virage environnemental (vid\u00e9o)"}]},{"@type":"WebSite","@id":"https:\/\/vosgesinfo.fr\/gerardmerinfo\/#website","url":"https:\/\/vosgesinfo.fr\/gerardmerinfo\/","name":"Gerardmer Info","description":"Toute l&#039;actualit\u00e9 de G\u00e9rardmer","publisher":{"@id":"https:\/\/vosgesinfo.fr\/gerardmerinfo\/#organization"},"alternateName":"Toute l'actualit\u00e9 de G\u00e9rardmer","potentialAction":[{"@type":"SearchAction","target":{"@type":"EntryPoint","urlTemplate":"https:\/\/vosgesinfo.fr\/gerardmerinfo\/?s={search_term_string}"},"query-input":"required name=search_term_string"}],"inLanguage":"fr-FR"},{"@type":"Organization","@id":"https:\/\/vosgesinfo.fr\/gerardmerinfo\/#organization","name":"Gerardmer Info","url":"https:\/\/vosgesinfo.fr\/gerardmerinfo\/","logo":{"@type":"ImageObject","inLanguage":"fr-FR","@id":"https:\/\/vosgesinfo.fr\/gerardmerinfo\/#\/schema\/logo\/image\/","url":"https:\/\/vosgesinfo.fr\/app\/uploads\/sites\/6\/2023\/08\/favicon-gerardmerinfo.png","contentUrl":"https:\/\/vosgesinfo.fr\/app\/uploads\/sites\/6\/2023\/08\/favicon-gerardmerinfo.png","width":512,"height":512,"caption":"Gerardmer Info"},"image":{"@id":"https:\/\/vosgesinfo.fr\/gerardmerinfo\/#\/schema\/logo\/image\/"},"sameAs":["https:\/\/www.facebook.com\/profile.php?id=100049475262660","https:\/\/x.com\/VosgesInfo88","https:\/\/www.youtube.com\/@vosgesinfo"]},{"@type":"Person","@id":"https:\/\/vosgesinfo.fr\/gerardmerinfo\/#\/schema\/person\/db5605779a843dad16b5368f3e7613a5","name":"QG","image":{"@type":"ImageObject","inLanguage":"fr-FR","@id":"https:\/\/vosgesinfo.fr\/gerardmerinfo\/#\/schema\/person\/image\/","url":"https:\/\/secure.gravatar.com\/avatar\/ea80c42c204b534408512832fde52504ecabb9706bcb6151cf6175e5b64e6793?s=96&d=mm&r=g","contentUrl":"https:\/\/secure.gravatar.com\/avatar\/ea80c42c204b534408512832fde52504ecabb9706bcb6151cf6175e5b64e6793?s=96&d=mm&r=g","caption":"QG"},"url":"https:\/\/vosgesinfo.fr\/gerardmerinfo\/author\/quentin88\/"}]}},"_links":{"self":[{"href":"https:\/\/vosgesinfo.fr\/gerardmerinfo\/wp-json\/wp\/v2\/posts\/58710","targetHints":{"allow":["GET"]}}],"collection":[{"href":"https:\/\/vosgesinfo.fr\/gerardmerinfo\/wp-json\/wp\/v2\/posts"}],"about":[{"href":"https:\/\/vosgesinfo.fr\/gerardmerinfo\/wp-json\/wp\/v2\/types\/post"}],"author":[{"embeddable":true,"href":"https:\/\/vosgesinfo.fr\/gerardmerinfo\/wp-json\/wp\/v2\/users\/42"}],"replies":[{"embeddable":true,"href":"https:\/\/vosgesinfo.fr\/gerardmerinfo\/wp-json\/wp\/v2\/comments?post=58710"}],"version-history":[{"count":0,"href":"https:\/\/vosgesinfo.fr\/gerardmerinfo\/wp-json\/wp\/v2\/posts\/58710\/revisions"}],"wp:featuredmedia":[{"embeddable":true,"href":"https:\/\/vosgesinfo.fr\/gerardmerinfo\/wp-json\/wp\/v2\/media\/58711"}],"wp:attachment":[{"href":"https:\/\/vosgesinfo.fr\/gerardmerinfo\/wp-json\/wp\/v2\/media?parent=58710"}],"wp:term":[{"taxonomy":"category","embeddable":true,"href":"https:\/\/vosgesinfo.fr\/gerardmerinfo\/wp-json\/wp\/v2\/categories?post=58710"},{"taxonomy":"post_tag","embeddable":true,"href":"https:\/\/vosgesinfo.fr\/gerardmerinfo\/wp-json\/wp\/v2\/tags?post=58710"}],"curies":[{"name":"wp","href":"https:\/\/api.w.org\/{rel}","templated":true}]}}