{"id":58722,"date":"2022-05-01T09:19:42","date_gmt":"2022-05-01T07:19:42","guid":{"rendered":"https:\/\/vosgesinfo.fr\/gerardmerinfo\/2022\/05\/choeurs-fete-premiere-reussie-a-saint-barthelemy-video\/"},"modified":"2022-05-01T09:19:42","modified_gmt":"2022-05-01T07:19:42","slug":"choeurs-fete-premiere-reussie-a-saint-barthelemy-video","status":"publish","type":"post","link":"https:\/\/vosgesinfo.fr\/gerardmerinfo\/2022\/05\/choeurs-fete-premiere-reussie-a-saint-barthelemy-video\/","title":{"rendered":"Ch\u0153urs en F\u00eate : Premi\u00e8re r\u00e9ussie \u00e0 Saint Barth\u00e9l\u00e9my (vid\u00e9o)"},"content":{"rendered":"<p><iframe loading=\"lazy\" src=\"\/\/www.youtube.com\/embed\/7OLCHRpPITI\" width=\"425\" height=\"350\" allowfullscreen=\"allowfullscreen\"><\/iframe><\/p>\n<p><a href=\"\/2022\/05\/choeurs-en-fete-G\u00e9rardmer-Saint-Barth\u00e9l\u00e9my-2022-3.jpg\"><img decoding=\"async\" class=\"aligncenter size-large wp-image-188835\" src=\"\/2022\/05\/choeurs-en-fete-G\u00e9rardmer-Saint-Barth\u00e9l\u00e9my-2022-3-1024x768.jpg\" alt=\"choeurs en fete G\u00e9rardmer Saint Barth\u00e9l\u00e9my 2022 (3)\" width=\"960\" height=\"720\" \/><\/a><\/p>\n<p>&nbsp;<\/p>\n<p><a href=\"\/2022\/05\/choeurs-en-fete-G\u00e9rardmer-Saint-Barth\u00e9l\u00e9my-2022-1.jpg\"><img decoding=\"async\" class=\"alignright size-medium wp-image-188833\" src=\"\/2022\/05\/choeurs-en-fete-G\u00e9rardmer-Saint-Barth\u00e9l\u00e9my-2022-1-340x255.jpg\" alt=\"choeurs en fete G\u00e9rardmer Saint Barth\u00e9l\u00e9my 2022 (1)\" width=\"340\" height=\"255\" \/><\/a>Premi\u00e8re r\u00e9ussie pour le projet Ch\u0153urs en F\u00eate men\u00e9 par l&rsquo;\u00e9cole de musique intercommunale. Projet, qui, rappelons-le, r\u00e9unit plusieurs chorales et pr\u00e8s de 70 choristes ainsi qu&rsquo;un ensemble \u00e0 cordes (lire notre pr\u00e9c\u00e9dent article <a href=\"https:\/\/gerardmerinfo.fr\/2022\/04\/choeurs-fete-chorale-a-lhonneur-serie-de-4-concerts\/\" target=\"_blank\" rel=\"noopener\">ICI !<\/a>). Samedi soir, l&rsquo;\u00e9glise Saint Barth\u00e9l\u00e9my de G\u00e9rardmer accueillait la premi\u00e8re d&rsquo;une s\u00e9rie de 4 repr\u00e9sentations pr\u00e9vues dans le secteur, la seconde ayant lieu ce dimanche 1er mai \u00e0 17 h 00 l\u2019\u00e9glise Saint Prix de Saulxure-sur-Moselotte. Une centaine de personnes avait r\u00e9pondu \u00e0 l&rsquo;appel des choristes et ont profit\u00e9 d&rsquo;un concert particuli\u00e8rement vari\u00e9 et surtout de grande qualit\u00e9, preuve du travail accompli par les chefs de ch\u0153ur et leurs \u00e9l\u00e8ves.<\/p>\n<p><a href=\"\/2022\/05\/choeurs-en-fete-G\u00e9rardmer-Saint-Barth\u00e9l\u00e9my-2022-2.jpg\"><img decoding=\"async\" class=\"alignright size-medium wp-image-188834\" src=\"\/2022\/05\/choeurs-en-fete-G\u00e9rardmer-Saint-Barth\u00e9l\u00e9my-2022-2-340x255.jpg\" alt=\"choeurs en fete G\u00e9rardmer Saint Barth\u00e9l\u00e9my 2022 (2)\" width=\"340\" height=\"255\" \/><\/a>Une prestation et un engagement \u00e0 saluer pour parvenir \u00e0 ce r\u00e9sultat et ce concert qui, aux premi\u00e8res nouvelles, semble avoir fait l&rsquo;unanimit\u00e9 hier soir. \u00c7a fait plaisir \u00e0 voir et surtout \u00e0 \u00e9couter apr\u00e8s une p\u00e9riode compliqu\u00e9e pour la musique et la culture en g\u00e9n\u00e9ral, et la preuve en est que l&rsquo;union fait la force, comme souvent. On ne saurait que trop vous recommander de vous pr\u00e9cipiter aux prochaines dates qui sont d&rsquo;ors-et-d\u00e9j\u00e0 fix\u00e9es au :<\/p>\n<p>*Vendredi 6 mai \u00e0 20 h 00 \u00e0 la Cath\u00e9drale de Saint-Di\u00e9.<\/p>\n<p>*Mardi 12 juillet \u00e0 20 h 30 \u00e0 la Basilique Saint-Maurice d\u2019\u00c9pinal<\/p>\n<p><iframe loading=\"lazy\" src=\"\/\/www.youtube.com\/embed\/N6Hw1DSbjIo\" width=\"425\" height=\"350\" allowfullscreen=\"allowfullscreen\"><\/iframe><\/p>\n","protected":false},"excerpt":{"rendered":"<p>&nbsp; Premi\u00e8re r\u00e9ussie pour le projet Ch\u0153urs en F\u00eate men\u00e9 par l&rsquo;\u00e9cole de musique intercommunale. Projet, qui, rappelons-le, r\u00e9unit plusieurs [&hellip;]<\/p>\n","protected":false},"author":42,"featured_media":58723,"comment_status":"open","ping_status":"open","sticky":false,"template":"","format":"standard","meta":{"footnotes":""},"categories":[20,34,4,18],"tags":[],"class_list":["post-58722","post","type-post","status-publish","format-standard","has-post-thumbnail","hentry","category-a-la-une","category-concert","category-culture","category-vosges"],"acf":[],"yoast_head":"<!-- This site is optimized with the Yoast SEO plugin v22.5 - https:\/\/yoast.com\/wordpress\/plugins\/seo\/ -->\n<title>Ch\u0153urs en F\u00eate : Premi\u00e8re r\u00e9ussie \u00e0 Saint Barth\u00e9l\u00e9my (vid\u00e9o) - Gerardmer Info<\/title>\n<meta name=\"robots\" content=\"index, follow, max-snippet:-1, max-image-preview:large, max-video-preview:-1\" \/>\n<link rel=\"canonical\" href=\"https:\/\/vosgesinfo.fr\/gerardmerinfo\/2022\/05\/choeurs-fete-premiere-reussie-a-saint-barthelemy-video\/\" \/>\n<meta name=\"twitter:card\" content=\"summary_large_image\" \/>\n<meta name=\"twitter:title\" content=\"Ch\u0153urs en F\u00eate : Premi\u00e8re r\u00e9ussie \u00e0 Saint Barth\u00e9l\u00e9my (vid\u00e9o) - Gerardmer Info\" \/>\n<meta name=\"twitter:description\" content=\"&nbsp; Premi\u00e8re r\u00e9ussie pour le projet Ch\u0153urs en F\u00eate men\u00e9 par l&rsquo;\u00e9cole de musique intercommunale. Projet, qui, rappelons-le, r\u00e9unit plusieurs [&hellip;]\" \/>\n<meta name=\"twitter:image\" content=\"https:\/\/vosgesinfo.fr\/app\/uploads\/sites\/6\/2024\/07\/202205choeurs-en-fete-gerardmer-saint-barthelemy-2022-2.jpg\" \/>\n<meta name=\"twitter:creator\" content=\"@VosgesInfo88\" \/>\n<meta name=\"twitter:site\" content=\"@VosgesInfo88\" \/>\n<meta name=\"twitter:label1\" content=\"\u00c9crit par\" \/>\n\t<meta name=\"twitter:data1\" content=\"QG\" \/>\n\t<meta name=\"twitter:label2\" content=\"Dur\u00e9e de lecture estim\u00e9e\" \/>\n\t<meta name=\"twitter:data2\" content=\"1 minute\" \/>\n<script type=\"application\/ld+json\" class=\"yoast-schema-graph\">{\"@context\":\"https:\/\/schema.org\",\"@graph\":[{\"@type\":\"Article\",\"@id\":\"https:\/\/vosgesinfo.fr\/gerardmerinfo\/2022\/05\/choeurs-fete-premiere-reussie-a-saint-barthelemy-video\/#article\",\"isPartOf\":{\"@id\":\"https:\/\/vosgesinfo.fr\/gerardmerinfo\/2022\/05\/choeurs-fete-premiere-reussie-a-saint-barthelemy-video\/\"},\"author\":{\"name\":\"QG\",\"@id\":\"https:\/\/vosgesinfo.fr\/gerardmerinfo\/#\/schema\/person\/db5605779a843dad16b5368f3e7613a5\"},\"headline\":\"Ch\u0153urs en F\u00eate : Premi\u00e8re r\u00e9ussie \u00e0 Saint Barth\u00e9l\u00e9my (vid\u00e9o)\",\"datePublished\":\"2022-05-01T07:19:42+00:00\",\"dateModified\":\"2022-05-01T07:19:42+00:00\",\"mainEntityOfPage\":{\"@id\":\"https:\/\/vosgesinfo.fr\/gerardmerinfo\/2022\/05\/choeurs-fete-premiere-reussie-a-saint-barthelemy-video\/\"},\"wordCount\":241,\"commentCount\":0,\"publisher\":{\"@id\":\"https:\/\/vosgesinfo.fr\/gerardmerinfo\/#organization\"},\"image\":{\"@id\":\"https:\/\/vosgesinfo.fr\/gerardmerinfo\/2022\/05\/choeurs-fete-premiere-reussie-a-saint-barthelemy-video\/#primaryimage\"},\"thumbnailUrl\":\"https:\/\/vosgesinfo.fr\/app\/uploads\/sites\/6\/2024\/07\/202205choeurs-en-fete-gerardmer-saint-barthelemy-2022-2.jpg\",\"articleSection\":[\"A la une\",\"Concert\",\"Culture\",\"Vosges\"],\"inLanguage\":\"fr-FR\",\"potentialAction\":[{\"@type\":\"CommentAction\",\"name\":\"Comment\",\"target\":[\"https:\/\/vosgesinfo.fr\/gerardmerinfo\/2022\/05\/choeurs-fete-premiere-reussie-a-saint-barthelemy-video\/#respond\"]}]},{\"@type\":\"WebPage\",\"@id\":\"https:\/\/vosgesinfo.fr\/gerardmerinfo\/2022\/05\/choeurs-fete-premiere-reussie-a-saint-barthelemy-video\/\",\"url\":\"https:\/\/vosgesinfo.fr\/gerardmerinfo\/2022\/05\/choeurs-fete-premiere-reussie-a-saint-barthelemy-video\/\",\"name\":\"Ch\u0153urs en F\u00eate : Premi\u00e8re r\u00e9ussie \u00e0 Saint Barth\u00e9l\u00e9my (vid\u00e9o) - Gerardmer Info\",\"isPartOf\":{\"@id\":\"https:\/\/vosgesinfo.fr\/gerardmerinfo\/#website\"},\"primaryImageOfPage\":{\"@id\":\"https:\/\/vosgesinfo.fr\/gerardmerinfo\/2022\/05\/choeurs-fete-premiere-reussie-a-saint-barthelemy-video\/#primaryimage\"},\"image\":{\"@id\":\"https:\/\/vosgesinfo.fr\/gerardmerinfo\/2022\/05\/choeurs-fete-premiere-reussie-a-saint-barthelemy-video\/#primaryimage\"},\"thumbnailUrl\":\"https:\/\/vosgesinfo.fr\/app\/uploads\/sites\/6\/2024\/07\/202205choeurs-en-fete-gerardmer-saint-barthelemy-2022-2.jpg\",\"datePublished\":\"2022-05-01T07:19:42+00:00\",\"dateModified\":\"2022-05-01T07:19:42+00:00\",\"breadcrumb\":{\"@id\":\"https:\/\/vosgesinfo.fr\/gerardmerinfo\/2022\/05\/choeurs-fete-premiere-reussie-a-saint-barthelemy-video\/#breadcrumb\"},\"inLanguage\":\"fr-FR\",\"potentialAction\":[{\"@type\":\"ReadAction\",\"target\":[\"https:\/\/vosgesinfo.fr\/gerardmerinfo\/2022\/05\/choeurs-fete-premiere-reussie-a-saint-barthelemy-video\/\"]}]},{\"@type\":\"ImageObject\",\"inLanguage\":\"fr-FR\",\"@id\":\"https:\/\/vosgesinfo.fr\/gerardmerinfo\/2022\/05\/choeurs-fete-premiere-reussie-a-saint-barthelemy-video\/#primaryimage\",\"url\":\"https:\/\/vosgesinfo.fr\/app\/uploads\/sites\/6\/2024\/07\/202205choeurs-en-fete-gerardmer-saint-barthelemy-2022-2.jpg\",\"contentUrl\":\"https:\/\/vosgesinfo.fr\/app\/uploads\/sites\/6\/2024\/07\/202205choeurs-en-fete-gerardmer-saint-barthelemy-2022-2.jpg\",\"width\":1600,\"height\":1200},{\"@type\":\"BreadcrumbList\",\"@id\":\"https:\/\/vosgesinfo.fr\/gerardmerinfo\/2022\/05\/choeurs-fete-premiere-reussie-a-saint-barthelemy-video\/#breadcrumb\",\"itemListElement\":[{\"@type\":\"ListItem\",\"position\":1,\"name\":\"Home\",\"item\":\"https:\/\/vosgesinfo.fr\/gerardmerinfo\/\"},{\"@type\":\"ListItem\",\"position\":2,\"name\":\"Ch\u0153urs en F\u00eate : Premi\u00e8re r\u00e9ussie \u00e0 Saint Barth\u00e9l\u00e9my (vid\u00e9o)\"}]},{\"@type\":\"WebSite\",\"@id\":\"https:\/\/vosgesinfo.fr\/gerardmerinfo\/#website\",\"url\":\"https:\/\/vosgesinfo.fr\/gerardmerinfo\/\",\"name\":\"Gerardmer Info\",\"description\":\"Toute l&#039;actualit\u00e9 de G\u00e9rardmer\",\"publisher\":{\"@id\":\"https:\/\/vosgesinfo.fr\/gerardmerinfo\/#organization\"},\"alternateName\":\"Toute l'actualit\u00e9 de G\u00e9rardmer\",\"potentialAction\":[{\"@type\":\"SearchAction\",\"target\":{\"@type\":\"EntryPoint\",\"urlTemplate\":\"https:\/\/vosgesinfo.fr\/gerardmerinfo\/?s={search_term_string}\"},\"query-input\":\"required name=search_term_string\"}],\"inLanguage\":\"fr-FR\"},{\"@type\":\"Organization\",\"@id\":\"https:\/\/vosgesinfo.fr\/gerardmerinfo\/#organization\",\"name\":\"Gerardmer Info\",\"url\":\"https:\/\/vosgesinfo.fr\/gerardmerinfo\/\",\"logo\":{\"@type\":\"ImageObject\",\"inLanguage\":\"fr-FR\",\"@id\":\"https:\/\/vosgesinfo.fr\/gerardmerinfo\/#\/schema\/logo\/image\/\",\"url\":\"https:\/\/vosgesinfo.fr\/app\/uploads\/sites\/6\/2023\/08\/favicon-gerardmerinfo.png\",\"contentUrl\":\"https:\/\/vosgesinfo.fr\/app\/uploads\/sites\/6\/2023\/08\/favicon-gerardmerinfo.png\",\"width\":512,\"height\":512,\"caption\":\"Gerardmer Info\"},\"image\":{\"@id\":\"https:\/\/vosgesinfo.fr\/gerardmerinfo\/#\/schema\/logo\/image\/\"},\"sameAs\":[\"https:\/\/www.facebook.com\/profile.php?id=100049475262660\",\"https:\/\/x.com\/VosgesInfo88\",\"https:\/\/www.youtube.com\/@vosgesinfo\"]},{\"@type\":\"Person\",\"@id\":\"https:\/\/vosgesinfo.fr\/gerardmerinfo\/#\/schema\/person\/db5605779a843dad16b5368f3e7613a5\",\"name\":\"QG\",\"image\":{\"@type\":\"ImageObject\",\"inLanguage\":\"fr-FR\",\"@id\":\"https:\/\/vosgesinfo.fr\/gerardmerinfo\/#\/schema\/person\/image\/\",\"url\":\"https:\/\/secure.gravatar.com\/avatar\/ea80c42c204b534408512832fde52504ecabb9706bcb6151cf6175e5b64e6793?s=96&d=mm&r=g\",\"contentUrl\":\"https:\/\/secure.gravatar.com\/avatar\/ea80c42c204b534408512832fde52504ecabb9706bcb6151cf6175e5b64e6793?s=96&d=mm&r=g\",\"caption\":\"QG\"},\"url\":\"https:\/\/vosgesinfo.fr\/gerardmerinfo\/author\/quentin88\/\"}]}<\/script>\n<!-- \/ Yoast SEO plugin. -->","yoast_head_json":{"title":"Ch\u0153urs en F\u00eate : Premi\u00e8re r\u00e9ussie \u00e0 Saint Barth\u00e9l\u00e9my (vid\u00e9o) - Gerardmer Info","robots":{"index":"index","follow":"follow","max-snippet":"max-snippet:-1","max-image-preview":"max-image-preview:large","max-video-preview":"max-video-preview:-1"},"canonical":"https:\/\/vosgesinfo.fr\/gerardmerinfo\/2022\/05\/choeurs-fete-premiere-reussie-a-saint-barthelemy-video\/","twitter_card":"summary_large_image","twitter_title":"Ch\u0153urs en F\u00eate : Premi\u00e8re r\u00e9ussie \u00e0 Saint Barth\u00e9l\u00e9my (vid\u00e9o) - Gerardmer Info","twitter_description":"&nbsp; Premi\u00e8re r\u00e9ussie pour le projet Ch\u0153urs en F\u00eate men\u00e9 par l&rsquo;\u00e9cole de musique intercommunale. Projet, qui, rappelons-le, r\u00e9unit plusieurs [&hellip;]","twitter_image":"https:\/\/vosgesinfo.fr\/app\/uploads\/sites\/6\/2024\/07\/202205choeurs-en-fete-gerardmer-saint-barthelemy-2022-2.jpg","twitter_creator":"@VosgesInfo88","twitter_site":"@VosgesInfo88","twitter_misc":{"\u00c9crit par":"QG","Dur\u00e9e de lecture estim\u00e9e":"1 minute"},"schema":{"@context":"https:\/\/schema.org","@graph":[{"@type":"Article","@id":"https:\/\/vosgesinfo.fr\/gerardmerinfo\/2022\/05\/choeurs-fete-premiere-reussie-a-saint-barthelemy-video\/#article","isPartOf":{"@id":"https:\/\/vosgesinfo.fr\/gerardmerinfo\/2022\/05\/choeurs-fete-premiere-reussie-a-saint-barthelemy-video\/"},"author":{"name":"QG","@id":"https:\/\/vosgesinfo.fr\/gerardmerinfo\/#\/schema\/person\/db5605779a843dad16b5368f3e7613a5"},"headline":"Ch\u0153urs en F\u00eate : Premi\u00e8re r\u00e9ussie \u00e0 Saint Barth\u00e9l\u00e9my (vid\u00e9o)","datePublished":"2022-05-01T07:19:42+00:00","dateModified":"2022-05-01T07:19:42+00:00","mainEntityOfPage":{"@id":"https:\/\/vosgesinfo.fr\/gerardmerinfo\/2022\/05\/choeurs-fete-premiere-reussie-a-saint-barthelemy-video\/"},"wordCount":241,"commentCount":0,"publisher":{"@id":"https:\/\/vosgesinfo.fr\/gerardmerinfo\/#organization"},"image":{"@id":"https:\/\/vosgesinfo.fr\/gerardmerinfo\/2022\/05\/choeurs-fete-premiere-reussie-a-saint-barthelemy-video\/#primaryimage"},"thumbnailUrl":"https:\/\/vosgesinfo.fr\/app\/uploads\/sites\/6\/2024\/07\/202205choeurs-en-fete-gerardmer-saint-barthelemy-2022-2.jpg","articleSection":["A la une","Concert","Culture","Vosges"],"inLanguage":"fr-FR","potentialAction":[{"@type":"CommentAction","name":"Comment","target":["https:\/\/vosgesinfo.fr\/gerardmerinfo\/2022\/05\/choeurs-fete-premiere-reussie-a-saint-barthelemy-video\/#respond"]}]},{"@type":"WebPage","@id":"https:\/\/vosgesinfo.fr\/gerardmerinfo\/2022\/05\/choeurs-fete-premiere-reussie-a-saint-barthelemy-video\/","url":"https:\/\/vosgesinfo.fr\/gerardmerinfo\/2022\/05\/choeurs-fete-premiere-reussie-a-saint-barthelemy-video\/","name":"Ch\u0153urs en F\u00eate : Premi\u00e8re r\u00e9ussie \u00e0 Saint Barth\u00e9l\u00e9my (vid\u00e9o) - Gerardmer Info","isPartOf":{"@id":"https:\/\/vosgesinfo.fr\/gerardmerinfo\/#website"},"primaryImageOfPage":{"@id":"https:\/\/vosgesinfo.fr\/gerardmerinfo\/2022\/05\/choeurs-fete-premiere-reussie-a-saint-barthelemy-video\/#primaryimage"},"image":{"@id":"https:\/\/vosgesinfo.fr\/gerardmerinfo\/2022\/05\/choeurs-fete-premiere-reussie-a-saint-barthelemy-video\/#primaryimage"},"thumbnailUrl":"https:\/\/vosgesinfo.fr\/app\/uploads\/sites\/6\/2024\/07\/202205choeurs-en-fete-gerardmer-saint-barthelemy-2022-2.jpg","datePublished":"2022-05-01T07:19:42+00:00","dateModified":"2022-05-01T07:19:42+00:00","breadcrumb":{"@id":"https:\/\/vosgesinfo.fr\/gerardmerinfo\/2022\/05\/choeurs-fete-premiere-reussie-a-saint-barthelemy-video\/#breadcrumb"},"inLanguage":"fr-FR","potentialAction":[{"@type":"ReadAction","target":["https:\/\/vosgesinfo.fr\/gerardmerinfo\/2022\/05\/choeurs-fete-premiere-reussie-a-saint-barthelemy-video\/"]}]},{"@type":"ImageObject","inLanguage":"fr-FR","@id":"https:\/\/vosgesinfo.fr\/gerardmerinfo\/2022\/05\/choeurs-fete-premiere-reussie-a-saint-barthelemy-video\/#primaryimage","url":"https:\/\/vosgesinfo.fr\/app\/uploads\/sites\/6\/2024\/07\/202205choeurs-en-fete-gerardmer-saint-barthelemy-2022-2.jpg","contentUrl":"https:\/\/vosgesinfo.fr\/app\/uploads\/sites\/6\/2024\/07\/202205choeurs-en-fete-gerardmer-saint-barthelemy-2022-2.jpg","width":1600,"height":1200},{"@type":"BreadcrumbList","@id":"https:\/\/vosgesinfo.fr\/gerardmerinfo\/2022\/05\/choeurs-fete-premiere-reussie-a-saint-barthelemy-video\/#breadcrumb","itemListElement":[{"@type":"ListItem","position":1,"name":"Home","item":"https:\/\/vosgesinfo.fr\/gerardmerinfo\/"},{"@type":"ListItem","position":2,"name":"Ch\u0153urs en F\u00eate : Premi\u00e8re r\u00e9ussie \u00e0 Saint Barth\u00e9l\u00e9my (vid\u00e9o)"}]},{"@type":"WebSite","@id":"https:\/\/vosgesinfo.fr\/gerardmerinfo\/#website","url":"https:\/\/vosgesinfo.fr\/gerardmerinfo\/","name":"Gerardmer Info","description":"Toute l&#039;actualit\u00e9 de G\u00e9rardmer","publisher":{"@id":"https:\/\/vosgesinfo.fr\/gerardmerinfo\/#organization"},"alternateName":"Toute l'actualit\u00e9 de G\u00e9rardmer","potentialAction":[{"@type":"SearchAction","target":{"@type":"EntryPoint","urlTemplate":"https:\/\/vosgesinfo.fr\/gerardmerinfo\/?s={search_term_string}"},"query-input":"required name=search_term_string"}],"inLanguage":"fr-FR"},{"@type":"Organization","@id":"https:\/\/vosgesinfo.fr\/gerardmerinfo\/#organization","name":"Gerardmer Info","url":"https:\/\/vosgesinfo.fr\/gerardmerinfo\/","logo":{"@type":"ImageObject","inLanguage":"fr-FR","@id":"https:\/\/vosgesinfo.fr\/gerardmerinfo\/#\/schema\/logo\/image\/","url":"https:\/\/vosgesinfo.fr\/app\/uploads\/sites\/6\/2023\/08\/favicon-gerardmerinfo.png","contentUrl":"https:\/\/vosgesinfo.fr\/app\/uploads\/sites\/6\/2023\/08\/favicon-gerardmerinfo.png","width":512,"height":512,"caption":"Gerardmer Info"},"image":{"@id":"https:\/\/vosgesinfo.fr\/gerardmerinfo\/#\/schema\/logo\/image\/"},"sameAs":["https:\/\/www.facebook.com\/profile.php?id=100049475262660","https:\/\/x.com\/VosgesInfo88","https:\/\/www.youtube.com\/@vosgesinfo"]},{"@type":"Person","@id":"https:\/\/vosgesinfo.fr\/gerardmerinfo\/#\/schema\/person\/db5605779a843dad16b5368f3e7613a5","name":"QG","image":{"@type":"ImageObject","inLanguage":"fr-FR","@id":"https:\/\/vosgesinfo.fr\/gerardmerinfo\/#\/schema\/person\/image\/","url":"https:\/\/secure.gravatar.com\/avatar\/ea80c42c204b534408512832fde52504ecabb9706bcb6151cf6175e5b64e6793?s=96&d=mm&r=g","contentUrl":"https:\/\/secure.gravatar.com\/avatar\/ea80c42c204b534408512832fde52504ecabb9706bcb6151cf6175e5b64e6793?s=96&d=mm&r=g","caption":"QG"},"url":"https:\/\/vosgesinfo.fr\/gerardmerinfo\/author\/quentin88\/"}]}},"_links":{"self":[{"href":"https:\/\/vosgesinfo.fr\/gerardmerinfo\/wp-json\/wp\/v2\/posts\/58722","targetHints":{"allow":["GET"]}}],"collection":[{"href":"https:\/\/vosgesinfo.fr\/gerardmerinfo\/wp-json\/wp\/v2\/posts"}],"about":[{"href":"https:\/\/vosgesinfo.fr\/gerardmerinfo\/wp-json\/wp\/v2\/types\/post"}],"author":[{"embeddable":true,"href":"https:\/\/vosgesinfo.fr\/gerardmerinfo\/wp-json\/wp\/v2\/users\/42"}],"replies":[{"embeddable":true,"href":"https:\/\/vosgesinfo.fr\/gerardmerinfo\/wp-json\/wp\/v2\/comments?post=58722"}],"version-history":[{"count":0,"href":"https:\/\/vosgesinfo.fr\/gerardmerinfo\/wp-json\/wp\/v2\/posts\/58722\/revisions"}],"wp:featuredmedia":[{"embeddable":true,"href":"https:\/\/vosgesinfo.fr\/gerardmerinfo\/wp-json\/wp\/v2\/media\/58723"}],"wp:attachment":[{"href":"https:\/\/vosgesinfo.fr\/gerardmerinfo\/wp-json\/wp\/v2\/media?parent=58722"}],"wp:term":[{"taxonomy":"category","embeddable":true,"href":"https:\/\/vosgesinfo.fr\/gerardmerinfo\/wp-json\/wp\/v2\/categories?post=58722"},{"taxonomy":"post_tag","embeddable":true,"href":"https:\/\/vosgesinfo.fr\/gerardmerinfo\/wp-json\/wp\/v2\/tags?post=58722"}],"curies":[{"name":"wp","href":"https:\/\/api.w.org\/{rel}","templated":true}]}}