{"id":58735,"date":"2022-05-02T03:59:38","date_gmt":"2022-05-02T01:59:38","guid":{"rendered":"https:\/\/vosgesinfo.fr\/gerardmerinfo\/2022\/05\/a-liezey-fougere-lave-plus-blanc-blanc\/"},"modified":"2022-05-02T03:59:38","modified_gmt":"2022-05-02T01:59:38","slug":"a-liezey-fougere-lave-plus-blanc-blanc","status":"publish","type":"post","link":"https:\/\/vosgesinfo.fr\/gerardmerinfo\/2022\/05\/a-liezey-fougere-lave-plus-blanc-blanc\/","title":{"rendered":"A Li\u00e9zey, \u00ab\u00a0La Foug\u00e8re\u00a0\u00bb lave plus blanc que blanc"},"content":{"rendered":"\n<p>&nbsp;<\/p>\n<h3>Grand rassemblement annuel pour les b\u00e9n\u00e9voles de l&rsquo;association La Foug\u00e8re de Li\u00e9zey qui ont proc\u00e9d\u00e9 \u00e0 la fabrication et \u00e0 l&#8217;embouteillage de leur lessive naturelle parfum\u00e9e notamment au serpolet&#8230;<\/h3>\n<p>Samedi matin, ils \u00e9taient donc une quarantaine de b\u00e9n\u00e9voles \u00e0 participer \u00e0 ce temps fort de la vie de La Foug\u00e8re. Une grande journ\u00e9e que coordonne la pr\u00e9sidente Francine Delaplace qui veille \u00e0 ce que chacun soit \u00e0 sa t\u00e2che et joue sa partition pour le plan se d\u00e9roule sans accroc comme dirait un certain Hannibal Smith&#8230; Fabrication de la lessive elle-m\u00eame, lavage des bouteilles, embouteillage, mais aussi pr\u00e9paration du jardin m\u00e9di\u00e9val en lien avec des Incroyables Potagers, il y avait de quoi s&rsquo;occuper. Rien n&rsquo;est laiss\u00e9 au hasard, m\u00eame pas la pause d\u00e9jeuner qui a pris la forme d&rsquo;un barbecue convivial et champ\u00eatre \u00e9chappant par chance \u00e0 la pluie annonc\u00e9e en d\u00e9but de semaine.<\/p>\n<p>Sur cette simple journ\u00e9e de samedi qui a permis d&rsquo;oublier la funeste p\u00e9riode de la crise sanitaire, pas moins de 500 bouteilles ont \u00e9t\u00e9 lav\u00e9es par les b\u00e9n\u00e9voles avant embouteillage. Certains ont \u00e9galement proc\u00e9d\u00e9 au pliage des torchons qui accompagnent \u00e9ventuellement la lessive, et d&rsquo;autres ont pris le soin d&rsquo;\u00e9tiqueter et emballer le tout. Notez enfin que vous pourrez vous procurer cette lessive dans diff\u00e9rentes boutiques du secteur et principalement \u00e0 la Maison de l\u2019Artisanat de Li\u00e9zey. Le tarif est de 5 euros la bouteille ou 7 euros avec le joli torchon provenant d\u2019une maison de textile locale. Pourquoi s&rsquo;en priver ?!<\/p>\n","protected":false},"excerpt":{"rendered":"<p>&nbsp; Grand rassemblement annuel pour les b\u00e9n\u00e9voles de l&rsquo;association La Foug\u00e8re de Li\u00e9zey qui ont proc\u00e9d\u00e9 \u00e0 la fabrication et [&hellip;]<\/p>\n","protected":false},"author":42,"featured_media":58736,"comment_status":"open","ping_status":"open","sticky":false,"template":"","format":"standard","meta":{"footnotes":""},"categories":[20,25,41,17,40],"tags":[196,1835],"class_list":["post-58735","post","type-post","status-publish","format-standard","has-post-thumbnail","hentry","category-a-la-une","category-gerardmer","category-liezey","category-vie-associative","category-xonrupt-liezey","tag-la-fougere","tag-liezey"],"acf":[],"yoast_head":"<!-- This site is optimized with the Yoast SEO plugin v22.5 - https:\/\/yoast.com\/wordpress\/plugins\/seo\/ -->\n<title>A Li\u00e9zey, &quot;La Foug\u00e8re&quot; lave plus blanc que blanc - Gerardmer Info<\/title>\n<meta name=\"robots\" content=\"index, follow, max-snippet:-1, max-image-preview:large, max-video-preview:-1\" \/>\n<link rel=\"canonical\" href=\"https:\/\/vosgesinfo.fr\/gerardmerinfo\/2022\/05\/a-liezey-fougere-lave-plus-blanc-blanc\/\" \/>\n<meta name=\"twitter:card\" content=\"summary_large_image\" \/>\n<meta name=\"twitter:title\" content=\"A Li\u00e9zey, &quot;La Foug\u00e8re&quot; lave plus blanc que blanc - Gerardmer Info\" \/>\n<meta name=\"twitter:description\" content=\"&nbsp; Grand rassemblement annuel pour les b\u00e9n\u00e9voles de l&rsquo;association La Foug\u00e8re de Li\u00e9zey qui ont proc\u00e9d\u00e9 \u00e0 la fabrication et [&hellip;]\" \/>\n<meta name=\"twitter:image\" content=\"https:\/\/vosgesinfo.fr\/app\/uploads\/sites\/6\/2024\/07\/202205lessive-la-fougere-liezey-4-scaled.jpg\" \/>\n<meta name=\"twitter:creator\" content=\"@VosgesInfo88\" \/>\n<meta name=\"twitter:site\" content=\"@VosgesInfo88\" \/>\n<meta name=\"twitter:label1\" content=\"\u00c9crit par\" \/>\n\t<meta name=\"twitter:data1\" content=\"QG\" \/>\n\t<meta name=\"twitter:label2\" content=\"Dur\u00e9e de lecture estim\u00e9e\" \/>\n\t<meta name=\"twitter:data2\" content=\"1 minute\" \/>\n<script type=\"application\/ld+json\" class=\"yoast-schema-graph\">{\"@context\":\"https:\/\/schema.org\",\"@graph\":[{\"@type\":\"Article\",\"@id\":\"https:\/\/vosgesinfo.fr\/gerardmerinfo\/2022\/05\/a-liezey-fougere-lave-plus-blanc-blanc\/#article\",\"isPartOf\":{\"@id\":\"https:\/\/vosgesinfo.fr\/gerardmerinfo\/2022\/05\/a-liezey-fougere-lave-plus-blanc-blanc\/\"},\"author\":{\"name\":\"QG\",\"@id\":\"https:\/\/vosgesinfo.fr\/gerardmerinfo\/#\/schema\/person\/db5605779a843dad16b5368f3e7613a5\"},\"headline\":\"A Li\u00e9zey, \u00ab\u00a0La Foug\u00e8re\u00a0\u00bb lave plus blanc que blanc\",\"datePublished\":\"2022-05-02T01:59:38+00:00\",\"dateModified\":\"2022-05-02T01:59:38+00:00\",\"mainEntityOfPage\":{\"@id\":\"https:\/\/vosgesinfo.fr\/gerardmerinfo\/2022\/05\/a-liezey-fougere-lave-plus-blanc-blanc\/\"},\"wordCount\":296,\"commentCount\":0,\"publisher\":{\"@id\":\"https:\/\/vosgesinfo.fr\/gerardmerinfo\/#organization\"},\"image\":{\"@id\":\"https:\/\/vosgesinfo.fr\/gerardmerinfo\/2022\/05\/a-liezey-fougere-lave-plus-blanc-blanc\/#primaryimage\"},\"thumbnailUrl\":\"https:\/\/vosgesinfo.fr\/app\/uploads\/sites\/6\/2024\/07\/202205lessive-la-fougere-liezey-4-scaled.jpg\",\"keywords\":[\"La Foug\u00e8re\",\"li\u00e9zey\"],\"articleSection\":[\"A la une\",\"G\u00e9rardmer\",\"Liezey\",\"Vie Associative\",\"Xonrupt\/Liezey\"],\"inLanguage\":\"fr-FR\",\"potentialAction\":[{\"@type\":\"CommentAction\",\"name\":\"Comment\",\"target\":[\"https:\/\/vosgesinfo.fr\/gerardmerinfo\/2022\/05\/a-liezey-fougere-lave-plus-blanc-blanc\/#respond\"]}]},{\"@type\":\"WebPage\",\"@id\":\"https:\/\/vosgesinfo.fr\/gerardmerinfo\/2022\/05\/a-liezey-fougere-lave-plus-blanc-blanc\/\",\"url\":\"https:\/\/vosgesinfo.fr\/gerardmerinfo\/2022\/05\/a-liezey-fougere-lave-plus-blanc-blanc\/\",\"name\":\"A Li\u00e9zey, \\\"La Foug\u00e8re\\\" lave plus blanc que blanc - Gerardmer Info\",\"isPartOf\":{\"@id\":\"https:\/\/vosgesinfo.fr\/gerardmerinfo\/#website\"},\"primaryImageOfPage\":{\"@id\":\"https:\/\/vosgesinfo.fr\/gerardmerinfo\/2022\/05\/a-liezey-fougere-lave-plus-blanc-blanc\/#primaryimage\"},\"image\":{\"@id\":\"https:\/\/vosgesinfo.fr\/gerardmerinfo\/2022\/05\/a-liezey-fougere-lave-plus-blanc-blanc\/#primaryimage\"},\"thumbnailUrl\":\"https:\/\/vosgesinfo.fr\/app\/uploads\/sites\/6\/2024\/07\/202205lessive-la-fougere-liezey-4-scaled.jpg\",\"datePublished\":\"2022-05-02T01:59:38+00:00\",\"dateModified\":\"2022-05-02T01:59:38+00:00\",\"breadcrumb\":{\"@id\":\"https:\/\/vosgesinfo.fr\/gerardmerinfo\/2022\/05\/a-liezey-fougere-lave-plus-blanc-blanc\/#breadcrumb\"},\"inLanguage\":\"fr-FR\",\"potentialAction\":[{\"@type\":\"ReadAction\",\"target\":[\"https:\/\/vosgesinfo.fr\/gerardmerinfo\/2022\/05\/a-liezey-fougere-lave-plus-blanc-blanc\/\"]}]},{\"@type\":\"ImageObject\",\"inLanguage\":\"fr-FR\",\"@id\":\"https:\/\/vosgesinfo.fr\/gerardmerinfo\/2022\/05\/a-liezey-fougere-lave-plus-blanc-blanc\/#primaryimage\",\"url\":\"https:\/\/vosgesinfo.fr\/app\/uploads\/sites\/6\/2024\/07\/202205lessive-la-fougere-liezey-4-scaled.jpg\",\"contentUrl\":\"https:\/\/vosgesinfo.fr\/app\/uploads\/sites\/6\/2024\/07\/202205lessive-la-fougere-liezey-4-scaled.jpg\",\"width\":2560,\"height\":1707},{\"@type\":\"BreadcrumbList\",\"@id\":\"https:\/\/vosgesinfo.fr\/gerardmerinfo\/2022\/05\/a-liezey-fougere-lave-plus-blanc-blanc\/#breadcrumb\",\"itemListElement\":[{\"@type\":\"ListItem\",\"position\":1,\"name\":\"Home\",\"item\":\"https:\/\/vosgesinfo.fr\/gerardmerinfo\/\"},{\"@type\":\"ListItem\",\"position\":2,\"name\":\"A Li\u00e9zey, \u00ab\u00a0La Foug\u00e8re\u00a0\u00bb lave plus blanc que blanc\"}]},{\"@type\":\"WebSite\",\"@id\":\"https:\/\/vosgesinfo.fr\/gerardmerinfo\/#website\",\"url\":\"https:\/\/vosgesinfo.fr\/gerardmerinfo\/\",\"name\":\"Gerardmer Info\",\"description\":\"Toute l&#039;actualit\u00e9 de G\u00e9rardmer\",\"publisher\":{\"@id\":\"https:\/\/vosgesinfo.fr\/gerardmerinfo\/#organization\"},\"alternateName\":\"Toute l'actualit\u00e9 de G\u00e9rardmer\",\"potentialAction\":[{\"@type\":\"SearchAction\",\"target\":{\"@type\":\"EntryPoint\",\"urlTemplate\":\"https:\/\/vosgesinfo.fr\/gerardmerinfo\/?s={search_term_string}\"},\"query-input\":\"required name=search_term_string\"}],\"inLanguage\":\"fr-FR\"},{\"@type\":\"Organization\",\"@id\":\"https:\/\/vosgesinfo.fr\/gerardmerinfo\/#organization\",\"name\":\"Gerardmer Info\",\"url\":\"https:\/\/vosgesinfo.fr\/gerardmerinfo\/\",\"logo\":{\"@type\":\"ImageObject\",\"inLanguage\":\"fr-FR\",\"@id\":\"https:\/\/vosgesinfo.fr\/gerardmerinfo\/#\/schema\/logo\/image\/\",\"url\":\"https:\/\/vosgesinfo.fr\/app\/uploads\/sites\/6\/2023\/08\/favicon-gerardmerinfo.png\",\"contentUrl\":\"https:\/\/vosgesinfo.fr\/app\/uploads\/sites\/6\/2023\/08\/favicon-gerardmerinfo.png\",\"width\":512,\"height\":512,\"caption\":\"Gerardmer Info\"},\"image\":{\"@id\":\"https:\/\/vosgesinfo.fr\/gerardmerinfo\/#\/schema\/logo\/image\/\"},\"sameAs\":[\"https:\/\/www.facebook.com\/profile.php?id=100049475262660\",\"https:\/\/x.com\/VosgesInfo88\",\"https:\/\/www.youtube.com\/@vosgesinfo\"]},{\"@type\":\"Person\",\"@id\":\"https:\/\/vosgesinfo.fr\/gerardmerinfo\/#\/schema\/person\/db5605779a843dad16b5368f3e7613a5\",\"name\":\"QG\",\"image\":{\"@type\":\"ImageObject\",\"inLanguage\":\"fr-FR\",\"@id\":\"https:\/\/vosgesinfo.fr\/gerardmerinfo\/#\/schema\/person\/image\/\",\"url\":\"https:\/\/secure.gravatar.com\/avatar\/ea80c42c204b534408512832fde52504ecabb9706bcb6151cf6175e5b64e6793?s=96&d=mm&r=g\",\"contentUrl\":\"https:\/\/secure.gravatar.com\/avatar\/ea80c42c204b534408512832fde52504ecabb9706bcb6151cf6175e5b64e6793?s=96&d=mm&r=g\",\"caption\":\"QG\"},\"url\":\"https:\/\/vosgesinfo.fr\/gerardmerinfo\/author\/quentin88\/\"}]}<\/script>\n<!-- \/ Yoast SEO plugin. -->","yoast_head_json":{"title":"A Li\u00e9zey, \"La Foug\u00e8re\" lave plus blanc que blanc - Gerardmer Info","robots":{"index":"index","follow":"follow","max-snippet":"max-snippet:-1","max-image-preview":"max-image-preview:large","max-video-preview":"max-video-preview:-1"},"canonical":"https:\/\/vosgesinfo.fr\/gerardmerinfo\/2022\/05\/a-liezey-fougere-lave-plus-blanc-blanc\/","twitter_card":"summary_large_image","twitter_title":"A Li\u00e9zey, \"La Foug\u00e8re\" lave plus blanc que blanc - Gerardmer Info","twitter_description":"&nbsp; Grand rassemblement annuel pour les b\u00e9n\u00e9voles de l&rsquo;association La Foug\u00e8re de Li\u00e9zey qui ont proc\u00e9d\u00e9 \u00e0 la fabrication et [&hellip;]","twitter_image":"https:\/\/vosgesinfo.fr\/app\/uploads\/sites\/6\/2024\/07\/202205lessive-la-fougere-liezey-4-scaled.jpg","twitter_creator":"@VosgesInfo88","twitter_site":"@VosgesInfo88","twitter_misc":{"\u00c9crit par":"QG","Dur\u00e9e de lecture estim\u00e9e":"1 minute"},"schema":{"@context":"https:\/\/schema.org","@graph":[{"@type":"Article","@id":"https:\/\/vosgesinfo.fr\/gerardmerinfo\/2022\/05\/a-liezey-fougere-lave-plus-blanc-blanc\/#article","isPartOf":{"@id":"https:\/\/vosgesinfo.fr\/gerardmerinfo\/2022\/05\/a-liezey-fougere-lave-plus-blanc-blanc\/"},"author":{"name":"QG","@id":"https:\/\/vosgesinfo.fr\/gerardmerinfo\/#\/schema\/person\/db5605779a843dad16b5368f3e7613a5"},"headline":"A Li\u00e9zey, \u00ab\u00a0La Foug\u00e8re\u00a0\u00bb lave plus blanc que blanc","datePublished":"2022-05-02T01:59:38+00:00","dateModified":"2022-05-02T01:59:38+00:00","mainEntityOfPage":{"@id":"https:\/\/vosgesinfo.fr\/gerardmerinfo\/2022\/05\/a-liezey-fougere-lave-plus-blanc-blanc\/"},"wordCount":296,"commentCount":0,"publisher":{"@id":"https:\/\/vosgesinfo.fr\/gerardmerinfo\/#organization"},"image":{"@id":"https:\/\/vosgesinfo.fr\/gerardmerinfo\/2022\/05\/a-liezey-fougere-lave-plus-blanc-blanc\/#primaryimage"},"thumbnailUrl":"https:\/\/vosgesinfo.fr\/app\/uploads\/sites\/6\/2024\/07\/202205lessive-la-fougere-liezey-4-scaled.jpg","keywords":["La Foug\u00e8re","li\u00e9zey"],"articleSection":["A la une","G\u00e9rardmer","Liezey","Vie Associative","Xonrupt\/Liezey"],"inLanguage":"fr-FR","potentialAction":[{"@type":"CommentAction","name":"Comment","target":["https:\/\/vosgesinfo.fr\/gerardmerinfo\/2022\/05\/a-liezey-fougere-lave-plus-blanc-blanc\/#respond"]}]},{"@type":"WebPage","@id":"https:\/\/vosgesinfo.fr\/gerardmerinfo\/2022\/05\/a-liezey-fougere-lave-plus-blanc-blanc\/","url":"https:\/\/vosgesinfo.fr\/gerardmerinfo\/2022\/05\/a-liezey-fougere-lave-plus-blanc-blanc\/","name":"A Li\u00e9zey, \"La Foug\u00e8re\" lave plus blanc que blanc - Gerardmer Info","isPartOf":{"@id":"https:\/\/vosgesinfo.fr\/gerardmerinfo\/#website"},"primaryImageOfPage":{"@id":"https:\/\/vosgesinfo.fr\/gerardmerinfo\/2022\/05\/a-liezey-fougere-lave-plus-blanc-blanc\/#primaryimage"},"image":{"@id":"https:\/\/vosgesinfo.fr\/gerardmerinfo\/2022\/05\/a-liezey-fougere-lave-plus-blanc-blanc\/#primaryimage"},"thumbnailUrl":"https:\/\/vosgesinfo.fr\/app\/uploads\/sites\/6\/2024\/07\/202205lessive-la-fougere-liezey-4-scaled.jpg","datePublished":"2022-05-02T01:59:38+00:00","dateModified":"2022-05-02T01:59:38+00:00","breadcrumb":{"@id":"https:\/\/vosgesinfo.fr\/gerardmerinfo\/2022\/05\/a-liezey-fougere-lave-plus-blanc-blanc\/#breadcrumb"},"inLanguage":"fr-FR","potentialAction":[{"@type":"ReadAction","target":["https:\/\/vosgesinfo.fr\/gerardmerinfo\/2022\/05\/a-liezey-fougere-lave-plus-blanc-blanc\/"]}]},{"@type":"ImageObject","inLanguage":"fr-FR","@id":"https:\/\/vosgesinfo.fr\/gerardmerinfo\/2022\/05\/a-liezey-fougere-lave-plus-blanc-blanc\/#primaryimage","url":"https:\/\/vosgesinfo.fr\/app\/uploads\/sites\/6\/2024\/07\/202205lessive-la-fougere-liezey-4-scaled.jpg","contentUrl":"https:\/\/vosgesinfo.fr\/app\/uploads\/sites\/6\/2024\/07\/202205lessive-la-fougere-liezey-4-scaled.jpg","width":2560,"height":1707},{"@type":"BreadcrumbList","@id":"https:\/\/vosgesinfo.fr\/gerardmerinfo\/2022\/05\/a-liezey-fougere-lave-plus-blanc-blanc\/#breadcrumb","itemListElement":[{"@type":"ListItem","position":1,"name":"Home","item":"https:\/\/vosgesinfo.fr\/gerardmerinfo\/"},{"@type":"ListItem","position":2,"name":"A Li\u00e9zey, \u00ab\u00a0La Foug\u00e8re\u00a0\u00bb lave plus blanc que blanc"}]},{"@type":"WebSite","@id":"https:\/\/vosgesinfo.fr\/gerardmerinfo\/#website","url":"https:\/\/vosgesinfo.fr\/gerardmerinfo\/","name":"Gerardmer Info","description":"Toute l&#039;actualit\u00e9 de G\u00e9rardmer","publisher":{"@id":"https:\/\/vosgesinfo.fr\/gerardmerinfo\/#organization"},"alternateName":"Toute l'actualit\u00e9 de G\u00e9rardmer","potentialAction":[{"@type":"SearchAction","target":{"@type":"EntryPoint","urlTemplate":"https:\/\/vosgesinfo.fr\/gerardmerinfo\/?s={search_term_string}"},"query-input":"required name=search_term_string"}],"inLanguage":"fr-FR"},{"@type":"Organization","@id":"https:\/\/vosgesinfo.fr\/gerardmerinfo\/#organization","name":"Gerardmer Info","url":"https:\/\/vosgesinfo.fr\/gerardmerinfo\/","logo":{"@type":"ImageObject","inLanguage":"fr-FR","@id":"https:\/\/vosgesinfo.fr\/gerardmerinfo\/#\/schema\/logo\/image\/","url":"https:\/\/vosgesinfo.fr\/app\/uploads\/sites\/6\/2023\/08\/favicon-gerardmerinfo.png","contentUrl":"https:\/\/vosgesinfo.fr\/app\/uploads\/sites\/6\/2023\/08\/favicon-gerardmerinfo.png","width":512,"height":512,"caption":"Gerardmer Info"},"image":{"@id":"https:\/\/vosgesinfo.fr\/gerardmerinfo\/#\/schema\/logo\/image\/"},"sameAs":["https:\/\/www.facebook.com\/profile.php?id=100049475262660","https:\/\/x.com\/VosgesInfo88","https:\/\/www.youtube.com\/@vosgesinfo"]},{"@type":"Person","@id":"https:\/\/vosgesinfo.fr\/gerardmerinfo\/#\/schema\/person\/db5605779a843dad16b5368f3e7613a5","name":"QG","image":{"@type":"ImageObject","inLanguage":"fr-FR","@id":"https:\/\/vosgesinfo.fr\/gerardmerinfo\/#\/schema\/person\/image\/","url":"https:\/\/secure.gravatar.com\/avatar\/ea80c42c204b534408512832fde52504ecabb9706bcb6151cf6175e5b64e6793?s=96&d=mm&r=g","contentUrl":"https:\/\/secure.gravatar.com\/avatar\/ea80c42c204b534408512832fde52504ecabb9706bcb6151cf6175e5b64e6793?s=96&d=mm&r=g","caption":"QG"},"url":"https:\/\/vosgesinfo.fr\/gerardmerinfo\/author\/quentin88\/"}]}},"_links":{"self":[{"href":"https:\/\/vosgesinfo.fr\/gerardmerinfo\/wp-json\/wp\/v2\/posts\/58735","targetHints":{"allow":["GET"]}}],"collection":[{"href":"https:\/\/vosgesinfo.fr\/gerardmerinfo\/wp-json\/wp\/v2\/posts"}],"about":[{"href":"https:\/\/vosgesinfo.fr\/gerardmerinfo\/wp-json\/wp\/v2\/types\/post"}],"author":[{"embeddable":true,"href":"https:\/\/vosgesinfo.fr\/gerardmerinfo\/wp-json\/wp\/v2\/users\/42"}],"replies":[{"embeddable":true,"href":"https:\/\/vosgesinfo.fr\/gerardmerinfo\/wp-json\/wp\/v2\/comments?post=58735"}],"version-history":[{"count":0,"href":"https:\/\/vosgesinfo.fr\/gerardmerinfo\/wp-json\/wp\/v2\/posts\/58735\/revisions"}],"wp:featuredmedia":[{"embeddable":true,"href":"https:\/\/vosgesinfo.fr\/gerardmerinfo\/wp-json\/wp\/v2\/media\/58736"}],"wp:attachment":[{"href":"https:\/\/vosgesinfo.fr\/gerardmerinfo\/wp-json\/wp\/v2\/media?parent=58735"}],"wp:term":[{"taxonomy":"category","embeddable":true,"href":"https:\/\/vosgesinfo.fr\/gerardmerinfo\/wp-json\/wp\/v2\/categories?post=58735"},{"taxonomy":"post_tag","embeddable":true,"href":"https:\/\/vosgesinfo.fr\/gerardmerinfo\/wp-json\/wp\/v2\/tags?post=58735"}],"curies":[{"name":"wp","href":"https:\/\/api.w.org\/{rel}","templated":true}]}}