{"id":58804,"date":"2022-05-03T12:44:42","date_gmt":"2022-05-03T10:44:42","guid":{"rendered":"https:\/\/vosgesinfo.fr\/gerardmerinfo\/2022\/05\/canoe-kayak-lasg-frappe-fort-championnat-de-france-descente-classique\/"},"modified":"2022-05-03T12:44:42","modified_gmt":"2022-05-03T10:44:42","slug":"canoe-kayak-lasg-frappe-fort-championnat-de-france-descente-classique","status":"publish","type":"post","link":"https:\/\/vosgesinfo.fr\/gerardmerinfo\/2022\/05\/canoe-kayak-lasg-frappe-fort-championnat-de-france-descente-classique\/","title":{"rendered":"Cano\u00eb-Kayak : l&rsquo;ASG frappe fort au Championnat de France Descente Classique"},"content":{"rendered":"<div>\n\n<\/div>\n<div>\n<div>La semaine derni\u00e8re, l&rsquo;ASG Cano\u00eb-Kayak s\u2019est d\u00e9plac\u00e9e sur Le Drac (Hautes-Alpes) pour le Championnat de France Descente Classique 2022.<\/div>\n<div>Une rivi\u00e8re re-d\u00e9couverte pour certains et d\u00e9couverte pour d\u2019autres, pr\u00e9sentant un parcours technique et physique, avec un effort \u00e0 produire d\u2019environ vingt minutes.<\/div>\n<div><\/div>\n<div>Les G\u00e9romois rentrent \u00e0 la maison avec pas moins de 9 m\u00e9dailles , dont 6 titres, la plupart glan\u00e9s par les jeunes cadets.<\/div>\n<div><\/div>\n<div>A noter la belle performance de Chlo\u00e9 NICOT, qui, apr\u00e8s ses titres en course en ligne, survole d\u00e9cid\u00e9ment les disciplines de vitesse dans sa cat\u00e9gorie, de Jan-Gabin PISCHEK, nouveau Champion de France cadet en cano\u00eb, de Dimitri SCHOEPFER-WALTER, qui explose cette saison en kayak et de Mathilde VALDENAIRE qui remporte une belle m\u00e9daille de bronze apr\u00e8s avoir manqu\u00e9 de peu sa s\u00e9lection en Equipe de France.<\/div>\n<div><\/div>\n<div>De bonne augure pour le classement national annuel des clubs, o\u00f9 l&rsquo;AS G\u00e9rardmer CK figure r\u00e9guli\u00e8rement dans le top 3. Et en attendant le Championnat de France de Sprint \u00e0 l&rsquo;automne&#8230;<\/div>\n<div><\/div>\n<\/div>\n<div>\n<div><b>R\u00e9sultats : <\/b><\/div>\n<\/div>\n<div>\n<div>Cadets :<\/div>\n<div>Chlo\u00e9 Nicot <img decoding=\"async\" id=\"x_ymail_ctr_id_-93044-2\" src=\"https:\/\/vosgesinfo.fr\/app\/uploads\/sites\/6\/2024\/07\/1f947.png\" alt=\"\ufffd\ufffd\" width=\"16\" height=\"16\" data-imagetype=\"External\" \/><img decoding=\"async\" id=\"x_ymail_ctr_id_-475705-3\" src=\"https:\/\/vosgesinfo.fr\/app\/uploads\/sites\/6\/2024\/07\/1f947.png\" alt=\"\ufffd\ufffd\" width=\"16\" height=\"16\" data-imagetype=\"External\" \/> : Double championne de France en Cano\u00eb et en Kayak<\/div>\n<\/div>\n<div>\n<div>Jan Gabin Pischek<img decoding=\"async\" id=\"x_ymail_ctr_id_-708279-4\" src=\"https:\/\/vosgesinfo.fr\/app\/uploads\/sites\/6\/2024\/07\/1f947.png\" alt=\"\ufffd\ufffd\" width=\"16\" height=\"16\" data-imagetype=\"External\" \/><img decoding=\"async\" id=\"x_ymail_ctr_id_-596649-5\" src=\"https:\/\/vosgesinfo.fr\/app\/uploads\/sites\/6\/2024\/07\/1f947.png\" alt=\"\ufffd\ufffd\" width=\"16\" height=\"16\" data-imagetype=\"External\" \/> : Double Champion de France en Cano\u00eb et en Cano\u00eb Biplace<\/div>\n<div>Th\u00e9o Didier <img decoding=\"async\" id=\"x_ymail_ctr_id_-545653-6\" src=\"https:\/\/vosgesinfo.fr\/app\/uploads\/sites\/6\/2024\/07\/1f948.png\" alt=\"\ufffd\ufffd\" width=\"16\" height=\"16\" data-imagetype=\"External\" \/><img decoding=\"async\" id=\"x_ymail_ctr_id_-8079-7\" src=\"https:\/\/vosgesinfo.fr\/app\/uploads\/sites\/6\/2024\/07\/1f947.png\" alt=\"\ufffd\ufffd\" width=\"16\" height=\"16\" data-imagetype=\"External\" \/> : vice Champion de France en Cano\u00eb et Champion de France en Cano\u00eb biplace<\/div>\n<div>Dimitri Schoepfer Walter <img decoding=\"async\" id=\"x_ymail_ctr_id_-794861-8\" src=\"https:\/\/vosgesinfo.fr\/app\/uploads\/sites\/6\/2024\/07\/1f948.png\" alt=\"\ufffd\ufffd\" width=\"16\" height=\"16\" data-imagetype=\"External\" \/> : Vice Champion de France en Kayak<\/div>\n<div>\u00c9lie Mazerat : 33\u00e8me en Kayak<\/div>\n<\/div>\n<div>\n<div><\/div>\n<div>Juniors :<\/div>\n<div>Augustin Schupp : 29\u00e8me en Kayak<\/div>\n<\/div>\n<div>\n<div><\/div>\n<div>Seniors :<\/div>\n<div>Mathilde Valdenaire <img decoding=\"async\" id=\"x_ymail_ctr_id_-597268-9\" src=\"https:\/\/vosgesinfo.fr\/app\/uploads\/sites\/6\/2024\/07\/1f949.png\" alt=\"\ufffd\ufffd\" width=\"16\" height=\"16\" data-imagetype=\"External\" \/> : 3\u00e8me en Kayak<\/div>\n<div>Coline Hussion : 8\u00e8me en Kayak<\/div>\n<\/div>\n<div>\n<div>Yves Wehmer : 13\u00e8me en Kayak<\/div>\n<div>Christophe Poulain : 18\u00e8me en Kayak<\/div>\n<div>Matthieu Becker : 14\u00e8me en Cano\u00eb<\/div>\n<\/div>\n<div>\n<div><\/div>\n<div>V\u00e9t\u00e9rans :<\/div>\n<div>Gwendal Duchet <img decoding=\"async\" id=\"x_ymail_ctr_id_-23332-10\" src=\"https:\/\/vosgesinfo.fr\/app\/uploads\/sites\/6\/2024\/07\/1f947.png\" alt=\"\ufffd\ufffd\" width=\"16\" height=\"16\" data-imagetype=\"External\" \/> : Champion de France en Cano\u00eb et 5\u00e8me en Kayak<\/div>\n<div>Jan Pischek <img decoding=\"async\" id=\"x_ymail_ctr_id_-556689-11\" src=\"https:\/\/vosgesinfo.fr\/app\/uploads\/sites\/6\/2024\/07\/1f948.png\" alt=\"\ufffd\ufffd\" width=\"16\" height=\"16\" data-imagetype=\"External\" \/>: Vice Champion de France en Cano\u00eb<\/div>\n<\/div>\n<div><\/div>\n<div><\/div>\n<div>Texte :Nicolas Rumeau pour l&rsquo;ASG C-K<\/div>\n<div>\n<div><strong>Photos :<\/strong>\u00a0 Chantal Jouin &amp; <a tabindex=\"0\" href=\"https:\/\/www.facebook.com\/matthieu.bck\/?__cft__[0]=AZWbfVPzHTPEmbRC3cS046sdPzAcZcHfuz00PANsUfRClSDSJMxLK8p5rYHpMnYYiJ23-eRrRFqdoJmNf6mFVD2_VN-p5-2bt3xtLg0wwyl2Lo2RmboLMI8BYi0EDmbScMEi9KatpoENRSNiLq1YzpHq&amp;__tn__=kK-R\" target=\"_blank\" rel=\"noopener noreferrer\" data-auth=\"NotApplicable\" data-linkindex=\"0\">Matthieu Bck &#8211; Photographie<\/a><\/div>\n<\/div>\n","protected":false},"excerpt":{"rendered":"<p>La semaine derni\u00e8re, l&rsquo;ASG Cano\u00eb-Kayak s\u2019est d\u00e9plac\u00e9e sur Le Drac (Hautes-Alpes) pour le Championnat de France Descente Classique 2022. Une [&hellip;]<\/p>\n","protected":false},"author":1,"featured_media":5263,"comment_status":"open","ping_status":"open","sticky":false,"template":"","format":"standard","meta":{"footnotes":""},"categories":[20,25,14],"tags":[249],"class_list":["post-58804","post","type-post","status-publish","format-standard","has-post-thumbnail","hentry","category-a-la-une","category-gerardmer","category-sport","tag-asg-canoe-kayak"],"acf":[],"yoast_head":"<!-- This site is optimized with the Yoast SEO plugin v22.5 - https:\/\/yoast.com\/wordpress\/plugins\/seo\/ -->\n<title>Cano\u00eb-Kayak : l&#039;ASG frappe fort au Championnat de France Descente Classique - Gerardmer Info<\/title>\n<meta name=\"robots\" content=\"index, follow, max-snippet:-1, max-image-preview:large, max-video-preview:-1\" \/>\n<link rel=\"canonical\" href=\"https:\/\/vosgesinfo.fr\/gerardmerinfo\/2022\/05\/canoe-kayak-lasg-frappe-fort-championnat-de-france-descente-classique\/\" \/>\n<meta name=\"twitter:card\" content=\"summary_large_image\" \/>\n<meta name=\"twitter:title\" content=\"Cano\u00eb-Kayak : l&#039;ASG frappe fort au Championnat de France Descente Classique - Gerardmer Info\" \/>\n<meta name=\"twitter:description\" content=\"La semaine derni\u00e8re, l&rsquo;ASG Cano\u00eb-Kayak s\u2019est d\u00e9plac\u00e9e sur Le Drac (Hautes-Alpes) pour le Championnat de France Descente Classique 2022. Une [&hellip;]\" \/>\n<meta name=\"twitter:image\" content=\"https:\/\/vosgesinfo.fr\/app\/uploads\/sites\/6\/2022\/05\/mathilde-valdenaire-3eme-k1d-senior.jpg\" \/>\n<meta name=\"twitter:creator\" content=\"@VosgesInfo88\" \/>\n<meta name=\"twitter:site\" content=\"@VosgesInfo88\" \/>\n<meta name=\"twitter:label1\" content=\"\u00c9crit par\" \/>\n\t<meta name=\"twitter:data1\" content=\"qs_admin\" \/>\n\t<meta name=\"twitter:label2\" content=\"Dur\u00e9e de lecture estim\u00e9e\" \/>\n\t<meta name=\"twitter:data2\" content=\"2 minutes\" \/>\n<script type=\"application\/ld+json\" class=\"yoast-schema-graph\">{\"@context\":\"https:\/\/schema.org\",\"@graph\":[{\"@type\":\"Article\",\"@id\":\"https:\/\/vosgesinfo.fr\/gerardmerinfo\/2022\/05\/canoe-kayak-lasg-frappe-fort-championnat-de-france-descente-classique\/#article\",\"isPartOf\":{\"@id\":\"https:\/\/vosgesinfo.fr\/gerardmerinfo\/2022\/05\/canoe-kayak-lasg-frappe-fort-championnat-de-france-descente-classique\/\"},\"author\":{\"name\":\"qs_admin\",\"@id\":\"https:\/\/vosgesinfo.fr\/gerardmerinfo\/#\/schema\/person\/bc5d02d71e6932e81b6dadb7386667b1\"},\"headline\":\"Cano\u00eb-Kayak : l&rsquo;ASG frappe fort au Championnat de France Descente Classique\",\"datePublished\":\"2022-05-03T10:44:42+00:00\",\"dateModified\":\"2022-05-03T10:44:42+00:00\",\"mainEntityOfPage\":{\"@id\":\"https:\/\/vosgesinfo.fr\/gerardmerinfo\/2022\/05\/canoe-kayak-lasg-frappe-fort-championnat-de-france-descente-classique\/\"},\"wordCount\":328,\"commentCount\":0,\"publisher\":{\"@id\":\"https:\/\/vosgesinfo.fr\/gerardmerinfo\/#organization\"},\"image\":{\"@id\":\"https:\/\/vosgesinfo.fr\/gerardmerinfo\/2022\/05\/canoe-kayak-lasg-frappe-fort-championnat-de-france-descente-classique\/#primaryimage\"},\"thumbnailUrl\":\"https:\/\/vosgesinfo.fr\/app\/uploads\/sites\/6\/2022\/05\/mathilde-valdenaire-3eme-k1d-senior.jpg\",\"keywords\":[\"asg canoe kayak\"],\"articleSection\":[\"A la une\",\"G\u00e9rardmer\",\"Sport\"],\"inLanguage\":\"fr-FR\",\"potentialAction\":[{\"@type\":\"CommentAction\",\"name\":\"Comment\",\"target\":[\"https:\/\/vosgesinfo.fr\/gerardmerinfo\/2022\/05\/canoe-kayak-lasg-frappe-fort-championnat-de-france-descente-classique\/#respond\"]}]},{\"@type\":\"WebPage\",\"@id\":\"https:\/\/vosgesinfo.fr\/gerardmerinfo\/2022\/05\/canoe-kayak-lasg-frappe-fort-championnat-de-france-descente-classique\/\",\"url\":\"https:\/\/vosgesinfo.fr\/gerardmerinfo\/2022\/05\/canoe-kayak-lasg-frappe-fort-championnat-de-france-descente-classique\/\",\"name\":\"Cano\u00eb-Kayak : l'ASG frappe fort au Championnat de France Descente Classique - Gerardmer Info\",\"isPartOf\":{\"@id\":\"https:\/\/vosgesinfo.fr\/gerardmerinfo\/#website\"},\"primaryImageOfPage\":{\"@id\":\"https:\/\/vosgesinfo.fr\/gerardmerinfo\/2022\/05\/canoe-kayak-lasg-frappe-fort-championnat-de-france-descente-classique\/#primaryimage\"},\"image\":{\"@id\":\"https:\/\/vosgesinfo.fr\/gerardmerinfo\/2022\/05\/canoe-kayak-lasg-frappe-fort-championnat-de-france-descente-classique\/#primaryimage\"},\"thumbnailUrl\":\"https:\/\/vosgesinfo.fr\/app\/uploads\/sites\/6\/2022\/05\/mathilde-valdenaire-3eme-k1d-senior.jpg\",\"datePublished\":\"2022-05-03T10:44:42+00:00\",\"dateModified\":\"2022-05-03T10:44:42+00:00\",\"breadcrumb\":{\"@id\":\"https:\/\/vosgesinfo.fr\/gerardmerinfo\/2022\/05\/canoe-kayak-lasg-frappe-fort-championnat-de-france-descente-classique\/#breadcrumb\"},\"inLanguage\":\"fr-FR\",\"potentialAction\":[{\"@type\":\"ReadAction\",\"target\":[\"https:\/\/vosgesinfo.fr\/gerardmerinfo\/2022\/05\/canoe-kayak-lasg-frappe-fort-championnat-de-france-descente-classique\/\"]}]},{\"@type\":\"ImageObject\",\"inLanguage\":\"fr-FR\",\"@id\":\"https:\/\/vosgesinfo.fr\/gerardmerinfo\/2022\/05\/canoe-kayak-lasg-frappe-fort-championnat-de-france-descente-classique\/#primaryimage\",\"url\":\"https:\/\/vosgesinfo.fr\/app\/uploads\/sites\/6\/2022\/05\/mathilde-valdenaire-3eme-k1d-senior.jpg\",\"contentUrl\":\"https:\/\/vosgesinfo.fr\/app\/uploads\/sites\/6\/2022\/05\/mathilde-valdenaire-3eme-k1d-senior.jpg\"},{\"@type\":\"BreadcrumbList\",\"@id\":\"https:\/\/vosgesinfo.fr\/gerardmerinfo\/2022\/05\/canoe-kayak-lasg-frappe-fort-championnat-de-france-descente-classique\/#breadcrumb\",\"itemListElement\":[{\"@type\":\"ListItem\",\"position\":1,\"name\":\"Home\",\"item\":\"https:\/\/vosgesinfo.fr\/gerardmerinfo\/\"},{\"@type\":\"ListItem\",\"position\":2,\"name\":\"Cano\u00eb-Kayak : l&rsquo;ASG frappe fort au Championnat de France Descente Classique\"}]},{\"@type\":\"WebSite\",\"@id\":\"https:\/\/vosgesinfo.fr\/gerardmerinfo\/#website\",\"url\":\"https:\/\/vosgesinfo.fr\/gerardmerinfo\/\",\"name\":\"Gerardmer Info\",\"description\":\"Toute l&#039;actualit\u00e9 de G\u00e9rardmer\",\"publisher\":{\"@id\":\"https:\/\/vosgesinfo.fr\/gerardmerinfo\/#organization\"},\"alternateName\":\"Toute l'actualit\u00e9 de G\u00e9rardmer\",\"potentialAction\":[{\"@type\":\"SearchAction\",\"target\":{\"@type\":\"EntryPoint\",\"urlTemplate\":\"https:\/\/vosgesinfo.fr\/gerardmerinfo\/?s={search_term_string}\"},\"query-input\":\"required name=search_term_string\"}],\"inLanguage\":\"fr-FR\"},{\"@type\":\"Organization\",\"@id\":\"https:\/\/vosgesinfo.fr\/gerardmerinfo\/#organization\",\"name\":\"Gerardmer Info\",\"url\":\"https:\/\/vosgesinfo.fr\/gerardmerinfo\/\",\"logo\":{\"@type\":\"ImageObject\",\"inLanguage\":\"fr-FR\",\"@id\":\"https:\/\/vosgesinfo.fr\/gerardmerinfo\/#\/schema\/logo\/image\/\",\"url\":\"https:\/\/vosgesinfo.fr\/app\/uploads\/sites\/6\/2023\/08\/favicon-gerardmerinfo.png\",\"contentUrl\":\"https:\/\/vosgesinfo.fr\/app\/uploads\/sites\/6\/2023\/08\/favicon-gerardmerinfo.png\",\"width\":512,\"height\":512,\"caption\":\"Gerardmer Info\"},\"image\":{\"@id\":\"https:\/\/vosgesinfo.fr\/gerardmerinfo\/#\/schema\/logo\/image\/\"},\"sameAs\":[\"https:\/\/www.facebook.com\/profile.php?id=100049475262660\",\"https:\/\/x.com\/VosgesInfo88\",\"https:\/\/www.youtube.com\/@vosgesinfo\"]},{\"@type\":\"Person\",\"@id\":\"https:\/\/vosgesinfo.fr\/gerardmerinfo\/#\/schema\/person\/bc5d02d71e6932e81b6dadb7386667b1\",\"name\":\"qs_admin\",\"image\":{\"@type\":\"ImageObject\",\"inLanguage\":\"fr-FR\",\"@id\":\"https:\/\/vosgesinfo.fr\/gerardmerinfo\/#\/schema\/person\/image\/\",\"url\":\"https:\/\/secure.gravatar.com\/avatar\/94b18ee0ed79e4a42ea2f2931277b6841a8999fc6fde214600c78057cf1fe1de?s=96&d=mm&r=g\",\"contentUrl\":\"https:\/\/secure.gravatar.com\/avatar\/94b18ee0ed79e4a42ea2f2931277b6841a8999fc6fde214600c78057cf1fe1de?s=96&d=mm&r=g\",\"caption\":\"qs_admin\"},\"sameAs\":[\"https:\/\/vosgesinfo.fr\/wp\"],\"url\":\"https:\/\/vosgesinfo.fr\/gerardmerinfo\/author\/qs_admin\/\"}]}<\/script>\n<!-- \/ Yoast SEO plugin. -->","yoast_head_json":{"title":"Cano\u00eb-Kayak : l'ASG frappe fort au Championnat de France Descente Classique - Gerardmer Info","robots":{"index":"index","follow":"follow","max-snippet":"max-snippet:-1","max-image-preview":"max-image-preview:large","max-video-preview":"max-video-preview:-1"},"canonical":"https:\/\/vosgesinfo.fr\/gerardmerinfo\/2022\/05\/canoe-kayak-lasg-frappe-fort-championnat-de-france-descente-classique\/","twitter_card":"summary_large_image","twitter_title":"Cano\u00eb-Kayak : l'ASG frappe fort au Championnat de France Descente Classique - Gerardmer Info","twitter_description":"La semaine derni\u00e8re, l&rsquo;ASG Cano\u00eb-Kayak s\u2019est d\u00e9plac\u00e9e sur Le Drac (Hautes-Alpes) pour le Championnat de France Descente Classique 2022. Une [&hellip;]","twitter_image":"https:\/\/vosgesinfo.fr\/app\/uploads\/sites\/6\/2022\/05\/mathilde-valdenaire-3eme-k1d-senior.jpg","twitter_creator":"@VosgesInfo88","twitter_site":"@VosgesInfo88","twitter_misc":{"\u00c9crit par":"qs_admin","Dur\u00e9e de lecture estim\u00e9e":"2 minutes"},"schema":{"@context":"https:\/\/schema.org","@graph":[{"@type":"Article","@id":"https:\/\/vosgesinfo.fr\/gerardmerinfo\/2022\/05\/canoe-kayak-lasg-frappe-fort-championnat-de-france-descente-classique\/#article","isPartOf":{"@id":"https:\/\/vosgesinfo.fr\/gerardmerinfo\/2022\/05\/canoe-kayak-lasg-frappe-fort-championnat-de-france-descente-classique\/"},"author":{"name":"qs_admin","@id":"https:\/\/vosgesinfo.fr\/gerardmerinfo\/#\/schema\/person\/bc5d02d71e6932e81b6dadb7386667b1"},"headline":"Cano\u00eb-Kayak : l&rsquo;ASG frappe fort au Championnat de France Descente Classique","datePublished":"2022-05-03T10:44:42+00:00","dateModified":"2022-05-03T10:44:42+00:00","mainEntityOfPage":{"@id":"https:\/\/vosgesinfo.fr\/gerardmerinfo\/2022\/05\/canoe-kayak-lasg-frappe-fort-championnat-de-france-descente-classique\/"},"wordCount":328,"commentCount":0,"publisher":{"@id":"https:\/\/vosgesinfo.fr\/gerardmerinfo\/#organization"},"image":{"@id":"https:\/\/vosgesinfo.fr\/gerardmerinfo\/2022\/05\/canoe-kayak-lasg-frappe-fort-championnat-de-france-descente-classique\/#primaryimage"},"thumbnailUrl":"https:\/\/vosgesinfo.fr\/app\/uploads\/sites\/6\/2022\/05\/mathilde-valdenaire-3eme-k1d-senior.jpg","keywords":["asg canoe kayak"],"articleSection":["A la une","G\u00e9rardmer","Sport"],"inLanguage":"fr-FR","potentialAction":[{"@type":"CommentAction","name":"Comment","target":["https:\/\/vosgesinfo.fr\/gerardmerinfo\/2022\/05\/canoe-kayak-lasg-frappe-fort-championnat-de-france-descente-classique\/#respond"]}]},{"@type":"WebPage","@id":"https:\/\/vosgesinfo.fr\/gerardmerinfo\/2022\/05\/canoe-kayak-lasg-frappe-fort-championnat-de-france-descente-classique\/","url":"https:\/\/vosgesinfo.fr\/gerardmerinfo\/2022\/05\/canoe-kayak-lasg-frappe-fort-championnat-de-france-descente-classique\/","name":"Cano\u00eb-Kayak : l'ASG frappe fort au Championnat de France Descente Classique - Gerardmer Info","isPartOf":{"@id":"https:\/\/vosgesinfo.fr\/gerardmerinfo\/#website"},"primaryImageOfPage":{"@id":"https:\/\/vosgesinfo.fr\/gerardmerinfo\/2022\/05\/canoe-kayak-lasg-frappe-fort-championnat-de-france-descente-classique\/#primaryimage"},"image":{"@id":"https:\/\/vosgesinfo.fr\/gerardmerinfo\/2022\/05\/canoe-kayak-lasg-frappe-fort-championnat-de-france-descente-classique\/#primaryimage"},"thumbnailUrl":"https:\/\/vosgesinfo.fr\/app\/uploads\/sites\/6\/2022\/05\/mathilde-valdenaire-3eme-k1d-senior.jpg","datePublished":"2022-05-03T10:44:42+00:00","dateModified":"2022-05-03T10:44:42+00:00","breadcrumb":{"@id":"https:\/\/vosgesinfo.fr\/gerardmerinfo\/2022\/05\/canoe-kayak-lasg-frappe-fort-championnat-de-france-descente-classique\/#breadcrumb"},"inLanguage":"fr-FR","potentialAction":[{"@type":"ReadAction","target":["https:\/\/vosgesinfo.fr\/gerardmerinfo\/2022\/05\/canoe-kayak-lasg-frappe-fort-championnat-de-france-descente-classique\/"]}]},{"@type":"ImageObject","inLanguage":"fr-FR","@id":"https:\/\/vosgesinfo.fr\/gerardmerinfo\/2022\/05\/canoe-kayak-lasg-frappe-fort-championnat-de-france-descente-classique\/#primaryimage","url":"https:\/\/vosgesinfo.fr\/app\/uploads\/sites\/6\/2022\/05\/mathilde-valdenaire-3eme-k1d-senior.jpg","contentUrl":"https:\/\/vosgesinfo.fr\/app\/uploads\/sites\/6\/2022\/05\/mathilde-valdenaire-3eme-k1d-senior.jpg"},{"@type":"BreadcrumbList","@id":"https:\/\/vosgesinfo.fr\/gerardmerinfo\/2022\/05\/canoe-kayak-lasg-frappe-fort-championnat-de-france-descente-classique\/#breadcrumb","itemListElement":[{"@type":"ListItem","position":1,"name":"Home","item":"https:\/\/vosgesinfo.fr\/gerardmerinfo\/"},{"@type":"ListItem","position":2,"name":"Cano\u00eb-Kayak : l&rsquo;ASG frappe fort au Championnat de France Descente Classique"}]},{"@type":"WebSite","@id":"https:\/\/vosgesinfo.fr\/gerardmerinfo\/#website","url":"https:\/\/vosgesinfo.fr\/gerardmerinfo\/","name":"Gerardmer Info","description":"Toute l&#039;actualit\u00e9 de G\u00e9rardmer","publisher":{"@id":"https:\/\/vosgesinfo.fr\/gerardmerinfo\/#organization"},"alternateName":"Toute l'actualit\u00e9 de G\u00e9rardmer","potentialAction":[{"@type":"SearchAction","target":{"@type":"EntryPoint","urlTemplate":"https:\/\/vosgesinfo.fr\/gerardmerinfo\/?s={search_term_string}"},"query-input":"required name=search_term_string"}],"inLanguage":"fr-FR"},{"@type":"Organization","@id":"https:\/\/vosgesinfo.fr\/gerardmerinfo\/#organization","name":"Gerardmer Info","url":"https:\/\/vosgesinfo.fr\/gerardmerinfo\/","logo":{"@type":"ImageObject","inLanguage":"fr-FR","@id":"https:\/\/vosgesinfo.fr\/gerardmerinfo\/#\/schema\/logo\/image\/","url":"https:\/\/vosgesinfo.fr\/app\/uploads\/sites\/6\/2023\/08\/favicon-gerardmerinfo.png","contentUrl":"https:\/\/vosgesinfo.fr\/app\/uploads\/sites\/6\/2023\/08\/favicon-gerardmerinfo.png","width":512,"height":512,"caption":"Gerardmer Info"},"image":{"@id":"https:\/\/vosgesinfo.fr\/gerardmerinfo\/#\/schema\/logo\/image\/"},"sameAs":["https:\/\/www.facebook.com\/profile.php?id=100049475262660","https:\/\/x.com\/VosgesInfo88","https:\/\/www.youtube.com\/@vosgesinfo"]},{"@type":"Person","@id":"https:\/\/vosgesinfo.fr\/gerardmerinfo\/#\/schema\/person\/bc5d02d71e6932e81b6dadb7386667b1","name":"qs_admin","image":{"@type":"ImageObject","inLanguage":"fr-FR","@id":"https:\/\/vosgesinfo.fr\/gerardmerinfo\/#\/schema\/person\/image\/","url":"https:\/\/secure.gravatar.com\/avatar\/94b18ee0ed79e4a42ea2f2931277b6841a8999fc6fde214600c78057cf1fe1de?s=96&d=mm&r=g","contentUrl":"https:\/\/secure.gravatar.com\/avatar\/94b18ee0ed79e4a42ea2f2931277b6841a8999fc6fde214600c78057cf1fe1de?s=96&d=mm&r=g","caption":"qs_admin"},"sameAs":["https:\/\/vosgesinfo.fr\/wp"],"url":"https:\/\/vosgesinfo.fr\/gerardmerinfo\/author\/qs_admin\/"}]}},"_links":{"self":[{"href":"https:\/\/vosgesinfo.fr\/gerardmerinfo\/wp-json\/wp\/v2\/posts\/58804","targetHints":{"allow":["GET"]}}],"collection":[{"href":"https:\/\/vosgesinfo.fr\/gerardmerinfo\/wp-json\/wp\/v2\/posts"}],"about":[{"href":"https:\/\/vosgesinfo.fr\/gerardmerinfo\/wp-json\/wp\/v2\/types\/post"}],"author":[{"embeddable":true,"href":"https:\/\/vosgesinfo.fr\/gerardmerinfo\/wp-json\/wp\/v2\/users\/1"}],"replies":[{"embeddable":true,"href":"https:\/\/vosgesinfo.fr\/gerardmerinfo\/wp-json\/wp\/v2\/comments?post=58804"}],"version-history":[{"count":0,"href":"https:\/\/vosgesinfo.fr\/gerardmerinfo\/wp-json\/wp\/v2\/posts\/58804\/revisions"}],"wp:featuredmedia":[{"embeddable":true,"href":"https:\/\/vosgesinfo.fr\/gerardmerinfo\/wp-json\/wp\/v2\/media\/5263"}],"wp:attachment":[{"href":"https:\/\/vosgesinfo.fr\/gerardmerinfo\/wp-json\/wp\/v2\/media?parent=58804"}],"wp:term":[{"taxonomy":"category","embeddable":true,"href":"https:\/\/vosgesinfo.fr\/gerardmerinfo\/wp-json\/wp\/v2\/categories?post=58804"},{"taxonomy":"post_tag","embeddable":true,"href":"https:\/\/vosgesinfo.fr\/gerardmerinfo\/wp-json\/wp\/v2\/tags?post=58804"}],"curies":[{"name":"wp","href":"https:\/\/api.w.org\/{rel}","templated":true}]}}