{"id":59008,"date":"2022-05-13T19:23:03","date_gmt":"2022-05-13T17:23:03","guid":{"rendered":"https:\/\/vosgesinfo.fr\/gerardmerinfo\/2022\/05\/latelier-eenc-participe-a-nuit-musees-a-epinal-deux-estampes-marchal-rencontre-posada\/"},"modified":"2022-05-13T19:23:03","modified_gmt":"2022-05-13T17:23:03","slug":"latelier-eenc-participe-a-nuit-musees-a-epinal-deux-estampes-marchal-rencontre-posada","status":"publish","type":"post","link":"https:\/\/vosgesinfo.fr\/gerardmerinfo\/2022\/05\/latelier-eenc-participe-a-nuit-musees-a-epinal-deux-estampes-marchal-rencontre-posada\/","title":{"rendered":"L\u2019atelier EENC participe \u00e0 La Nuit des Mus\u00e9es \u00e0 \u00c9pinal : deux estampes o\u00f9 Marchal rencontre Posada"},"content":{"rendered":"<div id=\"attachment_189361\" style=\"width: 970px\" class=\"wp-caption aligncenter\"><a href=\"\/2022\/05\/EENC-nuit-des-mus\u00e9es-Christin-Geogrel-1.jpg\"><img decoding=\"async\" aria-describedby=\"caption-attachment-189361\" class=\"size-large wp-image-189361\" src=\"\/2022\/05\/EENC-nuit-des-mus\u00e9es-Christin-Geogrel-1-1024x768.jpg\" alt=\"Christin Georgel\" width=\"960\" height=\"720\" \/><\/a><p id=\"caption-attachment-189361\" class=\"wp-caption-text\">Christin Georgel<\/p><\/div>\n\n<h3 class=\"abstract\"><span style=\"font-size: 12pt;\">La nuit europ\u00e9enne des mus\u00e9es se d\u00e9cline au mus\u00e9e de l&rsquo;Image \u00e0 \u00c9pinal samedi soir. Parmi les animations propos\u00e9es, l&rsquo;atelier En l&rsquo;Encre Nous Croyons (EENC) bas\u00e9 \u00e0 G\u00e9rardmer vous accueille et terminera sous vos yeux une estampe r\u00e9alis\u00e9e sp\u00e9cialement pour l&rsquo;occasion en collaboration avec David Allart.<\/span><\/h3>\n<p>La Nuit des Mus\u00e9es \u00e0 \u00c9pinal vous permettra donc de parcourir toutes les expositions du Mus\u00e9e de l\u2019Image en entr\u00e9e libre, qui se compose du parcours permanent Image, des images, une mini-exposition sur la s\u00e9rie encyclop\u00e9dique Glucq mais aussi une r\u00e9trospective unique autour de l\u2019artiste mexicain Posada, g\u00e9nie de la gravure qui a inspir\u00e9 la d\u00e9marche de Christin Georgel par le biais de son atelier EENC. L&rsquo;imprimeur d&rsquo;art g\u00e9r\u00f4mois a ainsi con\u00e7u deux calaveras (morts joyeuses &amp; dansantes) sp\u00e9cialement pour l&rsquo;occasion en faisant se croiser l&rsquo;univers du c\u00e9l\u00e8bre imprimeur Jean-Paul Marchal et celui de Jose Guadalupe Posada (1852-1913), g\u00e9nie de la gravure mexicain.<\/p>\n<p>Ces deux cr\u00e9ations, hommage graphique r\u00e9alis\u00e9 \u00e0 l&rsquo;ancienne au linoleum et avec une typographie en plomb sera en vente sur place \u00e0 l&rsquo;occasion de cette soir\u00e9e au mus\u00e9e. Mais la cerise sur le g\u00e2teau, c&rsquo;est que vous avez rendez-vous sur place, au mus\u00e9e, dans l\u2019atelier Jean-Paul Marchal pour voir sortir cette estampe des presses. L\u2019\u00e9quipe de En l\u2019Encre nous croyons vous donnera en prime quelques explications techniques sur l&rsquo;imprimerie\/ la typographie.<\/p>\n<p><strong>\u00c0 votre arriv\u00e9e au mus\u00e9e, inscrivez-vous \u00e0 l\u2019une des 7 s\u00e9ances de la soir\u00e9e. <\/strong><\/p>\n<p><strong>Jauge limit\u00e9e \u00e0 10 personnes<\/strong><\/p>\n<h4>Infos Pratiques :<\/h4>\n<p><b>Nuit des Mus\u00e9es \u00e0 Epinal &#8211; <\/b>Samedi 14 mai 2022 de 19h00 \u00e0 23h00<br \/>\nMus\u00e9e de l&rsquo;Image<br \/>\n42 quai de Dogneville<br \/>\n88000 Epinal<br \/>\nMus\u00e9e de l&rsquo;Image &#8211; Tel : <a href=\"tel:0329914830\">03 29 91 48 30<\/a><\/p>\n","protected":false},"excerpt":{"rendered":"<p>La nuit europ\u00e9enne des mus\u00e9es se d\u00e9cline au mus\u00e9e de l&rsquo;Image \u00e0 \u00c9pinal samedi soir. Parmi les animations propos\u00e9es, l&rsquo;atelier [&hellip;]<\/p>\n","protected":false},"author":42,"featured_media":59009,"comment_status":"open","ping_status":"open","sticky":false,"template":"","format":"standard","meta":{"footnotes":""},"categories":[20,4,25,18],"tags":[1077,1076],"class_list":["post-59008","post","type-post","status-publish","format-standard","has-post-thumbnail","hentry","category-a-la-une","category-culture","category-gerardmer","category-vosges","tag-christin-georgel","tag-eenc"],"acf":[],"yoast_head":"<!-- This site is optimized with the Yoast SEO plugin v22.5 - https:\/\/yoast.com\/wordpress\/plugins\/seo\/ -->\n<title>L\u2019atelier EENC participe \u00e0 La Nuit des Mus\u00e9es \u00e0 \u00c9pinal : deux estampes o\u00f9 Marchal rencontre Posada - Gerardmer Info<\/title>\n<meta name=\"robots\" content=\"index, follow, max-snippet:-1, max-image-preview:large, max-video-preview:-1\" \/>\n<link rel=\"canonical\" href=\"https:\/\/vosgesinfo.fr\/gerardmerinfo\/2022\/05\/latelier-eenc-participe-a-nuit-musees-a-epinal-deux-estampes-marchal-rencontre-posada\/\" \/>\n<meta name=\"twitter:card\" content=\"summary_large_image\" \/>\n<meta name=\"twitter:title\" content=\"L\u2019atelier EENC participe \u00e0 La Nuit des Mus\u00e9es \u00e0 \u00c9pinal : deux estampes o\u00f9 Marchal rencontre Posada - Gerardmer Info\" \/>\n<meta name=\"twitter:description\" content=\"La nuit europ\u00e9enne des mus\u00e9es se d\u00e9cline au mus\u00e9e de l&rsquo;Image \u00e0 \u00c9pinal samedi soir. Parmi les animations propos\u00e9es, l&rsquo;atelier [&hellip;]\" \/>\n<meta name=\"twitter:image\" content=\"https:\/\/vosgesinfo.fr\/app\/uploads\/sites\/6\/2024\/07\/202205eenc-nuit-des-musees-christin-geogrel-1.jpg\" \/>\n<meta name=\"twitter:creator\" content=\"@VosgesInfo88\" \/>\n<meta name=\"twitter:site\" content=\"@VosgesInfo88\" \/>\n<meta name=\"twitter:label1\" content=\"\u00c9crit par\" \/>\n\t<meta name=\"twitter:data1\" content=\"QG\" \/>\n\t<meta name=\"twitter:label2\" content=\"Dur\u00e9e de lecture estim\u00e9e\" \/>\n\t<meta name=\"twitter:data2\" content=\"2 minutes\" \/>\n<script type=\"application\/ld+json\" class=\"yoast-schema-graph\">{\"@context\":\"https:\/\/schema.org\",\"@graph\":[{\"@type\":\"Article\",\"@id\":\"https:\/\/vosgesinfo.fr\/gerardmerinfo\/2022\/05\/latelier-eenc-participe-a-nuit-musees-a-epinal-deux-estampes-marchal-rencontre-posada\/#article\",\"isPartOf\":{\"@id\":\"https:\/\/vosgesinfo.fr\/gerardmerinfo\/2022\/05\/latelier-eenc-participe-a-nuit-musees-a-epinal-deux-estampes-marchal-rencontre-posada\/\"},\"author\":{\"name\":\"QG\",\"@id\":\"https:\/\/vosgesinfo.fr\/gerardmerinfo\/#\/schema\/person\/db5605779a843dad16b5368f3e7613a5\"},\"headline\":\"L\u2019atelier EENC participe \u00e0 La Nuit des Mus\u00e9es \u00e0 \u00c9pinal : deux estampes o\u00f9 Marchal rencontre Posada\",\"datePublished\":\"2022-05-13T17:23:03+00:00\",\"dateModified\":\"2022-05-13T17:23:03+00:00\",\"mainEntityOfPage\":{\"@id\":\"https:\/\/vosgesinfo.fr\/gerardmerinfo\/2022\/05\/latelier-eenc-participe-a-nuit-musees-a-epinal-deux-estampes-marchal-rencontre-posada\/\"},\"wordCount\":346,\"commentCount\":0,\"publisher\":{\"@id\":\"https:\/\/vosgesinfo.fr\/gerardmerinfo\/#organization\"},\"image\":{\"@id\":\"https:\/\/vosgesinfo.fr\/gerardmerinfo\/2022\/05\/latelier-eenc-participe-a-nuit-musees-a-epinal-deux-estampes-marchal-rencontre-posada\/#primaryimage\"},\"thumbnailUrl\":\"https:\/\/vosgesinfo.fr\/app\/uploads\/sites\/6\/2024\/07\/202205eenc-nuit-des-musees-christin-geogrel-1.jpg\",\"keywords\":[\"Christin georgel\",\"EENC\"],\"articleSection\":[\"A la une\",\"Culture\",\"G\u00e9rardmer\",\"Vosges\"],\"inLanguage\":\"fr-FR\",\"potentialAction\":[{\"@type\":\"CommentAction\",\"name\":\"Comment\",\"target\":[\"https:\/\/vosgesinfo.fr\/gerardmerinfo\/2022\/05\/latelier-eenc-participe-a-nuit-musees-a-epinal-deux-estampes-marchal-rencontre-posada\/#respond\"]}]},{\"@type\":\"WebPage\",\"@id\":\"https:\/\/vosgesinfo.fr\/gerardmerinfo\/2022\/05\/latelier-eenc-participe-a-nuit-musees-a-epinal-deux-estampes-marchal-rencontre-posada\/\",\"url\":\"https:\/\/vosgesinfo.fr\/gerardmerinfo\/2022\/05\/latelier-eenc-participe-a-nuit-musees-a-epinal-deux-estampes-marchal-rencontre-posada\/\",\"name\":\"L\u2019atelier EENC participe \u00e0 La Nuit des Mus\u00e9es \u00e0 \u00c9pinal : deux estampes o\u00f9 Marchal rencontre Posada - Gerardmer Info\",\"isPartOf\":{\"@id\":\"https:\/\/vosgesinfo.fr\/gerardmerinfo\/#website\"},\"primaryImageOfPage\":{\"@id\":\"https:\/\/vosgesinfo.fr\/gerardmerinfo\/2022\/05\/latelier-eenc-participe-a-nuit-musees-a-epinal-deux-estampes-marchal-rencontre-posada\/#primaryimage\"},\"image\":{\"@id\":\"https:\/\/vosgesinfo.fr\/gerardmerinfo\/2022\/05\/latelier-eenc-participe-a-nuit-musees-a-epinal-deux-estampes-marchal-rencontre-posada\/#primaryimage\"},\"thumbnailUrl\":\"https:\/\/vosgesinfo.fr\/app\/uploads\/sites\/6\/2024\/07\/202205eenc-nuit-des-musees-christin-geogrel-1.jpg\",\"datePublished\":\"2022-05-13T17:23:03+00:00\",\"dateModified\":\"2022-05-13T17:23:03+00:00\",\"breadcrumb\":{\"@id\":\"https:\/\/vosgesinfo.fr\/gerardmerinfo\/2022\/05\/latelier-eenc-participe-a-nuit-musees-a-epinal-deux-estampes-marchal-rencontre-posada\/#breadcrumb\"},\"inLanguage\":\"fr-FR\",\"potentialAction\":[{\"@type\":\"ReadAction\",\"target\":[\"https:\/\/vosgesinfo.fr\/gerardmerinfo\/2022\/05\/latelier-eenc-participe-a-nuit-musees-a-epinal-deux-estampes-marchal-rencontre-posada\/\"]}]},{\"@type\":\"ImageObject\",\"inLanguage\":\"fr-FR\",\"@id\":\"https:\/\/vosgesinfo.fr\/gerardmerinfo\/2022\/05\/latelier-eenc-participe-a-nuit-musees-a-epinal-deux-estampes-marchal-rencontre-posada\/#primaryimage\",\"url\":\"https:\/\/vosgesinfo.fr\/app\/uploads\/sites\/6\/2024\/07\/202205eenc-nuit-des-musees-christin-geogrel-1.jpg\",\"contentUrl\":\"https:\/\/vosgesinfo.fr\/app\/uploads\/sites\/6\/2024\/07\/202205eenc-nuit-des-musees-christin-geogrel-1.jpg\",\"width\":1600,\"height\":1200},{\"@type\":\"BreadcrumbList\",\"@id\":\"https:\/\/vosgesinfo.fr\/gerardmerinfo\/2022\/05\/latelier-eenc-participe-a-nuit-musees-a-epinal-deux-estampes-marchal-rencontre-posada\/#breadcrumb\",\"itemListElement\":[{\"@type\":\"ListItem\",\"position\":1,\"name\":\"Home\",\"item\":\"https:\/\/vosgesinfo.fr\/gerardmerinfo\/\"},{\"@type\":\"ListItem\",\"position\":2,\"name\":\"L\u2019atelier EENC participe \u00e0 La Nuit des Mus\u00e9es \u00e0 \u00c9pinal : deux estampes o\u00f9 Marchal rencontre Posada\"}]},{\"@type\":\"WebSite\",\"@id\":\"https:\/\/vosgesinfo.fr\/gerardmerinfo\/#website\",\"url\":\"https:\/\/vosgesinfo.fr\/gerardmerinfo\/\",\"name\":\"Gerardmer Info\",\"description\":\"Toute l&#039;actualit\u00e9 de G\u00e9rardmer\",\"publisher\":{\"@id\":\"https:\/\/vosgesinfo.fr\/gerardmerinfo\/#organization\"},\"alternateName\":\"Toute l'actualit\u00e9 de G\u00e9rardmer\",\"potentialAction\":[{\"@type\":\"SearchAction\",\"target\":{\"@type\":\"EntryPoint\",\"urlTemplate\":\"https:\/\/vosgesinfo.fr\/gerardmerinfo\/?s={search_term_string}\"},\"query-input\":\"required name=search_term_string\"}],\"inLanguage\":\"fr-FR\"},{\"@type\":\"Organization\",\"@id\":\"https:\/\/vosgesinfo.fr\/gerardmerinfo\/#organization\",\"name\":\"Gerardmer Info\",\"url\":\"https:\/\/vosgesinfo.fr\/gerardmerinfo\/\",\"logo\":{\"@type\":\"ImageObject\",\"inLanguage\":\"fr-FR\",\"@id\":\"https:\/\/vosgesinfo.fr\/gerardmerinfo\/#\/schema\/logo\/image\/\",\"url\":\"https:\/\/vosgesinfo.fr\/app\/uploads\/sites\/6\/2023\/08\/favicon-gerardmerinfo.png\",\"contentUrl\":\"https:\/\/vosgesinfo.fr\/app\/uploads\/sites\/6\/2023\/08\/favicon-gerardmerinfo.png\",\"width\":512,\"height\":512,\"caption\":\"Gerardmer Info\"},\"image\":{\"@id\":\"https:\/\/vosgesinfo.fr\/gerardmerinfo\/#\/schema\/logo\/image\/\"},\"sameAs\":[\"https:\/\/www.facebook.com\/profile.php?id=100049475262660\",\"https:\/\/x.com\/VosgesInfo88\",\"https:\/\/www.youtube.com\/@vosgesinfo\"]},{\"@type\":\"Person\",\"@id\":\"https:\/\/vosgesinfo.fr\/gerardmerinfo\/#\/schema\/person\/db5605779a843dad16b5368f3e7613a5\",\"name\":\"QG\",\"image\":{\"@type\":\"ImageObject\",\"inLanguage\":\"fr-FR\",\"@id\":\"https:\/\/vosgesinfo.fr\/gerardmerinfo\/#\/schema\/person\/image\/\",\"url\":\"https:\/\/secure.gravatar.com\/avatar\/ea80c42c204b534408512832fde52504ecabb9706bcb6151cf6175e5b64e6793?s=96&d=mm&r=g\",\"contentUrl\":\"https:\/\/secure.gravatar.com\/avatar\/ea80c42c204b534408512832fde52504ecabb9706bcb6151cf6175e5b64e6793?s=96&d=mm&r=g\",\"caption\":\"QG\"},\"url\":\"https:\/\/vosgesinfo.fr\/gerardmerinfo\/author\/quentin88\/\"}]}<\/script>\n<!-- \/ Yoast SEO plugin. -->","yoast_head_json":{"title":"L\u2019atelier EENC participe \u00e0 La Nuit des Mus\u00e9es \u00e0 \u00c9pinal : deux estampes o\u00f9 Marchal rencontre Posada - Gerardmer Info","robots":{"index":"index","follow":"follow","max-snippet":"max-snippet:-1","max-image-preview":"max-image-preview:large","max-video-preview":"max-video-preview:-1"},"canonical":"https:\/\/vosgesinfo.fr\/gerardmerinfo\/2022\/05\/latelier-eenc-participe-a-nuit-musees-a-epinal-deux-estampes-marchal-rencontre-posada\/","twitter_card":"summary_large_image","twitter_title":"L\u2019atelier EENC participe \u00e0 La Nuit des Mus\u00e9es \u00e0 \u00c9pinal : deux estampes o\u00f9 Marchal rencontre Posada - Gerardmer Info","twitter_description":"La nuit europ\u00e9enne des mus\u00e9es se d\u00e9cline au mus\u00e9e de l&rsquo;Image \u00e0 \u00c9pinal samedi soir. Parmi les animations propos\u00e9es, l&rsquo;atelier [&hellip;]","twitter_image":"https:\/\/vosgesinfo.fr\/app\/uploads\/sites\/6\/2024\/07\/202205eenc-nuit-des-musees-christin-geogrel-1.jpg","twitter_creator":"@VosgesInfo88","twitter_site":"@VosgesInfo88","twitter_misc":{"\u00c9crit par":"QG","Dur\u00e9e de lecture estim\u00e9e":"2 minutes"},"schema":{"@context":"https:\/\/schema.org","@graph":[{"@type":"Article","@id":"https:\/\/vosgesinfo.fr\/gerardmerinfo\/2022\/05\/latelier-eenc-participe-a-nuit-musees-a-epinal-deux-estampes-marchal-rencontre-posada\/#article","isPartOf":{"@id":"https:\/\/vosgesinfo.fr\/gerardmerinfo\/2022\/05\/latelier-eenc-participe-a-nuit-musees-a-epinal-deux-estampes-marchal-rencontre-posada\/"},"author":{"name":"QG","@id":"https:\/\/vosgesinfo.fr\/gerardmerinfo\/#\/schema\/person\/db5605779a843dad16b5368f3e7613a5"},"headline":"L\u2019atelier EENC participe \u00e0 La Nuit des Mus\u00e9es \u00e0 \u00c9pinal : deux estampes o\u00f9 Marchal rencontre Posada","datePublished":"2022-05-13T17:23:03+00:00","dateModified":"2022-05-13T17:23:03+00:00","mainEntityOfPage":{"@id":"https:\/\/vosgesinfo.fr\/gerardmerinfo\/2022\/05\/latelier-eenc-participe-a-nuit-musees-a-epinal-deux-estampes-marchal-rencontre-posada\/"},"wordCount":346,"commentCount":0,"publisher":{"@id":"https:\/\/vosgesinfo.fr\/gerardmerinfo\/#organization"},"image":{"@id":"https:\/\/vosgesinfo.fr\/gerardmerinfo\/2022\/05\/latelier-eenc-participe-a-nuit-musees-a-epinal-deux-estampes-marchal-rencontre-posada\/#primaryimage"},"thumbnailUrl":"https:\/\/vosgesinfo.fr\/app\/uploads\/sites\/6\/2024\/07\/202205eenc-nuit-des-musees-christin-geogrel-1.jpg","keywords":["Christin georgel","EENC"],"articleSection":["A la une","Culture","G\u00e9rardmer","Vosges"],"inLanguage":"fr-FR","potentialAction":[{"@type":"CommentAction","name":"Comment","target":["https:\/\/vosgesinfo.fr\/gerardmerinfo\/2022\/05\/latelier-eenc-participe-a-nuit-musees-a-epinal-deux-estampes-marchal-rencontre-posada\/#respond"]}]},{"@type":"WebPage","@id":"https:\/\/vosgesinfo.fr\/gerardmerinfo\/2022\/05\/latelier-eenc-participe-a-nuit-musees-a-epinal-deux-estampes-marchal-rencontre-posada\/","url":"https:\/\/vosgesinfo.fr\/gerardmerinfo\/2022\/05\/latelier-eenc-participe-a-nuit-musees-a-epinal-deux-estampes-marchal-rencontre-posada\/","name":"L\u2019atelier EENC participe \u00e0 La Nuit des Mus\u00e9es \u00e0 \u00c9pinal : deux estampes o\u00f9 Marchal rencontre Posada - Gerardmer Info","isPartOf":{"@id":"https:\/\/vosgesinfo.fr\/gerardmerinfo\/#website"},"primaryImageOfPage":{"@id":"https:\/\/vosgesinfo.fr\/gerardmerinfo\/2022\/05\/latelier-eenc-participe-a-nuit-musees-a-epinal-deux-estampes-marchal-rencontre-posada\/#primaryimage"},"image":{"@id":"https:\/\/vosgesinfo.fr\/gerardmerinfo\/2022\/05\/latelier-eenc-participe-a-nuit-musees-a-epinal-deux-estampes-marchal-rencontre-posada\/#primaryimage"},"thumbnailUrl":"https:\/\/vosgesinfo.fr\/app\/uploads\/sites\/6\/2024\/07\/202205eenc-nuit-des-musees-christin-geogrel-1.jpg","datePublished":"2022-05-13T17:23:03+00:00","dateModified":"2022-05-13T17:23:03+00:00","breadcrumb":{"@id":"https:\/\/vosgesinfo.fr\/gerardmerinfo\/2022\/05\/latelier-eenc-participe-a-nuit-musees-a-epinal-deux-estampes-marchal-rencontre-posada\/#breadcrumb"},"inLanguage":"fr-FR","potentialAction":[{"@type":"ReadAction","target":["https:\/\/vosgesinfo.fr\/gerardmerinfo\/2022\/05\/latelier-eenc-participe-a-nuit-musees-a-epinal-deux-estampes-marchal-rencontre-posada\/"]}]},{"@type":"ImageObject","inLanguage":"fr-FR","@id":"https:\/\/vosgesinfo.fr\/gerardmerinfo\/2022\/05\/latelier-eenc-participe-a-nuit-musees-a-epinal-deux-estampes-marchal-rencontre-posada\/#primaryimage","url":"https:\/\/vosgesinfo.fr\/app\/uploads\/sites\/6\/2024\/07\/202205eenc-nuit-des-musees-christin-geogrel-1.jpg","contentUrl":"https:\/\/vosgesinfo.fr\/app\/uploads\/sites\/6\/2024\/07\/202205eenc-nuit-des-musees-christin-geogrel-1.jpg","width":1600,"height":1200},{"@type":"BreadcrumbList","@id":"https:\/\/vosgesinfo.fr\/gerardmerinfo\/2022\/05\/latelier-eenc-participe-a-nuit-musees-a-epinal-deux-estampes-marchal-rencontre-posada\/#breadcrumb","itemListElement":[{"@type":"ListItem","position":1,"name":"Home","item":"https:\/\/vosgesinfo.fr\/gerardmerinfo\/"},{"@type":"ListItem","position":2,"name":"L\u2019atelier EENC participe \u00e0 La Nuit des Mus\u00e9es \u00e0 \u00c9pinal : deux estampes o\u00f9 Marchal rencontre Posada"}]},{"@type":"WebSite","@id":"https:\/\/vosgesinfo.fr\/gerardmerinfo\/#website","url":"https:\/\/vosgesinfo.fr\/gerardmerinfo\/","name":"Gerardmer Info","description":"Toute l&#039;actualit\u00e9 de G\u00e9rardmer","publisher":{"@id":"https:\/\/vosgesinfo.fr\/gerardmerinfo\/#organization"},"alternateName":"Toute l'actualit\u00e9 de G\u00e9rardmer","potentialAction":[{"@type":"SearchAction","target":{"@type":"EntryPoint","urlTemplate":"https:\/\/vosgesinfo.fr\/gerardmerinfo\/?s={search_term_string}"},"query-input":"required name=search_term_string"}],"inLanguage":"fr-FR"},{"@type":"Organization","@id":"https:\/\/vosgesinfo.fr\/gerardmerinfo\/#organization","name":"Gerardmer Info","url":"https:\/\/vosgesinfo.fr\/gerardmerinfo\/","logo":{"@type":"ImageObject","inLanguage":"fr-FR","@id":"https:\/\/vosgesinfo.fr\/gerardmerinfo\/#\/schema\/logo\/image\/","url":"https:\/\/vosgesinfo.fr\/app\/uploads\/sites\/6\/2023\/08\/favicon-gerardmerinfo.png","contentUrl":"https:\/\/vosgesinfo.fr\/app\/uploads\/sites\/6\/2023\/08\/favicon-gerardmerinfo.png","width":512,"height":512,"caption":"Gerardmer Info"},"image":{"@id":"https:\/\/vosgesinfo.fr\/gerardmerinfo\/#\/schema\/logo\/image\/"},"sameAs":["https:\/\/www.facebook.com\/profile.php?id=100049475262660","https:\/\/x.com\/VosgesInfo88","https:\/\/www.youtube.com\/@vosgesinfo"]},{"@type":"Person","@id":"https:\/\/vosgesinfo.fr\/gerardmerinfo\/#\/schema\/person\/db5605779a843dad16b5368f3e7613a5","name":"QG","image":{"@type":"ImageObject","inLanguage":"fr-FR","@id":"https:\/\/vosgesinfo.fr\/gerardmerinfo\/#\/schema\/person\/image\/","url":"https:\/\/secure.gravatar.com\/avatar\/ea80c42c204b534408512832fde52504ecabb9706bcb6151cf6175e5b64e6793?s=96&d=mm&r=g","contentUrl":"https:\/\/secure.gravatar.com\/avatar\/ea80c42c204b534408512832fde52504ecabb9706bcb6151cf6175e5b64e6793?s=96&d=mm&r=g","caption":"QG"},"url":"https:\/\/vosgesinfo.fr\/gerardmerinfo\/author\/quentin88\/"}]}},"_links":{"self":[{"href":"https:\/\/vosgesinfo.fr\/gerardmerinfo\/wp-json\/wp\/v2\/posts\/59008","targetHints":{"allow":["GET"]}}],"collection":[{"href":"https:\/\/vosgesinfo.fr\/gerardmerinfo\/wp-json\/wp\/v2\/posts"}],"about":[{"href":"https:\/\/vosgesinfo.fr\/gerardmerinfo\/wp-json\/wp\/v2\/types\/post"}],"author":[{"embeddable":true,"href":"https:\/\/vosgesinfo.fr\/gerardmerinfo\/wp-json\/wp\/v2\/users\/42"}],"replies":[{"embeddable":true,"href":"https:\/\/vosgesinfo.fr\/gerardmerinfo\/wp-json\/wp\/v2\/comments?post=59008"}],"version-history":[{"count":0,"href":"https:\/\/vosgesinfo.fr\/gerardmerinfo\/wp-json\/wp\/v2\/posts\/59008\/revisions"}],"wp:featuredmedia":[{"embeddable":true,"href":"https:\/\/vosgesinfo.fr\/gerardmerinfo\/wp-json\/wp\/v2\/media\/59009"}],"wp:attachment":[{"href":"https:\/\/vosgesinfo.fr\/gerardmerinfo\/wp-json\/wp\/v2\/media?parent=59008"}],"wp:term":[{"taxonomy":"category","embeddable":true,"href":"https:\/\/vosgesinfo.fr\/gerardmerinfo\/wp-json\/wp\/v2\/categories?post=59008"},{"taxonomy":"post_tag","embeddable":true,"href":"https:\/\/vosgesinfo.fr\/gerardmerinfo\/wp-json\/wp\/v2\/tags?post=59008"}],"curies":[{"name":"wp","href":"https:\/\/api.w.org\/{rel}","templated":true}]}}