{"id":59067,"date":"2022-05-29T13:02:39","date_gmt":"2022-05-29T11:02:39","guid":{"rendered":"https:\/\/vosgesinfo.fr\/gerardmerinfo\/2022\/05\/amicale-beillard-environs-reprise-douceur\/"},"modified":"2022-05-29T13:02:39","modified_gmt":"2022-05-29T11:02:39","slug":"amicale-beillard-environs-reprise-douceur","status":"publish","type":"post","link":"https:\/\/vosgesinfo.fr\/gerardmerinfo\/2022\/05\/amicale-beillard-environs-reprise-douceur\/","title":{"rendered":"Amicale du Beillard et des Environs : reprise en douceur"},"content":{"rendered":"<p>L&rsquo;Assembl\u00e9e G\u00e9n\u00e9rale de L&rsquo;amicale du Beillard et des Environs a eu lieu le 15 mai dernier. l&rsquo;occasion pour les amicalistes de se r\u00e9unir au tour de leur pr\u00e9sidente Catherine Toussaint et de faire le point sur 2 ann\u00e9es moroses avant de se projeter sur une reprise en douceur pour 2022.<\/p>\n<p><a href=\"\/2022\/05\/amicale-du-Beillard.jpg\"><img decoding=\"async\" class=\"size-medium wp-image-189521 alignright\" src=\"\/2022\/05\/amicale-du-Beillard-340x255.jpg\" alt=\"OLYMPUS DIGITAL CAMERA\" width=\"340\" height=\"255\" \/><\/a><\/p>\n<p>On noter que cette r\u00e9union a d\u00e9but\u00e9 par une minute de silence observ\u00e9e par la quarantaine d&rsquo;amicalistes pr\u00e9sents en hommage \u00e0 Philippe Curien, membre tr\u00e8s actif de l\u2019association, d\u00e9c\u00e9d\u00e9 le 14 novembre 2021. Catherine Toussaint est ensuite rentr\u00e9e dans le vif du sujet, rappelant que la derni\u00e8re Assembl\u00e9e G\u00e9n\u00e9rale avait eu lieu \u00e0 Li\u00e9zey le 1er Mars 2020, mais aussi et surtout avec l&rsquo;espoir que la crise sanitaire soit d\u00e9finitivement class\u00e9e au rang des mauvais souvenir, sachant qu&rsquo;elle \u00ab\u00a0a provoqu\u00e9 une large faille, sans rencontre et sans manifestation, pour ces deux ann\u00e9es pass\u00e9es.\u00a0\u00bb En effet, la pr\u00e9sidente a notamment rappel\u00e9 que l&rsquo;un des principaux objectifs de l\u2019association est de favoriser et organiser des rencontres interg\u00e9n\u00e9rationnelles afin de lutter contre<br \/>\nl\u2019isolement, ce que le COVID a fortement perturb\u00e9&#8230;<br \/>\nHeureusement, certains rendez-vous ont pu \u00eatre maintenus, comme les marches du lundi et jeudi, ou certaines manifestations annuelles, comme les concours belote et de p\u00e9tanques ou les repas \u00e0 th\u00e8me. L&rsquo;amicale a \u00e9galement honor\u00e9 sa participation \u00e0 l\u2019organisation du Triathlon et maintenu son op\u00e9ration quartier propre. \u00ab\u00a0Nous en profitons pour rappeler aux volontaires, que le dimanche 22 mai, vous \u00eates attendus \u00e0 9 heures \u00e0 la Mairie de Li\u00e9zey, avec le Conseil Municipal des Jeunes qui organise un ramassage de d\u00e9chets polluants, et rendre accueillant, les beaux chemins du village\u00a0\u00bb ajoute Catherine Toussaint. La pr\u00e9sidente qui, avant d&rsquo;\u00e9voquer l&rsquo;ann\u00e9e en cours, a remerci\u00e9 chaleureusement la Mairie de Li\u00e8zey pour le pr\u00eat de la salle communale et la Mairie de G\u00e9rardmer pour son soutien financier.<\/p>\n<p>Pour 2022, ce sera donc une reprise en douceur au niveau des activit\u00e9s propos\u00e9es dont voici le calendrier :<br \/>\n-La belote a repris fin novembre 2021 et repas annuel des joueurs au Relais des b\u00fbcherons<br \/>\n-Marche, rendez vous tous les lundis (light 5\/6 km) et jeudis (hard 7\/9 km et d\u00e9nivel\u00e9s) \u00e0 14h00.<br \/>\nNous insistons sur le respect de ces 2 niveaux de difficult\u00e9s et rappelons \u00e0 tous que ces marches se font en groupe et non individuellement.<br \/>\n-P\u00e9tanque : 26\/06\/2022 au Relais des b\u00fbcherons et repas restaurant sur place.<br \/>\n-Triathlon : 03\/09\/2022 inscription fin ao\u00fbt<br \/>\n-Marche et repas d\u2019automne: 18\/09\/2022<\/p>\n<p>Et l&rsquo;amicale de rappeler que les manifestations sont gratuites, \u00e0 condition d\u2019\u00eatre \u00e0 jour de sa cotisation annuelle de la carte d\u2019adh\u00e9rent (10 \u20ac par famille). Pour les non adh\u00e9rents 10 \u20ac, par manifestation sont demand\u00e9s.<\/p>\n","protected":false},"excerpt":{"rendered":"<p>L&rsquo;Assembl\u00e9e G\u00e9n\u00e9rale de L&rsquo;amicale du Beillard et des Environs a eu lieu le 15 mai dernier. l&rsquo;occasion pour les amicalistes [&hellip;]<\/p>\n","protected":false},"author":42,"featured_media":59068,"comment_status":"open","ping_status":"open","sticky":false,"template":"","format":"standard","meta":{"footnotes":""},"categories":[20,25,17],"tags":[2059],"class_list":["post-59067","post","type-post","status-publish","format-standard","has-post-thumbnail","hentry","category-a-la-une","category-gerardmer","category-vie-associative","tag-beillard"],"acf":[],"yoast_head":"<!-- This site is optimized with the Yoast SEO plugin v22.5 - https:\/\/yoast.com\/wordpress\/plugins\/seo\/ -->\n<title>Amicale du Beillard et des Environs : reprise en douceur - Gerardmer Info<\/title>\n<meta name=\"robots\" content=\"index, follow, max-snippet:-1, max-image-preview:large, max-video-preview:-1\" \/>\n<link rel=\"canonical\" href=\"https:\/\/vosgesinfo.fr\/gerardmerinfo\/2022\/05\/amicale-beillard-environs-reprise-douceur\/\" \/>\n<meta name=\"twitter:card\" content=\"summary_large_image\" \/>\n<meta name=\"twitter:title\" content=\"Amicale du Beillard et des Environs : reprise en douceur - Gerardmer Info\" \/>\n<meta name=\"twitter:description\" content=\"L&rsquo;Assembl\u00e9e G\u00e9n\u00e9rale de L&rsquo;amicale du Beillard et des Environs a eu lieu le 15 mai dernier. l&rsquo;occasion pour les amicalistes [&hellip;]\" \/>\n<meta name=\"twitter:image\" content=\"https:\/\/vosgesinfo.fr\/app\/uploads\/sites\/6\/2024\/07\/202205amicale-du-beillard-scaled.jpg\" \/>\n<meta name=\"twitter:creator\" content=\"@VosgesInfo88\" \/>\n<meta name=\"twitter:site\" content=\"@VosgesInfo88\" \/>\n<meta name=\"twitter:label1\" content=\"\u00c9crit par\" \/>\n\t<meta name=\"twitter:data1\" content=\"QG\" \/>\n\t<meta name=\"twitter:label2\" content=\"Dur\u00e9e de lecture estim\u00e9e\" \/>\n\t<meta name=\"twitter:data2\" content=\"2 minutes\" \/>\n<script type=\"application\/ld+json\" class=\"yoast-schema-graph\">{\"@context\":\"https:\/\/schema.org\",\"@graph\":[{\"@type\":\"Article\",\"@id\":\"https:\/\/vosgesinfo.fr\/gerardmerinfo\/2022\/05\/amicale-beillard-environs-reprise-douceur\/#article\",\"isPartOf\":{\"@id\":\"https:\/\/vosgesinfo.fr\/gerardmerinfo\/2022\/05\/amicale-beillard-environs-reprise-douceur\/\"},\"author\":{\"name\":\"QG\",\"@id\":\"https:\/\/vosgesinfo.fr\/gerardmerinfo\/#\/schema\/person\/db5605779a843dad16b5368f3e7613a5\"},\"headline\":\"Amicale du Beillard et des Environs : reprise en douceur\",\"datePublished\":\"2022-05-29T11:02:39+00:00\",\"dateModified\":\"2022-05-29T11:02:39+00:00\",\"mainEntityOfPage\":{\"@id\":\"https:\/\/vosgesinfo.fr\/gerardmerinfo\/2022\/05\/amicale-beillard-environs-reprise-douceur\/\"},\"wordCount\":480,\"commentCount\":0,\"publisher\":{\"@id\":\"https:\/\/vosgesinfo.fr\/gerardmerinfo\/#organization\"},\"image\":{\"@id\":\"https:\/\/vosgesinfo.fr\/gerardmerinfo\/2022\/05\/amicale-beillard-environs-reprise-douceur\/#primaryimage\"},\"thumbnailUrl\":\"https:\/\/vosgesinfo.fr\/app\/uploads\/sites\/6\/2024\/07\/202205amicale-du-beillard-scaled.jpg\",\"keywords\":[\"beillard\"],\"articleSection\":[\"A la une\",\"G\u00e9rardmer\",\"Vie Associative\"],\"inLanguage\":\"fr-FR\",\"potentialAction\":[{\"@type\":\"CommentAction\",\"name\":\"Comment\",\"target\":[\"https:\/\/vosgesinfo.fr\/gerardmerinfo\/2022\/05\/amicale-beillard-environs-reprise-douceur\/#respond\"]}]},{\"@type\":\"WebPage\",\"@id\":\"https:\/\/vosgesinfo.fr\/gerardmerinfo\/2022\/05\/amicale-beillard-environs-reprise-douceur\/\",\"url\":\"https:\/\/vosgesinfo.fr\/gerardmerinfo\/2022\/05\/amicale-beillard-environs-reprise-douceur\/\",\"name\":\"Amicale du Beillard et des Environs : reprise en douceur - Gerardmer Info\",\"isPartOf\":{\"@id\":\"https:\/\/vosgesinfo.fr\/gerardmerinfo\/#website\"},\"primaryImageOfPage\":{\"@id\":\"https:\/\/vosgesinfo.fr\/gerardmerinfo\/2022\/05\/amicale-beillard-environs-reprise-douceur\/#primaryimage\"},\"image\":{\"@id\":\"https:\/\/vosgesinfo.fr\/gerardmerinfo\/2022\/05\/amicale-beillard-environs-reprise-douceur\/#primaryimage\"},\"thumbnailUrl\":\"https:\/\/vosgesinfo.fr\/app\/uploads\/sites\/6\/2024\/07\/202205amicale-du-beillard-scaled.jpg\",\"datePublished\":\"2022-05-29T11:02:39+00:00\",\"dateModified\":\"2022-05-29T11:02:39+00:00\",\"breadcrumb\":{\"@id\":\"https:\/\/vosgesinfo.fr\/gerardmerinfo\/2022\/05\/amicale-beillard-environs-reprise-douceur\/#breadcrumb\"},\"inLanguage\":\"fr-FR\",\"potentialAction\":[{\"@type\":\"ReadAction\",\"target\":[\"https:\/\/vosgesinfo.fr\/gerardmerinfo\/2022\/05\/amicale-beillard-environs-reprise-douceur\/\"]}]},{\"@type\":\"ImageObject\",\"inLanguage\":\"fr-FR\",\"@id\":\"https:\/\/vosgesinfo.fr\/gerardmerinfo\/2022\/05\/amicale-beillard-environs-reprise-douceur\/#primaryimage\",\"url\":\"https:\/\/vosgesinfo.fr\/app\/uploads\/sites\/6\/2024\/07\/202205amicale-du-beillard-scaled.jpg\",\"contentUrl\":\"https:\/\/vosgesinfo.fr\/app\/uploads\/sites\/6\/2024\/07\/202205amicale-du-beillard-scaled.jpg\",\"width\":2560,\"height\":1920},{\"@type\":\"BreadcrumbList\",\"@id\":\"https:\/\/vosgesinfo.fr\/gerardmerinfo\/2022\/05\/amicale-beillard-environs-reprise-douceur\/#breadcrumb\",\"itemListElement\":[{\"@type\":\"ListItem\",\"position\":1,\"name\":\"Home\",\"item\":\"https:\/\/vosgesinfo.fr\/gerardmerinfo\/\"},{\"@type\":\"ListItem\",\"position\":2,\"name\":\"Amicale du Beillard et des Environs : reprise en douceur\"}]},{\"@type\":\"WebSite\",\"@id\":\"https:\/\/vosgesinfo.fr\/gerardmerinfo\/#website\",\"url\":\"https:\/\/vosgesinfo.fr\/gerardmerinfo\/\",\"name\":\"Gerardmer Info\",\"description\":\"Toute l&#039;actualit\u00e9 de G\u00e9rardmer\",\"publisher\":{\"@id\":\"https:\/\/vosgesinfo.fr\/gerardmerinfo\/#organization\"},\"alternateName\":\"Toute l'actualit\u00e9 de G\u00e9rardmer\",\"potentialAction\":[{\"@type\":\"SearchAction\",\"target\":{\"@type\":\"EntryPoint\",\"urlTemplate\":\"https:\/\/vosgesinfo.fr\/gerardmerinfo\/?s={search_term_string}\"},\"query-input\":\"required name=search_term_string\"}],\"inLanguage\":\"fr-FR\"},{\"@type\":\"Organization\",\"@id\":\"https:\/\/vosgesinfo.fr\/gerardmerinfo\/#organization\",\"name\":\"Gerardmer Info\",\"url\":\"https:\/\/vosgesinfo.fr\/gerardmerinfo\/\",\"logo\":{\"@type\":\"ImageObject\",\"inLanguage\":\"fr-FR\",\"@id\":\"https:\/\/vosgesinfo.fr\/gerardmerinfo\/#\/schema\/logo\/image\/\",\"url\":\"https:\/\/vosgesinfo.fr\/app\/uploads\/sites\/6\/2023\/08\/favicon-gerardmerinfo.png\",\"contentUrl\":\"https:\/\/vosgesinfo.fr\/app\/uploads\/sites\/6\/2023\/08\/favicon-gerardmerinfo.png\",\"width\":512,\"height\":512,\"caption\":\"Gerardmer Info\"},\"image\":{\"@id\":\"https:\/\/vosgesinfo.fr\/gerardmerinfo\/#\/schema\/logo\/image\/\"},\"sameAs\":[\"https:\/\/www.facebook.com\/profile.php?id=100049475262660\",\"https:\/\/x.com\/VosgesInfo88\",\"https:\/\/www.youtube.com\/@vosgesinfo\"]},{\"@type\":\"Person\",\"@id\":\"https:\/\/vosgesinfo.fr\/gerardmerinfo\/#\/schema\/person\/db5605779a843dad16b5368f3e7613a5\",\"name\":\"QG\",\"image\":{\"@type\":\"ImageObject\",\"inLanguage\":\"fr-FR\",\"@id\":\"https:\/\/vosgesinfo.fr\/gerardmerinfo\/#\/schema\/person\/image\/\",\"url\":\"https:\/\/secure.gravatar.com\/avatar\/ea80c42c204b534408512832fde52504ecabb9706bcb6151cf6175e5b64e6793?s=96&d=mm&r=g\",\"contentUrl\":\"https:\/\/secure.gravatar.com\/avatar\/ea80c42c204b534408512832fde52504ecabb9706bcb6151cf6175e5b64e6793?s=96&d=mm&r=g\",\"caption\":\"QG\"},\"url\":\"https:\/\/vosgesinfo.fr\/gerardmerinfo\/author\/quentin88\/\"}]}<\/script>\n<!-- \/ Yoast SEO plugin. -->","yoast_head_json":{"title":"Amicale du Beillard et des Environs : reprise en douceur - Gerardmer Info","robots":{"index":"index","follow":"follow","max-snippet":"max-snippet:-1","max-image-preview":"max-image-preview:large","max-video-preview":"max-video-preview:-1"},"canonical":"https:\/\/vosgesinfo.fr\/gerardmerinfo\/2022\/05\/amicale-beillard-environs-reprise-douceur\/","twitter_card":"summary_large_image","twitter_title":"Amicale du Beillard et des Environs : reprise en douceur - Gerardmer Info","twitter_description":"L&rsquo;Assembl\u00e9e G\u00e9n\u00e9rale de L&rsquo;amicale du Beillard et des Environs a eu lieu le 15 mai dernier. l&rsquo;occasion pour les amicalistes [&hellip;]","twitter_image":"https:\/\/vosgesinfo.fr\/app\/uploads\/sites\/6\/2024\/07\/202205amicale-du-beillard-scaled.jpg","twitter_creator":"@VosgesInfo88","twitter_site":"@VosgesInfo88","twitter_misc":{"\u00c9crit par":"QG","Dur\u00e9e de lecture estim\u00e9e":"2 minutes"},"schema":{"@context":"https:\/\/schema.org","@graph":[{"@type":"Article","@id":"https:\/\/vosgesinfo.fr\/gerardmerinfo\/2022\/05\/amicale-beillard-environs-reprise-douceur\/#article","isPartOf":{"@id":"https:\/\/vosgesinfo.fr\/gerardmerinfo\/2022\/05\/amicale-beillard-environs-reprise-douceur\/"},"author":{"name":"QG","@id":"https:\/\/vosgesinfo.fr\/gerardmerinfo\/#\/schema\/person\/db5605779a843dad16b5368f3e7613a5"},"headline":"Amicale du Beillard et des Environs : reprise en douceur","datePublished":"2022-05-29T11:02:39+00:00","dateModified":"2022-05-29T11:02:39+00:00","mainEntityOfPage":{"@id":"https:\/\/vosgesinfo.fr\/gerardmerinfo\/2022\/05\/amicale-beillard-environs-reprise-douceur\/"},"wordCount":480,"commentCount":0,"publisher":{"@id":"https:\/\/vosgesinfo.fr\/gerardmerinfo\/#organization"},"image":{"@id":"https:\/\/vosgesinfo.fr\/gerardmerinfo\/2022\/05\/amicale-beillard-environs-reprise-douceur\/#primaryimage"},"thumbnailUrl":"https:\/\/vosgesinfo.fr\/app\/uploads\/sites\/6\/2024\/07\/202205amicale-du-beillard-scaled.jpg","keywords":["beillard"],"articleSection":["A la une","G\u00e9rardmer","Vie Associative"],"inLanguage":"fr-FR","potentialAction":[{"@type":"CommentAction","name":"Comment","target":["https:\/\/vosgesinfo.fr\/gerardmerinfo\/2022\/05\/amicale-beillard-environs-reprise-douceur\/#respond"]}]},{"@type":"WebPage","@id":"https:\/\/vosgesinfo.fr\/gerardmerinfo\/2022\/05\/amicale-beillard-environs-reprise-douceur\/","url":"https:\/\/vosgesinfo.fr\/gerardmerinfo\/2022\/05\/amicale-beillard-environs-reprise-douceur\/","name":"Amicale du Beillard et des Environs : reprise en douceur - Gerardmer Info","isPartOf":{"@id":"https:\/\/vosgesinfo.fr\/gerardmerinfo\/#website"},"primaryImageOfPage":{"@id":"https:\/\/vosgesinfo.fr\/gerardmerinfo\/2022\/05\/amicale-beillard-environs-reprise-douceur\/#primaryimage"},"image":{"@id":"https:\/\/vosgesinfo.fr\/gerardmerinfo\/2022\/05\/amicale-beillard-environs-reprise-douceur\/#primaryimage"},"thumbnailUrl":"https:\/\/vosgesinfo.fr\/app\/uploads\/sites\/6\/2024\/07\/202205amicale-du-beillard-scaled.jpg","datePublished":"2022-05-29T11:02:39+00:00","dateModified":"2022-05-29T11:02:39+00:00","breadcrumb":{"@id":"https:\/\/vosgesinfo.fr\/gerardmerinfo\/2022\/05\/amicale-beillard-environs-reprise-douceur\/#breadcrumb"},"inLanguage":"fr-FR","potentialAction":[{"@type":"ReadAction","target":["https:\/\/vosgesinfo.fr\/gerardmerinfo\/2022\/05\/amicale-beillard-environs-reprise-douceur\/"]}]},{"@type":"ImageObject","inLanguage":"fr-FR","@id":"https:\/\/vosgesinfo.fr\/gerardmerinfo\/2022\/05\/amicale-beillard-environs-reprise-douceur\/#primaryimage","url":"https:\/\/vosgesinfo.fr\/app\/uploads\/sites\/6\/2024\/07\/202205amicale-du-beillard-scaled.jpg","contentUrl":"https:\/\/vosgesinfo.fr\/app\/uploads\/sites\/6\/2024\/07\/202205amicale-du-beillard-scaled.jpg","width":2560,"height":1920},{"@type":"BreadcrumbList","@id":"https:\/\/vosgesinfo.fr\/gerardmerinfo\/2022\/05\/amicale-beillard-environs-reprise-douceur\/#breadcrumb","itemListElement":[{"@type":"ListItem","position":1,"name":"Home","item":"https:\/\/vosgesinfo.fr\/gerardmerinfo\/"},{"@type":"ListItem","position":2,"name":"Amicale du Beillard et des Environs : reprise en douceur"}]},{"@type":"WebSite","@id":"https:\/\/vosgesinfo.fr\/gerardmerinfo\/#website","url":"https:\/\/vosgesinfo.fr\/gerardmerinfo\/","name":"Gerardmer Info","description":"Toute l&#039;actualit\u00e9 de G\u00e9rardmer","publisher":{"@id":"https:\/\/vosgesinfo.fr\/gerardmerinfo\/#organization"},"alternateName":"Toute l'actualit\u00e9 de G\u00e9rardmer","potentialAction":[{"@type":"SearchAction","target":{"@type":"EntryPoint","urlTemplate":"https:\/\/vosgesinfo.fr\/gerardmerinfo\/?s={search_term_string}"},"query-input":"required name=search_term_string"}],"inLanguage":"fr-FR"},{"@type":"Organization","@id":"https:\/\/vosgesinfo.fr\/gerardmerinfo\/#organization","name":"Gerardmer Info","url":"https:\/\/vosgesinfo.fr\/gerardmerinfo\/","logo":{"@type":"ImageObject","inLanguage":"fr-FR","@id":"https:\/\/vosgesinfo.fr\/gerardmerinfo\/#\/schema\/logo\/image\/","url":"https:\/\/vosgesinfo.fr\/app\/uploads\/sites\/6\/2023\/08\/favicon-gerardmerinfo.png","contentUrl":"https:\/\/vosgesinfo.fr\/app\/uploads\/sites\/6\/2023\/08\/favicon-gerardmerinfo.png","width":512,"height":512,"caption":"Gerardmer Info"},"image":{"@id":"https:\/\/vosgesinfo.fr\/gerardmerinfo\/#\/schema\/logo\/image\/"},"sameAs":["https:\/\/www.facebook.com\/profile.php?id=100049475262660","https:\/\/x.com\/VosgesInfo88","https:\/\/www.youtube.com\/@vosgesinfo"]},{"@type":"Person","@id":"https:\/\/vosgesinfo.fr\/gerardmerinfo\/#\/schema\/person\/db5605779a843dad16b5368f3e7613a5","name":"QG","image":{"@type":"ImageObject","inLanguage":"fr-FR","@id":"https:\/\/vosgesinfo.fr\/gerardmerinfo\/#\/schema\/person\/image\/","url":"https:\/\/secure.gravatar.com\/avatar\/ea80c42c204b534408512832fde52504ecabb9706bcb6151cf6175e5b64e6793?s=96&d=mm&r=g","contentUrl":"https:\/\/secure.gravatar.com\/avatar\/ea80c42c204b534408512832fde52504ecabb9706bcb6151cf6175e5b64e6793?s=96&d=mm&r=g","caption":"QG"},"url":"https:\/\/vosgesinfo.fr\/gerardmerinfo\/author\/quentin88\/"}]}},"_links":{"self":[{"href":"https:\/\/vosgesinfo.fr\/gerardmerinfo\/wp-json\/wp\/v2\/posts\/59067","targetHints":{"allow":["GET"]}}],"collection":[{"href":"https:\/\/vosgesinfo.fr\/gerardmerinfo\/wp-json\/wp\/v2\/posts"}],"about":[{"href":"https:\/\/vosgesinfo.fr\/gerardmerinfo\/wp-json\/wp\/v2\/types\/post"}],"author":[{"embeddable":true,"href":"https:\/\/vosgesinfo.fr\/gerardmerinfo\/wp-json\/wp\/v2\/users\/42"}],"replies":[{"embeddable":true,"href":"https:\/\/vosgesinfo.fr\/gerardmerinfo\/wp-json\/wp\/v2\/comments?post=59067"}],"version-history":[{"count":0,"href":"https:\/\/vosgesinfo.fr\/gerardmerinfo\/wp-json\/wp\/v2\/posts\/59067\/revisions"}],"wp:featuredmedia":[{"embeddable":true,"href":"https:\/\/vosgesinfo.fr\/gerardmerinfo\/wp-json\/wp\/v2\/media\/59068"}],"wp:attachment":[{"href":"https:\/\/vosgesinfo.fr\/gerardmerinfo\/wp-json\/wp\/v2\/media?parent=59067"}],"wp:term":[{"taxonomy":"category","embeddable":true,"href":"https:\/\/vosgesinfo.fr\/gerardmerinfo\/wp-json\/wp\/v2\/categories?post=59067"},{"taxonomy":"post_tag","embeddable":true,"href":"https:\/\/vosgesinfo.fr\/gerardmerinfo\/wp-json\/wp\/v2\/tags?post=59067"}],"curies":[{"name":"wp","href":"https:\/\/api.w.org\/{rel}","templated":true}]}}