{"id":59156,"date":"2022-05-23T03:59:01","date_gmt":"2022-05-23T01:59:01","guid":{"rendered":"https:\/\/vosgesinfo.fr\/gerardmerinfo\/2022\/05\/laccueil-de-loisirs-cet-ete-a-mcl\/"},"modified":"2022-05-23T03:59:01","modified_gmt":"2022-05-23T01:59:01","slug":"laccueil-de-loisirs-cet-ete-a-mcl","status":"publish","type":"post","link":"https:\/\/vosgesinfo.fr\/gerardmerinfo\/2022\/05\/laccueil-de-loisirs-cet-ete-a-mcl\/","title":{"rendered":"L&rsquo;accueil de loisirs cet \u00e9t\u00e9 \u00e0 la MCL"},"content":{"rendered":"<h3><b><span style=\"color: #f1c232; font-size: large;\">Le programme de l&rsquo;Accueil de loisirs d&rsquo;\u00e9t\u00e9 est arriv\u00e9 !<\/span><\/b><\/h3>\n<h3>Et il va y en avoir des choses \u00e0 faire, \u00e0 d\u00e9couvrir, \u00e0 partager&#8230;<\/h3>\n<div><\/div>\n<div><strong>T\u00e9l\u00e9chargement ici :<\/strong><\/div>\n<div><a href=\"\/2022\/05\/ALSHete10-12.pdf\">ALSHete10-12<\/a><\/div>\n<div><a href=\"\/2022\/05\/ALSHete6-9.pdf\">ALSHete6-9<\/a><\/div>\n<div><\/div>\n<div><b><span style=\"color: #e69138; font-size: large;\">Pour les 6\/9 ans<\/span><\/b><\/div>\n<div>\n<div>\n<div dir=\"auto\"><span style=\"font-family: arial, sans-serif;\"><b>#1 Du 8 au 10 juillet : <\/b>Mini s\u00e9jour Sport et Nature<\/span><\/div>\n<div dir=\"auto\"><span style=\"font-family: arial, sans-serif;\"><b>#2 Du 11 au 15 juillet :<\/b> Tous \u00e0 l&rsquo;eau !<\/span><\/div>\n<div dir=\"auto\"><span style=\"font-family: arial, sans-serif;\"><b>#3 Du 18 au 22 juillet : <\/b>Au coeur de la for\u00eat<\/span><\/div>\n<div dir=\"auto\"><span style=\"font-family: arial, sans-serif;\"><b>#4 Du 25 au 29 juillet : <\/b>Plan\u00e8te geek<\/span><\/div>\n<div dir=\"auto\"><span style=\"font-family: arial, sans-serif;\"><b>#5 Du 1er au 5 ao\u00fbt : <\/b>Les aventuriers du fort<\/span><\/div>\n<div dir=\"auto\"><span style=\"font-family: arial, sans-serif;\"><b>#6 Du 8 au 12 ao\u00fbt : <\/b>Spectacle et cabaret<\/span><\/div>\n<div dir=\"auto\"><span style=\"font-family: arial, sans-serif;\"><b>#7 Du 16 au 19 ao\u00fbt :<\/b> Les voyeurs du temps<\/span><\/div>\n<div dir=\"auto\"><span style=\"font-family: arial, sans-serif;\"><b>#8 Du 22 au 26 ao\u00fbt : <\/b>Cool Raoul, relax Max <\/span><\/div>\n<div dir=\"auto\"><a href=\"\/2022\/05\/ALSHete6-9.jpg\"><img decoding=\"async\" class=\"aligncenter size-medium wp-image-189674\" src=\"\/2022\/05\/ALSHete6-9-180x255.jpg\" alt=\"ALSHete6-9\" width=\"180\" height=\"255\" \/><\/a><\/div>\n<\/div>\n<div dir=\"auto\">\n<div><b><span style=\"font-size: large;\"><span style=\"color: #3d85c6;\">Pour les 9\/12 ans\u00a0<\/span><\/span><\/b><\/div>\n<div>\n<div dir=\"auto\">\n<div dir=\"auto\"><span style=\"font-family: arial, sans-serif;\"><b>#1 Du 8 au 10 juillet : <\/b>Mini s\u00e9jour Sport et Nature<\/span><\/div>\n<div dir=\"auto\"><span style=\"font-family: arial, sans-serif;\"><b>#2 Du 11 au 15 juillet : <\/b>Colo&rsquo; cr\u00e9ation th\u00e9\u00e2trale<\/span><\/div>\n<div dir=\"auto\"><span style=\"font-family: arial, sans-serif;\"><b>#3 Du 11 au 15 juillet :<\/b> Tous \u00e0 l&rsquo;eau !<\/span><\/div>\n<div dir=\"auto\"><span style=\"font-family: arial, sans-serif;\"><b>#4 Du 18 au 22 juillet : <\/b>Au c\u0153ur de la for\u00eat<\/span><\/div>\n<div dir=\"auto\"><span style=\"font-family: arial, sans-serif;\"><b>#5 Du 25 au 29 juillet : <\/b>Plan\u00e8te geek<\/span><\/div>\n<div dir=\"auto\"><span style=\"font-family: arial, sans-serif;\"><b>#6 Du 1er au 5 ao\u00fbt :<\/b> Les aventuriers du fort<\/span><\/div>\n<div dir=\"auto\"><span style=\"font-family: arial, sans-serif;\"><b>#7 Du 8 au 12 ao\u00fbt :<\/b> Spectacle et cabaret<\/span><\/div>\n<div dir=\"auto\"><span style=\"font-family: arial, sans-serif;\"><b>#8 Du 16 au 19 ao\u00fbt :<\/b> Les voyeurs du temps m\u00e8nent l&rsquo;enqu\u00eate<\/span><\/div>\n<div dir=\"auto\"><span style=\"font-family: arial, sans-serif;\"><b>#9 Du 22 au 26 ao\u00fbt : <\/b>Cool Raoul, relax Max <\/span><\/div>\n<div dir=\"auto\"><span style=\"font-family: arial, sans-serif;\"><b>#10 Pour les 10\/15 ans : <\/b>Les veill\u00e9es<\/span><\/div>\n<\/div>\n<div dir=\"auto\">\n<div><a href=\"\/2022\/05\/ALSHete10-12.jpg\"><img decoding=\"async\" class=\"aligncenter size-medium wp-image-189675\" src=\"\/2022\/05\/ALSHete10-12-180x255.jpg\" alt=\"ALSHete10-12\" width=\"180\" height=\"255\" \/><\/a><\/div>\n<div><span style=\"color: #f6b26b; font-family: arial, sans-serif; font-size: large;\"><b>Les journ\u00e9es d&rsquo;inscription<\/b><\/span><\/div>\n<div><span style=\"font-family: arial, sans-serif;\">c&rsquo;est tout bient\u00f4t !<\/span><\/div>\n<div>\n<p class=\"x_gmail-p1\"><span class=\"x_gmail-s1\"><span style=\"font-family: arial, sans-serif;\">*mercredis 1er et 8 juin de 10h \u00e0 12h,<\/span><\/span><\/p>\n<p class=\"x_gmail-p1\"><span class=\"x_gmail-s1\"><span style=\"font-family: arial, sans-serif;\">*samedi 11 et dimanche 12 juin de 14h \u00e0 16h<\/span><\/span><\/p>\n<\/div>\n<\/div>\n<\/div>\n<\/div>\n<\/div>\n","protected":false},"excerpt":{"rendered":"<p>Le programme de l&rsquo;Accueil de loisirs d&rsquo;\u00e9t\u00e9 est arriv\u00e9 ! Et il va y en avoir des choses \u00e0 faire, [&hellip;]<\/p>\n","protected":false},"author":1,"featured_media":59157,"comment_status":"open","ping_status":"open","sticky":false,"template":"","format":"standard","meta":{"footnotes":""},"categories":[20,25,17],"tags":[734],"class_list":["post-59156","post","type-post","status-publish","format-standard","has-post-thumbnail","hentry","category-a-la-une","category-gerardmer","category-vie-associative","tag-alsh"],"acf":[],"yoast_head":"<!-- This site is optimized with the Yoast SEO plugin v22.5 - https:\/\/yoast.com\/wordpress\/plugins\/seo\/ -->\n<title>L&#039;accueil de loisirs cet \u00e9t\u00e9 \u00e0 la MCL - Gerardmer Info<\/title>\n<meta name=\"robots\" content=\"index, follow, max-snippet:-1, max-image-preview:large, max-video-preview:-1\" \/>\n<link rel=\"canonical\" href=\"https:\/\/vosgesinfo.fr\/gerardmerinfo\/2022\/05\/laccueil-de-loisirs-cet-ete-a-mcl\/\" \/>\n<meta name=\"twitter:card\" content=\"summary_large_image\" \/>\n<meta name=\"twitter:title\" content=\"L&#039;accueil de loisirs cet \u00e9t\u00e9 \u00e0 la MCL - Gerardmer Info\" \/>\n<meta name=\"twitter:description\" content=\"Le programme de l&rsquo;Accueil de loisirs d&rsquo;\u00e9t\u00e9 est arriv\u00e9 ! Et il va y en avoir des choses \u00e0 faire, [&hellip;]\" \/>\n<meta name=\"twitter:image\" content=\"https:\/\/vosgesinfo.fr\/app\/uploads\/sites\/6\/2024\/07\/202205alshete6-9.jpg\" \/>\n<meta name=\"twitter:creator\" content=\"@VosgesInfo88\" \/>\n<meta name=\"twitter:site\" content=\"@VosgesInfo88\" \/>\n<meta name=\"twitter:label1\" content=\"\u00c9crit par\" \/>\n\t<meta name=\"twitter:data1\" content=\"qs_admin\" \/>\n\t<meta name=\"twitter:label2\" content=\"Dur\u00e9e de lecture estim\u00e9e\" \/>\n\t<meta name=\"twitter:data2\" content=\"1 minute\" \/>\n<script type=\"application\/ld+json\" class=\"yoast-schema-graph\">{\"@context\":\"https:\/\/schema.org\",\"@graph\":[{\"@type\":\"Article\",\"@id\":\"https:\/\/vosgesinfo.fr\/gerardmerinfo\/2022\/05\/laccueil-de-loisirs-cet-ete-a-mcl\/#article\",\"isPartOf\":{\"@id\":\"https:\/\/vosgesinfo.fr\/gerardmerinfo\/2022\/05\/laccueil-de-loisirs-cet-ete-a-mcl\/\"},\"author\":{\"name\":\"qs_admin\",\"@id\":\"https:\/\/vosgesinfo.fr\/gerardmerinfo\/#\/schema\/person\/bc5d02d71e6932e81b6dadb7386667b1\"},\"headline\":\"L&rsquo;accueil de loisirs cet \u00e9t\u00e9 \u00e0 la MCL\",\"datePublished\":\"2022-05-23T01:59:01+00:00\",\"dateModified\":\"2022-05-23T01:59:01+00:00\",\"mainEntityOfPage\":{\"@id\":\"https:\/\/vosgesinfo.fr\/gerardmerinfo\/2022\/05\/laccueil-de-loisirs-cet-ete-a-mcl\/\"},\"wordCount\":213,\"commentCount\":0,\"publisher\":{\"@id\":\"https:\/\/vosgesinfo.fr\/gerardmerinfo\/#organization\"},\"image\":{\"@id\":\"https:\/\/vosgesinfo.fr\/gerardmerinfo\/2022\/05\/laccueil-de-loisirs-cet-ete-a-mcl\/#primaryimage\"},\"thumbnailUrl\":\"https:\/\/vosgesinfo.fr\/app\/uploads\/sites\/6\/2024\/07\/202205alshete6-9.jpg\",\"keywords\":[\"ALSH\"],\"articleSection\":[\"A la une\",\"G\u00e9rardmer\",\"Vie Associative\"],\"inLanguage\":\"fr-FR\",\"potentialAction\":[{\"@type\":\"CommentAction\",\"name\":\"Comment\",\"target\":[\"https:\/\/vosgesinfo.fr\/gerardmerinfo\/2022\/05\/laccueil-de-loisirs-cet-ete-a-mcl\/#respond\"]}]},{\"@type\":\"WebPage\",\"@id\":\"https:\/\/vosgesinfo.fr\/gerardmerinfo\/2022\/05\/laccueil-de-loisirs-cet-ete-a-mcl\/\",\"url\":\"https:\/\/vosgesinfo.fr\/gerardmerinfo\/2022\/05\/laccueil-de-loisirs-cet-ete-a-mcl\/\",\"name\":\"L'accueil de loisirs cet \u00e9t\u00e9 \u00e0 la MCL - Gerardmer Info\",\"isPartOf\":{\"@id\":\"https:\/\/vosgesinfo.fr\/gerardmerinfo\/#website\"},\"primaryImageOfPage\":{\"@id\":\"https:\/\/vosgesinfo.fr\/gerardmerinfo\/2022\/05\/laccueil-de-loisirs-cet-ete-a-mcl\/#primaryimage\"},\"image\":{\"@id\":\"https:\/\/vosgesinfo.fr\/gerardmerinfo\/2022\/05\/laccueil-de-loisirs-cet-ete-a-mcl\/#primaryimage\"},\"thumbnailUrl\":\"https:\/\/vosgesinfo.fr\/app\/uploads\/sites\/6\/2024\/07\/202205alshete6-9.jpg\",\"datePublished\":\"2022-05-23T01:59:01+00:00\",\"dateModified\":\"2022-05-23T01:59:01+00:00\",\"breadcrumb\":{\"@id\":\"https:\/\/vosgesinfo.fr\/gerardmerinfo\/2022\/05\/laccueil-de-loisirs-cet-ete-a-mcl\/#breadcrumb\"},\"inLanguage\":\"fr-FR\",\"potentialAction\":[{\"@type\":\"ReadAction\",\"target\":[\"https:\/\/vosgesinfo.fr\/gerardmerinfo\/2022\/05\/laccueil-de-loisirs-cet-ete-a-mcl\/\"]}]},{\"@type\":\"ImageObject\",\"inLanguage\":\"fr-FR\",\"@id\":\"https:\/\/vosgesinfo.fr\/gerardmerinfo\/2022\/05\/laccueil-de-loisirs-cet-ete-a-mcl\/#primaryimage\",\"url\":\"https:\/\/vosgesinfo.fr\/app\/uploads\/sites\/6\/2024\/07\/202205alshete6-9.jpg\",\"contentUrl\":\"https:\/\/vosgesinfo.fr\/app\/uploads\/sites\/6\/2024\/07\/202205alshete6-9.jpg\",\"width\":561,\"height\":794},{\"@type\":\"BreadcrumbList\",\"@id\":\"https:\/\/vosgesinfo.fr\/gerardmerinfo\/2022\/05\/laccueil-de-loisirs-cet-ete-a-mcl\/#breadcrumb\",\"itemListElement\":[{\"@type\":\"ListItem\",\"position\":1,\"name\":\"Home\",\"item\":\"https:\/\/vosgesinfo.fr\/gerardmerinfo\/\"},{\"@type\":\"ListItem\",\"position\":2,\"name\":\"L&rsquo;accueil de loisirs cet \u00e9t\u00e9 \u00e0 la MCL\"}]},{\"@type\":\"WebSite\",\"@id\":\"https:\/\/vosgesinfo.fr\/gerardmerinfo\/#website\",\"url\":\"https:\/\/vosgesinfo.fr\/gerardmerinfo\/\",\"name\":\"Gerardmer Info\",\"description\":\"Toute l&#039;actualit\u00e9 de G\u00e9rardmer\",\"publisher\":{\"@id\":\"https:\/\/vosgesinfo.fr\/gerardmerinfo\/#organization\"},\"alternateName\":\"Toute l'actualit\u00e9 de G\u00e9rardmer\",\"potentialAction\":[{\"@type\":\"SearchAction\",\"target\":{\"@type\":\"EntryPoint\",\"urlTemplate\":\"https:\/\/vosgesinfo.fr\/gerardmerinfo\/?s={search_term_string}\"},\"query-input\":\"required name=search_term_string\"}],\"inLanguage\":\"fr-FR\"},{\"@type\":\"Organization\",\"@id\":\"https:\/\/vosgesinfo.fr\/gerardmerinfo\/#organization\",\"name\":\"Gerardmer Info\",\"url\":\"https:\/\/vosgesinfo.fr\/gerardmerinfo\/\",\"logo\":{\"@type\":\"ImageObject\",\"inLanguage\":\"fr-FR\",\"@id\":\"https:\/\/vosgesinfo.fr\/gerardmerinfo\/#\/schema\/logo\/image\/\",\"url\":\"https:\/\/vosgesinfo.fr\/app\/uploads\/sites\/6\/2023\/08\/favicon-gerardmerinfo.png\",\"contentUrl\":\"https:\/\/vosgesinfo.fr\/app\/uploads\/sites\/6\/2023\/08\/favicon-gerardmerinfo.png\",\"width\":512,\"height\":512,\"caption\":\"Gerardmer Info\"},\"image\":{\"@id\":\"https:\/\/vosgesinfo.fr\/gerardmerinfo\/#\/schema\/logo\/image\/\"},\"sameAs\":[\"https:\/\/www.facebook.com\/profile.php?id=100049475262660\",\"https:\/\/x.com\/VosgesInfo88\",\"https:\/\/www.youtube.com\/@vosgesinfo\"]},{\"@type\":\"Person\",\"@id\":\"https:\/\/vosgesinfo.fr\/gerardmerinfo\/#\/schema\/person\/bc5d02d71e6932e81b6dadb7386667b1\",\"name\":\"qs_admin\",\"image\":{\"@type\":\"ImageObject\",\"inLanguage\":\"fr-FR\",\"@id\":\"https:\/\/vosgesinfo.fr\/gerardmerinfo\/#\/schema\/person\/image\/\",\"url\":\"https:\/\/secure.gravatar.com\/avatar\/94b18ee0ed79e4a42ea2f2931277b6841a8999fc6fde214600c78057cf1fe1de?s=96&d=mm&r=g\",\"contentUrl\":\"https:\/\/secure.gravatar.com\/avatar\/94b18ee0ed79e4a42ea2f2931277b6841a8999fc6fde214600c78057cf1fe1de?s=96&d=mm&r=g\",\"caption\":\"qs_admin\"},\"sameAs\":[\"https:\/\/vosgesinfo.fr\/wp\"],\"url\":\"https:\/\/vosgesinfo.fr\/gerardmerinfo\/author\/qs_admin\/\"}]}<\/script>\n<!-- \/ Yoast SEO plugin. -->","yoast_head_json":{"title":"L'accueil de loisirs cet \u00e9t\u00e9 \u00e0 la MCL - Gerardmer Info","robots":{"index":"index","follow":"follow","max-snippet":"max-snippet:-1","max-image-preview":"max-image-preview:large","max-video-preview":"max-video-preview:-1"},"canonical":"https:\/\/vosgesinfo.fr\/gerardmerinfo\/2022\/05\/laccueil-de-loisirs-cet-ete-a-mcl\/","twitter_card":"summary_large_image","twitter_title":"L'accueil de loisirs cet \u00e9t\u00e9 \u00e0 la MCL - Gerardmer Info","twitter_description":"Le programme de l&rsquo;Accueil de loisirs d&rsquo;\u00e9t\u00e9 est arriv\u00e9 ! Et il va y en avoir des choses \u00e0 faire, [&hellip;]","twitter_image":"https:\/\/vosgesinfo.fr\/app\/uploads\/sites\/6\/2024\/07\/202205alshete6-9.jpg","twitter_creator":"@VosgesInfo88","twitter_site":"@VosgesInfo88","twitter_misc":{"\u00c9crit par":"qs_admin","Dur\u00e9e de lecture estim\u00e9e":"1 minute"},"schema":{"@context":"https:\/\/schema.org","@graph":[{"@type":"Article","@id":"https:\/\/vosgesinfo.fr\/gerardmerinfo\/2022\/05\/laccueil-de-loisirs-cet-ete-a-mcl\/#article","isPartOf":{"@id":"https:\/\/vosgesinfo.fr\/gerardmerinfo\/2022\/05\/laccueil-de-loisirs-cet-ete-a-mcl\/"},"author":{"name":"qs_admin","@id":"https:\/\/vosgesinfo.fr\/gerardmerinfo\/#\/schema\/person\/bc5d02d71e6932e81b6dadb7386667b1"},"headline":"L&rsquo;accueil de loisirs cet \u00e9t\u00e9 \u00e0 la MCL","datePublished":"2022-05-23T01:59:01+00:00","dateModified":"2022-05-23T01:59:01+00:00","mainEntityOfPage":{"@id":"https:\/\/vosgesinfo.fr\/gerardmerinfo\/2022\/05\/laccueil-de-loisirs-cet-ete-a-mcl\/"},"wordCount":213,"commentCount":0,"publisher":{"@id":"https:\/\/vosgesinfo.fr\/gerardmerinfo\/#organization"},"image":{"@id":"https:\/\/vosgesinfo.fr\/gerardmerinfo\/2022\/05\/laccueil-de-loisirs-cet-ete-a-mcl\/#primaryimage"},"thumbnailUrl":"https:\/\/vosgesinfo.fr\/app\/uploads\/sites\/6\/2024\/07\/202205alshete6-9.jpg","keywords":["ALSH"],"articleSection":["A la une","G\u00e9rardmer","Vie Associative"],"inLanguage":"fr-FR","potentialAction":[{"@type":"CommentAction","name":"Comment","target":["https:\/\/vosgesinfo.fr\/gerardmerinfo\/2022\/05\/laccueil-de-loisirs-cet-ete-a-mcl\/#respond"]}]},{"@type":"WebPage","@id":"https:\/\/vosgesinfo.fr\/gerardmerinfo\/2022\/05\/laccueil-de-loisirs-cet-ete-a-mcl\/","url":"https:\/\/vosgesinfo.fr\/gerardmerinfo\/2022\/05\/laccueil-de-loisirs-cet-ete-a-mcl\/","name":"L'accueil de loisirs cet \u00e9t\u00e9 \u00e0 la MCL - Gerardmer Info","isPartOf":{"@id":"https:\/\/vosgesinfo.fr\/gerardmerinfo\/#website"},"primaryImageOfPage":{"@id":"https:\/\/vosgesinfo.fr\/gerardmerinfo\/2022\/05\/laccueil-de-loisirs-cet-ete-a-mcl\/#primaryimage"},"image":{"@id":"https:\/\/vosgesinfo.fr\/gerardmerinfo\/2022\/05\/laccueil-de-loisirs-cet-ete-a-mcl\/#primaryimage"},"thumbnailUrl":"https:\/\/vosgesinfo.fr\/app\/uploads\/sites\/6\/2024\/07\/202205alshete6-9.jpg","datePublished":"2022-05-23T01:59:01+00:00","dateModified":"2022-05-23T01:59:01+00:00","breadcrumb":{"@id":"https:\/\/vosgesinfo.fr\/gerardmerinfo\/2022\/05\/laccueil-de-loisirs-cet-ete-a-mcl\/#breadcrumb"},"inLanguage":"fr-FR","potentialAction":[{"@type":"ReadAction","target":["https:\/\/vosgesinfo.fr\/gerardmerinfo\/2022\/05\/laccueil-de-loisirs-cet-ete-a-mcl\/"]}]},{"@type":"ImageObject","inLanguage":"fr-FR","@id":"https:\/\/vosgesinfo.fr\/gerardmerinfo\/2022\/05\/laccueil-de-loisirs-cet-ete-a-mcl\/#primaryimage","url":"https:\/\/vosgesinfo.fr\/app\/uploads\/sites\/6\/2024\/07\/202205alshete6-9.jpg","contentUrl":"https:\/\/vosgesinfo.fr\/app\/uploads\/sites\/6\/2024\/07\/202205alshete6-9.jpg","width":561,"height":794},{"@type":"BreadcrumbList","@id":"https:\/\/vosgesinfo.fr\/gerardmerinfo\/2022\/05\/laccueil-de-loisirs-cet-ete-a-mcl\/#breadcrumb","itemListElement":[{"@type":"ListItem","position":1,"name":"Home","item":"https:\/\/vosgesinfo.fr\/gerardmerinfo\/"},{"@type":"ListItem","position":2,"name":"L&rsquo;accueil de loisirs cet \u00e9t\u00e9 \u00e0 la MCL"}]},{"@type":"WebSite","@id":"https:\/\/vosgesinfo.fr\/gerardmerinfo\/#website","url":"https:\/\/vosgesinfo.fr\/gerardmerinfo\/","name":"Gerardmer Info","description":"Toute l&#039;actualit\u00e9 de G\u00e9rardmer","publisher":{"@id":"https:\/\/vosgesinfo.fr\/gerardmerinfo\/#organization"},"alternateName":"Toute l'actualit\u00e9 de G\u00e9rardmer","potentialAction":[{"@type":"SearchAction","target":{"@type":"EntryPoint","urlTemplate":"https:\/\/vosgesinfo.fr\/gerardmerinfo\/?s={search_term_string}"},"query-input":"required name=search_term_string"}],"inLanguage":"fr-FR"},{"@type":"Organization","@id":"https:\/\/vosgesinfo.fr\/gerardmerinfo\/#organization","name":"Gerardmer Info","url":"https:\/\/vosgesinfo.fr\/gerardmerinfo\/","logo":{"@type":"ImageObject","inLanguage":"fr-FR","@id":"https:\/\/vosgesinfo.fr\/gerardmerinfo\/#\/schema\/logo\/image\/","url":"https:\/\/vosgesinfo.fr\/app\/uploads\/sites\/6\/2023\/08\/favicon-gerardmerinfo.png","contentUrl":"https:\/\/vosgesinfo.fr\/app\/uploads\/sites\/6\/2023\/08\/favicon-gerardmerinfo.png","width":512,"height":512,"caption":"Gerardmer Info"},"image":{"@id":"https:\/\/vosgesinfo.fr\/gerardmerinfo\/#\/schema\/logo\/image\/"},"sameAs":["https:\/\/www.facebook.com\/profile.php?id=100049475262660","https:\/\/x.com\/VosgesInfo88","https:\/\/www.youtube.com\/@vosgesinfo"]},{"@type":"Person","@id":"https:\/\/vosgesinfo.fr\/gerardmerinfo\/#\/schema\/person\/bc5d02d71e6932e81b6dadb7386667b1","name":"qs_admin","image":{"@type":"ImageObject","inLanguage":"fr-FR","@id":"https:\/\/vosgesinfo.fr\/gerardmerinfo\/#\/schema\/person\/image\/","url":"https:\/\/secure.gravatar.com\/avatar\/94b18ee0ed79e4a42ea2f2931277b6841a8999fc6fde214600c78057cf1fe1de?s=96&d=mm&r=g","contentUrl":"https:\/\/secure.gravatar.com\/avatar\/94b18ee0ed79e4a42ea2f2931277b6841a8999fc6fde214600c78057cf1fe1de?s=96&d=mm&r=g","caption":"qs_admin"},"sameAs":["https:\/\/vosgesinfo.fr\/wp"],"url":"https:\/\/vosgesinfo.fr\/gerardmerinfo\/author\/qs_admin\/"}]}},"_links":{"self":[{"href":"https:\/\/vosgesinfo.fr\/gerardmerinfo\/wp-json\/wp\/v2\/posts\/59156","targetHints":{"allow":["GET"]}}],"collection":[{"href":"https:\/\/vosgesinfo.fr\/gerardmerinfo\/wp-json\/wp\/v2\/posts"}],"about":[{"href":"https:\/\/vosgesinfo.fr\/gerardmerinfo\/wp-json\/wp\/v2\/types\/post"}],"author":[{"embeddable":true,"href":"https:\/\/vosgesinfo.fr\/gerardmerinfo\/wp-json\/wp\/v2\/users\/1"}],"replies":[{"embeddable":true,"href":"https:\/\/vosgesinfo.fr\/gerardmerinfo\/wp-json\/wp\/v2\/comments?post=59156"}],"version-history":[{"count":0,"href":"https:\/\/vosgesinfo.fr\/gerardmerinfo\/wp-json\/wp\/v2\/posts\/59156\/revisions"}],"wp:featuredmedia":[{"embeddable":true,"href":"https:\/\/vosgesinfo.fr\/gerardmerinfo\/wp-json\/wp\/v2\/media\/59157"}],"wp:attachment":[{"href":"https:\/\/vosgesinfo.fr\/gerardmerinfo\/wp-json\/wp\/v2\/media?parent=59156"}],"wp:term":[{"taxonomy":"category","embeddable":true,"href":"https:\/\/vosgesinfo.fr\/gerardmerinfo\/wp-json\/wp\/v2\/categories?post=59156"},{"taxonomy":"post_tag","embeddable":true,"href":"https:\/\/vosgesinfo.fr\/gerardmerinfo\/wp-json\/wp\/v2\/tags?post=59156"}],"curies":[{"name":"wp","href":"https:\/\/api.w.org\/{rel}","templated":true}]}}