{"id":59186,"date":"2022-05-24T03:59:51","date_gmt":"2022-05-24T01:59:51","guid":{"rendered":"https:\/\/vosgesinfo.fr\/gerardmerinfo\/2022\/05\/decheterie-de-heunotte-nouveau-horaires-applicables-1er-juin\/"},"modified":"2022-05-24T03:59:51","modified_gmt":"2022-05-24T01:59:51","slug":"decheterie-de-heunotte-nouveau-horaires-applicables-1er-juin","status":"publish","type":"post","link":"https:\/\/vosgesinfo.fr\/gerardmerinfo\/2022\/05\/decheterie-de-heunotte-nouveau-horaires-applicables-1er-juin\/","title":{"rendered":"D\u00e9ch\u00e8terie de la Heunotte &#8211; nouveau horaires applicables au 1er juin"},"content":{"rendered":"<h3>Toujours dans le but d&rsquo;am\u00e9liorer la qualit\u00e9 des services offerts aux administr\u00e9s, la CCGHV a d\u00e9cid\u00e9 de r\u00e9organiser l&rsquo;ouverture de la d\u00e9ch\u00e8terie de la Heunotte.<\/h3>\n<p>Des nouveaux horaires \u00e9t\u00e9 et hiver de la d\u00e9ch\u00e8terie de G\u00e9rardmer ont \u00e9t\u00e9 vot\u00e9 et ils seront applicables au 1er juin 2022. Pr\u00e9cisons que, comme l&rsquo;a rappel\u00e9 le vice-pr\u00e9sident de la CCGHV Michel Bertrand, si la qualit\u00e9 du service est am\u00e9lior\u00e9e, le temps de travail des agents restent le m\u00eame.<\/p>\n<p>D\u00e9ch\u00e8terie de la Heunotte \u2013 114 faubourg de Bruy\u00e8res \u2013 88400 GERARDMER<br \/>\nT\u00e9l : 03 29 41 75 54<\/p>\n<p><a href=\"\/2022\/05\/CCGHV-Horaires-d\u00e9ch\u00e8terie_page-0001.jpg\"><img decoding=\"async\" class=\"aligncenter size-large wp-image-189721\" src=\"\/2022\/05\/CCGHV-Horaires-d\u00e9ch\u00e8terie_page-0001-1024x538.jpg\" alt=\"CCGHV Horaires d\u00e9ch\u00e8terie_page-0001\" width=\"960\" height=\"504\" \/><\/a><\/p>\n","protected":false},"excerpt":{"rendered":"<p>Toujours dans le but d&rsquo;am\u00e9liorer la qualit\u00e9 des services offerts aux administr\u00e9s, la CCGHV a d\u00e9cid\u00e9 de r\u00e9organiser l&rsquo;ouverture de [&hellip;]<\/p>\n","protected":false},"author":1,"featured_media":319,"comment_status":"open","ping_status":"open","sticky":false,"template":"","format":"standard","meta":{"footnotes":""},"categories":[20,7,25,41,42,40],"tags":[],"class_list":["post-59186","post","type-post","status-publish","format-standard","has-post-thumbnail","hentry","category-a-la-une","category-environnement","category-gerardmer","category-liezey","category-xonrupt-longemer","category-xonrupt-liezey"],"acf":[],"yoast_head":"<!-- This site is optimized with the Yoast SEO plugin v22.5 - https:\/\/yoast.com\/wordpress\/plugins\/seo\/ -->\n<title>D\u00e9ch\u00e8terie de la Heunotte - nouveau horaires applicables au 1er juin - Gerardmer Info<\/title>\n<meta name=\"robots\" content=\"index, follow, max-snippet:-1, max-image-preview:large, max-video-preview:-1\" \/>\n<link rel=\"canonical\" href=\"https:\/\/vosgesinfo.fr\/gerardmerinfo\/2022\/05\/decheterie-de-heunotte-nouveau-horaires-applicables-1er-juin\/\" \/>\n<meta name=\"twitter:card\" content=\"summary_large_image\" \/>\n<meta name=\"twitter:title\" content=\"D\u00e9ch\u00e8terie de la Heunotte - nouveau horaires applicables au 1er juin - Gerardmer Info\" \/>\n<meta name=\"twitter:description\" content=\"Toujours dans le but d&rsquo;am\u00e9liorer la qualit\u00e9 des services offerts aux administr\u00e9s, la CCGHV a d\u00e9cid\u00e9 de r\u00e9organiser l&rsquo;ouverture de [&hellip;]\" \/>\n<meta name=\"twitter:image\" content=\"https:\/\/vosgesinfo.fr\/app\/uploads\/sites\/6\/2022\/05\/logo-ccghv.jpg\" \/>\n<meta name=\"twitter:creator\" content=\"@VosgesInfo88\" \/>\n<meta name=\"twitter:site\" content=\"@VosgesInfo88\" \/>\n<meta name=\"twitter:label1\" content=\"\u00c9crit par\" \/>\n\t<meta name=\"twitter:data1\" content=\"qs_admin\" \/>\n\t<meta name=\"twitter:label2\" content=\"Dur\u00e9e de lecture estim\u00e9e\" \/>\n\t<meta name=\"twitter:data2\" content=\"1 minute\" \/>\n<script type=\"application\/ld+json\" class=\"yoast-schema-graph\">{\"@context\":\"https:\/\/schema.org\",\"@graph\":[{\"@type\":\"Article\",\"@id\":\"https:\/\/vosgesinfo.fr\/gerardmerinfo\/2022\/05\/decheterie-de-heunotte-nouveau-horaires-applicables-1er-juin\/#article\",\"isPartOf\":{\"@id\":\"https:\/\/vosgesinfo.fr\/gerardmerinfo\/2022\/05\/decheterie-de-heunotte-nouveau-horaires-applicables-1er-juin\/\"},\"author\":{\"name\":\"qs_admin\",\"@id\":\"https:\/\/vosgesinfo.fr\/gerardmerinfo\/#\/schema\/person\/bc5d02d71e6932e81b6dadb7386667b1\"},\"headline\":\"D\u00e9ch\u00e8terie de la Heunotte &#8211; nouveau horaires applicables au 1er juin\",\"datePublished\":\"2022-05-24T01:59:51+00:00\",\"dateModified\":\"2022-05-24T01:59:51+00:00\",\"mainEntityOfPage\":{\"@id\":\"https:\/\/vosgesinfo.fr\/gerardmerinfo\/2022\/05\/decheterie-de-heunotte-nouveau-horaires-applicables-1er-juin\/\"},\"wordCount\":117,\"commentCount\":0,\"publisher\":{\"@id\":\"https:\/\/vosgesinfo.fr\/gerardmerinfo\/#organization\"},\"image\":{\"@id\":\"https:\/\/vosgesinfo.fr\/gerardmerinfo\/2022\/05\/decheterie-de-heunotte-nouveau-horaires-applicables-1er-juin\/#primaryimage\"},\"thumbnailUrl\":\"https:\/\/vosgesinfo.fr\/app\/uploads\/sites\/6\/2022\/05\/logo-ccghv.jpg\",\"articleSection\":[\"A la une\",\"Environnement\",\"G\u00e9rardmer\",\"Liezey\",\"Xonrupt-Longemer\",\"Xonrupt\/Liezey\"],\"inLanguage\":\"fr-FR\",\"potentialAction\":[{\"@type\":\"CommentAction\",\"name\":\"Comment\",\"target\":[\"https:\/\/vosgesinfo.fr\/gerardmerinfo\/2022\/05\/decheterie-de-heunotte-nouveau-horaires-applicables-1er-juin\/#respond\"]}]},{\"@type\":\"WebPage\",\"@id\":\"https:\/\/vosgesinfo.fr\/gerardmerinfo\/2022\/05\/decheterie-de-heunotte-nouveau-horaires-applicables-1er-juin\/\",\"url\":\"https:\/\/vosgesinfo.fr\/gerardmerinfo\/2022\/05\/decheterie-de-heunotte-nouveau-horaires-applicables-1er-juin\/\",\"name\":\"D\u00e9ch\u00e8terie de la Heunotte - nouveau horaires applicables au 1er juin - Gerardmer Info\",\"isPartOf\":{\"@id\":\"https:\/\/vosgesinfo.fr\/gerardmerinfo\/#website\"},\"primaryImageOfPage\":{\"@id\":\"https:\/\/vosgesinfo.fr\/gerardmerinfo\/2022\/05\/decheterie-de-heunotte-nouveau-horaires-applicables-1er-juin\/#primaryimage\"},\"image\":{\"@id\":\"https:\/\/vosgesinfo.fr\/gerardmerinfo\/2022\/05\/decheterie-de-heunotte-nouveau-horaires-applicables-1er-juin\/#primaryimage\"},\"thumbnailUrl\":\"https:\/\/vosgesinfo.fr\/app\/uploads\/sites\/6\/2022\/05\/logo-ccghv.jpg\",\"datePublished\":\"2022-05-24T01:59:51+00:00\",\"dateModified\":\"2022-05-24T01:59:51+00:00\",\"breadcrumb\":{\"@id\":\"https:\/\/vosgesinfo.fr\/gerardmerinfo\/2022\/05\/decheterie-de-heunotte-nouveau-horaires-applicables-1er-juin\/#breadcrumb\"},\"inLanguage\":\"fr-FR\",\"potentialAction\":[{\"@type\":\"ReadAction\",\"target\":[\"https:\/\/vosgesinfo.fr\/gerardmerinfo\/2022\/05\/decheterie-de-heunotte-nouveau-horaires-applicables-1er-juin\/\"]}]},{\"@type\":\"ImageObject\",\"inLanguage\":\"fr-FR\",\"@id\":\"https:\/\/vosgesinfo.fr\/gerardmerinfo\/2022\/05\/decheterie-de-heunotte-nouveau-horaires-applicables-1er-juin\/#primaryimage\",\"url\":\"https:\/\/vosgesinfo.fr\/app\/uploads\/sites\/6\/2022\/05\/logo-ccghv.jpg\",\"contentUrl\":\"https:\/\/vosgesinfo.fr\/app\/uploads\/sites\/6\/2022\/05\/logo-ccghv.jpg\",\"width\":493,\"height\":475},{\"@type\":\"BreadcrumbList\",\"@id\":\"https:\/\/vosgesinfo.fr\/gerardmerinfo\/2022\/05\/decheterie-de-heunotte-nouveau-horaires-applicables-1er-juin\/#breadcrumb\",\"itemListElement\":[{\"@type\":\"ListItem\",\"position\":1,\"name\":\"Home\",\"item\":\"https:\/\/vosgesinfo.fr\/gerardmerinfo\/\"},{\"@type\":\"ListItem\",\"position\":2,\"name\":\"D\u00e9ch\u00e8terie de la Heunotte &#8211; nouveau horaires applicables au 1er juin\"}]},{\"@type\":\"WebSite\",\"@id\":\"https:\/\/vosgesinfo.fr\/gerardmerinfo\/#website\",\"url\":\"https:\/\/vosgesinfo.fr\/gerardmerinfo\/\",\"name\":\"Gerardmer Info\",\"description\":\"Toute l&#039;actualit\u00e9 de G\u00e9rardmer\",\"publisher\":{\"@id\":\"https:\/\/vosgesinfo.fr\/gerardmerinfo\/#organization\"},\"alternateName\":\"Toute l'actualit\u00e9 de G\u00e9rardmer\",\"potentialAction\":[{\"@type\":\"SearchAction\",\"target\":{\"@type\":\"EntryPoint\",\"urlTemplate\":\"https:\/\/vosgesinfo.fr\/gerardmerinfo\/?s={search_term_string}\"},\"query-input\":\"required name=search_term_string\"}],\"inLanguage\":\"fr-FR\"},{\"@type\":\"Organization\",\"@id\":\"https:\/\/vosgesinfo.fr\/gerardmerinfo\/#organization\",\"name\":\"Gerardmer Info\",\"url\":\"https:\/\/vosgesinfo.fr\/gerardmerinfo\/\",\"logo\":{\"@type\":\"ImageObject\",\"inLanguage\":\"fr-FR\",\"@id\":\"https:\/\/vosgesinfo.fr\/gerardmerinfo\/#\/schema\/logo\/image\/\",\"url\":\"https:\/\/vosgesinfo.fr\/app\/uploads\/sites\/6\/2023\/08\/favicon-gerardmerinfo.png\",\"contentUrl\":\"https:\/\/vosgesinfo.fr\/app\/uploads\/sites\/6\/2023\/08\/favicon-gerardmerinfo.png\",\"width\":512,\"height\":512,\"caption\":\"Gerardmer Info\"},\"image\":{\"@id\":\"https:\/\/vosgesinfo.fr\/gerardmerinfo\/#\/schema\/logo\/image\/\"},\"sameAs\":[\"https:\/\/www.facebook.com\/profile.php?id=100049475262660\",\"https:\/\/x.com\/VosgesInfo88\",\"https:\/\/www.youtube.com\/@vosgesinfo\"]},{\"@type\":\"Person\",\"@id\":\"https:\/\/vosgesinfo.fr\/gerardmerinfo\/#\/schema\/person\/bc5d02d71e6932e81b6dadb7386667b1\",\"name\":\"qs_admin\",\"image\":{\"@type\":\"ImageObject\",\"inLanguage\":\"fr-FR\",\"@id\":\"https:\/\/vosgesinfo.fr\/gerardmerinfo\/#\/schema\/person\/image\/\",\"url\":\"https:\/\/secure.gravatar.com\/avatar\/94b18ee0ed79e4a42ea2f2931277b6841a8999fc6fde214600c78057cf1fe1de?s=96&d=mm&r=g\",\"contentUrl\":\"https:\/\/secure.gravatar.com\/avatar\/94b18ee0ed79e4a42ea2f2931277b6841a8999fc6fde214600c78057cf1fe1de?s=96&d=mm&r=g\",\"caption\":\"qs_admin\"},\"sameAs\":[\"https:\/\/vosgesinfo.fr\/wp\"],\"url\":\"https:\/\/vosgesinfo.fr\/gerardmerinfo\/author\/qs_admin\/\"}]}<\/script>\n<!-- \/ Yoast SEO plugin. -->","yoast_head_json":{"title":"D\u00e9ch\u00e8terie de la Heunotte - nouveau horaires applicables au 1er juin - Gerardmer Info","robots":{"index":"index","follow":"follow","max-snippet":"max-snippet:-1","max-image-preview":"max-image-preview:large","max-video-preview":"max-video-preview:-1"},"canonical":"https:\/\/vosgesinfo.fr\/gerardmerinfo\/2022\/05\/decheterie-de-heunotte-nouveau-horaires-applicables-1er-juin\/","twitter_card":"summary_large_image","twitter_title":"D\u00e9ch\u00e8terie de la Heunotte - nouveau horaires applicables au 1er juin - Gerardmer Info","twitter_description":"Toujours dans le but d&rsquo;am\u00e9liorer la qualit\u00e9 des services offerts aux administr\u00e9s, la CCGHV a d\u00e9cid\u00e9 de r\u00e9organiser l&rsquo;ouverture de [&hellip;]","twitter_image":"https:\/\/vosgesinfo.fr\/app\/uploads\/sites\/6\/2022\/05\/logo-ccghv.jpg","twitter_creator":"@VosgesInfo88","twitter_site":"@VosgesInfo88","twitter_misc":{"\u00c9crit par":"qs_admin","Dur\u00e9e de lecture estim\u00e9e":"1 minute"},"schema":{"@context":"https:\/\/schema.org","@graph":[{"@type":"Article","@id":"https:\/\/vosgesinfo.fr\/gerardmerinfo\/2022\/05\/decheterie-de-heunotte-nouveau-horaires-applicables-1er-juin\/#article","isPartOf":{"@id":"https:\/\/vosgesinfo.fr\/gerardmerinfo\/2022\/05\/decheterie-de-heunotte-nouveau-horaires-applicables-1er-juin\/"},"author":{"name":"qs_admin","@id":"https:\/\/vosgesinfo.fr\/gerardmerinfo\/#\/schema\/person\/bc5d02d71e6932e81b6dadb7386667b1"},"headline":"D\u00e9ch\u00e8terie de la Heunotte &#8211; nouveau horaires applicables au 1er juin","datePublished":"2022-05-24T01:59:51+00:00","dateModified":"2022-05-24T01:59:51+00:00","mainEntityOfPage":{"@id":"https:\/\/vosgesinfo.fr\/gerardmerinfo\/2022\/05\/decheterie-de-heunotte-nouveau-horaires-applicables-1er-juin\/"},"wordCount":117,"commentCount":0,"publisher":{"@id":"https:\/\/vosgesinfo.fr\/gerardmerinfo\/#organization"},"image":{"@id":"https:\/\/vosgesinfo.fr\/gerardmerinfo\/2022\/05\/decheterie-de-heunotte-nouveau-horaires-applicables-1er-juin\/#primaryimage"},"thumbnailUrl":"https:\/\/vosgesinfo.fr\/app\/uploads\/sites\/6\/2022\/05\/logo-ccghv.jpg","articleSection":["A la une","Environnement","G\u00e9rardmer","Liezey","Xonrupt-Longemer","Xonrupt\/Liezey"],"inLanguage":"fr-FR","potentialAction":[{"@type":"CommentAction","name":"Comment","target":["https:\/\/vosgesinfo.fr\/gerardmerinfo\/2022\/05\/decheterie-de-heunotte-nouveau-horaires-applicables-1er-juin\/#respond"]}]},{"@type":"WebPage","@id":"https:\/\/vosgesinfo.fr\/gerardmerinfo\/2022\/05\/decheterie-de-heunotte-nouveau-horaires-applicables-1er-juin\/","url":"https:\/\/vosgesinfo.fr\/gerardmerinfo\/2022\/05\/decheterie-de-heunotte-nouveau-horaires-applicables-1er-juin\/","name":"D\u00e9ch\u00e8terie de la Heunotte - nouveau horaires applicables au 1er juin - Gerardmer Info","isPartOf":{"@id":"https:\/\/vosgesinfo.fr\/gerardmerinfo\/#website"},"primaryImageOfPage":{"@id":"https:\/\/vosgesinfo.fr\/gerardmerinfo\/2022\/05\/decheterie-de-heunotte-nouveau-horaires-applicables-1er-juin\/#primaryimage"},"image":{"@id":"https:\/\/vosgesinfo.fr\/gerardmerinfo\/2022\/05\/decheterie-de-heunotte-nouveau-horaires-applicables-1er-juin\/#primaryimage"},"thumbnailUrl":"https:\/\/vosgesinfo.fr\/app\/uploads\/sites\/6\/2022\/05\/logo-ccghv.jpg","datePublished":"2022-05-24T01:59:51+00:00","dateModified":"2022-05-24T01:59:51+00:00","breadcrumb":{"@id":"https:\/\/vosgesinfo.fr\/gerardmerinfo\/2022\/05\/decheterie-de-heunotte-nouveau-horaires-applicables-1er-juin\/#breadcrumb"},"inLanguage":"fr-FR","potentialAction":[{"@type":"ReadAction","target":["https:\/\/vosgesinfo.fr\/gerardmerinfo\/2022\/05\/decheterie-de-heunotte-nouveau-horaires-applicables-1er-juin\/"]}]},{"@type":"ImageObject","inLanguage":"fr-FR","@id":"https:\/\/vosgesinfo.fr\/gerardmerinfo\/2022\/05\/decheterie-de-heunotte-nouveau-horaires-applicables-1er-juin\/#primaryimage","url":"https:\/\/vosgesinfo.fr\/app\/uploads\/sites\/6\/2022\/05\/logo-ccghv.jpg","contentUrl":"https:\/\/vosgesinfo.fr\/app\/uploads\/sites\/6\/2022\/05\/logo-ccghv.jpg","width":493,"height":475},{"@type":"BreadcrumbList","@id":"https:\/\/vosgesinfo.fr\/gerardmerinfo\/2022\/05\/decheterie-de-heunotte-nouveau-horaires-applicables-1er-juin\/#breadcrumb","itemListElement":[{"@type":"ListItem","position":1,"name":"Home","item":"https:\/\/vosgesinfo.fr\/gerardmerinfo\/"},{"@type":"ListItem","position":2,"name":"D\u00e9ch\u00e8terie de la Heunotte &#8211; nouveau horaires applicables au 1er juin"}]},{"@type":"WebSite","@id":"https:\/\/vosgesinfo.fr\/gerardmerinfo\/#website","url":"https:\/\/vosgesinfo.fr\/gerardmerinfo\/","name":"Gerardmer Info","description":"Toute l&#039;actualit\u00e9 de G\u00e9rardmer","publisher":{"@id":"https:\/\/vosgesinfo.fr\/gerardmerinfo\/#organization"},"alternateName":"Toute l'actualit\u00e9 de G\u00e9rardmer","potentialAction":[{"@type":"SearchAction","target":{"@type":"EntryPoint","urlTemplate":"https:\/\/vosgesinfo.fr\/gerardmerinfo\/?s={search_term_string}"},"query-input":"required name=search_term_string"}],"inLanguage":"fr-FR"},{"@type":"Organization","@id":"https:\/\/vosgesinfo.fr\/gerardmerinfo\/#organization","name":"Gerardmer Info","url":"https:\/\/vosgesinfo.fr\/gerardmerinfo\/","logo":{"@type":"ImageObject","inLanguage":"fr-FR","@id":"https:\/\/vosgesinfo.fr\/gerardmerinfo\/#\/schema\/logo\/image\/","url":"https:\/\/vosgesinfo.fr\/app\/uploads\/sites\/6\/2023\/08\/favicon-gerardmerinfo.png","contentUrl":"https:\/\/vosgesinfo.fr\/app\/uploads\/sites\/6\/2023\/08\/favicon-gerardmerinfo.png","width":512,"height":512,"caption":"Gerardmer Info"},"image":{"@id":"https:\/\/vosgesinfo.fr\/gerardmerinfo\/#\/schema\/logo\/image\/"},"sameAs":["https:\/\/www.facebook.com\/profile.php?id=100049475262660","https:\/\/x.com\/VosgesInfo88","https:\/\/www.youtube.com\/@vosgesinfo"]},{"@type":"Person","@id":"https:\/\/vosgesinfo.fr\/gerardmerinfo\/#\/schema\/person\/bc5d02d71e6932e81b6dadb7386667b1","name":"qs_admin","image":{"@type":"ImageObject","inLanguage":"fr-FR","@id":"https:\/\/vosgesinfo.fr\/gerardmerinfo\/#\/schema\/person\/image\/","url":"https:\/\/secure.gravatar.com\/avatar\/94b18ee0ed79e4a42ea2f2931277b6841a8999fc6fde214600c78057cf1fe1de?s=96&d=mm&r=g","contentUrl":"https:\/\/secure.gravatar.com\/avatar\/94b18ee0ed79e4a42ea2f2931277b6841a8999fc6fde214600c78057cf1fe1de?s=96&d=mm&r=g","caption":"qs_admin"},"sameAs":["https:\/\/vosgesinfo.fr\/wp"],"url":"https:\/\/vosgesinfo.fr\/gerardmerinfo\/author\/qs_admin\/"}]}},"_links":{"self":[{"href":"https:\/\/vosgesinfo.fr\/gerardmerinfo\/wp-json\/wp\/v2\/posts\/59186","targetHints":{"allow":["GET"]}}],"collection":[{"href":"https:\/\/vosgesinfo.fr\/gerardmerinfo\/wp-json\/wp\/v2\/posts"}],"about":[{"href":"https:\/\/vosgesinfo.fr\/gerardmerinfo\/wp-json\/wp\/v2\/types\/post"}],"author":[{"embeddable":true,"href":"https:\/\/vosgesinfo.fr\/gerardmerinfo\/wp-json\/wp\/v2\/users\/1"}],"replies":[{"embeddable":true,"href":"https:\/\/vosgesinfo.fr\/gerardmerinfo\/wp-json\/wp\/v2\/comments?post=59186"}],"version-history":[{"count":0,"href":"https:\/\/vosgesinfo.fr\/gerardmerinfo\/wp-json\/wp\/v2\/posts\/59186\/revisions"}],"wp:featuredmedia":[{"embeddable":true,"href":"https:\/\/vosgesinfo.fr\/gerardmerinfo\/wp-json\/wp\/v2\/media\/319"}],"wp:attachment":[{"href":"https:\/\/vosgesinfo.fr\/gerardmerinfo\/wp-json\/wp\/v2\/media?parent=59186"}],"wp:term":[{"taxonomy":"category","embeddable":true,"href":"https:\/\/vosgesinfo.fr\/gerardmerinfo\/wp-json\/wp\/v2\/categories?post=59186"},{"taxonomy":"post_tag","embeddable":true,"href":"https:\/\/vosgesinfo.fr\/gerardmerinfo\/wp-json\/wp\/v2\/tags?post=59186"}],"curies":[{"name":"wp","href":"https:\/\/api.w.org\/{rel}","templated":true}]}}