{"id":5923,"date":"2023-12-08T09:02:01","date_gmt":"2023-12-08T08:02:01","guid":{"rendered":"https:\/\/vosgesinfo.fr\/gerardmerinfo\/2023\/12\/granges-aumontzey-franc-succes-saint-nicolas-marche-2023\/"},"modified":"2023-12-08T09:02:01","modified_gmt":"2023-12-08T08:02:01","slug":"granges-aumontzey-franc-succes-saint-nicolas-marche-2023","status":"publish","type":"post","link":"https:\/\/vosgesinfo.fr\/gerardmerinfo\/2023\/12\/granges-aumontzey-franc-succes-saint-nicolas-marche-2023\/","title":{"rendered":"Granges-Aumontzey &#8211; Franc succ\u00e8s pour Saint Nicolas et son march\u00e9 2023"},"content":{"rendered":"<p align=\"center\"><span style=\"font-size: large;\">\u00a0<\/span><\/p>\n<p style=\"text-align: left;\" align=\"center\">\n\n<p align=\"justify\">\n<h3 align=\"justify\">D\u00e8s l&rsquo;aube, une \u00e9quipe de b\u00e9n\u00e9voles extra-municipaux a mis en place une d\u00e9coration soign\u00e9e sous la supervision bienveillante de l&rsquo;adjointe Laetitia Daeschler et avec l\u2019aide pr\u00e9cieuse des agents municipaux qui se sont aff\u00e9r\u00e9s toute la journ\u00e9e.<\/h3>\n<p align=\"justify\">Puis c\u2019est Elisabeth Roussel, adjointe \u00e9conomie, commerce et artisanat, accompagn\u00e9e de Fr\u00e9d\u00e9ric Duriez, d\u00e9l\u00e9gu\u00e9 \u00e0 la communication, qui ont donn\u00e9 le coup d&rsquo;envoi des c\u00e9l\u00e9brations de la Saint Nicolas, par l\u2019ouverture du march\u00e9. Compos\u00e9 de nombreux artisans, commer\u00e7ants et associations locales, ils sont venus pr\u00e9senter une multitude d&rsquo;id\u00e9es cadeaux aux visiteurs. Les associations L\u2019Amicale des Donneurs de Sang de Granges-Aumontzey et environs, pr\u00e9sid\u00e9e par S\u00e9bastien Bonard ainsi que Les Doigts de F\u00e9es, pr\u00e9sid\u00e9e par Odile Voirin, \u00e9taient pr\u00e9sentes afin de reverser leurs b\u00e9n\u00e9fices de cette journ\u00e9e au T\u00e9l\u00e9thon. Le Don du sang tient \u00e0 remercier chaudement les participant\u00b7e\u00b7s et la commune car ils ont pu reverser pr\u00e8s de 1 500 \u20ac. Et gr\u00e2ce \u00e0 la g\u00e9n\u00e9reuse collaboration des stands, un participant a eu l&rsquo;opportunit\u00e9 de remporter un beau panier garni. Une victoire remport\u00e9e avec une pr\u00e9cision \u00e9tonnante, \u00e0 seulement 15 grammes pr\u00e8s du poids r\u00e9el du panier !<\/p>\n<p align=\"justify\">La journ\u00e9e a \u00e9t\u00e9 ponctu\u00e9e de moments festifs sous le regard bienveillant de Saint Nicolas et le sourire complice du p\u00e8re fouettard. Anim\u00e9e par un joyeux duo de clowns de la compagnie Wanubida, la place du march\u00e9 a vibr\u00e9 au son de chansons de No\u00ebl, apportant des sourires instantan\u00e9s aux visages des enfants et de leurs parents. En fin d&rsquo;apr\u00e8s-midi, les plus jeunes ont eu droit \u00e0 un spectacle de la troupe.<\/p>\n<p align=\"justify\">\u00c0 la surprise g\u00e9n\u00e9rale, le p\u00e8re fouettard s&rsquo;est montr\u00e9 d&rsquo;une grande cl\u00e9mence, distribuant des bonbons aux enfants, qui ont \u00e9galement pu se r\u00e9chauffer avec du chocolat chaud, servi par une \u00e9quipe de conseillers et extra-municipaux. La photographe professionnelle Aurore Maheu de Passionn\u00e9ment photo a ajout\u00e9 une touche m\u00e9morable en capturant des moments complices entre les bambins, le saint homme et son acolyte. Ces souvenirs, une fois valid\u00e9s par les familles concern\u00e9es, seront offerts aux enfants par la municipalit\u00e9. Malgr\u00e9 le froid de saison, les b\u00fbches norv\u00e9giennes ont permis de r\u00e9chauffer les corps et les sourires des exposant\u00b7e\u00b7s et des visiteur\u00b7euse\u00b7s laissent assur\u00e9ment un souvenir positif de cette \u00e9dition 2023.<\/p>\n<p align=\"justify\">La journ\u00e9e s&rsquo;est conclue par un concert envo\u00fbtant organis\u00e9 par la commune au sein de l&rsquo;\u00e9glise de Granges-Aumontzey, r\u00e9unissant les harmonies municipales de Granges-Aumontzey\u00a0: Les Gens d\u2019Air dirig\u00e9e par Beno\u00eet Grocolas, et pr\u00e9sid\u00e9e par Fabien Sonrier, et de Le Tholy, dirig\u00e9e par le \u00ab\u00a0chef en int\u00e9rim\u00a0\u00bb Hugo\u00a0Lambert, avec la pr\u00e9sence de son Pr\u00e9sident Alain Bombarde. Les harmonies remercient chaleureusement Monsieur le Maire de Granges-Aumontzey, Fr\u00e9deric Thomas et Corinne Mourot, sa premi\u00e8re adjointe, pour leur soutien ind\u00e9fectible. Les m\u00e9lodies, sublim\u00e9es par l&rsquo;acoustique du lieu, ont enchant\u00e9 un public m\u00e9lomane et cl\u00f4tur\u00e9 ce moment de partage dans une atmosph\u00e8re harmonieuse et festive.<\/p>\n\n","protected":false},"excerpt":{"rendered":"<p>\u00a0 D\u00e8s l&rsquo;aube, une \u00e9quipe de b\u00e9n\u00e9voles extra-municipaux a mis en place une d\u00e9coration soign\u00e9e sous la supervision bienveillante de [&hellip;]<\/p>\n","protected":false},"author":1,"featured_media":5924,"comment_status":"open","ping_status":"open","sticky":false,"template":"","format":"standard","meta":{"footnotes":""},"categories":[20,34,4,18],"tags":[94,698],"class_list":["post-5923","post","type-post","status-publish","format-standard","has-post-thumbnail","hentry","category-a-la-une","category-concert","category-culture","category-vosges","tag-granges-aumontzey","tag-saint-nicolas"],"acf":[],"yoast_head":"<!-- This site is optimized with the Yoast SEO plugin v22.5 - https:\/\/yoast.com\/wordpress\/plugins\/seo\/ -->\n<title>Granges-Aumontzey - Franc succ\u00e8s pour Saint Nicolas et son march\u00e9 2023 - Gerardmer Info<\/title>\n<meta name=\"robots\" content=\"index, follow, max-snippet:-1, max-image-preview:large, max-video-preview:-1\" \/>\n<link rel=\"canonical\" href=\"https:\/\/vosgesinfo.fr\/gerardmerinfo\/2023\/12\/granges-aumontzey-franc-succes-saint-nicolas-marche-2023\/\" \/>\n<meta name=\"twitter:card\" content=\"summary_large_image\" \/>\n<meta name=\"twitter:title\" content=\"Granges-Aumontzey - Franc succ\u00e8s pour Saint Nicolas et son march\u00e9 2023 - Gerardmer Info\" \/>\n<meta name=\"twitter:description\" content=\"\u00a0 D\u00e8s l&rsquo;aube, une \u00e9quipe de b\u00e9n\u00e9voles extra-municipaux a mis en place une d\u00e9coration soign\u00e9e sous la supervision bienveillante de [&hellip;]\" \/>\n<meta name=\"twitter:image\" content=\"https:\/\/vosgesinfo.fr\/app\/uploads\/sites\/6\/2023\/12\/st-nicolas-marche-granges-8.jpg\" \/>\n<meta name=\"twitter:creator\" content=\"@VosgesInfo88\" \/>\n<meta name=\"twitter:site\" content=\"@VosgesInfo88\" \/>\n<meta name=\"twitter:label1\" content=\"\u00c9crit par\" \/>\n\t<meta name=\"twitter:data1\" content=\"qs_admin\" \/>\n\t<meta name=\"twitter:label2\" content=\"Dur\u00e9e de lecture estim\u00e9e\" \/>\n\t<meta name=\"twitter:data2\" content=\"3 minutes\" \/>\n<script type=\"application\/ld+json\" class=\"yoast-schema-graph\">{\"@context\":\"https:\/\/schema.org\",\"@graph\":[{\"@type\":\"Article\",\"@id\":\"https:\/\/vosgesinfo.fr\/gerardmerinfo\/2023\/12\/granges-aumontzey-franc-succes-saint-nicolas-marche-2023\/#article\",\"isPartOf\":{\"@id\":\"https:\/\/vosgesinfo.fr\/gerardmerinfo\/2023\/12\/granges-aumontzey-franc-succes-saint-nicolas-marche-2023\/\"},\"author\":{\"name\":\"qs_admin\",\"@id\":\"https:\/\/vosgesinfo.fr\/gerardmerinfo\/#\/schema\/person\/bc5d02d71e6932e81b6dadb7386667b1\"},\"headline\":\"Granges-Aumontzey &#8211; Franc succ\u00e8s pour Saint Nicolas et son march\u00e9 2023\",\"datePublished\":\"2023-12-08T08:02:01+00:00\",\"dateModified\":\"2023-12-08T08:02:01+00:00\",\"mainEntityOfPage\":{\"@id\":\"https:\/\/vosgesinfo.fr\/gerardmerinfo\/2023\/12\/granges-aumontzey-franc-succes-saint-nicolas-marche-2023\/\"},\"wordCount\":581,\"commentCount\":0,\"publisher\":{\"@id\":\"https:\/\/vosgesinfo.fr\/gerardmerinfo\/#organization\"},\"image\":{\"@id\":\"https:\/\/vosgesinfo.fr\/gerardmerinfo\/2023\/12\/granges-aumontzey-franc-succes-saint-nicolas-marche-2023\/#primaryimage\"},\"thumbnailUrl\":\"https:\/\/vosgesinfo.fr\/app\/uploads\/sites\/6\/2023\/12\/st-nicolas-marche-granges-8.jpg\",\"keywords\":[\"Granges-Aumontzey\",\"saint nicolas\"],\"articleSection\":[\"A la une\",\"Concert\",\"Culture\",\"Vosges\"],\"inLanguage\":\"fr-FR\",\"potentialAction\":[{\"@type\":\"CommentAction\",\"name\":\"Comment\",\"target\":[\"https:\/\/vosgesinfo.fr\/gerardmerinfo\/2023\/12\/granges-aumontzey-franc-succes-saint-nicolas-marche-2023\/#respond\"]}]},{\"@type\":\"WebPage\",\"@id\":\"https:\/\/vosgesinfo.fr\/gerardmerinfo\/2023\/12\/granges-aumontzey-franc-succes-saint-nicolas-marche-2023\/\",\"url\":\"https:\/\/vosgesinfo.fr\/gerardmerinfo\/2023\/12\/granges-aumontzey-franc-succes-saint-nicolas-marche-2023\/\",\"name\":\"Granges-Aumontzey - Franc succ\u00e8s pour Saint Nicolas et son march\u00e9 2023 - Gerardmer Info\",\"isPartOf\":{\"@id\":\"https:\/\/vosgesinfo.fr\/gerardmerinfo\/#website\"},\"primaryImageOfPage\":{\"@id\":\"https:\/\/vosgesinfo.fr\/gerardmerinfo\/2023\/12\/granges-aumontzey-franc-succes-saint-nicolas-marche-2023\/#primaryimage\"},\"image\":{\"@id\":\"https:\/\/vosgesinfo.fr\/gerardmerinfo\/2023\/12\/granges-aumontzey-franc-succes-saint-nicolas-marche-2023\/#primaryimage\"},\"thumbnailUrl\":\"https:\/\/vosgesinfo.fr\/app\/uploads\/sites\/6\/2023\/12\/st-nicolas-marche-granges-8.jpg\",\"datePublished\":\"2023-12-08T08:02:01+00:00\",\"dateModified\":\"2023-12-08T08:02:01+00:00\",\"breadcrumb\":{\"@id\":\"https:\/\/vosgesinfo.fr\/gerardmerinfo\/2023\/12\/granges-aumontzey-franc-succes-saint-nicolas-marche-2023\/#breadcrumb\"},\"inLanguage\":\"fr-FR\",\"potentialAction\":[{\"@type\":\"ReadAction\",\"target\":[\"https:\/\/vosgesinfo.fr\/gerardmerinfo\/2023\/12\/granges-aumontzey-franc-succes-saint-nicolas-marche-2023\/\"]}]},{\"@type\":\"ImageObject\",\"inLanguage\":\"fr-FR\",\"@id\":\"https:\/\/vosgesinfo.fr\/gerardmerinfo\/2023\/12\/granges-aumontzey-franc-succes-saint-nicolas-marche-2023\/#primaryimage\",\"url\":\"https:\/\/vosgesinfo.fr\/app\/uploads\/sites\/6\/2023\/12\/st-nicolas-marche-granges-8.jpg\",\"contentUrl\":\"https:\/\/vosgesinfo.fr\/app\/uploads\/sites\/6\/2023\/12\/st-nicolas-marche-granges-8.jpg\"},{\"@type\":\"BreadcrumbList\",\"@id\":\"https:\/\/vosgesinfo.fr\/gerardmerinfo\/2023\/12\/granges-aumontzey-franc-succes-saint-nicolas-marche-2023\/#breadcrumb\",\"itemListElement\":[{\"@type\":\"ListItem\",\"position\":1,\"name\":\"Home\",\"item\":\"https:\/\/vosgesinfo.fr\/gerardmerinfo\/\"},{\"@type\":\"ListItem\",\"position\":2,\"name\":\"Granges-Aumontzey &#8211; Franc succ\u00e8s pour Saint Nicolas et son march\u00e9 2023\"}]},{\"@type\":\"WebSite\",\"@id\":\"https:\/\/vosgesinfo.fr\/gerardmerinfo\/#website\",\"url\":\"https:\/\/vosgesinfo.fr\/gerardmerinfo\/\",\"name\":\"Gerardmer Info\",\"description\":\"Toute l&#039;actualit\u00e9 de G\u00e9rardmer\",\"publisher\":{\"@id\":\"https:\/\/vosgesinfo.fr\/gerardmerinfo\/#organization\"},\"alternateName\":\"Toute l'actualit\u00e9 de G\u00e9rardmer\",\"potentialAction\":[{\"@type\":\"SearchAction\",\"target\":{\"@type\":\"EntryPoint\",\"urlTemplate\":\"https:\/\/vosgesinfo.fr\/gerardmerinfo\/?s={search_term_string}\"},\"query-input\":\"required name=search_term_string\"}],\"inLanguage\":\"fr-FR\"},{\"@type\":\"Organization\",\"@id\":\"https:\/\/vosgesinfo.fr\/gerardmerinfo\/#organization\",\"name\":\"Gerardmer Info\",\"url\":\"https:\/\/vosgesinfo.fr\/gerardmerinfo\/\",\"logo\":{\"@type\":\"ImageObject\",\"inLanguage\":\"fr-FR\",\"@id\":\"https:\/\/vosgesinfo.fr\/gerardmerinfo\/#\/schema\/logo\/image\/\",\"url\":\"https:\/\/vosgesinfo.fr\/app\/uploads\/sites\/6\/2023\/08\/favicon-gerardmerinfo.png\",\"contentUrl\":\"https:\/\/vosgesinfo.fr\/app\/uploads\/sites\/6\/2023\/08\/favicon-gerardmerinfo.png\",\"width\":512,\"height\":512,\"caption\":\"Gerardmer Info\"},\"image\":{\"@id\":\"https:\/\/vosgesinfo.fr\/gerardmerinfo\/#\/schema\/logo\/image\/\"},\"sameAs\":[\"https:\/\/www.facebook.com\/profile.php?id=100049475262660\",\"https:\/\/x.com\/VosgesInfo88\",\"https:\/\/www.youtube.com\/@vosgesinfo\"]},{\"@type\":\"Person\",\"@id\":\"https:\/\/vosgesinfo.fr\/gerardmerinfo\/#\/schema\/person\/bc5d02d71e6932e81b6dadb7386667b1\",\"name\":\"qs_admin\",\"image\":{\"@type\":\"ImageObject\",\"inLanguage\":\"fr-FR\",\"@id\":\"https:\/\/vosgesinfo.fr\/gerardmerinfo\/#\/schema\/person\/image\/\",\"url\":\"https:\/\/secure.gravatar.com\/avatar\/94b18ee0ed79e4a42ea2f2931277b6841a8999fc6fde214600c78057cf1fe1de?s=96&d=mm&r=g\",\"contentUrl\":\"https:\/\/secure.gravatar.com\/avatar\/94b18ee0ed79e4a42ea2f2931277b6841a8999fc6fde214600c78057cf1fe1de?s=96&d=mm&r=g\",\"caption\":\"qs_admin\"},\"sameAs\":[\"https:\/\/vosgesinfo.fr\/wp\"],\"url\":\"https:\/\/vosgesinfo.fr\/gerardmerinfo\/author\/qs_admin\/\"}]}<\/script>\n<!-- \/ Yoast SEO plugin. -->","yoast_head_json":{"title":"Granges-Aumontzey - Franc succ\u00e8s pour Saint Nicolas et son march\u00e9 2023 - Gerardmer Info","robots":{"index":"index","follow":"follow","max-snippet":"max-snippet:-1","max-image-preview":"max-image-preview:large","max-video-preview":"max-video-preview:-1"},"canonical":"https:\/\/vosgesinfo.fr\/gerardmerinfo\/2023\/12\/granges-aumontzey-franc-succes-saint-nicolas-marche-2023\/","twitter_card":"summary_large_image","twitter_title":"Granges-Aumontzey - Franc succ\u00e8s pour Saint Nicolas et son march\u00e9 2023 - Gerardmer Info","twitter_description":"\u00a0 D\u00e8s l&rsquo;aube, une \u00e9quipe de b\u00e9n\u00e9voles extra-municipaux a mis en place une d\u00e9coration soign\u00e9e sous la supervision bienveillante de [&hellip;]","twitter_image":"https:\/\/vosgesinfo.fr\/app\/uploads\/sites\/6\/2023\/12\/st-nicolas-marche-granges-8.jpg","twitter_creator":"@VosgesInfo88","twitter_site":"@VosgesInfo88","twitter_misc":{"\u00c9crit par":"qs_admin","Dur\u00e9e de lecture estim\u00e9e":"3 minutes"},"schema":{"@context":"https:\/\/schema.org","@graph":[{"@type":"Article","@id":"https:\/\/vosgesinfo.fr\/gerardmerinfo\/2023\/12\/granges-aumontzey-franc-succes-saint-nicolas-marche-2023\/#article","isPartOf":{"@id":"https:\/\/vosgesinfo.fr\/gerardmerinfo\/2023\/12\/granges-aumontzey-franc-succes-saint-nicolas-marche-2023\/"},"author":{"name":"qs_admin","@id":"https:\/\/vosgesinfo.fr\/gerardmerinfo\/#\/schema\/person\/bc5d02d71e6932e81b6dadb7386667b1"},"headline":"Granges-Aumontzey &#8211; Franc succ\u00e8s pour Saint Nicolas et son march\u00e9 2023","datePublished":"2023-12-08T08:02:01+00:00","dateModified":"2023-12-08T08:02:01+00:00","mainEntityOfPage":{"@id":"https:\/\/vosgesinfo.fr\/gerardmerinfo\/2023\/12\/granges-aumontzey-franc-succes-saint-nicolas-marche-2023\/"},"wordCount":581,"commentCount":0,"publisher":{"@id":"https:\/\/vosgesinfo.fr\/gerardmerinfo\/#organization"},"image":{"@id":"https:\/\/vosgesinfo.fr\/gerardmerinfo\/2023\/12\/granges-aumontzey-franc-succes-saint-nicolas-marche-2023\/#primaryimage"},"thumbnailUrl":"https:\/\/vosgesinfo.fr\/app\/uploads\/sites\/6\/2023\/12\/st-nicolas-marche-granges-8.jpg","keywords":["Granges-Aumontzey","saint nicolas"],"articleSection":["A la une","Concert","Culture","Vosges"],"inLanguage":"fr-FR","potentialAction":[{"@type":"CommentAction","name":"Comment","target":["https:\/\/vosgesinfo.fr\/gerardmerinfo\/2023\/12\/granges-aumontzey-franc-succes-saint-nicolas-marche-2023\/#respond"]}]},{"@type":"WebPage","@id":"https:\/\/vosgesinfo.fr\/gerardmerinfo\/2023\/12\/granges-aumontzey-franc-succes-saint-nicolas-marche-2023\/","url":"https:\/\/vosgesinfo.fr\/gerardmerinfo\/2023\/12\/granges-aumontzey-franc-succes-saint-nicolas-marche-2023\/","name":"Granges-Aumontzey - Franc succ\u00e8s pour Saint Nicolas et son march\u00e9 2023 - Gerardmer Info","isPartOf":{"@id":"https:\/\/vosgesinfo.fr\/gerardmerinfo\/#website"},"primaryImageOfPage":{"@id":"https:\/\/vosgesinfo.fr\/gerardmerinfo\/2023\/12\/granges-aumontzey-franc-succes-saint-nicolas-marche-2023\/#primaryimage"},"image":{"@id":"https:\/\/vosgesinfo.fr\/gerardmerinfo\/2023\/12\/granges-aumontzey-franc-succes-saint-nicolas-marche-2023\/#primaryimage"},"thumbnailUrl":"https:\/\/vosgesinfo.fr\/app\/uploads\/sites\/6\/2023\/12\/st-nicolas-marche-granges-8.jpg","datePublished":"2023-12-08T08:02:01+00:00","dateModified":"2023-12-08T08:02:01+00:00","breadcrumb":{"@id":"https:\/\/vosgesinfo.fr\/gerardmerinfo\/2023\/12\/granges-aumontzey-franc-succes-saint-nicolas-marche-2023\/#breadcrumb"},"inLanguage":"fr-FR","potentialAction":[{"@type":"ReadAction","target":["https:\/\/vosgesinfo.fr\/gerardmerinfo\/2023\/12\/granges-aumontzey-franc-succes-saint-nicolas-marche-2023\/"]}]},{"@type":"ImageObject","inLanguage":"fr-FR","@id":"https:\/\/vosgesinfo.fr\/gerardmerinfo\/2023\/12\/granges-aumontzey-franc-succes-saint-nicolas-marche-2023\/#primaryimage","url":"https:\/\/vosgesinfo.fr\/app\/uploads\/sites\/6\/2023\/12\/st-nicolas-marche-granges-8.jpg","contentUrl":"https:\/\/vosgesinfo.fr\/app\/uploads\/sites\/6\/2023\/12\/st-nicolas-marche-granges-8.jpg"},{"@type":"BreadcrumbList","@id":"https:\/\/vosgesinfo.fr\/gerardmerinfo\/2023\/12\/granges-aumontzey-franc-succes-saint-nicolas-marche-2023\/#breadcrumb","itemListElement":[{"@type":"ListItem","position":1,"name":"Home","item":"https:\/\/vosgesinfo.fr\/gerardmerinfo\/"},{"@type":"ListItem","position":2,"name":"Granges-Aumontzey &#8211; Franc succ\u00e8s pour Saint Nicolas et son march\u00e9 2023"}]},{"@type":"WebSite","@id":"https:\/\/vosgesinfo.fr\/gerardmerinfo\/#website","url":"https:\/\/vosgesinfo.fr\/gerardmerinfo\/","name":"Gerardmer Info","description":"Toute l&#039;actualit\u00e9 de G\u00e9rardmer","publisher":{"@id":"https:\/\/vosgesinfo.fr\/gerardmerinfo\/#organization"},"alternateName":"Toute l'actualit\u00e9 de G\u00e9rardmer","potentialAction":[{"@type":"SearchAction","target":{"@type":"EntryPoint","urlTemplate":"https:\/\/vosgesinfo.fr\/gerardmerinfo\/?s={search_term_string}"},"query-input":"required name=search_term_string"}],"inLanguage":"fr-FR"},{"@type":"Organization","@id":"https:\/\/vosgesinfo.fr\/gerardmerinfo\/#organization","name":"Gerardmer Info","url":"https:\/\/vosgesinfo.fr\/gerardmerinfo\/","logo":{"@type":"ImageObject","inLanguage":"fr-FR","@id":"https:\/\/vosgesinfo.fr\/gerardmerinfo\/#\/schema\/logo\/image\/","url":"https:\/\/vosgesinfo.fr\/app\/uploads\/sites\/6\/2023\/08\/favicon-gerardmerinfo.png","contentUrl":"https:\/\/vosgesinfo.fr\/app\/uploads\/sites\/6\/2023\/08\/favicon-gerardmerinfo.png","width":512,"height":512,"caption":"Gerardmer Info"},"image":{"@id":"https:\/\/vosgesinfo.fr\/gerardmerinfo\/#\/schema\/logo\/image\/"},"sameAs":["https:\/\/www.facebook.com\/profile.php?id=100049475262660","https:\/\/x.com\/VosgesInfo88","https:\/\/www.youtube.com\/@vosgesinfo"]},{"@type":"Person","@id":"https:\/\/vosgesinfo.fr\/gerardmerinfo\/#\/schema\/person\/bc5d02d71e6932e81b6dadb7386667b1","name":"qs_admin","image":{"@type":"ImageObject","inLanguage":"fr-FR","@id":"https:\/\/vosgesinfo.fr\/gerardmerinfo\/#\/schema\/person\/image\/","url":"https:\/\/secure.gravatar.com\/avatar\/94b18ee0ed79e4a42ea2f2931277b6841a8999fc6fde214600c78057cf1fe1de?s=96&d=mm&r=g","contentUrl":"https:\/\/secure.gravatar.com\/avatar\/94b18ee0ed79e4a42ea2f2931277b6841a8999fc6fde214600c78057cf1fe1de?s=96&d=mm&r=g","caption":"qs_admin"},"sameAs":["https:\/\/vosgesinfo.fr\/wp"],"url":"https:\/\/vosgesinfo.fr\/gerardmerinfo\/author\/qs_admin\/"}]}},"_links":{"self":[{"href":"https:\/\/vosgesinfo.fr\/gerardmerinfo\/wp-json\/wp\/v2\/posts\/5923","targetHints":{"allow":["GET"]}}],"collection":[{"href":"https:\/\/vosgesinfo.fr\/gerardmerinfo\/wp-json\/wp\/v2\/posts"}],"about":[{"href":"https:\/\/vosgesinfo.fr\/gerardmerinfo\/wp-json\/wp\/v2\/types\/post"}],"author":[{"embeddable":true,"href":"https:\/\/vosgesinfo.fr\/gerardmerinfo\/wp-json\/wp\/v2\/users\/1"}],"replies":[{"embeddable":true,"href":"https:\/\/vosgesinfo.fr\/gerardmerinfo\/wp-json\/wp\/v2\/comments?post=5923"}],"version-history":[{"count":0,"href":"https:\/\/vosgesinfo.fr\/gerardmerinfo\/wp-json\/wp\/v2\/posts\/5923\/revisions"}],"wp:featuredmedia":[{"embeddable":true,"href":"https:\/\/vosgesinfo.fr\/gerardmerinfo\/wp-json\/wp\/v2\/media\/5924"}],"wp:attachment":[{"href":"https:\/\/vosgesinfo.fr\/gerardmerinfo\/wp-json\/wp\/v2\/media?parent=5923"}],"wp:term":[{"taxonomy":"category","embeddable":true,"href":"https:\/\/vosgesinfo.fr\/gerardmerinfo\/wp-json\/wp\/v2\/categories?post=5923"},{"taxonomy":"post_tag","embeddable":true,"href":"https:\/\/vosgesinfo.fr\/gerardmerinfo\/wp-json\/wp\/v2\/tags?post=5923"}],"curies":[{"name":"wp","href":"https:\/\/api.w.org\/{rel}","templated":true}]}}