{"id":59303,"date":"2022-05-28T05:18:12","date_gmt":"2022-05-28T03:18:12","guid":{"rendered":"https:\/\/vosgesinfo.fr\/gerardmerinfo\/2022\/05\/la-vie-religieuse\/"},"modified":"2022-05-28T05:18:12","modified_gmt":"2022-05-28T03:18:12","slug":"la-vie-religieuse","status":"publish","type":"post","link":"https:\/\/vosgesinfo.fr\/gerardmerinfo\/2022\/05\/la-vie-religieuse\/","title":{"rendered":"La vie religieuse"},"content":{"rendered":"<p><strong>Samedi\u00a0 28 mai 2022, <\/strong>De la F\u00e9rie<\/p>\n<p><strong>G\u00c9RARDMER\u00a0: <\/strong><strong>18h00, <\/strong>Messe anticip\u00e9e du dimanche\u00a0: Pierre IMHOFF, ses s\u0153urs et Jean-Marie \u2013 Ida TREMSAL \u2013 Marguerite JEANSELME \u2013 Les \u00e2mes du Purgatoire \u2013 Ernest, F\u00e9licit\u00e9 DIETRICH, Brigitte et Anne WEISS.<\/p>\n<p><strong>Dimanche 29 mai 2022,<\/strong> 7<sup>\u00e8me<\/sup> Dimanche de P\u00c2QUES<\/p>\n<p><strong>G\u00c9RARDMER 10h30, <\/strong>MESSE\u00a0: Odette et Andr\u00e9 WAGNER \u2013 Odette et Robert PARMENTELAT \u2013 Genevi\u00e8ve GRIZARD \u2013 Abb\u00e9 Robert LEDIC. <strong>12h00\u00a0: <\/strong>Bapt\u00eames de L\u00e9on et Mathis FERREIRA-GENAY. Recommandation pour Maurice P\u00c9CH\u00c9 qui a re\u00e7u les fun\u00e9railles chr\u00e9tiennes cette semaine.<\/p>\n<p><strong>LE THOLY, 10h00, <\/strong>ADAP, pour tous les paroissiens les d\u00e9funts\u00a0: Maurice P\u00c9CH\u00c9 (recommandation).<\/p>\n<p><strong>XONRUPT, <\/strong>Voir G\u00e9rardmer<\/p>\n<p><strong>Lundi 30 mai 2022, <\/strong>Ste JEANNE D\u2019ARC<\/p>\n<p><strong>G\u00c9RARDMER, <\/strong>Pas de messe le soir.<\/p>\n<p><strong>Mardi 31 mai 2022, <\/strong>VISITATION DE LA VIERGE MARIE<\/p>\n<p><strong>G\u00c9RARDMER, 17h15, <\/strong>R\u00e9citation du Chapelet, <strong>18h00, <\/strong>Messe<\/p>\n<p><strong>Mercredi 1<sup>er<\/sup> juin 2022<\/strong>, S. Justin, <strong>G\u00c9RARDMER, 18h00,<\/strong> Messe<\/p>\n<p><strong>Jeudi 2 juin 2022, <\/strong>De la F\u00e9rie, <strong>G\u00c9RARDMER<\/strong>, <strong>10h00, <\/strong>Messe\u00a0\u00e0 l\u2019EHPAD L\u00e9a Andr\u00e9. Pas de messe le soir<\/p>\n<p><strong>Vendredi 3 juin 2022,<\/strong> S. Charles LWANGA et ses compagnons, <strong>G\u00c9RARDMER,\u00a017h00\u00a0: <\/strong>Adoration et confessions. <strong>18h00, <\/strong>Messe\u00a0:<\/p>\n<p><strong>Samedi\u00a0 4 juin 2022, <\/strong>De la F\u00e9rie <strong>G\u00c9RARDMER\u00a0: <\/strong><strong>18h00, <\/strong>MESSE anticip\u00e9e du dimanche\u00a0: Fran\u00e7ois-Xavier MOREL et les d\u00e9funts de la famille, Jean CASSET, Marie-Agn\u00e8s PICART et Odette DOLMAIRE \u2013 J.J. WILLMANN-IMHOFF et d\u00e9funts des familles GUILLON-IMHOFF, Guy, Agn\u00e8s et Gautier \u2013 Lucie et Bernard LAUBACHER et les d\u00e9funts de la famille \u2013 Claire LEROY, Georges LEROY et les d\u00e9funts des familles LEROY-FLEUROT.<\/p>\n<p><strong>Dimanche 5 juin 2022,<\/strong> <strong>DIMANCHE DE LA PENTEC\u00d4TE<\/strong><\/p>\n<p><strong>LE THOLY, 9h00, <\/strong>MESSE, pour tous les paroissiens les d\u00e9funts : \u00c9lie THOMAS et les d\u00e9funts des familles THOMAS-CHONAVEL \u2013 Daniel BACHELARD, sa s\u0153ur Odile et les d\u00e9funts de la famille \u2013 Paulette VOIRIN (2<sup>\u00e8me<\/sup> anniv.) et son \u00e9poux Marcel (6<sup>\u00e8me<\/sup> anniv.) Rappel des ADAP : Daniel BACHELARD &#8211; Patrick DUBUIS (1<sup>er<\/sup> anniv.), son parrain (6<sup>\u00e8me<\/sup> anniv.) et les d\u00e9funts de la famille ~ Hubert DUBUIS (8<sup>\u00e8me<\/sup> anniv.) \u2013 Maurice P\u00c9CH\u00c9<\/p>\n<p><strong>XONRUPT, 10h00, <\/strong>MESSE\u00a0: Annie et Andr\u00e9 JACQUEL (5<sup>\u00e8me<\/sup> anniv.)<\/p>\n<p><strong>G\u00c9RARDMER 11h00, <\/strong>MESSE\u00a0: Marthe et Henri DIDIER et les d\u00e9funts de la famille \u2013 Jean-No\u00ebl et Nicole LUNEAU \u2013 Robert KLEINDIENST (3<sup>\u00e8me<\/sup> anniv.)<\/p>\n<p><strong>Chorale paroissiale<\/strong><\/p>\n<p>La chorale se r\u00e9unira le 1<sup>er<\/sup> juin \u00e0 18h45, au Relais Saint G\u00e9rard. Pas de chorale le 8 juin. Reprise des r\u00e9p\u00e9titions tous les mercredis \u00e0 partir du 15 juin.<\/p>\n<p><strong>ACCUEIL PRESBYT\u00c8RE<\/strong><\/p>\n<p>Il est rappel\u00e9 que les permanences au Presbyt\u00e8re, 47, Rue Charles de Gaulle, ont lieu les mardi, jeudi, vendredi et samedi de 9h30 \u00e0 11h30.<\/p>\n<p><strong>INTENTIONS DE MESSE<\/strong><\/p>\n<p>Les demandes d\u2019intention de messe doivent demand\u00e9es 2 semaines \u00e0 l\u2019avance, faute de quoi il n\u2019est pas possible d\u2019en faire l\u2019annonce la semaine pr\u00e9c\u00e9dente.<\/p>\n<p><strong>\u00c9QUIPES LITURGIQUES<\/strong><\/p>\n<p>\u00c0 G\u00e9rardmer, les \u00e9quipes liturgiques sont au nombre de 4. Une fois par mois, elles pr\u00e9parent les lectures et la pri\u00e8re universelle et assistent l\u2019officiant dans la pr\u00e9paration mat\u00e9rielle des\u00a0 offices, puis du rangement.<\/p>\n<p>Il se trouve que certaines de nos \u00e9quipes ont un <strong>besoin urgent de renfort<\/strong> en raison de d\u00e9parts ou de d\u00e9fections. Merci de\u00a0 prendre contact avec le P\u00e8re WAGNER ou Philippe FONDARD (06 07 65 30 70), si vous pouvez d\u00e9gager un peu de votre temps et venir rejoindre l\u2019une de ces \u00e9quipes.<\/p>\n<p><strong>CONCERTS<\/strong><\/p>\n<p><strong>LE THOLY. Dimanche 29 mai \u00e0 17h00<\/strong> : Le CH\u0152UR DES TROIS ABBAYES donnera un concert dans l\u2019\u00e9glise paroissiale. (Entr\u00e9e gratuite, libre participation aux frais<\/p>\n<p><strong>GERARDMER. Samedi 11 juin, \u00e0 20h30<\/strong>, Concert de la classe d\u2019orgue de l\u2019\u00e9cole intercommunale de musique de G\u00e9rardmer intitul\u00e9 \u00ab\u00a0ORGUE ET PO\u00c9SIE\u00a0\u00bb.<\/p>\n","protected":false},"excerpt":{"rendered":"<p>Samedi\u00a0 28 mai 2022, De la F\u00e9rie G\u00c9RARDMER\u00a0: 18h00, Messe anticip\u00e9e du dimanche\u00a0: Pierre IMHOFF, ses s\u0153urs et Jean-Marie \u2013 [&hellip;]<\/p>\n","protected":false},"author":1,"featured_media":59304,"comment_status":"open","ping_status":"open","sticky":false,"template":"","format":"standard","meta":{"footnotes":""},"categories":[20,4532,5047],"tags":[],"class_list":["post-59303","post","type-post","status-publish","format-standard","has-post-thumbnail","hentry","category-a-la-une","category-annonce-legale","category-autres"],"acf":[],"yoast_head":"<!-- This site is optimized with the Yoast SEO plugin v22.5 - https:\/\/yoast.com\/wordpress\/plugins\/seo\/ -->\n<title>La vie religieuse - Gerardmer Info<\/title>\n<meta name=\"robots\" content=\"index, follow, max-snippet:-1, max-image-preview:large, max-video-preview:-1\" \/>\n<link rel=\"canonical\" href=\"https:\/\/vosgesinfo.fr\/gerardmerinfo\/2022\/05\/la-vie-religieuse\/\" \/>\n<meta name=\"twitter:card\" content=\"summary_large_image\" \/>\n<meta name=\"twitter:title\" content=\"La vie religieuse - Gerardmer Info\" \/>\n<meta name=\"twitter:description\" content=\"Samedi\u00a0 28 mai 2022, De la F\u00e9rie G\u00c9RARDMER\u00a0: 18h00, Messe anticip\u00e9e du dimanche\u00a0: Pierre IMHOFF, ses s\u0153urs et Jean-Marie \u2013 [&hellip;]\" \/>\n<meta name=\"twitter:image\" content=\"https:\/\/vosgesinfo.fr\/app\/uploads\/sites\/6\/2024\/07\/201601eglise-2.jpg\" \/>\n<meta name=\"twitter:creator\" content=\"@VosgesInfo88\" \/>\n<meta name=\"twitter:site\" content=\"@VosgesInfo88\" \/>\n<meta name=\"twitter:label1\" content=\"\u00c9crit par\" \/>\n\t<meta name=\"twitter:data1\" content=\"qs_admin\" \/>\n\t<meta name=\"twitter:label2\" content=\"Dur\u00e9e de lecture estim\u00e9e\" \/>\n\t<meta name=\"twitter:data2\" content=\"3 minutes\" \/>\n<script type=\"application\/ld+json\" class=\"yoast-schema-graph\">{\"@context\":\"https:\/\/schema.org\",\"@graph\":[{\"@type\":\"Article\",\"@id\":\"https:\/\/vosgesinfo.fr\/gerardmerinfo\/2022\/05\/la-vie-religieuse\/#article\",\"isPartOf\":{\"@id\":\"https:\/\/vosgesinfo.fr\/gerardmerinfo\/2022\/05\/la-vie-religieuse\/\"},\"author\":{\"name\":\"qs_admin\",\"@id\":\"https:\/\/vosgesinfo.fr\/gerardmerinfo\/#\/schema\/person\/bc5d02d71e6932e81b6dadb7386667b1\"},\"headline\":\"La vie religieuse\",\"datePublished\":\"2022-05-28T03:18:12+00:00\",\"dateModified\":\"2022-05-28T03:18:12+00:00\",\"mainEntityOfPage\":{\"@id\":\"https:\/\/vosgesinfo.fr\/gerardmerinfo\/2022\/05\/la-vie-religieuse\/\"},\"wordCount\":597,\"commentCount\":0,\"publisher\":{\"@id\":\"https:\/\/vosgesinfo.fr\/gerardmerinfo\/#organization\"},\"image\":{\"@id\":\"https:\/\/vosgesinfo.fr\/gerardmerinfo\/2022\/05\/la-vie-religieuse\/#primaryimage\"},\"thumbnailUrl\":\"https:\/\/vosgesinfo.fr\/app\/uploads\/sites\/6\/2024\/07\/201601eglise-2.jpg\",\"articleSection\":[\"A la une\",\"Annonce l\u00e9gale\",\"Autres\"],\"inLanguage\":\"fr-FR\",\"potentialAction\":[{\"@type\":\"CommentAction\",\"name\":\"Comment\",\"target\":[\"https:\/\/vosgesinfo.fr\/gerardmerinfo\/2022\/05\/la-vie-religieuse\/#respond\"]}]},{\"@type\":\"WebPage\",\"@id\":\"https:\/\/vosgesinfo.fr\/gerardmerinfo\/2022\/05\/la-vie-religieuse\/\",\"url\":\"https:\/\/vosgesinfo.fr\/gerardmerinfo\/2022\/05\/la-vie-religieuse\/\",\"name\":\"La vie religieuse - Gerardmer Info\",\"isPartOf\":{\"@id\":\"https:\/\/vosgesinfo.fr\/gerardmerinfo\/#website\"},\"primaryImageOfPage\":{\"@id\":\"https:\/\/vosgesinfo.fr\/gerardmerinfo\/2022\/05\/la-vie-religieuse\/#primaryimage\"},\"image\":{\"@id\":\"https:\/\/vosgesinfo.fr\/gerardmerinfo\/2022\/05\/la-vie-religieuse\/#primaryimage\"},\"thumbnailUrl\":\"https:\/\/vosgesinfo.fr\/app\/uploads\/sites\/6\/2024\/07\/201601eglise-2.jpg\",\"datePublished\":\"2022-05-28T03:18:12+00:00\",\"dateModified\":\"2022-05-28T03:18:12+00:00\",\"breadcrumb\":{\"@id\":\"https:\/\/vosgesinfo.fr\/gerardmerinfo\/2022\/05\/la-vie-religieuse\/#breadcrumb\"},\"inLanguage\":\"fr-FR\",\"potentialAction\":[{\"@type\":\"ReadAction\",\"target\":[\"https:\/\/vosgesinfo.fr\/gerardmerinfo\/2022\/05\/la-vie-religieuse\/\"]}]},{\"@type\":\"ImageObject\",\"inLanguage\":\"fr-FR\",\"@id\":\"https:\/\/vosgesinfo.fr\/gerardmerinfo\/2022\/05\/la-vie-religieuse\/#primaryimage\",\"url\":\"https:\/\/vosgesinfo.fr\/app\/uploads\/sites\/6\/2024\/07\/201601eglise-2.jpg\",\"contentUrl\":\"https:\/\/vosgesinfo.fr\/app\/uploads\/sites\/6\/2024\/07\/201601eglise-2.jpg\",\"width\":500,\"height\":347},{\"@type\":\"BreadcrumbList\",\"@id\":\"https:\/\/vosgesinfo.fr\/gerardmerinfo\/2022\/05\/la-vie-religieuse\/#breadcrumb\",\"itemListElement\":[{\"@type\":\"ListItem\",\"position\":1,\"name\":\"Home\",\"item\":\"https:\/\/vosgesinfo.fr\/gerardmerinfo\/\"},{\"@type\":\"ListItem\",\"position\":2,\"name\":\"La vie religieuse\"}]},{\"@type\":\"WebSite\",\"@id\":\"https:\/\/vosgesinfo.fr\/gerardmerinfo\/#website\",\"url\":\"https:\/\/vosgesinfo.fr\/gerardmerinfo\/\",\"name\":\"Gerardmer Info\",\"description\":\"Toute l&#039;actualit\u00e9 de G\u00e9rardmer\",\"publisher\":{\"@id\":\"https:\/\/vosgesinfo.fr\/gerardmerinfo\/#organization\"},\"alternateName\":\"Toute l'actualit\u00e9 de G\u00e9rardmer\",\"potentialAction\":[{\"@type\":\"SearchAction\",\"target\":{\"@type\":\"EntryPoint\",\"urlTemplate\":\"https:\/\/vosgesinfo.fr\/gerardmerinfo\/?s={search_term_string}\"},\"query-input\":\"required name=search_term_string\"}],\"inLanguage\":\"fr-FR\"},{\"@type\":\"Organization\",\"@id\":\"https:\/\/vosgesinfo.fr\/gerardmerinfo\/#organization\",\"name\":\"Gerardmer Info\",\"url\":\"https:\/\/vosgesinfo.fr\/gerardmerinfo\/\",\"logo\":{\"@type\":\"ImageObject\",\"inLanguage\":\"fr-FR\",\"@id\":\"https:\/\/vosgesinfo.fr\/gerardmerinfo\/#\/schema\/logo\/image\/\",\"url\":\"https:\/\/vosgesinfo.fr\/app\/uploads\/sites\/6\/2023\/08\/favicon-gerardmerinfo.png\",\"contentUrl\":\"https:\/\/vosgesinfo.fr\/app\/uploads\/sites\/6\/2023\/08\/favicon-gerardmerinfo.png\",\"width\":512,\"height\":512,\"caption\":\"Gerardmer Info\"},\"image\":{\"@id\":\"https:\/\/vosgesinfo.fr\/gerardmerinfo\/#\/schema\/logo\/image\/\"},\"sameAs\":[\"https:\/\/www.facebook.com\/profile.php?id=100049475262660\",\"https:\/\/x.com\/VosgesInfo88\",\"https:\/\/www.youtube.com\/@vosgesinfo\"]},{\"@type\":\"Person\",\"@id\":\"https:\/\/vosgesinfo.fr\/gerardmerinfo\/#\/schema\/person\/bc5d02d71e6932e81b6dadb7386667b1\",\"name\":\"qs_admin\",\"image\":{\"@type\":\"ImageObject\",\"inLanguage\":\"fr-FR\",\"@id\":\"https:\/\/vosgesinfo.fr\/gerardmerinfo\/#\/schema\/person\/image\/\",\"url\":\"https:\/\/secure.gravatar.com\/avatar\/94b18ee0ed79e4a42ea2f2931277b6841a8999fc6fde214600c78057cf1fe1de?s=96&d=mm&r=g\",\"contentUrl\":\"https:\/\/secure.gravatar.com\/avatar\/94b18ee0ed79e4a42ea2f2931277b6841a8999fc6fde214600c78057cf1fe1de?s=96&d=mm&r=g\",\"caption\":\"qs_admin\"},\"sameAs\":[\"https:\/\/vosgesinfo.fr\/wp\"],\"url\":\"https:\/\/vosgesinfo.fr\/gerardmerinfo\/author\/qs_admin\/\"}]}<\/script>\n<!-- \/ Yoast SEO plugin. -->","yoast_head_json":{"title":"La vie religieuse - Gerardmer Info","robots":{"index":"index","follow":"follow","max-snippet":"max-snippet:-1","max-image-preview":"max-image-preview:large","max-video-preview":"max-video-preview:-1"},"canonical":"https:\/\/vosgesinfo.fr\/gerardmerinfo\/2022\/05\/la-vie-religieuse\/","twitter_card":"summary_large_image","twitter_title":"La vie religieuse - Gerardmer Info","twitter_description":"Samedi\u00a0 28 mai 2022, De la F\u00e9rie G\u00c9RARDMER\u00a0: 18h00, Messe anticip\u00e9e du dimanche\u00a0: Pierre IMHOFF, ses s\u0153urs et Jean-Marie \u2013 [&hellip;]","twitter_image":"https:\/\/vosgesinfo.fr\/app\/uploads\/sites\/6\/2024\/07\/201601eglise-2.jpg","twitter_creator":"@VosgesInfo88","twitter_site":"@VosgesInfo88","twitter_misc":{"\u00c9crit par":"qs_admin","Dur\u00e9e de lecture estim\u00e9e":"3 minutes"},"schema":{"@context":"https:\/\/schema.org","@graph":[{"@type":"Article","@id":"https:\/\/vosgesinfo.fr\/gerardmerinfo\/2022\/05\/la-vie-religieuse\/#article","isPartOf":{"@id":"https:\/\/vosgesinfo.fr\/gerardmerinfo\/2022\/05\/la-vie-religieuse\/"},"author":{"name":"qs_admin","@id":"https:\/\/vosgesinfo.fr\/gerardmerinfo\/#\/schema\/person\/bc5d02d71e6932e81b6dadb7386667b1"},"headline":"La vie religieuse","datePublished":"2022-05-28T03:18:12+00:00","dateModified":"2022-05-28T03:18:12+00:00","mainEntityOfPage":{"@id":"https:\/\/vosgesinfo.fr\/gerardmerinfo\/2022\/05\/la-vie-religieuse\/"},"wordCount":597,"commentCount":0,"publisher":{"@id":"https:\/\/vosgesinfo.fr\/gerardmerinfo\/#organization"},"image":{"@id":"https:\/\/vosgesinfo.fr\/gerardmerinfo\/2022\/05\/la-vie-religieuse\/#primaryimage"},"thumbnailUrl":"https:\/\/vosgesinfo.fr\/app\/uploads\/sites\/6\/2024\/07\/201601eglise-2.jpg","articleSection":["A la une","Annonce l\u00e9gale","Autres"],"inLanguage":"fr-FR","potentialAction":[{"@type":"CommentAction","name":"Comment","target":["https:\/\/vosgesinfo.fr\/gerardmerinfo\/2022\/05\/la-vie-religieuse\/#respond"]}]},{"@type":"WebPage","@id":"https:\/\/vosgesinfo.fr\/gerardmerinfo\/2022\/05\/la-vie-religieuse\/","url":"https:\/\/vosgesinfo.fr\/gerardmerinfo\/2022\/05\/la-vie-religieuse\/","name":"La vie religieuse - Gerardmer Info","isPartOf":{"@id":"https:\/\/vosgesinfo.fr\/gerardmerinfo\/#website"},"primaryImageOfPage":{"@id":"https:\/\/vosgesinfo.fr\/gerardmerinfo\/2022\/05\/la-vie-religieuse\/#primaryimage"},"image":{"@id":"https:\/\/vosgesinfo.fr\/gerardmerinfo\/2022\/05\/la-vie-religieuse\/#primaryimage"},"thumbnailUrl":"https:\/\/vosgesinfo.fr\/app\/uploads\/sites\/6\/2024\/07\/201601eglise-2.jpg","datePublished":"2022-05-28T03:18:12+00:00","dateModified":"2022-05-28T03:18:12+00:00","breadcrumb":{"@id":"https:\/\/vosgesinfo.fr\/gerardmerinfo\/2022\/05\/la-vie-religieuse\/#breadcrumb"},"inLanguage":"fr-FR","potentialAction":[{"@type":"ReadAction","target":["https:\/\/vosgesinfo.fr\/gerardmerinfo\/2022\/05\/la-vie-religieuse\/"]}]},{"@type":"ImageObject","inLanguage":"fr-FR","@id":"https:\/\/vosgesinfo.fr\/gerardmerinfo\/2022\/05\/la-vie-religieuse\/#primaryimage","url":"https:\/\/vosgesinfo.fr\/app\/uploads\/sites\/6\/2024\/07\/201601eglise-2.jpg","contentUrl":"https:\/\/vosgesinfo.fr\/app\/uploads\/sites\/6\/2024\/07\/201601eglise-2.jpg","width":500,"height":347},{"@type":"BreadcrumbList","@id":"https:\/\/vosgesinfo.fr\/gerardmerinfo\/2022\/05\/la-vie-religieuse\/#breadcrumb","itemListElement":[{"@type":"ListItem","position":1,"name":"Home","item":"https:\/\/vosgesinfo.fr\/gerardmerinfo\/"},{"@type":"ListItem","position":2,"name":"La vie religieuse"}]},{"@type":"WebSite","@id":"https:\/\/vosgesinfo.fr\/gerardmerinfo\/#website","url":"https:\/\/vosgesinfo.fr\/gerardmerinfo\/","name":"Gerardmer Info","description":"Toute l&#039;actualit\u00e9 de G\u00e9rardmer","publisher":{"@id":"https:\/\/vosgesinfo.fr\/gerardmerinfo\/#organization"},"alternateName":"Toute l'actualit\u00e9 de G\u00e9rardmer","potentialAction":[{"@type":"SearchAction","target":{"@type":"EntryPoint","urlTemplate":"https:\/\/vosgesinfo.fr\/gerardmerinfo\/?s={search_term_string}"},"query-input":"required name=search_term_string"}],"inLanguage":"fr-FR"},{"@type":"Organization","@id":"https:\/\/vosgesinfo.fr\/gerardmerinfo\/#organization","name":"Gerardmer Info","url":"https:\/\/vosgesinfo.fr\/gerardmerinfo\/","logo":{"@type":"ImageObject","inLanguage":"fr-FR","@id":"https:\/\/vosgesinfo.fr\/gerardmerinfo\/#\/schema\/logo\/image\/","url":"https:\/\/vosgesinfo.fr\/app\/uploads\/sites\/6\/2023\/08\/favicon-gerardmerinfo.png","contentUrl":"https:\/\/vosgesinfo.fr\/app\/uploads\/sites\/6\/2023\/08\/favicon-gerardmerinfo.png","width":512,"height":512,"caption":"Gerardmer Info"},"image":{"@id":"https:\/\/vosgesinfo.fr\/gerardmerinfo\/#\/schema\/logo\/image\/"},"sameAs":["https:\/\/www.facebook.com\/profile.php?id=100049475262660","https:\/\/x.com\/VosgesInfo88","https:\/\/www.youtube.com\/@vosgesinfo"]},{"@type":"Person","@id":"https:\/\/vosgesinfo.fr\/gerardmerinfo\/#\/schema\/person\/bc5d02d71e6932e81b6dadb7386667b1","name":"qs_admin","image":{"@type":"ImageObject","inLanguage":"fr-FR","@id":"https:\/\/vosgesinfo.fr\/gerardmerinfo\/#\/schema\/person\/image\/","url":"https:\/\/secure.gravatar.com\/avatar\/94b18ee0ed79e4a42ea2f2931277b6841a8999fc6fde214600c78057cf1fe1de?s=96&d=mm&r=g","contentUrl":"https:\/\/secure.gravatar.com\/avatar\/94b18ee0ed79e4a42ea2f2931277b6841a8999fc6fde214600c78057cf1fe1de?s=96&d=mm&r=g","caption":"qs_admin"},"sameAs":["https:\/\/vosgesinfo.fr\/wp"],"url":"https:\/\/vosgesinfo.fr\/gerardmerinfo\/author\/qs_admin\/"}]}},"_links":{"self":[{"href":"https:\/\/vosgesinfo.fr\/gerardmerinfo\/wp-json\/wp\/v2\/posts\/59303","targetHints":{"allow":["GET"]}}],"collection":[{"href":"https:\/\/vosgesinfo.fr\/gerardmerinfo\/wp-json\/wp\/v2\/posts"}],"about":[{"href":"https:\/\/vosgesinfo.fr\/gerardmerinfo\/wp-json\/wp\/v2\/types\/post"}],"author":[{"embeddable":true,"href":"https:\/\/vosgesinfo.fr\/gerardmerinfo\/wp-json\/wp\/v2\/users\/1"}],"replies":[{"embeddable":true,"href":"https:\/\/vosgesinfo.fr\/gerardmerinfo\/wp-json\/wp\/v2\/comments?post=59303"}],"version-history":[{"count":0,"href":"https:\/\/vosgesinfo.fr\/gerardmerinfo\/wp-json\/wp\/v2\/posts\/59303\/revisions"}],"wp:featuredmedia":[{"embeddable":true,"href":"https:\/\/vosgesinfo.fr\/gerardmerinfo\/wp-json\/wp\/v2\/media\/59304"}],"wp:attachment":[{"href":"https:\/\/vosgesinfo.fr\/gerardmerinfo\/wp-json\/wp\/v2\/media?parent=59303"}],"wp:term":[{"taxonomy":"category","embeddable":true,"href":"https:\/\/vosgesinfo.fr\/gerardmerinfo\/wp-json\/wp\/v2\/categories?post=59303"},{"taxonomy":"post_tag","embeddable":true,"href":"https:\/\/vosgesinfo.fr\/gerardmerinfo\/wp-json\/wp\/v2\/tags?post=59303"}],"curies":[{"name":"wp","href":"https:\/\/api.w.org\/{rel}","templated":true}]}}