{"id":59372,"date":"2022-05-31T13:57:04","date_gmt":"2022-05-31T11:57:04","guid":{"rendered":"https:\/\/vosgesinfo.fr\/gerardmerinfo\/2022\/05\/vosges-impots-dernier-delai-soir-a-minuit-declaration-papier\/"},"modified":"2022-05-31T13:57:04","modified_gmt":"2022-05-31T11:57:04","slug":"vosges-impots-dernier-delai-soir-a-minuit-declaration-papier","status":"publish","type":"post","link":"https:\/\/vosgesinfo.fr\/gerardmerinfo\/2022\/05\/vosges-impots-dernier-delai-soir-a-minuit-declaration-papier\/","title":{"rendered":"Vosges \u2013 Imp\u00f4ts : dernier d\u00e9lai ce soir \u00e0 minuit pour la d\u00e9claration papier"},"content":{"rendered":"<p><strong>A minuit, il sera trop tard pour remplir sa d\u00e9claration d\u2019imp\u00f4ts 2021 pour certains contribuables. Selon le d\u00e9partement, la d\u00e9claration internet est possible jusqu\u2019au 8 juin, notamment pour les Vosges. Mais la d\u00e9claration papier doit \u00eatre ce soir au plus tard dans votre centre des imp\u00f4ts.<\/strong><\/p>\n<p>Si vous avez opt\u00e9 pour la d\u00e9claration papier, il ne vous reste plus que quelques heures quelque soit votre lieu d\u2019habitation. Seul le cachet de la poste fait foi. \u00a0Les contribuables des d\u00e9partements 55 \u00e0 974\/976, la zone 3, ayant choisi internet, ont jusqu\u2019au 8 juin \u00e0 minuit.<\/p>\n","protected":false},"excerpt":{"rendered":"<p>A minuit, il sera trop tard pour remplir sa d\u00e9claration d\u2019imp\u00f4ts 2021 pour certains contribuables. Selon le d\u00e9partement, la d\u00e9claration [&hellip;]<\/p>\n","protected":false},"author":1,"featured_media":59373,"comment_status":"open","ping_status":"open","sticky":false,"template":"","format":"standard","meta":{"footnotes":""},"categories":[20,13,18],"tags":[5052],"class_list":["post-59372","post","type-post","status-publish","format-standard","has-post-thumbnail","hentry","category-a-la-une","category-societe","category-vosges","tag-impots"],"acf":[],"yoast_head":"<!-- This site is optimized with the Yoast SEO plugin v22.5 - https:\/\/yoast.com\/wordpress\/plugins\/seo\/ -->\n<title>Vosges \u2013 Imp\u00f4ts : dernier d\u00e9lai ce soir \u00e0 minuit pour la d\u00e9claration papier - Gerardmer Info<\/title>\n<meta name=\"robots\" content=\"index, follow, max-snippet:-1, max-image-preview:large, max-video-preview:-1\" \/>\n<link rel=\"canonical\" href=\"https:\/\/vosgesinfo.fr\/gerardmerinfo\/2022\/05\/vosges-impots-dernier-delai-soir-a-minuit-declaration-papier\/\" \/>\n<meta name=\"twitter:card\" content=\"summary_large_image\" \/>\n<meta name=\"twitter:title\" content=\"Vosges \u2013 Imp\u00f4ts : dernier d\u00e9lai ce soir \u00e0 minuit pour la d\u00e9claration papier - Gerardmer Info\" \/>\n<meta name=\"twitter:description\" content=\"A minuit, il sera trop tard pour remplir sa d\u00e9claration d\u2019imp\u00f4ts 2021 pour certains contribuables. Selon le d\u00e9partement, la d\u00e9claration [&hellip;]\" \/>\n<meta name=\"twitter:image\" content=\"https:\/\/vosgesinfo.fr\/app\/uploads\/sites\/6\/2024\/07\/202205declaration-impots.jpg\" \/>\n<meta name=\"twitter:creator\" content=\"@VosgesInfo88\" \/>\n<meta name=\"twitter:site\" content=\"@VosgesInfo88\" \/>\n<meta name=\"twitter:label1\" content=\"\u00c9crit par\" \/>\n\t<meta name=\"twitter:data1\" content=\"qs_admin\" \/>\n<script type=\"application\/ld+json\" class=\"yoast-schema-graph\">{\"@context\":\"https:\/\/schema.org\",\"@graph\":[{\"@type\":\"Article\",\"@id\":\"https:\/\/vosgesinfo.fr\/gerardmerinfo\/2022\/05\/vosges-impots-dernier-delai-soir-a-minuit-declaration-papier\/#article\",\"isPartOf\":{\"@id\":\"https:\/\/vosgesinfo.fr\/gerardmerinfo\/2022\/05\/vosges-impots-dernier-delai-soir-a-minuit-declaration-papier\/\"},\"author\":{\"name\":\"qs_admin\",\"@id\":\"https:\/\/vosgesinfo.fr\/gerardmerinfo\/#\/schema\/person\/bc5d02d71e6932e81b6dadb7386667b1\"},\"headline\":\"Vosges \u2013 Imp\u00f4ts : dernier d\u00e9lai ce soir \u00e0 minuit pour la d\u00e9claration papier\",\"datePublished\":\"2022-05-31T11:57:04+00:00\",\"dateModified\":\"2022-05-31T11:57:04+00:00\",\"mainEntityOfPage\":{\"@id\":\"https:\/\/vosgesinfo.fr\/gerardmerinfo\/2022\/05\/vosges-impots-dernier-delai-soir-a-minuit-declaration-papier\/\"},\"wordCount\":112,\"commentCount\":0,\"publisher\":{\"@id\":\"https:\/\/vosgesinfo.fr\/gerardmerinfo\/#organization\"},\"image\":{\"@id\":\"https:\/\/vosgesinfo.fr\/gerardmerinfo\/2022\/05\/vosges-impots-dernier-delai-soir-a-minuit-declaration-papier\/#primaryimage\"},\"thumbnailUrl\":\"https:\/\/vosgesinfo.fr\/app\/uploads\/sites\/6\/2024\/07\/202205declaration-impots.jpg\",\"keywords\":[\"impots\"],\"articleSection\":[\"A la une\",\"Soci\u00e9t\u00e9\",\"Vosges\"],\"inLanguage\":\"fr-FR\",\"potentialAction\":[{\"@type\":\"CommentAction\",\"name\":\"Comment\",\"target\":[\"https:\/\/vosgesinfo.fr\/gerardmerinfo\/2022\/05\/vosges-impots-dernier-delai-soir-a-minuit-declaration-papier\/#respond\"]}]},{\"@type\":\"WebPage\",\"@id\":\"https:\/\/vosgesinfo.fr\/gerardmerinfo\/2022\/05\/vosges-impots-dernier-delai-soir-a-minuit-declaration-papier\/\",\"url\":\"https:\/\/vosgesinfo.fr\/gerardmerinfo\/2022\/05\/vosges-impots-dernier-delai-soir-a-minuit-declaration-papier\/\",\"name\":\"Vosges \u2013 Imp\u00f4ts : dernier d\u00e9lai ce soir \u00e0 minuit pour la d\u00e9claration papier - Gerardmer Info\",\"isPartOf\":{\"@id\":\"https:\/\/vosgesinfo.fr\/gerardmerinfo\/#website\"},\"primaryImageOfPage\":{\"@id\":\"https:\/\/vosgesinfo.fr\/gerardmerinfo\/2022\/05\/vosges-impots-dernier-delai-soir-a-minuit-declaration-papier\/#primaryimage\"},\"image\":{\"@id\":\"https:\/\/vosgesinfo.fr\/gerardmerinfo\/2022\/05\/vosges-impots-dernier-delai-soir-a-minuit-declaration-papier\/#primaryimage\"},\"thumbnailUrl\":\"https:\/\/vosgesinfo.fr\/app\/uploads\/sites\/6\/2024\/07\/202205declaration-impots.jpg\",\"datePublished\":\"2022-05-31T11:57:04+00:00\",\"dateModified\":\"2022-05-31T11:57:04+00:00\",\"breadcrumb\":{\"@id\":\"https:\/\/vosgesinfo.fr\/gerardmerinfo\/2022\/05\/vosges-impots-dernier-delai-soir-a-minuit-declaration-papier\/#breadcrumb\"},\"inLanguage\":\"fr-FR\",\"potentialAction\":[{\"@type\":\"ReadAction\",\"target\":[\"https:\/\/vosgesinfo.fr\/gerardmerinfo\/2022\/05\/vosges-impots-dernier-delai-soir-a-minuit-declaration-papier\/\"]}]},{\"@type\":\"ImageObject\",\"inLanguage\":\"fr-FR\",\"@id\":\"https:\/\/vosgesinfo.fr\/gerardmerinfo\/2022\/05\/vosges-impots-dernier-delai-soir-a-minuit-declaration-papier\/#primaryimage\",\"url\":\"https:\/\/vosgesinfo.fr\/app\/uploads\/sites\/6\/2024\/07\/202205declaration-impots.jpg\",\"contentUrl\":\"https:\/\/vosgesinfo.fr\/app\/uploads\/sites\/6\/2024\/07\/202205declaration-impots.jpg\",\"width\":800,\"height\":489},{\"@type\":\"BreadcrumbList\",\"@id\":\"https:\/\/vosgesinfo.fr\/gerardmerinfo\/2022\/05\/vosges-impots-dernier-delai-soir-a-minuit-declaration-papier\/#breadcrumb\",\"itemListElement\":[{\"@type\":\"ListItem\",\"position\":1,\"name\":\"Home\",\"item\":\"https:\/\/vosgesinfo.fr\/gerardmerinfo\/\"},{\"@type\":\"ListItem\",\"position\":2,\"name\":\"Vosges \u2013 Imp\u00f4ts : dernier d\u00e9lai ce soir \u00e0 minuit pour la d\u00e9claration papier\"}]},{\"@type\":\"WebSite\",\"@id\":\"https:\/\/vosgesinfo.fr\/gerardmerinfo\/#website\",\"url\":\"https:\/\/vosgesinfo.fr\/gerardmerinfo\/\",\"name\":\"Gerardmer Info\",\"description\":\"Toute l&#039;actualit\u00e9 de G\u00e9rardmer\",\"publisher\":{\"@id\":\"https:\/\/vosgesinfo.fr\/gerardmerinfo\/#organization\"},\"alternateName\":\"Toute l'actualit\u00e9 de G\u00e9rardmer\",\"potentialAction\":[{\"@type\":\"SearchAction\",\"target\":{\"@type\":\"EntryPoint\",\"urlTemplate\":\"https:\/\/vosgesinfo.fr\/gerardmerinfo\/?s={search_term_string}\"},\"query-input\":\"required name=search_term_string\"}],\"inLanguage\":\"fr-FR\"},{\"@type\":\"Organization\",\"@id\":\"https:\/\/vosgesinfo.fr\/gerardmerinfo\/#organization\",\"name\":\"Gerardmer Info\",\"url\":\"https:\/\/vosgesinfo.fr\/gerardmerinfo\/\",\"logo\":{\"@type\":\"ImageObject\",\"inLanguage\":\"fr-FR\",\"@id\":\"https:\/\/vosgesinfo.fr\/gerardmerinfo\/#\/schema\/logo\/image\/\",\"url\":\"https:\/\/vosgesinfo.fr\/app\/uploads\/sites\/6\/2023\/08\/favicon-gerardmerinfo.png\",\"contentUrl\":\"https:\/\/vosgesinfo.fr\/app\/uploads\/sites\/6\/2023\/08\/favicon-gerardmerinfo.png\",\"width\":512,\"height\":512,\"caption\":\"Gerardmer Info\"},\"image\":{\"@id\":\"https:\/\/vosgesinfo.fr\/gerardmerinfo\/#\/schema\/logo\/image\/\"},\"sameAs\":[\"https:\/\/www.facebook.com\/profile.php?id=100049475262660\",\"https:\/\/x.com\/VosgesInfo88\",\"https:\/\/www.youtube.com\/@vosgesinfo\"]},{\"@type\":\"Person\",\"@id\":\"https:\/\/vosgesinfo.fr\/gerardmerinfo\/#\/schema\/person\/bc5d02d71e6932e81b6dadb7386667b1\",\"name\":\"qs_admin\",\"image\":{\"@type\":\"ImageObject\",\"inLanguage\":\"fr-FR\",\"@id\":\"https:\/\/vosgesinfo.fr\/gerardmerinfo\/#\/schema\/person\/image\/\",\"url\":\"https:\/\/secure.gravatar.com\/avatar\/94b18ee0ed79e4a42ea2f2931277b6841a8999fc6fde214600c78057cf1fe1de?s=96&d=mm&r=g\",\"contentUrl\":\"https:\/\/secure.gravatar.com\/avatar\/94b18ee0ed79e4a42ea2f2931277b6841a8999fc6fde214600c78057cf1fe1de?s=96&d=mm&r=g\",\"caption\":\"qs_admin\"},\"sameAs\":[\"https:\/\/vosgesinfo.fr\/wp\"],\"url\":\"https:\/\/vosgesinfo.fr\/gerardmerinfo\/author\/qs_admin\/\"}]}<\/script>\n<!-- \/ Yoast SEO plugin. -->","yoast_head_json":{"title":"Vosges \u2013 Imp\u00f4ts : dernier d\u00e9lai ce soir \u00e0 minuit pour la d\u00e9claration papier - Gerardmer Info","robots":{"index":"index","follow":"follow","max-snippet":"max-snippet:-1","max-image-preview":"max-image-preview:large","max-video-preview":"max-video-preview:-1"},"canonical":"https:\/\/vosgesinfo.fr\/gerardmerinfo\/2022\/05\/vosges-impots-dernier-delai-soir-a-minuit-declaration-papier\/","twitter_card":"summary_large_image","twitter_title":"Vosges \u2013 Imp\u00f4ts : dernier d\u00e9lai ce soir \u00e0 minuit pour la d\u00e9claration papier - Gerardmer Info","twitter_description":"A minuit, il sera trop tard pour remplir sa d\u00e9claration d\u2019imp\u00f4ts 2021 pour certains contribuables. Selon le d\u00e9partement, la d\u00e9claration [&hellip;]","twitter_image":"https:\/\/vosgesinfo.fr\/app\/uploads\/sites\/6\/2024\/07\/202205declaration-impots.jpg","twitter_creator":"@VosgesInfo88","twitter_site":"@VosgesInfo88","twitter_misc":{"\u00c9crit par":"qs_admin"},"schema":{"@context":"https:\/\/schema.org","@graph":[{"@type":"Article","@id":"https:\/\/vosgesinfo.fr\/gerardmerinfo\/2022\/05\/vosges-impots-dernier-delai-soir-a-minuit-declaration-papier\/#article","isPartOf":{"@id":"https:\/\/vosgesinfo.fr\/gerardmerinfo\/2022\/05\/vosges-impots-dernier-delai-soir-a-minuit-declaration-papier\/"},"author":{"name":"qs_admin","@id":"https:\/\/vosgesinfo.fr\/gerardmerinfo\/#\/schema\/person\/bc5d02d71e6932e81b6dadb7386667b1"},"headline":"Vosges \u2013 Imp\u00f4ts : dernier d\u00e9lai ce soir \u00e0 minuit pour la d\u00e9claration papier","datePublished":"2022-05-31T11:57:04+00:00","dateModified":"2022-05-31T11:57:04+00:00","mainEntityOfPage":{"@id":"https:\/\/vosgesinfo.fr\/gerardmerinfo\/2022\/05\/vosges-impots-dernier-delai-soir-a-minuit-declaration-papier\/"},"wordCount":112,"commentCount":0,"publisher":{"@id":"https:\/\/vosgesinfo.fr\/gerardmerinfo\/#organization"},"image":{"@id":"https:\/\/vosgesinfo.fr\/gerardmerinfo\/2022\/05\/vosges-impots-dernier-delai-soir-a-minuit-declaration-papier\/#primaryimage"},"thumbnailUrl":"https:\/\/vosgesinfo.fr\/app\/uploads\/sites\/6\/2024\/07\/202205declaration-impots.jpg","keywords":["impots"],"articleSection":["A la une","Soci\u00e9t\u00e9","Vosges"],"inLanguage":"fr-FR","potentialAction":[{"@type":"CommentAction","name":"Comment","target":["https:\/\/vosgesinfo.fr\/gerardmerinfo\/2022\/05\/vosges-impots-dernier-delai-soir-a-minuit-declaration-papier\/#respond"]}]},{"@type":"WebPage","@id":"https:\/\/vosgesinfo.fr\/gerardmerinfo\/2022\/05\/vosges-impots-dernier-delai-soir-a-minuit-declaration-papier\/","url":"https:\/\/vosgesinfo.fr\/gerardmerinfo\/2022\/05\/vosges-impots-dernier-delai-soir-a-minuit-declaration-papier\/","name":"Vosges \u2013 Imp\u00f4ts : dernier d\u00e9lai ce soir \u00e0 minuit pour la d\u00e9claration papier - Gerardmer Info","isPartOf":{"@id":"https:\/\/vosgesinfo.fr\/gerardmerinfo\/#website"},"primaryImageOfPage":{"@id":"https:\/\/vosgesinfo.fr\/gerardmerinfo\/2022\/05\/vosges-impots-dernier-delai-soir-a-minuit-declaration-papier\/#primaryimage"},"image":{"@id":"https:\/\/vosgesinfo.fr\/gerardmerinfo\/2022\/05\/vosges-impots-dernier-delai-soir-a-minuit-declaration-papier\/#primaryimage"},"thumbnailUrl":"https:\/\/vosgesinfo.fr\/app\/uploads\/sites\/6\/2024\/07\/202205declaration-impots.jpg","datePublished":"2022-05-31T11:57:04+00:00","dateModified":"2022-05-31T11:57:04+00:00","breadcrumb":{"@id":"https:\/\/vosgesinfo.fr\/gerardmerinfo\/2022\/05\/vosges-impots-dernier-delai-soir-a-minuit-declaration-papier\/#breadcrumb"},"inLanguage":"fr-FR","potentialAction":[{"@type":"ReadAction","target":["https:\/\/vosgesinfo.fr\/gerardmerinfo\/2022\/05\/vosges-impots-dernier-delai-soir-a-minuit-declaration-papier\/"]}]},{"@type":"ImageObject","inLanguage":"fr-FR","@id":"https:\/\/vosgesinfo.fr\/gerardmerinfo\/2022\/05\/vosges-impots-dernier-delai-soir-a-minuit-declaration-papier\/#primaryimage","url":"https:\/\/vosgesinfo.fr\/app\/uploads\/sites\/6\/2024\/07\/202205declaration-impots.jpg","contentUrl":"https:\/\/vosgesinfo.fr\/app\/uploads\/sites\/6\/2024\/07\/202205declaration-impots.jpg","width":800,"height":489},{"@type":"BreadcrumbList","@id":"https:\/\/vosgesinfo.fr\/gerardmerinfo\/2022\/05\/vosges-impots-dernier-delai-soir-a-minuit-declaration-papier\/#breadcrumb","itemListElement":[{"@type":"ListItem","position":1,"name":"Home","item":"https:\/\/vosgesinfo.fr\/gerardmerinfo\/"},{"@type":"ListItem","position":2,"name":"Vosges \u2013 Imp\u00f4ts : dernier d\u00e9lai ce soir \u00e0 minuit pour la d\u00e9claration papier"}]},{"@type":"WebSite","@id":"https:\/\/vosgesinfo.fr\/gerardmerinfo\/#website","url":"https:\/\/vosgesinfo.fr\/gerardmerinfo\/","name":"Gerardmer Info","description":"Toute l&#039;actualit\u00e9 de G\u00e9rardmer","publisher":{"@id":"https:\/\/vosgesinfo.fr\/gerardmerinfo\/#organization"},"alternateName":"Toute l'actualit\u00e9 de G\u00e9rardmer","potentialAction":[{"@type":"SearchAction","target":{"@type":"EntryPoint","urlTemplate":"https:\/\/vosgesinfo.fr\/gerardmerinfo\/?s={search_term_string}"},"query-input":"required name=search_term_string"}],"inLanguage":"fr-FR"},{"@type":"Organization","@id":"https:\/\/vosgesinfo.fr\/gerardmerinfo\/#organization","name":"Gerardmer Info","url":"https:\/\/vosgesinfo.fr\/gerardmerinfo\/","logo":{"@type":"ImageObject","inLanguage":"fr-FR","@id":"https:\/\/vosgesinfo.fr\/gerardmerinfo\/#\/schema\/logo\/image\/","url":"https:\/\/vosgesinfo.fr\/app\/uploads\/sites\/6\/2023\/08\/favicon-gerardmerinfo.png","contentUrl":"https:\/\/vosgesinfo.fr\/app\/uploads\/sites\/6\/2023\/08\/favicon-gerardmerinfo.png","width":512,"height":512,"caption":"Gerardmer Info"},"image":{"@id":"https:\/\/vosgesinfo.fr\/gerardmerinfo\/#\/schema\/logo\/image\/"},"sameAs":["https:\/\/www.facebook.com\/profile.php?id=100049475262660","https:\/\/x.com\/VosgesInfo88","https:\/\/www.youtube.com\/@vosgesinfo"]},{"@type":"Person","@id":"https:\/\/vosgesinfo.fr\/gerardmerinfo\/#\/schema\/person\/bc5d02d71e6932e81b6dadb7386667b1","name":"qs_admin","image":{"@type":"ImageObject","inLanguage":"fr-FR","@id":"https:\/\/vosgesinfo.fr\/gerardmerinfo\/#\/schema\/person\/image\/","url":"https:\/\/secure.gravatar.com\/avatar\/94b18ee0ed79e4a42ea2f2931277b6841a8999fc6fde214600c78057cf1fe1de?s=96&d=mm&r=g","contentUrl":"https:\/\/secure.gravatar.com\/avatar\/94b18ee0ed79e4a42ea2f2931277b6841a8999fc6fde214600c78057cf1fe1de?s=96&d=mm&r=g","caption":"qs_admin"},"sameAs":["https:\/\/vosgesinfo.fr\/wp"],"url":"https:\/\/vosgesinfo.fr\/gerardmerinfo\/author\/qs_admin\/"}]}},"_links":{"self":[{"href":"https:\/\/vosgesinfo.fr\/gerardmerinfo\/wp-json\/wp\/v2\/posts\/59372","targetHints":{"allow":["GET"]}}],"collection":[{"href":"https:\/\/vosgesinfo.fr\/gerardmerinfo\/wp-json\/wp\/v2\/posts"}],"about":[{"href":"https:\/\/vosgesinfo.fr\/gerardmerinfo\/wp-json\/wp\/v2\/types\/post"}],"author":[{"embeddable":true,"href":"https:\/\/vosgesinfo.fr\/gerardmerinfo\/wp-json\/wp\/v2\/users\/1"}],"replies":[{"embeddable":true,"href":"https:\/\/vosgesinfo.fr\/gerardmerinfo\/wp-json\/wp\/v2\/comments?post=59372"}],"version-history":[{"count":0,"href":"https:\/\/vosgesinfo.fr\/gerardmerinfo\/wp-json\/wp\/v2\/posts\/59372\/revisions"}],"wp:featuredmedia":[{"embeddable":true,"href":"https:\/\/vosgesinfo.fr\/gerardmerinfo\/wp-json\/wp\/v2\/media\/59373"}],"wp:attachment":[{"href":"https:\/\/vosgesinfo.fr\/gerardmerinfo\/wp-json\/wp\/v2\/media?parent=59372"}],"wp:term":[{"taxonomy":"category","embeddable":true,"href":"https:\/\/vosgesinfo.fr\/gerardmerinfo\/wp-json\/wp\/v2\/categories?post=59372"},{"taxonomy":"post_tag","embeddable":true,"href":"https:\/\/vosgesinfo.fr\/gerardmerinfo\/wp-json\/wp\/v2\/tags?post=59372"}],"curies":[{"name":"wp","href":"https:\/\/api.w.org\/{rel}","templated":true}]}}