{"id":59386,"date":"2022-06-01T04:00:49","date_gmt":"2022-06-01T02:00:49","guid":{"rendered":"https:\/\/vosgesinfo.fr\/gerardmerinfo\/2022\/06\/canoe-kayak-didier-cacher-deux-autres\/"},"modified":"2022-06-01T04:00:49","modified_gmt":"2022-06-01T02:00:49","slug":"canoe-kayak-didier-cacher-deux-autres","status":"publish","type":"post","link":"https:\/\/vosgesinfo.fr\/gerardmerinfo\/2022\/06\/canoe-kayak-didier-cacher-deux-autres\/","title":{"rendered":"Cano\u00eb-Kayak : un DIDIER peut en cacher\u2026 Deux autres !"},"content":{"rendered":"<div id=\"attachment_190152\" style=\"width: 970px\" class=\"wp-caption aligncenter\"><a href=\"\/2022\/05\/Evan-DIDIER-\u00e0-droite-3\u00e8me-en-U11.jpg\"><img decoding=\"async\" aria-describedby=\"caption-attachment-190152\" class=\"size-large wp-image-190152\" src=\"\/2022\/05\/Evan-DIDIER-\u00e0-droite-3\u00e8me-en-U11-1024x498.jpg\" alt=\"Evan DIDIER (\u00e0 droite), 3\u00e8me en U11\" width=\"960\" height=\"467\" \/><\/a><p id=\"caption-attachment-190152\" class=\"wp-caption-text\">Evan DIDIER (\u00e0 droite), 3\u00e8me en U11<\/p><\/div>\n<p>&nbsp;<\/p>\n<p><a href=\"\/2022\/05\/IMG_20220531_224417_107.jpg\"><img decoding=\"async\" class=\"alignright  wp-image-190154\" src=\"\/2022\/05\/IMG_20220531_224417_107-575x1024.jpg\" alt=\"kayak Didier\" width=\"300\" height=\"535\" \/><\/a><\/p>\n<p>Le week-end des 28 et 29 mai s\u2019est d\u00e9roul\u00e9 le Championnat Grand-Est U11 et U14 de cano\u00eb-kayak sur le bassin international de Metz. L\u2019occasion pour les meilleurs jeunes kayakistes de la r\u00e9gion de se confronter lors d\u2019un challenge multi-activit\u00e9s : aisance en eau-vive, descente de rivi\u00e8re, slalom, kayak Xtrem et m\u00eame course \u00e0 pied. Une rencontre sportive qui a \u00e9galement permis aux cadres r\u00e9gionaux de rep\u00e9rer les plus performants parmi les jeunes espoirs et d\u2019envisager de les faire concourir au niveau national.<\/p>\n<p>Deux repr\u00e9sentants g\u00e9r\u00f4mois avaient \u00e9t\u00e9 s\u00e9lectionn\u00e9s pour participer \u00e0 cet \u00e9v\u00e9nement. Et si on connaissait d\u00e9j\u00e0 l\u2019a\u00een\u00e9 de la fratrie DIDIER, Th\u00e9o, d\u00e9j\u00e0 multim\u00e9daill\u00e9 national du haut de ses seize ans, c\u2019est cette fois-ci sur L\u00e9onie et Evan que les regards se sont port\u00e9s. Tous deux excellents techniciens pour leur \u00e2ge et tr\u00e8s vifs dans les rapides, ils ont su tirer leur \u00e9pingle du jeu, Evan s\u2019octroyant la 3\u00e8me place en U11 homme quand sa grande s\u0153ur termine au pied du podium en U14 dame.<\/p>\n<p>Un week-end r\u00e9ussi pour les deux jeunes g\u00e9r\u00f4mois qui continuent leur progression et qui nous font dire que l\u2019on entendra encore parler des kayakistes de la famille DIDIER dans les ann\u00e9es \u00e0 venir.<\/p>\n<p>&nbsp;<\/p>\n<p>Nicolas RUMEAU<\/p>\n<p><a href=\"\/2022\/05\/IMG_20220531_224432_950.jpg\"><img decoding=\"async\" class=\"aligncenter size-full wp-image-190153\" src=\"\/2022\/05\/IMG_20220531_224432_950.jpg\" alt=\"Kayak\" width=\"750\" height=\"422\" \/><\/a><\/p>\n","protected":false},"excerpt":{"rendered":"<p>&nbsp; Le week-end des 28 et 29 mai s\u2019est d\u00e9roul\u00e9 le Championnat Grand-Est U11 et U14 de cano\u00eb-kayak sur le [&hellip;]<\/p>\n","protected":false},"author":1,"featured_media":59387,"comment_status":"open","ping_status":"open","sticky":false,"template":"","format":"standard","meta":{"footnotes":""},"categories":[20,25,14],"tags":[],"class_list":["post-59386","post","type-post","status-publish","format-standard","has-post-thumbnail","hentry","category-a-la-une","category-gerardmer","category-sport"],"acf":[],"yoast_head":"<!-- This site is optimized with the Yoast SEO plugin v22.5 - https:\/\/yoast.com\/wordpress\/plugins\/seo\/ -->\n<title>Cano\u00eb-Kayak : un DIDIER peut en cacher\u2026 Deux autres ! - Gerardmer Info<\/title>\n<meta name=\"robots\" content=\"index, follow, max-snippet:-1, max-image-preview:large, max-video-preview:-1\" \/>\n<link rel=\"canonical\" href=\"https:\/\/vosgesinfo.fr\/gerardmerinfo\/2022\/06\/canoe-kayak-didier-cacher-deux-autres\/\" \/>\n<meta name=\"twitter:card\" content=\"summary_large_image\" \/>\n<meta name=\"twitter:title\" content=\"Cano\u00eb-Kayak : un DIDIER peut en cacher\u2026 Deux autres ! - Gerardmer Info\" \/>\n<meta name=\"twitter:description\" content=\"&nbsp; Le week-end des 28 et 29 mai s\u2019est d\u00e9roul\u00e9 le Championnat Grand-Est U11 et U14 de cano\u00eb-kayak sur le [&hellip;]\" \/>\n<meta name=\"twitter:image\" content=\"https:\/\/vosgesinfo.fr\/app\/uploads\/sites\/6\/2024\/07\/202205img-20220531-224432-950.jpg\" \/>\n<meta name=\"twitter:creator\" content=\"@VosgesInfo88\" \/>\n<meta name=\"twitter:site\" content=\"@VosgesInfo88\" \/>\n<meta name=\"twitter:label1\" content=\"\u00c9crit par\" \/>\n\t<meta name=\"twitter:data1\" content=\"qs_admin\" \/>\n\t<meta name=\"twitter:label2\" content=\"Dur\u00e9e de lecture estim\u00e9e\" \/>\n\t<meta name=\"twitter:data2\" content=\"1 minute\" \/>\n<script type=\"application\/ld+json\" class=\"yoast-schema-graph\">{\"@context\":\"https:\/\/schema.org\",\"@graph\":[{\"@type\":\"Article\",\"@id\":\"https:\/\/vosgesinfo.fr\/gerardmerinfo\/2022\/06\/canoe-kayak-didier-cacher-deux-autres\/#article\",\"isPartOf\":{\"@id\":\"https:\/\/vosgesinfo.fr\/gerardmerinfo\/2022\/06\/canoe-kayak-didier-cacher-deux-autres\/\"},\"author\":{\"name\":\"qs_admin\",\"@id\":\"https:\/\/vosgesinfo.fr\/gerardmerinfo\/#\/schema\/person\/bc5d02d71e6932e81b6dadb7386667b1\"},\"headline\":\"Cano\u00eb-Kayak : un DIDIER peut en cacher\u2026 Deux autres !\",\"datePublished\":\"2022-06-01T02:00:49+00:00\",\"dateModified\":\"2022-06-01T02:00:49+00:00\",\"mainEntityOfPage\":{\"@id\":\"https:\/\/vosgesinfo.fr\/gerardmerinfo\/2022\/06\/canoe-kayak-didier-cacher-deux-autres\/\"},\"wordCount\":255,\"commentCount\":0,\"publisher\":{\"@id\":\"https:\/\/vosgesinfo.fr\/gerardmerinfo\/#organization\"},\"image\":{\"@id\":\"https:\/\/vosgesinfo.fr\/gerardmerinfo\/2022\/06\/canoe-kayak-didier-cacher-deux-autres\/#primaryimage\"},\"thumbnailUrl\":\"https:\/\/vosgesinfo.fr\/app\/uploads\/sites\/6\/2024\/07\/202205img-20220531-224432-950.jpg\",\"articleSection\":[\"A la une\",\"G\u00e9rardmer\",\"Sport\"],\"inLanguage\":\"fr-FR\",\"potentialAction\":[{\"@type\":\"CommentAction\",\"name\":\"Comment\",\"target\":[\"https:\/\/vosgesinfo.fr\/gerardmerinfo\/2022\/06\/canoe-kayak-didier-cacher-deux-autres\/#respond\"]}]},{\"@type\":\"WebPage\",\"@id\":\"https:\/\/vosgesinfo.fr\/gerardmerinfo\/2022\/06\/canoe-kayak-didier-cacher-deux-autres\/\",\"url\":\"https:\/\/vosgesinfo.fr\/gerardmerinfo\/2022\/06\/canoe-kayak-didier-cacher-deux-autres\/\",\"name\":\"Cano\u00eb-Kayak : un DIDIER peut en cacher\u2026 Deux autres ! - Gerardmer Info\",\"isPartOf\":{\"@id\":\"https:\/\/vosgesinfo.fr\/gerardmerinfo\/#website\"},\"primaryImageOfPage\":{\"@id\":\"https:\/\/vosgesinfo.fr\/gerardmerinfo\/2022\/06\/canoe-kayak-didier-cacher-deux-autres\/#primaryimage\"},\"image\":{\"@id\":\"https:\/\/vosgesinfo.fr\/gerardmerinfo\/2022\/06\/canoe-kayak-didier-cacher-deux-autres\/#primaryimage\"},\"thumbnailUrl\":\"https:\/\/vosgesinfo.fr\/app\/uploads\/sites\/6\/2024\/07\/202205img-20220531-224432-950.jpg\",\"datePublished\":\"2022-06-01T02:00:49+00:00\",\"dateModified\":\"2022-06-01T02:00:49+00:00\",\"breadcrumb\":{\"@id\":\"https:\/\/vosgesinfo.fr\/gerardmerinfo\/2022\/06\/canoe-kayak-didier-cacher-deux-autres\/#breadcrumb\"},\"inLanguage\":\"fr-FR\",\"potentialAction\":[{\"@type\":\"ReadAction\",\"target\":[\"https:\/\/vosgesinfo.fr\/gerardmerinfo\/2022\/06\/canoe-kayak-didier-cacher-deux-autres\/\"]}]},{\"@type\":\"ImageObject\",\"inLanguage\":\"fr-FR\",\"@id\":\"https:\/\/vosgesinfo.fr\/gerardmerinfo\/2022\/06\/canoe-kayak-didier-cacher-deux-autres\/#primaryimage\",\"url\":\"https:\/\/vosgesinfo.fr\/app\/uploads\/sites\/6\/2024\/07\/202205img-20220531-224432-950.jpg\",\"contentUrl\":\"https:\/\/vosgesinfo.fr\/app\/uploads\/sites\/6\/2024\/07\/202205img-20220531-224432-950.jpg\",\"width\":750,\"height\":422},{\"@type\":\"BreadcrumbList\",\"@id\":\"https:\/\/vosgesinfo.fr\/gerardmerinfo\/2022\/06\/canoe-kayak-didier-cacher-deux-autres\/#breadcrumb\",\"itemListElement\":[{\"@type\":\"ListItem\",\"position\":1,\"name\":\"Home\",\"item\":\"https:\/\/vosgesinfo.fr\/gerardmerinfo\/\"},{\"@type\":\"ListItem\",\"position\":2,\"name\":\"Cano\u00eb-Kayak : un DIDIER peut en cacher\u2026 Deux autres !\"}]},{\"@type\":\"WebSite\",\"@id\":\"https:\/\/vosgesinfo.fr\/gerardmerinfo\/#website\",\"url\":\"https:\/\/vosgesinfo.fr\/gerardmerinfo\/\",\"name\":\"Gerardmer Info\",\"description\":\"Toute l&#039;actualit\u00e9 de G\u00e9rardmer\",\"publisher\":{\"@id\":\"https:\/\/vosgesinfo.fr\/gerardmerinfo\/#organization\"},\"alternateName\":\"Toute l'actualit\u00e9 de G\u00e9rardmer\",\"potentialAction\":[{\"@type\":\"SearchAction\",\"target\":{\"@type\":\"EntryPoint\",\"urlTemplate\":\"https:\/\/vosgesinfo.fr\/gerardmerinfo\/?s={search_term_string}\"},\"query-input\":\"required name=search_term_string\"}],\"inLanguage\":\"fr-FR\"},{\"@type\":\"Organization\",\"@id\":\"https:\/\/vosgesinfo.fr\/gerardmerinfo\/#organization\",\"name\":\"Gerardmer Info\",\"url\":\"https:\/\/vosgesinfo.fr\/gerardmerinfo\/\",\"logo\":{\"@type\":\"ImageObject\",\"inLanguage\":\"fr-FR\",\"@id\":\"https:\/\/vosgesinfo.fr\/gerardmerinfo\/#\/schema\/logo\/image\/\",\"url\":\"https:\/\/vosgesinfo.fr\/app\/uploads\/sites\/6\/2023\/08\/favicon-gerardmerinfo.png\",\"contentUrl\":\"https:\/\/vosgesinfo.fr\/app\/uploads\/sites\/6\/2023\/08\/favicon-gerardmerinfo.png\",\"width\":512,\"height\":512,\"caption\":\"Gerardmer Info\"},\"image\":{\"@id\":\"https:\/\/vosgesinfo.fr\/gerardmerinfo\/#\/schema\/logo\/image\/\"},\"sameAs\":[\"https:\/\/www.facebook.com\/profile.php?id=100049475262660\",\"https:\/\/x.com\/VosgesInfo88\",\"https:\/\/www.youtube.com\/@vosgesinfo\"]},{\"@type\":\"Person\",\"@id\":\"https:\/\/vosgesinfo.fr\/gerardmerinfo\/#\/schema\/person\/bc5d02d71e6932e81b6dadb7386667b1\",\"name\":\"qs_admin\",\"image\":{\"@type\":\"ImageObject\",\"inLanguage\":\"fr-FR\",\"@id\":\"https:\/\/vosgesinfo.fr\/gerardmerinfo\/#\/schema\/person\/image\/\",\"url\":\"https:\/\/secure.gravatar.com\/avatar\/94b18ee0ed79e4a42ea2f2931277b6841a8999fc6fde214600c78057cf1fe1de?s=96&d=mm&r=g\",\"contentUrl\":\"https:\/\/secure.gravatar.com\/avatar\/94b18ee0ed79e4a42ea2f2931277b6841a8999fc6fde214600c78057cf1fe1de?s=96&d=mm&r=g\",\"caption\":\"qs_admin\"},\"sameAs\":[\"https:\/\/vosgesinfo.fr\/wp\"],\"url\":\"https:\/\/vosgesinfo.fr\/gerardmerinfo\/author\/qs_admin\/\"}]}<\/script>\n<!-- \/ Yoast SEO plugin. -->","yoast_head_json":{"title":"Cano\u00eb-Kayak : un DIDIER peut en cacher\u2026 Deux autres ! - Gerardmer Info","robots":{"index":"index","follow":"follow","max-snippet":"max-snippet:-1","max-image-preview":"max-image-preview:large","max-video-preview":"max-video-preview:-1"},"canonical":"https:\/\/vosgesinfo.fr\/gerardmerinfo\/2022\/06\/canoe-kayak-didier-cacher-deux-autres\/","twitter_card":"summary_large_image","twitter_title":"Cano\u00eb-Kayak : un DIDIER peut en cacher\u2026 Deux autres ! - Gerardmer Info","twitter_description":"&nbsp; Le week-end des 28 et 29 mai s\u2019est d\u00e9roul\u00e9 le Championnat Grand-Est U11 et U14 de cano\u00eb-kayak sur le [&hellip;]","twitter_image":"https:\/\/vosgesinfo.fr\/app\/uploads\/sites\/6\/2024\/07\/202205img-20220531-224432-950.jpg","twitter_creator":"@VosgesInfo88","twitter_site":"@VosgesInfo88","twitter_misc":{"\u00c9crit par":"qs_admin","Dur\u00e9e de lecture estim\u00e9e":"1 minute"},"schema":{"@context":"https:\/\/schema.org","@graph":[{"@type":"Article","@id":"https:\/\/vosgesinfo.fr\/gerardmerinfo\/2022\/06\/canoe-kayak-didier-cacher-deux-autres\/#article","isPartOf":{"@id":"https:\/\/vosgesinfo.fr\/gerardmerinfo\/2022\/06\/canoe-kayak-didier-cacher-deux-autres\/"},"author":{"name":"qs_admin","@id":"https:\/\/vosgesinfo.fr\/gerardmerinfo\/#\/schema\/person\/bc5d02d71e6932e81b6dadb7386667b1"},"headline":"Cano\u00eb-Kayak : un DIDIER peut en cacher\u2026 Deux autres !","datePublished":"2022-06-01T02:00:49+00:00","dateModified":"2022-06-01T02:00:49+00:00","mainEntityOfPage":{"@id":"https:\/\/vosgesinfo.fr\/gerardmerinfo\/2022\/06\/canoe-kayak-didier-cacher-deux-autres\/"},"wordCount":255,"commentCount":0,"publisher":{"@id":"https:\/\/vosgesinfo.fr\/gerardmerinfo\/#organization"},"image":{"@id":"https:\/\/vosgesinfo.fr\/gerardmerinfo\/2022\/06\/canoe-kayak-didier-cacher-deux-autres\/#primaryimage"},"thumbnailUrl":"https:\/\/vosgesinfo.fr\/app\/uploads\/sites\/6\/2024\/07\/202205img-20220531-224432-950.jpg","articleSection":["A la une","G\u00e9rardmer","Sport"],"inLanguage":"fr-FR","potentialAction":[{"@type":"CommentAction","name":"Comment","target":["https:\/\/vosgesinfo.fr\/gerardmerinfo\/2022\/06\/canoe-kayak-didier-cacher-deux-autres\/#respond"]}]},{"@type":"WebPage","@id":"https:\/\/vosgesinfo.fr\/gerardmerinfo\/2022\/06\/canoe-kayak-didier-cacher-deux-autres\/","url":"https:\/\/vosgesinfo.fr\/gerardmerinfo\/2022\/06\/canoe-kayak-didier-cacher-deux-autres\/","name":"Cano\u00eb-Kayak : un DIDIER peut en cacher\u2026 Deux autres ! - Gerardmer Info","isPartOf":{"@id":"https:\/\/vosgesinfo.fr\/gerardmerinfo\/#website"},"primaryImageOfPage":{"@id":"https:\/\/vosgesinfo.fr\/gerardmerinfo\/2022\/06\/canoe-kayak-didier-cacher-deux-autres\/#primaryimage"},"image":{"@id":"https:\/\/vosgesinfo.fr\/gerardmerinfo\/2022\/06\/canoe-kayak-didier-cacher-deux-autres\/#primaryimage"},"thumbnailUrl":"https:\/\/vosgesinfo.fr\/app\/uploads\/sites\/6\/2024\/07\/202205img-20220531-224432-950.jpg","datePublished":"2022-06-01T02:00:49+00:00","dateModified":"2022-06-01T02:00:49+00:00","breadcrumb":{"@id":"https:\/\/vosgesinfo.fr\/gerardmerinfo\/2022\/06\/canoe-kayak-didier-cacher-deux-autres\/#breadcrumb"},"inLanguage":"fr-FR","potentialAction":[{"@type":"ReadAction","target":["https:\/\/vosgesinfo.fr\/gerardmerinfo\/2022\/06\/canoe-kayak-didier-cacher-deux-autres\/"]}]},{"@type":"ImageObject","inLanguage":"fr-FR","@id":"https:\/\/vosgesinfo.fr\/gerardmerinfo\/2022\/06\/canoe-kayak-didier-cacher-deux-autres\/#primaryimage","url":"https:\/\/vosgesinfo.fr\/app\/uploads\/sites\/6\/2024\/07\/202205img-20220531-224432-950.jpg","contentUrl":"https:\/\/vosgesinfo.fr\/app\/uploads\/sites\/6\/2024\/07\/202205img-20220531-224432-950.jpg","width":750,"height":422},{"@type":"BreadcrumbList","@id":"https:\/\/vosgesinfo.fr\/gerardmerinfo\/2022\/06\/canoe-kayak-didier-cacher-deux-autres\/#breadcrumb","itemListElement":[{"@type":"ListItem","position":1,"name":"Home","item":"https:\/\/vosgesinfo.fr\/gerardmerinfo\/"},{"@type":"ListItem","position":2,"name":"Cano\u00eb-Kayak : un DIDIER peut en cacher\u2026 Deux autres !"}]},{"@type":"WebSite","@id":"https:\/\/vosgesinfo.fr\/gerardmerinfo\/#website","url":"https:\/\/vosgesinfo.fr\/gerardmerinfo\/","name":"Gerardmer Info","description":"Toute l&#039;actualit\u00e9 de G\u00e9rardmer","publisher":{"@id":"https:\/\/vosgesinfo.fr\/gerardmerinfo\/#organization"},"alternateName":"Toute l'actualit\u00e9 de G\u00e9rardmer","potentialAction":[{"@type":"SearchAction","target":{"@type":"EntryPoint","urlTemplate":"https:\/\/vosgesinfo.fr\/gerardmerinfo\/?s={search_term_string}"},"query-input":"required name=search_term_string"}],"inLanguage":"fr-FR"},{"@type":"Organization","@id":"https:\/\/vosgesinfo.fr\/gerardmerinfo\/#organization","name":"Gerardmer Info","url":"https:\/\/vosgesinfo.fr\/gerardmerinfo\/","logo":{"@type":"ImageObject","inLanguage":"fr-FR","@id":"https:\/\/vosgesinfo.fr\/gerardmerinfo\/#\/schema\/logo\/image\/","url":"https:\/\/vosgesinfo.fr\/app\/uploads\/sites\/6\/2023\/08\/favicon-gerardmerinfo.png","contentUrl":"https:\/\/vosgesinfo.fr\/app\/uploads\/sites\/6\/2023\/08\/favicon-gerardmerinfo.png","width":512,"height":512,"caption":"Gerardmer Info"},"image":{"@id":"https:\/\/vosgesinfo.fr\/gerardmerinfo\/#\/schema\/logo\/image\/"},"sameAs":["https:\/\/www.facebook.com\/profile.php?id=100049475262660","https:\/\/x.com\/VosgesInfo88","https:\/\/www.youtube.com\/@vosgesinfo"]},{"@type":"Person","@id":"https:\/\/vosgesinfo.fr\/gerardmerinfo\/#\/schema\/person\/bc5d02d71e6932e81b6dadb7386667b1","name":"qs_admin","image":{"@type":"ImageObject","inLanguage":"fr-FR","@id":"https:\/\/vosgesinfo.fr\/gerardmerinfo\/#\/schema\/person\/image\/","url":"https:\/\/secure.gravatar.com\/avatar\/94b18ee0ed79e4a42ea2f2931277b6841a8999fc6fde214600c78057cf1fe1de?s=96&d=mm&r=g","contentUrl":"https:\/\/secure.gravatar.com\/avatar\/94b18ee0ed79e4a42ea2f2931277b6841a8999fc6fde214600c78057cf1fe1de?s=96&d=mm&r=g","caption":"qs_admin"},"sameAs":["https:\/\/vosgesinfo.fr\/wp"],"url":"https:\/\/vosgesinfo.fr\/gerardmerinfo\/author\/qs_admin\/"}]}},"_links":{"self":[{"href":"https:\/\/vosgesinfo.fr\/gerardmerinfo\/wp-json\/wp\/v2\/posts\/59386","targetHints":{"allow":["GET"]}}],"collection":[{"href":"https:\/\/vosgesinfo.fr\/gerardmerinfo\/wp-json\/wp\/v2\/posts"}],"about":[{"href":"https:\/\/vosgesinfo.fr\/gerardmerinfo\/wp-json\/wp\/v2\/types\/post"}],"author":[{"embeddable":true,"href":"https:\/\/vosgesinfo.fr\/gerardmerinfo\/wp-json\/wp\/v2\/users\/1"}],"replies":[{"embeddable":true,"href":"https:\/\/vosgesinfo.fr\/gerardmerinfo\/wp-json\/wp\/v2\/comments?post=59386"}],"version-history":[{"count":0,"href":"https:\/\/vosgesinfo.fr\/gerardmerinfo\/wp-json\/wp\/v2\/posts\/59386\/revisions"}],"wp:featuredmedia":[{"embeddable":true,"href":"https:\/\/vosgesinfo.fr\/gerardmerinfo\/wp-json\/wp\/v2\/media\/59387"}],"wp:attachment":[{"href":"https:\/\/vosgesinfo.fr\/gerardmerinfo\/wp-json\/wp\/v2\/media?parent=59386"}],"wp:term":[{"taxonomy":"category","embeddable":true,"href":"https:\/\/vosgesinfo.fr\/gerardmerinfo\/wp-json\/wp\/v2\/categories?post=59386"},{"taxonomy":"post_tag","embeddable":true,"href":"https:\/\/vosgesinfo.fr\/gerardmerinfo\/wp-json\/wp\/v2\/tags?post=59386"}],"curies":[{"name":"wp","href":"https:\/\/api.w.org\/{rel}","templated":true}]}}