{"id":59441,"date":"2022-06-03T08:11:39","date_gmt":"2022-06-03T06:11:39","guid":{"rendered":"https:\/\/vosgesinfo.fr\/gerardmerinfo\/2022\/06\/gerardmer-stations-ouverture-estivale\/"},"modified":"2022-06-03T08:11:39","modified_gmt":"2022-06-03T06:11:39","slug":"gerardmer-stations-ouverture-estivale","status":"publish","type":"post","link":"https:\/\/vosgesinfo.fr\/gerardmerinfo\/2022\/06\/gerardmer-stations-ouverture-estivale\/","title":{"rendered":"G\u00e9rardmer Stations : Ouverture estivale"},"content":{"rendered":"<p class=\"x_p3\"><span class=\"x_s3\"><b>Les domaines alpin et nordique de G\u00e9rardmer Stations vous accueillent tous les week-ends \u00e0 partir<\/b><\/span><span class=\"x_apple-converted-space\">\u00a0<\/span><span class=\"x_s3\"><b>du 4 Juin puis tous les jours d\u00e8s le 7 Juillet.<\/b><\/span><\/p>\n<p class=\"x_p3\"><span class=\"x_s2\"><a href=\"\/2022\/06\/Station-mauselaine-\u00e9t\u00e9-2022-AFFICHE-A3.jpg\"><img decoding=\"async\" class=\"alignright size-medium wp-image-190296\" src=\"\/2022\/06\/Station-mauselaine-\u00e9t\u00e9-2022-AFFICHE-A3-180x255.jpg\" alt=\"Station mauselaine \u00e9t\u00e9 2022 AFFICHE A3\" width=\"180\" height=\"255\" \/><\/a>Au programme cet \u00e9t\u00e9, d\u00e9couvrez ou red\u00e9couvrez de nombreuses activit\u00e9s : disc golf, swincar, Segway, VTT musculaire et \u00e9lectrique, trottinette \u00e9lectrique ou gravitaire, exposition photo<\/span><span class=\"x_s2\">s en plein air, tir \u00e0 l\u2019arc, Cani Rando, grimpe d\u2019arbre, air board, mini golf, moto \u00e9lectrique, quad \u00e9lectrique pour enfant ou encore initiation au biathlon\u2026<\/span><span class=\"x_apple-converted-space\">\u00a0<\/span><\/p>\n<p class=\"x_p3\"><span class=\"x_s2\">Cette ann\u00e9e, pour entamer la saison, retrouvez deux <\/span><span class=\"x_s2\">\u00e9v\u00e9nements sportifs : le 24HD et l\u2019Ultra mont\u00e9e du T\u00e9tras !<\/span><\/p>\n<p class=\"x_p3\"><span class=\"x_s2\">Retrouvez toutes les activit\u00e9s de G\u00e9rardmer Stations sur le site internet :<\/span><span class=\"x_apple-converted-space\">\u00a0<\/span><span class=\"x_s2\"><a href=\"https:\/\/www.gerardmer-ete.fr\/fr\/\" target=\"_blank\" rel=\"noopener noreferrer\" data-auth=\"NotApplicable\" data-linkindex=\"0\">https:\/\/www.gerardmer-ete.fr\/fr\/<\/a><\/span><\/p>\n<p class=\"x_p3\"><span class=\"x_s2\">Pour plus d\u2019informations :<\/span><span class=\"x_apple-converted-space\">\u00a0<\/span><\/p>\n<p class=\"x_p3\"><span class=\"x_s2\"><a href=\"mailto:info@ski-gerardmer.com\" target=\"_blank\" rel=\"noopener noreferrer\" data-auth=\"NotApplicable\" data-linkindex=\"1\">info@ski-gerardmer.com<\/a><\/span><\/p>\n<p class=\"x_p3\"><span class=\"x_s2\">03 29 60 04 05<\/span><\/p>\n<p class=\"x_p3\">\u00a0R<span class=\"x_s2\">\u00e9seaux sociaux :<\/span><span class=\"x_apple-converted-space\">\u00a0<\/span><\/p>\n<p class=\"x_p3\"><span class=\"x_s2\"><a href=\"https:\/\/www.instagram.com\/gerardmerski\/?hl=fr\" target=\"_blank\" rel=\"noopener noreferrer\" data-auth=\"NotApplicable\" data-linkindex=\"2\">https:\/\/www.instagram.com\/gerardmerski\/?hl=fr<\/a><\/span><\/p>\n<p class=\"x_p3\"><span class=\"x_s2\"><a href=\"https:\/\/www.facebook.com\/GerardmerSki\" target=\"_blank\" rel=\"noopener noreferrer\" data-auth=\"NotApplicable\" data-linkindex=\"3\">https:\/\/www.facebook.com\/GerardmerSki<\/a><\/span><\/p>\n","protected":false},"excerpt":{"rendered":"<p>Les domaines alpin et nordique de G\u00e9rardmer Stations vous accueillent tous les week-ends \u00e0 partir\u00a0du 4 Juin puis tous les [&hellip;]<\/p>\n","protected":false},"author":1,"featured_media":59442,"comment_status":"open","ping_status":"open","sticky":false,"template":"","format":"standard","meta":{"footnotes":""},"categories":[20,25,14,15],"tags":[],"class_list":["post-59441","post","type-post","status-publish","format-standard","has-post-thumbnail","hentry","category-a-la-une","category-gerardmer","category-sport","category-tourisme"],"acf":[],"yoast_head":"<!-- This site is optimized with the Yoast SEO plugin v22.5 - https:\/\/yoast.com\/wordpress\/plugins\/seo\/ -->\n<title>G\u00e9rardmer Stations : Ouverture estivale - Gerardmer Info<\/title>\n<meta name=\"robots\" content=\"index, follow, max-snippet:-1, max-image-preview:large, max-video-preview:-1\" \/>\n<link rel=\"canonical\" href=\"https:\/\/vosgesinfo.fr\/gerardmerinfo\/2022\/06\/gerardmer-stations-ouverture-estivale\/\" \/>\n<meta name=\"twitter:card\" content=\"summary_large_image\" \/>\n<meta name=\"twitter:title\" content=\"G\u00e9rardmer Stations : Ouverture estivale - Gerardmer Info\" \/>\n<meta name=\"twitter:description\" content=\"Les domaines alpin et nordique de G\u00e9rardmer Stations vous accueillent tous les week-ends \u00e0 partir\u00a0du 4 Juin puis tous les [&hellip;]\" \/>\n<meta name=\"twitter:image\" content=\"https:\/\/vosgesinfo.fr\/app\/uploads\/sites\/6\/2024\/07\/202206station-mauselaine-ete-2022-affiche-a3.jpg\" \/>\n<meta name=\"twitter:creator\" content=\"@VosgesInfo88\" \/>\n<meta name=\"twitter:site\" content=\"@VosgesInfo88\" \/>\n<meta name=\"twitter:label1\" content=\"\u00c9crit par\" \/>\n\t<meta name=\"twitter:data1\" content=\"qs_admin\" \/>\n\t<meta name=\"twitter:label2\" content=\"Dur\u00e9e de lecture estim\u00e9e\" \/>\n\t<meta name=\"twitter:data2\" content=\"1 minute\" \/>\n<script type=\"application\/ld+json\" class=\"yoast-schema-graph\">{\"@context\":\"https:\/\/schema.org\",\"@graph\":[{\"@type\":\"Article\",\"@id\":\"https:\/\/vosgesinfo.fr\/gerardmerinfo\/2022\/06\/gerardmer-stations-ouverture-estivale\/#article\",\"isPartOf\":{\"@id\":\"https:\/\/vosgesinfo.fr\/gerardmerinfo\/2022\/06\/gerardmer-stations-ouverture-estivale\/\"},\"author\":{\"name\":\"qs_admin\",\"@id\":\"https:\/\/vosgesinfo.fr\/gerardmerinfo\/#\/schema\/person\/bc5d02d71e6932e81b6dadb7386667b1\"},\"headline\":\"G\u00e9rardmer Stations : Ouverture estivale\",\"datePublished\":\"2022-06-03T06:11:39+00:00\",\"dateModified\":\"2022-06-03T06:11:39+00:00\",\"mainEntityOfPage\":{\"@id\":\"https:\/\/vosgesinfo.fr\/gerardmerinfo\/2022\/06\/gerardmer-stations-ouverture-estivale\/\"},\"wordCount\":146,\"commentCount\":0,\"publisher\":{\"@id\":\"https:\/\/vosgesinfo.fr\/gerardmerinfo\/#organization\"},\"image\":{\"@id\":\"https:\/\/vosgesinfo.fr\/gerardmerinfo\/2022\/06\/gerardmer-stations-ouverture-estivale\/#primaryimage\"},\"thumbnailUrl\":\"https:\/\/vosgesinfo.fr\/app\/uploads\/sites\/6\/2024\/07\/202206station-mauselaine-ete-2022-affiche-a3.jpg\",\"articleSection\":[\"A la une\",\"G\u00e9rardmer\",\"Sport\",\"Tourisme\"],\"inLanguage\":\"fr-FR\",\"potentialAction\":[{\"@type\":\"CommentAction\",\"name\":\"Comment\",\"target\":[\"https:\/\/vosgesinfo.fr\/gerardmerinfo\/2022\/06\/gerardmer-stations-ouverture-estivale\/#respond\"]}]},{\"@type\":\"WebPage\",\"@id\":\"https:\/\/vosgesinfo.fr\/gerardmerinfo\/2022\/06\/gerardmer-stations-ouverture-estivale\/\",\"url\":\"https:\/\/vosgesinfo.fr\/gerardmerinfo\/2022\/06\/gerardmer-stations-ouverture-estivale\/\",\"name\":\"G\u00e9rardmer Stations : Ouverture estivale - Gerardmer Info\",\"isPartOf\":{\"@id\":\"https:\/\/vosgesinfo.fr\/gerardmerinfo\/#website\"},\"primaryImageOfPage\":{\"@id\":\"https:\/\/vosgesinfo.fr\/gerardmerinfo\/2022\/06\/gerardmer-stations-ouverture-estivale\/#primaryimage\"},\"image\":{\"@id\":\"https:\/\/vosgesinfo.fr\/gerardmerinfo\/2022\/06\/gerardmer-stations-ouverture-estivale\/#primaryimage\"},\"thumbnailUrl\":\"https:\/\/vosgesinfo.fr\/app\/uploads\/sites\/6\/2024\/07\/202206station-mauselaine-ete-2022-affiche-a3.jpg\",\"datePublished\":\"2022-06-03T06:11:39+00:00\",\"dateModified\":\"2022-06-03T06:11:39+00:00\",\"breadcrumb\":{\"@id\":\"https:\/\/vosgesinfo.fr\/gerardmerinfo\/2022\/06\/gerardmer-stations-ouverture-estivale\/#breadcrumb\"},\"inLanguage\":\"fr-FR\",\"potentialAction\":[{\"@type\":\"ReadAction\",\"target\":[\"https:\/\/vosgesinfo.fr\/gerardmerinfo\/2022\/06\/gerardmer-stations-ouverture-estivale\/\"]}]},{\"@type\":\"ImageObject\",\"inLanguage\":\"fr-FR\",\"@id\":\"https:\/\/vosgesinfo.fr\/gerardmerinfo\/2022\/06\/gerardmer-stations-ouverture-estivale\/#primaryimage\",\"url\":\"https:\/\/vosgesinfo.fr\/app\/uploads\/sites\/6\/2024\/07\/202206station-mauselaine-ete-2022-affiche-a3.jpg\",\"contentUrl\":\"https:\/\/vosgesinfo.fr\/app\/uploads\/sites\/6\/2024\/07\/202206station-mauselaine-ete-2022-affiche-a3.jpg\",\"width\":842,\"height\":1191},{\"@type\":\"BreadcrumbList\",\"@id\":\"https:\/\/vosgesinfo.fr\/gerardmerinfo\/2022\/06\/gerardmer-stations-ouverture-estivale\/#breadcrumb\",\"itemListElement\":[{\"@type\":\"ListItem\",\"position\":1,\"name\":\"Home\",\"item\":\"https:\/\/vosgesinfo.fr\/gerardmerinfo\/\"},{\"@type\":\"ListItem\",\"position\":2,\"name\":\"G\u00e9rardmer Stations : Ouverture estivale\"}]},{\"@type\":\"WebSite\",\"@id\":\"https:\/\/vosgesinfo.fr\/gerardmerinfo\/#website\",\"url\":\"https:\/\/vosgesinfo.fr\/gerardmerinfo\/\",\"name\":\"Gerardmer Info\",\"description\":\"Toute l&#039;actualit\u00e9 de G\u00e9rardmer\",\"publisher\":{\"@id\":\"https:\/\/vosgesinfo.fr\/gerardmerinfo\/#organization\"},\"alternateName\":\"Toute l'actualit\u00e9 de G\u00e9rardmer\",\"potentialAction\":[{\"@type\":\"SearchAction\",\"target\":{\"@type\":\"EntryPoint\",\"urlTemplate\":\"https:\/\/vosgesinfo.fr\/gerardmerinfo\/?s={search_term_string}\"},\"query-input\":\"required name=search_term_string\"}],\"inLanguage\":\"fr-FR\"},{\"@type\":\"Organization\",\"@id\":\"https:\/\/vosgesinfo.fr\/gerardmerinfo\/#organization\",\"name\":\"Gerardmer Info\",\"url\":\"https:\/\/vosgesinfo.fr\/gerardmerinfo\/\",\"logo\":{\"@type\":\"ImageObject\",\"inLanguage\":\"fr-FR\",\"@id\":\"https:\/\/vosgesinfo.fr\/gerardmerinfo\/#\/schema\/logo\/image\/\",\"url\":\"https:\/\/vosgesinfo.fr\/app\/uploads\/sites\/6\/2023\/08\/favicon-gerardmerinfo.png\",\"contentUrl\":\"https:\/\/vosgesinfo.fr\/app\/uploads\/sites\/6\/2023\/08\/favicon-gerardmerinfo.png\",\"width\":512,\"height\":512,\"caption\":\"Gerardmer Info\"},\"image\":{\"@id\":\"https:\/\/vosgesinfo.fr\/gerardmerinfo\/#\/schema\/logo\/image\/\"},\"sameAs\":[\"https:\/\/www.facebook.com\/profile.php?id=100049475262660\",\"https:\/\/x.com\/VosgesInfo88\",\"https:\/\/www.youtube.com\/@vosgesinfo\"]},{\"@type\":\"Person\",\"@id\":\"https:\/\/vosgesinfo.fr\/gerardmerinfo\/#\/schema\/person\/bc5d02d71e6932e81b6dadb7386667b1\",\"name\":\"qs_admin\",\"image\":{\"@type\":\"ImageObject\",\"inLanguage\":\"fr-FR\",\"@id\":\"https:\/\/vosgesinfo.fr\/gerardmerinfo\/#\/schema\/person\/image\/\",\"url\":\"https:\/\/secure.gravatar.com\/avatar\/94b18ee0ed79e4a42ea2f2931277b6841a8999fc6fde214600c78057cf1fe1de?s=96&d=mm&r=g\",\"contentUrl\":\"https:\/\/secure.gravatar.com\/avatar\/94b18ee0ed79e4a42ea2f2931277b6841a8999fc6fde214600c78057cf1fe1de?s=96&d=mm&r=g\",\"caption\":\"qs_admin\"},\"sameAs\":[\"https:\/\/vosgesinfo.fr\/wp\"],\"url\":\"https:\/\/vosgesinfo.fr\/gerardmerinfo\/author\/qs_admin\/\"}]}<\/script>\n<!-- \/ Yoast SEO plugin. -->","yoast_head_json":{"title":"G\u00e9rardmer Stations : Ouverture estivale - Gerardmer Info","robots":{"index":"index","follow":"follow","max-snippet":"max-snippet:-1","max-image-preview":"max-image-preview:large","max-video-preview":"max-video-preview:-1"},"canonical":"https:\/\/vosgesinfo.fr\/gerardmerinfo\/2022\/06\/gerardmer-stations-ouverture-estivale\/","twitter_card":"summary_large_image","twitter_title":"G\u00e9rardmer Stations : Ouverture estivale - Gerardmer Info","twitter_description":"Les domaines alpin et nordique de G\u00e9rardmer Stations vous accueillent tous les week-ends \u00e0 partir\u00a0du 4 Juin puis tous les [&hellip;]","twitter_image":"https:\/\/vosgesinfo.fr\/app\/uploads\/sites\/6\/2024\/07\/202206station-mauselaine-ete-2022-affiche-a3.jpg","twitter_creator":"@VosgesInfo88","twitter_site":"@VosgesInfo88","twitter_misc":{"\u00c9crit par":"qs_admin","Dur\u00e9e de lecture estim\u00e9e":"1 minute"},"schema":{"@context":"https:\/\/schema.org","@graph":[{"@type":"Article","@id":"https:\/\/vosgesinfo.fr\/gerardmerinfo\/2022\/06\/gerardmer-stations-ouverture-estivale\/#article","isPartOf":{"@id":"https:\/\/vosgesinfo.fr\/gerardmerinfo\/2022\/06\/gerardmer-stations-ouverture-estivale\/"},"author":{"name":"qs_admin","@id":"https:\/\/vosgesinfo.fr\/gerardmerinfo\/#\/schema\/person\/bc5d02d71e6932e81b6dadb7386667b1"},"headline":"G\u00e9rardmer Stations : Ouverture estivale","datePublished":"2022-06-03T06:11:39+00:00","dateModified":"2022-06-03T06:11:39+00:00","mainEntityOfPage":{"@id":"https:\/\/vosgesinfo.fr\/gerardmerinfo\/2022\/06\/gerardmer-stations-ouverture-estivale\/"},"wordCount":146,"commentCount":0,"publisher":{"@id":"https:\/\/vosgesinfo.fr\/gerardmerinfo\/#organization"},"image":{"@id":"https:\/\/vosgesinfo.fr\/gerardmerinfo\/2022\/06\/gerardmer-stations-ouverture-estivale\/#primaryimage"},"thumbnailUrl":"https:\/\/vosgesinfo.fr\/app\/uploads\/sites\/6\/2024\/07\/202206station-mauselaine-ete-2022-affiche-a3.jpg","articleSection":["A la une","G\u00e9rardmer","Sport","Tourisme"],"inLanguage":"fr-FR","potentialAction":[{"@type":"CommentAction","name":"Comment","target":["https:\/\/vosgesinfo.fr\/gerardmerinfo\/2022\/06\/gerardmer-stations-ouverture-estivale\/#respond"]}]},{"@type":"WebPage","@id":"https:\/\/vosgesinfo.fr\/gerardmerinfo\/2022\/06\/gerardmer-stations-ouverture-estivale\/","url":"https:\/\/vosgesinfo.fr\/gerardmerinfo\/2022\/06\/gerardmer-stations-ouverture-estivale\/","name":"G\u00e9rardmer Stations : Ouverture estivale - Gerardmer Info","isPartOf":{"@id":"https:\/\/vosgesinfo.fr\/gerardmerinfo\/#website"},"primaryImageOfPage":{"@id":"https:\/\/vosgesinfo.fr\/gerardmerinfo\/2022\/06\/gerardmer-stations-ouverture-estivale\/#primaryimage"},"image":{"@id":"https:\/\/vosgesinfo.fr\/gerardmerinfo\/2022\/06\/gerardmer-stations-ouverture-estivale\/#primaryimage"},"thumbnailUrl":"https:\/\/vosgesinfo.fr\/app\/uploads\/sites\/6\/2024\/07\/202206station-mauselaine-ete-2022-affiche-a3.jpg","datePublished":"2022-06-03T06:11:39+00:00","dateModified":"2022-06-03T06:11:39+00:00","breadcrumb":{"@id":"https:\/\/vosgesinfo.fr\/gerardmerinfo\/2022\/06\/gerardmer-stations-ouverture-estivale\/#breadcrumb"},"inLanguage":"fr-FR","potentialAction":[{"@type":"ReadAction","target":["https:\/\/vosgesinfo.fr\/gerardmerinfo\/2022\/06\/gerardmer-stations-ouverture-estivale\/"]}]},{"@type":"ImageObject","inLanguage":"fr-FR","@id":"https:\/\/vosgesinfo.fr\/gerardmerinfo\/2022\/06\/gerardmer-stations-ouverture-estivale\/#primaryimage","url":"https:\/\/vosgesinfo.fr\/app\/uploads\/sites\/6\/2024\/07\/202206station-mauselaine-ete-2022-affiche-a3.jpg","contentUrl":"https:\/\/vosgesinfo.fr\/app\/uploads\/sites\/6\/2024\/07\/202206station-mauselaine-ete-2022-affiche-a3.jpg","width":842,"height":1191},{"@type":"BreadcrumbList","@id":"https:\/\/vosgesinfo.fr\/gerardmerinfo\/2022\/06\/gerardmer-stations-ouverture-estivale\/#breadcrumb","itemListElement":[{"@type":"ListItem","position":1,"name":"Home","item":"https:\/\/vosgesinfo.fr\/gerardmerinfo\/"},{"@type":"ListItem","position":2,"name":"G\u00e9rardmer Stations : Ouverture estivale"}]},{"@type":"WebSite","@id":"https:\/\/vosgesinfo.fr\/gerardmerinfo\/#website","url":"https:\/\/vosgesinfo.fr\/gerardmerinfo\/","name":"Gerardmer Info","description":"Toute l&#039;actualit\u00e9 de G\u00e9rardmer","publisher":{"@id":"https:\/\/vosgesinfo.fr\/gerardmerinfo\/#organization"},"alternateName":"Toute l'actualit\u00e9 de G\u00e9rardmer","potentialAction":[{"@type":"SearchAction","target":{"@type":"EntryPoint","urlTemplate":"https:\/\/vosgesinfo.fr\/gerardmerinfo\/?s={search_term_string}"},"query-input":"required name=search_term_string"}],"inLanguage":"fr-FR"},{"@type":"Organization","@id":"https:\/\/vosgesinfo.fr\/gerardmerinfo\/#organization","name":"Gerardmer Info","url":"https:\/\/vosgesinfo.fr\/gerardmerinfo\/","logo":{"@type":"ImageObject","inLanguage":"fr-FR","@id":"https:\/\/vosgesinfo.fr\/gerardmerinfo\/#\/schema\/logo\/image\/","url":"https:\/\/vosgesinfo.fr\/app\/uploads\/sites\/6\/2023\/08\/favicon-gerardmerinfo.png","contentUrl":"https:\/\/vosgesinfo.fr\/app\/uploads\/sites\/6\/2023\/08\/favicon-gerardmerinfo.png","width":512,"height":512,"caption":"Gerardmer Info"},"image":{"@id":"https:\/\/vosgesinfo.fr\/gerardmerinfo\/#\/schema\/logo\/image\/"},"sameAs":["https:\/\/www.facebook.com\/profile.php?id=100049475262660","https:\/\/x.com\/VosgesInfo88","https:\/\/www.youtube.com\/@vosgesinfo"]},{"@type":"Person","@id":"https:\/\/vosgesinfo.fr\/gerardmerinfo\/#\/schema\/person\/bc5d02d71e6932e81b6dadb7386667b1","name":"qs_admin","image":{"@type":"ImageObject","inLanguage":"fr-FR","@id":"https:\/\/vosgesinfo.fr\/gerardmerinfo\/#\/schema\/person\/image\/","url":"https:\/\/secure.gravatar.com\/avatar\/94b18ee0ed79e4a42ea2f2931277b6841a8999fc6fde214600c78057cf1fe1de?s=96&d=mm&r=g","contentUrl":"https:\/\/secure.gravatar.com\/avatar\/94b18ee0ed79e4a42ea2f2931277b6841a8999fc6fde214600c78057cf1fe1de?s=96&d=mm&r=g","caption":"qs_admin"},"sameAs":["https:\/\/vosgesinfo.fr\/wp"],"url":"https:\/\/vosgesinfo.fr\/gerardmerinfo\/author\/qs_admin\/"}]}},"_links":{"self":[{"href":"https:\/\/vosgesinfo.fr\/gerardmerinfo\/wp-json\/wp\/v2\/posts\/59441","targetHints":{"allow":["GET"]}}],"collection":[{"href":"https:\/\/vosgesinfo.fr\/gerardmerinfo\/wp-json\/wp\/v2\/posts"}],"about":[{"href":"https:\/\/vosgesinfo.fr\/gerardmerinfo\/wp-json\/wp\/v2\/types\/post"}],"author":[{"embeddable":true,"href":"https:\/\/vosgesinfo.fr\/gerardmerinfo\/wp-json\/wp\/v2\/users\/1"}],"replies":[{"embeddable":true,"href":"https:\/\/vosgesinfo.fr\/gerardmerinfo\/wp-json\/wp\/v2\/comments?post=59441"}],"version-history":[{"count":0,"href":"https:\/\/vosgesinfo.fr\/gerardmerinfo\/wp-json\/wp\/v2\/posts\/59441\/revisions"}],"wp:featuredmedia":[{"embeddable":true,"href":"https:\/\/vosgesinfo.fr\/gerardmerinfo\/wp-json\/wp\/v2\/media\/59442"}],"wp:attachment":[{"href":"https:\/\/vosgesinfo.fr\/gerardmerinfo\/wp-json\/wp\/v2\/media?parent=59441"}],"wp:term":[{"taxonomy":"category","embeddable":true,"href":"https:\/\/vosgesinfo.fr\/gerardmerinfo\/wp-json\/wp\/v2\/categories?post=59441"},{"taxonomy":"post_tag","embeddable":true,"href":"https:\/\/vosgesinfo.fr\/gerardmerinfo\/wp-json\/wp\/v2\/tags?post=59441"}],"curies":[{"name":"wp","href":"https:\/\/api.w.org\/{rel}","templated":true}]}}