{"id":5952,"date":"2023-12-08T17:07:43","date_gmt":"2023-12-08T16:07:43","guid":{"rendered":"https:\/\/vosgesinfo.fr\/gerardmerinfo\/2023\/12\/concert-tristan-decamps-a-mcl-de-gerardmer\/"},"modified":"2023-12-08T17:07:43","modified_gmt":"2023-12-08T16:07:43","slug":"concert-tristan-decamps-a-mcl-de-gerardmer","status":"publish","type":"post","link":"https:\/\/vosgesinfo.fr\/gerardmerinfo\/2023\/12\/concert-tristan-decamps-a-mcl-de-gerardmer\/","title":{"rendered":"Concert &#8211; Tristan Decamps \u00e0 la MCL de G\u00e9rardmer"},"content":{"rendered":"<div class=\"elementor-element elementor-element-9335139 elementor-widget elementor-widget-theme-post-content\" data-id=\"9335139\" data-element_type=\"widget\" data-widget_type=\"theme-post-content.default\">\n<div class=\"elementor-widget-container\">\n<h3><a href=\"https:\/\/gerardmerinfo.fr\/wp-content\/uploads\/2023\/12\/Tristan-Decamps.jpeg\"><img decoding=\"async\" class=\"aligncenter size-medium wp-image-213330\" src=\"https:\/\/vosgesinfo.fr\/app\/uploads\/sites\/6\/2023\/12\/tristan-decamps-340x255-1.jpeg\" alt=\"Tristan Decamps\" width=\"340\" height=\"255\" \/><\/a><\/h3>\n<h3><\/h3>\n<h3>Tristan DECAMPS est artiste, compositeur et interpr\u00e8te. A 4 ans, ses parents lui offrent une batterie, \u00e0 6 ans c\u2019est au clavier qu\u2019il compose ses premi\u00e8res m\u00e9lodies. Tristan est v\u00e9ritablement l\u2019Artisan d\u2019un art ou un artiste de l\u2019artisanat musical.<\/h3>\n<p>Membre du groupe ANGE, il a aussi particip\u00e9 \u00e0 plusieurs projets tr\u00e8s \u00e9clectiques (bande son d\u2019exposition, show de reprises avec un comp\u00e8re, conseiller artistique, op\u00e9ra rocks d\u2019Alan SIMON \u00ab Anne de Bretagne \u00bb, \u00ab Captain Kid \u00bb, \u00ab Chouans \u00bb\u2026). Avec ANGE, Tristan a c\u00f4toy\u00e9 les plus grandes sc\u00e8nes fran\u00e7aises (Olympia, Z\u00e9nith, ..) et a voyag\u00e9 aux 4 coins du globe (Russie, Mexique, \u00c9tats-Unis, Japon). En sc\u00e8ne, le temps d\u2019un morceau solo, Tristan a su se faire conna\u00eetre : sa voix, son nom.<\/p>\n<table border=\"0\" width=\"100%\">\n<tbody>\n<tr>\n<td align=\"left\" width=\"10%\">\u00a0Tarifs<\/td>\n<td width=\"90%\">10\u20ac \/ 8\u20ac (adh\u00e9rent) et 5\u20ac (moins de 12 ans)<\/td>\n<\/tr>\n<\/tbody>\n<\/table>\n<p>Lien pour r\u00e9server : <a href=\"https:\/\/web.digitick.com\/tristan-decamps-concert-mcl-gerardmer-16-decembre-2023-css5-mclgerardmer-pg101-ri9997195.html\" target=\"_blank\" rel=\"noopener\">cliquez ici !<\/a><\/p>\n<p><strong class=\"\">Carri\u00e8re solo, En quelques dates :\u00a0<\/strong><br \/>\n\u2022 En 2001, il sortait \u00ab Le Jouet \u00bb son 1er album solo, \u00ab sold-out \u00bb en 2008<br \/>\n\u2022 De 2003 \u00e0 2013 : dans son home-studio de Franche-Comt\u00e9, entre tourn\u00e9es et studio, il compose, rencontre, exp\u00e9rimente, construit ce qui est devenu, \u00e0 l\u2019aube de ses 41 ans, \u00ab Le Bruit des Humains \u00bb avec la participation d\u2019Anna Lacazio (Cock Robin), de Jean Fauque (Parolier de Bashung) et de musiciens exceptionnels (Christophe PELOIL, Pat O\u2019May\u2026)<br \/>\n\u2022 En 2015 : R\u00e9\u00e9dition le Jouet + 1 live in\u00e9dit<br \/>\n\u2022 En 2017 : il cr\u00e9e, compose et imagine un spectacle unique son et image, qu\u2019il interpr\u00e8te le 3 juin \u00e0 la Basilique de Luxeuil-les-Bains: XLIV. Seul en sc\u00e8ne, entour\u00e9 de ses claviers et accompagn\u00e9 du graphiste Romain MATHIEU aux manettes du Vjing, il a offert aux 350 spectateurs un voyage sensoriel exceptionnel. Un DVD du spectacle sera disponible d\u00e9but 2020.<br \/>\n\u2022 En 2019 : un nouveau concept n\u00e9 de son imagination \u00abL\u2019Extraordinairarium\u00bb, plus qu\u2019un spectacle, il s\u2019agit d\u2019une v\u00e9ritable cr\u00e9ation \u00e9volutive co-construite avec le public. Une version \u00abb\u00eata\u00bb a \u00e9t\u00e9 pr\u00e9sent\u00e9e le 9 novembre 2019.<br \/>\nTristan est un artiste complet, hors du temps qui sait s\u2019entourer de grands noms de la musique. Il cr\u00e9\u00e9 son style o\u00f9 se m\u00ealent po\u00e9sie, \u00e9motion, rock, originalit\u00e9 et passion. Un univers surprenant qui nous rappelle que l\u2019on peut encore \u00ab D\u00e9couvrir\u2026 \u00bb.<\/p>\n<\/div>\n<\/div>\n","protected":false},"excerpt":{"rendered":"<p>Tristan DECAMPS est artiste, compositeur et interpr\u00e8te. A 4 ans, ses parents lui offrent une batterie, \u00e0 6 ans c\u2019est [&hellip;]<\/p>\n","protected":false},"author":1,"featured_media":5953,"comment_status":"open","ping_status":"open","sticky":false,"template":"","format":"standard","meta":{"footnotes":""},"categories":[20,34,4,25],"tags":[],"class_list":["post-5952","post","type-post","status-publish","format-standard","has-post-thumbnail","hentry","category-a-la-une","category-concert","category-culture","category-gerardmer"],"acf":[],"yoast_head":"<!-- This site is optimized with the Yoast SEO plugin v22.5 - https:\/\/yoast.com\/wordpress\/plugins\/seo\/ -->\n<title>Concert - Tristan Decamps \u00e0 la MCL de G\u00e9rardmer - Gerardmer Info<\/title>\n<meta name=\"robots\" content=\"index, follow, max-snippet:-1, max-image-preview:large, max-video-preview:-1\" \/>\n<link rel=\"canonical\" href=\"https:\/\/vosgesinfo.fr\/gerardmerinfo\/2023\/12\/concert-tristan-decamps-a-mcl-de-gerardmer\/\" \/>\n<meta name=\"twitter:card\" content=\"summary_large_image\" \/>\n<meta name=\"twitter:title\" content=\"Concert - Tristan Decamps \u00e0 la MCL de G\u00e9rardmer - Gerardmer Info\" \/>\n<meta name=\"twitter:description\" content=\"Tristan DECAMPS est artiste, compositeur et interpr\u00e8te. A 4 ans, ses parents lui offrent une batterie, \u00e0 6 ans c\u2019est [&hellip;]\" \/>\n<meta name=\"twitter:image\" content=\"https:\/\/vosgesinfo.fr\/app\/uploads\/sites\/6\/2023\/12\/tristan-decamps.jpeg\" \/>\n<meta name=\"twitter:creator\" content=\"@VosgesInfo88\" \/>\n<meta name=\"twitter:site\" content=\"@VosgesInfo88\" \/>\n<meta name=\"twitter:label1\" content=\"\u00c9crit par\" \/>\n\t<meta name=\"twitter:data1\" content=\"qs_admin\" \/>\n\t<meta name=\"twitter:label2\" content=\"Dur\u00e9e de lecture estim\u00e9e\" \/>\n\t<meta name=\"twitter:data2\" content=\"2 minutes\" \/>\n<script type=\"application\/ld+json\" class=\"yoast-schema-graph\">{\"@context\":\"https:\/\/schema.org\",\"@graph\":[{\"@type\":\"Article\",\"@id\":\"https:\/\/vosgesinfo.fr\/gerardmerinfo\/2023\/12\/concert-tristan-decamps-a-mcl-de-gerardmer\/#article\",\"isPartOf\":{\"@id\":\"https:\/\/vosgesinfo.fr\/gerardmerinfo\/2023\/12\/concert-tristan-decamps-a-mcl-de-gerardmer\/\"},\"author\":{\"name\":\"qs_admin\",\"@id\":\"https:\/\/vosgesinfo.fr\/gerardmerinfo\/#\/schema\/person\/bc5d02d71e6932e81b6dadb7386667b1\"},\"headline\":\"Concert &#8211; Tristan Decamps \u00e0 la MCL de G\u00e9rardmer\",\"datePublished\":\"2023-12-08T16:07:43+00:00\",\"dateModified\":\"2023-12-08T16:07:43+00:00\",\"mainEntityOfPage\":{\"@id\":\"https:\/\/vosgesinfo.fr\/gerardmerinfo\/2023\/12\/concert-tristan-decamps-a-mcl-de-gerardmer\/\"},\"wordCount\":374,\"commentCount\":0,\"publisher\":{\"@id\":\"https:\/\/vosgesinfo.fr\/gerardmerinfo\/#organization\"},\"image\":{\"@id\":\"https:\/\/vosgesinfo.fr\/gerardmerinfo\/2023\/12\/concert-tristan-decamps-a-mcl-de-gerardmer\/#primaryimage\"},\"thumbnailUrl\":\"https:\/\/vosgesinfo.fr\/app\/uploads\/sites\/6\/2023\/12\/tristan-decamps.jpeg\",\"articleSection\":[\"A la une\",\"Concert\",\"Culture\",\"G\u00e9rardmer\"],\"inLanguage\":\"fr-FR\",\"potentialAction\":[{\"@type\":\"CommentAction\",\"name\":\"Comment\",\"target\":[\"https:\/\/vosgesinfo.fr\/gerardmerinfo\/2023\/12\/concert-tristan-decamps-a-mcl-de-gerardmer\/#respond\"]}]},{\"@type\":\"WebPage\",\"@id\":\"https:\/\/vosgesinfo.fr\/gerardmerinfo\/2023\/12\/concert-tristan-decamps-a-mcl-de-gerardmer\/\",\"url\":\"https:\/\/vosgesinfo.fr\/gerardmerinfo\/2023\/12\/concert-tristan-decamps-a-mcl-de-gerardmer\/\",\"name\":\"Concert - Tristan Decamps \u00e0 la MCL de G\u00e9rardmer - Gerardmer Info\",\"isPartOf\":{\"@id\":\"https:\/\/vosgesinfo.fr\/gerardmerinfo\/#website\"},\"primaryImageOfPage\":{\"@id\":\"https:\/\/vosgesinfo.fr\/gerardmerinfo\/2023\/12\/concert-tristan-decamps-a-mcl-de-gerardmer\/#primaryimage\"},\"image\":{\"@id\":\"https:\/\/vosgesinfo.fr\/gerardmerinfo\/2023\/12\/concert-tristan-decamps-a-mcl-de-gerardmer\/#primaryimage\"},\"thumbnailUrl\":\"https:\/\/vosgesinfo.fr\/app\/uploads\/sites\/6\/2023\/12\/tristan-decamps.jpeg\",\"datePublished\":\"2023-12-08T16:07:43+00:00\",\"dateModified\":\"2023-12-08T16:07:43+00:00\",\"breadcrumb\":{\"@id\":\"https:\/\/vosgesinfo.fr\/gerardmerinfo\/2023\/12\/concert-tristan-decamps-a-mcl-de-gerardmer\/#breadcrumb\"},\"inLanguage\":\"fr-FR\",\"potentialAction\":[{\"@type\":\"ReadAction\",\"target\":[\"https:\/\/vosgesinfo.fr\/gerardmerinfo\/2023\/12\/concert-tristan-decamps-a-mcl-de-gerardmer\/\"]}]},{\"@type\":\"ImageObject\",\"inLanguage\":\"fr-FR\",\"@id\":\"https:\/\/vosgesinfo.fr\/gerardmerinfo\/2023\/12\/concert-tristan-decamps-a-mcl-de-gerardmer\/#primaryimage\",\"url\":\"https:\/\/vosgesinfo.fr\/app\/uploads\/sites\/6\/2023\/12\/tristan-decamps.jpeg\",\"contentUrl\":\"https:\/\/vosgesinfo.fr\/app\/uploads\/sites\/6\/2023\/12\/tristan-decamps.jpeg\"},{\"@type\":\"BreadcrumbList\",\"@id\":\"https:\/\/vosgesinfo.fr\/gerardmerinfo\/2023\/12\/concert-tristan-decamps-a-mcl-de-gerardmer\/#breadcrumb\",\"itemListElement\":[{\"@type\":\"ListItem\",\"position\":1,\"name\":\"Home\",\"item\":\"https:\/\/vosgesinfo.fr\/gerardmerinfo\/\"},{\"@type\":\"ListItem\",\"position\":2,\"name\":\"Concert &#8211; Tristan Decamps \u00e0 la MCL de G\u00e9rardmer\"}]},{\"@type\":\"WebSite\",\"@id\":\"https:\/\/vosgesinfo.fr\/gerardmerinfo\/#website\",\"url\":\"https:\/\/vosgesinfo.fr\/gerardmerinfo\/\",\"name\":\"Gerardmer Info\",\"description\":\"Toute l&#039;actualit\u00e9 de G\u00e9rardmer\",\"publisher\":{\"@id\":\"https:\/\/vosgesinfo.fr\/gerardmerinfo\/#organization\"},\"alternateName\":\"Toute l'actualit\u00e9 de G\u00e9rardmer\",\"potentialAction\":[{\"@type\":\"SearchAction\",\"target\":{\"@type\":\"EntryPoint\",\"urlTemplate\":\"https:\/\/vosgesinfo.fr\/gerardmerinfo\/?s={search_term_string}\"},\"query-input\":\"required name=search_term_string\"}],\"inLanguage\":\"fr-FR\"},{\"@type\":\"Organization\",\"@id\":\"https:\/\/vosgesinfo.fr\/gerardmerinfo\/#organization\",\"name\":\"Gerardmer Info\",\"url\":\"https:\/\/vosgesinfo.fr\/gerardmerinfo\/\",\"logo\":{\"@type\":\"ImageObject\",\"inLanguage\":\"fr-FR\",\"@id\":\"https:\/\/vosgesinfo.fr\/gerardmerinfo\/#\/schema\/logo\/image\/\",\"url\":\"https:\/\/vosgesinfo.fr\/app\/uploads\/sites\/6\/2023\/08\/favicon-gerardmerinfo.png\",\"contentUrl\":\"https:\/\/vosgesinfo.fr\/app\/uploads\/sites\/6\/2023\/08\/favicon-gerardmerinfo.png\",\"width\":512,\"height\":512,\"caption\":\"Gerardmer Info\"},\"image\":{\"@id\":\"https:\/\/vosgesinfo.fr\/gerardmerinfo\/#\/schema\/logo\/image\/\"},\"sameAs\":[\"https:\/\/www.facebook.com\/profile.php?id=100049475262660\",\"https:\/\/x.com\/VosgesInfo88\",\"https:\/\/www.youtube.com\/@vosgesinfo\"]},{\"@type\":\"Person\",\"@id\":\"https:\/\/vosgesinfo.fr\/gerardmerinfo\/#\/schema\/person\/bc5d02d71e6932e81b6dadb7386667b1\",\"name\":\"qs_admin\",\"image\":{\"@type\":\"ImageObject\",\"inLanguage\":\"fr-FR\",\"@id\":\"https:\/\/vosgesinfo.fr\/gerardmerinfo\/#\/schema\/person\/image\/\",\"url\":\"https:\/\/secure.gravatar.com\/avatar\/94b18ee0ed79e4a42ea2f2931277b6841a8999fc6fde214600c78057cf1fe1de?s=96&d=mm&r=g\",\"contentUrl\":\"https:\/\/secure.gravatar.com\/avatar\/94b18ee0ed79e4a42ea2f2931277b6841a8999fc6fde214600c78057cf1fe1de?s=96&d=mm&r=g\",\"caption\":\"qs_admin\"},\"sameAs\":[\"https:\/\/vosgesinfo.fr\/wp\"],\"url\":\"https:\/\/vosgesinfo.fr\/gerardmerinfo\/author\/qs_admin\/\"}]}<\/script>\n<!-- \/ Yoast SEO plugin. -->","yoast_head_json":{"title":"Concert - Tristan Decamps \u00e0 la MCL de G\u00e9rardmer - Gerardmer Info","robots":{"index":"index","follow":"follow","max-snippet":"max-snippet:-1","max-image-preview":"max-image-preview:large","max-video-preview":"max-video-preview:-1"},"canonical":"https:\/\/vosgesinfo.fr\/gerardmerinfo\/2023\/12\/concert-tristan-decamps-a-mcl-de-gerardmer\/","twitter_card":"summary_large_image","twitter_title":"Concert - Tristan Decamps \u00e0 la MCL de G\u00e9rardmer - Gerardmer Info","twitter_description":"Tristan DECAMPS est artiste, compositeur et interpr\u00e8te. A 4 ans, ses parents lui offrent une batterie, \u00e0 6 ans c\u2019est [&hellip;]","twitter_image":"https:\/\/vosgesinfo.fr\/app\/uploads\/sites\/6\/2023\/12\/tristan-decamps.jpeg","twitter_creator":"@VosgesInfo88","twitter_site":"@VosgesInfo88","twitter_misc":{"\u00c9crit par":"qs_admin","Dur\u00e9e de lecture estim\u00e9e":"2 minutes"},"schema":{"@context":"https:\/\/schema.org","@graph":[{"@type":"Article","@id":"https:\/\/vosgesinfo.fr\/gerardmerinfo\/2023\/12\/concert-tristan-decamps-a-mcl-de-gerardmer\/#article","isPartOf":{"@id":"https:\/\/vosgesinfo.fr\/gerardmerinfo\/2023\/12\/concert-tristan-decamps-a-mcl-de-gerardmer\/"},"author":{"name":"qs_admin","@id":"https:\/\/vosgesinfo.fr\/gerardmerinfo\/#\/schema\/person\/bc5d02d71e6932e81b6dadb7386667b1"},"headline":"Concert &#8211; Tristan Decamps \u00e0 la MCL de G\u00e9rardmer","datePublished":"2023-12-08T16:07:43+00:00","dateModified":"2023-12-08T16:07:43+00:00","mainEntityOfPage":{"@id":"https:\/\/vosgesinfo.fr\/gerardmerinfo\/2023\/12\/concert-tristan-decamps-a-mcl-de-gerardmer\/"},"wordCount":374,"commentCount":0,"publisher":{"@id":"https:\/\/vosgesinfo.fr\/gerardmerinfo\/#organization"},"image":{"@id":"https:\/\/vosgesinfo.fr\/gerardmerinfo\/2023\/12\/concert-tristan-decamps-a-mcl-de-gerardmer\/#primaryimage"},"thumbnailUrl":"https:\/\/vosgesinfo.fr\/app\/uploads\/sites\/6\/2023\/12\/tristan-decamps.jpeg","articleSection":["A la une","Concert","Culture","G\u00e9rardmer"],"inLanguage":"fr-FR","potentialAction":[{"@type":"CommentAction","name":"Comment","target":["https:\/\/vosgesinfo.fr\/gerardmerinfo\/2023\/12\/concert-tristan-decamps-a-mcl-de-gerardmer\/#respond"]}]},{"@type":"WebPage","@id":"https:\/\/vosgesinfo.fr\/gerardmerinfo\/2023\/12\/concert-tristan-decamps-a-mcl-de-gerardmer\/","url":"https:\/\/vosgesinfo.fr\/gerardmerinfo\/2023\/12\/concert-tristan-decamps-a-mcl-de-gerardmer\/","name":"Concert - Tristan Decamps \u00e0 la MCL de G\u00e9rardmer - Gerardmer Info","isPartOf":{"@id":"https:\/\/vosgesinfo.fr\/gerardmerinfo\/#website"},"primaryImageOfPage":{"@id":"https:\/\/vosgesinfo.fr\/gerardmerinfo\/2023\/12\/concert-tristan-decamps-a-mcl-de-gerardmer\/#primaryimage"},"image":{"@id":"https:\/\/vosgesinfo.fr\/gerardmerinfo\/2023\/12\/concert-tristan-decamps-a-mcl-de-gerardmer\/#primaryimage"},"thumbnailUrl":"https:\/\/vosgesinfo.fr\/app\/uploads\/sites\/6\/2023\/12\/tristan-decamps.jpeg","datePublished":"2023-12-08T16:07:43+00:00","dateModified":"2023-12-08T16:07:43+00:00","breadcrumb":{"@id":"https:\/\/vosgesinfo.fr\/gerardmerinfo\/2023\/12\/concert-tristan-decamps-a-mcl-de-gerardmer\/#breadcrumb"},"inLanguage":"fr-FR","potentialAction":[{"@type":"ReadAction","target":["https:\/\/vosgesinfo.fr\/gerardmerinfo\/2023\/12\/concert-tristan-decamps-a-mcl-de-gerardmer\/"]}]},{"@type":"ImageObject","inLanguage":"fr-FR","@id":"https:\/\/vosgesinfo.fr\/gerardmerinfo\/2023\/12\/concert-tristan-decamps-a-mcl-de-gerardmer\/#primaryimage","url":"https:\/\/vosgesinfo.fr\/app\/uploads\/sites\/6\/2023\/12\/tristan-decamps.jpeg","contentUrl":"https:\/\/vosgesinfo.fr\/app\/uploads\/sites\/6\/2023\/12\/tristan-decamps.jpeg"},{"@type":"BreadcrumbList","@id":"https:\/\/vosgesinfo.fr\/gerardmerinfo\/2023\/12\/concert-tristan-decamps-a-mcl-de-gerardmer\/#breadcrumb","itemListElement":[{"@type":"ListItem","position":1,"name":"Home","item":"https:\/\/vosgesinfo.fr\/gerardmerinfo\/"},{"@type":"ListItem","position":2,"name":"Concert &#8211; Tristan Decamps \u00e0 la MCL de G\u00e9rardmer"}]},{"@type":"WebSite","@id":"https:\/\/vosgesinfo.fr\/gerardmerinfo\/#website","url":"https:\/\/vosgesinfo.fr\/gerardmerinfo\/","name":"Gerardmer Info","description":"Toute l&#039;actualit\u00e9 de G\u00e9rardmer","publisher":{"@id":"https:\/\/vosgesinfo.fr\/gerardmerinfo\/#organization"},"alternateName":"Toute l'actualit\u00e9 de G\u00e9rardmer","potentialAction":[{"@type":"SearchAction","target":{"@type":"EntryPoint","urlTemplate":"https:\/\/vosgesinfo.fr\/gerardmerinfo\/?s={search_term_string}"},"query-input":"required name=search_term_string"}],"inLanguage":"fr-FR"},{"@type":"Organization","@id":"https:\/\/vosgesinfo.fr\/gerardmerinfo\/#organization","name":"Gerardmer Info","url":"https:\/\/vosgesinfo.fr\/gerardmerinfo\/","logo":{"@type":"ImageObject","inLanguage":"fr-FR","@id":"https:\/\/vosgesinfo.fr\/gerardmerinfo\/#\/schema\/logo\/image\/","url":"https:\/\/vosgesinfo.fr\/app\/uploads\/sites\/6\/2023\/08\/favicon-gerardmerinfo.png","contentUrl":"https:\/\/vosgesinfo.fr\/app\/uploads\/sites\/6\/2023\/08\/favicon-gerardmerinfo.png","width":512,"height":512,"caption":"Gerardmer Info"},"image":{"@id":"https:\/\/vosgesinfo.fr\/gerardmerinfo\/#\/schema\/logo\/image\/"},"sameAs":["https:\/\/www.facebook.com\/profile.php?id=100049475262660","https:\/\/x.com\/VosgesInfo88","https:\/\/www.youtube.com\/@vosgesinfo"]},{"@type":"Person","@id":"https:\/\/vosgesinfo.fr\/gerardmerinfo\/#\/schema\/person\/bc5d02d71e6932e81b6dadb7386667b1","name":"qs_admin","image":{"@type":"ImageObject","inLanguage":"fr-FR","@id":"https:\/\/vosgesinfo.fr\/gerardmerinfo\/#\/schema\/person\/image\/","url":"https:\/\/secure.gravatar.com\/avatar\/94b18ee0ed79e4a42ea2f2931277b6841a8999fc6fde214600c78057cf1fe1de?s=96&d=mm&r=g","contentUrl":"https:\/\/secure.gravatar.com\/avatar\/94b18ee0ed79e4a42ea2f2931277b6841a8999fc6fde214600c78057cf1fe1de?s=96&d=mm&r=g","caption":"qs_admin"},"sameAs":["https:\/\/vosgesinfo.fr\/wp"],"url":"https:\/\/vosgesinfo.fr\/gerardmerinfo\/author\/qs_admin\/"}]}},"_links":{"self":[{"href":"https:\/\/vosgesinfo.fr\/gerardmerinfo\/wp-json\/wp\/v2\/posts\/5952","targetHints":{"allow":["GET"]}}],"collection":[{"href":"https:\/\/vosgesinfo.fr\/gerardmerinfo\/wp-json\/wp\/v2\/posts"}],"about":[{"href":"https:\/\/vosgesinfo.fr\/gerardmerinfo\/wp-json\/wp\/v2\/types\/post"}],"author":[{"embeddable":true,"href":"https:\/\/vosgesinfo.fr\/gerardmerinfo\/wp-json\/wp\/v2\/users\/1"}],"replies":[{"embeddable":true,"href":"https:\/\/vosgesinfo.fr\/gerardmerinfo\/wp-json\/wp\/v2\/comments?post=5952"}],"version-history":[{"count":0,"href":"https:\/\/vosgesinfo.fr\/gerardmerinfo\/wp-json\/wp\/v2\/posts\/5952\/revisions"}],"wp:featuredmedia":[{"embeddable":true,"href":"https:\/\/vosgesinfo.fr\/gerardmerinfo\/wp-json\/wp\/v2\/media\/5953"}],"wp:attachment":[{"href":"https:\/\/vosgesinfo.fr\/gerardmerinfo\/wp-json\/wp\/v2\/media?parent=5952"}],"wp:term":[{"taxonomy":"category","embeddable":true,"href":"https:\/\/vosgesinfo.fr\/gerardmerinfo\/wp-json\/wp\/v2\/categories?post=5952"},{"taxonomy":"post_tag","embeddable":true,"href":"https:\/\/vosgesinfo.fr\/gerardmerinfo\/wp-json\/wp\/v2\/tags?post=5952"}],"curies":[{"name":"wp","href":"https:\/\/api.w.org\/{rel}","templated":true}]}}