{"id":59850,"date":"2022-06-24T10:30:59","date_gmt":"2022-06-24T08:30:59","guid":{"rendered":"https:\/\/vosgesinfo.fr\/gerardmerinfo\/2022\/06\/lasg-natation-voit-bout-tunnel-reouverture-de-piscine\/"},"modified":"2022-06-24T10:30:59","modified_gmt":"2022-06-24T08:30:59","slug":"lasg-natation-voit-bout-tunnel-reouverture-de-piscine","status":"publish","type":"post","link":"https:\/\/vosgesinfo.fr\/gerardmerinfo\/2022\/06\/lasg-natation-voit-bout-tunnel-reouverture-de-piscine\/","title":{"rendered":"L&rsquo;ASG Natation voit le bout du tunnel avec la r\u00e9ouverture de la piscine"},"content":{"rendered":"<div>\n<div id=\"attachment_191045\" style=\"width: 970px\" class=\"wp-caption aligncenter\"><a href=\"\/2022\/06\/AG-ASG-Natation-2.jpg\"><img decoding=\"async\" aria-describedby=\"caption-attachment-191045\" class=\"size-large wp-image-191045\" src=\"\/2022\/06\/AG-ASG-Natation-2-1024x768.jpg\" alt=\"les nouveaux dipl\u00f4m\u00e9s en compagnie de Jacky Lecoanet.\" width=\"960\" height=\"720\" \/><\/a><p id=\"caption-attachment-191045\" class=\"wp-caption-text\">Les nouveaux dipl\u00f4m\u00e9s en compagnie de Jacky Lecoanet.<\/p><\/div>\n<\/div>\n<div>\n<div class=\"elementToProof\">\n<h3>Les assises annuelles de l\u2019ASG natation ont eu lieu ce vendredi soir \u00e0 la base nautique o\u00f9 adh\u00e9rents et parents se sont r\u00e9unis autour de l\u2019actuel pr\u00e9sident Jacky Lecoanet qui a de nouveau lanc\u00e9 un appel afin que des personnes motiv\u00e9es viennent s\u2019investir dans la vie du club.<\/h3>\n<div id=\"attachment_191043\" style=\"width: 350px\" class=\"wp-caption alignright\"><a href=\"\/2022\/06\/AG-ASG-Natation-4.jpg\"><img decoding=\"async\" aria-describedby=\"caption-attachment-191043\" class=\"wp-image-191043 size-medium\" src=\"\/2022\/06\/AG-ASG-Natation-4-340x255.jpg\" alt=\"AG ASG Natation (4)\" width=\"340\" height=\"255\" \/><\/a><p id=\"caption-attachment-191043\" class=\"wp-caption-text\"><span style=\"color: #000080;\">J. LECOANET le pr\u00e9sident du club<\/span><\/p><\/div>\n<p>Vie qui a \u00e9t\u00e9 fortement perturb\u00e9e ces trois derni\u00e8res ann\u00e9es en raison de la crise sanitaire mais aussi et principalement en raison de la fermeture du complexe sportif g\u00e9r\u00f4mois \u00e0 partir de mars 2019 pour proc\u00e9der \u00e0 son agrandissement et \u00e0 sa modernisation. L\u2019ASG est rest\u00e9e affili\u00e9e \u00e0 la FFN mais a d\u00fb faire face \u00ab\u00a0\u00e0 l\u2019impossibilit\u00e9 de d\u00e9placer les nageurs et les nageuses sur d\u2019autres sites\u00a0\u00bb pour reprendre les mots du pr\u00e9sident. Le club a tout de m\u00eame pu maintenir ses orientations en mati\u00e8re de formation et d\u2019encadrement et surtout il n\u2019a pas \u00e9t\u00e9 mis en sommeil pendant cette p\u00e9riode, m\u00eame si, vous l\u2019aurez compris, la plupart des sections ont \u00e9t\u00e9 mises entre parenth\u00e8ses. \u00ab\u00a0Les cr\u00e9neaux horaires tardifs ne convenaient pas aux nageurs et nageuses concern\u00e9s et les d\u00e9placements \u00e9taient trop co\u00fbteux pour le club\u00a0\u00bb pr\u00e9cise Jacky Lecoanet qui a n\u00e9anmoins pu assurer ses fonctions d\u2019entra\u00eeneur pour l\u2019\u00e9cole de natation au sein du club de Saint Di\u00e9 (pour l\u2019\u00e9cole de natation St Di\u00e9 et G\u00e9rardmer).<\/p>\n<h4>Les activit\u00e9s ont repris en janvier au CABE<\/h4>\n<p><a href=\"\/2022\/06\/AG-ASG-Natation-1.jpg\"><img decoding=\"async\" class=\"alignright size-medium wp-image-191044\" src=\"\/2022\/06\/AG-ASG-Natation-1-340x255.jpg\" alt=\"AG ASG Natation (1)\" width=\"340\" height=\"255\" \/><\/a>A l\u2019heure actuelle, l\u2019ASG Natation a pu reprendre ses activit\u00e9s depuis la r\u00e9ouverture du Complexe Aquatique de Bien-\u00catre au d\u00e9but de l\u2019ann\u00e9e. Depuis le 26 janvier 2022, le club a enregistr\u00e9 48 licences, ce qui n\u2019\u00e9tait pas gagn\u00e9 d\u2019avance \u00e9tant donn\u00e9 le contexte. Trois filles et un gar\u00e7on dont obtenu leur dipl\u00f4me du BNNSA : Orlane Delsarte (qui assistent l&rsquo;entra\u00eeneur sur les cr\u00e9neaux du mercredi et du samedi), Camille Poirier, Marie Martinez et Ronan Musset. Pour ces \u00e9l\u00e8ves qui ont 18 ans, ils pourront ainsi postuler \u00e0 un travail saisonnier en lien avec leur dipl\u00f4me. A ce jour, 15 jeunes de l\u2019\u00e9cole de natation de l\u2019ASG ont \u00e9galement r\u00e9ussi avec succ\u00e8s leur dipl\u00f4me Sauv\u2019Nage qui leur a \u00e9t\u00e9 remis lors de cette assembl\u00e9e g\u00e9n\u00e9rale.<\/p>\n<p><strong>Les r\u00e9cipiendaires :<\/strong><\/p>\n<p>Baroin-Claudel Alix \/ Gilewski Victoire \/ Madika Olivia \/ Marchal Mah\u00e9 \/ Moutarlier Elsa \/ Olivier : Alicia et Nolhan \/ Renaud Germain. Egalement r\u00e9cipiendaires mais absents : Francke-Belhadj : Aliya et Safi \/ Mercier Augustine \/ Gory Anastasia.<\/p>\n<h5><span style=\"font-size: 12pt;\">L&rsquo;\u00e9cole de natation : une priorit\u00e9<\/span><\/h5>\n<p><a href=\"\/2022\/06\/AG-ASG-Natation-3.jpg\"><img decoding=\"async\" class=\"alignright size-medium wp-image-191042\" src=\"\/2022\/06\/AG-ASG-Natation-3-340x255.jpg\" alt=\"AG ASG Natation (3)\" width=\"340\" height=\"255\" \/><\/a>L\u2019\u00e9cole de natation dont l\u2019entra\u00eeneur du club en a fait une priorit\u00e9, tout comme l\u2019encadrement et la formation qui seront des objectifs majeurs pour la saison et m\u00eames les saisons \u00e0 venir : \u00ab\u00a0L\u2019encadrement \u00e9ducatif et sportif s\u2019appuie sur un \u00e9ducateur dipl\u00f4m\u00e9 d\u2019\u00c9tat et sur deux \u00e9ducateurs dipl\u00f4m\u00e9s f\u00e9d\u00e9raux. Pour r\u00e9pondre aux besoins du club et pour ne pas n\u00e9gliger l\u2019entrainement de tous, il est imp\u00e9ratif de renforcer l\u2019encadrement actuel pour offrir de meilleures prestations au sein du club\u00a0\u00bb explique Jacky Lecoanet. Amener les jeunes nageuses et nageurs du club \u00e0 passer les diff\u00e9rents dipl\u00f4mes de l\u2019Ecole de Natation Fran\u00e7aise est donc essentiel, tout comme le fait de former progressivement des assistant(e)s de club.<\/p>\n<p>Il y a donc du pain sur la planche pour l\u2019ASG Natation. Et le pr\u00e9sident compte sur les forces vives du club pour le soutenir avec l&rsquo;arriv\u00e9e de nouveaux visages au sein du comit\u00e9, notamment certains parents de jeunes nageurs qui apporte une touche f\u00e9minine au bureau et vont pouvoir le soulager de certaines t\u00e2ches. Jacky Lecoanet a \u00e9galement tenu \u00e0 remercier les partenaires du club, qu\u2019ils soient institutionnels comme la ville de G\u00e9rardmer, ou priv\u00e9s comme le Super U local ou Gan Assurance ainsi que plusieurs commer\u00e7ants locaux qui ont particip\u00e9 au pot de l&rsquo;amiti\u00e9 qui a conclue cette assembl\u00e9e g\u00e9n\u00e9rale sur la terrasse de la base nautique.<\/p>\n<p><strong>Les activit\u00e9s du club :<\/strong><\/p>\n<p><a href=\"\/2022\/06\/20220618_085617.jpg\"><img decoding=\"async\" class=\"aligncenter size-full wp-image-191082\" src=\"\/2022\/06\/20220618_085617.jpg\" alt=\"20220618_085617\" width=\"1134\" height=\"1600\" \/><\/a><\/p>\n<\/div>\n<\/div>\n","protected":false},"excerpt":{"rendered":"<p>Les assises annuelles de l\u2019ASG natation ont eu lieu ce vendredi soir \u00e0 la base nautique o\u00f9 adh\u00e9rents et parents [&hellip;]<\/p>\n","protected":false},"author":42,"featured_media":59851,"comment_status":"open","ping_status":"open","sticky":false,"template":"","format":"standard","meta":{"footnotes":""},"categories":[20,25,14],"tags":[],"class_list":["post-59850","post","type-post","status-publish","format-standard","has-post-thumbnail","hentry","category-a-la-une","category-gerardmer","category-sport"],"acf":[],"yoast_head":"<!-- This site is optimized with the Yoast SEO plugin v22.5 - https:\/\/yoast.com\/wordpress\/plugins\/seo\/ -->\n<title>L&#039;ASG Natation voit le bout du tunnel avec la r\u00e9ouverture de la piscine - Gerardmer Info<\/title>\n<meta name=\"robots\" content=\"index, follow, max-snippet:-1, max-image-preview:large, max-video-preview:-1\" \/>\n<link rel=\"canonical\" href=\"https:\/\/vosgesinfo.fr\/gerardmerinfo\/2022\/06\/lasg-natation-voit-bout-tunnel-reouverture-de-piscine\/\" \/>\n<meta name=\"twitter:card\" content=\"summary_large_image\" \/>\n<meta name=\"twitter:title\" content=\"L&#039;ASG Natation voit le bout du tunnel avec la r\u00e9ouverture de la piscine - Gerardmer Info\" \/>\n<meta name=\"twitter:description\" content=\"Les assises annuelles de l\u2019ASG natation ont eu lieu ce vendredi soir \u00e0 la base nautique o\u00f9 adh\u00e9rents et parents [&hellip;]\" \/>\n<meta name=\"twitter:image\" content=\"https:\/\/vosgesinfo.fr\/app\/uploads\/sites\/6\/2024\/07\/202206ag-asg-natation-1.jpg\" \/>\n<meta name=\"twitter:creator\" content=\"@VosgesInfo88\" \/>\n<meta name=\"twitter:site\" content=\"@VosgesInfo88\" \/>\n<meta name=\"twitter:label1\" content=\"\u00c9crit par\" \/>\n\t<meta name=\"twitter:data1\" content=\"QG\" \/>\n\t<meta name=\"twitter:label2\" content=\"Dur\u00e9e de lecture estim\u00e9e\" \/>\n\t<meta name=\"twitter:data2\" content=\"4 minutes\" \/>\n<script type=\"application\/ld+json\" class=\"yoast-schema-graph\">{\"@context\":\"https:\/\/schema.org\",\"@graph\":[{\"@type\":\"Article\",\"@id\":\"https:\/\/vosgesinfo.fr\/gerardmerinfo\/2022\/06\/lasg-natation-voit-bout-tunnel-reouverture-de-piscine\/#article\",\"isPartOf\":{\"@id\":\"https:\/\/vosgesinfo.fr\/gerardmerinfo\/2022\/06\/lasg-natation-voit-bout-tunnel-reouverture-de-piscine\/\"},\"author\":{\"name\":\"QG\",\"@id\":\"https:\/\/vosgesinfo.fr\/gerardmerinfo\/#\/schema\/person\/db5605779a843dad16b5368f3e7613a5\"},\"headline\":\"L&rsquo;ASG Natation voit le bout du tunnel avec la r\u00e9ouverture de la piscine\",\"datePublished\":\"2022-06-24T08:30:59+00:00\",\"dateModified\":\"2022-06-24T08:30:59+00:00\",\"mainEntityOfPage\":{\"@id\":\"https:\/\/vosgesinfo.fr\/gerardmerinfo\/2022\/06\/lasg-natation-voit-bout-tunnel-reouverture-de-piscine\/\"},\"wordCount\":744,\"commentCount\":0,\"publisher\":{\"@id\":\"https:\/\/vosgesinfo.fr\/gerardmerinfo\/#organization\"},\"image\":{\"@id\":\"https:\/\/vosgesinfo.fr\/gerardmerinfo\/2022\/06\/lasg-natation-voit-bout-tunnel-reouverture-de-piscine\/#primaryimage\"},\"thumbnailUrl\":\"https:\/\/vosgesinfo.fr\/app\/uploads\/sites\/6\/2024\/07\/202206ag-asg-natation-1.jpg\",\"articleSection\":[\"A la une\",\"G\u00e9rardmer\",\"Sport\"],\"inLanguage\":\"fr-FR\",\"potentialAction\":[{\"@type\":\"CommentAction\",\"name\":\"Comment\",\"target\":[\"https:\/\/vosgesinfo.fr\/gerardmerinfo\/2022\/06\/lasg-natation-voit-bout-tunnel-reouverture-de-piscine\/#respond\"]}]},{\"@type\":\"WebPage\",\"@id\":\"https:\/\/vosgesinfo.fr\/gerardmerinfo\/2022\/06\/lasg-natation-voit-bout-tunnel-reouverture-de-piscine\/\",\"url\":\"https:\/\/vosgesinfo.fr\/gerardmerinfo\/2022\/06\/lasg-natation-voit-bout-tunnel-reouverture-de-piscine\/\",\"name\":\"L'ASG Natation voit le bout du tunnel avec la r\u00e9ouverture de la piscine - Gerardmer Info\",\"isPartOf\":{\"@id\":\"https:\/\/vosgesinfo.fr\/gerardmerinfo\/#website\"},\"primaryImageOfPage\":{\"@id\":\"https:\/\/vosgesinfo.fr\/gerardmerinfo\/2022\/06\/lasg-natation-voit-bout-tunnel-reouverture-de-piscine\/#primaryimage\"},\"image\":{\"@id\":\"https:\/\/vosgesinfo.fr\/gerardmerinfo\/2022\/06\/lasg-natation-voit-bout-tunnel-reouverture-de-piscine\/#primaryimage\"},\"thumbnailUrl\":\"https:\/\/vosgesinfo.fr\/app\/uploads\/sites\/6\/2024\/07\/202206ag-asg-natation-1.jpg\",\"datePublished\":\"2022-06-24T08:30:59+00:00\",\"dateModified\":\"2022-06-24T08:30:59+00:00\",\"breadcrumb\":{\"@id\":\"https:\/\/vosgesinfo.fr\/gerardmerinfo\/2022\/06\/lasg-natation-voit-bout-tunnel-reouverture-de-piscine\/#breadcrumb\"},\"inLanguage\":\"fr-FR\",\"potentialAction\":[{\"@type\":\"ReadAction\",\"target\":[\"https:\/\/vosgesinfo.fr\/gerardmerinfo\/2022\/06\/lasg-natation-voit-bout-tunnel-reouverture-de-piscine\/\"]}]},{\"@type\":\"ImageObject\",\"inLanguage\":\"fr-FR\",\"@id\":\"https:\/\/vosgesinfo.fr\/gerardmerinfo\/2022\/06\/lasg-natation-voit-bout-tunnel-reouverture-de-piscine\/#primaryimage\",\"url\":\"https:\/\/vosgesinfo.fr\/app\/uploads\/sites\/6\/2024\/07\/202206ag-asg-natation-1.jpg\",\"contentUrl\":\"https:\/\/vosgesinfo.fr\/app\/uploads\/sites\/6\/2024\/07\/202206ag-asg-natation-1.jpg\",\"width\":1600,\"height\":1200},{\"@type\":\"BreadcrumbList\",\"@id\":\"https:\/\/vosgesinfo.fr\/gerardmerinfo\/2022\/06\/lasg-natation-voit-bout-tunnel-reouverture-de-piscine\/#breadcrumb\",\"itemListElement\":[{\"@type\":\"ListItem\",\"position\":1,\"name\":\"Home\",\"item\":\"https:\/\/vosgesinfo.fr\/gerardmerinfo\/\"},{\"@type\":\"ListItem\",\"position\":2,\"name\":\"L&rsquo;ASG Natation voit le bout du tunnel avec la r\u00e9ouverture de la piscine\"}]},{\"@type\":\"WebSite\",\"@id\":\"https:\/\/vosgesinfo.fr\/gerardmerinfo\/#website\",\"url\":\"https:\/\/vosgesinfo.fr\/gerardmerinfo\/\",\"name\":\"Gerardmer Info\",\"description\":\"Toute l&#039;actualit\u00e9 de G\u00e9rardmer\",\"publisher\":{\"@id\":\"https:\/\/vosgesinfo.fr\/gerardmerinfo\/#organization\"},\"alternateName\":\"Toute l'actualit\u00e9 de G\u00e9rardmer\",\"potentialAction\":[{\"@type\":\"SearchAction\",\"target\":{\"@type\":\"EntryPoint\",\"urlTemplate\":\"https:\/\/vosgesinfo.fr\/gerardmerinfo\/?s={search_term_string}\"},\"query-input\":\"required name=search_term_string\"}],\"inLanguage\":\"fr-FR\"},{\"@type\":\"Organization\",\"@id\":\"https:\/\/vosgesinfo.fr\/gerardmerinfo\/#organization\",\"name\":\"Gerardmer Info\",\"url\":\"https:\/\/vosgesinfo.fr\/gerardmerinfo\/\",\"logo\":{\"@type\":\"ImageObject\",\"inLanguage\":\"fr-FR\",\"@id\":\"https:\/\/vosgesinfo.fr\/gerardmerinfo\/#\/schema\/logo\/image\/\",\"url\":\"https:\/\/vosgesinfo.fr\/app\/uploads\/sites\/6\/2023\/08\/favicon-gerardmerinfo.png\",\"contentUrl\":\"https:\/\/vosgesinfo.fr\/app\/uploads\/sites\/6\/2023\/08\/favicon-gerardmerinfo.png\",\"width\":512,\"height\":512,\"caption\":\"Gerardmer Info\"},\"image\":{\"@id\":\"https:\/\/vosgesinfo.fr\/gerardmerinfo\/#\/schema\/logo\/image\/\"},\"sameAs\":[\"https:\/\/www.facebook.com\/profile.php?id=100049475262660\",\"https:\/\/x.com\/VosgesInfo88\",\"https:\/\/www.youtube.com\/@vosgesinfo\"]},{\"@type\":\"Person\",\"@id\":\"https:\/\/vosgesinfo.fr\/gerardmerinfo\/#\/schema\/person\/db5605779a843dad16b5368f3e7613a5\",\"name\":\"QG\",\"image\":{\"@type\":\"ImageObject\",\"inLanguage\":\"fr-FR\",\"@id\":\"https:\/\/vosgesinfo.fr\/gerardmerinfo\/#\/schema\/person\/image\/\",\"url\":\"https:\/\/secure.gravatar.com\/avatar\/ea80c42c204b534408512832fde52504ecabb9706bcb6151cf6175e5b64e6793?s=96&d=mm&r=g\",\"contentUrl\":\"https:\/\/secure.gravatar.com\/avatar\/ea80c42c204b534408512832fde52504ecabb9706bcb6151cf6175e5b64e6793?s=96&d=mm&r=g\",\"caption\":\"QG\"},\"url\":\"https:\/\/vosgesinfo.fr\/gerardmerinfo\/author\/quentin88\/\"}]}<\/script>\n<!-- \/ Yoast SEO plugin. -->","yoast_head_json":{"title":"L'ASG Natation voit le bout du tunnel avec la r\u00e9ouverture de la piscine - Gerardmer Info","robots":{"index":"index","follow":"follow","max-snippet":"max-snippet:-1","max-image-preview":"max-image-preview:large","max-video-preview":"max-video-preview:-1"},"canonical":"https:\/\/vosgesinfo.fr\/gerardmerinfo\/2022\/06\/lasg-natation-voit-bout-tunnel-reouverture-de-piscine\/","twitter_card":"summary_large_image","twitter_title":"L'ASG Natation voit le bout du tunnel avec la r\u00e9ouverture de la piscine - Gerardmer Info","twitter_description":"Les assises annuelles de l\u2019ASG natation ont eu lieu ce vendredi soir \u00e0 la base nautique o\u00f9 adh\u00e9rents et parents [&hellip;]","twitter_image":"https:\/\/vosgesinfo.fr\/app\/uploads\/sites\/6\/2024\/07\/202206ag-asg-natation-1.jpg","twitter_creator":"@VosgesInfo88","twitter_site":"@VosgesInfo88","twitter_misc":{"\u00c9crit par":"QG","Dur\u00e9e de lecture estim\u00e9e":"4 minutes"},"schema":{"@context":"https:\/\/schema.org","@graph":[{"@type":"Article","@id":"https:\/\/vosgesinfo.fr\/gerardmerinfo\/2022\/06\/lasg-natation-voit-bout-tunnel-reouverture-de-piscine\/#article","isPartOf":{"@id":"https:\/\/vosgesinfo.fr\/gerardmerinfo\/2022\/06\/lasg-natation-voit-bout-tunnel-reouverture-de-piscine\/"},"author":{"name":"QG","@id":"https:\/\/vosgesinfo.fr\/gerardmerinfo\/#\/schema\/person\/db5605779a843dad16b5368f3e7613a5"},"headline":"L&rsquo;ASG Natation voit le bout du tunnel avec la r\u00e9ouverture de la piscine","datePublished":"2022-06-24T08:30:59+00:00","dateModified":"2022-06-24T08:30:59+00:00","mainEntityOfPage":{"@id":"https:\/\/vosgesinfo.fr\/gerardmerinfo\/2022\/06\/lasg-natation-voit-bout-tunnel-reouverture-de-piscine\/"},"wordCount":744,"commentCount":0,"publisher":{"@id":"https:\/\/vosgesinfo.fr\/gerardmerinfo\/#organization"},"image":{"@id":"https:\/\/vosgesinfo.fr\/gerardmerinfo\/2022\/06\/lasg-natation-voit-bout-tunnel-reouverture-de-piscine\/#primaryimage"},"thumbnailUrl":"https:\/\/vosgesinfo.fr\/app\/uploads\/sites\/6\/2024\/07\/202206ag-asg-natation-1.jpg","articleSection":["A la une","G\u00e9rardmer","Sport"],"inLanguage":"fr-FR","potentialAction":[{"@type":"CommentAction","name":"Comment","target":["https:\/\/vosgesinfo.fr\/gerardmerinfo\/2022\/06\/lasg-natation-voit-bout-tunnel-reouverture-de-piscine\/#respond"]}]},{"@type":"WebPage","@id":"https:\/\/vosgesinfo.fr\/gerardmerinfo\/2022\/06\/lasg-natation-voit-bout-tunnel-reouverture-de-piscine\/","url":"https:\/\/vosgesinfo.fr\/gerardmerinfo\/2022\/06\/lasg-natation-voit-bout-tunnel-reouverture-de-piscine\/","name":"L'ASG Natation voit le bout du tunnel avec la r\u00e9ouverture de la piscine - Gerardmer Info","isPartOf":{"@id":"https:\/\/vosgesinfo.fr\/gerardmerinfo\/#website"},"primaryImageOfPage":{"@id":"https:\/\/vosgesinfo.fr\/gerardmerinfo\/2022\/06\/lasg-natation-voit-bout-tunnel-reouverture-de-piscine\/#primaryimage"},"image":{"@id":"https:\/\/vosgesinfo.fr\/gerardmerinfo\/2022\/06\/lasg-natation-voit-bout-tunnel-reouverture-de-piscine\/#primaryimage"},"thumbnailUrl":"https:\/\/vosgesinfo.fr\/app\/uploads\/sites\/6\/2024\/07\/202206ag-asg-natation-1.jpg","datePublished":"2022-06-24T08:30:59+00:00","dateModified":"2022-06-24T08:30:59+00:00","breadcrumb":{"@id":"https:\/\/vosgesinfo.fr\/gerardmerinfo\/2022\/06\/lasg-natation-voit-bout-tunnel-reouverture-de-piscine\/#breadcrumb"},"inLanguage":"fr-FR","potentialAction":[{"@type":"ReadAction","target":["https:\/\/vosgesinfo.fr\/gerardmerinfo\/2022\/06\/lasg-natation-voit-bout-tunnel-reouverture-de-piscine\/"]}]},{"@type":"ImageObject","inLanguage":"fr-FR","@id":"https:\/\/vosgesinfo.fr\/gerardmerinfo\/2022\/06\/lasg-natation-voit-bout-tunnel-reouverture-de-piscine\/#primaryimage","url":"https:\/\/vosgesinfo.fr\/app\/uploads\/sites\/6\/2024\/07\/202206ag-asg-natation-1.jpg","contentUrl":"https:\/\/vosgesinfo.fr\/app\/uploads\/sites\/6\/2024\/07\/202206ag-asg-natation-1.jpg","width":1600,"height":1200},{"@type":"BreadcrumbList","@id":"https:\/\/vosgesinfo.fr\/gerardmerinfo\/2022\/06\/lasg-natation-voit-bout-tunnel-reouverture-de-piscine\/#breadcrumb","itemListElement":[{"@type":"ListItem","position":1,"name":"Home","item":"https:\/\/vosgesinfo.fr\/gerardmerinfo\/"},{"@type":"ListItem","position":2,"name":"L&rsquo;ASG Natation voit le bout du tunnel avec la r\u00e9ouverture de la piscine"}]},{"@type":"WebSite","@id":"https:\/\/vosgesinfo.fr\/gerardmerinfo\/#website","url":"https:\/\/vosgesinfo.fr\/gerardmerinfo\/","name":"Gerardmer Info","description":"Toute l&#039;actualit\u00e9 de G\u00e9rardmer","publisher":{"@id":"https:\/\/vosgesinfo.fr\/gerardmerinfo\/#organization"},"alternateName":"Toute l'actualit\u00e9 de G\u00e9rardmer","potentialAction":[{"@type":"SearchAction","target":{"@type":"EntryPoint","urlTemplate":"https:\/\/vosgesinfo.fr\/gerardmerinfo\/?s={search_term_string}"},"query-input":"required name=search_term_string"}],"inLanguage":"fr-FR"},{"@type":"Organization","@id":"https:\/\/vosgesinfo.fr\/gerardmerinfo\/#organization","name":"Gerardmer Info","url":"https:\/\/vosgesinfo.fr\/gerardmerinfo\/","logo":{"@type":"ImageObject","inLanguage":"fr-FR","@id":"https:\/\/vosgesinfo.fr\/gerardmerinfo\/#\/schema\/logo\/image\/","url":"https:\/\/vosgesinfo.fr\/app\/uploads\/sites\/6\/2023\/08\/favicon-gerardmerinfo.png","contentUrl":"https:\/\/vosgesinfo.fr\/app\/uploads\/sites\/6\/2023\/08\/favicon-gerardmerinfo.png","width":512,"height":512,"caption":"Gerardmer Info"},"image":{"@id":"https:\/\/vosgesinfo.fr\/gerardmerinfo\/#\/schema\/logo\/image\/"},"sameAs":["https:\/\/www.facebook.com\/profile.php?id=100049475262660","https:\/\/x.com\/VosgesInfo88","https:\/\/www.youtube.com\/@vosgesinfo"]},{"@type":"Person","@id":"https:\/\/vosgesinfo.fr\/gerardmerinfo\/#\/schema\/person\/db5605779a843dad16b5368f3e7613a5","name":"QG","image":{"@type":"ImageObject","inLanguage":"fr-FR","@id":"https:\/\/vosgesinfo.fr\/gerardmerinfo\/#\/schema\/person\/image\/","url":"https:\/\/secure.gravatar.com\/avatar\/ea80c42c204b534408512832fde52504ecabb9706bcb6151cf6175e5b64e6793?s=96&d=mm&r=g","contentUrl":"https:\/\/secure.gravatar.com\/avatar\/ea80c42c204b534408512832fde52504ecabb9706bcb6151cf6175e5b64e6793?s=96&d=mm&r=g","caption":"QG"},"url":"https:\/\/vosgesinfo.fr\/gerardmerinfo\/author\/quentin88\/"}]}},"_links":{"self":[{"href":"https:\/\/vosgesinfo.fr\/gerardmerinfo\/wp-json\/wp\/v2\/posts\/59850","targetHints":{"allow":["GET"]}}],"collection":[{"href":"https:\/\/vosgesinfo.fr\/gerardmerinfo\/wp-json\/wp\/v2\/posts"}],"about":[{"href":"https:\/\/vosgesinfo.fr\/gerardmerinfo\/wp-json\/wp\/v2\/types\/post"}],"author":[{"embeddable":true,"href":"https:\/\/vosgesinfo.fr\/gerardmerinfo\/wp-json\/wp\/v2\/users\/42"}],"replies":[{"embeddable":true,"href":"https:\/\/vosgesinfo.fr\/gerardmerinfo\/wp-json\/wp\/v2\/comments?post=59850"}],"version-history":[{"count":0,"href":"https:\/\/vosgesinfo.fr\/gerardmerinfo\/wp-json\/wp\/v2\/posts\/59850\/revisions"}],"wp:featuredmedia":[{"embeddable":true,"href":"https:\/\/vosgesinfo.fr\/gerardmerinfo\/wp-json\/wp\/v2\/media\/59851"}],"wp:attachment":[{"href":"https:\/\/vosgesinfo.fr\/gerardmerinfo\/wp-json\/wp\/v2\/media?parent=59850"}],"wp:term":[{"taxonomy":"category","embeddable":true,"href":"https:\/\/vosgesinfo.fr\/gerardmerinfo\/wp-json\/wp\/v2\/categories?post=59850"},{"taxonomy":"post_tag","embeddable":true,"href":"https:\/\/vosgesinfo.fr\/gerardmerinfo\/wp-json\/wp\/v2\/tags?post=59850"}],"curies":[{"name":"wp","href":"https:\/\/api.w.org\/{rel}","templated":true}]}}