{"id":60023,"date":"2022-06-25T03:59:51","date_gmt":"2022-06-25T01:59:51","guid":{"rendered":"https:\/\/vosgesinfo.fr\/gerardmerinfo\/2022\/06\/association-concerts-st-barthelemy-6-concerts-bel-ete\/"},"modified":"2022-06-25T03:59:51","modified_gmt":"2022-06-25T01:59:51","slug":"association-concerts-st-barthelemy-6-concerts-bel-ete","status":"publish","type":"post","link":"https:\/\/vosgesinfo.fr\/gerardmerinfo\/2022\/06\/association-concerts-st-barthelemy-6-concerts-bel-ete\/","title":{"rendered":"Association des concerts St Barth\u00e9l\u00e9my : 6 concerts pour un bel \u00e9t\u00e9"},"content":{"rendered":"<h3><a href=\"\/2022\/06\/AG-Saint-Bart\u00e9l\u00e9my.jpg\"><img decoding=\"async\" class=\"aligncenter wp-image-191496 \" src=\"\/2022\/06\/AG-Saint-Bart\u00e9l\u00e9my-1024x768.jpg\" alt=\"AG Saint Bart\u00e9l\u00e9my\" width=\"601\" height=\"451\" \/><\/a><\/h3>\n<h3><span style=\"font-size: 12pt;\">Les assises annuelles de l&rsquo;association des Concerts Saint Barth\u00e9l\u00e9my avaient lieu ce jeudi soir en pr\u00e9sence de l&rsquo;adjointe \u00e0 la culture Anne Chwaliszewski. La Ville de G\u00e9rardmer, soutien historique de l&rsquo;\u00e9quipe qui s&rsquo;est donn\u00e9e pour mission d&rsquo;organiser des concerts pour le plaisir des m\u00e9lomanes et pour valoriser l&rsquo;orgue de l&rsquo;\u00e9glise g\u00e9r\u00f4moise. Cet \u00e9t\u00e9, 6 rendez-vous au programme de l&rsquo;Et\u00e9 Musical qui devrait r\u00e9galer le public dont on attende le retour de pieds ferme&#8230;<\/span><\/h3>\n<p>Une association qui va devoir trouver la bonne formule pour retrouver le bon tempo apr\u00e8s une crise sanitaire qui s&rsquo;est av\u00e9r\u00e9e redoutable pour les structures organisatrices de concerts. Les Concerts Saint Barth\u00e9l\u00e9my n&rsquo;ont pas fait exception \u00e0 la r\u00e8gle malheureusement, et ont subi le contre-coups de cette p\u00e9riode morose. Tout d&rsquo;abord et comme le pr\u00e9cisait le pr\u00e9sident Philippe Fondard, sachez qu&rsquo;en raison de la pand\u00e9mie, le choix avait \u00e9t\u00e9 fait de ne pas organiser de concerts en 2020 pour finalement relancer les activit\u00e9s en 2021, ann\u00e9e qui correspondait au 30\u00e8me anniversaire de la cr\u00e9ation de l&rsquo;association. \u00ab\u00a0Je rappelle que notre association, cr\u00e9\u00e9e donc en 1991, a permis de faire perdurer la tradition des concerts d\u2019\u00e9t\u00e9 propos\u00e9s d\u00e8s 1960 par l\u2019Abb\u00e9 Pierre BEAU, puis \u00e0 partir de 1977 par Fran\u00e7ois LAVERGNE\u00a0\u00bb.<\/p>\n<p>Au cours de l\u2019ann\u00e9e 2021,\u00a0 7 concerts ont \u00e9t\u00e9 organis\u00e9s durant l\u2019\u00c9t\u00e9 MUSICAL, ainsi qu\u2019un concert en d\u00e9cembre. L&rsquo;association a \u00e9galement apport\u00e9 son concours habituel \u00e0 plusieurs autres concerts qui se sont d\u00e9roul\u00e9s dans l\u2019\u00e9glise paroissiale, notamment ceux de l\u2019acad\u00e9mie de musique, fin ao\u00fbt. \u00ab\u00a0Cependant, avec seulement 130 entr\u00e9es, ce chiffre est nettement inf\u00e9rieur a ce que nous avions pu conna\u00eetre auparavant avec un fr\u00e9quentation qui variait plut\u00f4t entre 180 et 250 entr\u00e9es. (&#8230;) Ainsi que cela a \u00e9t\u00e9 constat\u00e9 dans de nombreux festival, l\u2019effet \u00ab COVID \u00bb entrainerait-il une d\u00e9saffection du public ? Je ne suis pas loin de le penser, car le concert que nous avons organis\u00e9 le 5 d\u00e9cembre, avec l\u2019ensemble SPLENDA VOCE, a connu une baisse sensible de fr\u00e9quentation entre 2019 et 2021 : 70 entr\u00e9es au lieu de 170 \u2026\u00a0\u00bb d\u00e9clare Philippe Fondard.<\/p>\n<p><a href=\"\/2022\/06\/L\u00e9t\u00e9-musical-20221.jpg\"><img decoding=\"async\" class=\"alignright size-medium wp-image-191489\" src=\"\/2022\/06\/L\u00e9t\u00e9-musical-20221-180x255.jpg\" alt=\"L'\u00e9t\u00e9 musical 2022(1)\" width=\"180\" height=\"255\" \/><\/a>Et de poursuivre : \u00ab\u00a0Ce fut donc un peu la douche froide que cette ann\u00e9e 2021, car le r\u00e9sultat financier est \u00e9videmment d\u00e9ficitaire puisque nos projets ambitieux n\u2019ont pas \u00e9t\u00e9 suivi par le public. Certes, gr\u00e2ce \u00e0 nos r\u00e9serves et au soutien apport\u00e9 par la subvention municipale, maintenue au niveau habituel, et qui a \u00e9t\u00e9 compl\u00e9t\u00e9e l\u2019an pass\u00e9 par une subvention exceptionnelle, notre association peut faire face \u00e0 ce d\u00e9ficit et ne se trouve pas en danger. Nous pouvons donc envisager de poursuivre notre route dans l\u2019animation musicale de la ville. Cependant nous devons peut-\u00eatre limiter nos ambitions dans la programmation des concerts. L\u2019id\u00e9al serait de rechercher quelques sponsors pour compl\u00e9ter nos recettes, mais, l\u00e0 encore, la conjoncture \u00e9conomique ne se pr\u00eate pas \u00e0 cet exercice\u00a0\u00bb.<\/p>\n<p>Ainsi, le programme de l\u2019\u00c9t\u00e9 MUSICAL 2022 sera donc \u00ab\u00a0un peu moins ambitieux\u00a0\u00bb pr\u00e9cise Philippe Fondard, mais sera tout aussi vari\u00e9 et toujours de qualit\u00e9, avec cependant la d\u00e9cision de ne pas prolonger l\u2019exp\u00e9rience de Li\u00e9zey. Enfin, comme toujours, l\u2019association apportera son soutien \u00e0 la nouvelle acad\u00e9mie de musique qui se tient \u00e0 G\u00e9rardmer du 20 au 28 ao\u00fbt, avec 2 concerts \u00e0 l\u2019\u00e9glise les 24 et 27, ainsi que le dimanche 28 \u00e0 l\u2019Espace LAC.<\/p>\n<p align=\"center\"><span style=\"font-family: Arial, sans-serif;\"><span style=\"font-size: medium;\"><b>L\u2019\u00c9T\u00c9 MUSICAL 2022 \u00c0 G\u00c9RARDMER<\/b><\/span><\/span><\/p>\n<p align=\"center\"><span style=\"font-family: Arial, sans-serif;\"><span style=\"font-size: medium;\"><b>PROGRAMME<\/b><\/span><\/span><\/p>\n<p class=\"western\" align=\"justify\"><span style=\"font-size: 12pt;\"><span style=\"font-family: Arial, sans-serif;\"><b>DIMANCHE 10 JUILLET \u00e0 17H30 EGLISE ST BARTH\u00c9LEMY <\/b><\/span><span style=\"font-family: Arial, sans-serif;\">RECITAL D\u2019ORGUE par J\u00e9r\u00e9my MARCHAL<\/span><\/span><\/p>\n<p class=\"western\" align=\"justify\"><span style=\"font-family: Arial, sans-serif; font-size: 12pt;\"> Dipl\u00f4m\u00e9 des conservatoires de Metz et Nancy <\/span><\/p>\n<p class=\"western\" align=\"justify\"><span style=\"font-family: Arial, sans-serif; font-size: 12pt;\"> Professeur d\u2019orgue \u00e0 G\u00e9rardmer et Saulxures-sur-Moselotte<\/span><\/p>\n<p class=\"western\" align=\"justify\"><span style=\"font-family: Arial, sans-serif; font-size: 12pt;\"><b>DIMANCHE 17 JUILLET \u00e0 17H30 EGLISE ST BARTH\u00c9LEMY<\/b><\/span><\/p>\n<p class=\"western\" align=\"justify\"><span style=\"font-family: Arial, sans-serif; font-size: 12pt;\"> CIN\u00c9-CONCERT avec DAVID CASSAN aux grandes orgues<\/span><\/p>\n<p class=\"western\" align=\"justify\"><span style=\"font-family: Arial, sans-serif; font-size: 12pt;\"> Professeur d\u2019orgue au Conservatoire de Nancy<\/span><\/p>\n<p class=\"western\" align=\"justify\"><span style=\"font-family: Arial, sans-serif; font-size: 12pt;\"> Titulaire du Grand-Orgue de l\u2019Oratoire du Louvre \u00e0 Paris<\/span><\/p>\n<p class=\"western\" align=\"justify\"><span style=\"font-family: Arial, sans-serif; font-size: 12pt;\"><b>DIMANCHE 24 JUILLET \u00e0 17H30 EGLISE ST BARTH\u00c9LEMY<\/b><\/span><\/p>\n<p class=\"western\" align=\"justify\"><span style=\"font-family: Arial, sans-serif; font-size: 12pt;\"> TROMBONE ET ORGUE<\/span><\/p>\n<p class=\"western\" align=\"justify\"><span style=\"font-family: Arial, sans-serif; font-size: 12pt;\"> Fabrice MILLISCHER (trombone)<\/span><\/p>\n<p class=\"western\" align=\"justify\"><span style=\"font-family: Arial, sans-serif; font-size: 12pt;\"> Roland LOPES (orgue)<\/span><\/p>\n<p class=\"western\" align=\"justify\"><span style=\"font-family: Arial, sans-serif; font-size: 12pt;\"><b>DIMANCHE 31 JUILLET \u00e0 17H30 EGLISE ST BARTH\u00c9LEMY<\/b><\/span><\/p>\n<p class=\"western\" align=\"justify\"><span style=\"font-family: Arial, sans-serif; font-size: 12pt;\">CONCERT DE CORS DES ALPES,<\/span><\/p>\n<p class=\"western\" align=\"justify\"><span style=\"font-family: Arial, sans-serif; font-size: 12pt;\"> Avec l\u2019Ensemble CORS ET ACCORDS<\/span><\/p>\n<p class=\"western\" align=\"justify\"><span style=\"font-family: Arial, sans-serif; font-size: 12pt;\"><b>DIMANCHE 7 AOUT \u00e0 17H30 EGLISE ST BARTH\u00c9LEMY<\/b><\/span><\/p>\n<p class=\"western\" align=\"justify\"><span style=\"font-size: 12pt;\"><b> <\/b><span style=\"font-family: Arial, sans-serif;\">DUO FL\u00dbTE ET ORGUE<\/span><\/span><\/p>\n<p class=\"western\" align=\"justify\"><span style=\"font-family: Arial, sans-serif; font-size: 12pt;\"> Marie Pierre et Francis AUCLAIR<\/span><\/p>\n<p class=\"western\" align=\"justify\"><span style=\"font-family: Arial, sans-serif; font-size: 12pt;\"><b>LUNDI 15 AO\u00dbT \u00e0 17H30 EGLISE ST BARTHELEMY<\/b><\/span><\/p>\n<p class=\"western\" align=\"justify\"><span style=\"font-family: Arial, sans-serif; font-size: 12pt;\"> TROMPETTES ET ORGUE<\/span><\/p>\n<p class=\"western\" align=\"justify\"><span style=\"font-family: Arial, sans-serif; font-size: 12pt;\"> Patrice LERECH &amp; S\u00e9bastien SCHLERET, trompettes<\/span><\/p>\n<p class=\"western\" align=\"justify\"><span style=\"font-family: Arial, sans-serif; font-size: 12pt;\">Olivier PERIN, orgue<\/span><\/p>\n<p class=\"western\" align=\"justify\"><span style=\"font-family: Arial, sans-serif; font-size: 12pt;\"><b>Tarifs d\u2019entr\u00e9e\u00a0: 10\u20ac (Tarif plein), 7\u20ac (jeunes, \u00e9tudiants et sans emploi). GRATUIT pour les moins de 12 ans accompagn\u00e9s.<\/b><\/span><\/p>\n<p class=\"western\" align=\"justify\"><span style=\"font-family: Arial, sans-serif; font-size: 12pt;\">Association des Concerts Saint Barth\u00e9lemy, renseignements au 06 07 65 30 70<\/span><\/p>\n<p class=\"western\" align=\"center\"><span style=\"font-family: Arial, sans-serif; font-size: 12pt;\"><b>*********************************************<\/b><\/span><\/p>\n","protected":false},"excerpt":{"rendered":"<p>Les assises annuelles de l&rsquo;association des Concerts Saint Barth\u00e9l\u00e9my avaient lieu ce jeudi soir en pr\u00e9sence de l&rsquo;adjointe \u00e0 la [&hellip;]<\/p>\n","protected":false},"author":42,"featured_media":60024,"comment_status":"open","ping_status":"open","sticky":false,"template":"","format":"standard","meta":{"footnotes":""},"categories":[20,34,4,25,17],"tags":[],"class_list":["post-60023","post","type-post","status-publish","format-standard","has-post-thumbnail","hentry","category-a-la-une","category-concert","category-culture","category-gerardmer","category-vie-associative"],"acf":[],"yoast_head":"<!-- This site is optimized with the Yoast SEO plugin v22.5 - https:\/\/yoast.com\/wordpress\/plugins\/seo\/ -->\n<title>Association des concerts St Barth\u00e9l\u00e9my : 6 concerts pour un bel \u00e9t\u00e9 - Gerardmer Info<\/title>\n<meta name=\"robots\" content=\"index, follow, max-snippet:-1, max-image-preview:large, max-video-preview:-1\" \/>\n<link rel=\"canonical\" href=\"https:\/\/vosgesinfo.fr\/gerardmerinfo\/2022\/06\/association-concerts-st-barthelemy-6-concerts-bel-ete\/\" \/>\n<meta name=\"twitter:card\" content=\"summary_large_image\" \/>\n<meta name=\"twitter:title\" content=\"Association des concerts St Barth\u00e9l\u00e9my : 6 concerts pour un bel \u00e9t\u00e9 - Gerardmer Info\" \/>\n<meta name=\"twitter:description\" content=\"Les assises annuelles de l&rsquo;association des Concerts Saint Barth\u00e9l\u00e9my avaient lieu ce jeudi soir en pr\u00e9sence de l&rsquo;adjointe \u00e0 la [&hellip;]\" \/>\n<meta name=\"twitter:image\" content=\"https:\/\/vosgesinfo.fr\/app\/uploads\/sites\/6\/2024\/07\/202206lete-musical-20221.jpg\" \/>\n<meta name=\"twitter:creator\" content=\"@VosgesInfo88\" \/>\n<meta name=\"twitter:site\" content=\"@VosgesInfo88\" \/>\n<meta name=\"twitter:label1\" content=\"\u00c9crit par\" \/>\n\t<meta name=\"twitter:data1\" content=\"QG\" \/>\n\t<meta name=\"twitter:label2\" content=\"Dur\u00e9e de lecture estim\u00e9e\" \/>\n\t<meta name=\"twitter:data2\" content=\"4 minutes\" \/>\n<script type=\"application\/ld+json\" class=\"yoast-schema-graph\">{\"@context\":\"https:\/\/schema.org\",\"@graph\":[{\"@type\":\"Article\",\"@id\":\"https:\/\/vosgesinfo.fr\/gerardmerinfo\/2022\/06\/association-concerts-st-barthelemy-6-concerts-bel-ete\/#article\",\"isPartOf\":{\"@id\":\"https:\/\/vosgesinfo.fr\/gerardmerinfo\/2022\/06\/association-concerts-st-barthelemy-6-concerts-bel-ete\/\"},\"author\":{\"name\":\"QG\",\"@id\":\"https:\/\/vosgesinfo.fr\/gerardmerinfo\/#\/schema\/person\/db5605779a843dad16b5368f3e7613a5\"},\"headline\":\"Association des concerts St Barth\u00e9l\u00e9my : 6 concerts pour un bel \u00e9t\u00e9\",\"datePublished\":\"2022-06-25T01:59:51+00:00\",\"dateModified\":\"2022-06-25T01:59:51+00:00\",\"mainEntityOfPage\":{\"@id\":\"https:\/\/vosgesinfo.fr\/gerardmerinfo\/2022\/06\/association-concerts-st-barthelemy-6-concerts-bel-ete\/\"},\"wordCount\":773,\"commentCount\":0,\"publisher\":{\"@id\":\"https:\/\/vosgesinfo.fr\/gerardmerinfo\/#organization\"},\"image\":{\"@id\":\"https:\/\/vosgesinfo.fr\/gerardmerinfo\/2022\/06\/association-concerts-st-barthelemy-6-concerts-bel-ete\/#primaryimage\"},\"thumbnailUrl\":\"https:\/\/vosgesinfo.fr\/app\/uploads\/sites\/6\/2024\/07\/202206lete-musical-20221.jpg\",\"articleSection\":[\"A la une\",\"Concert\",\"Culture\",\"G\u00e9rardmer\",\"Vie Associative\"],\"inLanguage\":\"fr-FR\",\"potentialAction\":[{\"@type\":\"CommentAction\",\"name\":\"Comment\",\"target\":[\"https:\/\/vosgesinfo.fr\/gerardmerinfo\/2022\/06\/association-concerts-st-barthelemy-6-concerts-bel-ete\/#respond\"]}]},{\"@type\":\"WebPage\",\"@id\":\"https:\/\/vosgesinfo.fr\/gerardmerinfo\/2022\/06\/association-concerts-st-barthelemy-6-concerts-bel-ete\/\",\"url\":\"https:\/\/vosgesinfo.fr\/gerardmerinfo\/2022\/06\/association-concerts-st-barthelemy-6-concerts-bel-ete\/\",\"name\":\"Association des concerts St Barth\u00e9l\u00e9my : 6 concerts pour un bel \u00e9t\u00e9 - Gerardmer Info\",\"isPartOf\":{\"@id\":\"https:\/\/vosgesinfo.fr\/gerardmerinfo\/#website\"},\"primaryImageOfPage\":{\"@id\":\"https:\/\/vosgesinfo.fr\/gerardmerinfo\/2022\/06\/association-concerts-st-barthelemy-6-concerts-bel-ete\/#primaryimage\"},\"image\":{\"@id\":\"https:\/\/vosgesinfo.fr\/gerardmerinfo\/2022\/06\/association-concerts-st-barthelemy-6-concerts-bel-ete\/#primaryimage\"},\"thumbnailUrl\":\"https:\/\/vosgesinfo.fr\/app\/uploads\/sites\/6\/2024\/07\/202206lete-musical-20221.jpg\",\"datePublished\":\"2022-06-25T01:59:51+00:00\",\"dateModified\":\"2022-06-25T01:59:51+00:00\",\"breadcrumb\":{\"@id\":\"https:\/\/vosgesinfo.fr\/gerardmerinfo\/2022\/06\/association-concerts-st-barthelemy-6-concerts-bel-ete\/#breadcrumb\"},\"inLanguage\":\"fr-FR\",\"potentialAction\":[{\"@type\":\"ReadAction\",\"target\":[\"https:\/\/vosgesinfo.fr\/gerardmerinfo\/2022\/06\/association-concerts-st-barthelemy-6-concerts-bel-ete\/\"]}]},{\"@type\":\"ImageObject\",\"inLanguage\":\"fr-FR\",\"@id\":\"https:\/\/vosgesinfo.fr\/gerardmerinfo\/2022\/06\/association-concerts-st-barthelemy-6-concerts-bel-ete\/#primaryimage\",\"url\":\"https:\/\/vosgesinfo.fr\/app\/uploads\/sites\/6\/2024\/07\/202206lete-musical-20221.jpg\",\"contentUrl\":\"https:\/\/vosgesinfo.fr\/app\/uploads\/sites\/6\/2024\/07\/202206lete-musical-20221.jpg\",\"width\":1587,\"height\":2245},{\"@type\":\"BreadcrumbList\",\"@id\":\"https:\/\/vosgesinfo.fr\/gerardmerinfo\/2022\/06\/association-concerts-st-barthelemy-6-concerts-bel-ete\/#breadcrumb\",\"itemListElement\":[{\"@type\":\"ListItem\",\"position\":1,\"name\":\"Home\",\"item\":\"https:\/\/vosgesinfo.fr\/gerardmerinfo\/\"},{\"@type\":\"ListItem\",\"position\":2,\"name\":\"Association des concerts St Barth\u00e9l\u00e9my : 6 concerts pour un bel \u00e9t\u00e9\"}]},{\"@type\":\"WebSite\",\"@id\":\"https:\/\/vosgesinfo.fr\/gerardmerinfo\/#website\",\"url\":\"https:\/\/vosgesinfo.fr\/gerardmerinfo\/\",\"name\":\"Gerardmer Info\",\"description\":\"Toute l&#039;actualit\u00e9 de G\u00e9rardmer\",\"publisher\":{\"@id\":\"https:\/\/vosgesinfo.fr\/gerardmerinfo\/#organization\"},\"alternateName\":\"Toute l'actualit\u00e9 de G\u00e9rardmer\",\"potentialAction\":[{\"@type\":\"SearchAction\",\"target\":{\"@type\":\"EntryPoint\",\"urlTemplate\":\"https:\/\/vosgesinfo.fr\/gerardmerinfo\/?s={search_term_string}\"},\"query-input\":\"required name=search_term_string\"}],\"inLanguage\":\"fr-FR\"},{\"@type\":\"Organization\",\"@id\":\"https:\/\/vosgesinfo.fr\/gerardmerinfo\/#organization\",\"name\":\"Gerardmer Info\",\"url\":\"https:\/\/vosgesinfo.fr\/gerardmerinfo\/\",\"logo\":{\"@type\":\"ImageObject\",\"inLanguage\":\"fr-FR\",\"@id\":\"https:\/\/vosgesinfo.fr\/gerardmerinfo\/#\/schema\/logo\/image\/\",\"url\":\"https:\/\/vosgesinfo.fr\/app\/uploads\/sites\/6\/2023\/08\/favicon-gerardmerinfo.png\",\"contentUrl\":\"https:\/\/vosgesinfo.fr\/app\/uploads\/sites\/6\/2023\/08\/favicon-gerardmerinfo.png\",\"width\":512,\"height\":512,\"caption\":\"Gerardmer Info\"},\"image\":{\"@id\":\"https:\/\/vosgesinfo.fr\/gerardmerinfo\/#\/schema\/logo\/image\/\"},\"sameAs\":[\"https:\/\/www.facebook.com\/profile.php?id=100049475262660\",\"https:\/\/x.com\/VosgesInfo88\",\"https:\/\/www.youtube.com\/@vosgesinfo\"]},{\"@type\":\"Person\",\"@id\":\"https:\/\/vosgesinfo.fr\/gerardmerinfo\/#\/schema\/person\/db5605779a843dad16b5368f3e7613a5\",\"name\":\"QG\",\"image\":{\"@type\":\"ImageObject\",\"inLanguage\":\"fr-FR\",\"@id\":\"https:\/\/vosgesinfo.fr\/gerardmerinfo\/#\/schema\/person\/image\/\",\"url\":\"https:\/\/secure.gravatar.com\/avatar\/ea80c42c204b534408512832fde52504ecabb9706bcb6151cf6175e5b64e6793?s=96&d=mm&r=g\",\"contentUrl\":\"https:\/\/secure.gravatar.com\/avatar\/ea80c42c204b534408512832fde52504ecabb9706bcb6151cf6175e5b64e6793?s=96&d=mm&r=g\",\"caption\":\"QG\"},\"url\":\"https:\/\/vosgesinfo.fr\/gerardmerinfo\/author\/quentin88\/\"}]}<\/script>\n<!-- \/ Yoast SEO plugin. -->","yoast_head_json":{"title":"Association des concerts St Barth\u00e9l\u00e9my : 6 concerts pour un bel \u00e9t\u00e9 - Gerardmer Info","robots":{"index":"index","follow":"follow","max-snippet":"max-snippet:-1","max-image-preview":"max-image-preview:large","max-video-preview":"max-video-preview:-1"},"canonical":"https:\/\/vosgesinfo.fr\/gerardmerinfo\/2022\/06\/association-concerts-st-barthelemy-6-concerts-bel-ete\/","twitter_card":"summary_large_image","twitter_title":"Association des concerts St Barth\u00e9l\u00e9my : 6 concerts pour un bel \u00e9t\u00e9 - Gerardmer Info","twitter_description":"Les assises annuelles de l&rsquo;association des Concerts Saint Barth\u00e9l\u00e9my avaient lieu ce jeudi soir en pr\u00e9sence de l&rsquo;adjointe \u00e0 la [&hellip;]","twitter_image":"https:\/\/vosgesinfo.fr\/app\/uploads\/sites\/6\/2024\/07\/202206lete-musical-20221.jpg","twitter_creator":"@VosgesInfo88","twitter_site":"@VosgesInfo88","twitter_misc":{"\u00c9crit par":"QG","Dur\u00e9e de lecture estim\u00e9e":"4 minutes"},"schema":{"@context":"https:\/\/schema.org","@graph":[{"@type":"Article","@id":"https:\/\/vosgesinfo.fr\/gerardmerinfo\/2022\/06\/association-concerts-st-barthelemy-6-concerts-bel-ete\/#article","isPartOf":{"@id":"https:\/\/vosgesinfo.fr\/gerardmerinfo\/2022\/06\/association-concerts-st-barthelemy-6-concerts-bel-ete\/"},"author":{"name":"QG","@id":"https:\/\/vosgesinfo.fr\/gerardmerinfo\/#\/schema\/person\/db5605779a843dad16b5368f3e7613a5"},"headline":"Association des concerts St Barth\u00e9l\u00e9my : 6 concerts pour un bel \u00e9t\u00e9","datePublished":"2022-06-25T01:59:51+00:00","dateModified":"2022-06-25T01:59:51+00:00","mainEntityOfPage":{"@id":"https:\/\/vosgesinfo.fr\/gerardmerinfo\/2022\/06\/association-concerts-st-barthelemy-6-concerts-bel-ete\/"},"wordCount":773,"commentCount":0,"publisher":{"@id":"https:\/\/vosgesinfo.fr\/gerardmerinfo\/#organization"},"image":{"@id":"https:\/\/vosgesinfo.fr\/gerardmerinfo\/2022\/06\/association-concerts-st-barthelemy-6-concerts-bel-ete\/#primaryimage"},"thumbnailUrl":"https:\/\/vosgesinfo.fr\/app\/uploads\/sites\/6\/2024\/07\/202206lete-musical-20221.jpg","articleSection":["A la une","Concert","Culture","G\u00e9rardmer","Vie Associative"],"inLanguage":"fr-FR","potentialAction":[{"@type":"CommentAction","name":"Comment","target":["https:\/\/vosgesinfo.fr\/gerardmerinfo\/2022\/06\/association-concerts-st-barthelemy-6-concerts-bel-ete\/#respond"]}]},{"@type":"WebPage","@id":"https:\/\/vosgesinfo.fr\/gerardmerinfo\/2022\/06\/association-concerts-st-barthelemy-6-concerts-bel-ete\/","url":"https:\/\/vosgesinfo.fr\/gerardmerinfo\/2022\/06\/association-concerts-st-barthelemy-6-concerts-bel-ete\/","name":"Association des concerts St Barth\u00e9l\u00e9my : 6 concerts pour un bel \u00e9t\u00e9 - Gerardmer Info","isPartOf":{"@id":"https:\/\/vosgesinfo.fr\/gerardmerinfo\/#website"},"primaryImageOfPage":{"@id":"https:\/\/vosgesinfo.fr\/gerardmerinfo\/2022\/06\/association-concerts-st-barthelemy-6-concerts-bel-ete\/#primaryimage"},"image":{"@id":"https:\/\/vosgesinfo.fr\/gerardmerinfo\/2022\/06\/association-concerts-st-barthelemy-6-concerts-bel-ete\/#primaryimage"},"thumbnailUrl":"https:\/\/vosgesinfo.fr\/app\/uploads\/sites\/6\/2024\/07\/202206lete-musical-20221.jpg","datePublished":"2022-06-25T01:59:51+00:00","dateModified":"2022-06-25T01:59:51+00:00","breadcrumb":{"@id":"https:\/\/vosgesinfo.fr\/gerardmerinfo\/2022\/06\/association-concerts-st-barthelemy-6-concerts-bel-ete\/#breadcrumb"},"inLanguage":"fr-FR","potentialAction":[{"@type":"ReadAction","target":["https:\/\/vosgesinfo.fr\/gerardmerinfo\/2022\/06\/association-concerts-st-barthelemy-6-concerts-bel-ete\/"]}]},{"@type":"ImageObject","inLanguage":"fr-FR","@id":"https:\/\/vosgesinfo.fr\/gerardmerinfo\/2022\/06\/association-concerts-st-barthelemy-6-concerts-bel-ete\/#primaryimage","url":"https:\/\/vosgesinfo.fr\/app\/uploads\/sites\/6\/2024\/07\/202206lete-musical-20221.jpg","contentUrl":"https:\/\/vosgesinfo.fr\/app\/uploads\/sites\/6\/2024\/07\/202206lete-musical-20221.jpg","width":1587,"height":2245},{"@type":"BreadcrumbList","@id":"https:\/\/vosgesinfo.fr\/gerardmerinfo\/2022\/06\/association-concerts-st-barthelemy-6-concerts-bel-ete\/#breadcrumb","itemListElement":[{"@type":"ListItem","position":1,"name":"Home","item":"https:\/\/vosgesinfo.fr\/gerardmerinfo\/"},{"@type":"ListItem","position":2,"name":"Association des concerts St Barth\u00e9l\u00e9my : 6 concerts pour un bel \u00e9t\u00e9"}]},{"@type":"WebSite","@id":"https:\/\/vosgesinfo.fr\/gerardmerinfo\/#website","url":"https:\/\/vosgesinfo.fr\/gerardmerinfo\/","name":"Gerardmer Info","description":"Toute l&#039;actualit\u00e9 de G\u00e9rardmer","publisher":{"@id":"https:\/\/vosgesinfo.fr\/gerardmerinfo\/#organization"},"alternateName":"Toute l'actualit\u00e9 de G\u00e9rardmer","potentialAction":[{"@type":"SearchAction","target":{"@type":"EntryPoint","urlTemplate":"https:\/\/vosgesinfo.fr\/gerardmerinfo\/?s={search_term_string}"},"query-input":"required name=search_term_string"}],"inLanguage":"fr-FR"},{"@type":"Organization","@id":"https:\/\/vosgesinfo.fr\/gerardmerinfo\/#organization","name":"Gerardmer Info","url":"https:\/\/vosgesinfo.fr\/gerardmerinfo\/","logo":{"@type":"ImageObject","inLanguage":"fr-FR","@id":"https:\/\/vosgesinfo.fr\/gerardmerinfo\/#\/schema\/logo\/image\/","url":"https:\/\/vosgesinfo.fr\/app\/uploads\/sites\/6\/2023\/08\/favicon-gerardmerinfo.png","contentUrl":"https:\/\/vosgesinfo.fr\/app\/uploads\/sites\/6\/2023\/08\/favicon-gerardmerinfo.png","width":512,"height":512,"caption":"Gerardmer Info"},"image":{"@id":"https:\/\/vosgesinfo.fr\/gerardmerinfo\/#\/schema\/logo\/image\/"},"sameAs":["https:\/\/www.facebook.com\/profile.php?id=100049475262660","https:\/\/x.com\/VosgesInfo88","https:\/\/www.youtube.com\/@vosgesinfo"]},{"@type":"Person","@id":"https:\/\/vosgesinfo.fr\/gerardmerinfo\/#\/schema\/person\/db5605779a843dad16b5368f3e7613a5","name":"QG","image":{"@type":"ImageObject","inLanguage":"fr-FR","@id":"https:\/\/vosgesinfo.fr\/gerardmerinfo\/#\/schema\/person\/image\/","url":"https:\/\/secure.gravatar.com\/avatar\/ea80c42c204b534408512832fde52504ecabb9706bcb6151cf6175e5b64e6793?s=96&d=mm&r=g","contentUrl":"https:\/\/secure.gravatar.com\/avatar\/ea80c42c204b534408512832fde52504ecabb9706bcb6151cf6175e5b64e6793?s=96&d=mm&r=g","caption":"QG"},"url":"https:\/\/vosgesinfo.fr\/gerardmerinfo\/author\/quentin88\/"}]}},"_links":{"self":[{"href":"https:\/\/vosgesinfo.fr\/gerardmerinfo\/wp-json\/wp\/v2\/posts\/60023","targetHints":{"allow":["GET"]}}],"collection":[{"href":"https:\/\/vosgesinfo.fr\/gerardmerinfo\/wp-json\/wp\/v2\/posts"}],"about":[{"href":"https:\/\/vosgesinfo.fr\/gerardmerinfo\/wp-json\/wp\/v2\/types\/post"}],"author":[{"embeddable":true,"href":"https:\/\/vosgesinfo.fr\/gerardmerinfo\/wp-json\/wp\/v2\/users\/42"}],"replies":[{"embeddable":true,"href":"https:\/\/vosgesinfo.fr\/gerardmerinfo\/wp-json\/wp\/v2\/comments?post=60023"}],"version-history":[{"count":0,"href":"https:\/\/vosgesinfo.fr\/gerardmerinfo\/wp-json\/wp\/v2\/posts\/60023\/revisions"}],"wp:featuredmedia":[{"embeddable":true,"href":"https:\/\/vosgesinfo.fr\/gerardmerinfo\/wp-json\/wp\/v2\/media\/60024"}],"wp:attachment":[{"href":"https:\/\/vosgesinfo.fr\/gerardmerinfo\/wp-json\/wp\/v2\/media?parent=60023"}],"wp:term":[{"taxonomy":"category","embeddable":true,"href":"https:\/\/vosgesinfo.fr\/gerardmerinfo\/wp-json\/wp\/v2\/categories?post=60023"},{"taxonomy":"post_tag","embeddable":true,"href":"https:\/\/vosgesinfo.fr\/gerardmerinfo\/wp-json\/wp\/v2\/tags?post=60023"}],"curies":[{"name":"wp","href":"https:\/\/api.w.org\/{rel}","templated":true}]}}