{"id":60098,"date":"2022-06-29T06:19:59","date_gmt":"2022-06-29T04:19:59","guid":{"rendered":"https:\/\/vosgesinfo.fr\/gerardmerinfo\/2022\/06\/perle-vosges-se-fragilise-urbanisme-surfrequentation-question\/"},"modified":"2022-06-29T06:19:59","modified_gmt":"2022-06-29T04:19:59","slug":"perle-vosges-se-fragilise-urbanisme-surfrequentation-question","status":"publish","type":"post","link":"https:\/\/vosgesinfo.fr\/gerardmerinfo\/2022\/06\/perle-vosges-se-fragilise-urbanisme-surfrequentation-question\/","title":{"rendered":"\u00ab\u00a0La Perle des Vosges se fragilise\u00a0\u00bb : urbanisme et surfr\u00e9quentation en question."},"content":{"rendered":"<div id=\"attachment_191778\" style=\"width: 1610px\" class=\"wp-caption aligncenter\"><a href=\"\/2022\/06\/IMG_4729.jpg\"><img decoding=\"async\" aria-describedby=\"caption-attachment-191778\" class=\"size-full wp-image-191778\" src=\"\/2022\/06\/IMG_4729.jpg\" alt=\"250 personnes ont assist\u00e9 \u00e0 cette premi\u00e8re r\u00e9union publique.\" width=\"1600\" height=\"1067\" \/><\/a><p id=\"caption-attachment-191778\" class=\"wp-caption-text\">300 personnes ont assist\u00e9 \u00e0 cette premi\u00e8re r\u00e9union publique de l&rsquo;ann\u00e9e de GPN.<\/p><\/div>\n<h3 style=\"text-align: justify;\"><strong><em>G\u00e9rardmer Patrimoine Nature<\/em><\/strong><strong>\u00a0continue son travail de sensibilisation \u00e0 la protection de l&rsquo;environnement et organise\u00a0une s\u00e9rie de r\u00e9unions publiques sur les\u00a0questions d&rsquo;urbanisme et de fr\u00e9quentation touristique. La premi\u00e8re d&rsquo;entre elles\u00a0avait lieu ce mardi 28 juin \u00e0 l&rsquo;Espace L.A.C. de G\u00e9rardmer.<\/strong><\/h3>\n<p style=\"text-align: justify;\">Les associations et acteurs locaux de la protection de l&rsquo;environnement, de la pr\u00e9servation du massif et de la sauvegarde de tous ses habitants \u00e9taient convi\u00e9s. Le public a r\u00e9pondu en nombre, puisque, \u00e0 partir de 20h00, 300 personnes ont investi la salle Belbriette pour entendre les avis de sp\u00e9cialistes et \u00e9changer avec eux. Pour l&rsquo;occasion, un clip de sensibilisation avait \u00e9t\u00e9 produit, un livret\/journal d&rsquo;information publi\u00e9 et un classique de chanson repris&#8230;<\/p>\n<h3 style=\"text-align: justify;\"><strong>Des experts pour r\u00e9pondre aux questions sur les grands enjeux.<\/strong><\/h3>\n<div id=\"attachment_191780\" style=\"width: 392px\" class=\"wp-caption alignright\"><a href=\"\/2022\/06\/IMG_4724.jpg\"><img decoding=\"async\" aria-describedby=\"caption-attachment-191780\" class=\"size-medium wp-image-191780\" src=\"\/2022\/06\/IMG_4724-382x255.jpg\" alt=\"Le coll\u00e8ge d'experts a su captiver l'attention du public sur les sujets environnementaux.\" width=\"382\" height=\"255\" \/><\/a><p id=\"caption-attachment-191780\" class=\"wp-caption-text\">Le coll\u00e8ge d&rsquo;experts a su captiver l&rsquo;attention du public sur les sujets environnementaux.<\/p><\/div>\n<p style=\"text-align: justify;\">La r\u00e9union \u00e9tait anim\u00e9e par Val\u00e9ry DUBOIS,\u00a0journaliste scientifique sp\u00e9cialiste de l&rsquo;environnement qui a fait intervenir plusieurs experts sur diff\u00e9rents sujets connexes autour de cette th\u00e9matique :<\/p>\n<ul style=\"text-align: justify;\">\n<li>Jean-Fran\u00e7ois FLECK, Pr\u00e9sident de\u00a0<em>Vosges Nature Environnement<\/em>, sur les enjeux li\u00e9s \u00e0 l&rsquo;eau<\/li>\n<li>Louis HERMON,\u00a0<em>Conservatoire des Espaces Naturels<\/em>, sur l&rsquo;int\u00e9r\u00eat et la pr\u00e9servation des zones humides<\/li>\n<li>Claude MAURICE, Pr\u00e9sident de\u00a0<em>Oiseaux Nature<\/em>, sur l&rsquo;impact de la sur-fr\u00e9quentation sur la faune<\/li>\n<li>Simon REMY, archiviste \u00e0\u00a0<em>Montagne d&rsquo;Archives<\/em>, sur les d\u00e9fis environnementaux dans notre vall\u00e9e depuis la fin du 19e si\u00e8cle<\/li>\n<li>Paul DE MONTCLOS,\u00a0PDG de\u00a0<em>Garnier-Thi\u00e9baut<\/em>, sur l&rsquo;industrie, son avenir et les enjeux pour le massif<\/li>\n<\/ul>\n<p style=\"text-align: justify;\">Tous, dans leur sp\u00e9cialit\u00e9 respective, ont montr\u00e9 l&rsquo;impact direct de la sur-fr\u00e9quentation sur notre environnement proche. Pour Jacque VALENTIN, Pr\u00e9sident de <em>GPN<\/em>, <em>\u00ab\u00a0En se densifiant et en multipliant les offres d\u2019h\u00e9bergement, G\u00e9rardmer attire toujours plus de monde. Il est \u00e9tabli que le risque sur l\u2019\u00e9cosyst\u00e8me est impact\u00e9 et que nous ne b\u00e9n\u00e9ficions pas des infrastructures n\u00e9cessaires pour accueillir cet afflux de visiteurs. Il est urgent de trouver les solutions pour notre avenir proche\u00a0\u00bb.<\/em><\/p>\n<h3 style=\"text-align: justify;\"><strong>Un interlude en musique.<\/strong><\/h3>\n<p style=\"text-align: justify;\">La pause dans les \u00e9changes fut des plus originales, puisque c&rsquo;est le chanteur Gr\u00e9gory PARADISI qui a pris sa guitare pour interpr\u00e9ter un extrait parodique du classique <em>\u00ab\u00a0The Sound Of Silence\u00a0\u00bb<\/em>, pour d\u00e9noncer les nuisances sonores li\u00e9es aux chalets de grandes capacit\u00e9s. Sa prestation est \u00e0 d\u00e9couvrir dans un autre article de Quentin GEOFFROY dans nos pages.<\/p>\n<h3 style=\"text-align: justify;\"><strong>Des partenaires associ\u00e9s aux travaux de <em>GPN\u00a0<\/em>et des \u00e9changes riches avec le public<\/strong><\/h3>\n<div id=\"attachment_191777\" style=\"width: 393px\" class=\"wp-caption alignright\"><a href=\"\/2022\/06\/IMG_4710.jpg\"><img decoding=\"async\" aria-describedby=\"caption-attachment-191777\" class=\"size-medium wp-image-191777\" src=\"\/2022\/06\/IMG_4710-383x255.jpg\" alt=\"Anne HUART et Jacques VALENTIN ont introduit les d\u00e9bats.\" width=\"383\" height=\"255\" \/><\/a><p id=\"caption-attachment-191777\" class=\"wp-caption-text\">Anne HUART et Jacques VALENTIN ont anim\u00e9 les d\u00e9bats.<\/p><\/div>\n<p style=\"text-align: justify;\">L&rsquo;association a pu compter sur le soutien et la pr\u00e9sence d&rsquo;autres acteurs du massif. Dominique HUMBERT, Pr\u00e9sident de <em>SOS Massif des Vosges<\/em>, qui propose une Universit\u00e9 Solidaire Vosgienne; Dominique THIRIET, qui est intervenu au titre du\u00a0<em>CPIER<\/em>, le collectif des habitants de Granges-Autmontzey.<\/p>\n<p style=\"text-align: justify;\">Pour Anne HUART, Co-Pr\u00e9sidente de\u00a0<em>GPN<\/em>, l&rsquo;optimisme reste de mise :\u00a0<em>\u00ab\u00a0Nous croyons encore que nous pouvons ensemble changer les choses, arriver \u00e0 mettre en place une sorte de r\u00e9f\u00e9rendum \u00e0 la Suisse, pour d\u00e9cider de ce que nous voulons pour dans 10, 20,50 ans. Nous avons rencontr\u00e9 des journalistes, des \u00e9crivains, des scientifiques, et nous partageons cette id\u00e9e que la participation citoyenne est in\u00e9luctable.\u00a0\u00bb<\/em><\/p>\n<p style=\"text-align: justify;\">A noter la pr\u00e9sence dans l&rsquo;assistance de nombreux repr\u00e9sentants d&rsquo;associations locales ainsi que de professionnels du tourisme. Une rencontre qui en appelle d&rsquo;autres selon les organisateurs qui ont donn\u00e9 rendez-vous aux participants \u00e0 la rentr\u00e9e prochaine.<\/p>\n<p style=\"text-align: justify;\">Regardez\u00a0<a href=\"https:\/\/www.youtube.com\/watch?v=RetIxdyeZvE\">ICI<\/a>\u00a0la vid\u00e9o de sensibilisation r\u00e9alis\u00e9e par\u00a0<em>GPN<\/em>\u00a0en accord avec Vincent MUNIER.<\/p>\n<p style=\"text-align: justify;\">Et retrouvez toute l&rsquo;actualit\u00e9 de GPN sur : <a href=\"http:\/\/www.gerardmer-patrimoine-nature.com\" target=\"_blank\" rel=\"noopener\">www.gerardmer-patrimoine-nature.com<\/a>.<\/p>\n","protected":false},"excerpt":{"rendered":"<p>G\u00e9rardmer Patrimoine Nature\u00a0continue son travail de sensibilisation \u00e0 la protection de l&rsquo;environnement et organise\u00a0une s\u00e9rie de r\u00e9unions publiques sur les\u00a0questions [&hellip;]<\/p>\n","protected":false},"author":1,"featured_media":60099,"comment_status":"open","ping_status":"open","sticky":false,"template":"","format":"standard","meta":{"footnotes":""},"categories":[20,7,25,13,15,18],"tags":[1737,497,702,1391],"class_list":["post-60098","post","type-post","status-publish","format-standard","has-post-thumbnail","hentry","category-a-la-une","category-environnement","category-gerardmer","category-societe","category-tourisme","category-vosges","tag-frequentation","tag-gerardmer-patrimoine-nature","tag-plan-local-de-lurbanisme","tag-tourisme"],"acf":[],"yoast_head":"<!-- This site is optimized with the Yoast SEO plugin v22.5 - https:\/\/yoast.com\/wordpress\/plugins\/seo\/ -->\n<title>&quot;La Perle des Vosges se fragilise&quot; : urbanisme et surfr\u00e9quentation en question. - Gerardmer Info<\/title>\n<meta name=\"robots\" content=\"index, follow, max-snippet:-1, max-image-preview:large, max-video-preview:-1\" \/>\n<link rel=\"canonical\" href=\"https:\/\/vosgesinfo.fr\/gerardmerinfo\/2022\/06\/perle-vosges-se-fragilise-urbanisme-surfrequentation-question\/\" \/>\n<meta name=\"twitter:card\" content=\"summary_large_image\" \/>\n<meta name=\"twitter:title\" content=\"&quot;La Perle des Vosges se fragilise&quot; : urbanisme et surfr\u00e9quentation en question. - Gerardmer Info\" \/>\n<meta name=\"twitter:description\" content=\"G\u00e9rardmer Patrimoine Nature\u00a0continue son travail de sensibilisation \u00e0 la protection de l&rsquo;environnement et organise\u00a0une s\u00e9rie de r\u00e9unions publiques sur les\u00a0questions [&hellip;]\" \/>\n<meta name=\"twitter:image\" content=\"https:\/\/vosgesinfo.fr\/app\/uploads\/sites\/6\/2024\/07\/202206img-4729.jpg\" \/>\n<meta name=\"twitter:creator\" content=\"@VosgesInfo88\" \/>\n<meta name=\"twitter:site\" content=\"@VosgesInfo88\" \/>\n<meta name=\"twitter:label1\" content=\"\u00c9crit par\" \/>\n\t<meta name=\"twitter:data1\" content=\"qs_admin\" \/>\n\t<meta name=\"twitter:label2\" content=\"Dur\u00e9e de lecture estim\u00e9e\" \/>\n\t<meta name=\"twitter:data2\" content=\"3 minutes\" \/>\n<script type=\"application\/ld+json\" class=\"yoast-schema-graph\">{\"@context\":\"https:\/\/schema.org\",\"@graph\":[{\"@type\":\"Article\",\"@id\":\"https:\/\/vosgesinfo.fr\/gerardmerinfo\/2022\/06\/perle-vosges-se-fragilise-urbanisme-surfrequentation-question\/#article\",\"isPartOf\":{\"@id\":\"https:\/\/vosgesinfo.fr\/gerardmerinfo\/2022\/06\/perle-vosges-se-fragilise-urbanisme-surfrequentation-question\/\"},\"author\":{\"name\":\"qs_admin\",\"@id\":\"https:\/\/vosgesinfo.fr\/gerardmerinfo\/#\/schema\/person\/bc5d02d71e6932e81b6dadb7386667b1\"},\"headline\":\"\u00ab\u00a0La Perle des Vosges se fragilise\u00a0\u00bb : urbanisme et surfr\u00e9quentation en question.\",\"datePublished\":\"2022-06-29T04:19:59+00:00\",\"dateModified\":\"2022-06-29T04:19:59+00:00\",\"mainEntityOfPage\":{\"@id\":\"https:\/\/vosgesinfo.fr\/gerardmerinfo\/2022\/06\/perle-vosges-se-fragilise-urbanisme-surfrequentation-question\/\"},\"wordCount\":689,\"commentCount\":0,\"publisher\":{\"@id\":\"https:\/\/vosgesinfo.fr\/gerardmerinfo\/#organization\"},\"image\":{\"@id\":\"https:\/\/vosgesinfo.fr\/gerardmerinfo\/2022\/06\/perle-vosges-se-fragilise-urbanisme-surfrequentation-question\/#primaryimage\"},\"thumbnailUrl\":\"https:\/\/vosgesinfo.fr\/app\/uploads\/sites\/6\/2024\/07\/202206img-4729.jpg\",\"keywords\":[\"fr\u00e9quentation\",\"G\u00e9rardmer patrimoine nature\",\"plan local de l'urbanisme\",\"tourisme\"],\"articleSection\":[\"A la une\",\"Environnement\",\"G\u00e9rardmer\",\"Soci\u00e9t\u00e9\",\"Tourisme\",\"Vosges\"],\"inLanguage\":\"fr-FR\",\"potentialAction\":[{\"@type\":\"CommentAction\",\"name\":\"Comment\",\"target\":[\"https:\/\/vosgesinfo.fr\/gerardmerinfo\/2022\/06\/perle-vosges-se-fragilise-urbanisme-surfrequentation-question\/#respond\"]}]},{\"@type\":\"WebPage\",\"@id\":\"https:\/\/vosgesinfo.fr\/gerardmerinfo\/2022\/06\/perle-vosges-se-fragilise-urbanisme-surfrequentation-question\/\",\"url\":\"https:\/\/vosgesinfo.fr\/gerardmerinfo\/2022\/06\/perle-vosges-se-fragilise-urbanisme-surfrequentation-question\/\",\"name\":\"\\\"La Perle des Vosges se fragilise\\\" : urbanisme et surfr\u00e9quentation en question. - Gerardmer Info\",\"isPartOf\":{\"@id\":\"https:\/\/vosgesinfo.fr\/gerardmerinfo\/#website\"},\"primaryImageOfPage\":{\"@id\":\"https:\/\/vosgesinfo.fr\/gerardmerinfo\/2022\/06\/perle-vosges-se-fragilise-urbanisme-surfrequentation-question\/#primaryimage\"},\"image\":{\"@id\":\"https:\/\/vosgesinfo.fr\/gerardmerinfo\/2022\/06\/perle-vosges-se-fragilise-urbanisme-surfrequentation-question\/#primaryimage\"},\"thumbnailUrl\":\"https:\/\/vosgesinfo.fr\/app\/uploads\/sites\/6\/2024\/07\/202206img-4729.jpg\",\"datePublished\":\"2022-06-29T04:19:59+00:00\",\"dateModified\":\"2022-06-29T04:19:59+00:00\",\"breadcrumb\":{\"@id\":\"https:\/\/vosgesinfo.fr\/gerardmerinfo\/2022\/06\/perle-vosges-se-fragilise-urbanisme-surfrequentation-question\/#breadcrumb\"},\"inLanguage\":\"fr-FR\",\"potentialAction\":[{\"@type\":\"ReadAction\",\"target\":[\"https:\/\/vosgesinfo.fr\/gerardmerinfo\/2022\/06\/perle-vosges-se-fragilise-urbanisme-surfrequentation-question\/\"]}]},{\"@type\":\"ImageObject\",\"inLanguage\":\"fr-FR\",\"@id\":\"https:\/\/vosgesinfo.fr\/gerardmerinfo\/2022\/06\/perle-vosges-se-fragilise-urbanisme-surfrequentation-question\/#primaryimage\",\"url\":\"https:\/\/vosgesinfo.fr\/app\/uploads\/sites\/6\/2024\/07\/202206img-4729.jpg\",\"contentUrl\":\"https:\/\/vosgesinfo.fr\/app\/uploads\/sites\/6\/2024\/07\/202206img-4729.jpg\",\"width\":1600,\"height\":1067},{\"@type\":\"BreadcrumbList\",\"@id\":\"https:\/\/vosgesinfo.fr\/gerardmerinfo\/2022\/06\/perle-vosges-se-fragilise-urbanisme-surfrequentation-question\/#breadcrumb\",\"itemListElement\":[{\"@type\":\"ListItem\",\"position\":1,\"name\":\"Home\",\"item\":\"https:\/\/vosgesinfo.fr\/gerardmerinfo\/\"},{\"@type\":\"ListItem\",\"position\":2,\"name\":\"\u00ab\u00a0La Perle des Vosges se fragilise\u00a0\u00bb : urbanisme et surfr\u00e9quentation en question.\"}]},{\"@type\":\"WebSite\",\"@id\":\"https:\/\/vosgesinfo.fr\/gerardmerinfo\/#website\",\"url\":\"https:\/\/vosgesinfo.fr\/gerardmerinfo\/\",\"name\":\"Gerardmer Info\",\"description\":\"Toute l&#039;actualit\u00e9 de G\u00e9rardmer\",\"publisher\":{\"@id\":\"https:\/\/vosgesinfo.fr\/gerardmerinfo\/#organization\"},\"alternateName\":\"Toute l'actualit\u00e9 de G\u00e9rardmer\",\"potentialAction\":[{\"@type\":\"SearchAction\",\"target\":{\"@type\":\"EntryPoint\",\"urlTemplate\":\"https:\/\/vosgesinfo.fr\/gerardmerinfo\/?s={search_term_string}\"},\"query-input\":\"required name=search_term_string\"}],\"inLanguage\":\"fr-FR\"},{\"@type\":\"Organization\",\"@id\":\"https:\/\/vosgesinfo.fr\/gerardmerinfo\/#organization\",\"name\":\"Gerardmer Info\",\"url\":\"https:\/\/vosgesinfo.fr\/gerardmerinfo\/\",\"logo\":{\"@type\":\"ImageObject\",\"inLanguage\":\"fr-FR\",\"@id\":\"https:\/\/vosgesinfo.fr\/gerardmerinfo\/#\/schema\/logo\/image\/\",\"url\":\"https:\/\/vosgesinfo.fr\/app\/uploads\/sites\/6\/2023\/08\/favicon-gerardmerinfo.png\",\"contentUrl\":\"https:\/\/vosgesinfo.fr\/app\/uploads\/sites\/6\/2023\/08\/favicon-gerardmerinfo.png\",\"width\":512,\"height\":512,\"caption\":\"Gerardmer Info\"},\"image\":{\"@id\":\"https:\/\/vosgesinfo.fr\/gerardmerinfo\/#\/schema\/logo\/image\/\"},\"sameAs\":[\"https:\/\/www.facebook.com\/profile.php?id=100049475262660\",\"https:\/\/x.com\/VosgesInfo88\",\"https:\/\/www.youtube.com\/@vosgesinfo\"]},{\"@type\":\"Person\",\"@id\":\"https:\/\/vosgesinfo.fr\/gerardmerinfo\/#\/schema\/person\/bc5d02d71e6932e81b6dadb7386667b1\",\"name\":\"qs_admin\",\"image\":{\"@type\":\"ImageObject\",\"inLanguage\":\"fr-FR\",\"@id\":\"https:\/\/vosgesinfo.fr\/gerardmerinfo\/#\/schema\/person\/image\/\",\"url\":\"https:\/\/secure.gravatar.com\/avatar\/94b18ee0ed79e4a42ea2f2931277b6841a8999fc6fde214600c78057cf1fe1de?s=96&d=mm&r=g\",\"contentUrl\":\"https:\/\/secure.gravatar.com\/avatar\/94b18ee0ed79e4a42ea2f2931277b6841a8999fc6fde214600c78057cf1fe1de?s=96&d=mm&r=g\",\"caption\":\"qs_admin\"},\"sameAs\":[\"https:\/\/vosgesinfo.fr\/wp\"],\"url\":\"https:\/\/vosgesinfo.fr\/gerardmerinfo\/author\/qs_admin\/\"}]}<\/script>\n<!-- \/ Yoast SEO plugin. -->","yoast_head_json":{"title":"\"La Perle des Vosges se fragilise\" : urbanisme et surfr\u00e9quentation en question. - Gerardmer Info","robots":{"index":"index","follow":"follow","max-snippet":"max-snippet:-1","max-image-preview":"max-image-preview:large","max-video-preview":"max-video-preview:-1"},"canonical":"https:\/\/vosgesinfo.fr\/gerardmerinfo\/2022\/06\/perle-vosges-se-fragilise-urbanisme-surfrequentation-question\/","twitter_card":"summary_large_image","twitter_title":"\"La Perle des Vosges se fragilise\" : urbanisme et surfr\u00e9quentation en question. - Gerardmer Info","twitter_description":"G\u00e9rardmer Patrimoine Nature\u00a0continue son travail de sensibilisation \u00e0 la protection de l&rsquo;environnement et organise\u00a0une s\u00e9rie de r\u00e9unions publiques sur les\u00a0questions [&hellip;]","twitter_image":"https:\/\/vosgesinfo.fr\/app\/uploads\/sites\/6\/2024\/07\/202206img-4729.jpg","twitter_creator":"@VosgesInfo88","twitter_site":"@VosgesInfo88","twitter_misc":{"\u00c9crit par":"qs_admin","Dur\u00e9e de lecture estim\u00e9e":"3 minutes"},"schema":{"@context":"https:\/\/schema.org","@graph":[{"@type":"Article","@id":"https:\/\/vosgesinfo.fr\/gerardmerinfo\/2022\/06\/perle-vosges-se-fragilise-urbanisme-surfrequentation-question\/#article","isPartOf":{"@id":"https:\/\/vosgesinfo.fr\/gerardmerinfo\/2022\/06\/perle-vosges-se-fragilise-urbanisme-surfrequentation-question\/"},"author":{"name":"qs_admin","@id":"https:\/\/vosgesinfo.fr\/gerardmerinfo\/#\/schema\/person\/bc5d02d71e6932e81b6dadb7386667b1"},"headline":"\u00ab\u00a0La Perle des Vosges se fragilise\u00a0\u00bb : urbanisme et surfr\u00e9quentation en question.","datePublished":"2022-06-29T04:19:59+00:00","dateModified":"2022-06-29T04:19:59+00:00","mainEntityOfPage":{"@id":"https:\/\/vosgesinfo.fr\/gerardmerinfo\/2022\/06\/perle-vosges-se-fragilise-urbanisme-surfrequentation-question\/"},"wordCount":689,"commentCount":0,"publisher":{"@id":"https:\/\/vosgesinfo.fr\/gerardmerinfo\/#organization"},"image":{"@id":"https:\/\/vosgesinfo.fr\/gerardmerinfo\/2022\/06\/perle-vosges-se-fragilise-urbanisme-surfrequentation-question\/#primaryimage"},"thumbnailUrl":"https:\/\/vosgesinfo.fr\/app\/uploads\/sites\/6\/2024\/07\/202206img-4729.jpg","keywords":["fr\u00e9quentation","G\u00e9rardmer patrimoine nature","plan local de l'urbanisme","tourisme"],"articleSection":["A la une","Environnement","G\u00e9rardmer","Soci\u00e9t\u00e9","Tourisme","Vosges"],"inLanguage":"fr-FR","potentialAction":[{"@type":"CommentAction","name":"Comment","target":["https:\/\/vosgesinfo.fr\/gerardmerinfo\/2022\/06\/perle-vosges-se-fragilise-urbanisme-surfrequentation-question\/#respond"]}]},{"@type":"WebPage","@id":"https:\/\/vosgesinfo.fr\/gerardmerinfo\/2022\/06\/perle-vosges-se-fragilise-urbanisme-surfrequentation-question\/","url":"https:\/\/vosgesinfo.fr\/gerardmerinfo\/2022\/06\/perle-vosges-se-fragilise-urbanisme-surfrequentation-question\/","name":"\"La Perle des Vosges se fragilise\" : urbanisme et surfr\u00e9quentation en question. - Gerardmer Info","isPartOf":{"@id":"https:\/\/vosgesinfo.fr\/gerardmerinfo\/#website"},"primaryImageOfPage":{"@id":"https:\/\/vosgesinfo.fr\/gerardmerinfo\/2022\/06\/perle-vosges-se-fragilise-urbanisme-surfrequentation-question\/#primaryimage"},"image":{"@id":"https:\/\/vosgesinfo.fr\/gerardmerinfo\/2022\/06\/perle-vosges-se-fragilise-urbanisme-surfrequentation-question\/#primaryimage"},"thumbnailUrl":"https:\/\/vosgesinfo.fr\/app\/uploads\/sites\/6\/2024\/07\/202206img-4729.jpg","datePublished":"2022-06-29T04:19:59+00:00","dateModified":"2022-06-29T04:19:59+00:00","breadcrumb":{"@id":"https:\/\/vosgesinfo.fr\/gerardmerinfo\/2022\/06\/perle-vosges-se-fragilise-urbanisme-surfrequentation-question\/#breadcrumb"},"inLanguage":"fr-FR","potentialAction":[{"@type":"ReadAction","target":["https:\/\/vosgesinfo.fr\/gerardmerinfo\/2022\/06\/perle-vosges-se-fragilise-urbanisme-surfrequentation-question\/"]}]},{"@type":"ImageObject","inLanguage":"fr-FR","@id":"https:\/\/vosgesinfo.fr\/gerardmerinfo\/2022\/06\/perle-vosges-se-fragilise-urbanisme-surfrequentation-question\/#primaryimage","url":"https:\/\/vosgesinfo.fr\/app\/uploads\/sites\/6\/2024\/07\/202206img-4729.jpg","contentUrl":"https:\/\/vosgesinfo.fr\/app\/uploads\/sites\/6\/2024\/07\/202206img-4729.jpg","width":1600,"height":1067},{"@type":"BreadcrumbList","@id":"https:\/\/vosgesinfo.fr\/gerardmerinfo\/2022\/06\/perle-vosges-se-fragilise-urbanisme-surfrequentation-question\/#breadcrumb","itemListElement":[{"@type":"ListItem","position":1,"name":"Home","item":"https:\/\/vosgesinfo.fr\/gerardmerinfo\/"},{"@type":"ListItem","position":2,"name":"\u00ab\u00a0La Perle des Vosges se fragilise\u00a0\u00bb : urbanisme et surfr\u00e9quentation en question."}]},{"@type":"WebSite","@id":"https:\/\/vosgesinfo.fr\/gerardmerinfo\/#website","url":"https:\/\/vosgesinfo.fr\/gerardmerinfo\/","name":"Gerardmer Info","description":"Toute l&#039;actualit\u00e9 de G\u00e9rardmer","publisher":{"@id":"https:\/\/vosgesinfo.fr\/gerardmerinfo\/#organization"},"alternateName":"Toute l'actualit\u00e9 de G\u00e9rardmer","potentialAction":[{"@type":"SearchAction","target":{"@type":"EntryPoint","urlTemplate":"https:\/\/vosgesinfo.fr\/gerardmerinfo\/?s={search_term_string}"},"query-input":"required name=search_term_string"}],"inLanguage":"fr-FR"},{"@type":"Organization","@id":"https:\/\/vosgesinfo.fr\/gerardmerinfo\/#organization","name":"Gerardmer Info","url":"https:\/\/vosgesinfo.fr\/gerardmerinfo\/","logo":{"@type":"ImageObject","inLanguage":"fr-FR","@id":"https:\/\/vosgesinfo.fr\/gerardmerinfo\/#\/schema\/logo\/image\/","url":"https:\/\/vosgesinfo.fr\/app\/uploads\/sites\/6\/2023\/08\/favicon-gerardmerinfo.png","contentUrl":"https:\/\/vosgesinfo.fr\/app\/uploads\/sites\/6\/2023\/08\/favicon-gerardmerinfo.png","width":512,"height":512,"caption":"Gerardmer Info"},"image":{"@id":"https:\/\/vosgesinfo.fr\/gerardmerinfo\/#\/schema\/logo\/image\/"},"sameAs":["https:\/\/www.facebook.com\/profile.php?id=100049475262660","https:\/\/x.com\/VosgesInfo88","https:\/\/www.youtube.com\/@vosgesinfo"]},{"@type":"Person","@id":"https:\/\/vosgesinfo.fr\/gerardmerinfo\/#\/schema\/person\/bc5d02d71e6932e81b6dadb7386667b1","name":"qs_admin","image":{"@type":"ImageObject","inLanguage":"fr-FR","@id":"https:\/\/vosgesinfo.fr\/gerardmerinfo\/#\/schema\/person\/image\/","url":"https:\/\/secure.gravatar.com\/avatar\/94b18ee0ed79e4a42ea2f2931277b6841a8999fc6fde214600c78057cf1fe1de?s=96&d=mm&r=g","contentUrl":"https:\/\/secure.gravatar.com\/avatar\/94b18ee0ed79e4a42ea2f2931277b6841a8999fc6fde214600c78057cf1fe1de?s=96&d=mm&r=g","caption":"qs_admin"},"sameAs":["https:\/\/vosgesinfo.fr\/wp"],"url":"https:\/\/vosgesinfo.fr\/gerardmerinfo\/author\/qs_admin\/"}]}},"_links":{"self":[{"href":"https:\/\/vosgesinfo.fr\/gerardmerinfo\/wp-json\/wp\/v2\/posts\/60098","targetHints":{"allow":["GET"]}}],"collection":[{"href":"https:\/\/vosgesinfo.fr\/gerardmerinfo\/wp-json\/wp\/v2\/posts"}],"about":[{"href":"https:\/\/vosgesinfo.fr\/gerardmerinfo\/wp-json\/wp\/v2\/types\/post"}],"author":[{"embeddable":true,"href":"https:\/\/vosgesinfo.fr\/gerardmerinfo\/wp-json\/wp\/v2\/users\/1"}],"replies":[{"embeddable":true,"href":"https:\/\/vosgesinfo.fr\/gerardmerinfo\/wp-json\/wp\/v2\/comments?post=60098"}],"version-history":[{"count":0,"href":"https:\/\/vosgesinfo.fr\/gerardmerinfo\/wp-json\/wp\/v2\/posts\/60098\/revisions"}],"wp:featuredmedia":[{"embeddable":true,"href":"https:\/\/vosgesinfo.fr\/gerardmerinfo\/wp-json\/wp\/v2\/media\/60099"}],"wp:attachment":[{"href":"https:\/\/vosgesinfo.fr\/gerardmerinfo\/wp-json\/wp\/v2\/media?parent=60098"}],"wp:term":[{"taxonomy":"category","embeddable":true,"href":"https:\/\/vosgesinfo.fr\/gerardmerinfo\/wp-json\/wp\/v2\/categories?post=60098"},{"taxonomy":"post_tag","embeddable":true,"href":"https:\/\/vosgesinfo.fr\/gerardmerinfo\/wp-json\/wp\/v2\/tags?post=60098"}],"curies":[{"name":"wp","href":"https:\/\/api.w.org\/{rel}","templated":true}]}}