{"id":60304,"date":"2022-07-13T06:16:55","date_gmt":"2022-07-13T04:16:55","guid":{"rendered":"https:\/\/vosgesinfo.fr\/gerardmerinfo\/2022\/07\/14-juillet-fetons-bio-a-ferme-bien-etre-marche-bio-moment-festif\/"},"modified":"2022-07-13T06:16:55","modified_gmt":"2022-07-13T04:16:55","slug":"14-juillet-fetons-bio-a-ferme-bien-etre-marche-bio-moment-festif","status":"publish","type":"post","link":"https:\/\/vosgesinfo.fr\/gerardmerinfo\/2022\/07\/14-juillet-fetons-bio-a-ferme-bien-etre-marche-bio-moment-festif\/","title":{"rendered":"Le 14 juillet, \u00ab\u00a0F\u00eatons la Bio\u00a0\u00bb \u00e0 la Ferme du Bien-\u00catre : march\u00e9 bio et moment festif"},"content":{"rendered":"<h3>Le Groupement des Agriculteurs Bio (GAB) des Vosges propose \u00ab F\u00eatons la Bio \u00bb, une manifestation festive \u00e0 la ferme du Bien-\u00eatre, 698 Route d\u2019Epinal, \u00e0 G\u00e9rardmer jeudi 14 juillet de 9h \u00e0 19h. Entr\u00e9e libre.<\/h3>\n<p><a href=\"\/2022\/07\/Affiche_fetonslabio2022_A4_page-0001.jpg\"><img decoding=\"async\" class=\"alignright size-medium wp-image-192208\" src=\"\/2022\/07\/Affiche_fetonslabio2022_A4_page-0001-180x255.jpg\" alt=\"Affiche_fetonslabio2022_A4_page-0001\" width=\"180\" height=\"255\" \/><\/a>F\u00eatons la Bio, c\u2019est un march\u00e9 champ\u00eatre bio et un moment festif avec des producteurs bio et artisans, des associations sociales et environnementales, un repas bio 88, un espace de restauration et buvette, des animations \u00e0 destination du grand public et des enfants notamment. Toute la journ\u00e9e, retrouvez les ateliers propos\u00e9s par Vent de Nature autour des sons de la nature et par la Bergerie de Straiture autour de la laine.<br \/>\nF\u00eatons la Bio, c\u2019est la rencontre entre les producteurs bio et les consommateurs dans la joie et la bonne humeur, la d\u00e9monstration de la richesse de notre terroir et de l\u2019importance des productions bio offertes. L\u2019\u00e9v\u00e8nement sera anim\u00e9 par une fanfare d\u00e9ambulatoire pour ce jour de f\u00eate.<br \/>\nLe GAB des Vosges est un groupement dynamique et solidaire qui f\u00e9d\u00e8re les agriculteurs bio du d\u00e9partement. Ils y sont repr\u00e9sent\u00e9s, d\u00e9fendus et accompagn\u00e9s. Ils peuvent s\u2019impliquer dans le d\u00e9veloppement de la bio et partager des moments de convivialit\u00e9. Le GAB des Vosges fait partie de Bio en Grand Est, une organisation de producteurs pour les producteurs, membre du r\u00e9seau de la F\u00e9d\u00e9ration Nationale de l\u2019Agriculture Biologique (FNAB) qui oeuvre pour un d\u00e9veloppement coh\u00e9rent de l\u2019agriculture biologique.<\/p>\n","protected":false},"excerpt":{"rendered":"<p>Le Groupement des Agriculteurs Bio (GAB) des Vosges propose \u00ab F\u00eatons la Bio \u00bb, une manifestation festive \u00e0 la ferme [&hellip;]<\/p>\n","protected":false},"author":1,"featured_media":60305,"comment_status":"open","ping_status":"open","sticky":false,"template":"","format":"standard","meta":{"footnotes":""},"categories":[20,23,18],"tags":[4579,4184],"class_list":["post-60304","post","type-post","status-publish","format-standard","has-post-thumbnail","hentry","category-a-la-une","category-agriculture","category-vosges","tag-ferme-du-bien-etre","tag-fetons-la-bio"],"acf":[],"yoast_head":"<!-- This site is optimized with the Yoast SEO plugin v22.5 - https:\/\/yoast.com\/wordpress\/plugins\/seo\/ -->\n<title>Le 14 juillet, &quot;F\u00eatons la Bio&quot; \u00e0 la Ferme du Bien-\u00catre : march\u00e9 bio et moment festif - Gerardmer Info<\/title>\n<meta name=\"robots\" content=\"index, follow, max-snippet:-1, max-image-preview:large, max-video-preview:-1\" \/>\n<link rel=\"canonical\" href=\"https:\/\/vosgesinfo.fr\/gerardmerinfo\/2022\/07\/14-juillet-fetons-bio-a-ferme-bien-etre-marche-bio-moment-festif\/\" \/>\n<meta name=\"twitter:card\" content=\"summary_large_image\" \/>\n<meta name=\"twitter:title\" content=\"Le 14 juillet, &quot;F\u00eatons la Bio&quot; \u00e0 la Ferme du Bien-\u00catre : march\u00e9 bio et moment festif - Gerardmer Info\" \/>\n<meta name=\"twitter:description\" content=\"Le Groupement des Agriculteurs Bio (GAB) des Vosges propose \u00ab F\u00eatons la Bio \u00bb, une manifestation festive \u00e0 la ferme [&hellip;]\" \/>\n<meta name=\"twitter:image\" content=\"https:\/\/vosgesinfo.fr\/app\/uploads\/sites\/6\/2024\/07\/202207affiche-fetonslabio2022-a4-page-0001.jpg\" \/>\n<meta name=\"twitter:creator\" content=\"@VosgesInfo88\" \/>\n<meta name=\"twitter:site\" content=\"@VosgesInfo88\" \/>\n<meta name=\"twitter:label1\" content=\"\u00c9crit par\" \/>\n\t<meta name=\"twitter:data1\" content=\"qs_admin\" \/>\n\t<meta name=\"twitter:label2\" content=\"Dur\u00e9e de lecture estim\u00e9e\" \/>\n\t<meta name=\"twitter:data2\" content=\"1 minute\" \/>\n<script type=\"application\/ld+json\" class=\"yoast-schema-graph\">{\"@context\":\"https:\/\/schema.org\",\"@graph\":[{\"@type\":\"Article\",\"@id\":\"https:\/\/vosgesinfo.fr\/gerardmerinfo\/2022\/07\/14-juillet-fetons-bio-a-ferme-bien-etre-marche-bio-moment-festif\/#article\",\"isPartOf\":{\"@id\":\"https:\/\/vosgesinfo.fr\/gerardmerinfo\/2022\/07\/14-juillet-fetons-bio-a-ferme-bien-etre-marche-bio-moment-festif\/\"},\"author\":{\"name\":\"qs_admin\",\"@id\":\"https:\/\/vosgesinfo.fr\/gerardmerinfo\/#\/schema\/person\/bc5d02d71e6932e81b6dadb7386667b1\"},\"headline\":\"Le 14 juillet, \u00ab\u00a0F\u00eatons la Bio\u00a0\u00bb \u00e0 la Ferme du Bien-\u00catre : march\u00e9 bio et moment festif\",\"datePublished\":\"2022-07-13T04:16:55+00:00\",\"dateModified\":\"2022-07-13T04:16:55+00:00\",\"mainEntityOfPage\":{\"@id\":\"https:\/\/vosgesinfo.fr\/gerardmerinfo\/2022\/07\/14-juillet-fetons-bio-a-ferme-bien-etre-marche-bio-moment-festif\/\"},\"wordCount\":272,\"commentCount\":0,\"publisher\":{\"@id\":\"https:\/\/vosgesinfo.fr\/gerardmerinfo\/#organization\"},\"image\":{\"@id\":\"https:\/\/vosgesinfo.fr\/gerardmerinfo\/2022\/07\/14-juillet-fetons-bio-a-ferme-bien-etre-marche-bio-moment-festif\/#primaryimage\"},\"thumbnailUrl\":\"https:\/\/vosgesinfo.fr\/app\/uploads\/sites\/6\/2024\/07\/202207affiche-fetonslabio2022-a4-page-0001.jpg\",\"keywords\":[\"ferme du bien-\u00eatre\",\"fetons la bio\"],\"articleSection\":[\"A la une\",\"agriculture\",\"Vosges\"],\"inLanguage\":\"fr-FR\",\"potentialAction\":[{\"@type\":\"CommentAction\",\"name\":\"Comment\",\"target\":[\"https:\/\/vosgesinfo.fr\/gerardmerinfo\/2022\/07\/14-juillet-fetons-bio-a-ferme-bien-etre-marche-bio-moment-festif\/#respond\"]}]},{\"@type\":\"WebPage\",\"@id\":\"https:\/\/vosgesinfo.fr\/gerardmerinfo\/2022\/07\/14-juillet-fetons-bio-a-ferme-bien-etre-marche-bio-moment-festif\/\",\"url\":\"https:\/\/vosgesinfo.fr\/gerardmerinfo\/2022\/07\/14-juillet-fetons-bio-a-ferme-bien-etre-marche-bio-moment-festif\/\",\"name\":\"Le 14 juillet, \\\"F\u00eatons la Bio\\\" \u00e0 la Ferme du Bien-\u00catre : march\u00e9 bio et moment festif - Gerardmer Info\",\"isPartOf\":{\"@id\":\"https:\/\/vosgesinfo.fr\/gerardmerinfo\/#website\"},\"primaryImageOfPage\":{\"@id\":\"https:\/\/vosgesinfo.fr\/gerardmerinfo\/2022\/07\/14-juillet-fetons-bio-a-ferme-bien-etre-marche-bio-moment-festif\/#primaryimage\"},\"image\":{\"@id\":\"https:\/\/vosgesinfo.fr\/gerardmerinfo\/2022\/07\/14-juillet-fetons-bio-a-ferme-bien-etre-marche-bio-moment-festif\/#primaryimage\"},\"thumbnailUrl\":\"https:\/\/vosgesinfo.fr\/app\/uploads\/sites\/6\/2024\/07\/202207affiche-fetonslabio2022-a4-page-0001.jpg\",\"datePublished\":\"2022-07-13T04:16:55+00:00\",\"dateModified\":\"2022-07-13T04:16:55+00:00\",\"breadcrumb\":{\"@id\":\"https:\/\/vosgesinfo.fr\/gerardmerinfo\/2022\/07\/14-juillet-fetons-bio-a-ferme-bien-etre-marche-bio-moment-festif\/#breadcrumb\"},\"inLanguage\":\"fr-FR\",\"potentialAction\":[{\"@type\":\"ReadAction\",\"target\":[\"https:\/\/vosgesinfo.fr\/gerardmerinfo\/2022\/07\/14-juillet-fetons-bio-a-ferme-bien-etre-marche-bio-moment-festif\/\"]}]},{\"@type\":\"ImageObject\",\"inLanguage\":\"fr-FR\",\"@id\":\"https:\/\/vosgesinfo.fr\/gerardmerinfo\/2022\/07\/14-juillet-fetons-bio-a-ferme-bien-etre-marche-bio-moment-festif\/#primaryimage\",\"url\":\"https:\/\/vosgesinfo.fr\/app\/uploads\/sites\/6\/2024\/07\/202207affiche-fetonslabio2022-a4-page-0001.jpg\",\"contentUrl\":\"https:\/\/vosgesinfo.fr\/app\/uploads\/sites\/6\/2024\/07\/202207affiche-fetonslabio2022-a4-page-0001.jpg\",\"width\":1241,\"height\":1754},{\"@type\":\"BreadcrumbList\",\"@id\":\"https:\/\/vosgesinfo.fr\/gerardmerinfo\/2022\/07\/14-juillet-fetons-bio-a-ferme-bien-etre-marche-bio-moment-festif\/#breadcrumb\",\"itemListElement\":[{\"@type\":\"ListItem\",\"position\":1,\"name\":\"Home\",\"item\":\"https:\/\/vosgesinfo.fr\/gerardmerinfo\/\"},{\"@type\":\"ListItem\",\"position\":2,\"name\":\"Le 14 juillet, \u00ab\u00a0F\u00eatons la Bio\u00a0\u00bb \u00e0 la Ferme du Bien-\u00catre : march\u00e9 bio et moment festif\"}]},{\"@type\":\"WebSite\",\"@id\":\"https:\/\/vosgesinfo.fr\/gerardmerinfo\/#website\",\"url\":\"https:\/\/vosgesinfo.fr\/gerardmerinfo\/\",\"name\":\"Gerardmer Info\",\"description\":\"Toute l&#039;actualit\u00e9 de G\u00e9rardmer\",\"publisher\":{\"@id\":\"https:\/\/vosgesinfo.fr\/gerardmerinfo\/#organization\"},\"alternateName\":\"Toute l'actualit\u00e9 de G\u00e9rardmer\",\"potentialAction\":[{\"@type\":\"SearchAction\",\"target\":{\"@type\":\"EntryPoint\",\"urlTemplate\":\"https:\/\/vosgesinfo.fr\/gerardmerinfo\/?s={search_term_string}\"},\"query-input\":\"required name=search_term_string\"}],\"inLanguage\":\"fr-FR\"},{\"@type\":\"Organization\",\"@id\":\"https:\/\/vosgesinfo.fr\/gerardmerinfo\/#organization\",\"name\":\"Gerardmer Info\",\"url\":\"https:\/\/vosgesinfo.fr\/gerardmerinfo\/\",\"logo\":{\"@type\":\"ImageObject\",\"inLanguage\":\"fr-FR\",\"@id\":\"https:\/\/vosgesinfo.fr\/gerardmerinfo\/#\/schema\/logo\/image\/\",\"url\":\"https:\/\/vosgesinfo.fr\/app\/uploads\/sites\/6\/2023\/08\/favicon-gerardmerinfo.png\",\"contentUrl\":\"https:\/\/vosgesinfo.fr\/app\/uploads\/sites\/6\/2023\/08\/favicon-gerardmerinfo.png\",\"width\":512,\"height\":512,\"caption\":\"Gerardmer Info\"},\"image\":{\"@id\":\"https:\/\/vosgesinfo.fr\/gerardmerinfo\/#\/schema\/logo\/image\/\"},\"sameAs\":[\"https:\/\/www.facebook.com\/profile.php?id=100049475262660\",\"https:\/\/x.com\/VosgesInfo88\",\"https:\/\/www.youtube.com\/@vosgesinfo\"]},{\"@type\":\"Person\",\"@id\":\"https:\/\/vosgesinfo.fr\/gerardmerinfo\/#\/schema\/person\/bc5d02d71e6932e81b6dadb7386667b1\",\"name\":\"qs_admin\",\"image\":{\"@type\":\"ImageObject\",\"inLanguage\":\"fr-FR\",\"@id\":\"https:\/\/vosgesinfo.fr\/gerardmerinfo\/#\/schema\/person\/image\/\",\"url\":\"https:\/\/secure.gravatar.com\/avatar\/94b18ee0ed79e4a42ea2f2931277b6841a8999fc6fde214600c78057cf1fe1de?s=96&d=mm&r=g\",\"contentUrl\":\"https:\/\/secure.gravatar.com\/avatar\/94b18ee0ed79e4a42ea2f2931277b6841a8999fc6fde214600c78057cf1fe1de?s=96&d=mm&r=g\",\"caption\":\"qs_admin\"},\"sameAs\":[\"https:\/\/vosgesinfo.fr\/wp\"],\"url\":\"https:\/\/vosgesinfo.fr\/gerardmerinfo\/author\/qs_admin\/\"}]}<\/script>\n<!-- \/ Yoast SEO plugin. -->","yoast_head_json":{"title":"Le 14 juillet, \"F\u00eatons la Bio\" \u00e0 la Ferme du Bien-\u00catre : march\u00e9 bio et moment festif - Gerardmer Info","robots":{"index":"index","follow":"follow","max-snippet":"max-snippet:-1","max-image-preview":"max-image-preview:large","max-video-preview":"max-video-preview:-1"},"canonical":"https:\/\/vosgesinfo.fr\/gerardmerinfo\/2022\/07\/14-juillet-fetons-bio-a-ferme-bien-etre-marche-bio-moment-festif\/","twitter_card":"summary_large_image","twitter_title":"Le 14 juillet, \"F\u00eatons la Bio\" \u00e0 la Ferme du Bien-\u00catre : march\u00e9 bio et moment festif - Gerardmer Info","twitter_description":"Le Groupement des Agriculteurs Bio (GAB) des Vosges propose \u00ab F\u00eatons la Bio \u00bb, une manifestation festive \u00e0 la ferme [&hellip;]","twitter_image":"https:\/\/vosgesinfo.fr\/app\/uploads\/sites\/6\/2024\/07\/202207affiche-fetonslabio2022-a4-page-0001.jpg","twitter_creator":"@VosgesInfo88","twitter_site":"@VosgesInfo88","twitter_misc":{"\u00c9crit par":"qs_admin","Dur\u00e9e de lecture estim\u00e9e":"1 minute"},"schema":{"@context":"https:\/\/schema.org","@graph":[{"@type":"Article","@id":"https:\/\/vosgesinfo.fr\/gerardmerinfo\/2022\/07\/14-juillet-fetons-bio-a-ferme-bien-etre-marche-bio-moment-festif\/#article","isPartOf":{"@id":"https:\/\/vosgesinfo.fr\/gerardmerinfo\/2022\/07\/14-juillet-fetons-bio-a-ferme-bien-etre-marche-bio-moment-festif\/"},"author":{"name":"qs_admin","@id":"https:\/\/vosgesinfo.fr\/gerardmerinfo\/#\/schema\/person\/bc5d02d71e6932e81b6dadb7386667b1"},"headline":"Le 14 juillet, \u00ab\u00a0F\u00eatons la Bio\u00a0\u00bb \u00e0 la Ferme du Bien-\u00catre : march\u00e9 bio et moment festif","datePublished":"2022-07-13T04:16:55+00:00","dateModified":"2022-07-13T04:16:55+00:00","mainEntityOfPage":{"@id":"https:\/\/vosgesinfo.fr\/gerardmerinfo\/2022\/07\/14-juillet-fetons-bio-a-ferme-bien-etre-marche-bio-moment-festif\/"},"wordCount":272,"commentCount":0,"publisher":{"@id":"https:\/\/vosgesinfo.fr\/gerardmerinfo\/#organization"},"image":{"@id":"https:\/\/vosgesinfo.fr\/gerardmerinfo\/2022\/07\/14-juillet-fetons-bio-a-ferme-bien-etre-marche-bio-moment-festif\/#primaryimage"},"thumbnailUrl":"https:\/\/vosgesinfo.fr\/app\/uploads\/sites\/6\/2024\/07\/202207affiche-fetonslabio2022-a4-page-0001.jpg","keywords":["ferme du bien-\u00eatre","fetons la bio"],"articleSection":["A la une","agriculture","Vosges"],"inLanguage":"fr-FR","potentialAction":[{"@type":"CommentAction","name":"Comment","target":["https:\/\/vosgesinfo.fr\/gerardmerinfo\/2022\/07\/14-juillet-fetons-bio-a-ferme-bien-etre-marche-bio-moment-festif\/#respond"]}]},{"@type":"WebPage","@id":"https:\/\/vosgesinfo.fr\/gerardmerinfo\/2022\/07\/14-juillet-fetons-bio-a-ferme-bien-etre-marche-bio-moment-festif\/","url":"https:\/\/vosgesinfo.fr\/gerardmerinfo\/2022\/07\/14-juillet-fetons-bio-a-ferme-bien-etre-marche-bio-moment-festif\/","name":"Le 14 juillet, \"F\u00eatons la Bio\" \u00e0 la Ferme du Bien-\u00catre : march\u00e9 bio et moment festif - Gerardmer Info","isPartOf":{"@id":"https:\/\/vosgesinfo.fr\/gerardmerinfo\/#website"},"primaryImageOfPage":{"@id":"https:\/\/vosgesinfo.fr\/gerardmerinfo\/2022\/07\/14-juillet-fetons-bio-a-ferme-bien-etre-marche-bio-moment-festif\/#primaryimage"},"image":{"@id":"https:\/\/vosgesinfo.fr\/gerardmerinfo\/2022\/07\/14-juillet-fetons-bio-a-ferme-bien-etre-marche-bio-moment-festif\/#primaryimage"},"thumbnailUrl":"https:\/\/vosgesinfo.fr\/app\/uploads\/sites\/6\/2024\/07\/202207affiche-fetonslabio2022-a4-page-0001.jpg","datePublished":"2022-07-13T04:16:55+00:00","dateModified":"2022-07-13T04:16:55+00:00","breadcrumb":{"@id":"https:\/\/vosgesinfo.fr\/gerardmerinfo\/2022\/07\/14-juillet-fetons-bio-a-ferme-bien-etre-marche-bio-moment-festif\/#breadcrumb"},"inLanguage":"fr-FR","potentialAction":[{"@type":"ReadAction","target":["https:\/\/vosgesinfo.fr\/gerardmerinfo\/2022\/07\/14-juillet-fetons-bio-a-ferme-bien-etre-marche-bio-moment-festif\/"]}]},{"@type":"ImageObject","inLanguage":"fr-FR","@id":"https:\/\/vosgesinfo.fr\/gerardmerinfo\/2022\/07\/14-juillet-fetons-bio-a-ferme-bien-etre-marche-bio-moment-festif\/#primaryimage","url":"https:\/\/vosgesinfo.fr\/app\/uploads\/sites\/6\/2024\/07\/202207affiche-fetonslabio2022-a4-page-0001.jpg","contentUrl":"https:\/\/vosgesinfo.fr\/app\/uploads\/sites\/6\/2024\/07\/202207affiche-fetonslabio2022-a4-page-0001.jpg","width":1241,"height":1754},{"@type":"BreadcrumbList","@id":"https:\/\/vosgesinfo.fr\/gerardmerinfo\/2022\/07\/14-juillet-fetons-bio-a-ferme-bien-etre-marche-bio-moment-festif\/#breadcrumb","itemListElement":[{"@type":"ListItem","position":1,"name":"Home","item":"https:\/\/vosgesinfo.fr\/gerardmerinfo\/"},{"@type":"ListItem","position":2,"name":"Le 14 juillet, \u00ab\u00a0F\u00eatons la Bio\u00a0\u00bb \u00e0 la Ferme du Bien-\u00catre : march\u00e9 bio et moment festif"}]},{"@type":"WebSite","@id":"https:\/\/vosgesinfo.fr\/gerardmerinfo\/#website","url":"https:\/\/vosgesinfo.fr\/gerardmerinfo\/","name":"Gerardmer Info","description":"Toute l&#039;actualit\u00e9 de G\u00e9rardmer","publisher":{"@id":"https:\/\/vosgesinfo.fr\/gerardmerinfo\/#organization"},"alternateName":"Toute l'actualit\u00e9 de G\u00e9rardmer","potentialAction":[{"@type":"SearchAction","target":{"@type":"EntryPoint","urlTemplate":"https:\/\/vosgesinfo.fr\/gerardmerinfo\/?s={search_term_string}"},"query-input":"required name=search_term_string"}],"inLanguage":"fr-FR"},{"@type":"Organization","@id":"https:\/\/vosgesinfo.fr\/gerardmerinfo\/#organization","name":"Gerardmer Info","url":"https:\/\/vosgesinfo.fr\/gerardmerinfo\/","logo":{"@type":"ImageObject","inLanguage":"fr-FR","@id":"https:\/\/vosgesinfo.fr\/gerardmerinfo\/#\/schema\/logo\/image\/","url":"https:\/\/vosgesinfo.fr\/app\/uploads\/sites\/6\/2023\/08\/favicon-gerardmerinfo.png","contentUrl":"https:\/\/vosgesinfo.fr\/app\/uploads\/sites\/6\/2023\/08\/favicon-gerardmerinfo.png","width":512,"height":512,"caption":"Gerardmer Info"},"image":{"@id":"https:\/\/vosgesinfo.fr\/gerardmerinfo\/#\/schema\/logo\/image\/"},"sameAs":["https:\/\/www.facebook.com\/profile.php?id=100049475262660","https:\/\/x.com\/VosgesInfo88","https:\/\/www.youtube.com\/@vosgesinfo"]},{"@type":"Person","@id":"https:\/\/vosgesinfo.fr\/gerardmerinfo\/#\/schema\/person\/bc5d02d71e6932e81b6dadb7386667b1","name":"qs_admin","image":{"@type":"ImageObject","inLanguage":"fr-FR","@id":"https:\/\/vosgesinfo.fr\/gerardmerinfo\/#\/schema\/person\/image\/","url":"https:\/\/secure.gravatar.com\/avatar\/94b18ee0ed79e4a42ea2f2931277b6841a8999fc6fde214600c78057cf1fe1de?s=96&d=mm&r=g","contentUrl":"https:\/\/secure.gravatar.com\/avatar\/94b18ee0ed79e4a42ea2f2931277b6841a8999fc6fde214600c78057cf1fe1de?s=96&d=mm&r=g","caption":"qs_admin"},"sameAs":["https:\/\/vosgesinfo.fr\/wp"],"url":"https:\/\/vosgesinfo.fr\/gerardmerinfo\/author\/qs_admin\/"}]}},"_links":{"self":[{"href":"https:\/\/vosgesinfo.fr\/gerardmerinfo\/wp-json\/wp\/v2\/posts\/60304","targetHints":{"allow":["GET"]}}],"collection":[{"href":"https:\/\/vosgesinfo.fr\/gerardmerinfo\/wp-json\/wp\/v2\/posts"}],"about":[{"href":"https:\/\/vosgesinfo.fr\/gerardmerinfo\/wp-json\/wp\/v2\/types\/post"}],"author":[{"embeddable":true,"href":"https:\/\/vosgesinfo.fr\/gerardmerinfo\/wp-json\/wp\/v2\/users\/1"}],"replies":[{"embeddable":true,"href":"https:\/\/vosgesinfo.fr\/gerardmerinfo\/wp-json\/wp\/v2\/comments?post=60304"}],"version-history":[{"count":0,"href":"https:\/\/vosgesinfo.fr\/gerardmerinfo\/wp-json\/wp\/v2\/posts\/60304\/revisions"}],"wp:featuredmedia":[{"embeddable":true,"href":"https:\/\/vosgesinfo.fr\/gerardmerinfo\/wp-json\/wp\/v2\/media\/60305"}],"wp:attachment":[{"href":"https:\/\/vosgesinfo.fr\/gerardmerinfo\/wp-json\/wp\/v2\/media?parent=60304"}],"wp:term":[{"taxonomy":"category","embeddable":true,"href":"https:\/\/vosgesinfo.fr\/gerardmerinfo\/wp-json\/wp\/v2\/categories?post=60304"},{"taxonomy":"post_tag","embeddable":true,"href":"https:\/\/vosgesinfo.fr\/gerardmerinfo\/wp-json\/wp\/v2\/tags?post=60304"}],"curies":[{"name":"wp","href":"https:\/\/api.w.org\/{rel}","templated":true}]}}