{"id":60306,"date":"2022-07-06T06:33:57","date_gmt":"2022-07-06T04:33:57","guid":{"rendered":"https:\/\/vosgesinfo.fr\/gerardmerinfo\/2022\/07\/gerardmer-a-lordre-jour-prochain-conseil-municipal-4\/"},"modified":"2022-07-06T06:33:57","modified_gmt":"2022-07-06T04:33:57","slug":"gerardmer-a-lordre-jour-prochain-conseil-municipal-4","status":"publish","type":"post","link":"https:\/\/vosgesinfo.fr\/gerardmerinfo\/2022\/07\/gerardmer-a-lordre-jour-prochain-conseil-municipal-4\/","title":{"rendered":"G\u00e9rardmer : Le PLU \u00e0 l&rsquo;ordre du jour du conseil municipal"},"content":{"rendered":"<h2 style=\"text-align: center;\"><span style=\"font-size: 14pt;\">La prochaine r\u00e9union aura lieu H\u00f4tel de Ville de GERARDMER &#8211; 46 Rue Charles de Gaulle, le<\/span><br \/>\n<span style=\"font-size: 14pt;\">Jeudi 07 Juillet 2022 \u00e0 17 h 30<\/span><\/h2>\n<p>L&rsquo;ordre du jour sera le suivant :<br \/>\n\u2022 1. Approbation de la modification n\u00b01 du Plan Local d&rsquo;Urbanisme.<br \/>\n\u2022 2. Autorisation donn\u00e9e \u00e0 la Communaut\u00e9 de Communes G\u00e9rardmer Hautes-Vosges de finir la proc\u00e9dure de modification et de r\u00e9vision du Plan Local d&rsquo;Urbanisme.<br \/>\n\u2022 3. Pr\u00e9sentation du rapport sur le prix et la qualit\u00e9 du service public de l&rsquo;eau potable et de l&rsquo;assainissement et sur l&rsquo;activit\u00e9 du Syndicat Intercommunal d&rsquo;Assainissement de la Vall\u00e9e des Lacs pour 2021.<br \/>\n\u2022 4. Pr\u00e9sentation du rapport d&rsquo;activit\u00e9 2021 du Casino de G\u00e9rardmer.<br \/>\n\u2022 5. Admission en non-valeur de produits et taxes irr\u00e9couvrables.<br \/>\n\u2022 6. D\u00e9cision modificative \u00ab\u00a0Technique\u00a0\u00bb sur le Budget annexe du service de l&rsquo;Assainissement pour constater les modifications de coordonn\u00e9es (nom ou adresse) sur la facturation.<br \/>\n\u2022 7. Transferts des Biens Immobiliers, Subventions et Emprunts au 01\/01\/2022 de la Ludoth\u00e8que, M\u00e9diath\u00e8que, Ecole de Musique \u00e0 la Communaut\u00e9 de Communes G\u00e9rardmer Hautes-Vosges.<br \/>\n\u2022 8. Convention relative \u00e0 la r\u00e9alisation des prestations \u00ab Entretien de locaux \u00bb entre la commune de G\u00e9rardmer et la Communaut\u00e9 de Communes G\u00e9rardmer Hautes-Vosges.<br \/>\n\u2022 9. Convention relative \u00e0 la r\u00e9alisation des prestations \u00ab Gestion financi\u00e8re et ressources humaines \u00bb entre la commune de G\u00e9rardmer et la Communaut\u00e9 de Communes G\u00e9rardmer Hautes-Vosges.<br \/>\n\u2022 10. Convention relative \u00e0 la r\u00e9alisation des prestations \u00ab Entretien et r\u00e9paration de la flotte automobile \u00bb entre la commune de G\u00e9rardmer et la Communaut\u00e9 de Communes G\u00e9rardmer Hautes-Vosges.<br \/>\n\u2022 11. Convention relative \u00e0 la r\u00e9alisation des prestations \u00ab Des Services Techniques \u2013 Informatique &#8211; Communication \u00bb entre la commune de G\u00e9rardmer et la Communaut\u00e9 de Communes G\u00e9rardmer Hautes-Vosges.<br \/>\n\u2022 12. Convention de refacturation de charges entre la commune de G\u00e9rardmer et la Communaut\u00e9 de Communes G\u00e9rardmer Hautes-Vosges.<br \/>\n\u2022 13. Convention relative \u00e0 la r\u00e9alisation des prestations \u00ab Bus urbain et Navettes \u00bb entre la commune de G\u00e9rardmer et la Communaut\u00e9 de Communes G\u00e9rardmer Hautes-Vosges.<br \/>\n\u2022 14. Convention de partenariat avec l\u2019Office de Tourisme Communautaire G\u00e9rardmer Hautes-Vosges pour la vente de Pass Vacances.<br \/>\n\u2022 15. Convention de partenariat avec la r\u00e9gion Grand Est relative \u00e0 la prise en compte des sp\u00e9cificit\u00e9s locales dans la desserte de transport scolaire.<br \/>\n\u2022 16.Convention de prestation de service du P\u00f4le Carri\u00e8res et Instances Paritaires avec le Centre de Gestion des<br \/>\nVosges.<br \/>\n\u2022 17. Fixation des tarifs de la R\u00e9gie GERARDMER STATION pour la saison \u00e9t\u00e9 2022.<br \/>\n\u2022 18. Adh\u00e9sion au Syndicat D\u00e9partemental d\u2019Assainissement Non Collectif (S.D.A.N.C.).<br \/>\n\u2022 19. Modification du taux d\u2019emploi des personnels titulaires \u00e0 temps non complet.<br \/>\n\u2022 20. Attribution du Legs Jean-Baptiste SAULCY.<br \/>\n\u2022 21. Attribution du Prix Lucien LEVY.<br \/>\n\u2022 22. Attribution de la prime \u00e0 l\u2019hectare entretenu pour les ann\u00e9es 2022, 2023, 2024.<br \/>\n\u2022 23. Taxe d\u2019am\u00e9nagement communale : modification du taux.<br \/>\n\u2022 24. Echange de terrain \u00e0 surface \u00e9gale entre le magasin Pro &amp; Cie et la Commune.<br \/>\n\u2022 25. Cession de bien d\u2019une valeur sup\u00e9rieure \u00e0 4 600 \u20acuros.<br \/>\n\u2022 26. Cession d\u2019une parcelle communale de 35 m\u00b2 \u00e0 Madame POIROT St\u00e9phanie.<br \/>\n\u2022 27. Cession d\u2019un terrain nu boulevard de Granges \u00e0 Kichompr\u00e9.<br \/>\n\u2022 28. Cession d\u2019un terrain avec annexe boulevard de Granges \u00e0 Kichompr\u00e9.<br \/>\n\u2022 29. Compte-rendu des d\u00e9l\u00e9gations accord\u00e9es au Maire en application de l\u2019article L 2122-22 du Code<br \/>\nG\u00e9n\u00e9ral des Collectivit\u00e9s Territoriales.<br \/>\n\u2022 30. Question diverses.<\/p>\n","protected":false},"excerpt":{"rendered":"<p>La prochaine r\u00e9union aura lieu H\u00f4tel de Ville de GERARDMER &#8211; 46 Rue Charles de Gaulle, le Jeudi 07 Juillet [&hellip;]<\/p>\n","protected":false},"author":1,"featured_media":5964,"comment_status":"open","ping_status":"open","sticky":false,"template":"","format":"standard","meta":{"footnotes":""},"categories":[20,25,10],"tags":[],"class_list":["post-60306","post","type-post","status-publish","format-standard","has-post-thumbnail","hentry","category-a-la-une","category-gerardmer","category-politique"],"acf":[],"yoast_head":"<!-- This site is optimized with the Yoast SEO plugin v22.5 - https:\/\/yoast.com\/wordpress\/plugins\/seo\/ -->\n<title>G\u00e9rardmer : Le PLU \u00e0 l&#039;ordre du jour du conseil municipal - Gerardmer Info<\/title>\n<meta name=\"robots\" content=\"index, follow, max-snippet:-1, max-image-preview:large, max-video-preview:-1\" \/>\n<link rel=\"canonical\" href=\"https:\/\/vosgesinfo.fr\/gerardmerinfo\/2022\/07\/gerardmer-a-lordre-jour-prochain-conseil-municipal-4\/\" \/>\n<meta name=\"twitter:card\" content=\"summary_large_image\" \/>\n<meta name=\"twitter:title\" content=\"G\u00e9rardmer : Le PLU \u00e0 l&#039;ordre du jour du conseil municipal - Gerardmer Info\" \/>\n<meta name=\"twitter:description\" content=\"La prochaine r\u00e9union aura lieu H\u00f4tel de Ville de GERARDMER &#8211; 46 Rue Charles de Gaulle, le Jeudi 07 Juillet [&hellip;]\" \/>\n<meta name=\"twitter:image\" content=\"https:\/\/vosgesinfo.fr\/app\/uploads\/sites\/6\/2017\/10\/conseil.png\" \/>\n<meta name=\"twitter:creator\" content=\"@VosgesInfo88\" \/>\n<meta name=\"twitter:site\" content=\"@VosgesInfo88\" \/>\n<meta name=\"twitter:label1\" content=\"\u00c9crit par\" \/>\n\t<meta name=\"twitter:data1\" content=\"qs_admin\" \/>\n\t<meta name=\"twitter:label2\" content=\"Dur\u00e9e de lecture estim\u00e9e\" \/>\n\t<meta name=\"twitter:data2\" content=\"3 minutes\" \/>\n<script type=\"application\/ld+json\" class=\"yoast-schema-graph\">{\"@context\":\"https:\/\/schema.org\",\"@graph\":[{\"@type\":\"Article\",\"@id\":\"https:\/\/vosgesinfo.fr\/gerardmerinfo\/2022\/07\/gerardmer-a-lordre-jour-prochain-conseil-municipal-4\/#article\",\"isPartOf\":{\"@id\":\"https:\/\/vosgesinfo.fr\/gerardmerinfo\/2022\/07\/gerardmer-a-lordre-jour-prochain-conseil-municipal-4\/\"},\"author\":{\"name\":\"qs_admin\",\"@id\":\"https:\/\/vosgesinfo.fr\/gerardmerinfo\/#\/schema\/person\/bc5d02d71e6932e81b6dadb7386667b1\"},\"headline\":\"G\u00e9rardmer : Le PLU \u00e0 l&rsquo;ordre du jour du conseil municipal\",\"datePublished\":\"2022-07-06T04:33:57+00:00\",\"dateModified\":\"2022-07-06T04:33:57+00:00\",\"mainEntityOfPage\":{\"@id\":\"https:\/\/vosgesinfo.fr\/gerardmerinfo\/2022\/07\/gerardmer-a-lordre-jour-prochain-conseil-municipal-4\/\"},\"wordCount\":545,\"commentCount\":0,\"publisher\":{\"@id\":\"https:\/\/vosgesinfo.fr\/gerardmerinfo\/#organization\"},\"image\":{\"@id\":\"https:\/\/vosgesinfo.fr\/gerardmerinfo\/2022\/07\/gerardmer-a-lordre-jour-prochain-conseil-municipal-4\/#primaryimage\"},\"thumbnailUrl\":\"https:\/\/vosgesinfo.fr\/app\/uploads\/sites\/6\/2017\/10\/conseil.png\",\"articleSection\":[\"A la une\",\"G\u00e9rardmer\",\"Politique\"],\"inLanguage\":\"fr-FR\",\"potentialAction\":[{\"@type\":\"CommentAction\",\"name\":\"Comment\",\"target\":[\"https:\/\/vosgesinfo.fr\/gerardmerinfo\/2022\/07\/gerardmer-a-lordre-jour-prochain-conseil-municipal-4\/#respond\"]}]},{\"@type\":\"WebPage\",\"@id\":\"https:\/\/vosgesinfo.fr\/gerardmerinfo\/2022\/07\/gerardmer-a-lordre-jour-prochain-conseil-municipal-4\/\",\"url\":\"https:\/\/vosgesinfo.fr\/gerardmerinfo\/2022\/07\/gerardmer-a-lordre-jour-prochain-conseil-municipal-4\/\",\"name\":\"G\u00e9rardmer : Le PLU \u00e0 l'ordre du jour du conseil municipal - Gerardmer Info\",\"isPartOf\":{\"@id\":\"https:\/\/vosgesinfo.fr\/gerardmerinfo\/#website\"},\"primaryImageOfPage\":{\"@id\":\"https:\/\/vosgesinfo.fr\/gerardmerinfo\/2022\/07\/gerardmer-a-lordre-jour-prochain-conseil-municipal-4\/#primaryimage\"},\"image\":{\"@id\":\"https:\/\/vosgesinfo.fr\/gerardmerinfo\/2022\/07\/gerardmer-a-lordre-jour-prochain-conseil-municipal-4\/#primaryimage\"},\"thumbnailUrl\":\"https:\/\/vosgesinfo.fr\/app\/uploads\/sites\/6\/2017\/10\/conseil.png\",\"datePublished\":\"2022-07-06T04:33:57+00:00\",\"dateModified\":\"2022-07-06T04:33:57+00:00\",\"breadcrumb\":{\"@id\":\"https:\/\/vosgesinfo.fr\/gerardmerinfo\/2022\/07\/gerardmer-a-lordre-jour-prochain-conseil-municipal-4\/#breadcrumb\"},\"inLanguage\":\"fr-FR\",\"potentialAction\":[{\"@type\":\"ReadAction\",\"target\":[\"https:\/\/vosgesinfo.fr\/gerardmerinfo\/2022\/07\/gerardmer-a-lordre-jour-prochain-conseil-municipal-4\/\"]}]},{\"@type\":\"ImageObject\",\"inLanguage\":\"fr-FR\",\"@id\":\"https:\/\/vosgesinfo.fr\/gerardmerinfo\/2022\/07\/gerardmer-a-lordre-jour-prochain-conseil-municipal-4\/#primaryimage\",\"url\":\"https:\/\/vosgesinfo.fr\/app\/uploads\/sites\/6\/2017\/10\/conseil.png\",\"contentUrl\":\"https:\/\/vosgesinfo.fr\/app\/uploads\/sites\/6\/2017\/10\/conseil.png\"},{\"@type\":\"BreadcrumbList\",\"@id\":\"https:\/\/vosgesinfo.fr\/gerardmerinfo\/2022\/07\/gerardmer-a-lordre-jour-prochain-conseil-municipal-4\/#breadcrumb\",\"itemListElement\":[{\"@type\":\"ListItem\",\"position\":1,\"name\":\"Home\",\"item\":\"https:\/\/vosgesinfo.fr\/gerardmerinfo\/\"},{\"@type\":\"ListItem\",\"position\":2,\"name\":\"G\u00e9rardmer : Le PLU \u00e0 l&rsquo;ordre du jour du conseil municipal\"}]},{\"@type\":\"WebSite\",\"@id\":\"https:\/\/vosgesinfo.fr\/gerardmerinfo\/#website\",\"url\":\"https:\/\/vosgesinfo.fr\/gerardmerinfo\/\",\"name\":\"Gerardmer Info\",\"description\":\"Toute l&#039;actualit\u00e9 de G\u00e9rardmer\",\"publisher\":{\"@id\":\"https:\/\/vosgesinfo.fr\/gerardmerinfo\/#organization\"},\"alternateName\":\"Toute l'actualit\u00e9 de G\u00e9rardmer\",\"potentialAction\":[{\"@type\":\"SearchAction\",\"target\":{\"@type\":\"EntryPoint\",\"urlTemplate\":\"https:\/\/vosgesinfo.fr\/gerardmerinfo\/?s={search_term_string}\"},\"query-input\":\"required name=search_term_string\"}],\"inLanguage\":\"fr-FR\"},{\"@type\":\"Organization\",\"@id\":\"https:\/\/vosgesinfo.fr\/gerardmerinfo\/#organization\",\"name\":\"Gerardmer Info\",\"url\":\"https:\/\/vosgesinfo.fr\/gerardmerinfo\/\",\"logo\":{\"@type\":\"ImageObject\",\"inLanguage\":\"fr-FR\",\"@id\":\"https:\/\/vosgesinfo.fr\/gerardmerinfo\/#\/schema\/logo\/image\/\",\"url\":\"https:\/\/vosgesinfo.fr\/app\/uploads\/sites\/6\/2023\/08\/favicon-gerardmerinfo.png\",\"contentUrl\":\"https:\/\/vosgesinfo.fr\/app\/uploads\/sites\/6\/2023\/08\/favicon-gerardmerinfo.png\",\"width\":512,\"height\":512,\"caption\":\"Gerardmer Info\"},\"image\":{\"@id\":\"https:\/\/vosgesinfo.fr\/gerardmerinfo\/#\/schema\/logo\/image\/\"},\"sameAs\":[\"https:\/\/www.facebook.com\/profile.php?id=100049475262660\",\"https:\/\/x.com\/VosgesInfo88\",\"https:\/\/www.youtube.com\/@vosgesinfo\"]},{\"@type\":\"Person\",\"@id\":\"https:\/\/vosgesinfo.fr\/gerardmerinfo\/#\/schema\/person\/bc5d02d71e6932e81b6dadb7386667b1\",\"name\":\"qs_admin\",\"image\":{\"@type\":\"ImageObject\",\"inLanguage\":\"fr-FR\",\"@id\":\"https:\/\/vosgesinfo.fr\/gerardmerinfo\/#\/schema\/person\/image\/\",\"url\":\"https:\/\/secure.gravatar.com\/avatar\/94b18ee0ed79e4a42ea2f2931277b6841a8999fc6fde214600c78057cf1fe1de?s=96&d=mm&r=g\",\"contentUrl\":\"https:\/\/secure.gravatar.com\/avatar\/94b18ee0ed79e4a42ea2f2931277b6841a8999fc6fde214600c78057cf1fe1de?s=96&d=mm&r=g\",\"caption\":\"qs_admin\"},\"sameAs\":[\"https:\/\/vosgesinfo.fr\/wp\"],\"url\":\"https:\/\/vosgesinfo.fr\/gerardmerinfo\/author\/qs_admin\/\"}]}<\/script>\n<!-- \/ Yoast SEO plugin. -->","yoast_head_json":{"title":"G\u00e9rardmer : Le PLU \u00e0 l'ordre du jour du conseil municipal - Gerardmer Info","robots":{"index":"index","follow":"follow","max-snippet":"max-snippet:-1","max-image-preview":"max-image-preview:large","max-video-preview":"max-video-preview:-1"},"canonical":"https:\/\/vosgesinfo.fr\/gerardmerinfo\/2022\/07\/gerardmer-a-lordre-jour-prochain-conseil-municipal-4\/","twitter_card":"summary_large_image","twitter_title":"G\u00e9rardmer : Le PLU \u00e0 l'ordre du jour du conseil municipal - Gerardmer Info","twitter_description":"La prochaine r\u00e9union aura lieu H\u00f4tel de Ville de GERARDMER &#8211; 46 Rue Charles de Gaulle, le Jeudi 07 Juillet [&hellip;]","twitter_image":"https:\/\/vosgesinfo.fr\/app\/uploads\/sites\/6\/2017\/10\/conseil.png","twitter_creator":"@VosgesInfo88","twitter_site":"@VosgesInfo88","twitter_misc":{"\u00c9crit par":"qs_admin","Dur\u00e9e de lecture estim\u00e9e":"3 minutes"},"schema":{"@context":"https:\/\/schema.org","@graph":[{"@type":"Article","@id":"https:\/\/vosgesinfo.fr\/gerardmerinfo\/2022\/07\/gerardmer-a-lordre-jour-prochain-conseil-municipal-4\/#article","isPartOf":{"@id":"https:\/\/vosgesinfo.fr\/gerardmerinfo\/2022\/07\/gerardmer-a-lordre-jour-prochain-conseil-municipal-4\/"},"author":{"name":"qs_admin","@id":"https:\/\/vosgesinfo.fr\/gerardmerinfo\/#\/schema\/person\/bc5d02d71e6932e81b6dadb7386667b1"},"headline":"G\u00e9rardmer : Le PLU \u00e0 l&rsquo;ordre du jour du conseil municipal","datePublished":"2022-07-06T04:33:57+00:00","dateModified":"2022-07-06T04:33:57+00:00","mainEntityOfPage":{"@id":"https:\/\/vosgesinfo.fr\/gerardmerinfo\/2022\/07\/gerardmer-a-lordre-jour-prochain-conseil-municipal-4\/"},"wordCount":545,"commentCount":0,"publisher":{"@id":"https:\/\/vosgesinfo.fr\/gerardmerinfo\/#organization"},"image":{"@id":"https:\/\/vosgesinfo.fr\/gerardmerinfo\/2022\/07\/gerardmer-a-lordre-jour-prochain-conseil-municipal-4\/#primaryimage"},"thumbnailUrl":"https:\/\/vosgesinfo.fr\/app\/uploads\/sites\/6\/2017\/10\/conseil.png","articleSection":["A la une","G\u00e9rardmer","Politique"],"inLanguage":"fr-FR","potentialAction":[{"@type":"CommentAction","name":"Comment","target":["https:\/\/vosgesinfo.fr\/gerardmerinfo\/2022\/07\/gerardmer-a-lordre-jour-prochain-conseil-municipal-4\/#respond"]}]},{"@type":"WebPage","@id":"https:\/\/vosgesinfo.fr\/gerardmerinfo\/2022\/07\/gerardmer-a-lordre-jour-prochain-conseil-municipal-4\/","url":"https:\/\/vosgesinfo.fr\/gerardmerinfo\/2022\/07\/gerardmer-a-lordre-jour-prochain-conseil-municipal-4\/","name":"G\u00e9rardmer : Le PLU \u00e0 l'ordre du jour du conseil municipal - Gerardmer Info","isPartOf":{"@id":"https:\/\/vosgesinfo.fr\/gerardmerinfo\/#website"},"primaryImageOfPage":{"@id":"https:\/\/vosgesinfo.fr\/gerardmerinfo\/2022\/07\/gerardmer-a-lordre-jour-prochain-conseil-municipal-4\/#primaryimage"},"image":{"@id":"https:\/\/vosgesinfo.fr\/gerardmerinfo\/2022\/07\/gerardmer-a-lordre-jour-prochain-conseil-municipal-4\/#primaryimage"},"thumbnailUrl":"https:\/\/vosgesinfo.fr\/app\/uploads\/sites\/6\/2017\/10\/conseil.png","datePublished":"2022-07-06T04:33:57+00:00","dateModified":"2022-07-06T04:33:57+00:00","breadcrumb":{"@id":"https:\/\/vosgesinfo.fr\/gerardmerinfo\/2022\/07\/gerardmer-a-lordre-jour-prochain-conseil-municipal-4\/#breadcrumb"},"inLanguage":"fr-FR","potentialAction":[{"@type":"ReadAction","target":["https:\/\/vosgesinfo.fr\/gerardmerinfo\/2022\/07\/gerardmer-a-lordre-jour-prochain-conseil-municipal-4\/"]}]},{"@type":"ImageObject","inLanguage":"fr-FR","@id":"https:\/\/vosgesinfo.fr\/gerardmerinfo\/2022\/07\/gerardmer-a-lordre-jour-prochain-conseil-municipal-4\/#primaryimage","url":"https:\/\/vosgesinfo.fr\/app\/uploads\/sites\/6\/2017\/10\/conseil.png","contentUrl":"https:\/\/vosgesinfo.fr\/app\/uploads\/sites\/6\/2017\/10\/conseil.png"},{"@type":"BreadcrumbList","@id":"https:\/\/vosgesinfo.fr\/gerardmerinfo\/2022\/07\/gerardmer-a-lordre-jour-prochain-conseil-municipal-4\/#breadcrumb","itemListElement":[{"@type":"ListItem","position":1,"name":"Home","item":"https:\/\/vosgesinfo.fr\/gerardmerinfo\/"},{"@type":"ListItem","position":2,"name":"G\u00e9rardmer : Le PLU \u00e0 l&rsquo;ordre du jour du conseil municipal"}]},{"@type":"WebSite","@id":"https:\/\/vosgesinfo.fr\/gerardmerinfo\/#website","url":"https:\/\/vosgesinfo.fr\/gerardmerinfo\/","name":"Gerardmer Info","description":"Toute l&#039;actualit\u00e9 de G\u00e9rardmer","publisher":{"@id":"https:\/\/vosgesinfo.fr\/gerardmerinfo\/#organization"},"alternateName":"Toute l'actualit\u00e9 de G\u00e9rardmer","potentialAction":[{"@type":"SearchAction","target":{"@type":"EntryPoint","urlTemplate":"https:\/\/vosgesinfo.fr\/gerardmerinfo\/?s={search_term_string}"},"query-input":"required name=search_term_string"}],"inLanguage":"fr-FR"},{"@type":"Organization","@id":"https:\/\/vosgesinfo.fr\/gerardmerinfo\/#organization","name":"Gerardmer Info","url":"https:\/\/vosgesinfo.fr\/gerardmerinfo\/","logo":{"@type":"ImageObject","inLanguage":"fr-FR","@id":"https:\/\/vosgesinfo.fr\/gerardmerinfo\/#\/schema\/logo\/image\/","url":"https:\/\/vosgesinfo.fr\/app\/uploads\/sites\/6\/2023\/08\/favicon-gerardmerinfo.png","contentUrl":"https:\/\/vosgesinfo.fr\/app\/uploads\/sites\/6\/2023\/08\/favicon-gerardmerinfo.png","width":512,"height":512,"caption":"Gerardmer Info"},"image":{"@id":"https:\/\/vosgesinfo.fr\/gerardmerinfo\/#\/schema\/logo\/image\/"},"sameAs":["https:\/\/www.facebook.com\/profile.php?id=100049475262660","https:\/\/x.com\/VosgesInfo88","https:\/\/www.youtube.com\/@vosgesinfo"]},{"@type":"Person","@id":"https:\/\/vosgesinfo.fr\/gerardmerinfo\/#\/schema\/person\/bc5d02d71e6932e81b6dadb7386667b1","name":"qs_admin","image":{"@type":"ImageObject","inLanguage":"fr-FR","@id":"https:\/\/vosgesinfo.fr\/gerardmerinfo\/#\/schema\/person\/image\/","url":"https:\/\/secure.gravatar.com\/avatar\/94b18ee0ed79e4a42ea2f2931277b6841a8999fc6fde214600c78057cf1fe1de?s=96&d=mm&r=g","contentUrl":"https:\/\/secure.gravatar.com\/avatar\/94b18ee0ed79e4a42ea2f2931277b6841a8999fc6fde214600c78057cf1fe1de?s=96&d=mm&r=g","caption":"qs_admin"},"sameAs":["https:\/\/vosgesinfo.fr\/wp"],"url":"https:\/\/vosgesinfo.fr\/gerardmerinfo\/author\/qs_admin\/"}]}},"_links":{"self":[{"href":"https:\/\/vosgesinfo.fr\/gerardmerinfo\/wp-json\/wp\/v2\/posts\/60306","targetHints":{"allow":["GET"]}}],"collection":[{"href":"https:\/\/vosgesinfo.fr\/gerardmerinfo\/wp-json\/wp\/v2\/posts"}],"about":[{"href":"https:\/\/vosgesinfo.fr\/gerardmerinfo\/wp-json\/wp\/v2\/types\/post"}],"author":[{"embeddable":true,"href":"https:\/\/vosgesinfo.fr\/gerardmerinfo\/wp-json\/wp\/v2\/users\/1"}],"replies":[{"embeddable":true,"href":"https:\/\/vosgesinfo.fr\/gerardmerinfo\/wp-json\/wp\/v2\/comments?post=60306"}],"version-history":[{"count":0,"href":"https:\/\/vosgesinfo.fr\/gerardmerinfo\/wp-json\/wp\/v2\/posts\/60306\/revisions"}],"wp:featuredmedia":[{"embeddable":true,"href":"https:\/\/vosgesinfo.fr\/gerardmerinfo\/wp-json\/wp\/v2\/media\/5964"}],"wp:attachment":[{"href":"https:\/\/vosgesinfo.fr\/gerardmerinfo\/wp-json\/wp\/v2\/media?parent=60306"}],"wp:term":[{"taxonomy":"category","embeddable":true,"href":"https:\/\/vosgesinfo.fr\/gerardmerinfo\/wp-json\/wp\/v2\/categories?post=60306"},{"taxonomy":"post_tag","embeddable":true,"href":"https:\/\/vosgesinfo.fr\/gerardmerinfo\/wp-json\/wp\/v2\/tags?post=60306"}],"curies":[{"name":"wp","href":"https:\/\/api.w.org\/{rel}","templated":true}]}}