{"id":60496,"date":"2022-07-13T09:54:58","date_gmt":"2022-07-13T07:54:58","guid":{"rendered":"https:\/\/vosgesinfo.fr\/gerardmerinfo\/2022\/07\/pghm-de-nouveau-sollicite-mardi\/"},"modified":"2022-07-13T09:54:58","modified_gmt":"2022-07-13T07:54:58","slug":"pghm-de-nouveau-sollicite-mardi","status":"publish","type":"post","link":"https:\/\/vosgesinfo.fr\/gerardmerinfo\/2022\/07\/pghm-de-nouveau-sollicite-mardi\/","title":{"rendered":"Le PGHM de nouveau sollicit\u00e9 ce mardi"},"content":{"rendered":"<p><a href=\"\/2022\/07\/Pierre-la-Roche.jpg\"><img decoding=\"async\" class=\"aligncenter size-medium wp-image-192588\" src=\"\/2022\/07\/Pierre-la-Roche-336x255.jpg\" alt=\"Pierre la Roche\" width=\"336\" height=\"255\" \/><\/a><\/p>\n<h3><\/h3>\n<h3>Encore deux interventions hier mardi 12 juillet pour le PGHM de Xonrupt Longemer.<\/h3>\n<p style=\"text-align: left;\">Vers 18 heures, les secouristes du PGHM sont intervenus \u00e0 la \u00ab\u00a0Pierre la<br \/>\nRoche\u00a0\u00bb, sur la commune de Taintrux, suite \u00e0 la chute d&rsquo;un homme de 49<br \/>\nans depuis le haut du rocher d&rsquo;escalade.<br \/>\nL&rsquo;homme qui randonnait avec son \u00e9pouse \u00e9tait mont\u00e9 au belv\u00e9d\u00e8re au<br \/>\ndessus du rocher, accessible par un sentier, mais a gliss\u00e9 en<br \/>\nredescendant et a chut\u00e9 d&rsquo;environs 6 m\u00e8tres au pied de la falaise.<\/p>\n<p>Gravement bless\u00e9 et souffrant de traumatismes \u00e0 la t\u00eate et au dos, il a<br \/>\n\u00e9t\u00e9 pris en charge par les 2 secouristes du PGHM, 5 sapeurs pompiers de<br \/>\nTaintrux et une \u00e9quipe m\u00e9dicale du SMUR de Saint Di\u00e9 des Vosges.<\/p>\n<p>L&rsquo;endroit \u00e9tant tr\u00e8s escarp\u00e9 et d&rsquo;acc\u00e8s difficile, les secouristes du<br \/>\nPGHM ont sollicit\u00e9 l&rsquo;h\u00e9licopt\u00e8re de la section a\u00e9rienne de la<br \/>\ngendarmerie de Metz pour h\u00e9litreuiller la victime et la transporter dans<br \/>\nun premier temps au centre hospitalier de Saint Di\u00e9 des Vosges, avant<br \/>\nson transfert sur l\u2019h\u00f4pital central de Nancy.<\/p>\n<p>Vers 19 heures 45, deux autres secouristes du PGHM sont intervenus sur<br \/>\nle sentier de randonn\u00e9e sur les cr\u00eates, aux environs des trois fours,<br \/>\npour secourir une femme de 67 ans qui a chut\u00e9 de sa hauteur lors d&rsquo;une<br \/>\nrandonn\u00e9e entre amis.<\/p>\n<p>Souffrant d&rsquo;un traumatisme au bras gauche, elle a \u00e9t\u00e9 prise en charge<br \/>\nrapidement par les secouristes du PGHM et les sapeurs pompiers de<br \/>\nG\u00e9rardmer, puis brancard\u00e9e sur le sentier jusqu&rsquo;au VSAV.<\/p>\n<p>Elle a ensuite \u00e9t\u00e9 transport\u00e9e sur le centre hospitalier de Remiremont.<\/p>\n","protected":false},"excerpt":{"rendered":"<p>Encore deux interventions hier mardi 12 juillet pour le PGHM de Xonrupt Longemer. Vers 18 heures, les secouristes du PGHM [&hellip;]<\/p>\n","protected":false},"author":1,"featured_media":60497,"comment_status":"open","ping_status":"open","sticky":false,"template":"","format":"standard","meta":{"footnotes":""},"categories":[20,8,31],"tags":[244,3347],"class_list":["post-60496","post","type-post","status-publish","format-standard","has-post-thumbnail","hentry","category-a-la-une","category-faits-divers","category-vosges-faits-divers","tag-pghm-xonrupt-longemer","tag-taintrux"],"acf":[],"yoast_head":"<!-- This site is optimized with the Yoast SEO plugin v22.5 - https:\/\/yoast.com\/wordpress\/plugins\/seo\/ -->\n<title>Le PGHM de nouveau sollicit\u00e9 ce mardi - Gerardmer Info<\/title>\n<meta name=\"robots\" content=\"index, follow, max-snippet:-1, max-image-preview:large, max-video-preview:-1\" \/>\n<link rel=\"canonical\" href=\"https:\/\/vosgesinfo.fr\/gerardmerinfo\/2022\/07\/pghm-de-nouveau-sollicite-mardi\/\" \/>\n<meta name=\"twitter:card\" content=\"summary_large_image\" \/>\n<meta name=\"twitter:title\" content=\"Le PGHM de nouveau sollicit\u00e9 ce mardi - Gerardmer Info\" \/>\n<meta name=\"twitter:description\" content=\"Encore deux interventions hier mardi 12 juillet pour le PGHM de Xonrupt Longemer. Vers 18 heures, les secouristes du PGHM [&hellip;]\" \/>\n<meta name=\"twitter:image\" content=\"https:\/\/vosgesinfo.fr\/app\/uploads\/sites\/6\/2024\/07\/202207pierre-la-roche.jpg\" \/>\n<meta name=\"twitter:creator\" content=\"@VosgesInfo88\" \/>\n<meta name=\"twitter:site\" content=\"@VosgesInfo88\" \/>\n<meta name=\"twitter:label1\" content=\"\u00c9crit par\" \/>\n\t<meta name=\"twitter:data1\" content=\"qs_admin\" \/>\n\t<meta name=\"twitter:label2\" content=\"Dur\u00e9e de lecture estim\u00e9e\" \/>\n\t<meta name=\"twitter:data2\" content=\"1 minute\" \/>\n<script type=\"application\/ld+json\" class=\"yoast-schema-graph\">{\"@context\":\"https:\/\/schema.org\",\"@graph\":[{\"@type\":\"Article\",\"@id\":\"https:\/\/vosgesinfo.fr\/gerardmerinfo\/2022\/07\/pghm-de-nouveau-sollicite-mardi\/#article\",\"isPartOf\":{\"@id\":\"https:\/\/vosgesinfo.fr\/gerardmerinfo\/2022\/07\/pghm-de-nouveau-sollicite-mardi\/\"},\"author\":{\"name\":\"qs_admin\",\"@id\":\"https:\/\/vosgesinfo.fr\/gerardmerinfo\/#\/schema\/person\/bc5d02d71e6932e81b6dadb7386667b1\"},\"headline\":\"Le PGHM de nouveau sollicit\u00e9 ce mardi\",\"datePublished\":\"2022-07-13T07:54:58+00:00\",\"dateModified\":\"2022-07-13T07:54:58+00:00\",\"mainEntityOfPage\":{\"@id\":\"https:\/\/vosgesinfo.fr\/gerardmerinfo\/2022\/07\/pghm-de-nouveau-sollicite-mardi\/\"},\"wordCount\":279,\"commentCount\":0,\"publisher\":{\"@id\":\"https:\/\/vosgesinfo.fr\/gerardmerinfo\/#organization\"},\"image\":{\"@id\":\"https:\/\/vosgesinfo.fr\/gerardmerinfo\/2022\/07\/pghm-de-nouveau-sollicite-mardi\/#primaryimage\"},\"thumbnailUrl\":\"https:\/\/vosgesinfo.fr\/app\/uploads\/sites\/6\/2024\/07\/202207pierre-la-roche.jpg\",\"keywords\":[\"PGHM Xonrupt-Longemer\",\"taintrux\"],\"articleSection\":[\"A la une\",\"Faits-divers\",\"Vosges\"],\"inLanguage\":\"fr-FR\",\"potentialAction\":[{\"@type\":\"CommentAction\",\"name\":\"Comment\",\"target\":[\"https:\/\/vosgesinfo.fr\/gerardmerinfo\/2022\/07\/pghm-de-nouveau-sollicite-mardi\/#respond\"]}]},{\"@type\":\"WebPage\",\"@id\":\"https:\/\/vosgesinfo.fr\/gerardmerinfo\/2022\/07\/pghm-de-nouveau-sollicite-mardi\/\",\"url\":\"https:\/\/vosgesinfo.fr\/gerardmerinfo\/2022\/07\/pghm-de-nouveau-sollicite-mardi\/\",\"name\":\"Le PGHM de nouveau sollicit\u00e9 ce mardi - Gerardmer Info\",\"isPartOf\":{\"@id\":\"https:\/\/vosgesinfo.fr\/gerardmerinfo\/#website\"},\"primaryImageOfPage\":{\"@id\":\"https:\/\/vosgesinfo.fr\/gerardmerinfo\/2022\/07\/pghm-de-nouveau-sollicite-mardi\/#primaryimage\"},\"image\":{\"@id\":\"https:\/\/vosgesinfo.fr\/gerardmerinfo\/2022\/07\/pghm-de-nouveau-sollicite-mardi\/#primaryimage\"},\"thumbnailUrl\":\"https:\/\/vosgesinfo.fr\/app\/uploads\/sites\/6\/2024\/07\/202207pierre-la-roche.jpg\",\"datePublished\":\"2022-07-13T07:54:58+00:00\",\"dateModified\":\"2022-07-13T07:54:58+00:00\",\"breadcrumb\":{\"@id\":\"https:\/\/vosgesinfo.fr\/gerardmerinfo\/2022\/07\/pghm-de-nouveau-sollicite-mardi\/#breadcrumb\"},\"inLanguage\":\"fr-FR\",\"potentialAction\":[{\"@type\":\"ReadAction\",\"target\":[\"https:\/\/vosgesinfo.fr\/gerardmerinfo\/2022\/07\/pghm-de-nouveau-sollicite-mardi\/\"]}]},{\"@type\":\"ImageObject\",\"inLanguage\":\"fr-FR\",\"@id\":\"https:\/\/vosgesinfo.fr\/gerardmerinfo\/2022\/07\/pghm-de-nouveau-sollicite-mardi\/#primaryimage\",\"url\":\"https:\/\/vosgesinfo.fr\/app\/uploads\/sites\/6\/2024\/07\/202207pierre-la-roche.jpg\",\"contentUrl\":\"https:\/\/vosgesinfo.fr\/app\/uploads\/sites\/6\/2024\/07\/202207pierre-la-roche.jpg\",\"width\":1470,\"height\":1116},{\"@type\":\"BreadcrumbList\",\"@id\":\"https:\/\/vosgesinfo.fr\/gerardmerinfo\/2022\/07\/pghm-de-nouveau-sollicite-mardi\/#breadcrumb\",\"itemListElement\":[{\"@type\":\"ListItem\",\"position\":1,\"name\":\"Home\",\"item\":\"https:\/\/vosgesinfo.fr\/gerardmerinfo\/\"},{\"@type\":\"ListItem\",\"position\":2,\"name\":\"Le PGHM de nouveau sollicit\u00e9 ce mardi\"}]},{\"@type\":\"WebSite\",\"@id\":\"https:\/\/vosgesinfo.fr\/gerardmerinfo\/#website\",\"url\":\"https:\/\/vosgesinfo.fr\/gerardmerinfo\/\",\"name\":\"Gerardmer Info\",\"description\":\"Toute l&#039;actualit\u00e9 de G\u00e9rardmer\",\"publisher\":{\"@id\":\"https:\/\/vosgesinfo.fr\/gerardmerinfo\/#organization\"},\"alternateName\":\"Toute l'actualit\u00e9 de G\u00e9rardmer\",\"potentialAction\":[{\"@type\":\"SearchAction\",\"target\":{\"@type\":\"EntryPoint\",\"urlTemplate\":\"https:\/\/vosgesinfo.fr\/gerardmerinfo\/?s={search_term_string}\"},\"query-input\":\"required name=search_term_string\"}],\"inLanguage\":\"fr-FR\"},{\"@type\":\"Organization\",\"@id\":\"https:\/\/vosgesinfo.fr\/gerardmerinfo\/#organization\",\"name\":\"Gerardmer Info\",\"url\":\"https:\/\/vosgesinfo.fr\/gerardmerinfo\/\",\"logo\":{\"@type\":\"ImageObject\",\"inLanguage\":\"fr-FR\",\"@id\":\"https:\/\/vosgesinfo.fr\/gerardmerinfo\/#\/schema\/logo\/image\/\",\"url\":\"https:\/\/vosgesinfo.fr\/app\/uploads\/sites\/6\/2023\/08\/favicon-gerardmerinfo.png\",\"contentUrl\":\"https:\/\/vosgesinfo.fr\/app\/uploads\/sites\/6\/2023\/08\/favicon-gerardmerinfo.png\",\"width\":512,\"height\":512,\"caption\":\"Gerardmer Info\"},\"image\":{\"@id\":\"https:\/\/vosgesinfo.fr\/gerardmerinfo\/#\/schema\/logo\/image\/\"},\"sameAs\":[\"https:\/\/www.facebook.com\/profile.php?id=100049475262660\",\"https:\/\/x.com\/VosgesInfo88\",\"https:\/\/www.youtube.com\/@vosgesinfo\"]},{\"@type\":\"Person\",\"@id\":\"https:\/\/vosgesinfo.fr\/gerardmerinfo\/#\/schema\/person\/bc5d02d71e6932e81b6dadb7386667b1\",\"name\":\"qs_admin\",\"image\":{\"@type\":\"ImageObject\",\"inLanguage\":\"fr-FR\",\"@id\":\"https:\/\/vosgesinfo.fr\/gerardmerinfo\/#\/schema\/person\/image\/\",\"url\":\"https:\/\/secure.gravatar.com\/avatar\/94b18ee0ed79e4a42ea2f2931277b6841a8999fc6fde214600c78057cf1fe1de?s=96&d=mm&r=g\",\"contentUrl\":\"https:\/\/secure.gravatar.com\/avatar\/94b18ee0ed79e4a42ea2f2931277b6841a8999fc6fde214600c78057cf1fe1de?s=96&d=mm&r=g\",\"caption\":\"qs_admin\"},\"sameAs\":[\"https:\/\/vosgesinfo.fr\/wp\"],\"url\":\"https:\/\/vosgesinfo.fr\/gerardmerinfo\/author\/qs_admin\/\"}]}<\/script>\n<!-- \/ Yoast SEO plugin. -->","yoast_head_json":{"title":"Le PGHM de nouveau sollicit\u00e9 ce mardi - Gerardmer Info","robots":{"index":"index","follow":"follow","max-snippet":"max-snippet:-1","max-image-preview":"max-image-preview:large","max-video-preview":"max-video-preview:-1"},"canonical":"https:\/\/vosgesinfo.fr\/gerardmerinfo\/2022\/07\/pghm-de-nouveau-sollicite-mardi\/","twitter_card":"summary_large_image","twitter_title":"Le PGHM de nouveau sollicit\u00e9 ce mardi - Gerardmer Info","twitter_description":"Encore deux interventions hier mardi 12 juillet pour le PGHM de Xonrupt Longemer. Vers 18 heures, les secouristes du PGHM [&hellip;]","twitter_image":"https:\/\/vosgesinfo.fr\/app\/uploads\/sites\/6\/2024\/07\/202207pierre-la-roche.jpg","twitter_creator":"@VosgesInfo88","twitter_site":"@VosgesInfo88","twitter_misc":{"\u00c9crit par":"qs_admin","Dur\u00e9e de lecture estim\u00e9e":"1 minute"},"schema":{"@context":"https:\/\/schema.org","@graph":[{"@type":"Article","@id":"https:\/\/vosgesinfo.fr\/gerardmerinfo\/2022\/07\/pghm-de-nouveau-sollicite-mardi\/#article","isPartOf":{"@id":"https:\/\/vosgesinfo.fr\/gerardmerinfo\/2022\/07\/pghm-de-nouveau-sollicite-mardi\/"},"author":{"name":"qs_admin","@id":"https:\/\/vosgesinfo.fr\/gerardmerinfo\/#\/schema\/person\/bc5d02d71e6932e81b6dadb7386667b1"},"headline":"Le PGHM de nouveau sollicit\u00e9 ce mardi","datePublished":"2022-07-13T07:54:58+00:00","dateModified":"2022-07-13T07:54:58+00:00","mainEntityOfPage":{"@id":"https:\/\/vosgesinfo.fr\/gerardmerinfo\/2022\/07\/pghm-de-nouveau-sollicite-mardi\/"},"wordCount":279,"commentCount":0,"publisher":{"@id":"https:\/\/vosgesinfo.fr\/gerardmerinfo\/#organization"},"image":{"@id":"https:\/\/vosgesinfo.fr\/gerardmerinfo\/2022\/07\/pghm-de-nouveau-sollicite-mardi\/#primaryimage"},"thumbnailUrl":"https:\/\/vosgesinfo.fr\/app\/uploads\/sites\/6\/2024\/07\/202207pierre-la-roche.jpg","keywords":["PGHM Xonrupt-Longemer","taintrux"],"articleSection":["A la une","Faits-divers","Vosges"],"inLanguage":"fr-FR","potentialAction":[{"@type":"CommentAction","name":"Comment","target":["https:\/\/vosgesinfo.fr\/gerardmerinfo\/2022\/07\/pghm-de-nouveau-sollicite-mardi\/#respond"]}]},{"@type":"WebPage","@id":"https:\/\/vosgesinfo.fr\/gerardmerinfo\/2022\/07\/pghm-de-nouveau-sollicite-mardi\/","url":"https:\/\/vosgesinfo.fr\/gerardmerinfo\/2022\/07\/pghm-de-nouveau-sollicite-mardi\/","name":"Le PGHM de nouveau sollicit\u00e9 ce mardi - Gerardmer Info","isPartOf":{"@id":"https:\/\/vosgesinfo.fr\/gerardmerinfo\/#website"},"primaryImageOfPage":{"@id":"https:\/\/vosgesinfo.fr\/gerardmerinfo\/2022\/07\/pghm-de-nouveau-sollicite-mardi\/#primaryimage"},"image":{"@id":"https:\/\/vosgesinfo.fr\/gerardmerinfo\/2022\/07\/pghm-de-nouveau-sollicite-mardi\/#primaryimage"},"thumbnailUrl":"https:\/\/vosgesinfo.fr\/app\/uploads\/sites\/6\/2024\/07\/202207pierre-la-roche.jpg","datePublished":"2022-07-13T07:54:58+00:00","dateModified":"2022-07-13T07:54:58+00:00","breadcrumb":{"@id":"https:\/\/vosgesinfo.fr\/gerardmerinfo\/2022\/07\/pghm-de-nouveau-sollicite-mardi\/#breadcrumb"},"inLanguage":"fr-FR","potentialAction":[{"@type":"ReadAction","target":["https:\/\/vosgesinfo.fr\/gerardmerinfo\/2022\/07\/pghm-de-nouveau-sollicite-mardi\/"]}]},{"@type":"ImageObject","inLanguage":"fr-FR","@id":"https:\/\/vosgesinfo.fr\/gerardmerinfo\/2022\/07\/pghm-de-nouveau-sollicite-mardi\/#primaryimage","url":"https:\/\/vosgesinfo.fr\/app\/uploads\/sites\/6\/2024\/07\/202207pierre-la-roche.jpg","contentUrl":"https:\/\/vosgesinfo.fr\/app\/uploads\/sites\/6\/2024\/07\/202207pierre-la-roche.jpg","width":1470,"height":1116},{"@type":"BreadcrumbList","@id":"https:\/\/vosgesinfo.fr\/gerardmerinfo\/2022\/07\/pghm-de-nouveau-sollicite-mardi\/#breadcrumb","itemListElement":[{"@type":"ListItem","position":1,"name":"Home","item":"https:\/\/vosgesinfo.fr\/gerardmerinfo\/"},{"@type":"ListItem","position":2,"name":"Le PGHM de nouveau sollicit\u00e9 ce mardi"}]},{"@type":"WebSite","@id":"https:\/\/vosgesinfo.fr\/gerardmerinfo\/#website","url":"https:\/\/vosgesinfo.fr\/gerardmerinfo\/","name":"Gerardmer Info","description":"Toute l&#039;actualit\u00e9 de G\u00e9rardmer","publisher":{"@id":"https:\/\/vosgesinfo.fr\/gerardmerinfo\/#organization"},"alternateName":"Toute l'actualit\u00e9 de G\u00e9rardmer","potentialAction":[{"@type":"SearchAction","target":{"@type":"EntryPoint","urlTemplate":"https:\/\/vosgesinfo.fr\/gerardmerinfo\/?s={search_term_string}"},"query-input":"required name=search_term_string"}],"inLanguage":"fr-FR"},{"@type":"Organization","@id":"https:\/\/vosgesinfo.fr\/gerardmerinfo\/#organization","name":"Gerardmer Info","url":"https:\/\/vosgesinfo.fr\/gerardmerinfo\/","logo":{"@type":"ImageObject","inLanguage":"fr-FR","@id":"https:\/\/vosgesinfo.fr\/gerardmerinfo\/#\/schema\/logo\/image\/","url":"https:\/\/vosgesinfo.fr\/app\/uploads\/sites\/6\/2023\/08\/favicon-gerardmerinfo.png","contentUrl":"https:\/\/vosgesinfo.fr\/app\/uploads\/sites\/6\/2023\/08\/favicon-gerardmerinfo.png","width":512,"height":512,"caption":"Gerardmer Info"},"image":{"@id":"https:\/\/vosgesinfo.fr\/gerardmerinfo\/#\/schema\/logo\/image\/"},"sameAs":["https:\/\/www.facebook.com\/profile.php?id=100049475262660","https:\/\/x.com\/VosgesInfo88","https:\/\/www.youtube.com\/@vosgesinfo"]},{"@type":"Person","@id":"https:\/\/vosgesinfo.fr\/gerardmerinfo\/#\/schema\/person\/bc5d02d71e6932e81b6dadb7386667b1","name":"qs_admin","image":{"@type":"ImageObject","inLanguage":"fr-FR","@id":"https:\/\/vosgesinfo.fr\/gerardmerinfo\/#\/schema\/person\/image\/","url":"https:\/\/secure.gravatar.com\/avatar\/94b18ee0ed79e4a42ea2f2931277b6841a8999fc6fde214600c78057cf1fe1de?s=96&d=mm&r=g","contentUrl":"https:\/\/secure.gravatar.com\/avatar\/94b18ee0ed79e4a42ea2f2931277b6841a8999fc6fde214600c78057cf1fe1de?s=96&d=mm&r=g","caption":"qs_admin"},"sameAs":["https:\/\/vosgesinfo.fr\/wp"],"url":"https:\/\/vosgesinfo.fr\/gerardmerinfo\/author\/qs_admin\/"}]}},"_links":{"self":[{"href":"https:\/\/vosgesinfo.fr\/gerardmerinfo\/wp-json\/wp\/v2\/posts\/60496","targetHints":{"allow":["GET"]}}],"collection":[{"href":"https:\/\/vosgesinfo.fr\/gerardmerinfo\/wp-json\/wp\/v2\/posts"}],"about":[{"href":"https:\/\/vosgesinfo.fr\/gerardmerinfo\/wp-json\/wp\/v2\/types\/post"}],"author":[{"embeddable":true,"href":"https:\/\/vosgesinfo.fr\/gerardmerinfo\/wp-json\/wp\/v2\/users\/1"}],"replies":[{"embeddable":true,"href":"https:\/\/vosgesinfo.fr\/gerardmerinfo\/wp-json\/wp\/v2\/comments?post=60496"}],"version-history":[{"count":0,"href":"https:\/\/vosgesinfo.fr\/gerardmerinfo\/wp-json\/wp\/v2\/posts\/60496\/revisions"}],"wp:featuredmedia":[{"embeddable":true,"href":"https:\/\/vosgesinfo.fr\/gerardmerinfo\/wp-json\/wp\/v2\/media\/60497"}],"wp:attachment":[{"href":"https:\/\/vosgesinfo.fr\/gerardmerinfo\/wp-json\/wp\/v2\/media?parent=60496"}],"wp:term":[{"taxonomy":"category","embeddable":true,"href":"https:\/\/vosgesinfo.fr\/gerardmerinfo\/wp-json\/wp\/v2\/categories?post=60496"},{"taxonomy":"post_tag","embeddable":true,"href":"https:\/\/vosgesinfo.fr\/gerardmerinfo\/wp-json\/wp\/v2\/tags?post=60496"}],"curies":[{"name":"wp","href":"https:\/\/api.w.org\/{rel}","templated":true}]}}