{"id":60590,"date":"2022-07-18T12:14:07","date_gmt":"2022-07-18T10:14:07","guid":{"rendered":"https:\/\/vosgesinfo.fr\/gerardmerinfo\/2022\/07\/a-gens-david-valence-lun-signataires-de-tribune-denoncant-propos-de-caroline-cayeux\/"},"modified":"2022-07-18T12:14:07","modified_gmt":"2022-07-18T10:14:07","slug":"a-gens-david-valence-lun-signataires-de-tribune-denoncant-propos-de-caroline-cayeux","status":"publish","type":"post","link":"https:\/\/vosgesinfo.fr\/gerardmerinfo\/2022\/07\/a-gens-david-valence-lun-signataires-de-tribune-denoncant-propos-de-caroline-cayeux\/","title":{"rendered":"\u00ab A tous ces gens-l\u00e0 \u00bb : David Valence est l\u2019un des signataires de la tribune d\u00e9non\u00e7ant les propos de Caroline Cayeux"},"content":{"rendered":"<h2><strong>Nomm\u00e9e ministre des Collectivit\u00e9s territoriales le 4 juillet dernier, Caroline Cayeux est actuellement au c\u0153ur d\u2019une pol\u00e9mique suite \u00e0 ses propos tenus en 2013 face au S\u00e9nat lors du d\u00e9bat sur le mariage pour tous.<\/strong><\/h2>\n<p>Caroline Cayeux avait notamment qualifi\u00e9 le mariage pour tous de \u00ab\u00a0dessein qui va contre la nature.\u00a0\u00bb Le 12 juillet dernier, la ministre s\u2019est exprim\u00e9e sur Public S\u00e9nat en disant \u00ab\u00a0maintenir ses propos\u00a0\u00bb, pr\u00e9cisant \u00ab\u00a0j\u2019ai beaucoup d\u2019amis parmi tous ces gens-l\u00e0 et franchement, c\u2019est un mauvais proc\u00e8s qu\u2019on me fait et \u00e7a m\u2019a beaucoup contrari\u00e9e.\u00a0\u00bb Des propos qui ne sont pas pass\u00e9s aupr\u00e8s de plus d\u2019une centaine de personnalit\u00e9s, dont le d\u00e9put\u00e9 de la deuxi\u00e8me circonscription des Vosges David Valence, qui est l\u2019un des signataires de la tribune \u00ab\u00a0A tous ces gens-l\u00e0\u00a0\u00bb, parue samedi dans le Journal du Dimanche et qui d\u00e9nonce les propos de Caroline Cayeux (<strong><a href=\"https:\/\/www.lejdd.fr\/Politique\/a-tous-ces-gens-la-des-elus-de-la-majorite-et-des-personnalites-denoncent-les-propos-de-caroline-cayeux-4123539\" target=\"_blank\" rel=\"noopener\">\u00e0 lire ici<\/a><\/strong>).<\/p>\n","protected":false},"excerpt":{"rendered":"<p>Nomm\u00e9e ministre des Collectivit\u00e9s territoriales le 4 juillet dernier, Caroline Cayeux est actuellement au c\u0153ur d\u2019une pol\u00e9mique suite \u00e0 ses [&hellip;]<\/p>\n","protected":false},"author":1,"featured_media":60591,"comment_status":"open","ping_status":"open","sticky":false,"template":"","format":"standard","meta":{"footnotes":""},"categories":[20,13,18],"tags":[],"class_list":["post-60590","post","type-post","status-publish","format-standard","has-post-thumbnail","hentry","category-a-la-une","category-societe","category-vosges"],"acf":[],"yoast_head":"<!-- This site is optimized with the Yoast SEO plugin v22.5 - https:\/\/yoast.com\/wordpress\/plugins\/seo\/ -->\n<title>\u00ab A tous ces gens-l\u00e0 \u00bb : David Valence est l\u2019un des signataires de la tribune d\u00e9non\u00e7ant les propos de Caroline Cayeux - Gerardmer Info<\/title>\n<meta name=\"robots\" content=\"index, follow, max-snippet:-1, max-image-preview:large, max-video-preview:-1\" \/>\n<link rel=\"canonical\" href=\"https:\/\/vosgesinfo.fr\/gerardmerinfo\/2022\/07\/a-gens-david-valence-lun-signataires-de-tribune-denoncant-propos-de-caroline-cayeux\/\" \/>\n<meta name=\"twitter:card\" content=\"summary_large_image\" \/>\n<meta name=\"twitter:title\" content=\"\u00ab A tous ces gens-l\u00e0 \u00bb : David Valence est l\u2019un des signataires de la tribune d\u00e9non\u00e7ant les propos de Caroline Cayeux - Gerardmer Info\" \/>\n<meta name=\"twitter:description\" content=\"Nomm\u00e9e ministre des Collectivit\u00e9s territoriales le 4 juillet dernier, Caroline Cayeux est actuellement au c\u0153ur d\u2019une pol\u00e9mique suite \u00e0 ses [&hellip;]\" \/>\n<meta name=\"twitter:image\" content=\"https:\/\/vosgesinfo.fr\/app\/uploads\/sites\/6\/2024\/07\/202207david-valence-1.jpg\" \/>\n<meta name=\"twitter:creator\" content=\"@VosgesInfo88\" \/>\n<meta name=\"twitter:site\" content=\"@VosgesInfo88\" \/>\n<meta name=\"twitter:label1\" content=\"\u00c9crit par\" \/>\n\t<meta name=\"twitter:data1\" content=\"qs_admin\" \/>\n\t<meta name=\"twitter:label2\" content=\"Dur\u00e9e de lecture estim\u00e9e\" \/>\n\t<meta name=\"twitter:data2\" content=\"1 minute\" \/>\n<script type=\"application\/ld+json\" class=\"yoast-schema-graph\">{\"@context\":\"https:\/\/schema.org\",\"@graph\":[{\"@type\":\"Article\",\"@id\":\"https:\/\/vosgesinfo.fr\/gerardmerinfo\/2022\/07\/a-gens-david-valence-lun-signataires-de-tribune-denoncant-propos-de-caroline-cayeux\/#article\",\"isPartOf\":{\"@id\":\"https:\/\/vosgesinfo.fr\/gerardmerinfo\/2022\/07\/a-gens-david-valence-lun-signataires-de-tribune-denoncant-propos-de-caroline-cayeux\/\"},\"author\":{\"name\":\"qs_admin\",\"@id\":\"https:\/\/vosgesinfo.fr\/gerardmerinfo\/#\/schema\/person\/bc5d02d71e6932e81b6dadb7386667b1\"},\"headline\":\"\u00ab A tous ces gens-l\u00e0 \u00bb : David Valence est l\u2019un des signataires de la tribune d\u00e9non\u00e7ant les propos de Caroline Cayeux\",\"datePublished\":\"2022-07-18T10:14:07+00:00\",\"dateModified\":\"2022-07-18T10:14:07+00:00\",\"mainEntityOfPage\":{\"@id\":\"https:\/\/vosgesinfo.fr\/gerardmerinfo\/2022\/07\/a-gens-david-valence-lun-signataires-de-tribune-denoncant-propos-de-caroline-cayeux\/\"},\"wordCount\":187,\"commentCount\":0,\"publisher\":{\"@id\":\"https:\/\/vosgesinfo.fr\/gerardmerinfo\/#organization\"},\"image\":{\"@id\":\"https:\/\/vosgesinfo.fr\/gerardmerinfo\/2022\/07\/a-gens-david-valence-lun-signataires-de-tribune-denoncant-propos-de-caroline-cayeux\/#primaryimage\"},\"thumbnailUrl\":\"https:\/\/vosgesinfo.fr\/app\/uploads\/sites\/6\/2024\/07\/202207david-valence-1.jpg\",\"articleSection\":[\"A la une\",\"Soci\u00e9t\u00e9\",\"Vosges\"],\"inLanguage\":\"fr-FR\",\"potentialAction\":[{\"@type\":\"CommentAction\",\"name\":\"Comment\",\"target\":[\"https:\/\/vosgesinfo.fr\/gerardmerinfo\/2022\/07\/a-gens-david-valence-lun-signataires-de-tribune-denoncant-propos-de-caroline-cayeux\/#respond\"]}]},{\"@type\":\"WebPage\",\"@id\":\"https:\/\/vosgesinfo.fr\/gerardmerinfo\/2022\/07\/a-gens-david-valence-lun-signataires-de-tribune-denoncant-propos-de-caroline-cayeux\/\",\"url\":\"https:\/\/vosgesinfo.fr\/gerardmerinfo\/2022\/07\/a-gens-david-valence-lun-signataires-de-tribune-denoncant-propos-de-caroline-cayeux\/\",\"name\":\"\u00ab A tous ces gens-l\u00e0 \u00bb : David Valence est l\u2019un des signataires de la tribune d\u00e9non\u00e7ant les propos de Caroline Cayeux - Gerardmer Info\",\"isPartOf\":{\"@id\":\"https:\/\/vosgesinfo.fr\/gerardmerinfo\/#website\"},\"primaryImageOfPage\":{\"@id\":\"https:\/\/vosgesinfo.fr\/gerardmerinfo\/2022\/07\/a-gens-david-valence-lun-signataires-de-tribune-denoncant-propos-de-caroline-cayeux\/#primaryimage\"},\"image\":{\"@id\":\"https:\/\/vosgesinfo.fr\/gerardmerinfo\/2022\/07\/a-gens-david-valence-lun-signataires-de-tribune-denoncant-propos-de-caroline-cayeux\/#primaryimage\"},\"thumbnailUrl\":\"https:\/\/vosgesinfo.fr\/app\/uploads\/sites\/6\/2024\/07\/202207david-valence-1.jpg\",\"datePublished\":\"2022-07-18T10:14:07+00:00\",\"dateModified\":\"2022-07-18T10:14:07+00:00\",\"breadcrumb\":{\"@id\":\"https:\/\/vosgesinfo.fr\/gerardmerinfo\/2022\/07\/a-gens-david-valence-lun-signataires-de-tribune-denoncant-propos-de-caroline-cayeux\/#breadcrumb\"},\"inLanguage\":\"fr-FR\",\"potentialAction\":[{\"@type\":\"ReadAction\",\"target\":[\"https:\/\/vosgesinfo.fr\/gerardmerinfo\/2022\/07\/a-gens-david-valence-lun-signataires-de-tribune-denoncant-propos-de-caroline-cayeux\/\"]}]},{\"@type\":\"ImageObject\",\"inLanguage\":\"fr-FR\",\"@id\":\"https:\/\/vosgesinfo.fr\/gerardmerinfo\/2022\/07\/a-gens-david-valence-lun-signataires-de-tribune-denoncant-propos-de-caroline-cayeux\/#primaryimage\",\"url\":\"https:\/\/vosgesinfo.fr\/app\/uploads\/sites\/6\/2024\/07\/202207david-valence-1.jpg\",\"contentUrl\":\"https:\/\/vosgesinfo.fr\/app\/uploads\/sites\/6\/2024\/07\/202207david-valence-1.jpg\",\"width\":1367,\"height\":1252},{\"@type\":\"BreadcrumbList\",\"@id\":\"https:\/\/vosgesinfo.fr\/gerardmerinfo\/2022\/07\/a-gens-david-valence-lun-signataires-de-tribune-denoncant-propos-de-caroline-cayeux\/#breadcrumb\",\"itemListElement\":[{\"@type\":\"ListItem\",\"position\":1,\"name\":\"Home\",\"item\":\"https:\/\/vosgesinfo.fr\/gerardmerinfo\/\"},{\"@type\":\"ListItem\",\"position\":2,\"name\":\"\u00ab A tous ces gens-l\u00e0 \u00bb : David Valence est l\u2019un des signataires de la tribune d\u00e9non\u00e7ant les propos de Caroline Cayeux\"}]},{\"@type\":\"WebSite\",\"@id\":\"https:\/\/vosgesinfo.fr\/gerardmerinfo\/#website\",\"url\":\"https:\/\/vosgesinfo.fr\/gerardmerinfo\/\",\"name\":\"Gerardmer Info\",\"description\":\"Toute l&#039;actualit\u00e9 de G\u00e9rardmer\",\"publisher\":{\"@id\":\"https:\/\/vosgesinfo.fr\/gerardmerinfo\/#organization\"},\"alternateName\":\"Toute l'actualit\u00e9 de G\u00e9rardmer\",\"potentialAction\":[{\"@type\":\"SearchAction\",\"target\":{\"@type\":\"EntryPoint\",\"urlTemplate\":\"https:\/\/vosgesinfo.fr\/gerardmerinfo\/?s={search_term_string}\"},\"query-input\":\"required name=search_term_string\"}],\"inLanguage\":\"fr-FR\"},{\"@type\":\"Organization\",\"@id\":\"https:\/\/vosgesinfo.fr\/gerardmerinfo\/#organization\",\"name\":\"Gerardmer Info\",\"url\":\"https:\/\/vosgesinfo.fr\/gerardmerinfo\/\",\"logo\":{\"@type\":\"ImageObject\",\"inLanguage\":\"fr-FR\",\"@id\":\"https:\/\/vosgesinfo.fr\/gerardmerinfo\/#\/schema\/logo\/image\/\",\"url\":\"https:\/\/vosgesinfo.fr\/app\/uploads\/sites\/6\/2023\/08\/favicon-gerardmerinfo.png\",\"contentUrl\":\"https:\/\/vosgesinfo.fr\/app\/uploads\/sites\/6\/2023\/08\/favicon-gerardmerinfo.png\",\"width\":512,\"height\":512,\"caption\":\"Gerardmer Info\"},\"image\":{\"@id\":\"https:\/\/vosgesinfo.fr\/gerardmerinfo\/#\/schema\/logo\/image\/\"},\"sameAs\":[\"https:\/\/www.facebook.com\/profile.php?id=100049475262660\",\"https:\/\/x.com\/VosgesInfo88\",\"https:\/\/www.youtube.com\/@vosgesinfo\"]},{\"@type\":\"Person\",\"@id\":\"https:\/\/vosgesinfo.fr\/gerardmerinfo\/#\/schema\/person\/bc5d02d71e6932e81b6dadb7386667b1\",\"name\":\"qs_admin\",\"image\":{\"@type\":\"ImageObject\",\"inLanguage\":\"fr-FR\",\"@id\":\"https:\/\/vosgesinfo.fr\/gerardmerinfo\/#\/schema\/person\/image\/\",\"url\":\"https:\/\/secure.gravatar.com\/avatar\/94b18ee0ed79e4a42ea2f2931277b6841a8999fc6fde214600c78057cf1fe1de?s=96&d=mm&r=g\",\"contentUrl\":\"https:\/\/secure.gravatar.com\/avatar\/94b18ee0ed79e4a42ea2f2931277b6841a8999fc6fde214600c78057cf1fe1de?s=96&d=mm&r=g\",\"caption\":\"qs_admin\"},\"sameAs\":[\"https:\/\/vosgesinfo.fr\/wp\"],\"url\":\"https:\/\/vosgesinfo.fr\/gerardmerinfo\/author\/qs_admin\/\"}]}<\/script>\n<!-- \/ Yoast SEO plugin. -->","yoast_head_json":{"title":"\u00ab A tous ces gens-l\u00e0 \u00bb : David Valence est l\u2019un des signataires de la tribune d\u00e9non\u00e7ant les propos de Caroline Cayeux - Gerardmer Info","robots":{"index":"index","follow":"follow","max-snippet":"max-snippet:-1","max-image-preview":"max-image-preview:large","max-video-preview":"max-video-preview:-1"},"canonical":"https:\/\/vosgesinfo.fr\/gerardmerinfo\/2022\/07\/a-gens-david-valence-lun-signataires-de-tribune-denoncant-propos-de-caroline-cayeux\/","twitter_card":"summary_large_image","twitter_title":"\u00ab A tous ces gens-l\u00e0 \u00bb : David Valence est l\u2019un des signataires de la tribune d\u00e9non\u00e7ant les propos de Caroline Cayeux - Gerardmer Info","twitter_description":"Nomm\u00e9e ministre des Collectivit\u00e9s territoriales le 4 juillet dernier, Caroline Cayeux est actuellement au c\u0153ur d\u2019une pol\u00e9mique suite \u00e0 ses [&hellip;]","twitter_image":"https:\/\/vosgesinfo.fr\/app\/uploads\/sites\/6\/2024\/07\/202207david-valence-1.jpg","twitter_creator":"@VosgesInfo88","twitter_site":"@VosgesInfo88","twitter_misc":{"\u00c9crit par":"qs_admin","Dur\u00e9e de lecture estim\u00e9e":"1 minute"},"schema":{"@context":"https:\/\/schema.org","@graph":[{"@type":"Article","@id":"https:\/\/vosgesinfo.fr\/gerardmerinfo\/2022\/07\/a-gens-david-valence-lun-signataires-de-tribune-denoncant-propos-de-caroline-cayeux\/#article","isPartOf":{"@id":"https:\/\/vosgesinfo.fr\/gerardmerinfo\/2022\/07\/a-gens-david-valence-lun-signataires-de-tribune-denoncant-propos-de-caroline-cayeux\/"},"author":{"name":"qs_admin","@id":"https:\/\/vosgesinfo.fr\/gerardmerinfo\/#\/schema\/person\/bc5d02d71e6932e81b6dadb7386667b1"},"headline":"\u00ab A tous ces gens-l\u00e0 \u00bb : David Valence est l\u2019un des signataires de la tribune d\u00e9non\u00e7ant les propos de Caroline Cayeux","datePublished":"2022-07-18T10:14:07+00:00","dateModified":"2022-07-18T10:14:07+00:00","mainEntityOfPage":{"@id":"https:\/\/vosgesinfo.fr\/gerardmerinfo\/2022\/07\/a-gens-david-valence-lun-signataires-de-tribune-denoncant-propos-de-caroline-cayeux\/"},"wordCount":187,"commentCount":0,"publisher":{"@id":"https:\/\/vosgesinfo.fr\/gerardmerinfo\/#organization"},"image":{"@id":"https:\/\/vosgesinfo.fr\/gerardmerinfo\/2022\/07\/a-gens-david-valence-lun-signataires-de-tribune-denoncant-propos-de-caroline-cayeux\/#primaryimage"},"thumbnailUrl":"https:\/\/vosgesinfo.fr\/app\/uploads\/sites\/6\/2024\/07\/202207david-valence-1.jpg","articleSection":["A la une","Soci\u00e9t\u00e9","Vosges"],"inLanguage":"fr-FR","potentialAction":[{"@type":"CommentAction","name":"Comment","target":["https:\/\/vosgesinfo.fr\/gerardmerinfo\/2022\/07\/a-gens-david-valence-lun-signataires-de-tribune-denoncant-propos-de-caroline-cayeux\/#respond"]}]},{"@type":"WebPage","@id":"https:\/\/vosgesinfo.fr\/gerardmerinfo\/2022\/07\/a-gens-david-valence-lun-signataires-de-tribune-denoncant-propos-de-caroline-cayeux\/","url":"https:\/\/vosgesinfo.fr\/gerardmerinfo\/2022\/07\/a-gens-david-valence-lun-signataires-de-tribune-denoncant-propos-de-caroline-cayeux\/","name":"\u00ab A tous ces gens-l\u00e0 \u00bb : David Valence est l\u2019un des signataires de la tribune d\u00e9non\u00e7ant les propos de Caroline Cayeux - Gerardmer Info","isPartOf":{"@id":"https:\/\/vosgesinfo.fr\/gerardmerinfo\/#website"},"primaryImageOfPage":{"@id":"https:\/\/vosgesinfo.fr\/gerardmerinfo\/2022\/07\/a-gens-david-valence-lun-signataires-de-tribune-denoncant-propos-de-caroline-cayeux\/#primaryimage"},"image":{"@id":"https:\/\/vosgesinfo.fr\/gerardmerinfo\/2022\/07\/a-gens-david-valence-lun-signataires-de-tribune-denoncant-propos-de-caroline-cayeux\/#primaryimage"},"thumbnailUrl":"https:\/\/vosgesinfo.fr\/app\/uploads\/sites\/6\/2024\/07\/202207david-valence-1.jpg","datePublished":"2022-07-18T10:14:07+00:00","dateModified":"2022-07-18T10:14:07+00:00","breadcrumb":{"@id":"https:\/\/vosgesinfo.fr\/gerardmerinfo\/2022\/07\/a-gens-david-valence-lun-signataires-de-tribune-denoncant-propos-de-caroline-cayeux\/#breadcrumb"},"inLanguage":"fr-FR","potentialAction":[{"@type":"ReadAction","target":["https:\/\/vosgesinfo.fr\/gerardmerinfo\/2022\/07\/a-gens-david-valence-lun-signataires-de-tribune-denoncant-propos-de-caroline-cayeux\/"]}]},{"@type":"ImageObject","inLanguage":"fr-FR","@id":"https:\/\/vosgesinfo.fr\/gerardmerinfo\/2022\/07\/a-gens-david-valence-lun-signataires-de-tribune-denoncant-propos-de-caroline-cayeux\/#primaryimage","url":"https:\/\/vosgesinfo.fr\/app\/uploads\/sites\/6\/2024\/07\/202207david-valence-1.jpg","contentUrl":"https:\/\/vosgesinfo.fr\/app\/uploads\/sites\/6\/2024\/07\/202207david-valence-1.jpg","width":1367,"height":1252},{"@type":"BreadcrumbList","@id":"https:\/\/vosgesinfo.fr\/gerardmerinfo\/2022\/07\/a-gens-david-valence-lun-signataires-de-tribune-denoncant-propos-de-caroline-cayeux\/#breadcrumb","itemListElement":[{"@type":"ListItem","position":1,"name":"Home","item":"https:\/\/vosgesinfo.fr\/gerardmerinfo\/"},{"@type":"ListItem","position":2,"name":"\u00ab A tous ces gens-l\u00e0 \u00bb : David Valence est l\u2019un des signataires de la tribune d\u00e9non\u00e7ant les propos de Caroline Cayeux"}]},{"@type":"WebSite","@id":"https:\/\/vosgesinfo.fr\/gerardmerinfo\/#website","url":"https:\/\/vosgesinfo.fr\/gerardmerinfo\/","name":"Gerardmer Info","description":"Toute l&#039;actualit\u00e9 de G\u00e9rardmer","publisher":{"@id":"https:\/\/vosgesinfo.fr\/gerardmerinfo\/#organization"},"alternateName":"Toute l'actualit\u00e9 de G\u00e9rardmer","potentialAction":[{"@type":"SearchAction","target":{"@type":"EntryPoint","urlTemplate":"https:\/\/vosgesinfo.fr\/gerardmerinfo\/?s={search_term_string}"},"query-input":"required name=search_term_string"}],"inLanguage":"fr-FR"},{"@type":"Organization","@id":"https:\/\/vosgesinfo.fr\/gerardmerinfo\/#organization","name":"Gerardmer Info","url":"https:\/\/vosgesinfo.fr\/gerardmerinfo\/","logo":{"@type":"ImageObject","inLanguage":"fr-FR","@id":"https:\/\/vosgesinfo.fr\/gerardmerinfo\/#\/schema\/logo\/image\/","url":"https:\/\/vosgesinfo.fr\/app\/uploads\/sites\/6\/2023\/08\/favicon-gerardmerinfo.png","contentUrl":"https:\/\/vosgesinfo.fr\/app\/uploads\/sites\/6\/2023\/08\/favicon-gerardmerinfo.png","width":512,"height":512,"caption":"Gerardmer Info"},"image":{"@id":"https:\/\/vosgesinfo.fr\/gerardmerinfo\/#\/schema\/logo\/image\/"},"sameAs":["https:\/\/www.facebook.com\/profile.php?id=100049475262660","https:\/\/x.com\/VosgesInfo88","https:\/\/www.youtube.com\/@vosgesinfo"]},{"@type":"Person","@id":"https:\/\/vosgesinfo.fr\/gerardmerinfo\/#\/schema\/person\/bc5d02d71e6932e81b6dadb7386667b1","name":"qs_admin","image":{"@type":"ImageObject","inLanguage":"fr-FR","@id":"https:\/\/vosgesinfo.fr\/gerardmerinfo\/#\/schema\/person\/image\/","url":"https:\/\/secure.gravatar.com\/avatar\/94b18ee0ed79e4a42ea2f2931277b6841a8999fc6fde214600c78057cf1fe1de?s=96&d=mm&r=g","contentUrl":"https:\/\/secure.gravatar.com\/avatar\/94b18ee0ed79e4a42ea2f2931277b6841a8999fc6fde214600c78057cf1fe1de?s=96&d=mm&r=g","caption":"qs_admin"},"sameAs":["https:\/\/vosgesinfo.fr\/wp"],"url":"https:\/\/vosgesinfo.fr\/gerardmerinfo\/author\/qs_admin\/"}]}},"_links":{"self":[{"href":"https:\/\/vosgesinfo.fr\/gerardmerinfo\/wp-json\/wp\/v2\/posts\/60590","targetHints":{"allow":["GET"]}}],"collection":[{"href":"https:\/\/vosgesinfo.fr\/gerardmerinfo\/wp-json\/wp\/v2\/posts"}],"about":[{"href":"https:\/\/vosgesinfo.fr\/gerardmerinfo\/wp-json\/wp\/v2\/types\/post"}],"author":[{"embeddable":true,"href":"https:\/\/vosgesinfo.fr\/gerardmerinfo\/wp-json\/wp\/v2\/users\/1"}],"replies":[{"embeddable":true,"href":"https:\/\/vosgesinfo.fr\/gerardmerinfo\/wp-json\/wp\/v2\/comments?post=60590"}],"version-history":[{"count":0,"href":"https:\/\/vosgesinfo.fr\/gerardmerinfo\/wp-json\/wp\/v2\/posts\/60590\/revisions"}],"wp:featuredmedia":[{"embeddable":true,"href":"https:\/\/vosgesinfo.fr\/gerardmerinfo\/wp-json\/wp\/v2\/media\/60591"}],"wp:attachment":[{"href":"https:\/\/vosgesinfo.fr\/gerardmerinfo\/wp-json\/wp\/v2\/media?parent=60590"}],"wp:term":[{"taxonomy":"category","embeddable":true,"href":"https:\/\/vosgesinfo.fr\/gerardmerinfo\/wp-json\/wp\/v2\/categories?post=60590"},{"taxonomy":"post_tag","embeddable":true,"href":"https:\/\/vosgesinfo.fr\/gerardmerinfo\/wp-json\/wp\/v2\/tags?post=60590"}],"curies":[{"name":"wp","href":"https:\/\/api.w.org\/{rel}","templated":true}]}}