{"id":60699,"date":"2022-07-25T04:02:50","date_gmt":"2022-07-25T02:02:50","guid":{"rendered":"https:\/\/vosgesinfo.fr\/gerardmerinfo\/2022\/07\/musique-jardins-festival-resonuances-se-poursuit-jusquau-5-aout\/"},"modified":"2022-07-25T04:02:50","modified_gmt":"2022-07-25T02:02:50","slug":"musique-jardins-festival-resonuances-se-poursuit-jusquau-5-aout","status":"publish","type":"post","link":"https:\/\/vosgesinfo.fr\/gerardmerinfo\/2022\/07\/musique-jardins-festival-resonuances-se-poursuit-jusquau-5-aout\/","title":{"rendered":"Musique dans les jardins, le festival R\u00e9soNuances se poursuit jusqu\u2019au 5 ao\u00fbt"},"content":{"rendered":"<p>&nbsp;<\/p>\n<div class=\"iC_hF\">\u00a0<a href=\"\/2022\/07\/Dune-Trio-au-Festival-R\u00e9sonuances-Le-Tholy-12-07-22-13.jpg\"><img decoding=\"async\" class=\"aligncenter size-large wp-image-192960\" src=\"\/2022\/07\/Dune-Trio-au-Festival-R\u00e9sonuances-Le-Tholy-12-07-22-13-1024x683.jpg\" alt=\"Dune Trio au Festival R\u00e9sonuances - Le Tholy 12-07-22 (13)\" width=\"960\" height=\"640\" \/><\/a><\/div>\n<div class=\"ms-OverflowSet-item item-161\"><\/div>\n<div class=\"ms-OverflowSet-item item-161\"><\/div>\n<div class=\"ms-OverflowSet-item item-161\"><\/div>\n<div class=\"ms-OverflowSet-item item-161\"><\/div>\n<div class=\"ms-OverflowSet-item item-161\"><\/div>\n<div>\n<h2 class=\"x_MsoNormal\"><i><span style=\"font-size: 14pt;\">Ev\u00e9nement de la saison culturelle estivale, le festival R\u00e9soNuances se poursuit jusqu\u2019au 5 ao\u00fbt. Huit dates figurent au programme de cette seconde quinzaine de concerts dans les jardins des Vosges.<\/span> <\/i><\/h2>\n<p class=\"x_MsoNormal\">Envie de d\u00e9paysement\u00a0? Le festival R\u00e9soNuances invite les spectateurs \u00e0 d\u00e9couvrir quatre univers musicaux tr\u00e8s diff\u00e9rent dans onze lieux de nature insolites. Apr\u00e8s <em>Dune Trio<\/em> qui a conquis le public avec une musique envoutante la premi\u00e8re semaine, puis le trio franco \u00e9quatorien Puentes aux notes jazzy en deuxi\u00e8me\u00a0 semaine, le festival se poursuit jusqu\u2019au 5 ao\u00fbt avec deux nouvelles formations. Du 26 au 29 juillet, <em>Nemesis Ensemble<\/em>, compos\u00e9 de quatre violoncelles et d\u2019un oud (luth nord africaine), entra\u00eenera les spectateurs dans leur \u00ab\u00a0\u00e9pop\u00e9e\u00a0\u00bb musicale : \u00e9motions garanties ! Et enfin, du 2 au 5 ao\u00fbt, les temp\u00eatueux <em>Mama Shakers<\/em> souffleront une bourrasque de swing pour la derni\u00e8re semaine du festival.<\/p>\n<p class=\"x_MsoNormal\"><a name=\"x_m_-5470718840393372422__Hlk100656640\"><\/a>Suivre l\u2019actualit\u00e9 du festival R\u00e9soNuances sur sa page Facebook.<\/p>\n<p class=\"x_MsoNormal\">Billetterie en ligne sur www.helloasso\/ResoNuances<\/p>\n<p class=\"x_MsoNormal\">Tarifs : 12 \u20ac \/ r\u00e9duit\u00a0: 6 \u20ac \/ solidaire\u00a0: 18 \u20ac<\/p>\n<p class=\"x_MsoNormal\">T\u00e9l\u00e9chargez le programme d\u00e9taill\u00e9 ici : <a href=\"\/2022\/07\/R\u0117soNuances2022-ProgrammeDEF-Web.pdf\">R\u0117soNuances2022-ProgrammeDEF-Web<\/a><\/p>\n<p class=\"x_MsoNormal\">\n<\/div>\n","protected":false},"excerpt":{"rendered":"<p>&nbsp; \u00a0 Ev\u00e9nement de la saison culturelle estivale, le festival R\u00e9soNuances se poursuit jusqu\u2019au 5 ao\u00fbt. Huit dates figurent au [&hellip;]<\/p>\n","protected":false},"author":1,"featured_media":60700,"comment_status":"open","ping_status":"open","sticky":false,"template":"","format":"standard","meta":{"footnotes":""},"categories":[20,34,4,18],"tags":[396,30],"class_list":["post-60699","post","type-post","status-publish","format-standard","has-post-thumbnail","hentry","category-a-la-une","category-concert","category-culture","category-vosges","tag-dune-trio","tag-resonuances"],"acf":[],"yoast_head":"<!-- This site is optimized with the Yoast SEO plugin v22.5 - https:\/\/yoast.com\/wordpress\/plugins\/seo\/ -->\n<title>Musique dans les jardins, le festival R\u00e9soNuances se poursuit jusqu\u2019au 5 ao\u00fbt - Gerardmer Info<\/title>\n<meta name=\"robots\" content=\"index, follow, max-snippet:-1, max-image-preview:large, max-video-preview:-1\" \/>\n<link rel=\"canonical\" href=\"https:\/\/vosgesinfo.fr\/gerardmerinfo\/2022\/07\/musique-jardins-festival-resonuances-se-poursuit-jusquau-5-aout\/\" \/>\n<meta name=\"twitter:card\" content=\"summary_large_image\" \/>\n<meta name=\"twitter:title\" content=\"Musique dans les jardins, le festival R\u00e9soNuances se poursuit jusqu\u2019au 5 ao\u00fbt - Gerardmer Info\" \/>\n<meta name=\"twitter:description\" content=\"&nbsp; \u00a0 Ev\u00e9nement de la saison culturelle estivale, le festival R\u00e9soNuances se poursuit jusqu\u2019au 5 ao\u00fbt. Huit dates figurent au [&hellip;]\" \/>\n<meta name=\"twitter:image\" content=\"https:\/\/vosgesinfo.fr\/app\/uploads\/sites\/6\/2024\/07\/202207dune-trio-au-festival-resonuances-le-tholy-12-07-22-13.jpg\" \/>\n<meta name=\"twitter:creator\" content=\"@VosgesInfo88\" \/>\n<meta name=\"twitter:site\" content=\"@VosgesInfo88\" \/>\n<meta name=\"twitter:label1\" content=\"\u00c9crit par\" \/>\n\t<meta name=\"twitter:data1\" content=\"qs_admin\" \/>\n\t<meta name=\"twitter:label2\" content=\"Dur\u00e9e de lecture estim\u00e9e\" \/>\n\t<meta name=\"twitter:data2\" content=\"1 minute\" \/>\n<script type=\"application\/ld+json\" class=\"yoast-schema-graph\">{\"@context\":\"https:\/\/schema.org\",\"@graph\":[{\"@type\":\"Article\",\"@id\":\"https:\/\/vosgesinfo.fr\/gerardmerinfo\/2022\/07\/musique-jardins-festival-resonuances-se-poursuit-jusquau-5-aout\/#article\",\"isPartOf\":{\"@id\":\"https:\/\/vosgesinfo.fr\/gerardmerinfo\/2022\/07\/musique-jardins-festival-resonuances-se-poursuit-jusquau-5-aout\/\"},\"author\":{\"name\":\"qs_admin\",\"@id\":\"https:\/\/vosgesinfo.fr\/gerardmerinfo\/#\/schema\/person\/bc5d02d71e6932e81b6dadb7386667b1\"},\"headline\":\"Musique dans les jardins, le festival R\u00e9soNuances se poursuit jusqu\u2019au 5 ao\u00fbt\",\"datePublished\":\"2022-07-25T02:02:50+00:00\",\"dateModified\":\"2022-07-25T02:02:50+00:00\",\"mainEntityOfPage\":{\"@id\":\"https:\/\/vosgesinfo.fr\/gerardmerinfo\/2022\/07\/musique-jardins-festival-resonuances-se-poursuit-jusquau-5-aout\/\"},\"wordCount\":199,\"commentCount\":0,\"publisher\":{\"@id\":\"https:\/\/vosgesinfo.fr\/gerardmerinfo\/#organization\"},\"image\":{\"@id\":\"https:\/\/vosgesinfo.fr\/gerardmerinfo\/2022\/07\/musique-jardins-festival-resonuances-se-poursuit-jusquau-5-aout\/#primaryimage\"},\"thumbnailUrl\":\"https:\/\/vosgesinfo.fr\/app\/uploads\/sites\/6\/2024\/07\/202207dune-trio-au-festival-resonuances-le-tholy-12-07-22-13.jpg\",\"keywords\":[\"Dune trio\",\"r\u00e9soNuances\"],\"articleSection\":[\"A la une\",\"Concert\",\"Culture\",\"Vosges\"],\"inLanguage\":\"fr-FR\",\"potentialAction\":[{\"@type\":\"CommentAction\",\"name\":\"Comment\",\"target\":[\"https:\/\/vosgesinfo.fr\/gerardmerinfo\/2022\/07\/musique-jardins-festival-resonuances-se-poursuit-jusquau-5-aout\/#respond\"]}]},{\"@type\":\"WebPage\",\"@id\":\"https:\/\/vosgesinfo.fr\/gerardmerinfo\/2022\/07\/musique-jardins-festival-resonuances-se-poursuit-jusquau-5-aout\/\",\"url\":\"https:\/\/vosgesinfo.fr\/gerardmerinfo\/2022\/07\/musique-jardins-festival-resonuances-se-poursuit-jusquau-5-aout\/\",\"name\":\"Musique dans les jardins, le festival R\u00e9soNuances se poursuit jusqu\u2019au 5 ao\u00fbt - Gerardmer Info\",\"isPartOf\":{\"@id\":\"https:\/\/vosgesinfo.fr\/gerardmerinfo\/#website\"},\"primaryImageOfPage\":{\"@id\":\"https:\/\/vosgesinfo.fr\/gerardmerinfo\/2022\/07\/musique-jardins-festival-resonuances-se-poursuit-jusquau-5-aout\/#primaryimage\"},\"image\":{\"@id\":\"https:\/\/vosgesinfo.fr\/gerardmerinfo\/2022\/07\/musique-jardins-festival-resonuances-se-poursuit-jusquau-5-aout\/#primaryimage\"},\"thumbnailUrl\":\"https:\/\/vosgesinfo.fr\/app\/uploads\/sites\/6\/2024\/07\/202207dune-trio-au-festival-resonuances-le-tholy-12-07-22-13.jpg\",\"datePublished\":\"2022-07-25T02:02:50+00:00\",\"dateModified\":\"2022-07-25T02:02:50+00:00\",\"breadcrumb\":{\"@id\":\"https:\/\/vosgesinfo.fr\/gerardmerinfo\/2022\/07\/musique-jardins-festival-resonuances-se-poursuit-jusquau-5-aout\/#breadcrumb\"},\"inLanguage\":\"fr-FR\",\"potentialAction\":[{\"@type\":\"ReadAction\",\"target\":[\"https:\/\/vosgesinfo.fr\/gerardmerinfo\/2022\/07\/musique-jardins-festival-resonuances-se-poursuit-jusquau-5-aout\/\"]}]},{\"@type\":\"ImageObject\",\"inLanguage\":\"fr-FR\",\"@id\":\"https:\/\/vosgesinfo.fr\/gerardmerinfo\/2022\/07\/musique-jardins-festival-resonuances-se-poursuit-jusquau-5-aout\/#primaryimage\",\"url\":\"https:\/\/vosgesinfo.fr\/app\/uploads\/sites\/6\/2024\/07\/202207dune-trio-au-festival-resonuances-le-tholy-12-07-22-13.jpg\",\"contentUrl\":\"https:\/\/vosgesinfo.fr\/app\/uploads\/sites\/6\/2024\/07\/202207dune-trio-au-festival-resonuances-le-tholy-12-07-22-13.jpg\",\"width\":1024,\"height\":683},{\"@type\":\"BreadcrumbList\",\"@id\":\"https:\/\/vosgesinfo.fr\/gerardmerinfo\/2022\/07\/musique-jardins-festival-resonuances-se-poursuit-jusquau-5-aout\/#breadcrumb\",\"itemListElement\":[{\"@type\":\"ListItem\",\"position\":1,\"name\":\"Home\",\"item\":\"https:\/\/vosgesinfo.fr\/gerardmerinfo\/\"},{\"@type\":\"ListItem\",\"position\":2,\"name\":\"Musique dans les jardins, le festival R\u00e9soNuances se poursuit jusqu\u2019au 5 ao\u00fbt\"}]},{\"@type\":\"WebSite\",\"@id\":\"https:\/\/vosgesinfo.fr\/gerardmerinfo\/#website\",\"url\":\"https:\/\/vosgesinfo.fr\/gerardmerinfo\/\",\"name\":\"Gerardmer Info\",\"description\":\"Toute l&#039;actualit\u00e9 de G\u00e9rardmer\",\"publisher\":{\"@id\":\"https:\/\/vosgesinfo.fr\/gerardmerinfo\/#organization\"},\"alternateName\":\"Toute l'actualit\u00e9 de G\u00e9rardmer\",\"potentialAction\":[{\"@type\":\"SearchAction\",\"target\":{\"@type\":\"EntryPoint\",\"urlTemplate\":\"https:\/\/vosgesinfo.fr\/gerardmerinfo\/?s={search_term_string}\"},\"query-input\":\"required name=search_term_string\"}],\"inLanguage\":\"fr-FR\"},{\"@type\":\"Organization\",\"@id\":\"https:\/\/vosgesinfo.fr\/gerardmerinfo\/#organization\",\"name\":\"Gerardmer Info\",\"url\":\"https:\/\/vosgesinfo.fr\/gerardmerinfo\/\",\"logo\":{\"@type\":\"ImageObject\",\"inLanguage\":\"fr-FR\",\"@id\":\"https:\/\/vosgesinfo.fr\/gerardmerinfo\/#\/schema\/logo\/image\/\",\"url\":\"https:\/\/vosgesinfo.fr\/app\/uploads\/sites\/6\/2023\/08\/favicon-gerardmerinfo.png\",\"contentUrl\":\"https:\/\/vosgesinfo.fr\/app\/uploads\/sites\/6\/2023\/08\/favicon-gerardmerinfo.png\",\"width\":512,\"height\":512,\"caption\":\"Gerardmer Info\"},\"image\":{\"@id\":\"https:\/\/vosgesinfo.fr\/gerardmerinfo\/#\/schema\/logo\/image\/\"},\"sameAs\":[\"https:\/\/www.facebook.com\/profile.php?id=100049475262660\",\"https:\/\/x.com\/VosgesInfo88\",\"https:\/\/www.youtube.com\/@vosgesinfo\"]},{\"@type\":\"Person\",\"@id\":\"https:\/\/vosgesinfo.fr\/gerardmerinfo\/#\/schema\/person\/bc5d02d71e6932e81b6dadb7386667b1\",\"name\":\"qs_admin\",\"image\":{\"@type\":\"ImageObject\",\"inLanguage\":\"fr-FR\",\"@id\":\"https:\/\/vosgesinfo.fr\/gerardmerinfo\/#\/schema\/person\/image\/\",\"url\":\"https:\/\/secure.gravatar.com\/avatar\/94b18ee0ed79e4a42ea2f2931277b6841a8999fc6fde214600c78057cf1fe1de?s=96&d=mm&r=g\",\"contentUrl\":\"https:\/\/secure.gravatar.com\/avatar\/94b18ee0ed79e4a42ea2f2931277b6841a8999fc6fde214600c78057cf1fe1de?s=96&d=mm&r=g\",\"caption\":\"qs_admin\"},\"sameAs\":[\"https:\/\/vosgesinfo.fr\/wp\"],\"url\":\"https:\/\/vosgesinfo.fr\/gerardmerinfo\/author\/qs_admin\/\"}]}<\/script>\n<!-- \/ Yoast SEO plugin. -->","yoast_head_json":{"title":"Musique dans les jardins, le festival R\u00e9soNuances se poursuit jusqu\u2019au 5 ao\u00fbt - Gerardmer Info","robots":{"index":"index","follow":"follow","max-snippet":"max-snippet:-1","max-image-preview":"max-image-preview:large","max-video-preview":"max-video-preview:-1"},"canonical":"https:\/\/vosgesinfo.fr\/gerardmerinfo\/2022\/07\/musique-jardins-festival-resonuances-se-poursuit-jusquau-5-aout\/","twitter_card":"summary_large_image","twitter_title":"Musique dans les jardins, le festival R\u00e9soNuances se poursuit jusqu\u2019au 5 ao\u00fbt - Gerardmer Info","twitter_description":"&nbsp; \u00a0 Ev\u00e9nement de la saison culturelle estivale, le festival R\u00e9soNuances se poursuit jusqu\u2019au 5 ao\u00fbt. Huit dates figurent au [&hellip;]","twitter_image":"https:\/\/vosgesinfo.fr\/app\/uploads\/sites\/6\/2024\/07\/202207dune-trio-au-festival-resonuances-le-tholy-12-07-22-13.jpg","twitter_creator":"@VosgesInfo88","twitter_site":"@VosgesInfo88","twitter_misc":{"\u00c9crit par":"qs_admin","Dur\u00e9e de lecture estim\u00e9e":"1 minute"},"schema":{"@context":"https:\/\/schema.org","@graph":[{"@type":"Article","@id":"https:\/\/vosgesinfo.fr\/gerardmerinfo\/2022\/07\/musique-jardins-festival-resonuances-se-poursuit-jusquau-5-aout\/#article","isPartOf":{"@id":"https:\/\/vosgesinfo.fr\/gerardmerinfo\/2022\/07\/musique-jardins-festival-resonuances-se-poursuit-jusquau-5-aout\/"},"author":{"name":"qs_admin","@id":"https:\/\/vosgesinfo.fr\/gerardmerinfo\/#\/schema\/person\/bc5d02d71e6932e81b6dadb7386667b1"},"headline":"Musique dans les jardins, le festival R\u00e9soNuances se poursuit jusqu\u2019au 5 ao\u00fbt","datePublished":"2022-07-25T02:02:50+00:00","dateModified":"2022-07-25T02:02:50+00:00","mainEntityOfPage":{"@id":"https:\/\/vosgesinfo.fr\/gerardmerinfo\/2022\/07\/musique-jardins-festival-resonuances-se-poursuit-jusquau-5-aout\/"},"wordCount":199,"commentCount":0,"publisher":{"@id":"https:\/\/vosgesinfo.fr\/gerardmerinfo\/#organization"},"image":{"@id":"https:\/\/vosgesinfo.fr\/gerardmerinfo\/2022\/07\/musique-jardins-festival-resonuances-se-poursuit-jusquau-5-aout\/#primaryimage"},"thumbnailUrl":"https:\/\/vosgesinfo.fr\/app\/uploads\/sites\/6\/2024\/07\/202207dune-trio-au-festival-resonuances-le-tholy-12-07-22-13.jpg","keywords":["Dune trio","r\u00e9soNuances"],"articleSection":["A la une","Concert","Culture","Vosges"],"inLanguage":"fr-FR","potentialAction":[{"@type":"CommentAction","name":"Comment","target":["https:\/\/vosgesinfo.fr\/gerardmerinfo\/2022\/07\/musique-jardins-festival-resonuances-se-poursuit-jusquau-5-aout\/#respond"]}]},{"@type":"WebPage","@id":"https:\/\/vosgesinfo.fr\/gerardmerinfo\/2022\/07\/musique-jardins-festival-resonuances-se-poursuit-jusquau-5-aout\/","url":"https:\/\/vosgesinfo.fr\/gerardmerinfo\/2022\/07\/musique-jardins-festival-resonuances-se-poursuit-jusquau-5-aout\/","name":"Musique dans les jardins, le festival R\u00e9soNuances se poursuit jusqu\u2019au 5 ao\u00fbt - Gerardmer Info","isPartOf":{"@id":"https:\/\/vosgesinfo.fr\/gerardmerinfo\/#website"},"primaryImageOfPage":{"@id":"https:\/\/vosgesinfo.fr\/gerardmerinfo\/2022\/07\/musique-jardins-festival-resonuances-se-poursuit-jusquau-5-aout\/#primaryimage"},"image":{"@id":"https:\/\/vosgesinfo.fr\/gerardmerinfo\/2022\/07\/musique-jardins-festival-resonuances-se-poursuit-jusquau-5-aout\/#primaryimage"},"thumbnailUrl":"https:\/\/vosgesinfo.fr\/app\/uploads\/sites\/6\/2024\/07\/202207dune-trio-au-festival-resonuances-le-tholy-12-07-22-13.jpg","datePublished":"2022-07-25T02:02:50+00:00","dateModified":"2022-07-25T02:02:50+00:00","breadcrumb":{"@id":"https:\/\/vosgesinfo.fr\/gerardmerinfo\/2022\/07\/musique-jardins-festival-resonuances-se-poursuit-jusquau-5-aout\/#breadcrumb"},"inLanguage":"fr-FR","potentialAction":[{"@type":"ReadAction","target":["https:\/\/vosgesinfo.fr\/gerardmerinfo\/2022\/07\/musique-jardins-festival-resonuances-se-poursuit-jusquau-5-aout\/"]}]},{"@type":"ImageObject","inLanguage":"fr-FR","@id":"https:\/\/vosgesinfo.fr\/gerardmerinfo\/2022\/07\/musique-jardins-festival-resonuances-se-poursuit-jusquau-5-aout\/#primaryimage","url":"https:\/\/vosgesinfo.fr\/app\/uploads\/sites\/6\/2024\/07\/202207dune-trio-au-festival-resonuances-le-tholy-12-07-22-13.jpg","contentUrl":"https:\/\/vosgesinfo.fr\/app\/uploads\/sites\/6\/2024\/07\/202207dune-trio-au-festival-resonuances-le-tholy-12-07-22-13.jpg","width":1024,"height":683},{"@type":"BreadcrumbList","@id":"https:\/\/vosgesinfo.fr\/gerardmerinfo\/2022\/07\/musique-jardins-festival-resonuances-se-poursuit-jusquau-5-aout\/#breadcrumb","itemListElement":[{"@type":"ListItem","position":1,"name":"Home","item":"https:\/\/vosgesinfo.fr\/gerardmerinfo\/"},{"@type":"ListItem","position":2,"name":"Musique dans les jardins, le festival R\u00e9soNuances se poursuit jusqu\u2019au 5 ao\u00fbt"}]},{"@type":"WebSite","@id":"https:\/\/vosgesinfo.fr\/gerardmerinfo\/#website","url":"https:\/\/vosgesinfo.fr\/gerardmerinfo\/","name":"Gerardmer Info","description":"Toute l&#039;actualit\u00e9 de G\u00e9rardmer","publisher":{"@id":"https:\/\/vosgesinfo.fr\/gerardmerinfo\/#organization"},"alternateName":"Toute l'actualit\u00e9 de G\u00e9rardmer","potentialAction":[{"@type":"SearchAction","target":{"@type":"EntryPoint","urlTemplate":"https:\/\/vosgesinfo.fr\/gerardmerinfo\/?s={search_term_string}"},"query-input":"required name=search_term_string"}],"inLanguage":"fr-FR"},{"@type":"Organization","@id":"https:\/\/vosgesinfo.fr\/gerardmerinfo\/#organization","name":"Gerardmer Info","url":"https:\/\/vosgesinfo.fr\/gerardmerinfo\/","logo":{"@type":"ImageObject","inLanguage":"fr-FR","@id":"https:\/\/vosgesinfo.fr\/gerardmerinfo\/#\/schema\/logo\/image\/","url":"https:\/\/vosgesinfo.fr\/app\/uploads\/sites\/6\/2023\/08\/favicon-gerardmerinfo.png","contentUrl":"https:\/\/vosgesinfo.fr\/app\/uploads\/sites\/6\/2023\/08\/favicon-gerardmerinfo.png","width":512,"height":512,"caption":"Gerardmer Info"},"image":{"@id":"https:\/\/vosgesinfo.fr\/gerardmerinfo\/#\/schema\/logo\/image\/"},"sameAs":["https:\/\/www.facebook.com\/profile.php?id=100049475262660","https:\/\/x.com\/VosgesInfo88","https:\/\/www.youtube.com\/@vosgesinfo"]},{"@type":"Person","@id":"https:\/\/vosgesinfo.fr\/gerardmerinfo\/#\/schema\/person\/bc5d02d71e6932e81b6dadb7386667b1","name":"qs_admin","image":{"@type":"ImageObject","inLanguage":"fr-FR","@id":"https:\/\/vosgesinfo.fr\/gerardmerinfo\/#\/schema\/person\/image\/","url":"https:\/\/secure.gravatar.com\/avatar\/94b18ee0ed79e4a42ea2f2931277b6841a8999fc6fde214600c78057cf1fe1de?s=96&d=mm&r=g","contentUrl":"https:\/\/secure.gravatar.com\/avatar\/94b18ee0ed79e4a42ea2f2931277b6841a8999fc6fde214600c78057cf1fe1de?s=96&d=mm&r=g","caption":"qs_admin"},"sameAs":["https:\/\/vosgesinfo.fr\/wp"],"url":"https:\/\/vosgesinfo.fr\/gerardmerinfo\/author\/qs_admin\/"}]}},"_links":{"self":[{"href":"https:\/\/vosgesinfo.fr\/gerardmerinfo\/wp-json\/wp\/v2\/posts\/60699","targetHints":{"allow":["GET"]}}],"collection":[{"href":"https:\/\/vosgesinfo.fr\/gerardmerinfo\/wp-json\/wp\/v2\/posts"}],"about":[{"href":"https:\/\/vosgesinfo.fr\/gerardmerinfo\/wp-json\/wp\/v2\/types\/post"}],"author":[{"embeddable":true,"href":"https:\/\/vosgesinfo.fr\/gerardmerinfo\/wp-json\/wp\/v2\/users\/1"}],"replies":[{"embeddable":true,"href":"https:\/\/vosgesinfo.fr\/gerardmerinfo\/wp-json\/wp\/v2\/comments?post=60699"}],"version-history":[{"count":0,"href":"https:\/\/vosgesinfo.fr\/gerardmerinfo\/wp-json\/wp\/v2\/posts\/60699\/revisions"}],"wp:featuredmedia":[{"embeddable":true,"href":"https:\/\/vosgesinfo.fr\/gerardmerinfo\/wp-json\/wp\/v2\/media\/60700"}],"wp:attachment":[{"href":"https:\/\/vosgesinfo.fr\/gerardmerinfo\/wp-json\/wp\/v2\/media?parent=60699"}],"wp:term":[{"taxonomy":"category","embeddable":true,"href":"https:\/\/vosgesinfo.fr\/gerardmerinfo\/wp-json\/wp\/v2\/categories?post=60699"},{"taxonomy":"post_tag","embeddable":true,"href":"https:\/\/vosgesinfo.fr\/gerardmerinfo\/wp-json\/wp\/v2\/tags?post=60699"}],"curies":[{"name":"wp","href":"https:\/\/api.w.org\/{rel}","templated":true}]}}