{"id":60753,"date":"2022-10-08T03:58:04","date_gmt":"2022-10-08T01:58:04","guid":{"rendered":"https:\/\/vosgesinfo.fr\/gerardmerinfo\/2022\/10\/3e-marche-rose-de-gerardmer-aura-lieu-16-octobre-2022\/"},"modified":"2022-10-08T03:58:04","modified_gmt":"2022-10-08T01:58:04","slug":"3e-marche-rose-de-gerardmer-aura-lieu-16-octobre-2022","status":"publish","type":"post","link":"https:\/\/vosgesinfo.fr\/gerardmerinfo\/2022\/10\/3e-marche-rose-de-gerardmer-aura-lieu-16-octobre-2022\/","title":{"rendered":"La 3e \u00ab Marche Rose \u00bb de G\u00e9rardmer aura lieu le 16 octobre 2022"},"content":{"rendered":"<p style=\"text-align: center;\" align=\"justify\"><span style=\"font-size: medium;\"><a href=\"\/2022\/07\/ligue-contre-le-cancer.jpg\"><img decoding=\"async\" class=\"aligncenter size-medium wp-image-193075\" src=\"\/2022\/07\/ligue-contre-le-cancer-255x255.jpg\" alt=\"ligue contre le cancer\" width=\"255\" height=\"255\" \/><\/a><\/span><\/p>\n<h3 style=\"text-align: center;\" align=\"justify\"><span style=\"font-size: medium;\">\u00ab\u00a0GERARDMER EN ROSE\u00a0\u00bb<\/span><\/h3>\n<h3 style=\"text-align: center;\" align=\"justify\">Communiqu\u00e9<\/h3>\n<p align=\"justify\"><span style=\"font-size: medium;\">\u00ab\u00a0La 3<\/span><sup><span style=\"font-size: medium;\">e<\/span><\/sup><span style=\"font-size: medium;\"> \u00ab\u00a0Marche Rose\u00a0\u00bb organis\u00e9e \u00e0 G\u00e9rardmer par la Ligue Contre le Cancer, aura lieu le dimanche 16 octobre 2022. L\u2019objectif \u00e9tant de sensibiliser les personnes au d\u00e9pistage du cancer du sein tout en r\u00e9coltant des fonds pour la recherche et soutenir malades et \u00e9quipes de soins.<\/span><\/p>\n<p align=\"justify\"><span style=\"font-size: medium;\">L\u2019antenne g\u00e9r\u00f4moise de la Ligue contre le cancer propose d\u2019associer les r\u00e9sidents de l\u2019Ehpad et de la R\u00e9sidence Le Vinot \u00e0 la pr\u00e9paration de cette marche. Ils participeront, gr\u00e2ce au tricot, \u00e0 la confection d\u2019une banderole install\u00e9e Place du Tilleul et \u00e0 la d\u00e9coration du parc de l\u2019Ehpad.<\/span><\/p>\n<p align=\"justify\"><span style=\"font-size: medium;\">Pour la r\u00e9alisation de ces ouvrages, un appel est lanc\u00e9 afin de collecter la mati\u00e8re premi\u00e8re : <\/span><span style=\"font-size: medium;\"><b>la laine rose<\/b><\/span><span style=\"font-size: medium;\">.\u00a0Si vous en poss\u00e9dez, vous pouvez la d\u00e9poser au bureau des animatrices de l\u2019Ehpad L\u00e9a Andr\u00e9 \u00e0 G\u00e9rardmer, 22 boulevard Kelsch (tel\u00a0: <\/span>03 29 60 29 06<span style=\"font-size: medium;\">) du lundi au vendredi de 10 heures \u00e0 12 heures.<\/span><\/p>\n<p align=\"justify\">Vous en remerciant par avance\u00a0\u00bb.<\/p>\n<p align=\"justify\"><span style=\"font-size: medium;\"><a href=\"\/2022\/07\/logo-HMV-Claudius-regaud-hopital.jpg\"><img decoding=\"async\" class=\"aligncenter size-full wp-image-193086\" src=\"\/2022\/07\/logo-HMV-Claudius-regaud-hopital.jpg\" alt=\"logo HMV Claudius regaud hopital\" width=\"227\" height=\"197\" \/><\/a><\/span><\/p>\n<p align=\"justify\">\n<p>&nbsp;<\/p>\n<p>&nbsp;<\/p>\n","protected":false},"excerpt":{"rendered":"<p>\u00ab\u00a0GERARDMER EN ROSE\u00a0\u00bb Communiqu\u00e9 \u00ab\u00a0La 3e \u00ab\u00a0Marche Rose\u00a0\u00bb organis\u00e9e \u00e0 G\u00e9rardmer par la Ligue Contre le Cancer, aura lieu le [&hellip;]<\/p>\n","protected":false},"author":42,"featured_media":60754,"comment_status":"open","ping_status":"open","sticky":false,"template":"","format":"standard","meta":{"footnotes":""},"categories":[20,25,12,14],"tags":[],"class_list":["post-60753","post","type-post","status-publish","format-standard","has-post-thumbnail","hentry","category-a-la-une","category-gerardmer","category-sante","category-sport"],"acf":[],"yoast_head":"<!-- This site is optimized with the Yoast SEO plugin v22.5 - https:\/\/yoast.com\/wordpress\/plugins\/seo\/ -->\n<title>La 3e \u00ab Marche Rose \u00bb de G\u00e9rardmer aura lieu le 16 octobre 2022 - Gerardmer Info<\/title>\n<meta name=\"robots\" content=\"index, follow, max-snippet:-1, max-image-preview:large, max-video-preview:-1\" \/>\n<link rel=\"canonical\" href=\"https:\/\/vosgesinfo.fr\/gerardmerinfo\/2022\/10\/3e-marche-rose-de-gerardmer-aura-lieu-16-octobre-2022\/\" \/>\n<meta name=\"twitter:card\" content=\"summary_large_image\" \/>\n<meta name=\"twitter:title\" content=\"La 3e \u00ab Marche Rose \u00bb de G\u00e9rardmer aura lieu le 16 octobre 2022 - Gerardmer Info\" \/>\n<meta name=\"twitter:description\" content=\"\u00ab\u00a0GERARDMER EN ROSE\u00a0\u00bb Communiqu\u00e9 \u00ab\u00a0La 3e \u00ab\u00a0Marche Rose\u00a0\u00bb organis\u00e9e \u00e0 G\u00e9rardmer par la Ligue Contre le Cancer, aura lieu le [&hellip;]\" \/>\n<meta name=\"twitter:image\" content=\"https:\/\/vosgesinfo.fr\/app\/uploads\/sites\/6\/2024\/07\/202207ligue-contre-le-cancer.jpg\" \/>\n<meta name=\"twitter:creator\" content=\"@VosgesInfo88\" \/>\n<meta name=\"twitter:site\" content=\"@VosgesInfo88\" \/>\n<meta name=\"twitter:label1\" content=\"\u00c9crit par\" \/>\n\t<meta name=\"twitter:data1\" content=\"QG\" \/>\n\t<meta name=\"twitter:label2\" content=\"Dur\u00e9e de lecture estim\u00e9e\" \/>\n\t<meta name=\"twitter:data2\" content=\"1 minute\" \/>\n<script type=\"application\/ld+json\" class=\"yoast-schema-graph\">{\"@context\":\"https:\/\/schema.org\",\"@graph\":[{\"@type\":\"Article\",\"@id\":\"https:\/\/vosgesinfo.fr\/gerardmerinfo\/2022\/10\/3e-marche-rose-de-gerardmer-aura-lieu-16-octobre-2022\/#article\",\"isPartOf\":{\"@id\":\"https:\/\/vosgesinfo.fr\/gerardmerinfo\/2022\/10\/3e-marche-rose-de-gerardmer-aura-lieu-16-octobre-2022\/\"},\"author\":{\"name\":\"QG\",\"@id\":\"https:\/\/vosgesinfo.fr\/gerardmerinfo\/#\/schema\/person\/db5605779a843dad16b5368f3e7613a5\"},\"headline\":\"La 3e \u00ab Marche Rose \u00bb de G\u00e9rardmer aura lieu le 16 octobre 2022\",\"datePublished\":\"2022-10-08T01:58:04+00:00\",\"dateModified\":\"2022-10-08T01:58:04+00:00\",\"mainEntityOfPage\":{\"@id\":\"https:\/\/vosgesinfo.fr\/gerardmerinfo\/2022\/10\/3e-marche-rose-de-gerardmer-aura-lieu-16-octobre-2022\/\"},\"wordCount\":183,\"commentCount\":0,\"publisher\":{\"@id\":\"https:\/\/vosgesinfo.fr\/gerardmerinfo\/#organization\"},\"image\":{\"@id\":\"https:\/\/vosgesinfo.fr\/gerardmerinfo\/2022\/10\/3e-marche-rose-de-gerardmer-aura-lieu-16-octobre-2022\/#primaryimage\"},\"thumbnailUrl\":\"https:\/\/vosgesinfo.fr\/app\/uploads\/sites\/6\/2024\/07\/202207ligue-contre-le-cancer.jpg\",\"articleSection\":[\"A la une\",\"G\u00e9rardmer\",\"Sant\u00e9\",\"Sport\"],\"inLanguage\":\"fr-FR\",\"potentialAction\":[{\"@type\":\"CommentAction\",\"name\":\"Comment\",\"target\":[\"https:\/\/vosgesinfo.fr\/gerardmerinfo\/2022\/10\/3e-marche-rose-de-gerardmer-aura-lieu-16-octobre-2022\/#respond\"]}]},{\"@type\":\"WebPage\",\"@id\":\"https:\/\/vosgesinfo.fr\/gerardmerinfo\/2022\/10\/3e-marche-rose-de-gerardmer-aura-lieu-16-octobre-2022\/\",\"url\":\"https:\/\/vosgesinfo.fr\/gerardmerinfo\/2022\/10\/3e-marche-rose-de-gerardmer-aura-lieu-16-octobre-2022\/\",\"name\":\"La 3e \u00ab Marche Rose \u00bb de G\u00e9rardmer aura lieu le 16 octobre 2022 - Gerardmer Info\",\"isPartOf\":{\"@id\":\"https:\/\/vosgesinfo.fr\/gerardmerinfo\/#website\"},\"primaryImageOfPage\":{\"@id\":\"https:\/\/vosgesinfo.fr\/gerardmerinfo\/2022\/10\/3e-marche-rose-de-gerardmer-aura-lieu-16-octobre-2022\/#primaryimage\"},\"image\":{\"@id\":\"https:\/\/vosgesinfo.fr\/gerardmerinfo\/2022\/10\/3e-marche-rose-de-gerardmer-aura-lieu-16-octobre-2022\/#primaryimage\"},\"thumbnailUrl\":\"https:\/\/vosgesinfo.fr\/app\/uploads\/sites\/6\/2024\/07\/202207ligue-contre-le-cancer.jpg\",\"datePublished\":\"2022-10-08T01:58:04+00:00\",\"dateModified\":\"2022-10-08T01:58:04+00:00\",\"breadcrumb\":{\"@id\":\"https:\/\/vosgesinfo.fr\/gerardmerinfo\/2022\/10\/3e-marche-rose-de-gerardmer-aura-lieu-16-octobre-2022\/#breadcrumb\"},\"inLanguage\":\"fr-FR\",\"potentialAction\":[{\"@type\":\"ReadAction\",\"target\":[\"https:\/\/vosgesinfo.fr\/gerardmerinfo\/2022\/10\/3e-marche-rose-de-gerardmer-aura-lieu-16-octobre-2022\/\"]}]},{\"@type\":\"ImageObject\",\"inLanguage\":\"fr-FR\",\"@id\":\"https:\/\/vosgesinfo.fr\/gerardmerinfo\/2022\/10\/3e-marche-rose-de-gerardmer-aura-lieu-16-octobre-2022\/#primaryimage\",\"url\":\"https:\/\/vosgesinfo.fr\/app\/uploads\/sites\/6\/2024\/07\/202207ligue-contre-le-cancer.jpg\",\"contentUrl\":\"https:\/\/vosgesinfo.fr\/app\/uploads\/sites\/6\/2024\/07\/202207ligue-contre-le-cancer.jpg\",\"width\":1200,\"height\":1200},{\"@type\":\"BreadcrumbList\",\"@id\":\"https:\/\/vosgesinfo.fr\/gerardmerinfo\/2022\/10\/3e-marche-rose-de-gerardmer-aura-lieu-16-octobre-2022\/#breadcrumb\",\"itemListElement\":[{\"@type\":\"ListItem\",\"position\":1,\"name\":\"Home\",\"item\":\"https:\/\/vosgesinfo.fr\/gerardmerinfo\/\"},{\"@type\":\"ListItem\",\"position\":2,\"name\":\"La 3e \u00ab Marche Rose \u00bb de G\u00e9rardmer aura lieu le 16 octobre 2022\"}]},{\"@type\":\"WebSite\",\"@id\":\"https:\/\/vosgesinfo.fr\/gerardmerinfo\/#website\",\"url\":\"https:\/\/vosgesinfo.fr\/gerardmerinfo\/\",\"name\":\"Gerardmer Info\",\"description\":\"Toute l&#039;actualit\u00e9 de G\u00e9rardmer\",\"publisher\":{\"@id\":\"https:\/\/vosgesinfo.fr\/gerardmerinfo\/#organization\"},\"alternateName\":\"Toute l'actualit\u00e9 de G\u00e9rardmer\",\"potentialAction\":[{\"@type\":\"SearchAction\",\"target\":{\"@type\":\"EntryPoint\",\"urlTemplate\":\"https:\/\/vosgesinfo.fr\/gerardmerinfo\/?s={search_term_string}\"},\"query-input\":\"required name=search_term_string\"}],\"inLanguage\":\"fr-FR\"},{\"@type\":\"Organization\",\"@id\":\"https:\/\/vosgesinfo.fr\/gerardmerinfo\/#organization\",\"name\":\"Gerardmer Info\",\"url\":\"https:\/\/vosgesinfo.fr\/gerardmerinfo\/\",\"logo\":{\"@type\":\"ImageObject\",\"inLanguage\":\"fr-FR\",\"@id\":\"https:\/\/vosgesinfo.fr\/gerardmerinfo\/#\/schema\/logo\/image\/\",\"url\":\"https:\/\/vosgesinfo.fr\/app\/uploads\/sites\/6\/2023\/08\/favicon-gerardmerinfo.png\",\"contentUrl\":\"https:\/\/vosgesinfo.fr\/app\/uploads\/sites\/6\/2023\/08\/favicon-gerardmerinfo.png\",\"width\":512,\"height\":512,\"caption\":\"Gerardmer Info\"},\"image\":{\"@id\":\"https:\/\/vosgesinfo.fr\/gerardmerinfo\/#\/schema\/logo\/image\/\"},\"sameAs\":[\"https:\/\/www.facebook.com\/profile.php?id=100049475262660\",\"https:\/\/x.com\/VosgesInfo88\",\"https:\/\/www.youtube.com\/@vosgesinfo\"]},{\"@type\":\"Person\",\"@id\":\"https:\/\/vosgesinfo.fr\/gerardmerinfo\/#\/schema\/person\/db5605779a843dad16b5368f3e7613a5\",\"name\":\"QG\",\"image\":{\"@type\":\"ImageObject\",\"inLanguage\":\"fr-FR\",\"@id\":\"https:\/\/vosgesinfo.fr\/gerardmerinfo\/#\/schema\/person\/image\/\",\"url\":\"https:\/\/secure.gravatar.com\/avatar\/ea80c42c204b534408512832fde52504ecabb9706bcb6151cf6175e5b64e6793?s=96&d=mm&r=g\",\"contentUrl\":\"https:\/\/secure.gravatar.com\/avatar\/ea80c42c204b534408512832fde52504ecabb9706bcb6151cf6175e5b64e6793?s=96&d=mm&r=g\",\"caption\":\"QG\"},\"url\":\"https:\/\/vosgesinfo.fr\/gerardmerinfo\/author\/quentin88\/\"}]}<\/script>\n<!-- \/ Yoast SEO plugin. -->","yoast_head_json":{"title":"La 3e \u00ab Marche Rose \u00bb de G\u00e9rardmer aura lieu le 16 octobre 2022 - Gerardmer Info","robots":{"index":"index","follow":"follow","max-snippet":"max-snippet:-1","max-image-preview":"max-image-preview:large","max-video-preview":"max-video-preview:-1"},"canonical":"https:\/\/vosgesinfo.fr\/gerardmerinfo\/2022\/10\/3e-marche-rose-de-gerardmer-aura-lieu-16-octobre-2022\/","twitter_card":"summary_large_image","twitter_title":"La 3e \u00ab Marche Rose \u00bb de G\u00e9rardmer aura lieu le 16 octobre 2022 - Gerardmer Info","twitter_description":"\u00ab\u00a0GERARDMER EN ROSE\u00a0\u00bb Communiqu\u00e9 \u00ab\u00a0La 3e \u00ab\u00a0Marche Rose\u00a0\u00bb organis\u00e9e \u00e0 G\u00e9rardmer par la Ligue Contre le Cancer, aura lieu le [&hellip;]","twitter_image":"https:\/\/vosgesinfo.fr\/app\/uploads\/sites\/6\/2024\/07\/202207ligue-contre-le-cancer.jpg","twitter_creator":"@VosgesInfo88","twitter_site":"@VosgesInfo88","twitter_misc":{"\u00c9crit par":"QG","Dur\u00e9e de lecture estim\u00e9e":"1 minute"},"schema":{"@context":"https:\/\/schema.org","@graph":[{"@type":"Article","@id":"https:\/\/vosgesinfo.fr\/gerardmerinfo\/2022\/10\/3e-marche-rose-de-gerardmer-aura-lieu-16-octobre-2022\/#article","isPartOf":{"@id":"https:\/\/vosgesinfo.fr\/gerardmerinfo\/2022\/10\/3e-marche-rose-de-gerardmer-aura-lieu-16-octobre-2022\/"},"author":{"name":"QG","@id":"https:\/\/vosgesinfo.fr\/gerardmerinfo\/#\/schema\/person\/db5605779a843dad16b5368f3e7613a5"},"headline":"La 3e \u00ab Marche Rose \u00bb de G\u00e9rardmer aura lieu le 16 octobre 2022","datePublished":"2022-10-08T01:58:04+00:00","dateModified":"2022-10-08T01:58:04+00:00","mainEntityOfPage":{"@id":"https:\/\/vosgesinfo.fr\/gerardmerinfo\/2022\/10\/3e-marche-rose-de-gerardmer-aura-lieu-16-octobre-2022\/"},"wordCount":183,"commentCount":0,"publisher":{"@id":"https:\/\/vosgesinfo.fr\/gerardmerinfo\/#organization"},"image":{"@id":"https:\/\/vosgesinfo.fr\/gerardmerinfo\/2022\/10\/3e-marche-rose-de-gerardmer-aura-lieu-16-octobre-2022\/#primaryimage"},"thumbnailUrl":"https:\/\/vosgesinfo.fr\/app\/uploads\/sites\/6\/2024\/07\/202207ligue-contre-le-cancer.jpg","articleSection":["A la une","G\u00e9rardmer","Sant\u00e9","Sport"],"inLanguage":"fr-FR","potentialAction":[{"@type":"CommentAction","name":"Comment","target":["https:\/\/vosgesinfo.fr\/gerardmerinfo\/2022\/10\/3e-marche-rose-de-gerardmer-aura-lieu-16-octobre-2022\/#respond"]}]},{"@type":"WebPage","@id":"https:\/\/vosgesinfo.fr\/gerardmerinfo\/2022\/10\/3e-marche-rose-de-gerardmer-aura-lieu-16-octobre-2022\/","url":"https:\/\/vosgesinfo.fr\/gerardmerinfo\/2022\/10\/3e-marche-rose-de-gerardmer-aura-lieu-16-octobre-2022\/","name":"La 3e \u00ab Marche Rose \u00bb de G\u00e9rardmer aura lieu le 16 octobre 2022 - Gerardmer Info","isPartOf":{"@id":"https:\/\/vosgesinfo.fr\/gerardmerinfo\/#website"},"primaryImageOfPage":{"@id":"https:\/\/vosgesinfo.fr\/gerardmerinfo\/2022\/10\/3e-marche-rose-de-gerardmer-aura-lieu-16-octobre-2022\/#primaryimage"},"image":{"@id":"https:\/\/vosgesinfo.fr\/gerardmerinfo\/2022\/10\/3e-marche-rose-de-gerardmer-aura-lieu-16-octobre-2022\/#primaryimage"},"thumbnailUrl":"https:\/\/vosgesinfo.fr\/app\/uploads\/sites\/6\/2024\/07\/202207ligue-contre-le-cancer.jpg","datePublished":"2022-10-08T01:58:04+00:00","dateModified":"2022-10-08T01:58:04+00:00","breadcrumb":{"@id":"https:\/\/vosgesinfo.fr\/gerardmerinfo\/2022\/10\/3e-marche-rose-de-gerardmer-aura-lieu-16-octobre-2022\/#breadcrumb"},"inLanguage":"fr-FR","potentialAction":[{"@type":"ReadAction","target":["https:\/\/vosgesinfo.fr\/gerardmerinfo\/2022\/10\/3e-marche-rose-de-gerardmer-aura-lieu-16-octobre-2022\/"]}]},{"@type":"ImageObject","inLanguage":"fr-FR","@id":"https:\/\/vosgesinfo.fr\/gerardmerinfo\/2022\/10\/3e-marche-rose-de-gerardmer-aura-lieu-16-octobre-2022\/#primaryimage","url":"https:\/\/vosgesinfo.fr\/app\/uploads\/sites\/6\/2024\/07\/202207ligue-contre-le-cancer.jpg","contentUrl":"https:\/\/vosgesinfo.fr\/app\/uploads\/sites\/6\/2024\/07\/202207ligue-contre-le-cancer.jpg","width":1200,"height":1200},{"@type":"BreadcrumbList","@id":"https:\/\/vosgesinfo.fr\/gerardmerinfo\/2022\/10\/3e-marche-rose-de-gerardmer-aura-lieu-16-octobre-2022\/#breadcrumb","itemListElement":[{"@type":"ListItem","position":1,"name":"Home","item":"https:\/\/vosgesinfo.fr\/gerardmerinfo\/"},{"@type":"ListItem","position":2,"name":"La 3e \u00ab Marche Rose \u00bb de G\u00e9rardmer aura lieu le 16 octobre 2022"}]},{"@type":"WebSite","@id":"https:\/\/vosgesinfo.fr\/gerardmerinfo\/#website","url":"https:\/\/vosgesinfo.fr\/gerardmerinfo\/","name":"Gerardmer Info","description":"Toute l&#039;actualit\u00e9 de G\u00e9rardmer","publisher":{"@id":"https:\/\/vosgesinfo.fr\/gerardmerinfo\/#organization"},"alternateName":"Toute l'actualit\u00e9 de G\u00e9rardmer","potentialAction":[{"@type":"SearchAction","target":{"@type":"EntryPoint","urlTemplate":"https:\/\/vosgesinfo.fr\/gerardmerinfo\/?s={search_term_string}"},"query-input":"required name=search_term_string"}],"inLanguage":"fr-FR"},{"@type":"Organization","@id":"https:\/\/vosgesinfo.fr\/gerardmerinfo\/#organization","name":"Gerardmer Info","url":"https:\/\/vosgesinfo.fr\/gerardmerinfo\/","logo":{"@type":"ImageObject","inLanguage":"fr-FR","@id":"https:\/\/vosgesinfo.fr\/gerardmerinfo\/#\/schema\/logo\/image\/","url":"https:\/\/vosgesinfo.fr\/app\/uploads\/sites\/6\/2023\/08\/favicon-gerardmerinfo.png","contentUrl":"https:\/\/vosgesinfo.fr\/app\/uploads\/sites\/6\/2023\/08\/favicon-gerardmerinfo.png","width":512,"height":512,"caption":"Gerardmer Info"},"image":{"@id":"https:\/\/vosgesinfo.fr\/gerardmerinfo\/#\/schema\/logo\/image\/"},"sameAs":["https:\/\/www.facebook.com\/profile.php?id=100049475262660","https:\/\/x.com\/VosgesInfo88","https:\/\/www.youtube.com\/@vosgesinfo"]},{"@type":"Person","@id":"https:\/\/vosgesinfo.fr\/gerardmerinfo\/#\/schema\/person\/db5605779a843dad16b5368f3e7613a5","name":"QG","image":{"@type":"ImageObject","inLanguage":"fr-FR","@id":"https:\/\/vosgesinfo.fr\/gerardmerinfo\/#\/schema\/person\/image\/","url":"https:\/\/secure.gravatar.com\/avatar\/ea80c42c204b534408512832fde52504ecabb9706bcb6151cf6175e5b64e6793?s=96&d=mm&r=g","contentUrl":"https:\/\/secure.gravatar.com\/avatar\/ea80c42c204b534408512832fde52504ecabb9706bcb6151cf6175e5b64e6793?s=96&d=mm&r=g","caption":"QG"},"url":"https:\/\/vosgesinfo.fr\/gerardmerinfo\/author\/quentin88\/"}]}},"_links":{"self":[{"href":"https:\/\/vosgesinfo.fr\/gerardmerinfo\/wp-json\/wp\/v2\/posts\/60753","targetHints":{"allow":["GET"]}}],"collection":[{"href":"https:\/\/vosgesinfo.fr\/gerardmerinfo\/wp-json\/wp\/v2\/posts"}],"about":[{"href":"https:\/\/vosgesinfo.fr\/gerardmerinfo\/wp-json\/wp\/v2\/types\/post"}],"author":[{"embeddable":true,"href":"https:\/\/vosgesinfo.fr\/gerardmerinfo\/wp-json\/wp\/v2\/users\/42"}],"replies":[{"embeddable":true,"href":"https:\/\/vosgesinfo.fr\/gerardmerinfo\/wp-json\/wp\/v2\/comments?post=60753"}],"version-history":[{"count":0,"href":"https:\/\/vosgesinfo.fr\/gerardmerinfo\/wp-json\/wp\/v2\/posts\/60753\/revisions"}],"wp:featuredmedia":[{"embeddable":true,"href":"https:\/\/vosgesinfo.fr\/gerardmerinfo\/wp-json\/wp\/v2\/media\/60754"}],"wp:attachment":[{"href":"https:\/\/vosgesinfo.fr\/gerardmerinfo\/wp-json\/wp\/v2\/media?parent=60753"}],"wp:term":[{"taxonomy":"category","embeddable":true,"href":"https:\/\/vosgesinfo.fr\/gerardmerinfo\/wp-json\/wp\/v2\/categories?post=60753"},{"taxonomy":"post_tag","embeddable":true,"href":"https:\/\/vosgesinfo.fr\/gerardmerinfo\/wp-json\/wp\/v2\/tags?post=60753"}],"curies":[{"name":"wp","href":"https:\/\/api.w.org\/{rel}","templated":true}]}}