{"id":61023,"date":"2022-08-10T07:14:52","date_gmt":"2022-08-10T05:14:52","guid":{"rendered":"https:\/\/vosgesinfo.fr\/gerardmerinfo\/2022\/08\/trio-2-trompettes-orgue-a-st-barth\/"},"modified":"2022-08-10T07:14:52","modified_gmt":"2022-08-10T05:14:52","slug":"trio-2-trompettes-orgue-a-st-barth","status":"publish","type":"post","link":"https:\/\/vosgesinfo.fr\/gerardmerinfo\/2022\/08\/trio-2-trompettes-orgue-a-st-barth\/","title":{"rendered":"Un trio 2 trompettes et orgue \u00e0 St Barth"},"content":{"rendered":"<p><a href=\"https:\/\/gerardmerinfo.fr\/2022\/08\/trio-2-trompettes-orgue-a-st-barth\/trio-trompettes-et-orgue\/\" rel=\"attachment wp-att-193631\"><img decoding=\"async\" class=\"aligncenter size-full wp-image-193631\" src=\"\/2022\/08\/Trio-trompettes-et-orgue.jpeg\" alt=\"Trio trompettes et orgue\" width=\"640\" height=\"480\" \/><\/a>Le LUNDI 15 ao\u00fbt, \u00e0 17h30, dans l\u2019\u00e9glise paroissiale de G\u00e9rardmer, pour le cl\u00f4ture de son \u00c9T\u00c9 MUSICAL, l\u2019Association des Concerts Saint-Barth\u00e9lemy vous propose le traditionnel TROMPETTES ET ORGUE, avec trois excellents musiciens.<\/p>\n<p>Patrice LERECH, laur\u00e9at du Concours Europ\u00e9en du Jeune Trompettiste de Lun\u00e9ville et titulaire d\u2019un dipl\u00f4me d\u2019\u00e9tat de professeur de trompette, joue dans de nombreuses formations classiques, jazz et vari\u00e9es. Il est aussi professeur\u00a0 au Conservatoire Jean Wiener de Pont \u00e0 Mousson. 1<sup>er<\/sup> trompette dans l\u2019orchestre National de Jazz du Luxembourg, Patrice LERECH est un excellent improvisateur et compositeur, notamment pour son orchestre de jazz \u00ab\u00a0Canal de l\u2019Est\u00a0\u00bb.<\/p>\n<p>S\u00e9bastien SCHL\u00c9RET, lui aussi, laur\u00e9at du Concours Europ\u00e9en du Jeune Trompettiste de Lun\u00e9ville, enseigne son instrument dans les \u00a0conservatoires d\u2019Epinal et de Nancy. Il consacre une grande partie de son temps \u00e0 la musique de chambre (Quatuor C\u00e9bar\u00e9, Stan Brass Quintet) et la p\u00e9dagogie. Il est invit\u00e9 par le Conservatoire de Chengdu (Chine) pour une semaine de travail avec les \u00e9tudiants les plus prometteurs.<\/p>\n<p>Olivier PERIN, organiste, est un musicien polyvalent qui d\u00e9fend avec exigence et passion une haute id\u00e9e de la musique et des arts, tant comme interpr\u00e8te que par le biais de ses activit\u00e9s p\u00e9dagogiques. Titulaire des grandes orgues de l\u2019\u00e9glise Saint-Paul-Saint-Louis \u00e0 Paris o\u00f9 il contribue avec talent depuis 1997 \u00e0 faire vivre une musique liturgique de qualit\u00e9 et o\u00f9 il perp\u00e9tue avec une remarquable subtilit\u00e9 la tradition de l\u2019improvisation fran\u00e7aise, il est aussi directeur de Conservatoire de Nancy depuis 2015.<\/p>\n<p>Pour le concert de G\u00e9rardmer, les artistes ont pr\u00e9vu un programme festif et all\u00e9chant avec des pi\u00e8ces de musiciens connus tels que HAENDEL, BACH, PIERN\u00c9 ou \u00e0 d\u00e9couvrir comme FRANCESCHINI, GIAZOTTO ou LINBERGH, m\u00e9langeant ainsi la musique baroque, classique et contemporaine.<\/p>\n<p>Comme \u00e0 l\u2019accoutum\u00e9e, les artistes participeront \u00e9galement \u00e0 la messe dominicale le matin du concert.<\/p>\n<p>Pour tous les concerts d\u2019\u00e9t\u00e9 de l\u2019association, le prix d\u2019entr\u00e9e est de 10 \u20ac, avec une possibilit\u00e9 de tarif r\u00e9duit \u00e0 7\u20ac pour les \u00e9tudiants et les sans-emplois. L\u2019entr\u00e9e est gratuite pour les enfants accompagn\u00e9s de moins de 12 ans.<\/p>\n<p><strong>PF<\/strong><\/p>\n<p>&nbsp;<\/p>\n","protected":false},"excerpt":{"rendered":"<p>Le LUNDI 15 ao\u00fbt, \u00e0 17h30, dans l\u2019\u00e9glise paroissiale de G\u00e9rardmer, pour le cl\u00f4ture de son \u00c9T\u00c9 MUSICAL, l\u2019Association des [&hellip;]<\/p>\n","protected":false},"author":1,"featured_media":61024,"comment_status":"open","ping_status":"open","sticky":false,"template":"","format":"standard","meta":{"footnotes":""},"categories":[20,34,4],"tags":[],"class_list":["post-61023","post","type-post","status-publish","format-standard","has-post-thumbnail","hentry","category-a-la-une","category-concert","category-culture"],"acf":[],"yoast_head":"<!-- This site is optimized with the Yoast SEO plugin v22.5 - https:\/\/yoast.com\/wordpress\/plugins\/seo\/ -->\n<title>Un trio 2 trompettes et orgue \u00e0 St Barth - Gerardmer Info<\/title>\n<meta name=\"robots\" content=\"index, follow, max-snippet:-1, max-image-preview:large, max-video-preview:-1\" \/>\n<link rel=\"canonical\" href=\"https:\/\/vosgesinfo.fr\/gerardmerinfo\/2022\/08\/trio-2-trompettes-orgue-a-st-barth\/\" \/>\n<meta name=\"twitter:card\" content=\"summary_large_image\" \/>\n<meta name=\"twitter:title\" content=\"Un trio 2 trompettes et orgue \u00e0 St Barth - Gerardmer Info\" \/>\n<meta name=\"twitter:description\" content=\"Le LUNDI 15 ao\u00fbt, \u00e0 17h30, dans l\u2019\u00e9glise paroissiale de G\u00e9rardmer, pour le cl\u00f4ture de son \u00c9T\u00c9 MUSICAL, l\u2019Association des [&hellip;]\" \/>\n<meta name=\"twitter:image\" content=\"https:\/\/vosgesinfo.fr\/app\/uploads\/sites\/6\/2024\/07\/202208trio-trompettes-et-orgue.jpeg\" \/>\n<meta name=\"twitter:creator\" content=\"@VosgesInfo88\" \/>\n<meta name=\"twitter:site\" content=\"@VosgesInfo88\" \/>\n<meta name=\"twitter:label1\" content=\"\u00c9crit par\" \/>\n\t<meta name=\"twitter:data1\" content=\"qs_admin\" \/>\n\t<meta name=\"twitter:label2\" content=\"Dur\u00e9e de lecture estim\u00e9e\" \/>\n\t<meta name=\"twitter:data2\" content=\"2 minutes\" \/>\n<script type=\"application\/ld+json\" class=\"yoast-schema-graph\">{\"@context\":\"https:\/\/schema.org\",\"@graph\":[{\"@type\":\"Article\",\"@id\":\"https:\/\/vosgesinfo.fr\/gerardmerinfo\/2022\/08\/trio-2-trompettes-orgue-a-st-barth\/#article\",\"isPartOf\":{\"@id\":\"https:\/\/vosgesinfo.fr\/gerardmerinfo\/2022\/08\/trio-2-trompettes-orgue-a-st-barth\/\"},\"author\":{\"name\":\"qs_admin\",\"@id\":\"https:\/\/vosgesinfo.fr\/gerardmerinfo\/#\/schema\/person\/bc5d02d71e6932e81b6dadb7386667b1\"},\"headline\":\"Un trio 2 trompettes et orgue \u00e0 St Barth\",\"datePublished\":\"2022-08-10T05:14:52+00:00\",\"dateModified\":\"2022-08-10T05:14:52+00:00\",\"mainEntityOfPage\":{\"@id\":\"https:\/\/vosgesinfo.fr\/gerardmerinfo\/2022\/08\/trio-2-trompettes-orgue-a-st-barth\/\"},\"wordCount\":381,\"commentCount\":0,\"publisher\":{\"@id\":\"https:\/\/vosgesinfo.fr\/gerardmerinfo\/#organization\"},\"image\":{\"@id\":\"https:\/\/vosgesinfo.fr\/gerardmerinfo\/2022\/08\/trio-2-trompettes-orgue-a-st-barth\/#primaryimage\"},\"thumbnailUrl\":\"https:\/\/vosgesinfo.fr\/app\/uploads\/sites\/6\/2024\/07\/202208trio-trompettes-et-orgue.jpeg\",\"articleSection\":[\"A la une\",\"Concert\",\"Culture\"],\"inLanguage\":\"fr-FR\",\"potentialAction\":[{\"@type\":\"CommentAction\",\"name\":\"Comment\",\"target\":[\"https:\/\/vosgesinfo.fr\/gerardmerinfo\/2022\/08\/trio-2-trompettes-orgue-a-st-barth\/#respond\"]}]},{\"@type\":\"WebPage\",\"@id\":\"https:\/\/vosgesinfo.fr\/gerardmerinfo\/2022\/08\/trio-2-trompettes-orgue-a-st-barth\/\",\"url\":\"https:\/\/vosgesinfo.fr\/gerardmerinfo\/2022\/08\/trio-2-trompettes-orgue-a-st-barth\/\",\"name\":\"Un trio 2 trompettes et orgue \u00e0 St Barth - Gerardmer Info\",\"isPartOf\":{\"@id\":\"https:\/\/vosgesinfo.fr\/gerardmerinfo\/#website\"},\"primaryImageOfPage\":{\"@id\":\"https:\/\/vosgesinfo.fr\/gerardmerinfo\/2022\/08\/trio-2-trompettes-orgue-a-st-barth\/#primaryimage\"},\"image\":{\"@id\":\"https:\/\/vosgesinfo.fr\/gerardmerinfo\/2022\/08\/trio-2-trompettes-orgue-a-st-barth\/#primaryimage\"},\"thumbnailUrl\":\"https:\/\/vosgesinfo.fr\/app\/uploads\/sites\/6\/2024\/07\/202208trio-trompettes-et-orgue.jpeg\",\"datePublished\":\"2022-08-10T05:14:52+00:00\",\"dateModified\":\"2022-08-10T05:14:52+00:00\",\"breadcrumb\":{\"@id\":\"https:\/\/vosgesinfo.fr\/gerardmerinfo\/2022\/08\/trio-2-trompettes-orgue-a-st-barth\/#breadcrumb\"},\"inLanguage\":\"fr-FR\",\"potentialAction\":[{\"@type\":\"ReadAction\",\"target\":[\"https:\/\/vosgesinfo.fr\/gerardmerinfo\/2022\/08\/trio-2-trompettes-orgue-a-st-barth\/\"]}]},{\"@type\":\"ImageObject\",\"inLanguage\":\"fr-FR\",\"@id\":\"https:\/\/vosgesinfo.fr\/gerardmerinfo\/2022\/08\/trio-2-trompettes-orgue-a-st-barth\/#primaryimage\",\"url\":\"https:\/\/vosgesinfo.fr\/app\/uploads\/sites\/6\/2024\/07\/202208trio-trompettes-et-orgue.jpeg\",\"contentUrl\":\"https:\/\/vosgesinfo.fr\/app\/uploads\/sites\/6\/2024\/07\/202208trio-trompettes-et-orgue.jpeg\",\"width\":640,\"height\":480},{\"@type\":\"BreadcrumbList\",\"@id\":\"https:\/\/vosgesinfo.fr\/gerardmerinfo\/2022\/08\/trio-2-trompettes-orgue-a-st-barth\/#breadcrumb\",\"itemListElement\":[{\"@type\":\"ListItem\",\"position\":1,\"name\":\"Home\",\"item\":\"https:\/\/vosgesinfo.fr\/gerardmerinfo\/\"},{\"@type\":\"ListItem\",\"position\":2,\"name\":\"Un trio 2 trompettes et orgue \u00e0 St Barth\"}]},{\"@type\":\"WebSite\",\"@id\":\"https:\/\/vosgesinfo.fr\/gerardmerinfo\/#website\",\"url\":\"https:\/\/vosgesinfo.fr\/gerardmerinfo\/\",\"name\":\"Gerardmer Info\",\"description\":\"Toute l&#039;actualit\u00e9 de G\u00e9rardmer\",\"publisher\":{\"@id\":\"https:\/\/vosgesinfo.fr\/gerardmerinfo\/#organization\"},\"alternateName\":\"Toute l'actualit\u00e9 de G\u00e9rardmer\",\"potentialAction\":[{\"@type\":\"SearchAction\",\"target\":{\"@type\":\"EntryPoint\",\"urlTemplate\":\"https:\/\/vosgesinfo.fr\/gerardmerinfo\/?s={search_term_string}\"},\"query-input\":\"required name=search_term_string\"}],\"inLanguage\":\"fr-FR\"},{\"@type\":\"Organization\",\"@id\":\"https:\/\/vosgesinfo.fr\/gerardmerinfo\/#organization\",\"name\":\"Gerardmer Info\",\"url\":\"https:\/\/vosgesinfo.fr\/gerardmerinfo\/\",\"logo\":{\"@type\":\"ImageObject\",\"inLanguage\":\"fr-FR\",\"@id\":\"https:\/\/vosgesinfo.fr\/gerardmerinfo\/#\/schema\/logo\/image\/\",\"url\":\"https:\/\/vosgesinfo.fr\/app\/uploads\/sites\/6\/2023\/08\/favicon-gerardmerinfo.png\",\"contentUrl\":\"https:\/\/vosgesinfo.fr\/app\/uploads\/sites\/6\/2023\/08\/favicon-gerardmerinfo.png\",\"width\":512,\"height\":512,\"caption\":\"Gerardmer Info\"},\"image\":{\"@id\":\"https:\/\/vosgesinfo.fr\/gerardmerinfo\/#\/schema\/logo\/image\/\"},\"sameAs\":[\"https:\/\/www.facebook.com\/profile.php?id=100049475262660\",\"https:\/\/x.com\/VosgesInfo88\",\"https:\/\/www.youtube.com\/@vosgesinfo\"]},{\"@type\":\"Person\",\"@id\":\"https:\/\/vosgesinfo.fr\/gerardmerinfo\/#\/schema\/person\/bc5d02d71e6932e81b6dadb7386667b1\",\"name\":\"qs_admin\",\"image\":{\"@type\":\"ImageObject\",\"inLanguage\":\"fr-FR\",\"@id\":\"https:\/\/vosgesinfo.fr\/gerardmerinfo\/#\/schema\/person\/image\/\",\"url\":\"https:\/\/secure.gravatar.com\/avatar\/94b18ee0ed79e4a42ea2f2931277b6841a8999fc6fde214600c78057cf1fe1de?s=96&d=mm&r=g\",\"contentUrl\":\"https:\/\/secure.gravatar.com\/avatar\/94b18ee0ed79e4a42ea2f2931277b6841a8999fc6fde214600c78057cf1fe1de?s=96&d=mm&r=g\",\"caption\":\"qs_admin\"},\"sameAs\":[\"https:\/\/vosgesinfo.fr\/wp\"],\"url\":\"https:\/\/vosgesinfo.fr\/gerardmerinfo\/author\/qs_admin\/\"}]}<\/script>\n<!-- \/ Yoast SEO plugin. -->","yoast_head_json":{"title":"Un trio 2 trompettes et orgue \u00e0 St Barth - Gerardmer Info","robots":{"index":"index","follow":"follow","max-snippet":"max-snippet:-1","max-image-preview":"max-image-preview:large","max-video-preview":"max-video-preview:-1"},"canonical":"https:\/\/vosgesinfo.fr\/gerardmerinfo\/2022\/08\/trio-2-trompettes-orgue-a-st-barth\/","twitter_card":"summary_large_image","twitter_title":"Un trio 2 trompettes et orgue \u00e0 St Barth - Gerardmer Info","twitter_description":"Le LUNDI 15 ao\u00fbt, \u00e0 17h30, dans l\u2019\u00e9glise paroissiale de G\u00e9rardmer, pour le cl\u00f4ture de son \u00c9T\u00c9 MUSICAL, l\u2019Association des [&hellip;]","twitter_image":"https:\/\/vosgesinfo.fr\/app\/uploads\/sites\/6\/2024\/07\/202208trio-trompettes-et-orgue.jpeg","twitter_creator":"@VosgesInfo88","twitter_site":"@VosgesInfo88","twitter_misc":{"\u00c9crit par":"qs_admin","Dur\u00e9e de lecture estim\u00e9e":"2 minutes"},"schema":{"@context":"https:\/\/schema.org","@graph":[{"@type":"Article","@id":"https:\/\/vosgesinfo.fr\/gerardmerinfo\/2022\/08\/trio-2-trompettes-orgue-a-st-barth\/#article","isPartOf":{"@id":"https:\/\/vosgesinfo.fr\/gerardmerinfo\/2022\/08\/trio-2-trompettes-orgue-a-st-barth\/"},"author":{"name":"qs_admin","@id":"https:\/\/vosgesinfo.fr\/gerardmerinfo\/#\/schema\/person\/bc5d02d71e6932e81b6dadb7386667b1"},"headline":"Un trio 2 trompettes et orgue \u00e0 St Barth","datePublished":"2022-08-10T05:14:52+00:00","dateModified":"2022-08-10T05:14:52+00:00","mainEntityOfPage":{"@id":"https:\/\/vosgesinfo.fr\/gerardmerinfo\/2022\/08\/trio-2-trompettes-orgue-a-st-barth\/"},"wordCount":381,"commentCount":0,"publisher":{"@id":"https:\/\/vosgesinfo.fr\/gerardmerinfo\/#organization"},"image":{"@id":"https:\/\/vosgesinfo.fr\/gerardmerinfo\/2022\/08\/trio-2-trompettes-orgue-a-st-barth\/#primaryimage"},"thumbnailUrl":"https:\/\/vosgesinfo.fr\/app\/uploads\/sites\/6\/2024\/07\/202208trio-trompettes-et-orgue.jpeg","articleSection":["A la une","Concert","Culture"],"inLanguage":"fr-FR","potentialAction":[{"@type":"CommentAction","name":"Comment","target":["https:\/\/vosgesinfo.fr\/gerardmerinfo\/2022\/08\/trio-2-trompettes-orgue-a-st-barth\/#respond"]}]},{"@type":"WebPage","@id":"https:\/\/vosgesinfo.fr\/gerardmerinfo\/2022\/08\/trio-2-trompettes-orgue-a-st-barth\/","url":"https:\/\/vosgesinfo.fr\/gerardmerinfo\/2022\/08\/trio-2-trompettes-orgue-a-st-barth\/","name":"Un trio 2 trompettes et orgue \u00e0 St Barth - Gerardmer Info","isPartOf":{"@id":"https:\/\/vosgesinfo.fr\/gerardmerinfo\/#website"},"primaryImageOfPage":{"@id":"https:\/\/vosgesinfo.fr\/gerardmerinfo\/2022\/08\/trio-2-trompettes-orgue-a-st-barth\/#primaryimage"},"image":{"@id":"https:\/\/vosgesinfo.fr\/gerardmerinfo\/2022\/08\/trio-2-trompettes-orgue-a-st-barth\/#primaryimage"},"thumbnailUrl":"https:\/\/vosgesinfo.fr\/app\/uploads\/sites\/6\/2024\/07\/202208trio-trompettes-et-orgue.jpeg","datePublished":"2022-08-10T05:14:52+00:00","dateModified":"2022-08-10T05:14:52+00:00","breadcrumb":{"@id":"https:\/\/vosgesinfo.fr\/gerardmerinfo\/2022\/08\/trio-2-trompettes-orgue-a-st-barth\/#breadcrumb"},"inLanguage":"fr-FR","potentialAction":[{"@type":"ReadAction","target":["https:\/\/vosgesinfo.fr\/gerardmerinfo\/2022\/08\/trio-2-trompettes-orgue-a-st-barth\/"]}]},{"@type":"ImageObject","inLanguage":"fr-FR","@id":"https:\/\/vosgesinfo.fr\/gerardmerinfo\/2022\/08\/trio-2-trompettes-orgue-a-st-barth\/#primaryimage","url":"https:\/\/vosgesinfo.fr\/app\/uploads\/sites\/6\/2024\/07\/202208trio-trompettes-et-orgue.jpeg","contentUrl":"https:\/\/vosgesinfo.fr\/app\/uploads\/sites\/6\/2024\/07\/202208trio-trompettes-et-orgue.jpeg","width":640,"height":480},{"@type":"BreadcrumbList","@id":"https:\/\/vosgesinfo.fr\/gerardmerinfo\/2022\/08\/trio-2-trompettes-orgue-a-st-barth\/#breadcrumb","itemListElement":[{"@type":"ListItem","position":1,"name":"Home","item":"https:\/\/vosgesinfo.fr\/gerardmerinfo\/"},{"@type":"ListItem","position":2,"name":"Un trio 2 trompettes et orgue \u00e0 St Barth"}]},{"@type":"WebSite","@id":"https:\/\/vosgesinfo.fr\/gerardmerinfo\/#website","url":"https:\/\/vosgesinfo.fr\/gerardmerinfo\/","name":"Gerardmer Info","description":"Toute l&#039;actualit\u00e9 de G\u00e9rardmer","publisher":{"@id":"https:\/\/vosgesinfo.fr\/gerardmerinfo\/#organization"},"alternateName":"Toute l'actualit\u00e9 de G\u00e9rardmer","potentialAction":[{"@type":"SearchAction","target":{"@type":"EntryPoint","urlTemplate":"https:\/\/vosgesinfo.fr\/gerardmerinfo\/?s={search_term_string}"},"query-input":"required name=search_term_string"}],"inLanguage":"fr-FR"},{"@type":"Organization","@id":"https:\/\/vosgesinfo.fr\/gerardmerinfo\/#organization","name":"Gerardmer Info","url":"https:\/\/vosgesinfo.fr\/gerardmerinfo\/","logo":{"@type":"ImageObject","inLanguage":"fr-FR","@id":"https:\/\/vosgesinfo.fr\/gerardmerinfo\/#\/schema\/logo\/image\/","url":"https:\/\/vosgesinfo.fr\/app\/uploads\/sites\/6\/2023\/08\/favicon-gerardmerinfo.png","contentUrl":"https:\/\/vosgesinfo.fr\/app\/uploads\/sites\/6\/2023\/08\/favicon-gerardmerinfo.png","width":512,"height":512,"caption":"Gerardmer Info"},"image":{"@id":"https:\/\/vosgesinfo.fr\/gerardmerinfo\/#\/schema\/logo\/image\/"},"sameAs":["https:\/\/www.facebook.com\/profile.php?id=100049475262660","https:\/\/x.com\/VosgesInfo88","https:\/\/www.youtube.com\/@vosgesinfo"]},{"@type":"Person","@id":"https:\/\/vosgesinfo.fr\/gerardmerinfo\/#\/schema\/person\/bc5d02d71e6932e81b6dadb7386667b1","name":"qs_admin","image":{"@type":"ImageObject","inLanguage":"fr-FR","@id":"https:\/\/vosgesinfo.fr\/gerardmerinfo\/#\/schema\/person\/image\/","url":"https:\/\/secure.gravatar.com\/avatar\/94b18ee0ed79e4a42ea2f2931277b6841a8999fc6fde214600c78057cf1fe1de?s=96&d=mm&r=g","contentUrl":"https:\/\/secure.gravatar.com\/avatar\/94b18ee0ed79e4a42ea2f2931277b6841a8999fc6fde214600c78057cf1fe1de?s=96&d=mm&r=g","caption":"qs_admin"},"sameAs":["https:\/\/vosgesinfo.fr\/wp"],"url":"https:\/\/vosgesinfo.fr\/gerardmerinfo\/author\/qs_admin\/"}]}},"_links":{"self":[{"href":"https:\/\/vosgesinfo.fr\/gerardmerinfo\/wp-json\/wp\/v2\/posts\/61023","targetHints":{"allow":["GET"]}}],"collection":[{"href":"https:\/\/vosgesinfo.fr\/gerardmerinfo\/wp-json\/wp\/v2\/posts"}],"about":[{"href":"https:\/\/vosgesinfo.fr\/gerardmerinfo\/wp-json\/wp\/v2\/types\/post"}],"author":[{"embeddable":true,"href":"https:\/\/vosgesinfo.fr\/gerardmerinfo\/wp-json\/wp\/v2\/users\/1"}],"replies":[{"embeddable":true,"href":"https:\/\/vosgesinfo.fr\/gerardmerinfo\/wp-json\/wp\/v2\/comments?post=61023"}],"version-history":[{"count":0,"href":"https:\/\/vosgesinfo.fr\/gerardmerinfo\/wp-json\/wp\/v2\/posts\/61023\/revisions"}],"wp:featuredmedia":[{"embeddable":true,"href":"https:\/\/vosgesinfo.fr\/gerardmerinfo\/wp-json\/wp\/v2\/media\/61024"}],"wp:attachment":[{"href":"https:\/\/vosgesinfo.fr\/gerardmerinfo\/wp-json\/wp\/v2\/media?parent=61023"}],"wp:term":[{"taxonomy":"category","embeddable":true,"href":"https:\/\/vosgesinfo.fr\/gerardmerinfo\/wp-json\/wp\/v2\/categories?post=61023"},{"taxonomy":"post_tag","embeddable":true,"href":"https:\/\/vosgesinfo.fr\/gerardmerinfo\/wp-json\/wp\/v2\/tags?post=61023"}],"curies":[{"name":"wp","href":"https:\/\/api.w.org\/{rel}","templated":true}]}}