{"id":61032,"date":"2022-08-10T15:05:24","date_gmt":"2022-08-10T13:05:24","guid":{"rendered":"https:\/\/vosgesinfo.fr\/gerardmerinfo\/2022\/08\/biathlon-initiation-tir-paula-botet-veronique-claudel-a-confiserie-bressaude\/"},"modified":"2022-08-10T15:05:24","modified_gmt":"2022-08-10T13:05:24","slug":"biathlon-initiation-tir-paula-botet-veronique-claudel-a-confiserie-bressaude","status":"publish","type":"post","link":"https:\/\/vosgesinfo.fr\/gerardmerinfo\/2022\/08\/biathlon-initiation-tir-paula-botet-veronique-claudel-a-confiserie-bressaude\/","title":{"rendered":"Biathlon : initiation au tir avec Paula Botet et V\u00e9ronique Claudel \u00e0 la Confiserie Bressaude"},"content":{"rendered":"<h2><span style=\"font-size: 14pt;\"><strong><a href=\"https:\/\/gerardmerinfo.fr\/2022\/08\/biathlon-initiation-tir-paula-botet-veronique-claudel-a-confiserie-bressaude\/63-6\/\" rel=\"attachment wp-att-193649\"><img decoding=\"async\" class=\"aligncenter size-full wp-image-193649\" src=\"\/2022\/08\/63.jpg\" alt=\"63\" width=\"1600\" height=\"1142\" \/><\/a>Ce mercredi, le biathlon est \u00e0 l\u2019honneur \u00e0 la Confiserie Bressaude. La biathl\u00e8te Paula Botet, membre de l\u2019\u00e9quipe de France, et la championne olympique V\u00e9ronique Claudel viennent pr\u00e9senter leur discipline. Une occasion unique pour \u00e9changer autour du biathlon et s\u2019essayer au tir.<\/strong><\/span><\/h2>\n<p>Un stand de tir a \u00e9t\u00e9 install\u00e9 devant l\u2019\u00e9tablissement. On y utilise des carabines optiques, <em>\u00ab\u00a0qui n\u2019envoient rien, qui ne sont pas dangereuses\u00a0\u00bb<\/em>, explique V\u00e9ronique Claudel. L\u2019objectif de cette journ\u00e9e est de faire d\u00e9couvrir le biathlon, pour donner \u00e9ventuellement \u00e0 quelques uns l\u2019envie de le pratiquer. Parmi les participants, un groupe de jeunes visite par petit groupe la confiserie et vient s\u2019essayer au tir. D\u2019ann\u00e9e en ann\u00e9e, la Confiserie B<\/p>\n","protected":false},"excerpt":{"rendered":"<p>Ce mercredi, le biathlon est \u00e0 l\u2019honneur \u00e0 la Confiserie Bressaude. La biathl\u00e8te Paula Botet, membre de l\u2019\u00e9quipe de France, [&hellip;]<\/p>\n","protected":false},"author":1,"featured_media":61033,"comment_status":"open","ping_status":"open","sticky":false,"template":"","format":"standard","meta":{"footnotes":""},"categories":[20,24],"tags":[],"class_list":["post-61032","post","type-post","status-publish","format-standard","has-post-thumbnail","hentry","category-a-la-une","category-evenements"],"acf":[],"yoast_head":"<!-- This site is optimized with the Yoast SEO plugin v22.5 - https:\/\/yoast.com\/wordpress\/plugins\/seo\/ -->\n<title>Biathlon : initiation au tir avec Paula Botet et V\u00e9ronique Claudel \u00e0 la Confiserie Bressaude - Gerardmer Info<\/title>\n<meta name=\"robots\" content=\"index, follow, max-snippet:-1, max-image-preview:large, max-video-preview:-1\" \/>\n<link rel=\"canonical\" href=\"https:\/\/vosgesinfo.fr\/gerardmerinfo\/2022\/08\/biathlon-initiation-tir-paula-botet-veronique-claudel-a-confiserie-bressaude\/\" \/>\n<meta name=\"twitter:card\" content=\"summary_large_image\" \/>\n<meta name=\"twitter:title\" content=\"Biathlon : initiation au tir avec Paula Botet et V\u00e9ronique Claudel \u00e0 la Confiserie Bressaude - Gerardmer Info\" \/>\n<meta name=\"twitter:description\" content=\"Ce mercredi, le biathlon est \u00e0 l\u2019honneur \u00e0 la Confiserie Bressaude. La biathl\u00e8te Paula Botet, membre de l\u2019\u00e9quipe de France, [&hellip;]\" \/>\n<meta name=\"twitter:image\" content=\"https:\/\/vosgesinfo.fr\/app\/uploads\/sites\/6\/2024\/07\/20220863.jpg\" \/>\n<meta name=\"twitter:creator\" content=\"@VosgesInfo88\" \/>\n<meta name=\"twitter:site\" content=\"@VosgesInfo88\" \/>\n<meta name=\"twitter:label1\" content=\"\u00c9crit par\" \/>\n\t<meta name=\"twitter:data1\" content=\"qs_admin\" \/>\n\t<meta name=\"twitter:label2\" content=\"Dur\u00e9e de lecture estim\u00e9e\" \/>\n\t<meta name=\"twitter:data2\" content=\"1 minute\" \/>\n<script type=\"application\/ld+json\" class=\"yoast-schema-graph\">{\"@context\":\"https:\/\/schema.org\",\"@graph\":[{\"@type\":\"Article\",\"@id\":\"https:\/\/vosgesinfo.fr\/gerardmerinfo\/2022\/08\/biathlon-initiation-tir-paula-botet-veronique-claudel-a-confiserie-bressaude\/#article\",\"isPartOf\":{\"@id\":\"https:\/\/vosgesinfo.fr\/gerardmerinfo\/2022\/08\/biathlon-initiation-tir-paula-botet-veronique-claudel-a-confiserie-bressaude\/\"},\"author\":{\"name\":\"qs_admin\",\"@id\":\"https:\/\/vosgesinfo.fr\/gerardmerinfo\/#\/schema\/person\/bc5d02d71e6932e81b6dadb7386667b1\"},\"headline\":\"Biathlon : initiation au tir avec Paula Botet et V\u00e9ronique Claudel \u00e0 la Confiserie Bressaude\",\"datePublished\":\"2022-08-10T13:05:24+00:00\",\"dateModified\":\"2022-08-10T13:05:24+00:00\",\"mainEntityOfPage\":{\"@id\":\"https:\/\/vosgesinfo.fr\/gerardmerinfo\/2022\/08\/biathlon-initiation-tir-paula-botet-veronique-claudel-a-confiserie-bressaude\/\"},\"wordCount\":140,\"commentCount\":0,\"publisher\":{\"@id\":\"https:\/\/vosgesinfo.fr\/gerardmerinfo\/#organization\"},\"image\":{\"@id\":\"https:\/\/vosgesinfo.fr\/gerardmerinfo\/2022\/08\/biathlon-initiation-tir-paula-botet-veronique-claudel-a-confiserie-bressaude\/#primaryimage\"},\"thumbnailUrl\":\"https:\/\/vosgesinfo.fr\/app\/uploads\/sites\/6\/2024\/07\/20220863.jpg\",\"articleSection\":[\"A la une\",\"Ev\u00e8nements\"],\"inLanguage\":\"fr-FR\",\"potentialAction\":[{\"@type\":\"CommentAction\",\"name\":\"Comment\",\"target\":[\"https:\/\/vosgesinfo.fr\/gerardmerinfo\/2022\/08\/biathlon-initiation-tir-paula-botet-veronique-claudel-a-confiserie-bressaude\/#respond\"]}]},{\"@type\":\"WebPage\",\"@id\":\"https:\/\/vosgesinfo.fr\/gerardmerinfo\/2022\/08\/biathlon-initiation-tir-paula-botet-veronique-claudel-a-confiserie-bressaude\/\",\"url\":\"https:\/\/vosgesinfo.fr\/gerardmerinfo\/2022\/08\/biathlon-initiation-tir-paula-botet-veronique-claudel-a-confiserie-bressaude\/\",\"name\":\"Biathlon : initiation au tir avec Paula Botet et V\u00e9ronique Claudel \u00e0 la Confiserie Bressaude - Gerardmer Info\",\"isPartOf\":{\"@id\":\"https:\/\/vosgesinfo.fr\/gerardmerinfo\/#website\"},\"primaryImageOfPage\":{\"@id\":\"https:\/\/vosgesinfo.fr\/gerardmerinfo\/2022\/08\/biathlon-initiation-tir-paula-botet-veronique-claudel-a-confiserie-bressaude\/#primaryimage\"},\"image\":{\"@id\":\"https:\/\/vosgesinfo.fr\/gerardmerinfo\/2022\/08\/biathlon-initiation-tir-paula-botet-veronique-claudel-a-confiserie-bressaude\/#primaryimage\"},\"thumbnailUrl\":\"https:\/\/vosgesinfo.fr\/app\/uploads\/sites\/6\/2024\/07\/20220863.jpg\",\"datePublished\":\"2022-08-10T13:05:24+00:00\",\"dateModified\":\"2022-08-10T13:05:24+00:00\",\"breadcrumb\":{\"@id\":\"https:\/\/vosgesinfo.fr\/gerardmerinfo\/2022\/08\/biathlon-initiation-tir-paula-botet-veronique-claudel-a-confiserie-bressaude\/#breadcrumb\"},\"inLanguage\":\"fr-FR\",\"potentialAction\":[{\"@type\":\"ReadAction\",\"target\":[\"https:\/\/vosgesinfo.fr\/gerardmerinfo\/2022\/08\/biathlon-initiation-tir-paula-botet-veronique-claudel-a-confiserie-bressaude\/\"]}]},{\"@type\":\"ImageObject\",\"inLanguage\":\"fr-FR\",\"@id\":\"https:\/\/vosgesinfo.fr\/gerardmerinfo\/2022\/08\/biathlon-initiation-tir-paula-botet-veronique-claudel-a-confiserie-bressaude\/#primaryimage\",\"url\":\"https:\/\/vosgesinfo.fr\/app\/uploads\/sites\/6\/2024\/07\/20220863.jpg\",\"contentUrl\":\"https:\/\/vosgesinfo.fr\/app\/uploads\/sites\/6\/2024\/07\/20220863.jpg\",\"width\":1600,\"height\":1142},{\"@type\":\"BreadcrumbList\",\"@id\":\"https:\/\/vosgesinfo.fr\/gerardmerinfo\/2022\/08\/biathlon-initiation-tir-paula-botet-veronique-claudel-a-confiserie-bressaude\/#breadcrumb\",\"itemListElement\":[{\"@type\":\"ListItem\",\"position\":1,\"name\":\"Home\",\"item\":\"https:\/\/vosgesinfo.fr\/gerardmerinfo\/\"},{\"@type\":\"ListItem\",\"position\":2,\"name\":\"Biathlon : initiation au tir avec Paula Botet et V\u00e9ronique Claudel \u00e0 la Confiserie Bressaude\"}]},{\"@type\":\"WebSite\",\"@id\":\"https:\/\/vosgesinfo.fr\/gerardmerinfo\/#website\",\"url\":\"https:\/\/vosgesinfo.fr\/gerardmerinfo\/\",\"name\":\"Gerardmer Info\",\"description\":\"Toute l&#039;actualit\u00e9 de G\u00e9rardmer\",\"publisher\":{\"@id\":\"https:\/\/vosgesinfo.fr\/gerardmerinfo\/#organization\"},\"alternateName\":\"Toute l'actualit\u00e9 de G\u00e9rardmer\",\"potentialAction\":[{\"@type\":\"SearchAction\",\"target\":{\"@type\":\"EntryPoint\",\"urlTemplate\":\"https:\/\/vosgesinfo.fr\/gerardmerinfo\/?s={search_term_string}\"},\"query-input\":\"required name=search_term_string\"}],\"inLanguage\":\"fr-FR\"},{\"@type\":\"Organization\",\"@id\":\"https:\/\/vosgesinfo.fr\/gerardmerinfo\/#organization\",\"name\":\"Gerardmer Info\",\"url\":\"https:\/\/vosgesinfo.fr\/gerardmerinfo\/\",\"logo\":{\"@type\":\"ImageObject\",\"inLanguage\":\"fr-FR\",\"@id\":\"https:\/\/vosgesinfo.fr\/gerardmerinfo\/#\/schema\/logo\/image\/\",\"url\":\"https:\/\/vosgesinfo.fr\/app\/uploads\/sites\/6\/2023\/08\/favicon-gerardmerinfo.png\",\"contentUrl\":\"https:\/\/vosgesinfo.fr\/app\/uploads\/sites\/6\/2023\/08\/favicon-gerardmerinfo.png\",\"width\":512,\"height\":512,\"caption\":\"Gerardmer Info\"},\"image\":{\"@id\":\"https:\/\/vosgesinfo.fr\/gerardmerinfo\/#\/schema\/logo\/image\/\"},\"sameAs\":[\"https:\/\/www.facebook.com\/profile.php?id=100049475262660\",\"https:\/\/x.com\/VosgesInfo88\",\"https:\/\/www.youtube.com\/@vosgesinfo\"]},{\"@type\":\"Person\",\"@id\":\"https:\/\/vosgesinfo.fr\/gerardmerinfo\/#\/schema\/person\/bc5d02d71e6932e81b6dadb7386667b1\",\"name\":\"qs_admin\",\"image\":{\"@type\":\"ImageObject\",\"inLanguage\":\"fr-FR\",\"@id\":\"https:\/\/vosgesinfo.fr\/gerardmerinfo\/#\/schema\/person\/image\/\",\"url\":\"https:\/\/secure.gravatar.com\/avatar\/94b18ee0ed79e4a42ea2f2931277b6841a8999fc6fde214600c78057cf1fe1de?s=96&d=mm&r=g\",\"contentUrl\":\"https:\/\/secure.gravatar.com\/avatar\/94b18ee0ed79e4a42ea2f2931277b6841a8999fc6fde214600c78057cf1fe1de?s=96&d=mm&r=g\",\"caption\":\"qs_admin\"},\"sameAs\":[\"https:\/\/vosgesinfo.fr\/wp\"],\"url\":\"https:\/\/vosgesinfo.fr\/gerardmerinfo\/author\/qs_admin\/\"}]}<\/script>\n<!-- \/ Yoast SEO plugin. -->","yoast_head_json":{"title":"Biathlon : initiation au tir avec Paula Botet et V\u00e9ronique Claudel \u00e0 la Confiserie Bressaude - Gerardmer Info","robots":{"index":"index","follow":"follow","max-snippet":"max-snippet:-1","max-image-preview":"max-image-preview:large","max-video-preview":"max-video-preview:-1"},"canonical":"https:\/\/vosgesinfo.fr\/gerardmerinfo\/2022\/08\/biathlon-initiation-tir-paula-botet-veronique-claudel-a-confiserie-bressaude\/","twitter_card":"summary_large_image","twitter_title":"Biathlon : initiation au tir avec Paula Botet et V\u00e9ronique Claudel \u00e0 la Confiserie Bressaude - Gerardmer Info","twitter_description":"Ce mercredi, le biathlon est \u00e0 l\u2019honneur \u00e0 la Confiserie Bressaude. La biathl\u00e8te Paula Botet, membre de l\u2019\u00e9quipe de France, [&hellip;]","twitter_image":"https:\/\/vosgesinfo.fr\/app\/uploads\/sites\/6\/2024\/07\/20220863.jpg","twitter_creator":"@VosgesInfo88","twitter_site":"@VosgesInfo88","twitter_misc":{"\u00c9crit par":"qs_admin","Dur\u00e9e de lecture estim\u00e9e":"1 minute"},"schema":{"@context":"https:\/\/schema.org","@graph":[{"@type":"Article","@id":"https:\/\/vosgesinfo.fr\/gerardmerinfo\/2022\/08\/biathlon-initiation-tir-paula-botet-veronique-claudel-a-confiserie-bressaude\/#article","isPartOf":{"@id":"https:\/\/vosgesinfo.fr\/gerardmerinfo\/2022\/08\/biathlon-initiation-tir-paula-botet-veronique-claudel-a-confiserie-bressaude\/"},"author":{"name":"qs_admin","@id":"https:\/\/vosgesinfo.fr\/gerardmerinfo\/#\/schema\/person\/bc5d02d71e6932e81b6dadb7386667b1"},"headline":"Biathlon : initiation au tir avec Paula Botet et V\u00e9ronique Claudel \u00e0 la Confiserie Bressaude","datePublished":"2022-08-10T13:05:24+00:00","dateModified":"2022-08-10T13:05:24+00:00","mainEntityOfPage":{"@id":"https:\/\/vosgesinfo.fr\/gerardmerinfo\/2022\/08\/biathlon-initiation-tir-paula-botet-veronique-claudel-a-confiserie-bressaude\/"},"wordCount":140,"commentCount":0,"publisher":{"@id":"https:\/\/vosgesinfo.fr\/gerardmerinfo\/#organization"},"image":{"@id":"https:\/\/vosgesinfo.fr\/gerardmerinfo\/2022\/08\/biathlon-initiation-tir-paula-botet-veronique-claudel-a-confiserie-bressaude\/#primaryimage"},"thumbnailUrl":"https:\/\/vosgesinfo.fr\/app\/uploads\/sites\/6\/2024\/07\/20220863.jpg","articleSection":["A la une","Ev\u00e8nements"],"inLanguage":"fr-FR","potentialAction":[{"@type":"CommentAction","name":"Comment","target":["https:\/\/vosgesinfo.fr\/gerardmerinfo\/2022\/08\/biathlon-initiation-tir-paula-botet-veronique-claudel-a-confiserie-bressaude\/#respond"]}]},{"@type":"WebPage","@id":"https:\/\/vosgesinfo.fr\/gerardmerinfo\/2022\/08\/biathlon-initiation-tir-paula-botet-veronique-claudel-a-confiserie-bressaude\/","url":"https:\/\/vosgesinfo.fr\/gerardmerinfo\/2022\/08\/biathlon-initiation-tir-paula-botet-veronique-claudel-a-confiserie-bressaude\/","name":"Biathlon : initiation au tir avec Paula Botet et V\u00e9ronique Claudel \u00e0 la Confiserie Bressaude - Gerardmer Info","isPartOf":{"@id":"https:\/\/vosgesinfo.fr\/gerardmerinfo\/#website"},"primaryImageOfPage":{"@id":"https:\/\/vosgesinfo.fr\/gerardmerinfo\/2022\/08\/biathlon-initiation-tir-paula-botet-veronique-claudel-a-confiserie-bressaude\/#primaryimage"},"image":{"@id":"https:\/\/vosgesinfo.fr\/gerardmerinfo\/2022\/08\/biathlon-initiation-tir-paula-botet-veronique-claudel-a-confiserie-bressaude\/#primaryimage"},"thumbnailUrl":"https:\/\/vosgesinfo.fr\/app\/uploads\/sites\/6\/2024\/07\/20220863.jpg","datePublished":"2022-08-10T13:05:24+00:00","dateModified":"2022-08-10T13:05:24+00:00","breadcrumb":{"@id":"https:\/\/vosgesinfo.fr\/gerardmerinfo\/2022\/08\/biathlon-initiation-tir-paula-botet-veronique-claudel-a-confiserie-bressaude\/#breadcrumb"},"inLanguage":"fr-FR","potentialAction":[{"@type":"ReadAction","target":["https:\/\/vosgesinfo.fr\/gerardmerinfo\/2022\/08\/biathlon-initiation-tir-paula-botet-veronique-claudel-a-confiserie-bressaude\/"]}]},{"@type":"ImageObject","inLanguage":"fr-FR","@id":"https:\/\/vosgesinfo.fr\/gerardmerinfo\/2022\/08\/biathlon-initiation-tir-paula-botet-veronique-claudel-a-confiserie-bressaude\/#primaryimage","url":"https:\/\/vosgesinfo.fr\/app\/uploads\/sites\/6\/2024\/07\/20220863.jpg","contentUrl":"https:\/\/vosgesinfo.fr\/app\/uploads\/sites\/6\/2024\/07\/20220863.jpg","width":1600,"height":1142},{"@type":"BreadcrumbList","@id":"https:\/\/vosgesinfo.fr\/gerardmerinfo\/2022\/08\/biathlon-initiation-tir-paula-botet-veronique-claudel-a-confiserie-bressaude\/#breadcrumb","itemListElement":[{"@type":"ListItem","position":1,"name":"Home","item":"https:\/\/vosgesinfo.fr\/gerardmerinfo\/"},{"@type":"ListItem","position":2,"name":"Biathlon : initiation au tir avec Paula Botet et V\u00e9ronique Claudel \u00e0 la Confiserie Bressaude"}]},{"@type":"WebSite","@id":"https:\/\/vosgesinfo.fr\/gerardmerinfo\/#website","url":"https:\/\/vosgesinfo.fr\/gerardmerinfo\/","name":"Gerardmer Info","description":"Toute l&#039;actualit\u00e9 de G\u00e9rardmer","publisher":{"@id":"https:\/\/vosgesinfo.fr\/gerardmerinfo\/#organization"},"alternateName":"Toute l'actualit\u00e9 de G\u00e9rardmer","potentialAction":[{"@type":"SearchAction","target":{"@type":"EntryPoint","urlTemplate":"https:\/\/vosgesinfo.fr\/gerardmerinfo\/?s={search_term_string}"},"query-input":"required name=search_term_string"}],"inLanguage":"fr-FR"},{"@type":"Organization","@id":"https:\/\/vosgesinfo.fr\/gerardmerinfo\/#organization","name":"Gerardmer Info","url":"https:\/\/vosgesinfo.fr\/gerardmerinfo\/","logo":{"@type":"ImageObject","inLanguage":"fr-FR","@id":"https:\/\/vosgesinfo.fr\/gerardmerinfo\/#\/schema\/logo\/image\/","url":"https:\/\/vosgesinfo.fr\/app\/uploads\/sites\/6\/2023\/08\/favicon-gerardmerinfo.png","contentUrl":"https:\/\/vosgesinfo.fr\/app\/uploads\/sites\/6\/2023\/08\/favicon-gerardmerinfo.png","width":512,"height":512,"caption":"Gerardmer Info"},"image":{"@id":"https:\/\/vosgesinfo.fr\/gerardmerinfo\/#\/schema\/logo\/image\/"},"sameAs":["https:\/\/www.facebook.com\/profile.php?id=100049475262660","https:\/\/x.com\/VosgesInfo88","https:\/\/www.youtube.com\/@vosgesinfo"]},{"@type":"Person","@id":"https:\/\/vosgesinfo.fr\/gerardmerinfo\/#\/schema\/person\/bc5d02d71e6932e81b6dadb7386667b1","name":"qs_admin","image":{"@type":"ImageObject","inLanguage":"fr-FR","@id":"https:\/\/vosgesinfo.fr\/gerardmerinfo\/#\/schema\/person\/image\/","url":"https:\/\/secure.gravatar.com\/avatar\/94b18ee0ed79e4a42ea2f2931277b6841a8999fc6fde214600c78057cf1fe1de?s=96&d=mm&r=g","contentUrl":"https:\/\/secure.gravatar.com\/avatar\/94b18ee0ed79e4a42ea2f2931277b6841a8999fc6fde214600c78057cf1fe1de?s=96&d=mm&r=g","caption":"qs_admin"},"sameAs":["https:\/\/vosgesinfo.fr\/wp"],"url":"https:\/\/vosgesinfo.fr\/gerardmerinfo\/author\/qs_admin\/"}]}},"_links":{"self":[{"href":"https:\/\/vosgesinfo.fr\/gerardmerinfo\/wp-json\/wp\/v2\/posts\/61032","targetHints":{"allow":["GET"]}}],"collection":[{"href":"https:\/\/vosgesinfo.fr\/gerardmerinfo\/wp-json\/wp\/v2\/posts"}],"about":[{"href":"https:\/\/vosgesinfo.fr\/gerardmerinfo\/wp-json\/wp\/v2\/types\/post"}],"author":[{"embeddable":true,"href":"https:\/\/vosgesinfo.fr\/gerardmerinfo\/wp-json\/wp\/v2\/users\/1"}],"replies":[{"embeddable":true,"href":"https:\/\/vosgesinfo.fr\/gerardmerinfo\/wp-json\/wp\/v2\/comments?post=61032"}],"version-history":[{"count":0,"href":"https:\/\/vosgesinfo.fr\/gerardmerinfo\/wp-json\/wp\/v2\/posts\/61032\/revisions"}],"wp:featuredmedia":[{"embeddable":true,"href":"https:\/\/vosgesinfo.fr\/gerardmerinfo\/wp-json\/wp\/v2\/media\/61033"}],"wp:attachment":[{"href":"https:\/\/vosgesinfo.fr\/gerardmerinfo\/wp-json\/wp\/v2\/media?parent=61032"}],"wp:term":[{"taxonomy":"category","embeddable":true,"href":"https:\/\/vosgesinfo.fr\/gerardmerinfo\/wp-json\/wp\/v2\/categories?post=61032"},{"taxonomy":"post_tag","embeddable":true,"href":"https:\/\/vosgesinfo.fr\/gerardmerinfo\/wp-json\/wp\/v2\/tags?post=61032"}],"curies":[{"name":"wp","href":"https:\/\/api.w.org\/{rel}","templated":true}]}}