{"id":61036,"date":"2022-08-10T16:14:58","date_gmt":"2022-08-10T14:14:58","guid":{"rendered":"https:\/\/vosgesinfo.fr\/gerardmerinfo\/2022\/08\/feu-de-foret-entre-mortagne-brouvelieures-evacuations-cours\/"},"modified":"2022-08-10T16:14:58","modified_gmt":"2022-08-10T14:14:58","slug":"feu-de-foret-entre-mortagne-brouvelieures-evacuations-cours","status":"publish","type":"post","link":"https:\/\/vosgesinfo.fr\/gerardmerinfo\/2022\/08\/feu-de-foret-entre-mortagne-brouvelieures-evacuations-cours\/","title":{"rendered":"Feu de for\u00eat entre Mortagne et Brouvelieures : des \u00e9vacuations sont en cours"},"content":{"rendered":"<p><a href=\"https:\/\/gerardmerinfo.fr\/2022\/08\/feu-de-foret-entre-mortagne-brouvelieures-evacuations-cours\/feu16\/\" rel=\"attachment wp-att-193657\"><img decoding=\"async\" class=\"aligncenter size-full wp-image-193657\" src=\"\/2022\/08\/feu16.jpg\" alt=\"feu16\" width=\"600\" height=\"800\" \/><\/a>Ce mercredi 10 ao\u00fbt, un incendie s\u2019est d\u00e9clar\u00e9 entre Mortagne et Brouvelieures. Pr\u00e8s de 80 sapeurs-pompiers sont mobilis\u00e9s pour cet important feu de for\u00eat. L\u2019incendie s\u2019est d\u00e9clar\u00e9 suite \u00e0 la s\u00e9cheresse et aux fortes chaleurs. Des \u00e9vacuations sont en cours\u00a0par les gendarmes dans une quinzaine de maisons situ\u00e9es au lieu-dit de l\u2019Orme.<\/p>\n<p>Les fum\u00e9es sont visibles \u00e0 des dizaines de kms autour du sinistre (visible depuis \u00c9pinal, Jeanmenil, les cr\u00eates\u2026).<\/p>\n<p>Les sapeurs-pompiers des Vosges vous demandent d\u2019\u00e9viter le secteur.<\/p>\n<p>C.K.N.<\/p>\n<p><a href=\"http:\/\/&lt;blockquote class=&quot;twitter-tweet&quot;&gt;&lt;p lang=&quot;fr&quot; dir=&quot;ltr&quot;&gt;[Op\u00e9ration]&lt;br&gt;&lt;br&gt;Nombreux moyens sur place ou en transit pour un &lt;a href=&quot;https:\/\/twitter.com\/hashtag\/FDF?src=hash&amp;amp;ref_src=twsrc%5Etfw&quot;&gt;#FDF&lt;\/a&gt; entre &lt;a href=&quot;https:\/\/twitter.com\/hashtag\/Mortagne?src=hash&amp;amp;ref_src=twsrc%5Etfw&quot;&gt;#Mortagne&lt;\/a&gt; et &lt;a href=&quot;https:\/\/twitter.com\/hashtag\/Brouvelieures?src=hash&amp;amp;ref_src=twsrc%5Etfw&quot;&gt;#Brouvelieures&lt;\/a&gt; &#x1f525;&#x1f525;&lt;br&gt;&lt;br&gt;Fum\u00e9es visibles \u00e0 des dizaines de kms autour du sinistre (visible depuis \u00c9pinal, Jeanmenil, les cr\u00eates...)&#x1f32b;\ufe0f&#x1f32b;\ufe0f&lt;br&gt;N&amp;#39;appelez le 18-112 qu&amp;#39;en cas de sinistre av\u00e9r\u00e9 et\/ou localis\u00e9. &lt;a href=&quot;https:\/\/t.co\/8M3ZayEpdb&quot;&gt;pic.twitter.com\/8M3ZayEpdb&lt;\/a&gt;&lt;\/p&gt;&amp;mdash; Sapeurs-Pompiers des Vosges 88 (@SDIS88) &lt;a href=&quot;https:\/\/twitter.com\/SDIS88\/status\/1557378992868671489?ref_src=twsrc%5Etfw&quot;&gt;August 10, 2022&lt;\/a&gt;&lt;\/blockquote&gt; &lt;script async src=&quot;https:\/\/platform.twitter.com\/widgets.js&quot; charset=&quot;utf-8&quot;&gt;&lt;\/script&gt;\">http:\/\/<\/a><\/p>\n<div class=\"twitter-tweet twitter-tweet-rendered\" style=\"display: flex; max-width: 550px; width: 100%; margin-top: 10px; margin-bottom: 10px;\"><iframe id=\"twitter-widget-0\" class=\"\" style=\"position: static; visibility: visible; width: 550px; height: 960px; display: block; flex-grow: 1;\" title=\"Twitter Tweet\" src=\"https:\/\/platform.twitter.com\/embed\/Tweet.html?dnt=false&amp;embedId=twitter-widget-0&amp;features=eyJ0ZndfdHdlZXRfZWRpdF9iYWNrZW5kIjp7ImJ1Y2tldCI6Im9uIiwidmVyc2lvbiI6bnVsbH0sInRmd19yZWZzcmNfc2Vzc2lvbiI6eyJidWNrZXQiOiJvbiIsInZlcnNpb24iOm51bGx9LCJ0ZndfY2hpbl9waWxsc18xNDc0MSI6eyJidWNrZXQiOiJjb2xvcl9pY29ucyIsInZlcnNpb24iOjJ9LCJ0ZndfdHdlZXRfcmVzdWx0X21pZ3JhdGlvbl8xMzk3OSI6eyJidWNrZXQiOiJ0d2VldF9yZXN1bHQiLCJ2ZXJzaW9uIjpudWxsfSwidGZ3X3NlbnNpdGl2ZV9tZWRpYV9pbnRlcnN0aXRpYWxfMTM5NjMiOnsiYnVja2V0IjoiaW50ZXJzdGl0aWFsIiwidmVyc2lvbiI6bnVsbH0sInRmd19leHBlcmltZW50c19jb29raWVfZXhwaXJhdGlvbiI6eyJidWNrZXQiOjEyMDk2MDAsInZlcnNpb24iOm51bGx9LCJ0ZndfZHVwbGljYXRlX3NjcmliZXNfdG9fc2V0dGluZ3MiOnsiYnVja2V0Ijoib2ZmIiwidmVyc2lvbiI6bnVsbH0sInRmd190d2VldF9lZGl0X2Zyb250ZW5kIjp7ImJ1Y2tldCI6Im9mZiIsInZlcnNpb24iOm51bGx9fQ%3D%3D&amp;frame=false&amp;hideCard=false&amp;hideThread=false&amp;id=1557378992868671489&amp;lang=en&amp;origin=https%3A%2F%2Fgerardmerinfo.fr%2Fwp-admin%2Fpost-new.php&amp;sessionId=c34907aabdbf3dd9196f74efaa0b81c91f15b1bd&amp;theme=light&amp;widgetsVersion=b7df0f50e1ec1%3A1659558317797&amp;width=550px\" frameborder=\"0\" scrolling=\"no\" allowfullscreen=\"allowfullscreen\" data-tweet-id=\"1557378992868671489\"><\/iframe><\/div>\n<p><script src=\"https:\/\/platform.twitter.com\/widgets.js\" async=\"\" charset=\"utf-8\"><\/script><\/p>\n<p><iframe style=\"display: none;\" title=\"Twitter settings iframe\" src=\"https:\/\/platform.twitter.com\/widgets\/widget_iframe.2b1befbea3a1424bb94efd70105dfa52.html?origin=https%3A%2F%2Fgerardmerinfo.fr\" frameborder=\"0\" scrolling=\"no\"><\/iframe><iframe id=\"rufous-sandbox\" style=\"position: absolute; visibility: hidden; display: none; width: 0px; height: 0px; padding: 0px;\" title=\"Twitter analytics iframe\" frameborder=\"0\" scrolling=\"no\" allowfullscreen=\"allowfullscreen\"><\/iframe><\/p>\n","protected":false},"excerpt":{"rendered":"<p>Ce mercredi 10 ao\u00fbt, un incendie s\u2019est d\u00e9clar\u00e9 entre Mortagne et Brouvelieures. Pr\u00e8s de 80 sapeurs-pompiers sont mobilis\u00e9s pour cet [&hellip;]<\/p>\n","protected":false},"author":1,"featured_media":61037,"comment_status":"open","ping_status":"open","sticky":false,"template":"","format":"standard","meta":{"footnotes":""},"categories":[20,18],"tags":[],"class_list":["post-61036","post","type-post","status-publish","format-standard","has-post-thumbnail","hentry","category-a-la-une","category-vosges"],"acf":[],"yoast_head":"<!-- This site is optimized with the Yoast SEO plugin v22.5 - https:\/\/yoast.com\/wordpress\/plugins\/seo\/ -->\n<title>Feu de for\u00eat entre Mortagne et Brouvelieures : des \u00e9vacuations sont en cours - Gerardmer Info<\/title>\n<meta name=\"robots\" content=\"index, follow, max-snippet:-1, max-image-preview:large, max-video-preview:-1\" \/>\n<link rel=\"canonical\" href=\"https:\/\/vosgesinfo.fr\/gerardmerinfo\/2022\/08\/feu-de-foret-entre-mortagne-brouvelieures-evacuations-cours\/\" \/>\n<meta name=\"twitter:card\" content=\"summary_large_image\" \/>\n<meta name=\"twitter:title\" content=\"Feu de for\u00eat entre Mortagne et Brouvelieures : des \u00e9vacuations sont en cours - Gerardmer Info\" \/>\n<meta name=\"twitter:description\" content=\"Ce mercredi 10 ao\u00fbt, un incendie s\u2019est d\u00e9clar\u00e9 entre Mortagne et Brouvelieures. Pr\u00e8s de 80 sapeurs-pompiers sont mobilis\u00e9s pour cet [&hellip;]\" \/>\n<meta name=\"twitter:image\" content=\"https:\/\/vosgesinfo.fr\/app\/uploads\/sites\/6\/2024\/07\/202208feu16.jpg\" \/>\n<meta name=\"twitter:creator\" content=\"@VosgesInfo88\" \/>\n<meta name=\"twitter:site\" content=\"@VosgesInfo88\" \/>\n<meta name=\"twitter:label1\" content=\"\u00c9crit par\" \/>\n\t<meta name=\"twitter:data1\" content=\"qs_admin\" \/>\n<script type=\"application\/ld+json\" class=\"yoast-schema-graph\">{\"@context\":\"https:\/\/schema.org\",\"@graph\":[{\"@type\":\"Article\",\"@id\":\"https:\/\/vosgesinfo.fr\/gerardmerinfo\/2022\/08\/feu-de-foret-entre-mortagne-brouvelieures-evacuations-cours\/#article\",\"isPartOf\":{\"@id\":\"https:\/\/vosgesinfo.fr\/gerardmerinfo\/2022\/08\/feu-de-foret-entre-mortagne-brouvelieures-evacuations-cours\/\"},\"author\":{\"name\":\"qs_admin\",\"@id\":\"https:\/\/vosgesinfo.fr\/gerardmerinfo\/#\/schema\/person\/bc5d02d71e6932e81b6dadb7386667b1\"},\"headline\":\"Feu de for\u00eat entre Mortagne et Brouvelieures : des \u00e9vacuations sont en cours\",\"datePublished\":\"2022-08-10T14:14:58+00:00\",\"dateModified\":\"2022-08-10T14:14:58+00:00\",\"mainEntityOfPage\":{\"@id\":\"https:\/\/vosgesinfo.fr\/gerardmerinfo\/2022\/08\/feu-de-foret-entre-mortagne-brouvelieures-evacuations-cours\/\"},\"wordCount\":108,\"commentCount\":0,\"publisher\":{\"@id\":\"https:\/\/vosgesinfo.fr\/gerardmerinfo\/#organization\"},\"image\":{\"@id\":\"https:\/\/vosgesinfo.fr\/gerardmerinfo\/2022\/08\/feu-de-foret-entre-mortagne-brouvelieures-evacuations-cours\/#primaryimage\"},\"thumbnailUrl\":\"https:\/\/vosgesinfo.fr\/app\/uploads\/sites\/6\/2024\/07\/202208feu16.jpg\",\"articleSection\":[\"A la une\",\"Vosges\"],\"inLanguage\":\"fr-FR\",\"potentialAction\":[{\"@type\":\"CommentAction\",\"name\":\"Comment\",\"target\":[\"https:\/\/vosgesinfo.fr\/gerardmerinfo\/2022\/08\/feu-de-foret-entre-mortagne-brouvelieures-evacuations-cours\/#respond\"]}]},{\"@type\":\"WebPage\",\"@id\":\"https:\/\/vosgesinfo.fr\/gerardmerinfo\/2022\/08\/feu-de-foret-entre-mortagne-brouvelieures-evacuations-cours\/\",\"url\":\"https:\/\/vosgesinfo.fr\/gerardmerinfo\/2022\/08\/feu-de-foret-entre-mortagne-brouvelieures-evacuations-cours\/\",\"name\":\"Feu de for\u00eat entre Mortagne et Brouvelieures : des \u00e9vacuations sont en cours - Gerardmer Info\",\"isPartOf\":{\"@id\":\"https:\/\/vosgesinfo.fr\/gerardmerinfo\/#website\"},\"primaryImageOfPage\":{\"@id\":\"https:\/\/vosgesinfo.fr\/gerardmerinfo\/2022\/08\/feu-de-foret-entre-mortagne-brouvelieures-evacuations-cours\/#primaryimage\"},\"image\":{\"@id\":\"https:\/\/vosgesinfo.fr\/gerardmerinfo\/2022\/08\/feu-de-foret-entre-mortagne-brouvelieures-evacuations-cours\/#primaryimage\"},\"thumbnailUrl\":\"https:\/\/vosgesinfo.fr\/app\/uploads\/sites\/6\/2024\/07\/202208feu16.jpg\",\"datePublished\":\"2022-08-10T14:14:58+00:00\",\"dateModified\":\"2022-08-10T14:14:58+00:00\",\"breadcrumb\":{\"@id\":\"https:\/\/vosgesinfo.fr\/gerardmerinfo\/2022\/08\/feu-de-foret-entre-mortagne-brouvelieures-evacuations-cours\/#breadcrumb\"},\"inLanguage\":\"fr-FR\",\"potentialAction\":[{\"@type\":\"ReadAction\",\"target\":[\"https:\/\/vosgesinfo.fr\/gerardmerinfo\/2022\/08\/feu-de-foret-entre-mortagne-brouvelieures-evacuations-cours\/\"]}]},{\"@type\":\"ImageObject\",\"inLanguage\":\"fr-FR\",\"@id\":\"https:\/\/vosgesinfo.fr\/gerardmerinfo\/2022\/08\/feu-de-foret-entre-mortagne-brouvelieures-evacuations-cours\/#primaryimage\",\"url\":\"https:\/\/vosgesinfo.fr\/app\/uploads\/sites\/6\/2024\/07\/202208feu16.jpg\",\"contentUrl\":\"https:\/\/vosgesinfo.fr\/app\/uploads\/sites\/6\/2024\/07\/202208feu16.jpg\",\"width\":600,\"height\":800},{\"@type\":\"BreadcrumbList\",\"@id\":\"https:\/\/vosgesinfo.fr\/gerardmerinfo\/2022\/08\/feu-de-foret-entre-mortagne-brouvelieures-evacuations-cours\/#breadcrumb\",\"itemListElement\":[{\"@type\":\"ListItem\",\"position\":1,\"name\":\"Home\",\"item\":\"https:\/\/vosgesinfo.fr\/gerardmerinfo\/\"},{\"@type\":\"ListItem\",\"position\":2,\"name\":\"Feu de for\u00eat entre Mortagne et Brouvelieures : des \u00e9vacuations sont en cours\"}]},{\"@type\":\"WebSite\",\"@id\":\"https:\/\/vosgesinfo.fr\/gerardmerinfo\/#website\",\"url\":\"https:\/\/vosgesinfo.fr\/gerardmerinfo\/\",\"name\":\"Gerardmer Info\",\"description\":\"Toute l&#039;actualit\u00e9 de G\u00e9rardmer\",\"publisher\":{\"@id\":\"https:\/\/vosgesinfo.fr\/gerardmerinfo\/#organization\"},\"alternateName\":\"Toute l'actualit\u00e9 de G\u00e9rardmer\",\"potentialAction\":[{\"@type\":\"SearchAction\",\"target\":{\"@type\":\"EntryPoint\",\"urlTemplate\":\"https:\/\/vosgesinfo.fr\/gerardmerinfo\/?s={search_term_string}\"},\"query-input\":\"required name=search_term_string\"}],\"inLanguage\":\"fr-FR\"},{\"@type\":\"Organization\",\"@id\":\"https:\/\/vosgesinfo.fr\/gerardmerinfo\/#organization\",\"name\":\"Gerardmer Info\",\"url\":\"https:\/\/vosgesinfo.fr\/gerardmerinfo\/\",\"logo\":{\"@type\":\"ImageObject\",\"inLanguage\":\"fr-FR\",\"@id\":\"https:\/\/vosgesinfo.fr\/gerardmerinfo\/#\/schema\/logo\/image\/\",\"url\":\"https:\/\/vosgesinfo.fr\/app\/uploads\/sites\/6\/2023\/08\/favicon-gerardmerinfo.png\",\"contentUrl\":\"https:\/\/vosgesinfo.fr\/app\/uploads\/sites\/6\/2023\/08\/favicon-gerardmerinfo.png\",\"width\":512,\"height\":512,\"caption\":\"Gerardmer Info\"},\"image\":{\"@id\":\"https:\/\/vosgesinfo.fr\/gerardmerinfo\/#\/schema\/logo\/image\/\"},\"sameAs\":[\"https:\/\/www.facebook.com\/profile.php?id=100049475262660\",\"https:\/\/x.com\/VosgesInfo88\",\"https:\/\/www.youtube.com\/@vosgesinfo\"]},{\"@type\":\"Person\",\"@id\":\"https:\/\/vosgesinfo.fr\/gerardmerinfo\/#\/schema\/person\/bc5d02d71e6932e81b6dadb7386667b1\",\"name\":\"qs_admin\",\"image\":{\"@type\":\"ImageObject\",\"inLanguage\":\"fr-FR\",\"@id\":\"https:\/\/vosgesinfo.fr\/gerardmerinfo\/#\/schema\/person\/image\/\",\"url\":\"https:\/\/secure.gravatar.com\/avatar\/94b18ee0ed79e4a42ea2f2931277b6841a8999fc6fde214600c78057cf1fe1de?s=96&d=mm&r=g\",\"contentUrl\":\"https:\/\/secure.gravatar.com\/avatar\/94b18ee0ed79e4a42ea2f2931277b6841a8999fc6fde214600c78057cf1fe1de?s=96&d=mm&r=g\",\"caption\":\"qs_admin\"},\"sameAs\":[\"https:\/\/vosgesinfo.fr\/wp\"],\"url\":\"https:\/\/vosgesinfo.fr\/gerardmerinfo\/author\/qs_admin\/\"}]}<\/script>\n<!-- \/ Yoast SEO plugin. -->","yoast_head_json":{"title":"Feu de for\u00eat entre Mortagne et Brouvelieures : des \u00e9vacuations sont en cours - Gerardmer Info","robots":{"index":"index","follow":"follow","max-snippet":"max-snippet:-1","max-image-preview":"max-image-preview:large","max-video-preview":"max-video-preview:-1"},"canonical":"https:\/\/vosgesinfo.fr\/gerardmerinfo\/2022\/08\/feu-de-foret-entre-mortagne-brouvelieures-evacuations-cours\/","twitter_card":"summary_large_image","twitter_title":"Feu de for\u00eat entre Mortagne et Brouvelieures : des \u00e9vacuations sont en cours - Gerardmer Info","twitter_description":"Ce mercredi 10 ao\u00fbt, un incendie s\u2019est d\u00e9clar\u00e9 entre Mortagne et Brouvelieures. Pr\u00e8s de 80 sapeurs-pompiers sont mobilis\u00e9s pour cet [&hellip;]","twitter_image":"https:\/\/vosgesinfo.fr\/app\/uploads\/sites\/6\/2024\/07\/202208feu16.jpg","twitter_creator":"@VosgesInfo88","twitter_site":"@VosgesInfo88","twitter_misc":{"\u00c9crit par":"qs_admin"},"schema":{"@context":"https:\/\/schema.org","@graph":[{"@type":"Article","@id":"https:\/\/vosgesinfo.fr\/gerardmerinfo\/2022\/08\/feu-de-foret-entre-mortagne-brouvelieures-evacuations-cours\/#article","isPartOf":{"@id":"https:\/\/vosgesinfo.fr\/gerardmerinfo\/2022\/08\/feu-de-foret-entre-mortagne-brouvelieures-evacuations-cours\/"},"author":{"name":"qs_admin","@id":"https:\/\/vosgesinfo.fr\/gerardmerinfo\/#\/schema\/person\/bc5d02d71e6932e81b6dadb7386667b1"},"headline":"Feu de for\u00eat entre Mortagne et Brouvelieures : des \u00e9vacuations sont en cours","datePublished":"2022-08-10T14:14:58+00:00","dateModified":"2022-08-10T14:14:58+00:00","mainEntityOfPage":{"@id":"https:\/\/vosgesinfo.fr\/gerardmerinfo\/2022\/08\/feu-de-foret-entre-mortagne-brouvelieures-evacuations-cours\/"},"wordCount":108,"commentCount":0,"publisher":{"@id":"https:\/\/vosgesinfo.fr\/gerardmerinfo\/#organization"},"image":{"@id":"https:\/\/vosgesinfo.fr\/gerardmerinfo\/2022\/08\/feu-de-foret-entre-mortagne-brouvelieures-evacuations-cours\/#primaryimage"},"thumbnailUrl":"https:\/\/vosgesinfo.fr\/app\/uploads\/sites\/6\/2024\/07\/202208feu16.jpg","articleSection":["A la une","Vosges"],"inLanguage":"fr-FR","potentialAction":[{"@type":"CommentAction","name":"Comment","target":["https:\/\/vosgesinfo.fr\/gerardmerinfo\/2022\/08\/feu-de-foret-entre-mortagne-brouvelieures-evacuations-cours\/#respond"]}]},{"@type":"WebPage","@id":"https:\/\/vosgesinfo.fr\/gerardmerinfo\/2022\/08\/feu-de-foret-entre-mortagne-brouvelieures-evacuations-cours\/","url":"https:\/\/vosgesinfo.fr\/gerardmerinfo\/2022\/08\/feu-de-foret-entre-mortagne-brouvelieures-evacuations-cours\/","name":"Feu de for\u00eat entre Mortagne et Brouvelieures : des \u00e9vacuations sont en cours - Gerardmer Info","isPartOf":{"@id":"https:\/\/vosgesinfo.fr\/gerardmerinfo\/#website"},"primaryImageOfPage":{"@id":"https:\/\/vosgesinfo.fr\/gerardmerinfo\/2022\/08\/feu-de-foret-entre-mortagne-brouvelieures-evacuations-cours\/#primaryimage"},"image":{"@id":"https:\/\/vosgesinfo.fr\/gerardmerinfo\/2022\/08\/feu-de-foret-entre-mortagne-brouvelieures-evacuations-cours\/#primaryimage"},"thumbnailUrl":"https:\/\/vosgesinfo.fr\/app\/uploads\/sites\/6\/2024\/07\/202208feu16.jpg","datePublished":"2022-08-10T14:14:58+00:00","dateModified":"2022-08-10T14:14:58+00:00","breadcrumb":{"@id":"https:\/\/vosgesinfo.fr\/gerardmerinfo\/2022\/08\/feu-de-foret-entre-mortagne-brouvelieures-evacuations-cours\/#breadcrumb"},"inLanguage":"fr-FR","potentialAction":[{"@type":"ReadAction","target":["https:\/\/vosgesinfo.fr\/gerardmerinfo\/2022\/08\/feu-de-foret-entre-mortagne-brouvelieures-evacuations-cours\/"]}]},{"@type":"ImageObject","inLanguage":"fr-FR","@id":"https:\/\/vosgesinfo.fr\/gerardmerinfo\/2022\/08\/feu-de-foret-entre-mortagne-brouvelieures-evacuations-cours\/#primaryimage","url":"https:\/\/vosgesinfo.fr\/app\/uploads\/sites\/6\/2024\/07\/202208feu16.jpg","contentUrl":"https:\/\/vosgesinfo.fr\/app\/uploads\/sites\/6\/2024\/07\/202208feu16.jpg","width":600,"height":800},{"@type":"BreadcrumbList","@id":"https:\/\/vosgesinfo.fr\/gerardmerinfo\/2022\/08\/feu-de-foret-entre-mortagne-brouvelieures-evacuations-cours\/#breadcrumb","itemListElement":[{"@type":"ListItem","position":1,"name":"Home","item":"https:\/\/vosgesinfo.fr\/gerardmerinfo\/"},{"@type":"ListItem","position":2,"name":"Feu de for\u00eat entre Mortagne et Brouvelieures : des \u00e9vacuations sont en cours"}]},{"@type":"WebSite","@id":"https:\/\/vosgesinfo.fr\/gerardmerinfo\/#website","url":"https:\/\/vosgesinfo.fr\/gerardmerinfo\/","name":"Gerardmer Info","description":"Toute l&#039;actualit\u00e9 de G\u00e9rardmer","publisher":{"@id":"https:\/\/vosgesinfo.fr\/gerardmerinfo\/#organization"},"alternateName":"Toute l'actualit\u00e9 de G\u00e9rardmer","potentialAction":[{"@type":"SearchAction","target":{"@type":"EntryPoint","urlTemplate":"https:\/\/vosgesinfo.fr\/gerardmerinfo\/?s={search_term_string}"},"query-input":"required name=search_term_string"}],"inLanguage":"fr-FR"},{"@type":"Organization","@id":"https:\/\/vosgesinfo.fr\/gerardmerinfo\/#organization","name":"Gerardmer Info","url":"https:\/\/vosgesinfo.fr\/gerardmerinfo\/","logo":{"@type":"ImageObject","inLanguage":"fr-FR","@id":"https:\/\/vosgesinfo.fr\/gerardmerinfo\/#\/schema\/logo\/image\/","url":"https:\/\/vosgesinfo.fr\/app\/uploads\/sites\/6\/2023\/08\/favicon-gerardmerinfo.png","contentUrl":"https:\/\/vosgesinfo.fr\/app\/uploads\/sites\/6\/2023\/08\/favicon-gerardmerinfo.png","width":512,"height":512,"caption":"Gerardmer Info"},"image":{"@id":"https:\/\/vosgesinfo.fr\/gerardmerinfo\/#\/schema\/logo\/image\/"},"sameAs":["https:\/\/www.facebook.com\/profile.php?id=100049475262660","https:\/\/x.com\/VosgesInfo88","https:\/\/www.youtube.com\/@vosgesinfo"]},{"@type":"Person","@id":"https:\/\/vosgesinfo.fr\/gerardmerinfo\/#\/schema\/person\/bc5d02d71e6932e81b6dadb7386667b1","name":"qs_admin","image":{"@type":"ImageObject","inLanguage":"fr-FR","@id":"https:\/\/vosgesinfo.fr\/gerardmerinfo\/#\/schema\/person\/image\/","url":"https:\/\/secure.gravatar.com\/avatar\/94b18ee0ed79e4a42ea2f2931277b6841a8999fc6fde214600c78057cf1fe1de?s=96&d=mm&r=g","contentUrl":"https:\/\/secure.gravatar.com\/avatar\/94b18ee0ed79e4a42ea2f2931277b6841a8999fc6fde214600c78057cf1fe1de?s=96&d=mm&r=g","caption":"qs_admin"},"sameAs":["https:\/\/vosgesinfo.fr\/wp"],"url":"https:\/\/vosgesinfo.fr\/gerardmerinfo\/author\/qs_admin\/"}]}},"_links":{"self":[{"href":"https:\/\/vosgesinfo.fr\/gerardmerinfo\/wp-json\/wp\/v2\/posts\/61036","targetHints":{"allow":["GET"]}}],"collection":[{"href":"https:\/\/vosgesinfo.fr\/gerardmerinfo\/wp-json\/wp\/v2\/posts"}],"about":[{"href":"https:\/\/vosgesinfo.fr\/gerardmerinfo\/wp-json\/wp\/v2\/types\/post"}],"author":[{"embeddable":true,"href":"https:\/\/vosgesinfo.fr\/gerardmerinfo\/wp-json\/wp\/v2\/users\/1"}],"replies":[{"embeddable":true,"href":"https:\/\/vosgesinfo.fr\/gerardmerinfo\/wp-json\/wp\/v2\/comments?post=61036"}],"version-history":[{"count":0,"href":"https:\/\/vosgesinfo.fr\/gerardmerinfo\/wp-json\/wp\/v2\/posts\/61036\/revisions"}],"wp:featuredmedia":[{"embeddable":true,"href":"https:\/\/vosgesinfo.fr\/gerardmerinfo\/wp-json\/wp\/v2\/media\/61037"}],"wp:attachment":[{"href":"https:\/\/vosgesinfo.fr\/gerardmerinfo\/wp-json\/wp\/v2\/media?parent=61036"}],"wp:term":[{"taxonomy":"category","embeddable":true,"href":"https:\/\/vosgesinfo.fr\/gerardmerinfo\/wp-json\/wp\/v2\/categories?post=61036"},{"taxonomy":"post_tag","embeddable":true,"href":"https:\/\/vosgesinfo.fr\/gerardmerinfo\/wp-json\/wp\/v2\/tags?post=61036"}],"curies":[{"name":"wp","href":"https:\/\/api.w.org\/{rel}","templated":true}]}}