{"id":61580,"date":"2022-09-07T03:59:34","date_gmt":"2022-09-07T01:59:34","guid":{"rendered":"https:\/\/vosgesinfo.fr\/gerardmerinfo\/2022\/09\/concert-flowers-of-invention-a-mcl-de-gerardmer-annees-6070-a-lhonneur\/"},"modified":"2022-09-07T03:59:34","modified_gmt":"2022-09-07T01:59:34","slug":"concert-flowers-of-invention-a-mcl-de-gerardmer-annees-6070-a-lhonneur","status":"publish","type":"post","link":"https:\/\/vosgesinfo.fr\/gerardmerinfo\/2022\/09\/concert-flowers-of-invention-a-mcl-de-gerardmer-annees-6070-a-lhonneur\/","title":{"rendered":"Concert : Flowers of Invention \u00e0 la MCL de G\u00e9rardmer : les ann\u00e9es 60\/70 \u00e0 l&rsquo;honneur"},"content":{"rendered":"<div class=\"x_gmail-m8h3af8h x_gmail-l7ghb35v x_gmail-kjdc1dyq x_gmail-kmwttqpk x_gmail-gh25dzvf\"><a href=\"\/2022\/09\/CONCERT.jpg\"><img decoding=\"async\" class=\"aligncenter size-large wp-image-194738\" src=\"\/2022\/09\/CONCERT-1024x472.jpg\" alt=\"CONCERT\" width=\"960\" height=\"443\" \/><\/a><\/div>\n<h3 class=\"x_gmail-m8h3af8h x_gmail-l7ghb35v x_gmail-kjdc1dyq x_gmail-kmwttqpk x_gmail-gh25dzvf\"><\/h3>\n<h3 class=\"x_gmail-m8h3af8h x_gmail-l7ghb35v x_gmail-kjdc1dyq x_gmail-kmwttqpk x_gmail-gh25dzvf\"><span style=\"font-family: arial, sans-serif;\">Une superbe prestation \u00e0 noter dans vos agendas\u2026 Louis Ville et ses textes cisel\u00e9s, deux guitares pour des sonorit\u00e9s voyageuses, un rock atmosph\u00e9rique puissant !<\/span><\/h3>\n<div class=\"x_gmail-m8h3af8h x_gmail-l7ghb35v x_gmail-kjdc1dyq x_gmail-kmwttqpk x_gmail-gh25dzvf\"><span style=\"font-family: arial, sans-serif;\">\u00a0<\/span><\/div>\n<div class=\"x_gmail-m8h3af8h x_gmail-l7ghb35v x_gmail-kjdc1dyq x_gmail-kmwttqpk x_gmail-gh25dzvf\" style=\"text-align: center;\"><span style=\"color: #c27ba0; font-family: arial, sans-serif; font-size: large;\"><b>Samedi 17 septembre \u00e0 21h \u00e0 la MCL<\/b><\/span><\/div>\n<div class=\"x_gmail-m8h3af8h x_gmail-l7ghb35v x_gmail-kjdc1dyq x_gmail-kmwttqpk x_gmail-gh25dzvf\" style=\"text-align: center;\"><span style=\"font-family: arial, sans-serif;\"><b><span style=\"color: #c27ba0;\">Concert\u00a0 : <\/span><span style=\"color: #a64d79; font-size: xx-large;\">FLOWERS OF INVENTION<\/span><\/b><\/span><\/div>\n<div class=\"x_gmail-m8h3af8h x_gmail-l7ghb35v x_gmail-kjdc1dyq x_gmail-kmwttqpk x_gmail-gh25dzvf\">\n<div class=\"x_gmail-l7ghb35v x_gmail-kjdc1dyq x_gmail-kmwttqpk x_gmail-gh25dzvf x_gmail-jikcssrz\">\n<div><\/div>\n<div><b>LE PROJET :<br \/>\n<\/b><\/div>\n<div>Laurel Canyon n\u2019inspire peut-\u00eatre plus grand monde de nos jours et pourtant, ce quartier de Los Angeles a \u00e9t\u00e9 le centre de la contre culture dans les ann\u00e9es 60\/70. De nombreuses personnalit\u00e9s de la musique s\u2019y sont install\u00e9es, Jim Morrison, Crosby Stills Nash and Young, the Birds, the Mamas &amp; Papas, Janis Joplin&#8230; La liste est longue et la cr\u00e9ativit\u00e9 fut sans limite.<\/div>\n<div>Ce projet est port\u00e9 par l\u2019envie de red\u00e9couvrir cette libert\u00e9 de cr\u00e9ation musicale, avant que les m\u00e9dias et producteurs ne d\u00e9cident de tout formater et par l\u00e0 m\u00eame, impriment une volont\u00e9 qui s\u2019est oppos\u00e9e \u00e0 celle des musiciens.<\/div>\n<\/div>\n<div class=\"x_gmail-l7ghb35v x_gmail-kjdc1dyq x_gmail-kmwttqpk x_gmail-gh25dzvf x_gmail-jikcssrz\">\n<div><b><span style=\"color: #a64d79;\">BENJAMIN CAHEN<\/span><\/b><\/div>\n<div>Bassiste\/Contrebassiste multi-instrumentiste, nanc\u00e9ien, joue, compose et arrange depuis une vingtaine d\u2019ann\u00e9es dans des styles tr\u00e8s vari\u00e9s.<\/div>\n<\/div>\n<div class=\"x_gmail-l7ghb35v x_gmail-kjdc1dyq x_gmail-kmwttqpk x_gmail-gh25dzvf x_gmail-jikcssrz\">\n<div><span style=\"color: #a64d79;\"><b>LOUIS VILLE<\/b><\/span><\/div>\n<div>Vosgien, songwriter\/guitariste, Guitariste du groupe de jazz rock \u00ab\u00a0Images\u00a0\u00bb fin des ann\u00e9es 1970, il a par la suite cr\u00e9\u00e9 plusieurs groupes de punk et entam\u00e9 une carri\u00e8re solo. Plusieurs centaines de concerts \u00e0 son actif, en trio, duo ou solo.<\/div>\n<\/div>\n<div class=\"x_gmail-l7ghb35v x_gmail-kjdc1dyq x_gmail-kmwttqpk x_gmail-gh25dzvf x_gmail-jikcssrz\">\n<div><span style=\"color: #a64d79;\"><b>JEAN-NICOLAS MATHIEU<\/b><\/span><\/div>\n<div>Vosgien, corniste, guitariste, chef de choeur, compositeur, arrangeur, il conna\u00eet des exp\u00e9riences musicales diverses qui font de lui un musicien \u00e9clectique et inspir\u00e9.<\/div>\n<div><\/div>\n<div><\/div>\n<\/div>\n<div class=\"x_gmail-l7ghb35v x_gmail-kjdc1dyq x_gmail-kmwttqpk x_gmail-gh25dzvf x_gmail-jikcssrz\">\n<div><b>Tarifs :<\/b><\/div>\n<div>8 \u20ac \/ 6 \u20ac adh\u00e9rents MCL \/ 3 \u20ac &#8211; 12 ans<\/div>\n<\/div>\n<div class=\"x_gmail-l7ghb35v x_gmail-kjdc1dyq x_gmail-kmwttqpk x_gmail-gh25dzvf x_gmail-jikcssrz\">\n<div>Billetterie en ligne sur le site de la MCL<\/div>\n<div><a href=\"http:\/\/mclgerardmer.fr\" target=\"_blank\" rel=\"noopener noreferrer\" data-auth=\"NotApplicable\" data-linkindex=\"0\">mclgerardmer.fr<\/a><\/div>\n<div><\/div>\n<div>\n<div><a href=\"https:\/\/www.facebook.com\/events\/804336100725881\" target=\"_blank\" rel=\"noopener noreferrer\" data-auth=\"NotApplicable\" data-linkindex=\"1\">Retrouvez le concert sur Facebook<\/a><\/div>\n<\/div>\n<\/div>\n<\/div>\n","protected":false},"excerpt":{"rendered":"<p>Une superbe prestation \u00e0 noter dans vos agendas\u2026 Louis Ville et ses textes cisel\u00e9s, deux guitares pour des sonorit\u00e9s voyageuses, [&hellip;]<\/p>\n","protected":false},"author":1,"featured_media":61581,"comment_status":"open","ping_status":"open","sticky":false,"template":"","format":"standard","meta":{"footnotes":""},"categories":[20,34,4,25],"tags":[5161],"class_list":["post-61580","post","type-post","status-publish","format-standard","has-post-thumbnail","hentry","category-a-la-une","category-concert","category-culture","category-gerardmer","tag-flowers-of-invention"],"acf":[],"yoast_head":"<!-- This site is optimized with the Yoast SEO plugin v22.5 - https:\/\/yoast.com\/wordpress\/plugins\/seo\/ -->\n<title>Concert : Flowers of Invention \u00e0 la MCL de G\u00e9rardmer : les ann\u00e9es 60\/70 \u00e0 l&#039;honneur - Gerardmer Info<\/title>\n<meta name=\"robots\" content=\"index, follow, max-snippet:-1, max-image-preview:large, max-video-preview:-1\" \/>\n<link rel=\"canonical\" href=\"https:\/\/vosgesinfo.fr\/gerardmerinfo\/2022\/09\/concert-flowers-of-invention-a-mcl-de-gerardmer-annees-6070-a-lhonneur\/\" \/>\n<meta name=\"twitter:card\" content=\"summary_large_image\" \/>\n<meta name=\"twitter:title\" content=\"Concert : Flowers of Invention \u00e0 la MCL de G\u00e9rardmer : les ann\u00e9es 60\/70 \u00e0 l&#039;honneur - Gerardmer Info\" \/>\n<meta name=\"twitter:description\" content=\"Une superbe prestation \u00e0 noter dans vos agendas\u2026 Louis Ville et ses textes cisel\u00e9s, deux guitares pour des sonorit\u00e9s voyageuses, [&hellip;]\" \/>\n<meta name=\"twitter:image\" content=\"https:\/\/vosgesinfo.fr\/app\/uploads\/sites\/6\/2024\/07\/202209concert.jpg\" \/>\n<meta name=\"twitter:creator\" content=\"@VosgesInfo88\" \/>\n<meta name=\"twitter:site\" content=\"@VosgesInfo88\" \/>\n<meta name=\"twitter:label1\" content=\"\u00c9crit par\" \/>\n\t<meta name=\"twitter:data1\" content=\"qs_admin\" \/>\n\t<meta name=\"twitter:label2\" content=\"Dur\u00e9e de lecture estim\u00e9e\" \/>\n\t<meta name=\"twitter:data2\" content=\"1 minute\" \/>\n<script type=\"application\/ld+json\" class=\"yoast-schema-graph\">{\"@context\":\"https:\/\/schema.org\",\"@graph\":[{\"@type\":\"Article\",\"@id\":\"https:\/\/vosgesinfo.fr\/gerardmerinfo\/2022\/09\/concert-flowers-of-invention-a-mcl-de-gerardmer-annees-6070-a-lhonneur\/#article\",\"isPartOf\":{\"@id\":\"https:\/\/vosgesinfo.fr\/gerardmerinfo\/2022\/09\/concert-flowers-of-invention-a-mcl-de-gerardmer-annees-6070-a-lhonneur\/\"},\"author\":{\"name\":\"qs_admin\",\"@id\":\"https:\/\/vosgesinfo.fr\/gerardmerinfo\/#\/schema\/person\/bc5d02d71e6932e81b6dadb7386667b1\"},\"headline\":\"Concert : Flowers of Invention \u00e0 la MCL de G\u00e9rardmer : les ann\u00e9es 60\/70 \u00e0 l&rsquo;honneur\",\"datePublished\":\"2022-09-07T01:59:34+00:00\",\"dateModified\":\"2022-09-07T01:59:34+00:00\",\"mainEntityOfPage\":{\"@id\":\"https:\/\/vosgesinfo.fr\/gerardmerinfo\/2022\/09\/concert-flowers-of-invention-a-mcl-de-gerardmer-annees-6070-a-lhonneur\/\"},\"wordCount\":281,\"commentCount\":0,\"publisher\":{\"@id\":\"https:\/\/vosgesinfo.fr\/gerardmerinfo\/#organization\"},\"image\":{\"@id\":\"https:\/\/vosgesinfo.fr\/gerardmerinfo\/2022\/09\/concert-flowers-of-invention-a-mcl-de-gerardmer-annees-6070-a-lhonneur\/#primaryimage\"},\"thumbnailUrl\":\"https:\/\/vosgesinfo.fr\/app\/uploads\/sites\/6\/2024\/07\/202209concert.jpg\",\"keywords\":[\"Flowers Of Invention\"],\"articleSection\":[\"A la une\",\"Concert\",\"Culture\",\"G\u00e9rardmer\"],\"inLanguage\":\"fr-FR\",\"potentialAction\":[{\"@type\":\"CommentAction\",\"name\":\"Comment\",\"target\":[\"https:\/\/vosgesinfo.fr\/gerardmerinfo\/2022\/09\/concert-flowers-of-invention-a-mcl-de-gerardmer-annees-6070-a-lhonneur\/#respond\"]}]},{\"@type\":\"WebPage\",\"@id\":\"https:\/\/vosgesinfo.fr\/gerardmerinfo\/2022\/09\/concert-flowers-of-invention-a-mcl-de-gerardmer-annees-6070-a-lhonneur\/\",\"url\":\"https:\/\/vosgesinfo.fr\/gerardmerinfo\/2022\/09\/concert-flowers-of-invention-a-mcl-de-gerardmer-annees-6070-a-lhonneur\/\",\"name\":\"Concert : Flowers of Invention \u00e0 la MCL de G\u00e9rardmer : les ann\u00e9es 60\/70 \u00e0 l'honneur - Gerardmer Info\",\"isPartOf\":{\"@id\":\"https:\/\/vosgesinfo.fr\/gerardmerinfo\/#website\"},\"primaryImageOfPage\":{\"@id\":\"https:\/\/vosgesinfo.fr\/gerardmerinfo\/2022\/09\/concert-flowers-of-invention-a-mcl-de-gerardmer-annees-6070-a-lhonneur\/#primaryimage\"},\"image\":{\"@id\":\"https:\/\/vosgesinfo.fr\/gerardmerinfo\/2022\/09\/concert-flowers-of-invention-a-mcl-de-gerardmer-annees-6070-a-lhonneur\/#primaryimage\"},\"thumbnailUrl\":\"https:\/\/vosgesinfo.fr\/app\/uploads\/sites\/6\/2024\/07\/202209concert.jpg\",\"datePublished\":\"2022-09-07T01:59:34+00:00\",\"dateModified\":\"2022-09-07T01:59:34+00:00\",\"breadcrumb\":{\"@id\":\"https:\/\/vosgesinfo.fr\/gerardmerinfo\/2022\/09\/concert-flowers-of-invention-a-mcl-de-gerardmer-annees-6070-a-lhonneur\/#breadcrumb\"},\"inLanguage\":\"fr-FR\",\"potentialAction\":[{\"@type\":\"ReadAction\",\"target\":[\"https:\/\/vosgesinfo.fr\/gerardmerinfo\/2022\/09\/concert-flowers-of-invention-a-mcl-de-gerardmer-annees-6070-a-lhonneur\/\"]}]},{\"@type\":\"ImageObject\",\"inLanguage\":\"fr-FR\",\"@id\":\"https:\/\/vosgesinfo.fr\/gerardmerinfo\/2022\/09\/concert-flowers-of-invention-a-mcl-de-gerardmer-annees-6070-a-lhonneur\/#primaryimage\",\"url\":\"https:\/\/vosgesinfo.fr\/app\/uploads\/sites\/6\/2024\/07\/202209concert.jpg\",\"contentUrl\":\"https:\/\/vosgesinfo.fr\/app\/uploads\/sites\/6\/2024\/07\/202209concert.jpg\",\"width\":1532,\"height\":706},{\"@type\":\"BreadcrumbList\",\"@id\":\"https:\/\/vosgesinfo.fr\/gerardmerinfo\/2022\/09\/concert-flowers-of-invention-a-mcl-de-gerardmer-annees-6070-a-lhonneur\/#breadcrumb\",\"itemListElement\":[{\"@type\":\"ListItem\",\"position\":1,\"name\":\"Home\",\"item\":\"https:\/\/vosgesinfo.fr\/gerardmerinfo\/\"},{\"@type\":\"ListItem\",\"position\":2,\"name\":\"Concert : Flowers of Invention \u00e0 la MCL de G\u00e9rardmer : les ann\u00e9es 60\/70 \u00e0 l&rsquo;honneur\"}]},{\"@type\":\"WebSite\",\"@id\":\"https:\/\/vosgesinfo.fr\/gerardmerinfo\/#website\",\"url\":\"https:\/\/vosgesinfo.fr\/gerardmerinfo\/\",\"name\":\"Gerardmer Info\",\"description\":\"Toute l&#039;actualit\u00e9 de G\u00e9rardmer\",\"publisher\":{\"@id\":\"https:\/\/vosgesinfo.fr\/gerardmerinfo\/#organization\"},\"alternateName\":\"Toute l'actualit\u00e9 de G\u00e9rardmer\",\"potentialAction\":[{\"@type\":\"SearchAction\",\"target\":{\"@type\":\"EntryPoint\",\"urlTemplate\":\"https:\/\/vosgesinfo.fr\/gerardmerinfo\/?s={search_term_string}\"},\"query-input\":\"required name=search_term_string\"}],\"inLanguage\":\"fr-FR\"},{\"@type\":\"Organization\",\"@id\":\"https:\/\/vosgesinfo.fr\/gerardmerinfo\/#organization\",\"name\":\"Gerardmer Info\",\"url\":\"https:\/\/vosgesinfo.fr\/gerardmerinfo\/\",\"logo\":{\"@type\":\"ImageObject\",\"inLanguage\":\"fr-FR\",\"@id\":\"https:\/\/vosgesinfo.fr\/gerardmerinfo\/#\/schema\/logo\/image\/\",\"url\":\"https:\/\/vosgesinfo.fr\/app\/uploads\/sites\/6\/2023\/08\/favicon-gerardmerinfo.png\",\"contentUrl\":\"https:\/\/vosgesinfo.fr\/app\/uploads\/sites\/6\/2023\/08\/favicon-gerardmerinfo.png\",\"width\":512,\"height\":512,\"caption\":\"Gerardmer Info\"},\"image\":{\"@id\":\"https:\/\/vosgesinfo.fr\/gerardmerinfo\/#\/schema\/logo\/image\/\"},\"sameAs\":[\"https:\/\/www.facebook.com\/profile.php?id=100049475262660\",\"https:\/\/x.com\/VosgesInfo88\",\"https:\/\/www.youtube.com\/@vosgesinfo\"]},{\"@type\":\"Person\",\"@id\":\"https:\/\/vosgesinfo.fr\/gerardmerinfo\/#\/schema\/person\/bc5d02d71e6932e81b6dadb7386667b1\",\"name\":\"qs_admin\",\"image\":{\"@type\":\"ImageObject\",\"inLanguage\":\"fr-FR\",\"@id\":\"https:\/\/vosgesinfo.fr\/gerardmerinfo\/#\/schema\/person\/image\/\",\"url\":\"https:\/\/secure.gravatar.com\/avatar\/94b18ee0ed79e4a42ea2f2931277b6841a8999fc6fde214600c78057cf1fe1de?s=96&d=mm&r=g\",\"contentUrl\":\"https:\/\/secure.gravatar.com\/avatar\/94b18ee0ed79e4a42ea2f2931277b6841a8999fc6fde214600c78057cf1fe1de?s=96&d=mm&r=g\",\"caption\":\"qs_admin\"},\"sameAs\":[\"https:\/\/vosgesinfo.fr\/wp\"],\"url\":\"https:\/\/vosgesinfo.fr\/gerardmerinfo\/author\/qs_admin\/\"}]}<\/script>\n<!-- \/ Yoast SEO plugin. -->","yoast_head_json":{"title":"Concert : Flowers of Invention \u00e0 la MCL de G\u00e9rardmer : les ann\u00e9es 60\/70 \u00e0 l'honneur - Gerardmer Info","robots":{"index":"index","follow":"follow","max-snippet":"max-snippet:-1","max-image-preview":"max-image-preview:large","max-video-preview":"max-video-preview:-1"},"canonical":"https:\/\/vosgesinfo.fr\/gerardmerinfo\/2022\/09\/concert-flowers-of-invention-a-mcl-de-gerardmer-annees-6070-a-lhonneur\/","twitter_card":"summary_large_image","twitter_title":"Concert : Flowers of Invention \u00e0 la MCL de G\u00e9rardmer : les ann\u00e9es 60\/70 \u00e0 l'honneur - Gerardmer Info","twitter_description":"Une superbe prestation \u00e0 noter dans vos agendas\u2026 Louis Ville et ses textes cisel\u00e9s, deux guitares pour des sonorit\u00e9s voyageuses, [&hellip;]","twitter_image":"https:\/\/vosgesinfo.fr\/app\/uploads\/sites\/6\/2024\/07\/202209concert.jpg","twitter_creator":"@VosgesInfo88","twitter_site":"@VosgesInfo88","twitter_misc":{"\u00c9crit par":"qs_admin","Dur\u00e9e de lecture estim\u00e9e":"1 minute"},"schema":{"@context":"https:\/\/schema.org","@graph":[{"@type":"Article","@id":"https:\/\/vosgesinfo.fr\/gerardmerinfo\/2022\/09\/concert-flowers-of-invention-a-mcl-de-gerardmer-annees-6070-a-lhonneur\/#article","isPartOf":{"@id":"https:\/\/vosgesinfo.fr\/gerardmerinfo\/2022\/09\/concert-flowers-of-invention-a-mcl-de-gerardmer-annees-6070-a-lhonneur\/"},"author":{"name":"qs_admin","@id":"https:\/\/vosgesinfo.fr\/gerardmerinfo\/#\/schema\/person\/bc5d02d71e6932e81b6dadb7386667b1"},"headline":"Concert : Flowers of Invention \u00e0 la MCL de G\u00e9rardmer : les ann\u00e9es 60\/70 \u00e0 l&rsquo;honneur","datePublished":"2022-09-07T01:59:34+00:00","dateModified":"2022-09-07T01:59:34+00:00","mainEntityOfPage":{"@id":"https:\/\/vosgesinfo.fr\/gerardmerinfo\/2022\/09\/concert-flowers-of-invention-a-mcl-de-gerardmer-annees-6070-a-lhonneur\/"},"wordCount":281,"commentCount":0,"publisher":{"@id":"https:\/\/vosgesinfo.fr\/gerardmerinfo\/#organization"},"image":{"@id":"https:\/\/vosgesinfo.fr\/gerardmerinfo\/2022\/09\/concert-flowers-of-invention-a-mcl-de-gerardmer-annees-6070-a-lhonneur\/#primaryimage"},"thumbnailUrl":"https:\/\/vosgesinfo.fr\/app\/uploads\/sites\/6\/2024\/07\/202209concert.jpg","keywords":["Flowers Of Invention"],"articleSection":["A la une","Concert","Culture","G\u00e9rardmer"],"inLanguage":"fr-FR","potentialAction":[{"@type":"CommentAction","name":"Comment","target":["https:\/\/vosgesinfo.fr\/gerardmerinfo\/2022\/09\/concert-flowers-of-invention-a-mcl-de-gerardmer-annees-6070-a-lhonneur\/#respond"]}]},{"@type":"WebPage","@id":"https:\/\/vosgesinfo.fr\/gerardmerinfo\/2022\/09\/concert-flowers-of-invention-a-mcl-de-gerardmer-annees-6070-a-lhonneur\/","url":"https:\/\/vosgesinfo.fr\/gerardmerinfo\/2022\/09\/concert-flowers-of-invention-a-mcl-de-gerardmer-annees-6070-a-lhonneur\/","name":"Concert : Flowers of Invention \u00e0 la MCL de G\u00e9rardmer : les ann\u00e9es 60\/70 \u00e0 l'honneur - Gerardmer Info","isPartOf":{"@id":"https:\/\/vosgesinfo.fr\/gerardmerinfo\/#website"},"primaryImageOfPage":{"@id":"https:\/\/vosgesinfo.fr\/gerardmerinfo\/2022\/09\/concert-flowers-of-invention-a-mcl-de-gerardmer-annees-6070-a-lhonneur\/#primaryimage"},"image":{"@id":"https:\/\/vosgesinfo.fr\/gerardmerinfo\/2022\/09\/concert-flowers-of-invention-a-mcl-de-gerardmer-annees-6070-a-lhonneur\/#primaryimage"},"thumbnailUrl":"https:\/\/vosgesinfo.fr\/app\/uploads\/sites\/6\/2024\/07\/202209concert.jpg","datePublished":"2022-09-07T01:59:34+00:00","dateModified":"2022-09-07T01:59:34+00:00","breadcrumb":{"@id":"https:\/\/vosgesinfo.fr\/gerardmerinfo\/2022\/09\/concert-flowers-of-invention-a-mcl-de-gerardmer-annees-6070-a-lhonneur\/#breadcrumb"},"inLanguage":"fr-FR","potentialAction":[{"@type":"ReadAction","target":["https:\/\/vosgesinfo.fr\/gerardmerinfo\/2022\/09\/concert-flowers-of-invention-a-mcl-de-gerardmer-annees-6070-a-lhonneur\/"]}]},{"@type":"ImageObject","inLanguage":"fr-FR","@id":"https:\/\/vosgesinfo.fr\/gerardmerinfo\/2022\/09\/concert-flowers-of-invention-a-mcl-de-gerardmer-annees-6070-a-lhonneur\/#primaryimage","url":"https:\/\/vosgesinfo.fr\/app\/uploads\/sites\/6\/2024\/07\/202209concert.jpg","contentUrl":"https:\/\/vosgesinfo.fr\/app\/uploads\/sites\/6\/2024\/07\/202209concert.jpg","width":1532,"height":706},{"@type":"BreadcrumbList","@id":"https:\/\/vosgesinfo.fr\/gerardmerinfo\/2022\/09\/concert-flowers-of-invention-a-mcl-de-gerardmer-annees-6070-a-lhonneur\/#breadcrumb","itemListElement":[{"@type":"ListItem","position":1,"name":"Home","item":"https:\/\/vosgesinfo.fr\/gerardmerinfo\/"},{"@type":"ListItem","position":2,"name":"Concert : Flowers of Invention \u00e0 la MCL de G\u00e9rardmer : les ann\u00e9es 60\/70 \u00e0 l&rsquo;honneur"}]},{"@type":"WebSite","@id":"https:\/\/vosgesinfo.fr\/gerardmerinfo\/#website","url":"https:\/\/vosgesinfo.fr\/gerardmerinfo\/","name":"Gerardmer Info","description":"Toute l&#039;actualit\u00e9 de G\u00e9rardmer","publisher":{"@id":"https:\/\/vosgesinfo.fr\/gerardmerinfo\/#organization"},"alternateName":"Toute l'actualit\u00e9 de G\u00e9rardmer","potentialAction":[{"@type":"SearchAction","target":{"@type":"EntryPoint","urlTemplate":"https:\/\/vosgesinfo.fr\/gerardmerinfo\/?s={search_term_string}"},"query-input":"required name=search_term_string"}],"inLanguage":"fr-FR"},{"@type":"Organization","@id":"https:\/\/vosgesinfo.fr\/gerardmerinfo\/#organization","name":"Gerardmer Info","url":"https:\/\/vosgesinfo.fr\/gerardmerinfo\/","logo":{"@type":"ImageObject","inLanguage":"fr-FR","@id":"https:\/\/vosgesinfo.fr\/gerardmerinfo\/#\/schema\/logo\/image\/","url":"https:\/\/vosgesinfo.fr\/app\/uploads\/sites\/6\/2023\/08\/favicon-gerardmerinfo.png","contentUrl":"https:\/\/vosgesinfo.fr\/app\/uploads\/sites\/6\/2023\/08\/favicon-gerardmerinfo.png","width":512,"height":512,"caption":"Gerardmer Info"},"image":{"@id":"https:\/\/vosgesinfo.fr\/gerardmerinfo\/#\/schema\/logo\/image\/"},"sameAs":["https:\/\/www.facebook.com\/profile.php?id=100049475262660","https:\/\/x.com\/VosgesInfo88","https:\/\/www.youtube.com\/@vosgesinfo"]},{"@type":"Person","@id":"https:\/\/vosgesinfo.fr\/gerardmerinfo\/#\/schema\/person\/bc5d02d71e6932e81b6dadb7386667b1","name":"qs_admin","image":{"@type":"ImageObject","inLanguage":"fr-FR","@id":"https:\/\/vosgesinfo.fr\/gerardmerinfo\/#\/schema\/person\/image\/","url":"https:\/\/secure.gravatar.com\/avatar\/94b18ee0ed79e4a42ea2f2931277b6841a8999fc6fde214600c78057cf1fe1de?s=96&d=mm&r=g","contentUrl":"https:\/\/secure.gravatar.com\/avatar\/94b18ee0ed79e4a42ea2f2931277b6841a8999fc6fde214600c78057cf1fe1de?s=96&d=mm&r=g","caption":"qs_admin"},"sameAs":["https:\/\/vosgesinfo.fr\/wp"],"url":"https:\/\/vosgesinfo.fr\/gerardmerinfo\/author\/qs_admin\/"}]}},"_links":{"self":[{"href":"https:\/\/vosgesinfo.fr\/gerardmerinfo\/wp-json\/wp\/v2\/posts\/61580","targetHints":{"allow":["GET"]}}],"collection":[{"href":"https:\/\/vosgesinfo.fr\/gerardmerinfo\/wp-json\/wp\/v2\/posts"}],"about":[{"href":"https:\/\/vosgesinfo.fr\/gerardmerinfo\/wp-json\/wp\/v2\/types\/post"}],"author":[{"embeddable":true,"href":"https:\/\/vosgesinfo.fr\/gerardmerinfo\/wp-json\/wp\/v2\/users\/1"}],"replies":[{"embeddable":true,"href":"https:\/\/vosgesinfo.fr\/gerardmerinfo\/wp-json\/wp\/v2\/comments?post=61580"}],"version-history":[{"count":0,"href":"https:\/\/vosgesinfo.fr\/gerardmerinfo\/wp-json\/wp\/v2\/posts\/61580\/revisions"}],"wp:featuredmedia":[{"embeddable":true,"href":"https:\/\/vosgesinfo.fr\/gerardmerinfo\/wp-json\/wp\/v2\/media\/61581"}],"wp:attachment":[{"href":"https:\/\/vosgesinfo.fr\/gerardmerinfo\/wp-json\/wp\/v2\/media?parent=61580"}],"wp:term":[{"taxonomy":"category","embeddable":true,"href":"https:\/\/vosgesinfo.fr\/gerardmerinfo\/wp-json\/wp\/v2\/categories?post=61580"},{"taxonomy":"post_tag","embeddable":true,"href":"https:\/\/vosgesinfo.fr\/gerardmerinfo\/wp-json\/wp\/v2\/tags?post=61580"}],"curies":[{"name":"wp","href":"https:\/\/api.w.org\/{rel}","templated":true}]}}