{"id":61622,"date":"2022-09-16T05:48:30","date_gmt":"2022-09-16T03:48:30","guid":{"rendered":"https:\/\/vosgesinfo.fr\/gerardmerinfo\/2022\/09\/journees-europeennes-patrimoine-durable\/"},"modified":"2022-09-16T05:48:30","modified_gmt":"2022-09-16T03:48:30","slug":"journees-europeennes-patrimoine-durable","status":"publish","type":"post","link":"https:\/\/vosgesinfo.fr\/gerardmerinfo\/2022\/09\/journees-europeennes-patrimoine-durable\/","title":{"rendered":"Les Journ\u00e9es Europ\u00e9ennes du patrimoine font dans le \u00ab\u00a0durable\u00a0\u00bb"},"content":{"rendered":"<div id=\"attachment_194820\" style=\"width: 970px\" class=\"wp-caption aligncenter\"><a href=\"\/2022\/09\/journ\u00e9es-du-Patrimoine-2.jpg\"><img decoding=\"async\" aria-describedby=\"caption-attachment-194820\" class=\"size-large wp-image-194820\" src=\"\/2022\/09\/journ\u00e9es-du-Patrimoine-2-1024x768.jpg\" alt=\"Anne Chwaliszewski et M\u00e9lanie Du\u00e9e (\u00e0 gauche sur la photo).\" width=\"960\" height=\"720\" \/><\/a><p id=\"caption-attachment-194820\" class=\"wp-caption-text\">Anne Chwaliszewski et M\u00e9lanie Du\u00e9e (\u00e0 gauche sur la photo).<\/p><\/div>\n<h3><\/h3>\n<h3>La Ville de G\u00e9rardmer a le plaisir de participer aux Journ\u00e9es Europ\u00e9ennes du Patrimoine le 17 septembre prochain. Une \u00e9dition dont le th\u00e8me tourne cette ann\u00e9e autour du \u00ab\u00a0Patrimoine Durable\u00a0\u00bb ; un th\u00e8me porteur auquel feront \u00e9cho plusieurs animations, sorties et expositions.<\/h3>\n<div id=\"attachment_194816\" style=\"width: 190px\" class=\"wp-caption alignright\"><a href=\"\/2022\/09\/Affiche-JEP.jpg\"><img decoding=\"async\" aria-describedby=\"caption-attachment-194816\" class=\"size-medium wp-image-194816\" src=\"\/2022\/09\/Affiche-JEP-180x255.jpg\" alt=\"Une affiche commune au niveau nationale.\" width=\"180\" height=\"255\" \/><\/a><p id=\"caption-attachment-194816\" class=\"wp-caption-text\">Une affiche commune au niveau nationale.<\/p><\/div>\n<p>Et pour pr\u00e9senter le programme de ces journ\u00e9es, l&rsquo;adjointe \u00e0 la culture et \u00e0 l&rsquo;animation Anne Chwaliszewski \u00e9tait accompagn\u00e9e de M\u00e9lanie Du\u00e9e du service communication, ainsi que de l&rsquo;ensemble des acteurs qui ont contribu\u00e9 \u00e0 cet \u00e9lan patrimonial et culturel. Premier \u00e0 se lancer, Fran\u00e7ois Gegout de l&rsquo;association de l&rsquo;ancienne \u00e9cole du Ph\u00e9ny, association qui f\u00eate ses 30 ans d&rsquo;existence et marquera l&rsquo;\u00e9v\u00e9nement en proposant une exposition sur cet \u00e9difice local, communal et patrimonial les 17 et 18 septembre.\u00a0 Rappelons bri\u00e8vement que l&rsquo;\u00e9cole\u00a0 \u00e9tait vou\u00e9e \u00e0 la ruine apr\u00e8s sa fermeture en 1969 et que l&rsquo;association cr\u00e9\u00e9e en 1992 a permis de la remettre en \u00e9tat et de la faire vivre \u00e0 travers des manifestations interg\u00e9n\u00e9rationnelles, culturelles et champ\u00eatres notamment, autour de la reconqu\u00eate paysag\u00e8re et de la promotion de la vie en montagne. Vous retrouverez des archives probablement in\u00e9dites datant pour certaines de 1865 o\u00f9 les instituteurs demandaient la cr\u00e9ation de cette \u00e9cole&#8230;<\/p>\n<p><a href=\"\/2022\/09\/journ\u00e9es-du-Patrimoine-1.jpg\"><img decoding=\"async\" class=\"alignright size-medium wp-image-194819\" src=\"\/2022\/09\/journ\u00e9es-du-Patrimoine-1-340x255.jpg\" alt=\"journ\u00e9es du Patrimoine (1)\" width=\"340\" height=\"255\" \/><\/a>Autre structure embl\u00e9matique de G\u00e9rardmer, la Soci\u00e9t\u00e9 des F\u00eates de G\u00e9rardmer (dont les statuts datent officiellement du d\u00e9but des ann\u00e9es 50) proposera pour sa part une exposition sur le patrimoine de la F\u00eate des Jonquilles du 12 au 23 septembre. Gr\u00e2ce au travail de l&rsquo;archiviste de la SDF Roger Fojt qui centralise des documents sur cet \u00e9v\u00e9nements dont certains datent de 1935, vous d\u00e9couvrirez photos de chars et sujets fixes ou encore vieilles affiches de ce rendez-vous embl\u00e9matique de G\u00e9rardmer dont la 50\u00e8me \u00e9dition aura lieu en avril 2023, rappelons-le.<\/p>\n<p><a href=\"\/2022\/09\/20220907_151659.jpg\"><img decoding=\"async\" class=\"alignright size-medium wp-image-194860\" src=\"\/2022\/09\/20220907_151659-184x255.jpg\" alt=\"20220907_151659\" width=\"184\" height=\"255\" \/><\/a>La Ville de G\u00e9rardmer n&rsquo;est pas reste, loin s&rsquo;en faut, et proposera \u00e9galement une exposition \u00ab\u00a0Avant\/apr\u00e8s\u00a0\u00bb qui vous incitera \u00e0 d\u00e9ambuler dans les rues de G\u00e9rardmer pour d\u00e9couvrir\/red\u00e9couvrir les diff\u00e9rentes vies de certains b\u00e2timents \u00e0 travers un circuit ainsi que 16 panneaux explicatifs. Au menu : le CCAS de la Ville, la mairie ou encore les fameux bains-douches de la rue Lucienne&#8230; La Ville poursuit \u00e9galement son projet \u00ab\u00a0Nos Rues Notre Histoire\u00a0\u00bb avec l&rsquo;inauguration de deux nouvelles plaques d\u00e9taillant l&rsquo;histoire de la maison de la famille (ancienne ferme Garnier, rue du Calvaire) et de la Villa Monplaisir.<\/p>\n<p><a href=\"\/2022\/09\/Launard-1905-JBE-Fleurance-1856-1926-Victorine-Pierrel-1856-1926-et-leur-fils-Paul-Jean-Baptiste-Fleurance-1887-1965-2.jpg\"><img decoding=\"async\" class=\"alignright size-medium wp-image-194822\" src=\"\/2022\/09\/Launard-1905-JBE-Fleurance-1856-1926-Victorine-Pierrel-1856-1926-et-leur-fils-Paul-Jean-Baptiste-Fleurance-1887-1965-2-383x255.jpg\" alt=\"Launard 1905-JBE Fleurance (1856-1926) Victorine Pierrel (1856-1926) et leur fils Paul Jean Baptiste Fleurance (1887-1965) (2)\" width=\"383\" height=\"255\" \/><\/a>\u00c9voquons \u00e9galement la conf\u00e9rence concernant la ferme Launard programm\u00e9e samedi 17 septembre qui sera suivie le lendemain d&rsquo;une petite visite guid\u00e9e des lieux. Deux rendez-vous organis\u00e9s par la nouvelle association \u00ab\u00a0Sauvegardons Launard\u00a0\u00bb dont l&rsquo;objectif est bien entendu de sauvegarder et valoriser cette ferme situ\u00e9e au-dessus du lac qui appartenait \u00e0 la famille Fleurance et appartient d\u00e9sormais \u00e0 l&rsquo;ONF. \u00ab\u00a0A travers cette\u00a0<em>association nous souhaitons signer une convention avec l&rsquo;ONF pour la pr\u00e9server et dans un premier temps nous allons la mettre hors d&rsquo;eau<\/em>\u00a0\u00bb pr\u00e9cise ainsi Martine Dautcourt qui repr\u00e9sentait \u00ab\u00a0Sauvegardons Launard\u00a0\u00bb lors de cette r\u00e9union de pr\u00e9sentation des Journ\u00e9es du patrimoine. Enfin, deux balades vous sont propos\u00e9s le samedi 17 : une balade cont\u00e9e sur le lac de G\u00e9rardmer avec <em>Zo\u00e9 Conteuse<\/em> sur le th\u00e8me \u00ab\u00a0<em>Tradition des Hautes Vosges<\/em>\u00a0\u00bb (sur r\u00e9servation de pr\u00e9f\u00e9rence au num\u00e9ro ci-dessous) ; et une balade \u00ab\u00a0<em>Au fil de l&rsquo;eau\u00a0\u00bb<\/em> avec le Conservatoire d&rsquo;Espace Naturel de Lorraine pour vous faire d\u00e9couvrir les berges du lac de G\u00e9rardmer.<\/p>\n<h5><span style=\"font-size: 14pt;\">Le programme d\u00e9taill\u00e9 :<\/span><\/h5>\n<p>&nbsp;<\/p>\n<p><a href=\"\/2022\/09\/journ\u00e9es-du-patrimoine-G\u00e9rardmer-2022-programme.jpg\"><img decoding=\"async\" class=\"aligncenter size-large wp-image-194817\" src=\"\/2022\/09\/journ\u00e9es-du-patrimoine-G\u00e9rardmer-2022-programme-691x1024.jpg\" alt=\"journ\u00e9es du patrimoine G\u00e9rardmer 2022 programme\" width=\"691\" height=\"1024\" \/><\/a><\/p>\n","protected":false},"excerpt":{"rendered":"<p>La Ville de G\u00e9rardmer a le plaisir de participer aux Journ\u00e9es Europ\u00e9ennes du Patrimoine le 17 septembre prochain. Une \u00e9dition [&hellip;]<\/p>\n","protected":false},"author":42,"featured_media":61623,"comment_status":"open","ping_status":"open","sticky":false,"template":"","format":"standard","meta":{"footnotes":""},"categories":[20,4,25,16],"tags":[5168,1281,3264,5169,141],"class_list":["post-61622","post","type-post","status-publish","format-standard","has-post-thumbnail","hentry","category-a-la-une","category-culture","category-gerardmer","category-urbanisme","tag-ferme-launard","tag-fete-des-jonquilles","tag-journees-europeennes-du-patrimoine","tag-melanie-duee","tag-sdf"],"acf":[],"yoast_head":"<!-- This site is optimized with the Yoast SEO plugin v22.5 - https:\/\/yoast.com\/wordpress\/plugins\/seo\/ -->\n<title>Les Journ\u00e9es Europ\u00e9ennes du patrimoine font dans le &quot;durable&quot; - Gerardmer Info<\/title>\n<meta name=\"robots\" content=\"index, follow, max-snippet:-1, max-image-preview:large, max-video-preview:-1\" \/>\n<link rel=\"canonical\" href=\"https:\/\/vosgesinfo.fr\/gerardmerinfo\/2022\/09\/journees-europeennes-patrimoine-durable\/\" \/>\n<meta name=\"twitter:card\" content=\"summary_large_image\" \/>\n<meta name=\"twitter:title\" content=\"Les Journ\u00e9es Europ\u00e9ennes du patrimoine font dans le &quot;durable&quot; - Gerardmer Info\" \/>\n<meta name=\"twitter:description\" content=\"La Ville de G\u00e9rardmer a le plaisir de participer aux Journ\u00e9es Europ\u00e9ennes du Patrimoine le 17 septembre prochain. Une \u00e9dition [&hellip;]\" \/>\n<meta name=\"twitter:image\" content=\"https:\/\/vosgesinfo.fr\/app\/uploads\/sites\/6\/2024\/07\/202209affiche-jep-scaled.jpg\" \/>\n<meta name=\"twitter:creator\" content=\"@VosgesInfo88\" \/>\n<meta name=\"twitter:site\" content=\"@VosgesInfo88\" \/>\n<meta name=\"twitter:label1\" content=\"\u00c9crit par\" \/>\n\t<meta name=\"twitter:data1\" content=\"QG\" \/>\n\t<meta name=\"twitter:label2\" content=\"Dur\u00e9e de lecture estim\u00e9e\" \/>\n\t<meta name=\"twitter:data2\" content=\"3 minutes\" \/>\n<script type=\"application\/ld+json\" class=\"yoast-schema-graph\">{\"@context\":\"https:\/\/schema.org\",\"@graph\":[{\"@type\":\"Article\",\"@id\":\"https:\/\/vosgesinfo.fr\/gerardmerinfo\/2022\/09\/journees-europeennes-patrimoine-durable\/#article\",\"isPartOf\":{\"@id\":\"https:\/\/vosgesinfo.fr\/gerardmerinfo\/2022\/09\/journees-europeennes-patrimoine-durable\/\"},\"author\":{\"name\":\"QG\",\"@id\":\"https:\/\/vosgesinfo.fr\/gerardmerinfo\/#\/schema\/person\/db5605779a843dad16b5368f3e7613a5\"},\"headline\":\"Les Journ\u00e9es Europ\u00e9ennes du patrimoine font dans le \u00ab\u00a0durable\u00a0\u00bb\",\"datePublished\":\"2022-09-16T03:48:30+00:00\",\"dateModified\":\"2022-09-16T03:48:30+00:00\",\"mainEntityOfPage\":{\"@id\":\"https:\/\/vosgesinfo.fr\/gerardmerinfo\/2022\/09\/journees-europeennes-patrimoine-durable\/\"},\"wordCount\":655,\"commentCount\":0,\"publisher\":{\"@id\":\"https:\/\/vosgesinfo.fr\/gerardmerinfo\/#organization\"},\"image\":{\"@id\":\"https:\/\/vosgesinfo.fr\/gerardmerinfo\/2022\/09\/journees-europeennes-patrimoine-durable\/#primaryimage\"},\"thumbnailUrl\":\"https:\/\/vosgesinfo.fr\/app\/uploads\/sites\/6\/2024\/07\/202209affiche-jep-scaled.jpg\",\"keywords\":[\"Ferme Launard\",\"f\u00eate des jonquilles\",\"Journ\u00e9es Europ\u00e9ennes du Patrimoine\",\"M\u00e9lanie Du\u00e9e\",\"sdf\"],\"articleSection\":[\"A la une\",\"Culture\",\"G\u00e9rardmer\",\"Urbanisme\"],\"inLanguage\":\"fr-FR\",\"potentialAction\":[{\"@type\":\"CommentAction\",\"name\":\"Comment\",\"target\":[\"https:\/\/vosgesinfo.fr\/gerardmerinfo\/2022\/09\/journees-europeennes-patrimoine-durable\/#respond\"]}]},{\"@type\":\"WebPage\",\"@id\":\"https:\/\/vosgesinfo.fr\/gerardmerinfo\/2022\/09\/journees-europeennes-patrimoine-durable\/\",\"url\":\"https:\/\/vosgesinfo.fr\/gerardmerinfo\/2022\/09\/journees-europeennes-patrimoine-durable\/\",\"name\":\"Les Journ\u00e9es Europ\u00e9ennes du patrimoine font dans le \\\"durable\\\" - Gerardmer Info\",\"isPartOf\":{\"@id\":\"https:\/\/vosgesinfo.fr\/gerardmerinfo\/#website\"},\"primaryImageOfPage\":{\"@id\":\"https:\/\/vosgesinfo.fr\/gerardmerinfo\/2022\/09\/journees-europeennes-patrimoine-durable\/#primaryimage\"},\"image\":{\"@id\":\"https:\/\/vosgesinfo.fr\/gerardmerinfo\/2022\/09\/journees-europeennes-patrimoine-durable\/#primaryimage\"},\"thumbnailUrl\":\"https:\/\/vosgesinfo.fr\/app\/uploads\/sites\/6\/2024\/07\/202209affiche-jep-scaled.jpg\",\"datePublished\":\"2022-09-16T03:48:30+00:00\",\"dateModified\":\"2022-09-16T03:48:30+00:00\",\"breadcrumb\":{\"@id\":\"https:\/\/vosgesinfo.fr\/gerardmerinfo\/2022\/09\/journees-europeennes-patrimoine-durable\/#breadcrumb\"},\"inLanguage\":\"fr-FR\",\"potentialAction\":[{\"@type\":\"ReadAction\",\"target\":[\"https:\/\/vosgesinfo.fr\/gerardmerinfo\/2022\/09\/journees-europeennes-patrimoine-durable\/\"]}]},{\"@type\":\"ImageObject\",\"inLanguage\":\"fr-FR\",\"@id\":\"https:\/\/vosgesinfo.fr\/gerardmerinfo\/2022\/09\/journees-europeennes-patrimoine-durable\/#primaryimage\",\"url\":\"https:\/\/vosgesinfo.fr\/app\/uploads\/sites\/6\/2024\/07\/202209affiche-jep-scaled.jpg\",\"contentUrl\":\"https:\/\/vosgesinfo.fr\/app\/uploads\/sites\/6\/2024\/07\/202209affiche-jep-scaled.jpg\",\"width\":1811,\"height\":2560},{\"@type\":\"BreadcrumbList\",\"@id\":\"https:\/\/vosgesinfo.fr\/gerardmerinfo\/2022\/09\/journees-europeennes-patrimoine-durable\/#breadcrumb\",\"itemListElement\":[{\"@type\":\"ListItem\",\"position\":1,\"name\":\"Home\",\"item\":\"https:\/\/vosgesinfo.fr\/gerardmerinfo\/\"},{\"@type\":\"ListItem\",\"position\":2,\"name\":\"Les Journ\u00e9es Europ\u00e9ennes du patrimoine font dans le \u00ab\u00a0durable\u00a0\u00bb\"}]},{\"@type\":\"WebSite\",\"@id\":\"https:\/\/vosgesinfo.fr\/gerardmerinfo\/#website\",\"url\":\"https:\/\/vosgesinfo.fr\/gerardmerinfo\/\",\"name\":\"Gerardmer Info\",\"description\":\"Toute l&#039;actualit\u00e9 de G\u00e9rardmer\",\"publisher\":{\"@id\":\"https:\/\/vosgesinfo.fr\/gerardmerinfo\/#organization\"},\"alternateName\":\"Toute l'actualit\u00e9 de G\u00e9rardmer\",\"potentialAction\":[{\"@type\":\"SearchAction\",\"target\":{\"@type\":\"EntryPoint\",\"urlTemplate\":\"https:\/\/vosgesinfo.fr\/gerardmerinfo\/?s={search_term_string}\"},\"query-input\":\"required name=search_term_string\"}],\"inLanguage\":\"fr-FR\"},{\"@type\":\"Organization\",\"@id\":\"https:\/\/vosgesinfo.fr\/gerardmerinfo\/#organization\",\"name\":\"Gerardmer Info\",\"url\":\"https:\/\/vosgesinfo.fr\/gerardmerinfo\/\",\"logo\":{\"@type\":\"ImageObject\",\"inLanguage\":\"fr-FR\",\"@id\":\"https:\/\/vosgesinfo.fr\/gerardmerinfo\/#\/schema\/logo\/image\/\",\"url\":\"https:\/\/vosgesinfo.fr\/app\/uploads\/sites\/6\/2023\/08\/favicon-gerardmerinfo.png\",\"contentUrl\":\"https:\/\/vosgesinfo.fr\/app\/uploads\/sites\/6\/2023\/08\/favicon-gerardmerinfo.png\",\"width\":512,\"height\":512,\"caption\":\"Gerardmer Info\"},\"image\":{\"@id\":\"https:\/\/vosgesinfo.fr\/gerardmerinfo\/#\/schema\/logo\/image\/\"},\"sameAs\":[\"https:\/\/www.facebook.com\/profile.php?id=100049475262660\",\"https:\/\/x.com\/VosgesInfo88\",\"https:\/\/www.youtube.com\/@vosgesinfo\"]},{\"@type\":\"Person\",\"@id\":\"https:\/\/vosgesinfo.fr\/gerardmerinfo\/#\/schema\/person\/db5605779a843dad16b5368f3e7613a5\",\"name\":\"QG\",\"image\":{\"@type\":\"ImageObject\",\"inLanguage\":\"fr-FR\",\"@id\":\"https:\/\/vosgesinfo.fr\/gerardmerinfo\/#\/schema\/person\/image\/\",\"url\":\"https:\/\/secure.gravatar.com\/avatar\/ea80c42c204b534408512832fde52504ecabb9706bcb6151cf6175e5b64e6793?s=96&d=mm&r=g\",\"contentUrl\":\"https:\/\/secure.gravatar.com\/avatar\/ea80c42c204b534408512832fde52504ecabb9706bcb6151cf6175e5b64e6793?s=96&d=mm&r=g\",\"caption\":\"QG\"},\"url\":\"https:\/\/vosgesinfo.fr\/gerardmerinfo\/author\/quentin88\/\"}]}<\/script>\n<!-- \/ Yoast SEO plugin. -->","yoast_head_json":{"title":"Les Journ\u00e9es Europ\u00e9ennes du patrimoine font dans le \"durable\" - Gerardmer Info","robots":{"index":"index","follow":"follow","max-snippet":"max-snippet:-1","max-image-preview":"max-image-preview:large","max-video-preview":"max-video-preview:-1"},"canonical":"https:\/\/vosgesinfo.fr\/gerardmerinfo\/2022\/09\/journees-europeennes-patrimoine-durable\/","twitter_card":"summary_large_image","twitter_title":"Les Journ\u00e9es Europ\u00e9ennes du patrimoine font dans le \"durable\" - Gerardmer Info","twitter_description":"La Ville de G\u00e9rardmer a le plaisir de participer aux Journ\u00e9es Europ\u00e9ennes du Patrimoine le 17 septembre prochain. Une \u00e9dition [&hellip;]","twitter_image":"https:\/\/vosgesinfo.fr\/app\/uploads\/sites\/6\/2024\/07\/202209affiche-jep-scaled.jpg","twitter_creator":"@VosgesInfo88","twitter_site":"@VosgesInfo88","twitter_misc":{"\u00c9crit par":"QG","Dur\u00e9e de lecture estim\u00e9e":"3 minutes"},"schema":{"@context":"https:\/\/schema.org","@graph":[{"@type":"Article","@id":"https:\/\/vosgesinfo.fr\/gerardmerinfo\/2022\/09\/journees-europeennes-patrimoine-durable\/#article","isPartOf":{"@id":"https:\/\/vosgesinfo.fr\/gerardmerinfo\/2022\/09\/journees-europeennes-patrimoine-durable\/"},"author":{"name":"QG","@id":"https:\/\/vosgesinfo.fr\/gerardmerinfo\/#\/schema\/person\/db5605779a843dad16b5368f3e7613a5"},"headline":"Les Journ\u00e9es Europ\u00e9ennes du patrimoine font dans le \u00ab\u00a0durable\u00a0\u00bb","datePublished":"2022-09-16T03:48:30+00:00","dateModified":"2022-09-16T03:48:30+00:00","mainEntityOfPage":{"@id":"https:\/\/vosgesinfo.fr\/gerardmerinfo\/2022\/09\/journees-europeennes-patrimoine-durable\/"},"wordCount":655,"commentCount":0,"publisher":{"@id":"https:\/\/vosgesinfo.fr\/gerardmerinfo\/#organization"},"image":{"@id":"https:\/\/vosgesinfo.fr\/gerardmerinfo\/2022\/09\/journees-europeennes-patrimoine-durable\/#primaryimage"},"thumbnailUrl":"https:\/\/vosgesinfo.fr\/app\/uploads\/sites\/6\/2024\/07\/202209affiche-jep-scaled.jpg","keywords":["Ferme Launard","f\u00eate des jonquilles","Journ\u00e9es Europ\u00e9ennes du Patrimoine","M\u00e9lanie Du\u00e9e","sdf"],"articleSection":["A la une","Culture","G\u00e9rardmer","Urbanisme"],"inLanguage":"fr-FR","potentialAction":[{"@type":"CommentAction","name":"Comment","target":["https:\/\/vosgesinfo.fr\/gerardmerinfo\/2022\/09\/journees-europeennes-patrimoine-durable\/#respond"]}]},{"@type":"WebPage","@id":"https:\/\/vosgesinfo.fr\/gerardmerinfo\/2022\/09\/journees-europeennes-patrimoine-durable\/","url":"https:\/\/vosgesinfo.fr\/gerardmerinfo\/2022\/09\/journees-europeennes-patrimoine-durable\/","name":"Les Journ\u00e9es Europ\u00e9ennes du patrimoine font dans le \"durable\" - Gerardmer Info","isPartOf":{"@id":"https:\/\/vosgesinfo.fr\/gerardmerinfo\/#website"},"primaryImageOfPage":{"@id":"https:\/\/vosgesinfo.fr\/gerardmerinfo\/2022\/09\/journees-europeennes-patrimoine-durable\/#primaryimage"},"image":{"@id":"https:\/\/vosgesinfo.fr\/gerardmerinfo\/2022\/09\/journees-europeennes-patrimoine-durable\/#primaryimage"},"thumbnailUrl":"https:\/\/vosgesinfo.fr\/app\/uploads\/sites\/6\/2024\/07\/202209affiche-jep-scaled.jpg","datePublished":"2022-09-16T03:48:30+00:00","dateModified":"2022-09-16T03:48:30+00:00","breadcrumb":{"@id":"https:\/\/vosgesinfo.fr\/gerardmerinfo\/2022\/09\/journees-europeennes-patrimoine-durable\/#breadcrumb"},"inLanguage":"fr-FR","potentialAction":[{"@type":"ReadAction","target":["https:\/\/vosgesinfo.fr\/gerardmerinfo\/2022\/09\/journees-europeennes-patrimoine-durable\/"]}]},{"@type":"ImageObject","inLanguage":"fr-FR","@id":"https:\/\/vosgesinfo.fr\/gerardmerinfo\/2022\/09\/journees-europeennes-patrimoine-durable\/#primaryimage","url":"https:\/\/vosgesinfo.fr\/app\/uploads\/sites\/6\/2024\/07\/202209affiche-jep-scaled.jpg","contentUrl":"https:\/\/vosgesinfo.fr\/app\/uploads\/sites\/6\/2024\/07\/202209affiche-jep-scaled.jpg","width":1811,"height":2560},{"@type":"BreadcrumbList","@id":"https:\/\/vosgesinfo.fr\/gerardmerinfo\/2022\/09\/journees-europeennes-patrimoine-durable\/#breadcrumb","itemListElement":[{"@type":"ListItem","position":1,"name":"Home","item":"https:\/\/vosgesinfo.fr\/gerardmerinfo\/"},{"@type":"ListItem","position":2,"name":"Les Journ\u00e9es Europ\u00e9ennes du patrimoine font dans le \u00ab\u00a0durable\u00a0\u00bb"}]},{"@type":"WebSite","@id":"https:\/\/vosgesinfo.fr\/gerardmerinfo\/#website","url":"https:\/\/vosgesinfo.fr\/gerardmerinfo\/","name":"Gerardmer Info","description":"Toute l&#039;actualit\u00e9 de G\u00e9rardmer","publisher":{"@id":"https:\/\/vosgesinfo.fr\/gerardmerinfo\/#organization"},"alternateName":"Toute l'actualit\u00e9 de G\u00e9rardmer","potentialAction":[{"@type":"SearchAction","target":{"@type":"EntryPoint","urlTemplate":"https:\/\/vosgesinfo.fr\/gerardmerinfo\/?s={search_term_string}"},"query-input":"required name=search_term_string"}],"inLanguage":"fr-FR"},{"@type":"Organization","@id":"https:\/\/vosgesinfo.fr\/gerardmerinfo\/#organization","name":"Gerardmer Info","url":"https:\/\/vosgesinfo.fr\/gerardmerinfo\/","logo":{"@type":"ImageObject","inLanguage":"fr-FR","@id":"https:\/\/vosgesinfo.fr\/gerardmerinfo\/#\/schema\/logo\/image\/","url":"https:\/\/vosgesinfo.fr\/app\/uploads\/sites\/6\/2023\/08\/favicon-gerardmerinfo.png","contentUrl":"https:\/\/vosgesinfo.fr\/app\/uploads\/sites\/6\/2023\/08\/favicon-gerardmerinfo.png","width":512,"height":512,"caption":"Gerardmer Info"},"image":{"@id":"https:\/\/vosgesinfo.fr\/gerardmerinfo\/#\/schema\/logo\/image\/"},"sameAs":["https:\/\/www.facebook.com\/profile.php?id=100049475262660","https:\/\/x.com\/VosgesInfo88","https:\/\/www.youtube.com\/@vosgesinfo"]},{"@type":"Person","@id":"https:\/\/vosgesinfo.fr\/gerardmerinfo\/#\/schema\/person\/db5605779a843dad16b5368f3e7613a5","name":"QG","image":{"@type":"ImageObject","inLanguage":"fr-FR","@id":"https:\/\/vosgesinfo.fr\/gerardmerinfo\/#\/schema\/person\/image\/","url":"https:\/\/secure.gravatar.com\/avatar\/ea80c42c204b534408512832fde52504ecabb9706bcb6151cf6175e5b64e6793?s=96&d=mm&r=g","contentUrl":"https:\/\/secure.gravatar.com\/avatar\/ea80c42c204b534408512832fde52504ecabb9706bcb6151cf6175e5b64e6793?s=96&d=mm&r=g","caption":"QG"},"url":"https:\/\/vosgesinfo.fr\/gerardmerinfo\/author\/quentin88\/"}]}},"_links":{"self":[{"href":"https:\/\/vosgesinfo.fr\/gerardmerinfo\/wp-json\/wp\/v2\/posts\/61622","targetHints":{"allow":["GET"]}}],"collection":[{"href":"https:\/\/vosgesinfo.fr\/gerardmerinfo\/wp-json\/wp\/v2\/posts"}],"about":[{"href":"https:\/\/vosgesinfo.fr\/gerardmerinfo\/wp-json\/wp\/v2\/types\/post"}],"author":[{"embeddable":true,"href":"https:\/\/vosgesinfo.fr\/gerardmerinfo\/wp-json\/wp\/v2\/users\/42"}],"replies":[{"embeddable":true,"href":"https:\/\/vosgesinfo.fr\/gerardmerinfo\/wp-json\/wp\/v2\/comments?post=61622"}],"version-history":[{"count":0,"href":"https:\/\/vosgesinfo.fr\/gerardmerinfo\/wp-json\/wp\/v2\/posts\/61622\/revisions"}],"wp:featuredmedia":[{"embeddable":true,"href":"https:\/\/vosgesinfo.fr\/gerardmerinfo\/wp-json\/wp\/v2\/media\/61623"}],"wp:attachment":[{"href":"https:\/\/vosgesinfo.fr\/gerardmerinfo\/wp-json\/wp\/v2\/media?parent=61622"}],"wp:term":[{"taxonomy":"category","embeddable":true,"href":"https:\/\/vosgesinfo.fr\/gerardmerinfo\/wp-json\/wp\/v2\/categories?post=61622"},{"taxonomy":"post_tag","embeddable":true,"href":"https:\/\/vosgesinfo.fr\/gerardmerinfo\/wp-json\/wp\/v2\/tags?post=61622"}],"curies":[{"name":"wp","href":"https:\/\/api.w.org\/{rel}","templated":true}]}}