{"id":61816,"date":"2022-09-19T04:00:24","date_gmt":"2022-09-19T02:00:24","guid":{"rendered":"https:\/\/vosgesinfo.fr\/gerardmerinfo\/2022\/09\/saison-culturelle-de-ville-demarre-fanfare\/"},"modified":"2022-09-19T04:00:24","modified_gmt":"2022-09-19T02:00:24","slug":"saison-culturelle-de-ville-demarre-fanfare","status":"publish","type":"post","link":"https:\/\/vosgesinfo.fr\/gerardmerinfo\/2022\/09\/saison-culturelle-de-ville-demarre-fanfare\/","title":{"rendered":"La Saison Culturelle de la Ville d\u00e9marre en fanfare"},"content":{"rendered":"<div id=\"attachment_195188\" style=\"width: 970px\" class=\"wp-caption aligncenter\"><a href=\"\/2022\/09\/saison-culturelle-tonnerre-de-brass-band-G\u00e9rardmer-1.jpg\"><img decoding=\"async\" aria-describedby=\"caption-attachment-195188\" class=\"wp-image-195188 size-large\" src=\"\/2022\/09\/saison-culturelle-tonnerre-de-brass-band-G\u00e9rardmer-1-1024x768.jpg\" alt=\"saison culturelle tonnerre de brass band G\u00e9rardmer (1)\" width=\"960\" height=\"720\" \/><\/a><p id=\"caption-attachment-195188\" class=\"wp-caption-text\">Tonnerre de Brass<\/p><\/div>\n\n<h2><span style=\"font-size: 14pt;\">La Ville de G\u00e9rardmer et la MCL avaient choisi ce week-end pour lancer la nouvelle saison culturelle avec un programme d&rsquo;animation enti\u00e8rement gratuit \u00e0 l&rsquo;occasion duquel vous pouviez d\u00e9couvrir en image la suite des r\u00e9jouissances pour l&rsquo;ann\u00e9e \u00e0 venir.<\/span><\/h2>\n<div id=\"attachment_195193\" style=\"width: 350px\" class=\"wp-caption alignright\"><a href=\"\/2022\/09\/pr\u00e9sentation-saison-culturelle-de-la-Ville.jpg\"><img decoding=\"async\" aria-describedby=\"caption-attachment-195193\" class=\"size-medium wp-image-195193\" src=\"\/2022\/09\/pr\u00e9sentation-saison-culturelle-de-la-Ville-340x255.jpg\" alt=\"A. Chwaliszewski &amp; L. Colomb\" width=\"340\" height=\"255\" \/><\/a><p id=\"caption-attachment-195193\" class=\"wp-caption-text\">A. Chwaliszewski &amp; L. Colomb<\/p><\/div>\n<p>Comme le rappelait l&rsquo;adjointe \u00e0 la culture Anne Chwaliszewski, il y en aura pour tous les go\u00fbts cette ann\u00e9e avec une programmation \u00e9clectique, conviviale et familiale, \u00e0 savourer sans mod\u00e9ration. Une programmation concoct\u00e9e par la MCL avec l&rsquo;aide des b\u00e9n\u00e9voles impliqu\u00e9s dans la commission mise en place sp\u00e9cifiquement dans ce but. Une sp\u00e9cificit\u00e9 \u00e0 laquelle tient la maison, comme le rappelait la directrice Ludivine Colomb ce dimanche apr\u00e8s-midi avant le lancement du teaser de cette saison culturelle 2022-2023 qui d\u00e9marrait en fanfare, au propre comme au figur\u00e9. En effet, apr\u00e8s un premier concert le samedi soir, entre un spectacle de clown et une d\u00e9ambulation, ce sont les cuivres de <em>Tonnerre de Brass<\/em>, formation locale, qui a flatt\u00e9 les oreilles du public. Esp\u00e9rons que ce premier week-end donne le tempo et le bon, car la saison culturelle a encore beaucoup \u00e0 vous offrir. Et si vous n&rsquo;avez pas encore mis la main dessus, vous pouvez d&rsquo;ailleurs retrouver le programme sur le site de la MCL ou en version papier un peu partout en ville.<\/p>\n","protected":false},"excerpt":{"rendered":"<p>La Ville de G\u00e9rardmer et la MCL avaient choisi ce week-end pour lancer la nouvelle saison culturelle avec un programme [&hellip;]<\/p>\n","protected":false},"author":42,"featured_media":61817,"comment_status":"open","ping_status":"open","sticky":false,"template":"","format":"standard","meta":{"footnotes":""},"categories":[20,4,25],"tags":[],"class_list":["post-61816","post","type-post","status-publish","format-standard","has-post-thumbnail","hentry","category-a-la-une","category-culture","category-gerardmer"],"acf":[],"yoast_head":"<!-- This site is optimized with the Yoast SEO plugin v22.5 - https:\/\/yoast.com\/wordpress\/plugins\/seo\/ -->\n<title>La Saison Culturelle de la Ville d\u00e9marre en fanfare - Gerardmer Info<\/title>\n<meta name=\"robots\" content=\"index, follow, max-snippet:-1, max-image-preview:large, max-video-preview:-1\" \/>\n<link rel=\"canonical\" href=\"https:\/\/vosgesinfo.fr\/gerardmerinfo\/2022\/09\/saison-culturelle-de-ville-demarre-fanfare\/\" \/>\n<meta name=\"twitter:card\" content=\"summary_large_image\" \/>\n<meta name=\"twitter:title\" content=\"La Saison Culturelle de la Ville d\u00e9marre en fanfare - Gerardmer Info\" \/>\n<meta name=\"twitter:description\" content=\"La Ville de G\u00e9rardmer et la MCL avaient choisi ce week-end pour lancer la nouvelle saison culturelle avec un programme [&hellip;]\" \/>\n<meta name=\"twitter:image\" content=\"https:\/\/vosgesinfo.fr\/app\/uploads\/sites\/6\/2024\/07\/202209saison-culturelle-tonnerre-de-brass-band-gerardmer-1.jpg\" \/>\n<meta name=\"twitter:creator\" content=\"@VosgesInfo88\" \/>\n<meta name=\"twitter:site\" content=\"@VosgesInfo88\" \/>\n<meta name=\"twitter:label1\" content=\"\u00c9crit par\" \/>\n\t<meta name=\"twitter:data1\" content=\"QG\" \/>\n\t<meta name=\"twitter:label2\" content=\"Dur\u00e9e de lecture estim\u00e9e\" \/>\n\t<meta name=\"twitter:data2\" content=\"1 minute\" \/>\n<script type=\"application\/ld+json\" class=\"yoast-schema-graph\">{\"@context\":\"https:\/\/schema.org\",\"@graph\":[{\"@type\":\"Article\",\"@id\":\"https:\/\/vosgesinfo.fr\/gerardmerinfo\/2022\/09\/saison-culturelle-de-ville-demarre-fanfare\/#article\",\"isPartOf\":{\"@id\":\"https:\/\/vosgesinfo.fr\/gerardmerinfo\/2022\/09\/saison-culturelle-de-ville-demarre-fanfare\/\"},\"author\":{\"name\":\"QG\",\"@id\":\"https:\/\/vosgesinfo.fr\/gerardmerinfo\/#\/schema\/person\/db5605779a843dad16b5368f3e7613a5\"},\"headline\":\"La Saison Culturelle de la Ville d\u00e9marre en fanfare\",\"datePublished\":\"2022-09-19T02:00:24+00:00\",\"dateModified\":\"2022-09-19T02:00:24+00:00\",\"mainEntityOfPage\":{\"@id\":\"https:\/\/vosgesinfo.fr\/gerardmerinfo\/2022\/09\/saison-culturelle-de-ville-demarre-fanfare\/\"},\"wordCount\":273,\"commentCount\":0,\"publisher\":{\"@id\":\"https:\/\/vosgesinfo.fr\/gerardmerinfo\/#organization\"},\"image\":{\"@id\":\"https:\/\/vosgesinfo.fr\/gerardmerinfo\/2022\/09\/saison-culturelle-de-ville-demarre-fanfare\/#primaryimage\"},\"thumbnailUrl\":\"https:\/\/vosgesinfo.fr\/app\/uploads\/sites\/6\/2024\/07\/202209saison-culturelle-tonnerre-de-brass-band-gerardmer-1.jpg\",\"articleSection\":[\"A la une\",\"Culture\",\"G\u00e9rardmer\"],\"inLanguage\":\"fr-FR\",\"potentialAction\":[{\"@type\":\"CommentAction\",\"name\":\"Comment\",\"target\":[\"https:\/\/vosgesinfo.fr\/gerardmerinfo\/2022\/09\/saison-culturelle-de-ville-demarre-fanfare\/#respond\"]}]},{\"@type\":\"WebPage\",\"@id\":\"https:\/\/vosgesinfo.fr\/gerardmerinfo\/2022\/09\/saison-culturelle-de-ville-demarre-fanfare\/\",\"url\":\"https:\/\/vosgesinfo.fr\/gerardmerinfo\/2022\/09\/saison-culturelle-de-ville-demarre-fanfare\/\",\"name\":\"La Saison Culturelle de la Ville d\u00e9marre en fanfare - Gerardmer Info\",\"isPartOf\":{\"@id\":\"https:\/\/vosgesinfo.fr\/gerardmerinfo\/#website\"},\"primaryImageOfPage\":{\"@id\":\"https:\/\/vosgesinfo.fr\/gerardmerinfo\/2022\/09\/saison-culturelle-de-ville-demarre-fanfare\/#primaryimage\"},\"image\":{\"@id\":\"https:\/\/vosgesinfo.fr\/gerardmerinfo\/2022\/09\/saison-culturelle-de-ville-demarre-fanfare\/#primaryimage\"},\"thumbnailUrl\":\"https:\/\/vosgesinfo.fr\/app\/uploads\/sites\/6\/2024\/07\/202209saison-culturelle-tonnerre-de-brass-band-gerardmer-1.jpg\",\"datePublished\":\"2022-09-19T02:00:24+00:00\",\"dateModified\":\"2022-09-19T02:00:24+00:00\",\"breadcrumb\":{\"@id\":\"https:\/\/vosgesinfo.fr\/gerardmerinfo\/2022\/09\/saison-culturelle-de-ville-demarre-fanfare\/#breadcrumb\"},\"inLanguage\":\"fr-FR\",\"potentialAction\":[{\"@type\":\"ReadAction\",\"target\":[\"https:\/\/vosgesinfo.fr\/gerardmerinfo\/2022\/09\/saison-culturelle-de-ville-demarre-fanfare\/\"]}]},{\"@type\":\"ImageObject\",\"inLanguage\":\"fr-FR\",\"@id\":\"https:\/\/vosgesinfo.fr\/gerardmerinfo\/2022\/09\/saison-culturelle-de-ville-demarre-fanfare\/#primaryimage\",\"url\":\"https:\/\/vosgesinfo.fr\/app\/uploads\/sites\/6\/2024\/07\/202209saison-culturelle-tonnerre-de-brass-band-gerardmer-1.jpg\",\"contentUrl\":\"https:\/\/vosgesinfo.fr\/app\/uploads\/sites\/6\/2024\/07\/202209saison-culturelle-tonnerre-de-brass-band-gerardmer-1.jpg\",\"width\":1600,\"height\":1200},{\"@type\":\"BreadcrumbList\",\"@id\":\"https:\/\/vosgesinfo.fr\/gerardmerinfo\/2022\/09\/saison-culturelle-de-ville-demarre-fanfare\/#breadcrumb\",\"itemListElement\":[{\"@type\":\"ListItem\",\"position\":1,\"name\":\"Home\",\"item\":\"https:\/\/vosgesinfo.fr\/gerardmerinfo\/\"},{\"@type\":\"ListItem\",\"position\":2,\"name\":\"La Saison Culturelle de la Ville d\u00e9marre en fanfare\"}]},{\"@type\":\"WebSite\",\"@id\":\"https:\/\/vosgesinfo.fr\/gerardmerinfo\/#website\",\"url\":\"https:\/\/vosgesinfo.fr\/gerardmerinfo\/\",\"name\":\"Gerardmer Info\",\"description\":\"Toute l&#039;actualit\u00e9 de G\u00e9rardmer\",\"publisher\":{\"@id\":\"https:\/\/vosgesinfo.fr\/gerardmerinfo\/#organization\"},\"alternateName\":\"Toute l'actualit\u00e9 de G\u00e9rardmer\",\"potentialAction\":[{\"@type\":\"SearchAction\",\"target\":{\"@type\":\"EntryPoint\",\"urlTemplate\":\"https:\/\/vosgesinfo.fr\/gerardmerinfo\/?s={search_term_string}\"},\"query-input\":\"required name=search_term_string\"}],\"inLanguage\":\"fr-FR\"},{\"@type\":\"Organization\",\"@id\":\"https:\/\/vosgesinfo.fr\/gerardmerinfo\/#organization\",\"name\":\"Gerardmer Info\",\"url\":\"https:\/\/vosgesinfo.fr\/gerardmerinfo\/\",\"logo\":{\"@type\":\"ImageObject\",\"inLanguage\":\"fr-FR\",\"@id\":\"https:\/\/vosgesinfo.fr\/gerardmerinfo\/#\/schema\/logo\/image\/\",\"url\":\"https:\/\/vosgesinfo.fr\/app\/uploads\/sites\/6\/2023\/08\/favicon-gerardmerinfo.png\",\"contentUrl\":\"https:\/\/vosgesinfo.fr\/app\/uploads\/sites\/6\/2023\/08\/favicon-gerardmerinfo.png\",\"width\":512,\"height\":512,\"caption\":\"Gerardmer Info\"},\"image\":{\"@id\":\"https:\/\/vosgesinfo.fr\/gerardmerinfo\/#\/schema\/logo\/image\/\"},\"sameAs\":[\"https:\/\/www.facebook.com\/profile.php?id=100049475262660\",\"https:\/\/x.com\/VosgesInfo88\",\"https:\/\/www.youtube.com\/@vosgesinfo\"]},{\"@type\":\"Person\",\"@id\":\"https:\/\/vosgesinfo.fr\/gerardmerinfo\/#\/schema\/person\/db5605779a843dad16b5368f3e7613a5\",\"name\":\"QG\",\"image\":{\"@type\":\"ImageObject\",\"inLanguage\":\"fr-FR\",\"@id\":\"https:\/\/vosgesinfo.fr\/gerardmerinfo\/#\/schema\/person\/image\/\",\"url\":\"https:\/\/secure.gravatar.com\/avatar\/ea80c42c204b534408512832fde52504ecabb9706bcb6151cf6175e5b64e6793?s=96&d=mm&r=g\",\"contentUrl\":\"https:\/\/secure.gravatar.com\/avatar\/ea80c42c204b534408512832fde52504ecabb9706bcb6151cf6175e5b64e6793?s=96&d=mm&r=g\",\"caption\":\"QG\"},\"url\":\"https:\/\/vosgesinfo.fr\/gerardmerinfo\/author\/quentin88\/\"}]}<\/script>\n<!-- \/ Yoast SEO plugin. -->","yoast_head_json":{"title":"La Saison Culturelle de la Ville d\u00e9marre en fanfare - Gerardmer Info","robots":{"index":"index","follow":"follow","max-snippet":"max-snippet:-1","max-image-preview":"max-image-preview:large","max-video-preview":"max-video-preview:-1"},"canonical":"https:\/\/vosgesinfo.fr\/gerardmerinfo\/2022\/09\/saison-culturelle-de-ville-demarre-fanfare\/","twitter_card":"summary_large_image","twitter_title":"La Saison Culturelle de la Ville d\u00e9marre en fanfare - Gerardmer Info","twitter_description":"La Ville de G\u00e9rardmer et la MCL avaient choisi ce week-end pour lancer la nouvelle saison culturelle avec un programme [&hellip;]","twitter_image":"https:\/\/vosgesinfo.fr\/app\/uploads\/sites\/6\/2024\/07\/202209saison-culturelle-tonnerre-de-brass-band-gerardmer-1.jpg","twitter_creator":"@VosgesInfo88","twitter_site":"@VosgesInfo88","twitter_misc":{"\u00c9crit par":"QG","Dur\u00e9e de lecture estim\u00e9e":"1 minute"},"schema":{"@context":"https:\/\/schema.org","@graph":[{"@type":"Article","@id":"https:\/\/vosgesinfo.fr\/gerardmerinfo\/2022\/09\/saison-culturelle-de-ville-demarre-fanfare\/#article","isPartOf":{"@id":"https:\/\/vosgesinfo.fr\/gerardmerinfo\/2022\/09\/saison-culturelle-de-ville-demarre-fanfare\/"},"author":{"name":"QG","@id":"https:\/\/vosgesinfo.fr\/gerardmerinfo\/#\/schema\/person\/db5605779a843dad16b5368f3e7613a5"},"headline":"La Saison Culturelle de la Ville d\u00e9marre en fanfare","datePublished":"2022-09-19T02:00:24+00:00","dateModified":"2022-09-19T02:00:24+00:00","mainEntityOfPage":{"@id":"https:\/\/vosgesinfo.fr\/gerardmerinfo\/2022\/09\/saison-culturelle-de-ville-demarre-fanfare\/"},"wordCount":273,"commentCount":0,"publisher":{"@id":"https:\/\/vosgesinfo.fr\/gerardmerinfo\/#organization"},"image":{"@id":"https:\/\/vosgesinfo.fr\/gerardmerinfo\/2022\/09\/saison-culturelle-de-ville-demarre-fanfare\/#primaryimage"},"thumbnailUrl":"https:\/\/vosgesinfo.fr\/app\/uploads\/sites\/6\/2024\/07\/202209saison-culturelle-tonnerre-de-brass-band-gerardmer-1.jpg","articleSection":["A la une","Culture","G\u00e9rardmer"],"inLanguage":"fr-FR","potentialAction":[{"@type":"CommentAction","name":"Comment","target":["https:\/\/vosgesinfo.fr\/gerardmerinfo\/2022\/09\/saison-culturelle-de-ville-demarre-fanfare\/#respond"]}]},{"@type":"WebPage","@id":"https:\/\/vosgesinfo.fr\/gerardmerinfo\/2022\/09\/saison-culturelle-de-ville-demarre-fanfare\/","url":"https:\/\/vosgesinfo.fr\/gerardmerinfo\/2022\/09\/saison-culturelle-de-ville-demarre-fanfare\/","name":"La Saison Culturelle de la Ville d\u00e9marre en fanfare - Gerardmer Info","isPartOf":{"@id":"https:\/\/vosgesinfo.fr\/gerardmerinfo\/#website"},"primaryImageOfPage":{"@id":"https:\/\/vosgesinfo.fr\/gerardmerinfo\/2022\/09\/saison-culturelle-de-ville-demarre-fanfare\/#primaryimage"},"image":{"@id":"https:\/\/vosgesinfo.fr\/gerardmerinfo\/2022\/09\/saison-culturelle-de-ville-demarre-fanfare\/#primaryimage"},"thumbnailUrl":"https:\/\/vosgesinfo.fr\/app\/uploads\/sites\/6\/2024\/07\/202209saison-culturelle-tonnerre-de-brass-band-gerardmer-1.jpg","datePublished":"2022-09-19T02:00:24+00:00","dateModified":"2022-09-19T02:00:24+00:00","breadcrumb":{"@id":"https:\/\/vosgesinfo.fr\/gerardmerinfo\/2022\/09\/saison-culturelle-de-ville-demarre-fanfare\/#breadcrumb"},"inLanguage":"fr-FR","potentialAction":[{"@type":"ReadAction","target":["https:\/\/vosgesinfo.fr\/gerardmerinfo\/2022\/09\/saison-culturelle-de-ville-demarre-fanfare\/"]}]},{"@type":"ImageObject","inLanguage":"fr-FR","@id":"https:\/\/vosgesinfo.fr\/gerardmerinfo\/2022\/09\/saison-culturelle-de-ville-demarre-fanfare\/#primaryimage","url":"https:\/\/vosgesinfo.fr\/app\/uploads\/sites\/6\/2024\/07\/202209saison-culturelle-tonnerre-de-brass-band-gerardmer-1.jpg","contentUrl":"https:\/\/vosgesinfo.fr\/app\/uploads\/sites\/6\/2024\/07\/202209saison-culturelle-tonnerre-de-brass-band-gerardmer-1.jpg","width":1600,"height":1200},{"@type":"BreadcrumbList","@id":"https:\/\/vosgesinfo.fr\/gerardmerinfo\/2022\/09\/saison-culturelle-de-ville-demarre-fanfare\/#breadcrumb","itemListElement":[{"@type":"ListItem","position":1,"name":"Home","item":"https:\/\/vosgesinfo.fr\/gerardmerinfo\/"},{"@type":"ListItem","position":2,"name":"La Saison Culturelle de la Ville d\u00e9marre en fanfare"}]},{"@type":"WebSite","@id":"https:\/\/vosgesinfo.fr\/gerardmerinfo\/#website","url":"https:\/\/vosgesinfo.fr\/gerardmerinfo\/","name":"Gerardmer Info","description":"Toute l&#039;actualit\u00e9 de G\u00e9rardmer","publisher":{"@id":"https:\/\/vosgesinfo.fr\/gerardmerinfo\/#organization"},"alternateName":"Toute l'actualit\u00e9 de G\u00e9rardmer","potentialAction":[{"@type":"SearchAction","target":{"@type":"EntryPoint","urlTemplate":"https:\/\/vosgesinfo.fr\/gerardmerinfo\/?s={search_term_string}"},"query-input":"required name=search_term_string"}],"inLanguage":"fr-FR"},{"@type":"Organization","@id":"https:\/\/vosgesinfo.fr\/gerardmerinfo\/#organization","name":"Gerardmer Info","url":"https:\/\/vosgesinfo.fr\/gerardmerinfo\/","logo":{"@type":"ImageObject","inLanguage":"fr-FR","@id":"https:\/\/vosgesinfo.fr\/gerardmerinfo\/#\/schema\/logo\/image\/","url":"https:\/\/vosgesinfo.fr\/app\/uploads\/sites\/6\/2023\/08\/favicon-gerardmerinfo.png","contentUrl":"https:\/\/vosgesinfo.fr\/app\/uploads\/sites\/6\/2023\/08\/favicon-gerardmerinfo.png","width":512,"height":512,"caption":"Gerardmer Info"},"image":{"@id":"https:\/\/vosgesinfo.fr\/gerardmerinfo\/#\/schema\/logo\/image\/"},"sameAs":["https:\/\/www.facebook.com\/profile.php?id=100049475262660","https:\/\/x.com\/VosgesInfo88","https:\/\/www.youtube.com\/@vosgesinfo"]},{"@type":"Person","@id":"https:\/\/vosgesinfo.fr\/gerardmerinfo\/#\/schema\/person\/db5605779a843dad16b5368f3e7613a5","name":"QG","image":{"@type":"ImageObject","inLanguage":"fr-FR","@id":"https:\/\/vosgesinfo.fr\/gerardmerinfo\/#\/schema\/person\/image\/","url":"https:\/\/secure.gravatar.com\/avatar\/ea80c42c204b534408512832fde52504ecabb9706bcb6151cf6175e5b64e6793?s=96&d=mm&r=g","contentUrl":"https:\/\/secure.gravatar.com\/avatar\/ea80c42c204b534408512832fde52504ecabb9706bcb6151cf6175e5b64e6793?s=96&d=mm&r=g","caption":"QG"},"url":"https:\/\/vosgesinfo.fr\/gerardmerinfo\/author\/quentin88\/"}]}},"_links":{"self":[{"href":"https:\/\/vosgesinfo.fr\/gerardmerinfo\/wp-json\/wp\/v2\/posts\/61816","targetHints":{"allow":["GET"]}}],"collection":[{"href":"https:\/\/vosgesinfo.fr\/gerardmerinfo\/wp-json\/wp\/v2\/posts"}],"about":[{"href":"https:\/\/vosgesinfo.fr\/gerardmerinfo\/wp-json\/wp\/v2\/types\/post"}],"author":[{"embeddable":true,"href":"https:\/\/vosgesinfo.fr\/gerardmerinfo\/wp-json\/wp\/v2\/users\/42"}],"replies":[{"embeddable":true,"href":"https:\/\/vosgesinfo.fr\/gerardmerinfo\/wp-json\/wp\/v2\/comments?post=61816"}],"version-history":[{"count":0,"href":"https:\/\/vosgesinfo.fr\/gerardmerinfo\/wp-json\/wp\/v2\/posts\/61816\/revisions"}],"wp:featuredmedia":[{"embeddable":true,"href":"https:\/\/vosgesinfo.fr\/gerardmerinfo\/wp-json\/wp\/v2\/media\/61817"}],"wp:attachment":[{"href":"https:\/\/vosgesinfo.fr\/gerardmerinfo\/wp-json\/wp\/v2\/media?parent=61816"}],"wp:term":[{"taxonomy":"category","embeddable":true,"href":"https:\/\/vosgesinfo.fr\/gerardmerinfo\/wp-json\/wp\/v2\/categories?post=61816"},{"taxonomy":"post_tag","embeddable":true,"href":"https:\/\/vosgesinfo.fr\/gerardmerinfo\/wp-json\/wp\/v2\/tags?post=61816"}],"curies":[{"name":"wp","href":"https:\/\/api.w.org\/{rel}","templated":true}]}}