{"id":61823,"date":"2022-09-20T04:01:37","date_gmt":"2022-09-20T02:01:37","guid":{"rendered":"https:\/\/vosgesinfo.fr\/gerardmerinfo\/2022\/09\/ferme-launard-petit-tresor-patrimoine-local-video\/"},"modified":"2022-09-20T04:01:37","modified_gmt":"2022-09-20T02:01:37","slug":"ferme-launard-petit-tresor-patrimoine-local-video","status":"publish","type":"post","link":"https:\/\/vosgesinfo.fr\/gerardmerinfo\/2022\/09\/ferme-launard-petit-tresor-patrimoine-local-video\/","title":{"rendered":"La Ferme Launard : un petit tr\u00e9sor du patrimoine local (vid\u00e9o)"},"content":{"rendered":"<p><iframe loading=\"lazy\" src=\"\/\/www.youtube.com\/embed\/mXKf8NFOnmA\" width=\"425\" height=\"350\" allowfullscreen=\"allowfullscreen\"><\/iframe><\/p>\n<p><a href=\"\/2022\/09\/conf\u00e9rence-ferme-Launard-2.jpg\"><img decoding=\"async\" class=\"aligncenter size-medium wp-image-195207\" src=\"\/2022\/09\/conf\u00e9rence-ferme-Launard-2-400x185.jpg\" alt=\"conf\u00e9rence ferme Launard (2)\" width=\"400\" height=\"185\" \/><\/a><\/p>\n<h3>Dans la cadre des Journ\u00e9es Europ\u00e9ennes \u00a0du Patrimoine, l&rsquo;association <em>Sauvegardons Launard<\/em> organisait en partenariat avec la Ville de G\u00e9rardmer une conf\u00e9rence sur <span class=\"entry-title-primary\">la ferme de LAUNARD et acensements ducaux ainsi qu&rsquo;une visite des lieux en compagnie de Jean Yves HENRY, chercheur, inventaire g\u00e9n\u00e9ral r\u00e9gion Grand Est.<br \/>\n<\/span><\/h3>\n<div id=\"attachment_195206\" style=\"width: 350px\" class=\"wp-caption alignright\"><a href=\"\/2022\/09\/conf\u00e9rence-ferme-Launard-1.jpg\"><img decoding=\"async\" aria-describedby=\"caption-attachment-195206\" class=\"wp-image-195206 size-medium\" src=\"\/2022\/09\/conf\u00e9rence-ferme-Launard-1-340x255.jpg\" alt=\"conf\u00e9rence ferme Launard (1)\" width=\"340\" height=\"255\" \/><\/a><p id=\"caption-attachment-195206\" class=\"wp-caption-text\">Les chaises ont failli manquer pour accueillir l&rsquo;ensemble des visiteurs \u00e0 la salle des Armes.<\/p><\/div>\n<p><a href=\"\/2022\/09\/conf\u00e9rence-ferme-Launard-3.jpg\"><img decoding=\"async\" class=\"alignright size-medium wp-image-195208\" src=\"\/2022\/09\/conf\u00e9rence-ferme-Launard-3-340x255.jpg\" alt=\"conf\u00e9rence ferme Launard (3)\" width=\"340\" height=\"255\" \/><\/a>Samedi soir, la salle des Armes de l&rsquo;h\u00f4tel de Ville g\u00e9r\u00f4mois \u00e9tait archi comble pour accueillir cette conf\u00e9rence agr\u00e9ment\u00e9e d&rsquo;un diaporama et d&rsquo;une mini exposition propos\u00e9e par la famille Fleurance, dits les <em>Borons de Launard<\/em>, qui a longtemps \u00e9t\u00e9 propri\u00e9taire de cette ferme isol\u00e9e sur les hauts de G\u00e9rardmer, juste au-dessus du Lac : \u00ab\u00a0Nos grands-parents sont rest\u00e9s dans la ferme jusqu\u2019\u00e0 leur d\u00e9c\u00e8s en 1963 et 1965. Ils ont eu douze enfants. Nous sommes 39 cousins\/cousines. Nos enfants et petits-enfants sont actuellement plus de 150. Toute cette grande famille est tr\u00e8s attach\u00e9e \u00e0 cet endroit. D\u2019ann\u00e9e en ann\u00e9e, nous voyons la ferme, aujourd&rsquo;hui propri\u00e9t\u00e9 de l\u2019ONF, se d\u00e9grader inexorablement. Ce ne sera bient\u00f4t plus qu&rsquo;une ruine qui finira par devenir dangereuse, elle sera alors d\u00e9truite. Pourtant, l&rsquo;histoire de cette ferme est remarquable, l&rsquo;acensement est attest\u00e9 en 1610. L&rsquo;ensemble du site pr\u00e9sente un int\u00e9r\u00eat majeur pour l\u2019\u00e9tude de l\u2019architecture rurale de la r\u00e9gion de G\u00e9rardmer dont elle est un t\u00e9moin rare, voire unique.<br \/>\nNotre grande famille s&rsquo;est mobilis\u00e9e et a cr\u00e9\u00e9 l&rsquo;association <em>Sauvegardons LAUNARD<\/em> en octobre 2021, elle est ouverte \u00e0 tous. Son objet est de f\u00e9d\u00e9rer toutes les bonnes volont\u00e9s en accord avec l\u2019ONF pour pouvoir engager des travaux. Ceci en r\u00e9coltant des fonds via les adh\u00e9sions, les dons, les subventions obtenues aupr\u00e8s des collectivit\u00e9s territoriales. Mais depuis plus d&rsquo;un an, tous nos courriers adress\u00e9s \u00e0 l&rsquo;ONF pour obtenir son accord et \u00e9tablir une convention, sont rest\u00e9s lettre morte !\u00a0\u00bb pr\u00e9cisait Martine Dautcourt en introduction de la conf\u00e9rence de Jean-Yves Henry afin de planter le d\u00e9cor, au sens propre comme au figur\u00e9. Belle surprise en tout cas de constater la forte affluence et donc l&rsquo;int\u00e9r\u00eat que portent les locaux \u00e0 ce sujet et \u00e0 la conservation du patrimoine local. Il en sera de m\u00eame le lendemain pour la visite guid\u00e9e sur le site, toujours en compagnie de Jean-Yves Henry, o\u00f9 pr\u00e8s de 70 personnes se sont r\u00e9unies.<\/p>\n\n","protected":false},"excerpt":{"rendered":"<p>Dans la cadre des Journ\u00e9es Europ\u00e9ennes \u00a0du Patrimoine, l&rsquo;association Sauvegardons Launard organisait en partenariat avec la Ville de G\u00e9rardmer une [&hellip;]<\/p>\n","protected":false},"author":42,"featured_media":61824,"comment_status":"open","ping_status":"open","sticky":false,"template":"","format":"standard","meta":{"footnotes":""},"categories":[20,4,18],"tags":[5180,5168,285],"class_list":["post-61823","post","type-post","status-publish","format-standard","has-post-thumbnail","hentry","category-a-la-une","category-culture","category-vosges","tag-acensements","tag-ferme-launard","tag-martine-dautcourt"],"acf":[],"yoast_head":"<!-- This site is optimized with the Yoast SEO plugin v22.5 - https:\/\/yoast.com\/wordpress\/plugins\/seo\/ -->\n<title>La Ferme Launard : un petit tr\u00e9sor du patrimoine local (vid\u00e9o) - Gerardmer Info<\/title>\n<meta name=\"robots\" content=\"index, follow, max-snippet:-1, max-image-preview:large, max-video-preview:-1\" \/>\n<link rel=\"canonical\" href=\"https:\/\/vosgesinfo.fr\/gerardmerinfo\/2022\/09\/ferme-launard-petit-tresor-patrimoine-local-video\/\" \/>\n<meta name=\"twitter:card\" content=\"summary_large_image\" \/>\n<meta name=\"twitter:title\" content=\"La Ferme Launard : un petit tr\u00e9sor du patrimoine local (vid\u00e9o) - Gerardmer Info\" \/>\n<meta name=\"twitter:description\" content=\"Dans la cadre des Journ\u00e9es Europ\u00e9ennes \u00a0du Patrimoine, l&rsquo;association Sauvegardons Launard organisait en partenariat avec la Ville de G\u00e9rardmer une [&hellip;]\" \/>\n<meta name=\"twitter:image\" content=\"https:\/\/vosgesinfo.fr\/app\/uploads\/sites\/6\/2024\/07\/202209visite-guidee-ferme-launard-acensement-2-1.jpg\" \/>\n<meta name=\"twitter:creator\" content=\"@VosgesInfo88\" \/>\n<meta name=\"twitter:site\" content=\"@VosgesInfo88\" \/>\n<meta name=\"twitter:label1\" content=\"\u00c9crit par\" \/>\n\t<meta name=\"twitter:data1\" content=\"QG\" \/>\n\t<meta name=\"twitter:label2\" content=\"Dur\u00e9e de lecture estim\u00e9e\" \/>\n\t<meta name=\"twitter:data2\" content=\"2 minutes\" \/>\n<script type=\"application\/ld+json\" class=\"yoast-schema-graph\">{\"@context\":\"https:\/\/schema.org\",\"@graph\":[{\"@type\":\"Article\",\"@id\":\"https:\/\/vosgesinfo.fr\/gerardmerinfo\/2022\/09\/ferme-launard-petit-tresor-patrimoine-local-video\/#article\",\"isPartOf\":{\"@id\":\"https:\/\/vosgesinfo.fr\/gerardmerinfo\/2022\/09\/ferme-launard-petit-tresor-patrimoine-local-video\/\"},\"author\":{\"name\":\"QG\",\"@id\":\"https:\/\/vosgesinfo.fr\/gerardmerinfo\/#\/schema\/person\/db5605779a843dad16b5368f3e7613a5\"},\"headline\":\"La Ferme Launard : un petit tr\u00e9sor du patrimoine local (vid\u00e9o)\",\"datePublished\":\"2022-09-20T02:01:37+00:00\",\"dateModified\":\"2022-09-20T02:01:37+00:00\",\"mainEntityOfPage\":{\"@id\":\"https:\/\/vosgesinfo.fr\/gerardmerinfo\/2022\/09\/ferme-launard-petit-tresor-patrimoine-local-video\/\"},\"wordCount\":467,\"commentCount\":0,\"publisher\":{\"@id\":\"https:\/\/vosgesinfo.fr\/gerardmerinfo\/#organization\"},\"image\":{\"@id\":\"https:\/\/vosgesinfo.fr\/gerardmerinfo\/2022\/09\/ferme-launard-petit-tresor-patrimoine-local-video\/#primaryimage\"},\"thumbnailUrl\":\"https:\/\/vosgesinfo.fr\/app\/uploads\/sites\/6\/2024\/07\/202209visite-guidee-ferme-launard-acensement-2-1.jpg\",\"keywords\":[\"acensements\",\"Ferme Launard\",\"Martine Dautcourt\"],\"articleSection\":[\"A la une\",\"Culture\",\"Vosges\"],\"inLanguage\":\"fr-FR\",\"potentialAction\":[{\"@type\":\"CommentAction\",\"name\":\"Comment\",\"target\":[\"https:\/\/vosgesinfo.fr\/gerardmerinfo\/2022\/09\/ferme-launard-petit-tresor-patrimoine-local-video\/#respond\"]}]},{\"@type\":\"WebPage\",\"@id\":\"https:\/\/vosgesinfo.fr\/gerardmerinfo\/2022\/09\/ferme-launard-petit-tresor-patrimoine-local-video\/\",\"url\":\"https:\/\/vosgesinfo.fr\/gerardmerinfo\/2022\/09\/ferme-launard-petit-tresor-patrimoine-local-video\/\",\"name\":\"La Ferme Launard : un petit tr\u00e9sor du patrimoine local (vid\u00e9o) - Gerardmer Info\",\"isPartOf\":{\"@id\":\"https:\/\/vosgesinfo.fr\/gerardmerinfo\/#website\"},\"primaryImageOfPage\":{\"@id\":\"https:\/\/vosgesinfo.fr\/gerardmerinfo\/2022\/09\/ferme-launard-petit-tresor-patrimoine-local-video\/#primaryimage\"},\"image\":{\"@id\":\"https:\/\/vosgesinfo.fr\/gerardmerinfo\/2022\/09\/ferme-launard-petit-tresor-patrimoine-local-video\/#primaryimage\"},\"thumbnailUrl\":\"https:\/\/vosgesinfo.fr\/app\/uploads\/sites\/6\/2024\/07\/202209visite-guidee-ferme-launard-acensement-2-1.jpg\",\"datePublished\":\"2022-09-20T02:01:37+00:00\",\"dateModified\":\"2022-09-20T02:01:37+00:00\",\"breadcrumb\":{\"@id\":\"https:\/\/vosgesinfo.fr\/gerardmerinfo\/2022\/09\/ferme-launard-petit-tresor-patrimoine-local-video\/#breadcrumb\"},\"inLanguage\":\"fr-FR\",\"potentialAction\":[{\"@type\":\"ReadAction\",\"target\":[\"https:\/\/vosgesinfo.fr\/gerardmerinfo\/2022\/09\/ferme-launard-petit-tresor-patrimoine-local-video\/\"]}]},{\"@type\":\"ImageObject\",\"inLanguage\":\"fr-FR\",\"@id\":\"https:\/\/vosgesinfo.fr\/gerardmerinfo\/2022\/09\/ferme-launard-petit-tresor-patrimoine-local-video\/#primaryimage\",\"url\":\"https:\/\/vosgesinfo.fr\/app\/uploads\/sites\/6\/2024\/07\/202209visite-guidee-ferme-launard-acensement-2-1.jpg\",\"contentUrl\":\"https:\/\/vosgesinfo.fr\/app\/uploads\/sites\/6\/2024\/07\/202209visite-guidee-ferme-launard-acensement-2-1.jpg\",\"width\":1920,\"height\":1080},{\"@type\":\"BreadcrumbList\",\"@id\":\"https:\/\/vosgesinfo.fr\/gerardmerinfo\/2022\/09\/ferme-launard-petit-tresor-patrimoine-local-video\/#breadcrumb\",\"itemListElement\":[{\"@type\":\"ListItem\",\"position\":1,\"name\":\"Home\",\"item\":\"https:\/\/vosgesinfo.fr\/gerardmerinfo\/\"},{\"@type\":\"ListItem\",\"position\":2,\"name\":\"La Ferme Launard : un petit tr\u00e9sor du patrimoine local (vid\u00e9o)\"}]},{\"@type\":\"WebSite\",\"@id\":\"https:\/\/vosgesinfo.fr\/gerardmerinfo\/#website\",\"url\":\"https:\/\/vosgesinfo.fr\/gerardmerinfo\/\",\"name\":\"Gerardmer Info\",\"description\":\"Toute l&#039;actualit\u00e9 de G\u00e9rardmer\",\"publisher\":{\"@id\":\"https:\/\/vosgesinfo.fr\/gerardmerinfo\/#organization\"},\"alternateName\":\"Toute l'actualit\u00e9 de G\u00e9rardmer\",\"potentialAction\":[{\"@type\":\"SearchAction\",\"target\":{\"@type\":\"EntryPoint\",\"urlTemplate\":\"https:\/\/vosgesinfo.fr\/gerardmerinfo\/?s={search_term_string}\"},\"query-input\":\"required name=search_term_string\"}],\"inLanguage\":\"fr-FR\"},{\"@type\":\"Organization\",\"@id\":\"https:\/\/vosgesinfo.fr\/gerardmerinfo\/#organization\",\"name\":\"Gerardmer Info\",\"url\":\"https:\/\/vosgesinfo.fr\/gerardmerinfo\/\",\"logo\":{\"@type\":\"ImageObject\",\"inLanguage\":\"fr-FR\",\"@id\":\"https:\/\/vosgesinfo.fr\/gerardmerinfo\/#\/schema\/logo\/image\/\",\"url\":\"https:\/\/vosgesinfo.fr\/app\/uploads\/sites\/6\/2023\/08\/favicon-gerardmerinfo.png\",\"contentUrl\":\"https:\/\/vosgesinfo.fr\/app\/uploads\/sites\/6\/2023\/08\/favicon-gerardmerinfo.png\",\"width\":512,\"height\":512,\"caption\":\"Gerardmer Info\"},\"image\":{\"@id\":\"https:\/\/vosgesinfo.fr\/gerardmerinfo\/#\/schema\/logo\/image\/\"},\"sameAs\":[\"https:\/\/www.facebook.com\/profile.php?id=100049475262660\",\"https:\/\/x.com\/VosgesInfo88\",\"https:\/\/www.youtube.com\/@vosgesinfo\"]},{\"@type\":\"Person\",\"@id\":\"https:\/\/vosgesinfo.fr\/gerardmerinfo\/#\/schema\/person\/db5605779a843dad16b5368f3e7613a5\",\"name\":\"QG\",\"image\":{\"@type\":\"ImageObject\",\"inLanguage\":\"fr-FR\",\"@id\":\"https:\/\/vosgesinfo.fr\/gerardmerinfo\/#\/schema\/person\/image\/\",\"url\":\"https:\/\/secure.gravatar.com\/avatar\/ea80c42c204b534408512832fde52504ecabb9706bcb6151cf6175e5b64e6793?s=96&d=mm&r=g\",\"contentUrl\":\"https:\/\/secure.gravatar.com\/avatar\/ea80c42c204b534408512832fde52504ecabb9706bcb6151cf6175e5b64e6793?s=96&d=mm&r=g\",\"caption\":\"QG\"},\"url\":\"https:\/\/vosgesinfo.fr\/gerardmerinfo\/author\/quentin88\/\"}]}<\/script>\n<!-- \/ Yoast SEO plugin. -->","yoast_head_json":{"title":"La Ferme Launard : un petit tr\u00e9sor du patrimoine local (vid\u00e9o) - Gerardmer Info","robots":{"index":"index","follow":"follow","max-snippet":"max-snippet:-1","max-image-preview":"max-image-preview:large","max-video-preview":"max-video-preview:-1"},"canonical":"https:\/\/vosgesinfo.fr\/gerardmerinfo\/2022\/09\/ferme-launard-petit-tresor-patrimoine-local-video\/","twitter_card":"summary_large_image","twitter_title":"La Ferme Launard : un petit tr\u00e9sor du patrimoine local (vid\u00e9o) - Gerardmer Info","twitter_description":"Dans la cadre des Journ\u00e9es Europ\u00e9ennes \u00a0du Patrimoine, l&rsquo;association Sauvegardons Launard organisait en partenariat avec la Ville de G\u00e9rardmer une [&hellip;]","twitter_image":"https:\/\/vosgesinfo.fr\/app\/uploads\/sites\/6\/2024\/07\/202209visite-guidee-ferme-launard-acensement-2-1.jpg","twitter_creator":"@VosgesInfo88","twitter_site":"@VosgesInfo88","twitter_misc":{"\u00c9crit par":"QG","Dur\u00e9e de lecture estim\u00e9e":"2 minutes"},"schema":{"@context":"https:\/\/schema.org","@graph":[{"@type":"Article","@id":"https:\/\/vosgesinfo.fr\/gerardmerinfo\/2022\/09\/ferme-launard-petit-tresor-patrimoine-local-video\/#article","isPartOf":{"@id":"https:\/\/vosgesinfo.fr\/gerardmerinfo\/2022\/09\/ferme-launard-petit-tresor-patrimoine-local-video\/"},"author":{"name":"QG","@id":"https:\/\/vosgesinfo.fr\/gerardmerinfo\/#\/schema\/person\/db5605779a843dad16b5368f3e7613a5"},"headline":"La Ferme Launard : un petit tr\u00e9sor du patrimoine local (vid\u00e9o)","datePublished":"2022-09-20T02:01:37+00:00","dateModified":"2022-09-20T02:01:37+00:00","mainEntityOfPage":{"@id":"https:\/\/vosgesinfo.fr\/gerardmerinfo\/2022\/09\/ferme-launard-petit-tresor-patrimoine-local-video\/"},"wordCount":467,"commentCount":0,"publisher":{"@id":"https:\/\/vosgesinfo.fr\/gerardmerinfo\/#organization"},"image":{"@id":"https:\/\/vosgesinfo.fr\/gerardmerinfo\/2022\/09\/ferme-launard-petit-tresor-patrimoine-local-video\/#primaryimage"},"thumbnailUrl":"https:\/\/vosgesinfo.fr\/app\/uploads\/sites\/6\/2024\/07\/202209visite-guidee-ferme-launard-acensement-2-1.jpg","keywords":["acensements","Ferme Launard","Martine Dautcourt"],"articleSection":["A la une","Culture","Vosges"],"inLanguage":"fr-FR","potentialAction":[{"@type":"CommentAction","name":"Comment","target":["https:\/\/vosgesinfo.fr\/gerardmerinfo\/2022\/09\/ferme-launard-petit-tresor-patrimoine-local-video\/#respond"]}]},{"@type":"WebPage","@id":"https:\/\/vosgesinfo.fr\/gerardmerinfo\/2022\/09\/ferme-launard-petit-tresor-patrimoine-local-video\/","url":"https:\/\/vosgesinfo.fr\/gerardmerinfo\/2022\/09\/ferme-launard-petit-tresor-patrimoine-local-video\/","name":"La Ferme Launard : un petit tr\u00e9sor du patrimoine local (vid\u00e9o) - Gerardmer Info","isPartOf":{"@id":"https:\/\/vosgesinfo.fr\/gerardmerinfo\/#website"},"primaryImageOfPage":{"@id":"https:\/\/vosgesinfo.fr\/gerardmerinfo\/2022\/09\/ferme-launard-petit-tresor-patrimoine-local-video\/#primaryimage"},"image":{"@id":"https:\/\/vosgesinfo.fr\/gerardmerinfo\/2022\/09\/ferme-launard-petit-tresor-patrimoine-local-video\/#primaryimage"},"thumbnailUrl":"https:\/\/vosgesinfo.fr\/app\/uploads\/sites\/6\/2024\/07\/202209visite-guidee-ferme-launard-acensement-2-1.jpg","datePublished":"2022-09-20T02:01:37+00:00","dateModified":"2022-09-20T02:01:37+00:00","breadcrumb":{"@id":"https:\/\/vosgesinfo.fr\/gerardmerinfo\/2022\/09\/ferme-launard-petit-tresor-patrimoine-local-video\/#breadcrumb"},"inLanguage":"fr-FR","potentialAction":[{"@type":"ReadAction","target":["https:\/\/vosgesinfo.fr\/gerardmerinfo\/2022\/09\/ferme-launard-petit-tresor-patrimoine-local-video\/"]}]},{"@type":"ImageObject","inLanguage":"fr-FR","@id":"https:\/\/vosgesinfo.fr\/gerardmerinfo\/2022\/09\/ferme-launard-petit-tresor-patrimoine-local-video\/#primaryimage","url":"https:\/\/vosgesinfo.fr\/app\/uploads\/sites\/6\/2024\/07\/202209visite-guidee-ferme-launard-acensement-2-1.jpg","contentUrl":"https:\/\/vosgesinfo.fr\/app\/uploads\/sites\/6\/2024\/07\/202209visite-guidee-ferme-launard-acensement-2-1.jpg","width":1920,"height":1080},{"@type":"BreadcrumbList","@id":"https:\/\/vosgesinfo.fr\/gerardmerinfo\/2022\/09\/ferme-launard-petit-tresor-patrimoine-local-video\/#breadcrumb","itemListElement":[{"@type":"ListItem","position":1,"name":"Home","item":"https:\/\/vosgesinfo.fr\/gerardmerinfo\/"},{"@type":"ListItem","position":2,"name":"La Ferme Launard : un petit tr\u00e9sor du patrimoine local (vid\u00e9o)"}]},{"@type":"WebSite","@id":"https:\/\/vosgesinfo.fr\/gerardmerinfo\/#website","url":"https:\/\/vosgesinfo.fr\/gerardmerinfo\/","name":"Gerardmer Info","description":"Toute l&#039;actualit\u00e9 de G\u00e9rardmer","publisher":{"@id":"https:\/\/vosgesinfo.fr\/gerardmerinfo\/#organization"},"alternateName":"Toute l'actualit\u00e9 de G\u00e9rardmer","potentialAction":[{"@type":"SearchAction","target":{"@type":"EntryPoint","urlTemplate":"https:\/\/vosgesinfo.fr\/gerardmerinfo\/?s={search_term_string}"},"query-input":"required name=search_term_string"}],"inLanguage":"fr-FR"},{"@type":"Organization","@id":"https:\/\/vosgesinfo.fr\/gerardmerinfo\/#organization","name":"Gerardmer Info","url":"https:\/\/vosgesinfo.fr\/gerardmerinfo\/","logo":{"@type":"ImageObject","inLanguage":"fr-FR","@id":"https:\/\/vosgesinfo.fr\/gerardmerinfo\/#\/schema\/logo\/image\/","url":"https:\/\/vosgesinfo.fr\/app\/uploads\/sites\/6\/2023\/08\/favicon-gerardmerinfo.png","contentUrl":"https:\/\/vosgesinfo.fr\/app\/uploads\/sites\/6\/2023\/08\/favicon-gerardmerinfo.png","width":512,"height":512,"caption":"Gerardmer Info"},"image":{"@id":"https:\/\/vosgesinfo.fr\/gerardmerinfo\/#\/schema\/logo\/image\/"},"sameAs":["https:\/\/www.facebook.com\/profile.php?id=100049475262660","https:\/\/x.com\/VosgesInfo88","https:\/\/www.youtube.com\/@vosgesinfo"]},{"@type":"Person","@id":"https:\/\/vosgesinfo.fr\/gerardmerinfo\/#\/schema\/person\/db5605779a843dad16b5368f3e7613a5","name":"QG","image":{"@type":"ImageObject","inLanguage":"fr-FR","@id":"https:\/\/vosgesinfo.fr\/gerardmerinfo\/#\/schema\/person\/image\/","url":"https:\/\/secure.gravatar.com\/avatar\/ea80c42c204b534408512832fde52504ecabb9706bcb6151cf6175e5b64e6793?s=96&d=mm&r=g","contentUrl":"https:\/\/secure.gravatar.com\/avatar\/ea80c42c204b534408512832fde52504ecabb9706bcb6151cf6175e5b64e6793?s=96&d=mm&r=g","caption":"QG"},"url":"https:\/\/vosgesinfo.fr\/gerardmerinfo\/author\/quentin88\/"}]}},"_links":{"self":[{"href":"https:\/\/vosgesinfo.fr\/gerardmerinfo\/wp-json\/wp\/v2\/posts\/61823","targetHints":{"allow":["GET"]}}],"collection":[{"href":"https:\/\/vosgesinfo.fr\/gerardmerinfo\/wp-json\/wp\/v2\/posts"}],"about":[{"href":"https:\/\/vosgesinfo.fr\/gerardmerinfo\/wp-json\/wp\/v2\/types\/post"}],"author":[{"embeddable":true,"href":"https:\/\/vosgesinfo.fr\/gerardmerinfo\/wp-json\/wp\/v2\/users\/42"}],"replies":[{"embeddable":true,"href":"https:\/\/vosgesinfo.fr\/gerardmerinfo\/wp-json\/wp\/v2\/comments?post=61823"}],"version-history":[{"count":0,"href":"https:\/\/vosgesinfo.fr\/gerardmerinfo\/wp-json\/wp\/v2\/posts\/61823\/revisions"}],"wp:featuredmedia":[{"embeddable":true,"href":"https:\/\/vosgesinfo.fr\/gerardmerinfo\/wp-json\/wp\/v2\/media\/61824"}],"wp:attachment":[{"href":"https:\/\/vosgesinfo.fr\/gerardmerinfo\/wp-json\/wp\/v2\/media?parent=61823"}],"wp:term":[{"taxonomy":"category","embeddable":true,"href":"https:\/\/vosgesinfo.fr\/gerardmerinfo\/wp-json\/wp\/v2\/categories?post=61823"},{"taxonomy":"post_tag","embeddable":true,"href":"https:\/\/vosgesinfo.fr\/gerardmerinfo\/wp-json\/wp\/v2\/tags?post=61823"}],"curies":[{"name":"wp","href":"https:\/\/api.w.org\/{rel}","templated":true}]}}